{"id":9992,"date":"2025-05-09T17:06:04","date_gmt":"2025-05-09T15:06:04","guid":{"rendered":"https:\/\/www.castingnews.eu\/magazine\/?p=9992"},"modified":"2025-05-09T17:06:07","modified_gmt":"2025-05-09T15:06:07","slug":"nastri-dargento-2025-m-il-figlio-del-secolo-e-la-serie-dellanno","status":"publish","type":"post","link":"https:\/\/www.castingnews.eu\/magazine\/2025\/05\/09\/nastri-dargento-2025-m-il-figlio-del-secolo-e-la-serie-dellanno\/","title":{"rendered":"Nastri d\u2019Argento 2025: \u201cM. Il figlio del secolo\u201d \u00e8 la Serie dell\u2019Anno"},"content":{"rendered":"\n<p><strong>Roma, 9 maggio \u2013<\/strong> <em>M. Il figlio del secolo<\/em>, con uno straordinario Luca Marinelli nel ruolo di protagonista, \u00e8 stata eletta <strong>&#8220;Serie dell\u2019anno&#8221; 2025<\/strong>. Ad annunciarlo sono i Giornalisti Cinematografici Italiani (SNGCI), che svelano oggi in anteprima i Nastri d\u2019Argento gi\u00e0 assegnati ai protagonisti pi\u00f9 iconici dell\u2019ultima stagione televisiva, insieme alle cinquine finaliste ora in votazione nelle categorie <strong>Commedia, Crime, Drama, Dramedy e Film TV<\/strong>. Scritta da Stefano Bises e Davide Serino, dal best seller Premio Strega di Antonio Scurati, diretta da Joe Wright e prodotta da Sky Studios e da Lorenzo Mieli per The Apartment &#8211; societ\u00e0 del gruppo Fremantle (in collaborazione con Fremantle e Cinecitt\u00e0 S.p.A.)&nbsp;<strong><em>M \u2013 Il figlio del secolo<\/em><\/strong>&nbsp;sar\u00e0 premiata sabato 31 Maggio a Napoli, nella serata conclusiva dei Nastri d\u2019Argento Grandi Serie ancora una volta, in questa quinta edizione, evento dei Giornalisti Cinematografici (SNGCI) con la Film Commission Regione Campania e il sostegno del MiC &#8211; Direzione Generale Cinema e audiovisivo, partner istituzionali SIAE &#8211;&nbsp;Societ\u00e0 Italiana degli Autori ed Editori, Nuovo Imaie, Fondazione Nobis.<\/p><div class=\"6d3639e8c6ac292cde400fad8ff8a5b9\" data-index=\"1\" style=\"float: none; margin:10px 0 10px 0; text-align:center;\">\n<script async src=\"\/\/pagead2.googlesyndication.com\/pagead\/js\/adsbygoogle.js\"><\/script>\r\n<!-- Casting Bambini NEW -->\r\n<ins class=\"adsbygoogle\"\r\n     style=\"display:inline-block;width:336px;height:280px\"\r\n     data-ad-client=\"ca-pub-5538097485429833\"\r\n     data-ad-slot=\"5127154445\"><\/ins>\r\n<script>\r\n(adsbygoogle = window.adsbygoogle || []).push({});\r\n<\/script>\n<\/div>\n\n\n\n\n<p>Gi\u00e0 assegnati i&nbsp;<strong>Nastri d\u2019Argento per<\/strong>&nbsp;<strong>i pi\u00f9 \u2018iconici\u2019 protagonisti dell\u2019anno\u2019<\/strong>&nbsp;che hanno conquistato il grande pubblico: sono&nbsp;<strong>Luca Marinelli<\/strong>&nbsp;per&nbsp;<em>M \u2013 Il figlio del secolo<\/em>,&nbsp;<strong>Kim Rossi Stuart<\/strong>&nbsp;(<em>Il Gattopardo<\/em>),&nbsp;<strong>Alba Rohrwacher<\/strong>&nbsp;(<em>L\u2019amica geniale \u2013 Storia della bambina perduta<\/em>),&nbsp;<strong>Monica Guerritore<\/strong>&nbsp;(<em>Inganno<\/em>) e&nbsp;<strong>Vittoria Schisano<\/strong>&nbsp;(<em>La vita che volevi)<\/em>. A questi cinque Nastri d\u2019Argento si aggiungeranno, come sempre, Premi Speciali e riconoscimenti per il talento pi\u00f9 giovane ma soprattutto i Nastri ai titoli vincitori nelle diverse categorie e le attrici e gli attori pi\u00f9 votati.<\/p>\n\n\n\n<p><strong>Le \u2018cinquine\u2019 finaliste<\/strong><br>Sono in tutto 23 i titoli in gara selezionati che concorrono nelle cinque categorie (Commedia, Crime, Drama, Dramedy e Film Tv) che ormai tradizionalmente sintetizzano la serialit\u00e0 in onda sulle piattaforme Disney+, Netflix, Paramount+, Prime Video, RaiPlay, Sky e sulle reti Rai e Mediaset. Autori, regia, produzioni e crediti sono in dettaglio nell\u2019elenco che segue e in allegato.<br>I titoli in votazione, in ordine alfabetico sono\u00a0nella<em>\u00a0<strong>\u2018<\/strong><\/em><strong>Commedia\u2019:<\/strong><em>\u00a0<strong>Hanno ucciso l\u2019uomo ragno \u2013 La leggendaria storia degli 883<\/strong><\/em>,<em>\u00a0<strong>Imma Tataranni \u2013 Sostituto procuratore<\/strong>\u00a0\u2013 quarta stagione<\/em>,<em>\u00a0<strong>Sconfort Zone<\/strong><\/em>,<em>\u00a0<strong>Vincenzo Malinconico, Avvocato d\u2019insuccesso 2<\/strong><\/em>,<em>\u00a0<strong>Vita da Carlo<\/strong>\u00a0\u2013 terza stagione<\/em>.Nel<em>\u00a0<strong>\u2018<\/strong><\/em><strong>Crime\u2019\u00a0<\/strong>sono in cinquina<strong>\u00a0<em>Acab<\/em><\/strong>,\u00a0<strong><em>Avetrana \u2013 Qui non \u00e8 Hollywood<\/em><\/strong>,<strong>\u00a0<a><em>Dostoevskij<\/em><\/a><\/strong>,\u00a0<strong><em>Stucky<\/em><\/strong>,\u00a0<strong><em>The bad guy\u00a0<\/em><\/strong><em>\u2013 seconda stagione<\/em>.Nel<strong><em>\u00a0\u2018<\/em>Drama\u2019\u00a0<\/strong>in gara<strong>\u00a0<em>Fuochi d\u2019artificio<\/em><\/strong>,\u00a0<strong><em>Il Gattopardo<\/em><\/strong>,<strong>\u00a0<a><em>L\u2019amica geniale \u2013 Storia della bambina perduta<\/em><\/a><\/strong>,<strong>\u00a0<em>L\u2019arte della gioia<\/em>\u00a0<\/strong>e\u00a0<strong><em>Leopardi \u2013 Il poeta dell\u2019infinito<\/em><\/strong>.Per il<strong>\u00a0\u2018Dramedy\u2019\u00a0<\/strong>sono candidati<strong>\u00a0<em>La vita che volevi<\/em><\/strong>,<strong>\u00a0<em>Miss Fallaci<\/em><\/strong>,\u00a0<strong><em>Storia della mia famiglia<\/em><\/strong>,\u00a0<strong><em>Tutto chiede salvezza\u00a0<\/em><\/strong><em>\u2013 stagione 2<\/em>,<strong><em>\u00a0Tutto quello che ho<\/em><\/strong>.Infine sono tre i titoli che concorrono per il miglior\u00a0<strong>\u2018Film Tv\u2019<\/strong>:\u00a0<strong><em>La bambina con la valigia<\/em><\/strong>,<strong><em>\u00a0La farfalla impazzita<\/em><\/strong>,<strong><em>\u00a0Questi fantasmi!<\/em><\/strong>.<\/p>\n\n\n<div class=\"wp-block-image\">\n<figure class=\"aligncenter size-large\"><img loading=\"lazy\" decoding=\"async\" width=\"1024\" height=\"683\" src=\"https:\/\/www.castingnews.eu\/magazine\/wp-content\/uploads\/2025\/05\/M-Il-figlio-del-secolo-serie-tv-1024x683.jpg\" alt=\"\" class=\"wp-image-9995\" srcset=\"https:\/\/www.castingnews.eu\/magazine\/wp-content\/uploads\/2025\/05\/M-Il-figlio-del-secolo-serie-tv-1024x683.jpg 1024w, https:\/\/www.castingnews.eu\/magazine\/wp-content\/uploads\/2025\/05\/M-Il-figlio-del-secolo-serie-tv-300x200.jpg 300w, https:\/\/www.castingnews.eu\/magazine\/wp-content\/uploads\/2025\/05\/M-Il-figlio-del-secolo-serie-tv-768x512.jpg 768w, https:\/\/www.castingnews.eu\/magazine\/wp-content\/uploads\/2025\/05\/M-Il-figlio-del-secolo-serie-tv-630x420.jpg 630w, https:\/\/www.castingnews.eu\/magazine\/wp-content\/uploads\/2025\/05\/M-Il-figlio-del-secolo-serie-tv-696x464.jpg 696w, https:\/\/www.castingnews.eu\/magazine\/wp-content\/uploads\/2025\/05\/M-Il-figlio-del-secolo-serie-tv-1068x713.jpg 1068w, https:\/\/www.castingnews.eu\/magazine\/wp-content\/uploads\/2025\/05\/M-Il-figlio-del-secolo-serie-tv.jpg 1400w\" sizes=\"auto, (max-width: 1024px) 100vw, 1024px\" \/><\/figure>\n<\/div>\n\n\n<p><strong>Attrici e attori finalisti<\/strong><br>Sono in \u2018cinquina\u2019 per il Nastro alla migliore attrice protagonista\u00a0<strong>Tecla Insolia<\/strong><em>\u00a0<\/em>(<em>L\u2019arte della gioia<\/em>),<strong>Irene Maiorino<\/strong>(<em>L\u2019amica geniale \u2013 Storia della bambina perduta<\/em>),<strong>\u00a0Benedetta Porcaroli\u00a0<\/strong>(<em>Il Gattopardo<\/em>),<strong>\u00a0Lunetta Savino\u00a0<\/strong>(<em>Libera<\/em>)e<strong>\u00a0Vanessa Scalera\u00a0<\/strong>(<em>Avetrana \u2013 Qui non \u00e8 Hollywood<\/em>).Tra le non protagoniste concorrono<strong>Valeria Bruni Tedeschi<\/strong>e<strong>Jasmine Trinca<\/strong>(<em>L\u2019arte della gioia<\/em>),<strong><em>Selene Caramazza<\/em><\/strong><a>(<em>The bad guy \u2013 seconda stagione<\/em><\/a>),<strong>Carlotta Gamba<\/strong>(<em>Dostoevskij<\/em>),\u00a0<strong>Maria Paiato<\/strong>(<em>Vita da Carlo \u2013 terza stagione<\/em>)<em>\u00a0e\u00a0<\/em><strong>Anna Rita Vitolo<\/strong>(<em>L\u2019amica geniale \u2013 Storia della bambina perduta<\/em>).<br>Candidati tra gli attori protagonisti\u00a0<strong>Luigi Lo Cascio<\/strong>\u00a0(<em>The bad guy \u2013 seconda stagione<\/em>),<strong>Fabrizio Gifuni<\/strong><em>\u00a0<\/em>(<em>L\u2019amica geniale \u2013 Storia della bambina perduta<\/em>),<strong>Leonardo Maltese<\/strong><a>(<em>Leopardi \u2013 Il poeta dell\u2019infinit<\/em><\/a><em>o<\/em>),<strong>Eduardo Scarpetta<\/strong>(<em>Storia della mia famiglia<\/em>)e<strong>Filippo Timi<\/strong>per<em>\u00a0Dostoevskij.\u00a0<\/em>Per i non protagonisti\u00a0<strong>Paolo Calabresi<\/strong>\u00a0e\u00a0<strong>Francesco Colella\u00a0<\/strong>(<em>Il Gattopardo<\/em>),\u00a0<strong>Guido Caprino\u00a0<\/strong>(<em>L\u2019arte della gioia<\/em>),\u00a0<strong>Antonio Catania<\/strong>\u00a0e\u00a0<strong>Vincenzo Pirrotta<\/strong>\u00a0(<em>The bad guy \u2013 seconda stagione<\/em>),<strong>Gabriel Montesi<\/strong>(<em>Dostoevskij<\/em>)e<strong>Fausto Russo Alesi<\/strong>(<em>Leopardi \u2013 Il poeta dell\u2019infinito<\/em>).<\/p>\n\n\n\n<p><strong>A Napoli con la Film Commission Regione Campania<\/strong><br>I Nastri Grandi Serie sono un evento dei Giornalisti Cinematografici Italiani realizzato<strong>\u00a0<\/strong>con il sostegno del MiC &#8211; Direzione Generale Cinema e audiovisivo in collaborazione con<strong>\u00a0<\/strong>la<strong>\u00a0Film Commission Regione Campania,\u00a0<\/strong>\u201cun appuntamento sempre pi\u00f9 atteso dal mondo della serialit\u00e0 che nei Nastri d\u2019Argento Grandi Serie\u201d \u2013 sottolinea a nome del Direttivo Nazionale Laura Delli Colli, Presidente \u2013 \u201channo trovato per la prima volta, ormai gi\u00e0 cinque anni fa, un\u2019occasione unica di visibilit\u00e0. La serialit\u00e0 sempre di pi\u00f9 esprime una declinazione importante del cinema e negli ultimi anni le grandi produzioni hanno dimostrato che sono in grado di conquistare nuovi spettatori e mercati internazionali. Anche per questo abbiamo accolto l\u2019invito di consegnare un Nastro d\u2019Argento speciale dedicato al valore della serialit\u00e0 internazionale &#8211; che annunceremo presto &#8211; sul palcoscenico del nuovo \u2018Italian Global Series Festival\u2019 in arrivo a Rimini e Riccione alla fine di Giugno\u201d.<br>\u201cSiamo lieti di collaborare ancora una volta con il Sindacato Giornalisti Cinematografici alla realizzazione di questo prestigioso evento\u201d\u00a0\u2013 dichiara Titta Fiore, Presidente della Film Commission Regione Campania.\u00a0\u201cIn vent&#8217;anni di attivit\u00e0 la Film Commission ha affiancato e sostenuto un numero sempre crescente di produzioni che hanno contribuito a fare del nostro territorio una delle capitali dell&#8217;audiovisivo italiano.\u00a0Napoli e la Campania si confermano protagoniste dell&#8217;immaginario grazie al lavoro dei tanti talenti, alla bellezza dei luoghi, al fermento creativo che continua a dare vita ad alcuni fra i maggiori successi della grande serialit\u00e0 delle ultime stagioni. Le grandi serie realizzate in Campania testimoniano che la domanda di contenuti fortemente identitari si \u00e8 andata efficacemente saldando con l\u2019azione della nostra Film Commission e della Regione Campania che mette l\u2019audiovisivo e l\u2019innovazione digitale al centro delle politiche regionali di sviluppo, promozione culturale,\u00a0 turistica e occupazionale.\u00a0In questa edizione, tra\u00a0titoli consolidati e nuovi progetti, avremo il piacere di festeggiare, con i Nastri d&#8217;argento Grandi Serie, anche un importante compleanno\u201d.<\/p>\n\n\n\n<p><strong>I partner e gli sponsor dell\u2019edizione 2025<\/strong><br>Con il\u00a0<strong>MiC &#8211; Direzione Generale Cinema e Audiovisivo<\/strong>\u00a0e\u00a0<strong>SIAE\u00a0&#8211;\u00a0Societ\u00e0 Italiana degli Autori ed Editori<\/strong>, sono partner istituzionali della manifestazione\u00a0<strong>Nuovo Imaie<\/strong>\u00a0e\u00a0<strong>Fondazione Nobis<\/strong>.<br>Sponsor ufficiali:\u00a0<strong>Italo Treno<\/strong>,\u00a0<strong>GE-Gruppo Eventi<\/strong>,\u00a0<strong>Hamilton<\/strong>,\u00a0<strong>Cotril<\/strong>,\u00a0<strong>Campo Marzio<\/strong>\u00a0e\u00a0<strong>Benedetta Riccio service make up<\/strong>. Grazie all\u2019orafo\u00a0<strong>Michele Affidato<\/strong>\u00a0per la realizzazione esclusiva dei Nastri Serie. Partner tecnici:\u00a0<strong>Brivido&amp;Sganascia<\/strong>,\u00a0<strong>SuMa Events<\/strong>,\u00a0<strong>IVDR<\/strong>.<br>I Nastri d\u2019Argento sostengono anche quest\u2019anno la campagna<strong>\u00a0Cinema Revolution<\/strong>.<\/p>\n\n\n\n<p><strong>La selezione<\/strong><br>I titoli candidati sono stati selezionati tra le Serie andate in onda su reti e piattaforme dal 1\u00b0 Giugno 2024 al 31 Maggio 2025.<br>La selezione \u00e8 a cura del Direttivo Nazionale dei Giornalisti Cinematografici Italiani: Laura Delli Colli (Presidente), Fulvia Caprara (Vicepresidente), Oscar Cosulich, Maurizio di Rienzo, Susanna Rotunno, Paolo Sommaruga, Stefania Ulivi, (Romano Milani Segretario Generale).<\/p>\n\n\n\n<p><strong>Nastri d&#8217;Argento Grandi Serie 2025: Tutte le candidature \u2013 <a href=\"https:\/\/www.castingnews.eu\/magazine\/wp-content\/uploads\/2025\/05\/Nastri-dArgento-Grandi-Serie-2025_Le-candidature.pdf\">Scarica PDF<\/a><\/strong><\/p>\n\n\n\n<p>Iscriviti alla\u00a0<strong><a href=\"https:\/\/www.castingnewsletter.eu\/CastingNewsPro\/\" target=\"_blank\" rel=\"noreferrer noopener\">newsletter giornaliera<\/a><\/strong>\u00a0di Casting News Professional per ricevere le ultime notizie sui casting aperti, provini e audizioni<\/p>\n\n<div style=\"font-size: 0px; height: 0px; line-height: 0px; margin: 0; padding: 0; clear: both;\"><\/div>","protected":false},"excerpt":{"rendered":"<p>Roma, 9 maggio \u2013 M. Il figlio del secolo, con uno straordinario Luca Marinelli nel ruolo di protagonista, \u00e8 stata eletta &#8220;Serie dell\u2019anno&#8221; 2025. Ad annunciarlo sono i Giornalisti Cinematografici Italiani (SNGCI), che svelano oggi in anteprima i Nastri d\u2019Argento gi\u00e0 assegnati ai protagonisti pi\u00f9 iconici dell\u2019ultima stagione televisiva, insieme alle cinquine finaliste ora in [&hellip;]<\/p>\n","protected":false},"author":1,"featured_media":9993,"comment_status":"open","ping_status":"open","sticky":false,"template":"","format":"standard","meta":{"tdm_status":"","tdm_grid_status":"","footnotes":""},"categories":[1533,71,3470,21],"tags":[3671,272,273,7415,6876,3039,7411,3672,818,7412,7159,7414,7413,4869,3670,6076,2836],"class_list":{"0":"post-9992","1":"post","2":"type-post","3":"status-publish","4":"format-standard","5":"has-post-thumbnail","7":"category-featured","8":"category-italia-paese","9":"category-premiazioni","10":"category-in-primo-piano","11":"tag-antonio-scurati","12":"tag-casting-magazine","13":"tag-casting-news","14":"tag-drama-storico","15":"tag-fiction-italiana","16":"tag-film-commission","17":"tag-grandi-serie","18":"tag-joe-wright","19":"tag-luca-marinelli","20":"tag-m-il-figlio-del-secolo-2","21":"tag-nastri-dargento-2025","22":"tag-premi-televisivi","23":"tag-serialita-italiana","24":"tag-serie-dellanno","25":"tag-sky-studios","26":"tag-sngci","27":"tag-the-apartment"},"yoast_head":"<!-- This site is optimized with the Yoast SEO plugin v27.4 - https:\/\/yoast.com\/product\/yoast-seo-wordpress\/ -->\r\n<title>Nastri d\u2019Argento 2025: \u201cM. Il figlio del secolo\u201d \u00e8 la Serie dell\u2019Anno - Casting News Magazine<\/title>\r\n<meta name=\"description\" content=\"M. Il figlio del secolo, con Luca Marinelli, \u00e8 la Serie dell\u2019anno 2025 ai Nastri d\u2019Argento Grandi Serie. La premiazione si terr\u00e0 il 31 maggio.\" \/>\r\n<meta name=\"robots\" content=\"index, follow, max-snippet:-1, max-image-preview:large, max-video-preview:-1\" \/>\r\n<link rel=\"canonical\" href=\"https:\/\/www.castingnews.eu\/magazine\/2025\/05\/09\/nastri-dargento-2025-m-il-figlio-del-secolo-e-la-serie-dellanno\/\" \/>\r\n<meta property=\"og:locale\" content=\"it_IT\" \/>\r\n<meta property=\"og:type\" content=\"article\" \/>\r\n<meta property=\"og:title\" content=\"Nastri d\u2019Argento 2025: \u201cM. Il figlio del secolo\u201d \u00e8 la Serie dell\u2019Anno - Casting News Magazine\" \/>\r\n<meta property=\"og:description\" content=\"M. Il figlio del secolo, con Luca Marinelli, \u00e8 la Serie dell\u2019anno 2025 ai Nastri d\u2019Argento Grandi Serie. La premiazione si terr\u00e0 il 31 maggio.\" \/>\r\n<meta property=\"og:url\" content=\"https:\/\/www.castingnews.eu\/magazine\/2025\/05\/09\/nastri-dargento-2025-m-il-figlio-del-secolo-e-la-serie-dellanno\/\" \/>\r\n<meta property=\"og:site_name\" content=\"Casting News Magazine\" \/>\r\n<meta property=\"article:published_time\" content=\"2025-05-09T15:06:04+00:00\" \/>\r\n<meta property=\"article:modified_time\" content=\"2025-05-09T15:06:07+00:00\" \/>\r\n<meta property=\"og:image\" content=\"https:\/\/www.castingnews.eu\/magazine\/wp-content\/uploads\/2025\/05\/M-Il-figlio-del-secolo.jpg\" \/>\r\n\t<meta property=\"og:image:width\" content=\"1400\" \/>\r\n\t<meta property=\"og:image:height\" content=\"934\" \/>\r\n\t<meta property=\"og:image:type\" content=\"image\/jpeg\" \/>\r\n<meta name=\"author\" content=\"Redazione\" \/>\r\n<meta name=\"twitter:card\" content=\"summary_large_image\" \/>\r\n<meta name=\"twitter:label1\" content=\"Scritto da\" \/>\n\t<meta name=\"twitter:data1\" content=\"Redazione\" \/>\n\t<meta name=\"twitter:label2\" content=\"Tempo di lettura stimato\" \/>\n\t<meta name=\"twitter:data2\" content=\"7 minuti\" \/>\r\n<script type=\"application\/ld+json\" class=\"yoast-schema-graph\">{\"@context\":\"https:\\\/\\\/schema.org\",\"@graph\":[{\"@type\":\"Article\",\"@id\":\"https:\\\/\\\/www.castingnews.eu\\\/magazine\\\/2025\\\/05\\\/09\\\/nastri-dargento-2025-m-il-figlio-del-secolo-e-la-serie-dellanno\\\/#article\",\"isPartOf\":{\"@id\":\"https:\\\/\\\/www.castingnews.eu\\\/magazine\\\/2025\\\/05\\\/09\\\/nastri-dargento-2025-m-il-figlio-del-secolo-e-la-serie-dellanno\\\/\"},\"author\":{\"name\":\"Redazione\",\"@id\":\"https:\\\/\\\/www.castingnews.eu\\\/magazine\\\/#\\\/schema\\\/person\\\/099d71c568c9a7e5e4037b1594108f17\"},\"headline\":\"Nastri d\u2019Argento 2025: \u201cM. Il figlio del secolo\u201d \u00e8 la Serie dell\u2019Anno\",\"datePublished\":\"2025-05-09T15:06:04+00:00\",\"dateModified\":\"2025-05-09T15:06:07+00:00\",\"mainEntityOfPage\":{\"@id\":\"https:\\\/\\\/www.castingnews.eu\\\/magazine\\\/2025\\\/05\\\/09\\\/nastri-dargento-2025-m-il-figlio-del-secolo-e-la-serie-dellanno\\\/\"},\"wordCount\":1130,\"commentCount\":0,\"image\":{\"@id\":\"https:\\\/\\\/www.castingnews.eu\\\/magazine\\\/2025\\\/05\\\/09\\\/nastri-dargento-2025-m-il-figlio-del-secolo-e-la-serie-dellanno\\\/#primaryimage\"},\"thumbnailUrl\":\"https:\\\/\\\/www.castingnews.eu\\\/magazine\\\/wp-content\\\/uploads\\\/2025\\\/05\\\/M-Il-figlio-del-secolo.jpg\",\"keywords\":[\"Antonio Scurati\",\"Casting Magazine\",\"Casting News\",\"drama storico\",\"fiction italiana\",\"Film Commission\",\"Grandi Serie\",\"Joe Wright\",\"Luca Marinelli\",\"M Il figlio del secolo\",\"Nastri d\u2019Argento 2025\",\"premi televisivi\",\"serialit\u00e0 italiana\",\"Serie dell\u2019anno\",\"Sky Studios\",\"SNGCI\",\"The Apartment\"],\"articleSection\":[\"In primo piano\",\"Italia\",\"Premiazioni\",\"Primo piano\"],\"inLanguage\":\"it-IT\",\"potentialAction\":[{\"@type\":\"CommentAction\",\"name\":\"Comment\",\"target\":[\"https:\\\/\\\/www.castingnews.eu\\\/magazine\\\/2025\\\/05\\\/09\\\/nastri-dargento-2025-m-il-figlio-del-secolo-e-la-serie-dellanno\\\/#respond\"]}]},{\"@type\":\"WebPage\",\"@id\":\"https:\\\/\\\/www.castingnews.eu\\\/magazine\\\/2025\\\/05\\\/09\\\/nastri-dargento-2025-m-il-figlio-del-secolo-e-la-serie-dellanno\\\/\",\"url\":\"https:\\\/\\\/www.castingnews.eu\\\/magazine\\\/2025\\\/05\\\/09\\\/nastri-dargento-2025-m-il-figlio-del-secolo-e-la-serie-dellanno\\\/\",\"name\":\"Nastri d\u2019Argento 2025: \u201cM. Il figlio del secolo\u201d \u00e8 la Serie dell\u2019Anno - Casting News Magazine\",\"isPartOf\":{\"@id\":\"https:\\\/\\\/www.castingnews.eu\\\/magazine\\\/#website\"},\"primaryImageOfPage\":{\"@id\":\"https:\\\/\\\/www.castingnews.eu\\\/magazine\\\/2025\\\/05\\\/09\\\/nastri-dargento-2025-m-il-figlio-del-secolo-e-la-serie-dellanno\\\/#primaryimage\"},\"image\":{\"@id\":\"https:\\\/\\\/www.castingnews.eu\\\/magazine\\\/2025\\\/05\\\/09\\\/nastri-dargento-2025-m-il-figlio-del-secolo-e-la-serie-dellanno\\\/#primaryimage\"},\"thumbnailUrl\":\"https:\\\/\\\/www.castingnews.eu\\\/magazine\\\/wp-content\\\/uploads\\\/2025\\\/05\\\/M-Il-figlio-del-secolo.jpg\",\"datePublished\":\"2025-05-09T15:06:04+00:00\",\"dateModified\":\"2025-05-09T15:06:07+00:00\",\"author\":{\"@id\":\"https:\\\/\\\/www.castingnews.eu\\\/magazine\\\/#\\\/schema\\\/person\\\/099d71c568c9a7e5e4037b1594108f17\"},\"description\":\"M. Il figlio del secolo, con Luca Marinelli, \u00e8 la Serie dell\u2019anno 2025 ai Nastri d\u2019Argento Grandi Serie. La premiazione si terr\u00e0 il 31 maggio.\",\"breadcrumb\":{\"@id\":\"https:\\\/\\\/www.castingnews.eu\\\/magazine\\\/2025\\\/05\\\/09\\\/nastri-dargento-2025-m-il-figlio-del-secolo-e-la-serie-dellanno\\\/#breadcrumb\"},\"inLanguage\":\"it-IT\",\"potentialAction\":[{\"@type\":\"ReadAction\",\"target\":[\"https:\\\/\\\/www.castingnews.eu\\\/magazine\\\/2025\\\/05\\\/09\\\/nastri-dargento-2025-m-il-figlio-del-secolo-e-la-serie-dellanno\\\/\"]}]},{\"@type\":\"ImageObject\",\"inLanguage\":\"it-IT\",\"@id\":\"https:\\\/\\\/www.castingnews.eu\\\/magazine\\\/2025\\\/05\\\/09\\\/nastri-dargento-2025-m-il-figlio-del-secolo-e-la-serie-dellanno\\\/#primaryimage\",\"url\":\"https:\\\/\\\/www.castingnews.eu\\\/magazine\\\/wp-content\\\/uploads\\\/2025\\\/05\\\/M-Il-figlio-del-secolo.jpg\",\"contentUrl\":\"https:\\\/\\\/www.castingnews.eu\\\/magazine\\\/wp-content\\\/uploads\\\/2025\\\/05\\\/M-Il-figlio-del-secolo.jpg\",\"width\":1400,\"height\":934,\"caption\":\"M. Il figlio del secolo con Luca Marinelli\"},{\"@type\":\"BreadcrumbList\",\"@id\":\"https:\\\/\\\/www.castingnews.eu\\\/magazine\\\/2025\\\/05\\\/09\\\/nastri-dargento-2025-m-il-figlio-del-secolo-e-la-serie-dellanno\\\/#breadcrumb\",\"itemListElement\":[{\"@type\":\"ListItem\",\"position\":1,\"name\":\"Home\",\"item\":\"https:\\\/\\\/www.castingnews.eu\\\/magazine\\\/\"},{\"@type\":\"ListItem\",\"position\":2,\"name\":\"Nastri d\u2019Argento 2025: \u201cM. Il figlio del secolo\u201d \u00e8 la Serie dell\u2019Anno\"}]},{\"@type\":\"WebSite\",\"@id\":\"https:\\\/\\\/www.castingnews.eu\\\/magazine\\\/#website\",\"url\":\"https:\\\/\\\/www.castingnews.eu\\\/magazine\\\/\",\"name\":\"Casting News Magazine\",\"description\":\"News e aggiornamenti sui film, serie tv, teatro e festival italiani ed internazionali\",\"potentialAction\":[{\"@type\":\"SearchAction\",\"target\":{\"@type\":\"EntryPoint\",\"urlTemplate\":\"https:\\\/\\\/www.castingnews.eu\\\/magazine\\\/?s={search_term_string}\"},\"query-input\":{\"@type\":\"PropertyValueSpecification\",\"valueRequired\":true,\"valueName\":\"search_term_string\"}}],\"inLanguage\":\"it-IT\"},{\"@type\":\"Person\",\"@id\":\"https:\\\/\\\/www.castingnews.eu\\\/magazine\\\/#\\\/schema\\\/person\\\/099d71c568c9a7e5e4037b1594108f17\",\"name\":\"Redazione\",\"image\":{\"@type\":\"ImageObject\",\"inLanguage\":\"it-IT\",\"@id\":\"https:\\\/\\\/secure.gravatar.com\\\/avatar\\\/b73a087aa3bd279fb70d24f1960a91c82cf67619395b60b564c90e9e5d5325fc?s=96&d=mm&r=g\",\"url\":\"https:\\\/\\\/secure.gravatar.com\\\/avatar\\\/b73a087aa3bd279fb70d24f1960a91c82cf67619395b60b564c90e9e5d5325fc?s=96&d=mm&r=g\",\"contentUrl\":\"https:\\\/\\\/secure.gravatar.com\\\/avatar\\\/b73a087aa3bd279fb70d24f1960a91c82cf67619395b60b564c90e9e5d5325fc?s=96&d=mm&r=g\",\"caption\":\"Redazione\"},\"description\":\"News e aggiornamenti sui film, serie tv, teatro e festival italiani ed internazionali.\",\"url\":\"https:\\\/\\\/www.castingnews.eu\\\/magazine\\\/author\\\/redazione\\\/\"}]}<\/script>\r\n<!-- \/ Yoast SEO plugin. -->","yoast_head_json":{"title":"Nastri d\u2019Argento 2025: \u201cM. Il figlio del secolo\u201d \u00e8 la Serie dell\u2019Anno - Casting News Magazine","description":"M. Il figlio del secolo, con Luca Marinelli, \u00e8 la Serie dell\u2019anno 2025 ai Nastri d\u2019Argento Grandi Serie. La premiazione si terr\u00e0 il 31 maggio.","robots":{"index":"index","follow":"follow","max-snippet":"max-snippet:-1","max-image-preview":"max-image-preview:large","max-video-preview":"max-video-preview:-1"},"canonical":"https:\/\/www.castingnews.eu\/magazine\/2025\/05\/09\/nastri-dargento-2025-m-il-figlio-del-secolo-e-la-serie-dellanno\/","og_locale":"it_IT","og_type":"article","og_title":"Nastri d\u2019Argento 2025: \u201cM. Il figlio del secolo\u201d \u00e8 la Serie dell\u2019Anno - Casting News Magazine","og_description":"M. Il figlio del secolo, con Luca Marinelli, \u00e8 la Serie dell\u2019anno 2025 ai Nastri d\u2019Argento Grandi Serie. La premiazione si terr\u00e0 il 31 maggio.","og_url":"https:\/\/www.castingnews.eu\/magazine\/2025\/05\/09\/nastri-dargento-2025-m-il-figlio-del-secolo-e-la-serie-dellanno\/","og_site_name":"Casting News Magazine","article_published_time":"2025-05-09T15:06:04+00:00","article_modified_time":"2025-05-09T15:06:07+00:00","og_image":[{"width":1400,"height":934,"url":"https:\/\/www.castingnews.eu\/magazine\/wp-content\/uploads\/2025\/05\/M-Il-figlio-del-secolo.jpg","type":"image\/jpeg"}],"author":"Redazione","twitter_card":"summary_large_image","twitter_misc":{"Scritto da":"Redazione","Tempo di lettura stimato":"7 minuti"},"schema":{"@context":"https:\/\/schema.org","@graph":[{"@type":"Article","@id":"https:\/\/www.castingnews.eu\/magazine\/2025\/05\/09\/nastri-dargento-2025-m-il-figlio-del-secolo-e-la-serie-dellanno\/#article","isPartOf":{"@id":"https:\/\/www.castingnews.eu\/magazine\/2025\/05\/09\/nastri-dargento-2025-m-il-figlio-del-secolo-e-la-serie-dellanno\/"},"author":{"name":"Redazione","@id":"https:\/\/www.castingnews.eu\/magazine\/#\/schema\/person\/099d71c568c9a7e5e4037b1594108f17"},"headline":"Nastri d\u2019Argento 2025: \u201cM. Il figlio del secolo\u201d \u00e8 la Serie dell\u2019Anno","datePublished":"2025-05-09T15:06:04+00:00","dateModified":"2025-05-09T15:06:07+00:00","mainEntityOfPage":{"@id":"https:\/\/www.castingnews.eu\/magazine\/2025\/05\/09\/nastri-dargento-2025-m-il-figlio-del-secolo-e-la-serie-dellanno\/"},"wordCount":1130,"commentCount":0,"image":{"@id":"https:\/\/www.castingnews.eu\/magazine\/2025\/05\/09\/nastri-dargento-2025-m-il-figlio-del-secolo-e-la-serie-dellanno\/#primaryimage"},"thumbnailUrl":"https:\/\/www.castingnews.eu\/magazine\/wp-content\/uploads\/2025\/05\/M-Il-figlio-del-secolo.jpg","keywords":["Antonio Scurati","Casting Magazine","Casting News","drama storico","fiction italiana","Film Commission","Grandi Serie","Joe Wright","Luca Marinelli","M Il figlio del secolo","Nastri d\u2019Argento 2025","premi televisivi","serialit\u00e0 italiana","Serie dell\u2019anno","Sky Studios","SNGCI","The Apartment"],"articleSection":["In primo piano","Italia","Premiazioni","Primo piano"],"inLanguage":"it-IT","potentialAction":[{"@type":"CommentAction","name":"Comment","target":["https:\/\/www.castingnews.eu\/magazine\/2025\/05\/09\/nastri-dargento-2025-m-il-figlio-del-secolo-e-la-serie-dellanno\/#respond"]}]},{"@type":"WebPage","@id":"https:\/\/www.castingnews.eu\/magazine\/2025\/05\/09\/nastri-dargento-2025-m-il-figlio-del-secolo-e-la-serie-dellanno\/","url":"https:\/\/www.castingnews.eu\/magazine\/2025\/05\/09\/nastri-dargento-2025-m-il-figlio-del-secolo-e-la-serie-dellanno\/","name":"Nastri d\u2019Argento 2025: \u201cM. Il figlio del secolo\u201d \u00e8 la Serie dell\u2019Anno - Casting News Magazine","isPartOf":{"@id":"https:\/\/www.castingnews.eu\/magazine\/#website"},"primaryImageOfPage":{"@id":"https:\/\/www.castingnews.eu\/magazine\/2025\/05\/09\/nastri-dargento-2025-m-il-figlio-del-secolo-e-la-serie-dellanno\/#primaryimage"},"image":{"@id":"https:\/\/www.castingnews.eu\/magazine\/2025\/05\/09\/nastri-dargento-2025-m-il-figlio-del-secolo-e-la-serie-dellanno\/#primaryimage"},"thumbnailUrl":"https:\/\/www.castingnews.eu\/magazine\/wp-content\/uploads\/2025\/05\/M-Il-figlio-del-secolo.jpg","datePublished":"2025-05-09T15:06:04+00:00","dateModified":"2025-05-09T15:06:07+00:00","author":{"@id":"https:\/\/www.castingnews.eu\/magazine\/#\/schema\/person\/099d71c568c9a7e5e4037b1594108f17"},"description":"M. Il figlio del secolo, con Luca Marinelli, \u00e8 la Serie dell\u2019anno 2025 ai Nastri d\u2019Argento Grandi Serie. La premiazione si terr\u00e0 il 31 maggio.","breadcrumb":{"@id":"https:\/\/www.castingnews.eu\/magazine\/2025\/05\/09\/nastri-dargento-2025-m-il-figlio-del-secolo-e-la-serie-dellanno\/#breadcrumb"},"inLanguage":"it-IT","potentialAction":[{"@type":"ReadAction","target":["https:\/\/www.castingnews.eu\/magazine\/2025\/05\/09\/nastri-dargento-2025-m-il-figlio-del-secolo-e-la-serie-dellanno\/"]}]},{"@type":"ImageObject","inLanguage":"it-IT","@id":"https:\/\/www.castingnews.eu\/magazine\/2025\/05\/09\/nastri-dargento-2025-m-il-figlio-del-secolo-e-la-serie-dellanno\/#primaryimage","url":"https:\/\/www.castingnews.eu\/magazine\/wp-content\/uploads\/2025\/05\/M-Il-figlio-del-secolo.jpg","contentUrl":"https:\/\/www.castingnews.eu\/magazine\/wp-content\/uploads\/2025\/05\/M-Il-figlio-del-secolo.jpg","width":1400,"height":934,"caption":"M. Il figlio del secolo con Luca Marinelli"},{"@type":"BreadcrumbList","@id":"https:\/\/www.castingnews.eu\/magazine\/2025\/05\/09\/nastri-dargento-2025-m-il-figlio-del-secolo-e-la-serie-dellanno\/#breadcrumb","itemListElement":[{"@type":"ListItem","position":1,"name":"Home","item":"https:\/\/www.castingnews.eu\/magazine\/"},{"@type":"ListItem","position":2,"name":"Nastri d\u2019Argento 2025: \u201cM. Il figlio del secolo\u201d \u00e8 la Serie dell\u2019Anno"}]},{"@type":"WebSite","@id":"https:\/\/www.castingnews.eu\/magazine\/#website","url":"https:\/\/www.castingnews.eu\/magazine\/","name":"Casting News Magazine","description":"News e aggiornamenti sui film, serie tv, teatro e festival italiani ed internazionali","potentialAction":[{"@type":"SearchAction","target":{"@type":"EntryPoint","urlTemplate":"https:\/\/www.castingnews.eu\/magazine\/?s={search_term_string}"},"query-input":{"@type":"PropertyValueSpecification","valueRequired":true,"valueName":"search_term_string"}}],"inLanguage":"it-IT"},{"@type":"Person","@id":"https:\/\/www.castingnews.eu\/magazine\/#\/schema\/person\/099d71c568c9a7e5e4037b1594108f17","name":"Redazione","image":{"@type":"ImageObject","inLanguage":"it-IT","@id":"https:\/\/secure.gravatar.com\/avatar\/b73a087aa3bd279fb70d24f1960a91c82cf67619395b60b564c90e9e5d5325fc?s=96&d=mm&r=g","url":"https:\/\/secure.gravatar.com\/avatar\/b73a087aa3bd279fb70d24f1960a91c82cf67619395b60b564c90e9e5d5325fc?s=96&d=mm&r=g","contentUrl":"https:\/\/secure.gravatar.com\/avatar\/b73a087aa3bd279fb70d24f1960a91c82cf67619395b60b564c90e9e5d5325fc?s=96&d=mm&r=g","caption":"Redazione"},"description":"News e aggiornamenti sui film, serie tv, teatro e festival italiani ed internazionali.","url":"https:\/\/www.castingnews.eu\/magazine\/author\/redazione\/"}]}},"_links":{"self":[{"href":"https:\/\/www.castingnews.eu\/magazine\/wp-json\/wp\/v2\/posts\/9992","targetHints":{"allow":["GET"]}}],"collection":[{"href":"https:\/\/www.castingnews.eu\/magazine\/wp-json\/wp\/v2\/posts"}],"about":[{"href":"https:\/\/www.castingnews.eu\/magazine\/wp-json\/wp\/v2\/types\/post"}],"author":[{"embeddable":true,"href":"https:\/\/www.castingnews.eu\/magazine\/wp-json\/wp\/v2\/users\/1"}],"replies":[{"embeddable":true,"href":"https:\/\/www.castingnews.eu\/magazine\/wp-json\/wp\/v2\/comments?post=9992"}],"version-history":[{"count":1,"href":"https:\/\/www.castingnews.eu\/magazine\/wp-json\/wp\/v2\/posts\/9992\/revisions"}],"predecessor-version":[{"id":9996,"href":"https:\/\/www.castingnews.eu\/magazine\/wp-json\/wp\/v2\/posts\/9992\/revisions\/9996"}],"wp:featuredmedia":[{"embeddable":true,"href":"https:\/\/www.castingnews.eu\/magazine\/wp-json\/wp\/v2\/media\/9993"}],"wp:attachment":[{"href":"https:\/\/www.castingnews.eu\/magazine\/wp-json\/wp\/v2\/media?parent=9992"}],"wp:term":[{"taxonomy":"category","embeddable":true,"href":"https:\/\/www.castingnews.eu\/magazine\/wp-json\/wp\/v2\/categories?post=9992"},{"taxonomy":"post_tag","embeddable":true,"href":"https:\/\/www.castingnews.eu\/magazine\/wp-json\/wp\/v2\/tags?post=9992"}],"curies":[{"name":"wp","href":"https:\/\/api.w.org\/{rel}","templated":true}]}}