{"id":9978,"date":"2025-05-08T16:55:39","date_gmt":"2025-05-08T14:55:39","guid":{"rendered":"https:\/\/www.castingnews.eu\/magazine\/?p=9978"},"modified":"2025-05-08T17:05:44","modified_gmt":"2025-05-08T15:05:44","slug":"svelato-il-trailer-di-warfare-tempo-di-guerra-dal-21-agosto-al-cinema","status":"publish","type":"post","link":"https:\/\/www.castingnews.eu\/magazine\/2025\/05\/08\/svelato-il-trailer-di-warfare-tempo-di-guerra-dal-21-agosto-al-cinema\/","title":{"rendered":"Svelato il trailer di \u201cWarfare &#8211; Tempo di guerra\u201d, dal 21 agosto al cinema"},"content":{"rendered":"\n<p>I Wonder Pictures lancia trailer e poster ufficiali italiani di <em>Warfare \u2013 Tempo di guerra<\/em>, il nuovo film di Alex Garland e Ray Mendoza<br>Dopo il successo di Civil War, Alex Garland firma con Ray Mendoza il nuovo Warfare \u2013 Tempo di guerra, un\u2019opera che promette di ridefinire i confini del war movie contemporaneo. Il film arriver\u00e0 nelle sale italiane il 21 agosto 2025, distribuito da I Wonder Pictures, che oggi ne ha svelato in anteprima il trailer e il poster ufficiali per il mercato italiano.<\/p><div class=\"6d3639e8c6ac292cde400fad8ff8a5b9\" data-index=\"1\" style=\"float: none; margin:10px 0 10px 0; text-align:center;\">\n<script async src=\"\/\/pagead2.googlesyndication.com\/pagead\/js\/adsbygoogle.js\"><\/script>\r\n<!-- Casting Bambini NEW -->\r\n<ins class=\"adsbygoogle\"\r\n     style=\"display:inline-block;width:336px;height:280px\"\r\n     data-ad-client=\"ca-pub-5538097485429833\"\r\n     data-ad-slot=\"5127154445\"><\/ins>\r\n<script>\r\n(adsbygoogle = window.adsbygoogle || []).push({});\r\n<\/script>\n<\/div>\n\n\n\n\n<p>Ispirato a una storia vera, <em>Warfare \u2013 Tempo di guerra<\/em> \u00e8 pi\u00f9 di un film: \u00e8 un&#8217;esperienza cinematografica immersiva e viscerale, capace di trascinare lo spettatore nel cuore di una missione ad altissimo rischio condotta nel 2006 a Ramadi, in Iraq, da un&#8217;unit\u00e0 di Navy SEAL. Tra i protagonisti reali di quella missione c\u2019era lo stesso Ray Mendoza, che firma la regia e la sceneggiatura del film insieme a Garland, offrendo cos\u00ec un punto di vista interno e autentico sul conflitto.<\/p>\n\n\n\n<p>Il film, prodotto da A24, punta su una narrazione cruda e coinvolgente, priva di compromessi, che restituisce la brutalit\u00e0 e la tensione dei combattimenti moderni con una lucidit\u00e0 sorprendente. Lontano dalla retorica bellica, <em>Warfare<\/em> si configura come un dramma d\u2019azione che intreccia realismo documentaristico e potenza visiva, offrendo una riflessione profonda sul costo umano della guerra.<\/p>\n\n\n\n<figure class=\"wp-block-embed is-type-video is-provider-youtube wp-block-embed-youtube wp-embed-aspect-16-9 wp-has-aspect-ratio\"><div class=\"wp-block-embed__wrapper\">\n<div class=\"youtube-embed\" data-video_id=\"3PlBtM658wY\"><iframe loading=\"lazy\" title=\"WARFARE - TEMPO DI GUERRA | Trailer italiano ufficiale HD\" width=\"696\" height=\"392\" src=\"https:\/\/www.youtube.com\/embed\/3PlBtM658wY?feature=oembed&#038;enablejsapi=1\" frameborder=\"0\" allow=\"accelerometer; autoplay; clipboard-write; encrypted-media; gyroscope; picture-in-picture; web-share\" referrerpolicy=\"strict-origin-when-cross-origin\" allowfullscreen><\/iframe><\/div>\n<\/div><\/figure>\n\n\n\n<p>A rafforzare ulteriormente l\u2019impatto emotivo del film \u00e8 un cast corale che riunisce alcune delle giovani promesse pi\u00f9 brillanti del panorama hollywoodiano. Tra questi spiccano Joseph Quinn (<em>Stranger Things<\/em>, <em>Il Gladiatore 2<\/em>), Kit Connor (<em>Rocketman<\/em>, <em>Heartstopper<\/em>), Will Poulter (<em>The Revenant<\/em>, <em>Midsommar<\/em>), Cosmo Jarvis (<em>Lady Macbeth<\/em>, <em>Sh\u014dgun<\/em>), Charles Melton (<em>May December<\/em>, <em>Riverdale<\/em>), Michael Gandolfini (<em>I molti santi del New Jersey<\/em>, <em>Bob Marley \u2013 One Love<\/em>), D\u2019Pharaoh Woon-A-Tai (<em>Reservation Dogs<\/em>), e Finn Bennett (<em>True Detective<\/em>).<\/p>\n\n\n\n<p>La sinergia tra Garland \u2013 gi\u00e0 candidato all\u2019Oscar per <em>Ex Machina<\/em> \u2013 e Mendoza, consulente militare in titoli di alto profilo come <em>Lone Survivor<\/em> e <em>Jurassic World<\/em>, promette una regia tecnicamente impeccabile e fortemente ancorata alla realt\u00e0. Il risultato \u00e8 un\u2019opera che ambisce a essere un punto di riferimento nel cinema di guerra del XXI secolo.<br>L\u2019appuntamento \u00e8 al cinema dal 21 agosto.<\/p>\n\n\n<div class=\"wp-block-image\">\n<figure class=\"aligncenter size-large\"><img loading=\"lazy\" decoding=\"async\" width=\"716\" height=\"1024\" src=\"https:\/\/www.castingnews.eu\/magazine\/wp-content\/uploads\/2025\/05\/IWP_WARFARE_poster_web-716x1024.jpg\" alt=\"\" class=\"wp-image-9981\" srcset=\"https:\/\/www.castingnews.eu\/magazine\/wp-content\/uploads\/2025\/05\/IWP_WARFARE_poster_web-716x1024.jpg 716w, https:\/\/www.castingnews.eu\/magazine\/wp-content\/uploads\/2025\/05\/IWP_WARFARE_poster_web-210x300.jpg 210w, https:\/\/www.castingnews.eu\/magazine\/wp-content\/uploads\/2025\/05\/IWP_WARFARE_poster_web-768x1098.jpg 768w, https:\/\/www.castingnews.eu\/magazine\/wp-content\/uploads\/2025\/05\/IWP_WARFARE_poster_web-1075x1536.jpg 1075w, https:\/\/www.castingnews.eu\/magazine\/wp-content\/uploads\/2025\/05\/IWP_WARFARE_poster_web-294x420.jpg 294w, https:\/\/www.castingnews.eu\/magazine\/wp-content\/uploads\/2025\/05\/IWP_WARFARE_poster_web-696x995.jpg 696w, https:\/\/www.castingnews.eu\/magazine\/wp-content\/uploads\/2025\/05\/IWP_WARFARE_poster_web-1068x1526.jpg 1068w, https:\/\/www.castingnews.eu\/magazine\/wp-content\/uploads\/2025\/05\/IWP_WARFARE_poster_web.jpg 1400w\" sizes=\"auto, (max-width: 716px) 100vw, 716px\" \/><\/figure>\n<\/div>\n\n\n<p>Iscriviti alla&nbsp;<strong><a href=\"https:\/\/www.castingnewsletter.eu\/CastingNewsPro\/\" target=\"_blank\" rel=\"noreferrer noopener\">newsletter giornaliera<\/a><\/strong>&nbsp;di Casting News Professional per ricevere le ultime notizie sui casting aperti, provini e audizioni<\/p>\n\n<div style=\"font-size: 0px; height: 0px; line-height: 0px; margin: 0; padding: 0; clear: both;\"><\/div>","protected":false},"excerpt":{"rendered":"<p>I Wonder Pictures lancia trailer e poster ufficiali italiani di Warfare \u2013 Tempo di guerra, il nuovo film di Alex Garland e Ray MendozaDopo il successo di Civil War, Alex Garland firma con Ray Mendoza il nuovo Warfare \u2013 Tempo di guerra, un\u2019opera che promette di ridefinire i confini del war movie contemporaneo. Il film [&hellip;]<\/p>\n","protected":false},"author":1,"featured_media":9979,"comment_status":"open","ping_status":"open","sticky":false,"template":"","format":"standard","meta":{"tdm_status":"","tdm_grid_status":"","footnotes":""},"categories":[57,64,4140,1533,71,21,30,43,45],"tags":[4456,7399,7406,273,6814,7409,7400,7403,7410,5591,4651,7408,7402,7404,7401,7405,7398,1694,7397,7407],"class_list":{"0":"post-9978","1":"post","2":"type-post","3":"status-publish","4":"format-standard","5":"has-post-thumbnail","7":"category-azione","8":"category-drammatico","9":"category-guerra","10":"category-featured","11":"category-italia-paese","12":"category-in-primo-piano","13":"category-progetti-cinematografici","14":"category-uk","15":"category-usa","16":"tag-a24","17":"tag-alex-garland","18":"tag-cast-giovane-hollywood","19":"tag-casting-news","20":"tag-cinema-2025","21":"tag-film-dazione","22":"tag-film-di-guerra","23":"tag-film-tratto-da-una-storia-vera","24":"tag-guerra-moderna","25":"tag-i-wonder-pictures","26":"tag-joseph-quinn","27":"tag-kit-connor","28":"tag-missione-iraq","29":"tag-navy-seal","30":"tag-poster-italiano","31":"tag-ramadi-2006","32":"tag-ray-mendoza","33":"tag-trailer-ufficiale","34":"tag-warfare-tempo-di-guerra","35":"tag-will-poulter"},"yoast_head":"<!-- This site is optimized with the Yoast SEO plugin v27.4 - https:\/\/yoast.com\/product\/yoast-seo-wordpress\/ -->\r\n<title>Svelato il trailer di \u201cWarfare - Tempo di guerra\u201d, dal 21 agosto al cinema - Casting News Magazine<\/title>\r\n<meta name=\"description\" content=\"I Wonder Pictures ha presentato il trailer e il poster italiani di Warfare \u2013 Tempo di guerra, il nuovo film di Alex Garland e Ray Mendoza\" \/>\r\n<meta name=\"robots\" content=\"index, follow, max-snippet:-1, max-image-preview:large, max-video-preview:-1\" \/>\r\n<link rel=\"canonical\" href=\"https:\/\/www.castingnews.eu\/magazine\/2025\/05\/08\/svelato-il-trailer-di-warfare-tempo-di-guerra-dal-21-agosto-al-cinema\/\" \/>\r\n<meta property=\"og:locale\" content=\"it_IT\" \/>\r\n<meta property=\"og:type\" content=\"article\" \/>\r\n<meta property=\"og:title\" content=\"Svelato il trailer di \u201cWarfare - Tempo di guerra\u201d, dal 21 agosto al cinema - Casting News Magazine\" \/>\r\n<meta property=\"og:description\" content=\"I Wonder Pictures ha presentato il trailer e il poster italiani di Warfare \u2013 Tempo di guerra, il nuovo film di Alex Garland e Ray Mendoza\" \/>\r\n<meta property=\"og:url\" content=\"https:\/\/www.castingnews.eu\/magazine\/2025\/05\/08\/svelato-il-trailer-di-warfare-tempo-di-guerra-dal-21-agosto-al-cinema\/\" \/>\r\n<meta property=\"og:site_name\" content=\"Casting News Magazine\" \/>\r\n<meta property=\"article:published_time\" content=\"2025-05-08T14:55:39+00:00\" \/>\r\n<meta property=\"article:modified_time\" content=\"2025-05-08T15:05:44+00:00\" \/>\r\n<meta property=\"og:image\" content=\"https:\/\/www.castingnews.eu\/magazine\/wp-content\/uploads\/2025\/05\/IWP_warfare_W_16628-R.jpg\" \/>\r\n\t<meta property=\"og:image:width\" content=\"1400\" \/>\r\n\t<meta property=\"og:image:height\" content=\"933\" \/>\r\n\t<meta property=\"og:image:type\" content=\"image\/jpeg\" \/>\r\n<meta name=\"author\" content=\"Redazione\" \/>\r\n<meta name=\"twitter:card\" content=\"summary_large_image\" \/>\r\n<meta name=\"twitter:label1\" content=\"Scritto da\" \/>\n\t<meta name=\"twitter:data1\" content=\"Redazione\" \/>\n\t<meta name=\"twitter:label2\" content=\"Tempo di lettura stimato\" \/>\n\t<meta name=\"twitter:data2\" content=\"3 minuti\" \/>\r\n<script type=\"application\/ld+json\" class=\"yoast-schema-graph\">{\"@context\":\"https:\\\/\\\/schema.org\",\"@graph\":[{\"@type\":\"Article\",\"@id\":\"https:\\\/\\\/www.castingnews.eu\\\/magazine\\\/2025\\\/05\\\/08\\\/svelato-il-trailer-di-warfare-tempo-di-guerra-dal-21-agosto-al-cinema\\\/#article\",\"isPartOf\":{\"@id\":\"https:\\\/\\\/www.castingnews.eu\\\/magazine\\\/2025\\\/05\\\/08\\\/svelato-il-trailer-di-warfare-tempo-di-guerra-dal-21-agosto-al-cinema\\\/\"},\"author\":{\"name\":\"Redazione\",\"@id\":\"https:\\\/\\\/www.castingnews.eu\\\/magazine\\\/#\\\/schema\\\/person\\\/099d71c568c9a7e5e4037b1594108f17\"},\"headline\":\"Svelato il trailer di \u201cWarfare &#8211; Tempo di guerra\u201d, dal 21 agosto al cinema\",\"datePublished\":\"2025-05-08T14:55:39+00:00\",\"dateModified\":\"2025-05-08T15:05:44+00:00\",\"mainEntityOfPage\":{\"@id\":\"https:\\\/\\\/www.castingnews.eu\\\/magazine\\\/2025\\\/05\\\/08\\\/svelato-il-trailer-di-warfare-tempo-di-guerra-dal-21-agosto-al-cinema\\\/\"},\"wordCount\":395,\"commentCount\":0,\"image\":{\"@id\":\"https:\\\/\\\/www.castingnews.eu\\\/magazine\\\/2025\\\/05\\\/08\\\/svelato-il-trailer-di-warfare-tempo-di-guerra-dal-21-agosto-al-cinema\\\/#primaryimage\"},\"thumbnailUrl\":\"https:\\\/\\\/www.castingnews.eu\\\/magazine\\\/wp-content\\\/uploads\\\/2025\\\/05\\\/IWP_warfare_W_16628-R.jpg\",\"keywords\":[\"A24\",\"Alex Garland\",\"cast giovane Hollywood\",\"Casting News\",\"cinema 2025\",\"film d\u2019azione\",\"film di guerra\",\"film tratto da una storia vera\",\"guerra moderna\",\"I Wonder Pictures\",\"Joseph Quinn\",\"Kit Connor\",\"missione Iraq\",\"Navy SEAL\",\"poster italiano\",\"Ramadi 2006\",\"Ray Mendoza\",\"trailer ufficiale\",\"Warfare - Tempo di guerra\",\"Will Poulter\"],\"articleSection\":[\"Azione\",\"Drammatico\",\"Guerra\",\"In primo piano\",\"Italia\",\"Primo piano\",\"Progetti cinematografici\",\"UK\",\"USA\"],\"inLanguage\":\"it-IT\",\"potentialAction\":[{\"@type\":\"CommentAction\",\"name\":\"Comment\",\"target\":[\"https:\\\/\\\/www.castingnews.eu\\\/magazine\\\/2025\\\/05\\\/08\\\/svelato-il-trailer-di-warfare-tempo-di-guerra-dal-21-agosto-al-cinema\\\/#respond\"]}]},{\"@type\":\"WebPage\",\"@id\":\"https:\\\/\\\/www.castingnews.eu\\\/magazine\\\/2025\\\/05\\\/08\\\/svelato-il-trailer-di-warfare-tempo-di-guerra-dal-21-agosto-al-cinema\\\/\",\"url\":\"https:\\\/\\\/www.castingnews.eu\\\/magazine\\\/2025\\\/05\\\/08\\\/svelato-il-trailer-di-warfare-tempo-di-guerra-dal-21-agosto-al-cinema\\\/\",\"name\":\"Svelato il trailer di \u201cWarfare - Tempo di guerra\u201d, dal 21 agosto al cinema - Casting News Magazine\",\"isPartOf\":{\"@id\":\"https:\\\/\\\/www.castingnews.eu\\\/magazine\\\/#website\"},\"primaryImageOfPage\":{\"@id\":\"https:\\\/\\\/www.castingnews.eu\\\/magazine\\\/2025\\\/05\\\/08\\\/svelato-il-trailer-di-warfare-tempo-di-guerra-dal-21-agosto-al-cinema\\\/#primaryimage\"},\"image\":{\"@id\":\"https:\\\/\\\/www.castingnews.eu\\\/magazine\\\/2025\\\/05\\\/08\\\/svelato-il-trailer-di-warfare-tempo-di-guerra-dal-21-agosto-al-cinema\\\/#primaryimage\"},\"thumbnailUrl\":\"https:\\\/\\\/www.castingnews.eu\\\/magazine\\\/wp-content\\\/uploads\\\/2025\\\/05\\\/IWP_warfare_W_16628-R.jpg\",\"datePublished\":\"2025-05-08T14:55:39+00:00\",\"dateModified\":\"2025-05-08T15:05:44+00:00\",\"author\":{\"@id\":\"https:\\\/\\\/www.castingnews.eu\\\/magazine\\\/#\\\/schema\\\/person\\\/099d71c568c9a7e5e4037b1594108f17\"},\"description\":\"I Wonder Pictures ha presentato il trailer e il poster italiani di Warfare \u2013 Tempo di guerra, il nuovo film di Alex Garland e Ray Mendoza\",\"breadcrumb\":{\"@id\":\"https:\\\/\\\/www.castingnews.eu\\\/magazine\\\/2025\\\/05\\\/08\\\/svelato-il-trailer-di-warfare-tempo-di-guerra-dal-21-agosto-al-cinema\\\/#breadcrumb\"},\"inLanguage\":\"it-IT\",\"potentialAction\":[{\"@type\":\"ReadAction\",\"target\":[\"https:\\\/\\\/www.castingnews.eu\\\/magazine\\\/2025\\\/05\\\/08\\\/svelato-il-trailer-di-warfare-tempo-di-guerra-dal-21-agosto-al-cinema\\\/\"]}]},{\"@type\":\"ImageObject\",\"inLanguage\":\"it-IT\",\"@id\":\"https:\\\/\\\/www.castingnews.eu\\\/magazine\\\/2025\\\/05\\\/08\\\/svelato-il-trailer-di-warfare-tempo-di-guerra-dal-21-agosto-al-cinema\\\/#primaryimage\",\"url\":\"https:\\\/\\\/www.castingnews.eu\\\/magazine\\\/wp-content\\\/uploads\\\/2025\\\/05\\\/IWP_warfare_W_16628-R.jpg\",\"contentUrl\":\"https:\\\/\\\/www.castingnews.eu\\\/magazine\\\/wp-content\\\/uploads\\\/2025\\\/05\\\/IWP_warfare_W_16628-R.jpg\",\"width\":1400,\"height\":933,\"caption\":\"Warfare - Tempo di guerra (Photo credit: Murray Close)\"},{\"@type\":\"BreadcrumbList\",\"@id\":\"https:\\\/\\\/www.castingnews.eu\\\/magazine\\\/2025\\\/05\\\/08\\\/svelato-il-trailer-di-warfare-tempo-di-guerra-dal-21-agosto-al-cinema\\\/#breadcrumb\",\"itemListElement\":[{\"@type\":\"ListItem\",\"position\":1,\"name\":\"Home\",\"item\":\"https:\\\/\\\/www.castingnews.eu\\\/magazine\\\/\"},{\"@type\":\"ListItem\",\"position\":2,\"name\":\"Svelato il trailer di \u201cWarfare &#8211; Tempo di guerra\u201d, dal 21 agosto al cinema\"}]},{\"@type\":\"WebSite\",\"@id\":\"https:\\\/\\\/www.castingnews.eu\\\/magazine\\\/#website\",\"url\":\"https:\\\/\\\/www.castingnews.eu\\\/magazine\\\/\",\"name\":\"Casting News Magazine\",\"description\":\"News e aggiornamenti sui film, serie tv, teatro e festival italiani ed internazionali\",\"potentialAction\":[{\"@type\":\"SearchAction\",\"target\":{\"@type\":\"EntryPoint\",\"urlTemplate\":\"https:\\\/\\\/www.castingnews.eu\\\/magazine\\\/?s={search_term_string}\"},\"query-input\":{\"@type\":\"PropertyValueSpecification\",\"valueRequired\":true,\"valueName\":\"search_term_string\"}}],\"inLanguage\":\"it-IT\"},{\"@type\":\"Person\",\"@id\":\"https:\\\/\\\/www.castingnews.eu\\\/magazine\\\/#\\\/schema\\\/person\\\/099d71c568c9a7e5e4037b1594108f17\",\"name\":\"Redazione\",\"image\":{\"@type\":\"ImageObject\",\"inLanguage\":\"it-IT\",\"@id\":\"https:\\\/\\\/secure.gravatar.com\\\/avatar\\\/b73a087aa3bd279fb70d24f1960a91c82cf67619395b60b564c90e9e5d5325fc?s=96&d=mm&r=g\",\"url\":\"https:\\\/\\\/secure.gravatar.com\\\/avatar\\\/b73a087aa3bd279fb70d24f1960a91c82cf67619395b60b564c90e9e5d5325fc?s=96&d=mm&r=g\",\"contentUrl\":\"https:\\\/\\\/secure.gravatar.com\\\/avatar\\\/b73a087aa3bd279fb70d24f1960a91c82cf67619395b60b564c90e9e5d5325fc?s=96&d=mm&r=g\",\"caption\":\"Redazione\"},\"description\":\"News e aggiornamenti sui film, serie tv, teatro e festival italiani ed internazionali.\",\"url\":\"https:\\\/\\\/www.castingnews.eu\\\/magazine\\\/author\\\/redazione\\\/\"}]}<\/script>\r\n<!-- \/ Yoast SEO plugin. -->","yoast_head_json":{"title":"Svelato il trailer di \u201cWarfare - Tempo di guerra\u201d, dal 21 agosto al cinema - Casting News Magazine","description":"I Wonder Pictures ha presentato il trailer e il poster italiani di Warfare \u2013 Tempo di guerra, il nuovo film di Alex Garland e Ray Mendoza","robots":{"index":"index","follow":"follow","max-snippet":"max-snippet:-1","max-image-preview":"max-image-preview:large","max-video-preview":"max-video-preview:-1"},"canonical":"https:\/\/www.castingnews.eu\/magazine\/2025\/05\/08\/svelato-il-trailer-di-warfare-tempo-di-guerra-dal-21-agosto-al-cinema\/","og_locale":"it_IT","og_type":"article","og_title":"Svelato il trailer di \u201cWarfare - Tempo di guerra\u201d, dal 21 agosto al cinema - Casting News Magazine","og_description":"I Wonder Pictures ha presentato il trailer e il poster italiani di Warfare \u2013 Tempo di guerra, il nuovo film di Alex Garland e Ray Mendoza","og_url":"https:\/\/www.castingnews.eu\/magazine\/2025\/05\/08\/svelato-il-trailer-di-warfare-tempo-di-guerra-dal-21-agosto-al-cinema\/","og_site_name":"Casting News Magazine","article_published_time":"2025-05-08T14:55:39+00:00","article_modified_time":"2025-05-08T15:05:44+00:00","og_image":[{"width":1400,"height":933,"url":"https:\/\/www.castingnews.eu\/magazine\/wp-content\/uploads\/2025\/05\/IWP_warfare_W_16628-R.jpg","type":"image\/jpeg"}],"author":"Redazione","twitter_card":"summary_large_image","twitter_misc":{"Scritto da":"Redazione","Tempo di lettura stimato":"3 minuti"},"schema":{"@context":"https:\/\/schema.org","@graph":[{"@type":"Article","@id":"https:\/\/www.castingnews.eu\/magazine\/2025\/05\/08\/svelato-il-trailer-di-warfare-tempo-di-guerra-dal-21-agosto-al-cinema\/#article","isPartOf":{"@id":"https:\/\/www.castingnews.eu\/magazine\/2025\/05\/08\/svelato-il-trailer-di-warfare-tempo-di-guerra-dal-21-agosto-al-cinema\/"},"author":{"name":"Redazione","@id":"https:\/\/www.castingnews.eu\/magazine\/#\/schema\/person\/099d71c568c9a7e5e4037b1594108f17"},"headline":"Svelato il trailer di \u201cWarfare &#8211; Tempo di guerra\u201d, dal 21 agosto al cinema","datePublished":"2025-05-08T14:55:39+00:00","dateModified":"2025-05-08T15:05:44+00:00","mainEntityOfPage":{"@id":"https:\/\/www.castingnews.eu\/magazine\/2025\/05\/08\/svelato-il-trailer-di-warfare-tempo-di-guerra-dal-21-agosto-al-cinema\/"},"wordCount":395,"commentCount":0,"image":{"@id":"https:\/\/www.castingnews.eu\/magazine\/2025\/05\/08\/svelato-il-trailer-di-warfare-tempo-di-guerra-dal-21-agosto-al-cinema\/#primaryimage"},"thumbnailUrl":"https:\/\/www.castingnews.eu\/magazine\/wp-content\/uploads\/2025\/05\/IWP_warfare_W_16628-R.jpg","keywords":["A24","Alex Garland","cast giovane Hollywood","Casting News","cinema 2025","film d\u2019azione","film di guerra","film tratto da una storia vera","guerra moderna","I Wonder Pictures","Joseph Quinn","Kit Connor","missione Iraq","Navy SEAL","poster italiano","Ramadi 2006","Ray Mendoza","trailer ufficiale","Warfare - Tempo di guerra","Will Poulter"],"articleSection":["Azione","Drammatico","Guerra","In primo piano","Italia","Primo piano","Progetti cinematografici","UK","USA"],"inLanguage":"it-IT","potentialAction":[{"@type":"CommentAction","name":"Comment","target":["https:\/\/www.castingnews.eu\/magazine\/2025\/05\/08\/svelato-il-trailer-di-warfare-tempo-di-guerra-dal-21-agosto-al-cinema\/#respond"]}]},{"@type":"WebPage","@id":"https:\/\/www.castingnews.eu\/magazine\/2025\/05\/08\/svelato-il-trailer-di-warfare-tempo-di-guerra-dal-21-agosto-al-cinema\/","url":"https:\/\/www.castingnews.eu\/magazine\/2025\/05\/08\/svelato-il-trailer-di-warfare-tempo-di-guerra-dal-21-agosto-al-cinema\/","name":"Svelato il trailer di \u201cWarfare - Tempo di guerra\u201d, dal 21 agosto al cinema - Casting News Magazine","isPartOf":{"@id":"https:\/\/www.castingnews.eu\/magazine\/#website"},"primaryImageOfPage":{"@id":"https:\/\/www.castingnews.eu\/magazine\/2025\/05\/08\/svelato-il-trailer-di-warfare-tempo-di-guerra-dal-21-agosto-al-cinema\/#primaryimage"},"image":{"@id":"https:\/\/www.castingnews.eu\/magazine\/2025\/05\/08\/svelato-il-trailer-di-warfare-tempo-di-guerra-dal-21-agosto-al-cinema\/#primaryimage"},"thumbnailUrl":"https:\/\/www.castingnews.eu\/magazine\/wp-content\/uploads\/2025\/05\/IWP_warfare_W_16628-R.jpg","datePublished":"2025-05-08T14:55:39+00:00","dateModified":"2025-05-08T15:05:44+00:00","author":{"@id":"https:\/\/www.castingnews.eu\/magazine\/#\/schema\/person\/099d71c568c9a7e5e4037b1594108f17"},"description":"I Wonder Pictures ha presentato il trailer e il poster italiani di Warfare \u2013 Tempo di guerra, il nuovo film di Alex Garland e Ray Mendoza","breadcrumb":{"@id":"https:\/\/www.castingnews.eu\/magazine\/2025\/05\/08\/svelato-il-trailer-di-warfare-tempo-di-guerra-dal-21-agosto-al-cinema\/#breadcrumb"},"inLanguage":"it-IT","potentialAction":[{"@type":"ReadAction","target":["https:\/\/www.castingnews.eu\/magazine\/2025\/05\/08\/svelato-il-trailer-di-warfare-tempo-di-guerra-dal-21-agosto-al-cinema\/"]}]},{"@type":"ImageObject","inLanguage":"it-IT","@id":"https:\/\/www.castingnews.eu\/magazine\/2025\/05\/08\/svelato-il-trailer-di-warfare-tempo-di-guerra-dal-21-agosto-al-cinema\/#primaryimage","url":"https:\/\/www.castingnews.eu\/magazine\/wp-content\/uploads\/2025\/05\/IWP_warfare_W_16628-R.jpg","contentUrl":"https:\/\/www.castingnews.eu\/magazine\/wp-content\/uploads\/2025\/05\/IWP_warfare_W_16628-R.jpg","width":1400,"height":933,"caption":"Warfare - Tempo di guerra (Photo credit: Murray Close)"},{"@type":"BreadcrumbList","@id":"https:\/\/www.castingnews.eu\/magazine\/2025\/05\/08\/svelato-il-trailer-di-warfare-tempo-di-guerra-dal-21-agosto-al-cinema\/#breadcrumb","itemListElement":[{"@type":"ListItem","position":1,"name":"Home","item":"https:\/\/www.castingnews.eu\/magazine\/"},{"@type":"ListItem","position":2,"name":"Svelato il trailer di \u201cWarfare &#8211; Tempo di guerra\u201d, dal 21 agosto al cinema"}]},{"@type":"WebSite","@id":"https:\/\/www.castingnews.eu\/magazine\/#website","url":"https:\/\/www.castingnews.eu\/magazine\/","name":"Casting News Magazine","description":"News e aggiornamenti sui film, serie tv, teatro e festival italiani ed internazionali","potentialAction":[{"@type":"SearchAction","target":{"@type":"EntryPoint","urlTemplate":"https:\/\/www.castingnews.eu\/magazine\/?s={search_term_string}"},"query-input":{"@type":"PropertyValueSpecification","valueRequired":true,"valueName":"search_term_string"}}],"inLanguage":"it-IT"},{"@type":"Person","@id":"https:\/\/www.castingnews.eu\/magazine\/#\/schema\/person\/099d71c568c9a7e5e4037b1594108f17","name":"Redazione","image":{"@type":"ImageObject","inLanguage":"it-IT","@id":"https:\/\/secure.gravatar.com\/avatar\/b73a087aa3bd279fb70d24f1960a91c82cf67619395b60b564c90e9e5d5325fc?s=96&d=mm&r=g","url":"https:\/\/secure.gravatar.com\/avatar\/b73a087aa3bd279fb70d24f1960a91c82cf67619395b60b564c90e9e5d5325fc?s=96&d=mm&r=g","contentUrl":"https:\/\/secure.gravatar.com\/avatar\/b73a087aa3bd279fb70d24f1960a91c82cf67619395b60b564c90e9e5d5325fc?s=96&d=mm&r=g","caption":"Redazione"},"description":"News e aggiornamenti sui film, serie tv, teatro e festival italiani ed internazionali.","url":"https:\/\/www.castingnews.eu\/magazine\/author\/redazione\/"}]}},"_links":{"self":[{"href":"https:\/\/www.castingnews.eu\/magazine\/wp-json\/wp\/v2\/posts\/9978","targetHints":{"allow":["GET"]}}],"collection":[{"href":"https:\/\/www.castingnews.eu\/magazine\/wp-json\/wp\/v2\/posts"}],"about":[{"href":"https:\/\/www.castingnews.eu\/magazine\/wp-json\/wp\/v2\/types\/post"}],"author":[{"embeddable":true,"href":"https:\/\/www.castingnews.eu\/magazine\/wp-json\/wp\/v2\/users\/1"}],"replies":[{"embeddable":true,"href":"https:\/\/www.castingnews.eu\/magazine\/wp-json\/wp\/v2\/comments?post=9978"}],"version-history":[{"count":2,"href":"https:\/\/www.castingnews.eu\/magazine\/wp-json\/wp\/v2\/posts\/9978\/revisions"}],"predecessor-version":[{"id":9982,"href":"https:\/\/www.castingnews.eu\/magazine\/wp-json\/wp\/v2\/posts\/9978\/revisions\/9982"}],"wp:featuredmedia":[{"embeddable":true,"href":"https:\/\/www.castingnews.eu\/magazine\/wp-json\/wp\/v2\/media\/9979"}],"wp:attachment":[{"href":"https:\/\/www.castingnews.eu\/magazine\/wp-json\/wp\/v2\/media?parent=9978"}],"wp:term":[{"taxonomy":"category","embeddable":true,"href":"https:\/\/www.castingnews.eu\/magazine\/wp-json\/wp\/v2\/categories?post=9978"},{"taxonomy":"post_tag","embeddable":true,"href":"https:\/\/www.castingnews.eu\/magazine\/wp-json\/wp\/v2\/tags?post=9978"}],"curies":[{"name":"wp","href":"https:\/\/api.w.org\/{rel}","templated":true}]}}