{"id":9851,"date":"2025-04-17T18:33:00","date_gmt":"2025-04-17T16:33:00","guid":{"rendered":"https:\/\/www.castingnews.eu\/magazine\/?p=9851"},"modified":"2025-05-18T19:51:30","modified_gmt":"2025-05-18T17:51:30","slug":"mel-gibson-torna-a-dirigere-ad-agosto-iniziano-le-riprese-de-la-passione-di-cristo-resurrezione-tra-cinecitta-e-il-sud-italia","status":"publish","type":"post","link":"https:\/\/www.castingnews.eu\/magazine\/2025\/04\/17\/mel-gibson-torna-a-dirigere-ad-agosto-iniziano-le-riprese-de-la-passione-di-cristo-resurrezione-tra-cinecitta-e-il-sud-italia\/","title":{"rendered":"Mel Gibson torna a dirigere: ad agosto iniziano le riprese de &#8220;La passione di Cristo: Resurrezione&#8221; tra Cinecitt\u00e0 e il Sud Italia"},"content":{"rendered":"\n<p>Dopo oltre vent\u2019anni dal grande successo di <em><strong>La Passione di Cristo<\/strong><\/em>, <strong>Mel Gibson<\/strong> si prepara a tornare dietro la macchina da presa con il sequel tanto atteso: <em><strong><em>La passione di Cristo: Resurrezione<\/em><\/strong> (<strong>The Resurrection of the Christ<\/strong>)<\/em>. Le riprese del film inizieranno ufficialmente ad agosto presso gli storici studi di <strong>Cinecitt\u00e0 a Roma<\/strong>, ma coinvolgeranno anche diverse suggestive location nel <strong>Sud Italia<\/strong>.<\/p><div class=\"6d3639e8c6ac292cde400fad8ff8a5b9\" data-index=\"1\" style=\"float: none; margin:10px 0 10px 0; text-align:center;\">\n<script async src=\"\/\/pagead2.googlesyndication.com\/pagead\/js\/adsbygoogle.js\"><\/script>\r\n<!-- Casting Bambini NEW -->\r\n<ins class=\"adsbygoogle\"\r\n     style=\"display:inline-block;width:336px;height:280px\"\r\n     data-ad-client=\"ca-pub-5538097485429833\"\r\n     data-ad-slot=\"5127154445\"><\/ins>\r\n<script>\r\n(adsbygoogle = window.adsbygoogle || []).push({});\r\n<\/script>\n<\/div>\n\n\n\n\n<p>Il film sar\u00e0 girato anche in alcune delle pi\u00f9 spettacolari e storiche localit\u00e0 del Sud Italia: <strong>Matera<\/strong> in Basilicata, <strong>Gravina Laterza<\/strong> nella provincia di Taranto, <strong>Altamura <\/strong>e <strong>Ginosa <\/strong>in Puglia. Si tratta di aree gi\u00e0 note per la loro bellezza cinematografica, spesso scelte da produzioni internazionali per ambientare opere ambientate nel mondo antico o religioso.<\/p>\n\n\n\n<p>La sceneggiatura, ancora avvolta nel riserbo, \u00e8 firmata proprio da Wallace, gi\u00e0 co-autore del primo capitolo e noto per il film premio Oscar <em>Braveheart<\/em>. Secondo indiscrezioni, <em>La Resurrezione di Cristo<\/em> si concentrer\u00e0 non solo sull\u2019evento della resurrezione in s\u00e9, ma esplorer\u00e0 anche temi teologici e spirituali attraverso una narrazione visionaria e fortemente simbolica.<\/p>\n\n\n\n<p>Il film sar\u00e0 ancora una volta interpretato da <strong>Jim Caviezel<\/strong> nel ruolo di <strong>Ges\u00f9<\/strong>, anche se il cast completo non \u00e8 stato ancora annunciato ufficialmente. La produzione rappresenta un\u2019importante occasione non solo per Cinecitt\u00e0, ma anche per i territori coinvolti nel Mezzogiorno, che si confermano sempre pi\u00f9 attrattivi per il grande cinema internazionale.<\/p>\n\n\n\n<p>Con questo nuovo capitolo, Gibson punta a riportare sul grande schermo una delle storie pi\u00f9 raccontate della storia dell\u2019umanit\u00e0, affrontandola per\u00f2 con uno stile visivo e narrativo che promette di far discutere. L\u2019attesa, per credenti e appassionati di cinema, \u00e8 gi\u00e0 altissima.<\/p>\n\n\n\n<p>Iscriviti alla&nbsp;<strong><a href=\"https:\/\/www.castingnewsletter.eu\/CastingNewsPro\/\" target=\"_blank\" rel=\"noreferrer noopener\">newsletter giornaliera<\/a><\/strong>&nbsp;di Casting News Professional per ricevere le ultime notizie sui casting aperti, provini e audizioni.<\/p>\n\n\n\n<figure class=\"wp-block-embed is-type-wp-embed is-provider-casting-news-magazine wp-block-embed-casting-news-magazine\"><div class=\"wp-block-embed__wrapper\">\n<blockquote class=\"wp-embedded-content\" data-secret=\"98NuYFImd8\"><a href=\"https:\/\/www.castingnews.eu\/magazine\/2025\/05\/18\/mel-gibson-e-lionsgate-insieme-per-la-passione-di-cristo-resurrezione-riprese-al-via-a-fine-estate\/\">Mel Gibson e Lionsgate insieme per \u201cLa Passione di Cristo: Resurrezione\u201d: riprese al via a fine estate<\/a><\/blockquote><iframe loading=\"lazy\" class=\"wp-embedded-content\" sandbox=\"allow-scripts\" security=\"restricted\" style=\"position: absolute; visibility: hidden;\" title=\"&#8220;Mel Gibson e Lionsgate insieme per \u201cLa Passione di Cristo: Resurrezione\u201d: riprese al via a fine estate&#8221; &#8212; Casting News Magazine\" src=\"https:\/\/www.castingnews.eu\/magazine\/2025\/05\/18\/mel-gibson-e-lionsgate-insieme-per-la-passione-di-cristo-resurrezione-riprese-al-via-a-fine-estate\/embed\/#?secret=QOIB27Y4Kd#?secret=98NuYFImd8\" data-secret=\"98NuYFImd8\" width=\"600\" height=\"338\" frameborder=\"0\" marginwidth=\"0\" marginheight=\"0\" scrolling=\"no\"><\/iframe>\n<\/div><\/figure>\n\n<div style=\"font-size: 0px; height: 0px; line-height: 0px; margin: 0; padding: 0; clear: both;\"><\/div>","protected":false},"excerpt":{"rendered":"<p>Dopo oltre vent\u2019anni dal grande successo di La Passione di Cristo, Mel Gibson si prepara a tornare dietro la macchina da presa con il sequel tanto atteso: La passione di Cristo: Resurrezione (The Resurrection of the Christ). Le riprese del film inizieranno ufficialmente ad agosto presso gli storici studi di Cinecitt\u00e0 a Roma, ma coinvolgeranno [&hellip;]<\/p>\n","protected":false},"author":1,"featured_media":9854,"comment_status":"open","ping_status":"open","sticky":false,"template":"","format":"standard","meta":{"tdm_status":"","tdm_grid_status":"","footnotes":""},"categories":[3953,64,1533,71,3958,21,30,3964],"tags":[7220,272,273,298,7223,6716,7214,7225,7221,7219,7224,7215,7227,7212,7226,2074,2687,7222,3502,7216,7218,7217,7213],"class_list":{"0":"post-9851","1":"post","2":"type-post","3":"status-publish","4":"format-standard","5":"has-post-thumbnail","7":"category-basilicata","8":"category-drammatico","9":"category-featured","10":"category-italia-paese","11":"category-lazio","12":"category-in-primo-piano","13":"category-progetti-cinematografici","14":"category-puglia","15":"tag-altamura","16":"tag-casting-magazine","17":"tag-casting-news","18":"tag-cinecitta","19":"tag-cinema-internazionale","20":"tag-film-2025","21":"tag-film-biblico","22":"tag-film-religiosi","23":"tag-ginosa","24":"tag-gravina-laterza","25":"tag-icon-productions","26":"tag-jim-caviezel","27":"tag-la-passione-di-cristo-resurrezione","28":"tag-la-resurrezione-di-cristo","29":"tag-location-cinematografiche-italia","30":"tag-matera","31":"tag-mel-gibson","32":"tag-mel-gibson-regista","33":"tag-produzione-cinematografica","34":"tag-randall-wallace","35":"tag-riprese-in-italia","36":"tag-sequel-la-passione-di-cristo","37":"tag-the-resurrection-of-the-christ"},"yoast_head":"<!-- This site is optimized with the Yoast SEO plugin v27.4 - https:\/\/yoast.com\/product\/yoast-seo-wordpress\/ -->\r\n<title>Mel Gibson torna a dirigere: ad agosto iniziano le riprese de &quot;La passione di Cristo: Resurrezione&quot; tra Cinecitt\u00e0 e il Sud Italia - Casting News Magazine<\/title>\r\n<meta name=\"description\" content=\"Mel Gibson torna alla regia con &quot;La passione di Cristo: Resurrezione&quot;, le cui riprese inizieranno ad agosto tra Cinecitt\u00e0 e il Sud Italia.\" \/>\r\n<meta name=\"robots\" content=\"index, follow, max-snippet:-1, max-image-preview:large, max-video-preview:-1\" \/>\r\n<link rel=\"canonical\" href=\"https:\/\/www.castingnews.eu\/magazine\/2025\/04\/17\/mel-gibson-torna-a-dirigere-ad-agosto-iniziano-le-riprese-de-la-passione-di-cristo-resurrezione-tra-cinecitta-e-il-sud-italia\/\" \/>\r\n<meta property=\"og:locale\" content=\"it_IT\" \/>\r\n<meta property=\"og:type\" content=\"article\" \/>\r\n<meta property=\"og:title\" content=\"Mel Gibson torna a dirigere: ad agosto iniziano le riprese de &quot;La passione di Cristo: Resurrezione&quot; tra Cinecitt\u00e0 e il Sud Italia - Casting News Magazine\" \/>\r\n<meta property=\"og:description\" content=\"Mel Gibson torna alla regia con &quot;La passione di Cristo: Resurrezione&quot;, le cui riprese inizieranno ad agosto tra Cinecitt\u00e0 e il Sud Italia.\" \/>\r\n<meta property=\"og:url\" content=\"https:\/\/www.castingnews.eu\/magazine\/2025\/04\/17\/mel-gibson-torna-a-dirigere-ad-agosto-iniziano-le-riprese-de-la-passione-di-cristo-resurrezione-tra-cinecitta-e-il-sud-italia\/\" \/>\r\n<meta property=\"og:site_name\" content=\"Casting News Magazine\" \/>\r\n<meta property=\"article:published_time\" content=\"2025-04-17T16:33:00+00:00\" \/>\r\n<meta property=\"article:modified_time\" content=\"2025-05-18T17:51:30+00:00\" \/>\r\n<meta property=\"og:image\" content=\"https:\/\/www.castingnews.eu\/magazine\/wp-content\/uploads\/2025\/04\/La-passione-di-Cristo-Resurrezione-Mel-Gibson.png\" \/>\r\n\t<meta property=\"og:image:width\" content=\"1200\" \/>\r\n\t<meta property=\"og:image:height\" content=\"676\" \/>\r\n\t<meta property=\"og:image:type\" content=\"image\/png\" \/>\r\n<meta name=\"author\" content=\"Redazione\" \/>\r\n<meta name=\"twitter:card\" content=\"summary_large_image\" \/>\r\n<meta name=\"twitter:label1\" content=\"Scritto da\" \/>\n\t<meta name=\"twitter:data1\" content=\"Redazione\" \/>\n\t<meta name=\"twitter:label2\" content=\"Tempo di lettura stimato\" \/>\n\t<meta name=\"twitter:data2\" content=\"2 minuti\" \/>\r\n<script type=\"application\/ld+json\" class=\"yoast-schema-graph\">{\"@context\":\"https:\\\/\\\/schema.org\",\"@graph\":[{\"@type\":\"Article\",\"@id\":\"https:\\\/\\\/www.castingnews.eu\\\/magazine\\\/2025\\\/04\\\/17\\\/mel-gibson-torna-a-dirigere-ad-agosto-iniziano-le-riprese-de-la-passione-di-cristo-resurrezione-tra-cinecitta-e-il-sud-italia\\\/#article\",\"isPartOf\":{\"@id\":\"https:\\\/\\\/www.castingnews.eu\\\/magazine\\\/2025\\\/04\\\/17\\\/mel-gibson-torna-a-dirigere-ad-agosto-iniziano-le-riprese-de-la-passione-di-cristo-resurrezione-tra-cinecitta-e-il-sud-italia\\\/\"},\"author\":{\"name\":\"Redazione\",\"@id\":\"https:\\\/\\\/www.castingnews.eu\\\/magazine\\\/#\\\/schema\\\/person\\\/099d71c568c9a7e5e4037b1594108f17\"},\"headline\":\"Mel Gibson torna a dirigere: ad agosto iniziano le riprese de &#8220;La passione di Cristo: Resurrezione&#8221; tra Cinecitt\u00e0 e il Sud Italia\",\"datePublished\":\"2025-04-17T16:33:00+00:00\",\"dateModified\":\"2025-05-18T17:51:30+00:00\",\"mainEntityOfPage\":{\"@id\":\"https:\\\/\\\/www.castingnews.eu\\\/magazine\\\/2025\\\/04\\\/17\\\/mel-gibson-torna-a-dirigere-ad-agosto-iniziano-le-riprese-de-la-passione-di-cristo-resurrezione-tra-cinecitta-e-il-sud-italia\\\/\"},\"wordCount\":316,\"commentCount\":0,\"image\":{\"@id\":\"https:\\\/\\\/www.castingnews.eu\\\/magazine\\\/2025\\\/04\\\/17\\\/mel-gibson-torna-a-dirigere-ad-agosto-iniziano-le-riprese-de-la-passione-di-cristo-resurrezione-tra-cinecitta-e-il-sud-italia\\\/#primaryimage\"},\"thumbnailUrl\":\"https:\\\/\\\/www.castingnews.eu\\\/magazine\\\/wp-content\\\/uploads\\\/2025\\\/04\\\/La-passione-di-Cristo-Resurrezione-Mel-Gibson.png\",\"keywords\":[\"Altamura\",\"Casting Magazine\",\"Casting News\",\"Cinecitt\u00e0\",\"cinema internazionale\",\"film 2025\",\"film Biblico\",\"film religiosi\",\"Ginosa\",\"Gravina Laterza\",\"Icon Productions\",\"Jim Caviezel\",\"La passione di Cristo: Resurrezione\",\"La Resurrezione di Cristo\",\"location cinematografiche Italia\",\"Matera\",\"Mel Gibson\",\"Mel Gibson regista\",\"produzione cinematografica\",\"Randall Wallace\",\"riprese in Italia\",\"sequel La Passione di Cristo\",\"The Resurrection of the Christ\"],\"articleSection\":[\"Basilicata\",\"Drammatico\",\"In primo piano\",\"Italia\",\"Lazio\",\"Primo piano\",\"Progetti cinematografici\",\"Puglia\"],\"inLanguage\":\"it-IT\",\"potentialAction\":[{\"@type\":\"CommentAction\",\"name\":\"Comment\",\"target\":[\"https:\\\/\\\/www.castingnews.eu\\\/magazine\\\/2025\\\/04\\\/17\\\/mel-gibson-torna-a-dirigere-ad-agosto-iniziano-le-riprese-de-la-passione-di-cristo-resurrezione-tra-cinecitta-e-il-sud-italia\\\/#respond\"]}]},{\"@type\":\"WebPage\",\"@id\":\"https:\\\/\\\/www.castingnews.eu\\\/magazine\\\/2025\\\/04\\\/17\\\/mel-gibson-torna-a-dirigere-ad-agosto-iniziano-le-riprese-de-la-passione-di-cristo-resurrezione-tra-cinecitta-e-il-sud-italia\\\/\",\"url\":\"https:\\\/\\\/www.castingnews.eu\\\/magazine\\\/2025\\\/04\\\/17\\\/mel-gibson-torna-a-dirigere-ad-agosto-iniziano-le-riprese-de-la-passione-di-cristo-resurrezione-tra-cinecitta-e-il-sud-italia\\\/\",\"name\":\"Mel Gibson torna a dirigere: ad agosto iniziano le riprese de \\\"La passione di Cristo: Resurrezione\\\" tra Cinecitt\u00e0 e il Sud Italia - Casting News Magazine\",\"isPartOf\":{\"@id\":\"https:\\\/\\\/www.castingnews.eu\\\/magazine\\\/#website\"},\"primaryImageOfPage\":{\"@id\":\"https:\\\/\\\/www.castingnews.eu\\\/magazine\\\/2025\\\/04\\\/17\\\/mel-gibson-torna-a-dirigere-ad-agosto-iniziano-le-riprese-de-la-passione-di-cristo-resurrezione-tra-cinecitta-e-il-sud-italia\\\/#primaryimage\"},\"image\":{\"@id\":\"https:\\\/\\\/www.castingnews.eu\\\/magazine\\\/2025\\\/04\\\/17\\\/mel-gibson-torna-a-dirigere-ad-agosto-iniziano-le-riprese-de-la-passione-di-cristo-resurrezione-tra-cinecitta-e-il-sud-italia\\\/#primaryimage\"},\"thumbnailUrl\":\"https:\\\/\\\/www.castingnews.eu\\\/magazine\\\/wp-content\\\/uploads\\\/2025\\\/04\\\/La-passione-di-Cristo-Resurrezione-Mel-Gibson.png\",\"datePublished\":\"2025-04-17T16:33:00+00:00\",\"dateModified\":\"2025-05-18T17:51:30+00:00\",\"author\":{\"@id\":\"https:\\\/\\\/www.castingnews.eu\\\/magazine\\\/#\\\/schema\\\/person\\\/099d71c568c9a7e5e4037b1594108f17\"},\"description\":\"Mel Gibson torna alla regia con \\\"La passione di Cristo: Resurrezione\\\", le cui riprese inizieranno ad agosto tra Cinecitt\u00e0 e il Sud Italia.\",\"breadcrumb\":{\"@id\":\"https:\\\/\\\/www.castingnews.eu\\\/magazine\\\/2025\\\/04\\\/17\\\/mel-gibson-torna-a-dirigere-ad-agosto-iniziano-le-riprese-de-la-passione-di-cristo-resurrezione-tra-cinecitta-e-il-sud-italia\\\/#breadcrumb\"},\"inLanguage\":\"it-IT\",\"potentialAction\":[{\"@type\":\"ReadAction\",\"target\":[\"https:\\\/\\\/www.castingnews.eu\\\/magazine\\\/2025\\\/04\\\/17\\\/mel-gibson-torna-a-dirigere-ad-agosto-iniziano-le-riprese-de-la-passione-di-cristo-resurrezione-tra-cinecitta-e-il-sud-italia\\\/\"]}]},{\"@type\":\"ImageObject\",\"inLanguage\":\"it-IT\",\"@id\":\"https:\\\/\\\/www.castingnews.eu\\\/magazine\\\/2025\\\/04\\\/17\\\/mel-gibson-torna-a-dirigere-ad-agosto-iniziano-le-riprese-de-la-passione-di-cristo-resurrezione-tra-cinecitta-e-il-sud-italia\\\/#primaryimage\",\"url\":\"https:\\\/\\\/www.castingnews.eu\\\/magazine\\\/wp-content\\\/uploads\\\/2025\\\/04\\\/La-passione-di-Cristo-Resurrezione-Mel-Gibson.png\",\"contentUrl\":\"https:\\\/\\\/www.castingnews.eu\\\/magazine\\\/wp-content\\\/uploads\\\/2025\\\/04\\\/La-passione-di-Cristo-Resurrezione-Mel-Gibson.png\",\"width\":1200,\"height\":676,\"caption\":\"La passione di Cristo di Mel Gibson\"},{\"@type\":\"BreadcrumbList\",\"@id\":\"https:\\\/\\\/www.castingnews.eu\\\/magazine\\\/2025\\\/04\\\/17\\\/mel-gibson-torna-a-dirigere-ad-agosto-iniziano-le-riprese-de-la-passione-di-cristo-resurrezione-tra-cinecitta-e-il-sud-italia\\\/#breadcrumb\",\"itemListElement\":[{\"@type\":\"ListItem\",\"position\":1,\"name\":\"Home\",\"item\":\"https:\\\/\\\/www.castingnews.eu\\\/magazine\\\/\"},{\"@type\":\"ListItem\",\"position\":2,\"name\":\"Mel Gibson torna a dirigere: ad agosto iniziano le riprese de &#8220;La passione di Cristo: Resurrezione&#8221; tra Cinecitt\u00e0 e il Sud Italia\"}]},{\"@type\":\"WebSite\",\"@id\":\"https:\\\/\\\/www.castingnews.eu\\\/magazine\\\/#website\",\"url\":\"https:\\\/\\\/www.castingnews.eu\\\/magazine\\\/\",\"name\":\"Casting News Magazine\",\"description\":\"News e aggiornamenti sui film, serie tv, teatro e festival italiani ed internazionali\",\"potentialAction\":[{\"@type\":\"SearchAction\",\"target\":{\"@type\":\"EntryPoint\",\"urlTemplate\":\"https:\\\/\\\/www.castingnews.eu\\\/magazine\\\/?s={search_term_string}\"},\"query-input\":{\"@type\":\"PropertyValueSpecification\",\"valueRequired\":true,\"valueName\":\"search_term_string\"}}],\"inLanguage\":\"it-IT\"},{\"@type\":\"Person\",\"@id\":\"https:\\\/\\\/www.castingnews.eu\\\/magazine\\\/#\\\/schema\\\/person\\\/099d71c568c9a7e5e4037b1594108f17\",\"name\":\"Redazione\",\"image\":{\"@type\":\"ImageObject\",\"inLanguage\":\"it-IT\",\"@id\":\"https:\\\/\\\/secure.gravatar.com\\\/avatar\\\/b73a087aa3bd279fb70d24f1960a91c82cf67619395b60b564c90e9e5d5325fc?s=96&d=mm&r=g\",\"url\":\"https:\\\/\\\/secure.gravatar.com\\\/avatar\\\/b73a087aa3bd279fb70d24f1960a91c82cf67619395b60b564c90e9e5d5325fc?s=96&d=mm&r=g\",\"contentUrl\":\"https:\\\/\\\/secure.gravatar.com\\\/avatar\\\/b73a087aa3bd279fb70d24f1960a91c82cf67619395b60b564c90e9e5d5325fc?s=96&d=mm&r=g\",\"caption\":\"Redazione\"},\"description\":\"News e aggiornamenti sui film, serie tv, teatro e festival italiani ed internazionali.\",\"url\":\"https:\\\/\\\/www.castingnews.eu\\\/magazine\\\/author\\\/redazione\\\/\"}]}<\/script>\r\n<!-- \/ Yoast SEO plugin. -->","yoast_head_json":{"title":"Mel Gibson torna a dirigere: ad agosto iniziano le riprese de \"La passione di Cristo: Resurrezione\" tra Cinecitt\u00e0 e il Sud Italia - Casting News Magazine","description":"Mel Gibson torna alla regia con \"La passione di Cristo: Resurrezione\", le cui riprese inizieranno ad agosto tra Cinecitt\u00e0 e il Sud Italia.","robots":{"index":"index","follow":"follow","max-snippet":"max-snippet:-1","max-image-preview":"max-image-preview:large","max-video-preview":"max-video-preview:-1"},"canonical":"https:\/\/www.castingnews.eu\/magazine\/2025\/04\/17\/mel-gibson-torna-a-dirigere-ad-agosto-iniziano-le-riprese-de-la-passione-di-cristo-resurrezione-tra-cinecitta-e-il-sud-italia\/","og_locale":"it_IT","og_type":"article","og_title":"Mel Gibson torna a dirigere: ad agosto iniziano le riprese de \"La passione di Cristo: Resurrezione\" tra Cinecitt\u00e0 e il Sud Italia - Casting News Magazine","og_description":"Mel Gibson torna alla regia con \"La passione di Cristo: Resurrezione\", le cui riprese inizieranno ad agosto tra Cinecitt\u00e0 e il Sud Italia.","og_url":"https:\/\/www.castingnews.eu\/magazine\/2025\/04\/17\/mel-gibson-torna-a-dirigere-ad-agosto-iniziano-le-riprese-de-la-passione-di-cristo-resurrezione-tra-cinecitta-e-il-sud-italia\/","og_site_name":"Casting News Magazine","article_published_time":"2025-04-17T16:33:00+00:00","article_modified_time":"2025-05-18T17:51:30+00:00","og_image":[{"width":1200,"height":676,"url":"https:\/\/www.castingnews.eu\/magazine\/wp-content\/uploads\/2025\/04\/La-passione-di-Cristo-Resurrezione-Mel-Gibson.png","type":"image\/png"}],"author":"Redazione","twitter_card":"summary_large_image","twitter_misc":{"Scritto da":"Redazione","Tempo di lettura stimato":"2 minuti"},"schema":{"@context":"https:\/\/schema.org","@graph":[{"@type":"Article","@id":"https:\/\/www.castingnews.eu\/magazine\/2025\/04\/17\/mel-gibson-torna-a-dirigere-ad-agosto-iniziano-le-riprese-de-la-passione-di-cristo-resurrezione-tra-cinecitta-e-il-sud-italia\/#article","isPartOf":{"@id":"https:\/\/www.castingnews.eu\/magazine\/2025\/04\/17\/mel-gibson-torna-a-dirigere-ad-agosto-iniziano-le-riprese-de-la-passione-di-cristo-resurrezione-tra-cinecitta-e-il-sud-italia\/"},"author":{"name":"Redazione","@id":"https:\/\/www.castingnews.eu\/magazine\/#\/schema\/person\/099d71c568c9a7e5e4037b1594108f17"},"headline":"Mel Gibson torna a dirigere: ad agosto iniziano le riprese de &#8220;La passione di Cristo: Resurrezione&#8221; tra Cinecitt\u00e0 e il Sud Italia","datePublished":"2025-04-17T16:33:00+00:00","dateModified":"2025-05-18T17:51:30+00:00","mainEntityOfPage":{"@id":"https:\/\/www.castingnews.eu\/magazine\/2025\/04\/17\/mel-gibson-torna-a-dirigere-ad-agosto-iniziano-le-riprese-de-la-passione-di-cristo-resurrezione-tra-cinecitta-e-il-sud-italia\/"},"wordCount":316,"commentCount":0,"image":{"@id":"https:\/\/www.castingnews.eu\/magazine\/2025\/04\/17\/mel-gibson-torna-a-dirigere-ad-agosto-iniziano-le-riprese-de-la-passione-di-cristo-resurrezione-tra-cinecitta-e-il-sud-italia\/#primaryimage"},"thumbnailUrl":"https:\/\/www.castingnews.eu\/magazine\/wp-content\/uploads\/2025\/04\/La-passione-di-Cristo-Resurrezione-Mel-Gibson.png","keywords":["Altamura","Casting Magazine","Casting News","Cinecitt\u00e0","cinema internazionale","film 2025","film Biblico","film religiosi","Ginosa","Gravina Laterza","Icon Productions","Jim Caviezel","La passione di Cristo: Resurrezione","La Resurrezione di Cristo","location cinematografiche Italia","Matera","Mel Gibson","Mel Gibson regista","produzione cinematografica","Randall Wallace","riprese in Italia","sequel La Passione di Cristo","The Resurrection of the Christ"],"articleSection":["Basilicata","Drammatico","In primo piano","Italia","Lazio","Primo piano","Progetti cinematografici","Puglia"],"inLanguage":"it-IT","potentialAction":[{"@type":"CommentAction","name":"Comment","target":["https:\/\/www.castingnews.eu\/magazine\/2025\/04\/17\/mel-gibson-torna-a-dirigere-ad-agosto-iniziano-le-riprese-de-la-passione-di-cristo-resurrezione-tra-cinecitta-e-il-sud-italia\/#respond"]}]},{"@type":"WebPage","@id":"https:\/\/www.castingnews.eu\/magazine\/2025\/04\/17\/mel-gibson-torna-a-dirigere-ad-agosto-iniziano-le-riprese-de-la-passione-di-cristo-resurrezione-tra-cinecitta-e-il-sud-italia\/","url":"https:\/\/www.castingnews.eu\/magazine\/2025\/04\/17\/mel-gibson-torna-a-dirigere-ad-agosto-iniziano-le-riprese-de-la-passione-di-cristo-resurrezione-tra-cinecitta-e-il-sud-italia\/","name":"Mel Gibson torna a dirigere: ad agosto iniziano le riprese de \"La passione di Cristo: Resurrezione\" tra Cinecitt\u00e0 e il Sud Italia - Casting News Magazine","isPartOf":{"@id":"https:\/\/www.castingnews.eu\/magazine\/#website"},"primaryImageOfPage":{"@id":"https:\/\/www.castingnews.eu\/magazine\/2025\/04\/17\/mel-gibson-torna-a-dirigere-ad-agosto-iniziano-le-riprese-de-la-passione-di-cristo-resurrezione-tra-cinecitta-e-il-sud-italia\/#primaryimage"},"image":{"@id":"https:\/\/www.castingnews.eu\/magazine\/2025\/04\/17\/mel-gibson-torna-a-dirigere-ad-agosto-iniziano-le-riprese-de-la-passione-di-cristo-resurrezione-tra-cinecitta-e-il-sud-italia\/#primaryimage"},"thumbnailUrl":"https:\/\/www.castingnews.eu\/magazine\/wp-content\/uploads\/2025\/04\/La-passione-di-Cristo-Resurrezione-Mel-Gibson.png","datePublished":"2025-04-17T16:33:00+00:00","dateModified":"2025-05-18T17:51:30+00:00","author":{"@id":"https:\/\/www.castingnews.eu\/magazine\/#\/schema\/person\/099d71c568c9a7e5e4037b1594108f17"},"description":"Mel Gibson torna alla regia con \"La passione di Cristo: Resurrezione\", le cui riprese inizieranno ad agosto tra Cinecitt\u00e0 e il Sud Italia.","breadcrumb":{"@id":"https:\/\/www.castingnews.eu\/magazine\/2025\/04\/17\/mel-gibson-torna-a-dirigere-ad-agosto-iniziano-le-riprese-de-la-passione-di-cristo-resurrezione-tra-cinecitta-e-il-sud-italia\/#breadcrumb"},"inLanguage":"it-IT","potentialAction":[{"@type":"ReadAction","target":["https:\/\/www.castingnews.eu\/magazine\/2025\/04\/17\/mel-gibson-torna-a-dirigere-ad-agosto-iniziano-le-riprese-de-la-passione-di-cristo-resurrezione-tra-cinecitta-e-il-sud-italia\/"]}]},{"@type":"ImageObject","inLanguage":"it-IT","@id":"https:\/\/www.castingnews.eu\/magazine\/2025\/04\/17\/mel-gibson-torna-a-dirigere-ad-agosto-iniziano-le-riprese-de-la-passione-di-cristo-resurrezione-tra-cinecitta-e-il-sud-italia\/#primaryimage","url":"https:\/\/www.castingnews.eu\/magazine\/wp-content\/uploads\/2025\/04\/La-passione-di-Cristo-Resurrezione-Mel-Gibson.png","contentUrl":"https:\/\/www.castingnews.eu\/magazine\/wp-content\/uploads\/2025\/04\/La-passione-di-Cristo-Resurrezione-Mel-Gibson.png","width":1200,"height":676,"caption":"La passione di Cristo di Mel Gibson"},{"@type":"BreadcrumbList","@id":"https:\/\/www.castingnews.eu\/magazine\/2025\/04\/17\/mel-gibson-torna-a-dirigere-ad-agosto-iniziano-le-riprese-de-la-passione-di-cristo-resurrezione-tra-cinecitta-e-il-sud-italia\/#breadcrumb","itemListElement":[{"@type":"ListItem","position":1,"name":"Home","item":"https:\/\/www.castingnews.eu\/magazine\/"},{"@type":"ListItem","position":2,"name":"Mel Gibson torna a dirigere: ad agosto iniziano le riprese de &#8220;La passione di Cristo: Resurrezione&#8221; tra Cinecitt\u00e0 e il Sud Italia"}]},{"@type":"WebSite","@id":"https:\/\/www.castingnews.eu\/magazine\/#website","url":"https:\/\/www.castingnews.eu\/magazine\/","name":"Casting News Magazine","description":"News e aggiornamenti sui film, serie tv, teatro e festival italiani ed internazionali","potentialAction":[{"@type":"SearchAction","target":{"@type":"EntryPoint","urlTemplate":"https:\/\/www.castingnews.eu\/magazine\/?s={search_term_string}"},"query-input":{"@type":"PropertyValueSpecification","valueRequired":true,"valueName":"search_term_string"}}],"inLanguage":"it-IT"},{"@type":"Person","@id":"https:\/\/www.castingnews.eu\/magazine\/#\/schema\/person\/099d71c568c9a7e5e4037b1594108f17","name":"Redazione","image":{"@type":"ImageObject","inLanguage":"it-IT","@id":"https:\/\/secure.gravatar.com\/avatar\/b73a087aa3bd279fb70d24f1960a91c82cf67619395b60b564c90e9e5d5325fc?s=96&d=mm&r=g","url":"https:\/\/secure.gravatar.com\/avatar\/b73a087aa3bd279fb70d24f1960a91c82cf67619395b60b564c90e9e5d5325fc?s=96&d=mm&r=g","contentUrl":"https:\/\/secure.gravatar.com\/avatar\/b73a087aa3bd279fb70d24f1960a91c82cf67619395b60b564c90e9e5d5325fc?s=96&d=mm&r=g","caption":"Redazione"},"description":"News e aggiornamenti sui film, serie tv, teatro e festival italiani ed internazionali.","url":"https:\/\/www.castingnews.eu\/magazine\/author\/redazione\/"}]}},"_links":{"self":[{"href":"https:\/\/www.castingnews.eu\/magazine\/wp-json\/wp\/v2\/posts\/9851","targetHints":{"allow":["GET"]}}],"collection":[{"href":"https:\/\/www.castingnews.eu\/magazine\/wp-json\/wp\/v2\/posts"}],"about":[{"href":"https:\/\/www.castingnews.eu\/magazine\/wp-json\/wp\/v2\/types\/post"}],"author":[{"embeddable":true,"href":"https:\/\/www.castingnews.eu\/magazine\/wp-json\/wp\/v2\/users\/1"}],"replies":[{"embeddable":true,"href":"https:\/\/www.castingnews.eu\/magazine\/wp-json\/wp\/v2\/comments?post=9851"}],"version-history":[{"count":4,"href":"https:\/\/www.castingnews.eu\/magazine\/wp-json\/wp\/v2\/posts\/9851\/revisions"}],"predecessor-version":[{"id":10064,"href":"https:\/\/www.castingnews.eu\/magazine\/wp-json\/wp\/v2\/posts\/9851\/revisions\/10064"}],"wp:featuredmedia":[{"embeddable":true,"href":"https:\/\/www.castingnews.eu\/magazine\/wp-json\/wp\/v2\/media\/9854"}],"wp:attachment":[{"href":"https:\/\/www.castingnews.eu\/magazine\/wp-json\/wp\/v2\/media?parent=9851"}],"wp:term":[{"taxonomy":"category","embeddable":true,"href":"https:\/\/www.castingnews.eu\/magazine\/wp-json\/wp\/v2\/categories?post=9851"},{"taxonomy":"post_tag","embeddable":true,"href":"https:\/\/www.castingnews.eu\/magazine\/wp-json\/wp\/v2\/tags?post=9851"}],"curies":[{"name":"wp","href":"https:\/\/api.w.org\/{rel}","templated":true}]}}