{"id":9777,"date":"2025-04-07T14:52:37","date_gmt":"2025-04-07T12:52:37","guid":{"rendered":"https:\/\/www.castingnews.eu\/magazine\/?p=9777"},"modified":"2025-04-07T14:52:40","modified_gmt":"2025-04-07T12:52:40","slug":"la-fossa-delle-marianne-arriva-al-cinema-un-toccante-viaggio-tra-dolore-e-rinascita","status":"publish","type":"post","link":"https:\/\/www.castingnews.eu\/magazine\/2025\/04\/07\/la-fossa-delle-marianne-arriva-al-cinema-un-toccante-viaggio-tra-dolore-e-rinascita\/","title":{"rendered":"\u201cLa Fossa delle Marianne\u201d arriva al cinema: un toccante viaggio tra dolore e rinascita"},"content":{"rendered":"\n<p>Dopo aver commosso il pubblico in Germania e Austria, <em><strong>La Fossa delle Marianne<\/strong><\/em>, opera prima della regista e sceneggiatrice<strong> Eileen Byrne<\/strong>, arriva nelle <strong>sale italiane<\/strong> il 24 aprile, distribuito da Trent Film. Il film, tratto dall\u2019omonimo romanzo bestseller della biologa e scrittrice tedesca Jasmin Schreiber (pubblicato in Italia da Alphabeta), \u00e8 un delicato e profondo road movie che intreccia lutto e riscoperta della vita con tocco lieve e sensibilit\u00e0 rara. Gi\u00e0 premiato al San Diego International Film Festival 2024, il film verr\u00e0 presentato in anteprima nazionale il 12 aprile come titolo di chiusura del Bolzano Film Festival.<\/p><div class=\"6d3639e8c6ac292cde400fad8ff8a5b9\" data-index=\"1\" style=\"float: none; margin:10px 0 10px 0; text-align:center;\">\n<script async src=\"\/\/pagead2.googlesyndication.com\/pagead\/js\/adsbygoogle.js\"><\/script>\r\n<!-- Casting Bambini NEW -->\r\n<ins class=\"adsbygoogle\"\r\n     style=\"display:inline-block;width:336px;height:280px\"\r\n     data-ad-client=\"ca-pub-5538097485429833\"\r\n     data-ad-slot=\"5127154445\"><\/ins>\r\n<script>\r\n(adsbygoogle = window.adsbygoogle || []).push({});\r\n<\/script>\n<\/div>\n\n\n\n\n<p>Nel suo debutto dietro la macchina da presa per il grande schermo, Byrne dirige un duo inedito e sorprendente: il veterano attore tedesco Edgar Selge (<em>The Experiment<\/em>) e la giovane promessa svizzera Luna Wedler (<em>Storia di mia moglie<\/em>). I due interpretano Helmut, anziano eccentrico e solitario, e Paula, ragazza fragile e chiusa in s\u00e9 dopo la perdita del fratello Tim. L\u2019incontro avviene in un cimitero, in circostanze tanto assurde quanto poetiche: Helmut \u00e8 intento a dissotterrare l\u2019urna della moglie per portarne le ceneri in Italia. Quasi per caso, Paula decide di seguirlo.<\/p>\n\n\n\n<p>Ha cos\u00ec inizio un viaggio on the road verso Trieste, tra le atmosfere intense dell\u2019Alto Adige e del Friuli Venezia Giulia, luoghi scelti per molte delle scene italiane. Nel corso del cammino, tra paesaggi suggestivi e silenzi condivisi, si sviluppa tra i due protagonisti un legame profondo e inatteso, capace di trasformare il dolore in una nuova apertura alla vita. Il film racconta con grazia l\u2019elaborazione del lutto, ma anche la possibilit\u00e0 di rinascere attraverso l\u2019incontro con l\u2019altro.<\/p>\n\n\n\n<figure class=\"wp-block-embed is-type-video is-provider-youtube wp-block-embed-youtube wp-embed-aspect-16-9 wp-has-aspect-ratio\"><div class=\"wp-block-embed__wrapper\">\n<div class=\"youtube-embed\" data-video_id=\"NEzKhRJixJ0\"><iframe loading=\"lazy\" title=\"&quot;La Fossa delle Marianne&quot; | dal 24 Aprile al cinema!\" width=\"696\" height=\"392\" src=\"https:\/\/www.youtube.com\/embed\/NEzKhRJixJ0?feature=oembed&#038;enablejsapi=1\" frameborder=\"0\" allow=\"accelerometer; autoplay; clipboard-write; encrypted-media; gyroscope; picture-in-picture; web-share\" referrerpolicy=\"strict-origin-when-cross-origin\" allowfullscreen><\/iframe><\/div>\n<\/div><\/figure>\n\n\n\n<p><em>&#8220;Ci\u00f2 che mi ha colpito gi\u00e0 dopo poche pagine \u00e8 la capacit\u00e0 con cui Jasmin Schreiber riesce a muoversi sul sottile confine tra tragedia e commedia&#8221;<\/em>, ha spiegato la regista Byrne. <em>&#8220;Ho avuto la sensazione che finalmente qualcuno stesse parlando la lingua che amo tanto. La tragicommedia mi ha fatto subito venir voglia di tradurre il romanzo in un linguaggio cinematografico. Per me era particolarmente importante restare fedele all&#8217;essenza dei personaggi e tracciare la linea sottile tra umorismo e dramma, proprio come aveva fatto Jasmin nel romanzo. Spero vivamente di esserci riuscita.&#8221;<\/em><\/p>\n\n\n\n<figure class=\"wp-block-gallery has-nested-images columns-default is-cropped wp-block-gallery-1 is-layout-flex wp-block-gallery-is-layout-flex\">\n<figure class=\"wp-block-image size-large\"><img loading=\"lazy\" decoding=\"async\" width=\"1024\" height=\"682\" data-id=\"9780\" src=\"https:\/\/www.castingnews.eu\/magazine\/wp-content\/uploads\/2025\/04\/MARIANENGRABEN-7-Luna-Wedler-Oliver-Oppitz-1024x682.jpg\" alt=\"La Fossa delle Marianne con Edgar Selge e Luna Wedler - Photo \u00a9 Oliver Oppitz\" class=\"wp-image-9780\" srcset=\"https:\/\/www.castingnews.eu\/magazine\/wp-content\/uploads\/2025\/04\/MARIANENGRABEN-7-Luna-Wedler-Oliver-Oppitz-1024x682.jpg 1024w, https:\/\/www.castingnews.eu\/magazine\/wp-content\/uploads\/2025\/04\/MARIANENGRABEN-7-Luna-Wedler-Oliver-Oppitz-300x200.jpg 300w, https:\/\/www.castingnews.eu\/magazine\/wp-content\/uploads\/2025\/04\/MARIANENGRABEN-7-Luna-Wedler-Oliver-Oppitz-768x512.jpg 768w, https:\/\/www.castingnews.eu\/magazine\/wp-content\/uploads\/2025\/04\/MARIANENGRABEN-7-Luna-Wedler-Oliver-Oppitz-630x420.jpg 630w, https:\/\/www.castingnews.eu\/magazine\/wp-content\/uploads\/2025\/04\/MARIANENGRABEN-7-Luna-Wedler-Oliver-Oppitz-696x464.jpg 696w, https:\/\/www.castingnews.eu\/magazine\/wp-content\/uploads\/2025\/04\/MARIANENGRABEN-7-Luna-Wedler-Oliver-Oppitz-1068x712.jpg 1068w, https:\/\/www.castingnews.eu\/magazine\/wp-content\/uploads\/2025\/04\/MARIANENGRABEN-7-Luna-Wedler-Oliver-Oppitz.jpg 1400w\" sizes=\"auto, (max-width: 1024px) 100vw, 1024px\" \/><figcaption class=\"wp-element-caption\">La Fossa delle Marianne con Edgar Selge e Luna Wedler &#8211; Photo \u00a9 Oliver Oppitz<\/figcaption><\/figure>\n\n\n\n<figure class=\"wp-block-image size-large\"><img loading=\"lazy\" decoding=\"async\" width=\"1024\" height=\"682\" data-id=\"9779\" src=\"https:\/\/www.castingnews.eu\/magazine\/wp-content\/uploads\/2025\/04\/MARIANENGRABEN-3-Edgar-Selge-e-Luna-Wedler-Olivier-Oppitz-1024x682.jpg\" alt=\"La Fossa delle Marianne con Edgar Selge e Luna Wedler - Photo \u00a9 Oliver Oppitz\" class=\"wp-image-9779\" srcset=\"https:\/\/www.castingnews.eu\/magazine\/wp-content\/uploads\/2025\/04\/MARIANENGRABEN-3-Edgar-Selge-e-Luna-Wedler-Olivier-Oppitz-1024x682.jpg 1024w, https:\/\/www.castingnews.eu\/magazine\/wp-content\/uploads\/2025\/04\/MARIANENGRABEN-3-Edgar-Selge-e-Luna-Wedler-Olivier-Oppitz-300x200.jpg 300w, https:\/\/www.castingnews.eu\/magazine\/wp-content\/uploads\/2025\/04\/MARIANENGRABEN-3-Edgar-Selge-e-Luna-Wedler-Olivier-Oppitz-768x512.jpg 768w, https:\/\/www.castingnews.eu\/magazine\/wp-content\/uploads\/2025\/04\/MARIANENGRABEN-3-Edgar-Selge-e-Luna-Wedler-Olivier-Oppitz-630x420.jpg 630w, https:\/\/www.castingnews.eu\/magazine\/wp-content\/uploads\/2025\/04\/MARIANENGRABEN-3-Edgar-Selge-e-Luna-Wedler-Olivier-Oppitz-696x464.jpg 696w, https:\/\/www.castingnews.eu\/magazine\/wp-content\/uploads\/2025\/04\/MARIANENGRABEN-3-Edgar-Selge-e-Luna-Wedler-Olivier-Oppitz-1068x712.jpg 1068w, https:\/\/www.castingnews.eu\/magazine\/wp-content\/uploads\/2025\/04\/MARIANENGRABEN-3-Edgar-Selge-e-Luna-Wedler-Olivier-Oppitz.jpg 1400w\" sizes=\"auto, (max-width: 1024px) 100vw, 1024px\" \/><figcaption class=\"wp-element-caption\">La Fossa delle Marianne con Edgar Selge e Luna Wedler &#8211; Photo \u00a9 Oliver Oppitz<\/figcaption><\/figure>\n\n\n\n<figure class=\"wp-block-image size-large\"><img loading=\"lazy\" decoding=\"async\" width=\"1024\" height=\"682\" data-id=\"9778\" src=\"https:\/\/www.castingnews.eu\/magazine\/wp-content\/uploads\/2025\/04\/MARIANENGRABEN-15-Edgar-Selge-e-Luna-Wedler-Oliver-Oppitz-1024x682.jpg\" alt=\"La Fossa delle Marianne con Edgar Selge e Luna Wedler - Photo \u00a9 Oliver Oppitz\" class=\"wp-image-9778\" srcset=\"https:\/\/www.castingnews.eu\/magazine\/wp-content\/uploads\/2025\/04\/MARIANENGRABEN-15-Edgar-Selge-e-Luna-Wedler-Oliver-Oppitz-1024x682.jpg 1024w, https:\/\/www.castingnews.eu\/magazine\/wp-content\/uploads\/2025\/04\/MARIANENGRABEN-15-Edgar-Selge-e-Luna-Wedler-Oliver-Oppitz-300x200.jpg 300w, https:\/\/www.castingnews.eu\/magazine\/wp-content\/uploads\/2025\/04\/MARIANENGRABEN-15-Edgar-Selge-e-Luna-Wedler-Oliver-Oppitz-768x512.jpg 768w, https:\/\/www.castingnews.eu\/magazine\/wp-content\/uploads\/2025\/04\/MARIANENGRABEN-15-Edgar-Selge-e-Luna-Wedler-Oliver-Oppitz-630x420.jpg 630w, https:\/\/www.castingnews.eu\/magazine\/wp-content\/uploads\/2025\/04\/MARIANENGRABEN-15-Edgar-Selge-e-Luna-Wedler-Oliver-Oppitz-696x464.jpg 696w, https:\/\/www.castingnews.eu\/magazine\/wp-content\/uploads\/2025\/04\/MARIANENGRABEN-15-Edgar-Selge-e-Luna-Wedler-Oliver-Oppitz-1068x712.jpg 1068w, https:\/\/www.castingnews.eu\/magazine\/wp-content\/uploads\/2025\/04\/MARIANENGRABEN-15-Edgar-Selge-e-Luna-Wedler-Oliver-Oppitz.jpg 1400w\" sizes=\"auto, (max-width: 1024px) 100vw, 1024px\" \/><figcaption class=\"wp-element-caption\">La Fossa delle Marianne con Edgar Selge e Luna Wedler &#8211; Photo \u00a9 Oliver Oppitz<\/figcaption><\/figure>\n<\/figure>\n\n\n\n<p><strong>Sinossi<\/strong><br>Paula \u00e8 devastata dalla perdita del fratello Tim. La sua vita si \u00e8 fermata, il dolore \u00e8 diventato ingombrante e silenzioso. Una notte, durante una visita al cimitero, incontra Helmut, un anziano solitario impegnato in una missione tutta sua: riportare in Italia l\u2019urna della moglie. Da questo bizzarro incontro prende il via un viaggio imprevisto e trasformativo. Attraverso le tappe di una rotta che li conduce a Trieste, Paula e Helmut imparano a conoscersi, a fidarsi e a lasciarsi attraversare dalle emozioni. Il loro cammino diventa occasione di rinascita, tra risate, silenzi e una sorprendente amicizia che li riavvicina alla vita.<\/p>\n\n\n\n<p><em>La Fossa delle Marianne<\/em> \u00e8 un racconto solare e profondamente umano, un elogio alla fragilit\u00e0 e alla forza che si nasconde nelle relazioni autentiche. Un film che emoziona e fa riflettere, con la delicatezza di una carezza.<\/p>\n\n\n\n<p>Iscriviti alla&nbsp;<strong><a href=\"https:\/\/www.castingnewsletter.eu\/CastingNewsPro\/\" target=\"_blank\" rel=\"noreferrer noopener\">newsletter giornaliera<\/a><\/strong>&nbsp;di Casting News Professional per ricevere le ultime notizie sui casting aperti, provini e audizioni.<\/p>\n\n<div style=\"font-size: 0px; height: 0px; line-height: 0px; margin: 0; padding: 0; clear: both;\"><\/div>","protected":false},"excerpt":{"rendered":"<p>Dopo aver commosso il pubblico in Germania e Austria, La Fossa delle Marianne, opera prima della regista e sceneggiatrice Eileen Byrne, arriva nelle sale italiane il 24 aprile, distribuito da Trent Film. Il film, tratto dall\u2019omonimo romanzo bestseller della biologa e scrittrice tedesca Jasmin Schreiber (pubblicato in Italia da Alphabeta), \u00e8 un delicato e profondo [&hellip;]<\/p>\n","protected":false},"author":1,"featured_media":9778,"comment_status":"open","ping_status":"open","sticky":false,"template":"","format":"standard","meta":{"tdm_status":"","tdm_grid_status":"","footnotes":""},"categories":[3742,64,1533,71,7135,30],"tags":[7131,7129,272,273,7130,7121,7128,7122,7120,7125,6806,7132,6213,7134,2007,7124,7123,7119,7133,3359,7127,7126,2005],"class_list":{"0":"post-9777","1":"post","2":"type-post","3":"status-publish","4":"format-standard","5":"has-post-thumbnail","7":"category-austria","8":"category-drammatico","9":"category-featured","10":"category-italia-paese","11":"category-lussemburgo","12":"category-progetti-cinematografici","13":"tag-alto-adige","14":"tag-bolzano-film-festival","15":"tag-casting-magazine","16":"tag-casting-news","17":"tag-cinema-europeo","18":"tag-cinema-tedesco","19":"tag-distribuzione-trent-film","20":"tag-edgar-selge","21":"tag-eileen-byrne","22":"tag-film-2024","23":"tag-film-drammatico","24":"tag-film-girato-in-italia","25":"tag-film-indipendente","26":"tag-film-tratto-da-romanzo","27":"tag-friuli-venezia-giulia","28":"tag-jasmin-schreiber","29":"tag-la-fossa-delle-marianne","30":"tag-luna-wedler","31":"tag-lutto-e-rinascita","32":"tag-road-movie","33":"tag-san-diego-international-film-festival","34":"tag-tragicommedia","35":"tag-trieste"},"yoast_head":"<!-- This site is optimized with the Yoast SEO plugin v27.4 - https:\/\/yoast.com\/product\/yoast-seo-wordpress\/ -->\r\n<title>\u201cLa Fossa delle Marianne\u201d arriva al cinema: un toccante viaggio tra dolore e rinascita - Casting News Magazine<\/title>\r\n<meta name=\"description\" content=\"Il film \u201cLa Fossa delle Marianne\u201d di Eileen Byrne arriva nelle sale italiane il 24 aprile dopo il successo in Germania e Austria.\" \/>\r\n<meta name=\"robots\" content=\"index, follow, max-snippet:-1, max-image-preview:large, max-video-preview:-1\" \/>\r\n<link rel=\"canonical\" href=\"https:\/\/www.castingnews.eu\/magazine\/2025\/04\/07\/la-fossa-delle-marianne-arriva-al-cinema-un-toccante-viaggio-tra-dolore-e-rinascita\/\" \/>\r\n<meta property=\"og:locale\" content=\"it_IT\" \/>\r\n<meta property=\"og:type\" content=\"article\" \/>\r\n<meta property=\"og:title\" content=\"\u201cLa Fossa delle Marianne\u201d arriva al cinema: un toccante viaggio tra dolore e rinascita - Casting News Magazine\" \/>\r\n<meta property=\"og:description\" content=\"Il film \u201cLa Fossa delle Marianne\u201d di Eileen Byrne arriva nelle sale italiane il 24 aprile dopo il successo in Germania e Austria.\" \/>\r\n<meta property=\"og:url\" content=\"https:\/\/www.castingnews.eu\/magazine\/2025\/04\/07\/la-fossa-delle-marianne-arriva-al-cinema-un-toccante-viaggio-tra-dolore-e-rinascita\/\" \/>\r\n<meta property=\"og:site_name\" content=\"Casting News Magazine\" \/>\r\n<meta property=\"article:published_time\" content=\"2025-04-07T12:52:37+00:00\" \/>\r\n<meta property=\"article:modified_time\" content=\"2025-04-07T12:52:40+00:00\" \/>\r\n<meta property=\"og:image\" content=\"https:\/\/www.castingnews.eu\/magazine\/wp-content\/uploads\/2025\/04\/MARIANENGRABEN-15-Edgar-Selge-e-Luna-Wedler-Oliver-Oppitz.jpg\" \/>\r\n\t<meta property=\"og:image:width\" content=\"1400\" \/>\r\n\t<meta property=\"og:image:height\" content=\"933\" \/>\r\n\t<meta property=\"og:image:type\" content=\"image\/jpeg\" \/>\r\n<meta name=\"author\" content=\"Redazione\" \/>\r\n<meta name=\"twitter:card\" content=\"summary_large_image\" \/>\r\n<meta name=\"twitter:label1\" content=\"Scritto da\" \/>\n\t<meta name=\"twitter:data1\" content=\"Redazione\" \/>\n\t<meta name=\"twitter:label2\" content=\"Tempo di lettura stimato\" \/>\n\t<meta name=\"twitter:data2\" content=\"4 minuti\" \/>\r\n<script type=\"application\/ld+json\" class=\"yoast-schema-graph\">{\"@context\":\"https:\\\/\\\/schema.org\",\"@graph\":[{\"@type\":\"Article\",\"@id\":\"https:\\\/\\\/www.castingnews.eu\\\/magazine\\\/2025\\\/04\\\/07\\\/la-fossa-delle-marianne-arriva-al-cinema-un-toccante-viaggio-tra-dolore-e-rinascita\\\/#article\",\"isPartOf\":{\"@id\":\"https:\\\/\\\/www.castingnews.eu\\\/magazine\\\/2025\\\/04\\\/07\\\/la-fossa-delle-marianne-arriva-al-cinema-un-toccante-viaggio-tra-dolore-e-rinascita\\\/\"},\"author\":{\"name\":\"Redazione\",\"@id\":\"https:\\\/\\\/www.castingnews.eu\\\/magazine\\\/#\\\/schema\\\/person\\\/099d71c568c9a7e5e4037b1594108f17\"},\"headline\":\"\u201cLa Fossa delle Marianne\u201d arriva al cinema: un toccante viaggio tra dolore e rinascita\",\"datePublished\":\"2025-04-07T12:52:37+00:00\",\"dateModified\":\"2025-04-07T12:52:40+00:00\",\"mainEntityOfPage\":{\"@id\":\"https:\\\/\\\/www.castingnews.eu\\\/magazine\\\/2025\\\/04\\\/07\\\/la-fossa-delle-marianne-arriva-al-cinema-un-toccante-viaggio-tra-dolore-e-rinascita\\\/\"},\"wordCount\":581,\"commentCount\":0,\"image\":{\"@id\":\"https:\\\/\\\/www.castingnews.eu\\\/magazine\\\/2025\\\/04\\\/07\\\/la-fossa-delle-marianne-arriva-al-cinema-un-toccante-viaggio-tra-dolore-e-rinascita\\\/#primaryimage\"},\"thumbnailUrl\":\"https:\\\/\\\/www.castingnews.eu\\\/magazine\\\/wp-content\\\/uploads\\\/2025\\\/04\\\/MARIANENGRABEN-15-Edgar-Selge-e-Luna-Wedler-Oliver-Oppitz.jpg\",\"keywords\":[\"Alto Adige\",\"Bolzano Film Festival\",\"Casting Magazine\",\"Casting News\",\"cinema europeo\",\"cinema tedesco\",\"distribuzione Trent Film\",\"Edgar Selge\",\"Eileen Byrne\",\"film 2024\",\"film drammatico\",\"film girato in Italia\",\"film indipendente\",\"film tratto da romanzo\",\"Friuli-Venezia Giulia\",\"Jasmin Schreiber\",\"La Fossa delle Marianne\",\"Luna Wedler\",\"lutto e rinascita\",\"road movie\",\"San Diego International Film Festival\",\"tragicommedia\",\"Trieste\"],\"articleSection\":[\"Austria\",\"Drammatico\",\"In primo piano\",\"Italia\",\"Lussemburgo\",\"Progetti cinematografici\"],\"inLanguage\":\"it-IT\",\"potentialAction\":[{\"@type\":\"CommentAction\",\"name\":\"Comment\",\"target\":[\"https:\\\/\\\/www.castingnews.eu\\\/magazine\\\/2025\\\/04\\\/07\\\/la-fossa-delle-marianne-arriva-al-cinema-un-toccante-viaggio-tra-dolore-e-rinascita\\\/#respond\"]}]},{\"@type\":\"WebPage\",\"@id\":\"https:\\\/\\\/www.castingnews.eu\\\/magazine\\\/2025\\\/04\\\/07\\\/la-fossa-delle-marianne-arriva-al-cinema-un-toccante-viaggio-tra-dolore-e-rinascita\\\/\",\"url\":\"https:\\\/\\\/www.castingnews.eu\\\/magazine\\\/2025\\\/04\\\/07\\\/la-fossa-delle-marianne-arriva-al-cinema-un-toccante-viaggio-tra-dolore-e-rinascita\\\/\",\"name\":\"\u201cLa Fossa delle Marianne\u201d arriva al cinema: un toccante viaggio tra dolore e rinascita - Casting News Magazine\",\"isPartOf\":{\"@id\":\"https:\\\/\\\/www.castingnews.eu\\\/magazine\\\/#website\"},\"primaryImageOfPage\":{\"@id\":\"https:\\\/\\\/www.castingnews.eu\\\/magazine\\\/2025\\\/04\\\/07\\\/la-fossa-delle-marianne-arriva-al-cinema-un-toccante-viaggio-tra-dolore-e-rinascita\\\/#primaryimage\"},\"image\":{\"@id\":\"https:\\\/\\\/www.castingnews.eu\\\/magazine\\\/2025\\\/04\\\/07\\\/la-fossa-delle-marianne-arriva-al-cinema-un-toccante-viaggio-tra-dolore-e-rinascita\\\/#primaryimage\"},\"thumbnailUrl\":\"https:\\\/\\\/www.castingnews.eu\\\/magazine\\\/wp-content\\\/uploads\\\/2025\\\/04\\\/MARIANENGRABEN-15-Edgar-Selge-e-Luna-Wedler-Oliver-Oppitz.jpg\",\"datePublished\":\"2025-04-07T12:52:37+00:00\",\"dateModified\":\"2025-04-07T12:52:40+00:00\",\"author\":{\"@id\":\"https:\\\/\\\/www.castingnews.eu\\\/magazine\\\/#\\\/schema\\\/person\\\/099d71c568c9a7e5e4037b1594108f17\"},\"description\":\"Il film \u201cLa Fossa delle Marianne\u201d di Eileen Byrne arriva nelle sale italiane il 24 aprile dopo il successo in Germania e Austria.\",\"breadcrumb\":{\"@id\":\"https:\\\/\\\/www.castingnews.eu\\\/magazine\\\/2025\\\/04\\\/07\\\/la-fossa-delle-marianne-arriva-al-cinema-un-toccante-viaggio-tra-dolore-e-rinascita\\\/#breadcrumb\"},\"inLanguage\":\"it-IT\",\"potentialAction\":[{\"@type\":\"ReadAction\",\"target\":[\"https:\\\/\\\/www.castingnews.eu\\\/magazine\\\/2025\\\/04\\\/07\\\/la-fossa-delle-marianne-arriva-al-cinema-un-toccante-viaggio-tra-dolore-e-rinascita\\\/\"]}]},{\"@type\":\"ImageObject\",\"inLanguage\":\"it-IT\",\"@id\":\"https:\\\/\\\/www.castingnews.eu\\\/magazine\\\/2025\\\/04\\\/07\\\/la-fossa-delle-marianne-arriva-al-cinema-un-toccante-viaggio-tra-dolore-e-rinascita\\\/#primaryimage\",\"url\":\"https:\\\/\\\/www.castingnews.eu\\\/magazine\\\/wp-content\\\/uploads\\\/2025\\\/04\\\/MARIANENGRABEN-15-Edgar-Selge-e-Luna-Wedler-Oliver-Oppitz.jpg\",\"contentUrl\":\"https:\\\/\\\/www.castingnews.eu\\\/magazine\\\/wp-content\\\/uploads\\\/2025\\\/04\\\/MARIANENGRABEN-15-Edgar-Selge-e-Luna-Wedler-Oliver-Oppitz.jpg\",\"width\":1400,\"height\":933,\"caption\":\"La Fossa delle Marianne con Edgar Selge e Luna Wedler - Photo \u00a9 Oliver Oppitz\"},{\"@type\":\"BreadcrumbList\",\"@id\":\"https:\\\/\\\/www.castingnews.eu\\\/magazine\\\/2025\\\/04\\\/07\\\/la-fossa-delle-marianne-arriva-al-cinema-un-toccante-viaggio-tra-dolore-e-rinascita\\\/#breadcrumb\",\"itemListElement\":[{\"@type\":\"ListItem\",\"position\":1,\"name\":\"Home\",\"item\":\"https:\\\/\\\/www.castingnews.eu\\\/magazine\\\/\"},{\"@type\":\"ListItem\",\"position\":2,\"name\":\"\u201cLa Fossa delle Marianne\u201d arriva al cinema: un toccante viaggio tra dolore e rinascita\"}]},{\"@type\":\"WebSite\",\"@id\":\"https:\\\/\\\/www.castingnews.eu\\\/magazine\\\/#website\",\"url\":\"https:\\\/\\\/www.castingnews.eu\\\/magazine\\\/\",\"name\":\"Casting News Magazine\",\"description\":\"News e aggiornamenti sui film, serie tv, teatro e festival italiani ed internazionali\",\"potentialAction\":[{\"@type\":\"SearchAction\",\"target\":{\"@type\":\"EntryPoint\",\"urlTemplate\":\"https:\\\/\\\/www.castingnews.eu\\\/magazine\\\/?s={search_term_string}\"},\"query-input\":{\"@type\":\"PropertyValueSpecification\",\"valueRequired\":true,\"valueName\":\"search_term_string\"}}],\"inLanguage\":\"it-IT\"},{\"@type\":\"Person\",\"@id\":\"https:\\\/\\\/www.castingnews.eu\\\/magazine\\\/#\\\/schema\\\/person\\\/099d71c568c9a7e5e4037b1594108f17\",\"name\":\"Redazione\",\"image\":{\"@type\":\"ImageObject\",\"inLanguage\":\"it-IT\",\"@id\":\"https:\\\/\\\/secure.gravatar.com\\\/avatar\\\/b73a087aa3bd279fb70d24f1960a91c82cf67619395b60b564c90e9e5d5325fc?s=96&d=mm&r=g\",\"url\":\"https:\\\/\\\/secure.gravatar.com\\\/avatar\\\/b73a087aa3bd279fb70d24f1960a91c82cf67619395b60b564c90e9e5d5325fc?s=96&d=mm&r=g\",\"contentUrl\":\"https:\\\/\\\/secure.gravatar.com\\\/avatar\\\/b73a087aa3bd279fb70d24f1960a91c82cf67619395b60b564c90e9e5d5325fc?s=96&d=mm&r=g\",\"caption\":\"Redazione\"},\"description\":\"News e aggiornamenti sui film, serie tv, teatro e festival italiani ed internazionali.\",\"url\":\"https:\\\/\\\/www.castingnews.eu\\\/magazine\\\/author\\\/redazione\\\/\"}]}<\/script>\r\n<!-- \/ Yoast SEO plugin. -->","yoast_head_json":{"title":"\u201cLa Fossa delle Marianne\u201d arriva al cinema: un toccante viaggio tra dolore e rinascita - Casting News Magazine","description":"Il film \u201cLa Fossa delle Marianne\u201d di Eileen Byrne arriva nelle sale italiane il 24 aprile dopo il successo in Germania e Austria.","robots":{"index":"index","follow":"follow","max-snippet":"max-snippet:-1","max-image-preview":"max-image-preview:large","max-video-preview":"max-video-preview:-1"},"canonical":"https:\/\/www.castingnews.eu\/magazine\/2025\/04\/07\/la-fossa-delle-marianne-arriva-al-cinema-un-toccante-viaggio-tra-dolore-e-rinascita\/","og_locale":"it_IT","og_type":"article","og_title":"\u201cLa Fossa delle Marianne\u201d arriva al cinema: un toccante viaggio tra dolore e rinascita - Casting News Magazine","og_description":"Il film \u201cLa Fossa delle Marianne\u201d di Eileen Byrne arriva nelle sale italiane il 24 aprile dopo il successo in Germania e Austria.","og_url":"https:\/\/www.castingnews.eu\/magazine\/2025\/04\/07\/la-fossa-delle-marianne-arriva-al-cinema-un-toccante-viaggio-tra-dolore-e-rinascita\/","og_site_name":"Casting News Magazine","article_published_time":"2025-04-07T12:52:37+00:00","article_modified_time":"2025-04-07T12:52:40+00:00","og_image":[{"width":1400,"height":933,"url":"https:\/\/www.castingnews.eu\/magazine\/wp-content\/uploads\/2025\/04\/MARIANENGRABEN-15-Edgar-Selge-e-Luna-Wedler-Oliver-Oppitz.jpg","type":"image\/jpeg"}],"author":"Redazione","twitter_card":"summary_large_image","twitter_misc":{"Scritto da":"Redazione","Tempo di lettura stimato":"4 minuti"},"schema":{"@context":"https:\/\/schema.org","@graph":[{"@type":"Article","@id":"https:\/\/www.castingnews.eu\/magazine\/2025\/04\/07\/la-fossa-delle-marianne-arriva-al-cinema-un-toccante-viaggio-tra-dolore-e-rinascita\/#article","isPartOf":{"@id":"https:\/\/www.castingnews.eu\/magazine\/2025\/04\/07\/la-fossa-delle-marianne-arriva-al-cinema-un-toccante-viaggio-tra-dolore-e-rinascita\/"},"author":{"name":"Redazione","@id":"https:\/\/www.castingnews.eu\/magazine\/#\/schema\/person\/099d71c568c9a7e5e4037b1594108f17"},"headline":"\u201cLa Fossa delle Marianne\u201d arriva al cinema: un toccante viaggio tra dolore e rinascita","datePublished":"2025-04-07T12:52:37+00:00","dateModified":"2025-04-07T12:52:40+00:00","mainEntityOfPage":{"@id":"https:\/\/www.castingnews.eu\/magazine\/2025\/04\/07\/la-fossa-delle-marianne-arriva-al-cinema-un-toccante-viaggio-tra-dolore-e-rinascita\/"},"wordCount":581,"commentCount":0,"image":{"@id":"https:\/\/www.castingnews.eu\/magazine\/2025\/04\/07\/la-fossa-delle-marianne-arriva-al-cinema-un-toccante-viaggio-tra-dolore-e-rinascita\/#primaryimage"},"thumbnailUrl":"https:\/\/www.castingnews.eu\/magazine\/wp-content\/uploads\/2025\/04\/MARIANENGRABEN-15-Edgar-Selge-e-Luna-Wedler-Oliver-Oppitz.jpg","keywords":["Alto Adige","Bolzano Film Festival","Casting Magazine","Casting News","cinema europeo","cinema tedesco","distribuzione Trent Film","Edgar Selge","Eileen Byrne","film 2024","film drammatico","film girato in Italia","film indipendente","film tratto da romanzo","Friuli-Venezia Giulia","Jasmin Schreiber","La Fossa delle Marianne","Luna Wedler","lutto e rinascita","road movie","San Diego International Film Festival","tragicommedia","Trieste"],"articleSection":["Austria","Drammatico","In primo piano","Italia","Lussemburgo","Progetti cinematografici"],"inLanguage":"it-IT","potentialAction":[{"@type":"CommentAction","name":"Comment","target":["https:\/\/www.castingnews.eu\/magazine\/2025\/04\/07\/la-fossa-delle-marianne-arriva-al-cinema-un-toccante-viaggio-tra-dolore-e-rinascita\/#respond"]}]},{"@type":"WebPage","@id":"https:\/\/www.castingnews.eu\/magazine\/2025\/04\/07\/la-fossa-delle-marianne-arriva-al-cinema-un-toccante-viaggio-tra-dolore-e-rinascita\/","url":"https:\/\/www.castingnews.eu\/magazine\/2025\/04\/07\/la-fossa-delle-marianne-arriva-al-cinema-un-toccante-viaggio-tra-dolore-e-rinascita\/","name":"\u201cLa Fossa delle Marianne\u201d arriva al cinema: un toccante viaggio tra dolore e rinascita - Casting News Magazine","isPartOf":{"@id":"https:\/\/www.castingnews.eu\/magazine\/#website"},"primaryImageOfPage":{"@id":"https:\/\/www.castingnews.eu\/magazine\/2025\/04\/07\/la-fossa-delle-marianne-arriva-al-cinema-un-toccante-viaggio-tra-dolore-e-rinascita\/#primaryimage"},"image":{"@id":"https:\/\/www.castingnews.eu\/magazine\/2025\/04\/07\/la-fossa-delle-marianne-arriva-al-cinema-un-toccante-viaggio-tra-dolore-e-rinascita\/#primaryimage"},"thumbnailUrl":"https:\/\/www.castingnews.eu\/magazine\/wp-content\/uploads\/2025\/04\/MARIANENGRABEN-15-Edgar-Selge-e-Luna-Wedler-Oliver-Oppitz.jpg","datePublished":"2025-04-07T12:52:37+00:00","dateModified":"2025-04-07T12:52:40+00:00","author":{"@id":"https:\/\/www.castingnews.eu\/magazine\/#\/schema\/person\/099d71c568c9a7e5e4037b1594108f17"},"description":"Il film \u201cLa Fossa delle Marianne\u201d di Eileen Byrne arriva nelle sale italiane il 24 aprile dopo il successo in Germania e Austria.","breadcrumb":{"@id":"https:\/\/www.castingnews.eu\/magazine\/2025\/04\/07\/la-fossa-delle-marianne-arriva-al-cinema-un-toccante-viaggio-tra-dolore-e-rinascita\/#breadcrumb"},"inLanguage":"it-IT","potentialAction":[{"@type":"ReadAction","target":["https:\/\/www.castingnews.eu\/magazine\/2025\/04\/07\/la-fossa-delle-marianne-arriva-al-cinema-un-toccante-viaggio-tra-dolore-e-rinascita\/"]}]},{"@type":"ImageObject","inLanguage":"it-IT","@id":"https:\/\/www.castingnews.eu\/magazine\/2025\/04\/07\/la-fossa-delle-marianne-arriva-al-cinema-un-toccante-viaggio-tra-dolore-e-rinascita\/#primaryimage","url":"https:\/\/www.castingnews.eu\/magazine\/wp-content\/uploads\/2025\/04\/MARIANENGRABEN-15-Edgar-Selge-e-Luna-Wedler-Oliver-Oppitz.jpg","contentUrl":"https:\/\/www.castingnews.eu\/magazine\/wp-content\/uploads\/2025\/04\/MARIANENGRABEN-15-Edgar-Selge-e-Luna-Wedler-Oliver-Oppitz.jpg","width":1400,"height":933,"caption":"La Fossa delle Marianne con Edgar Selge e Luna Wedler - Photo \u00a9 Oliver Oppitz"},{"@type":"BreadcrumbList","@id":"https:\/\/www.castingnews.eu\/magazine\/2025\/04\/07\/la-fossa-delle-marianne-arriva-al-cinema-un-toccante-viaggio-tra-dolore-e-rinascita\/#breadcrumb","itemListElement":[{"@type":"ListItem","position":1,"name":"Home","item":"https:\/\/www.castingnews.eu\/magazine\/"},{"@type":"ListItem","position":2,"name":"\u201cLa Fossa delle Marianne\u201d arriva al cinema: un toccante viaggio tra dolore e rinascita"}]},{"@type":"WebSite","@id":"https:\/\/www.castingnews.eu\/magazine\/#website","url":"https:\/\/www.castingnews.eu\/magazine\/","name":"Casting News Magazine","description":"News e aggiornamenti sui film, serie tv, teatro e festival italiani ed internazionali","potentialAction":[{"@type":"SearchAction","target":{"@type":"EntryPoint","urlTemplate":"https:\/\/www.castingnews.eu\/magazine\/?s={search_term_string}"},"query-input":{"@type":"PropertyValueSpecification","valueRequired":true,"valueName":"search_term_string"}}],"inLanguage":"it-IT"},{"@type":"Person","@id":"https:\/\/www.castingnews.eu\/magazine\/#\/schema\/person\/099d71c568c9a7e5e4037b1594108f17","name":"Redazione","image":{"@type":"ImageObject","inLanguage":"it-IT","@id":"https:\/\/secure.gravatar.com\/avatar\/b73a087aa3bd279fb70d24f1960a91c82cf67619395b60b564c90e9e5d5325fc?s=96&d=mm&r=g","url":"https:\/\/secure.gravatar.com\/avatar\/b73a087aa3bd279fb70d24f1960a91c82cf67619395b60b564c90e9e5d5325fc?s=96&d=mm&r=g","contentUrl":"https:\/\/secure.gravatar.com\/avatar\/b73a087aa3bd279fb70d24f1960a91c82cf67619395b60b564c90e9e5d5325fc?s=96&d=mm&r=g","caption":"Redazione"},"description":"News e aggiornamenti sui film, serie tv, teatro e festival italiani ed internazionali.","url":"https:\/\/www.castingnews.eu\/magazine\/author\/redazione\/"}]}},"_links":{"self":[{"href":"https:\/\/www.castingnews.eu\/magazine\/wp-json\/wp\/v2\/posts\/9777","targetHints":{"allow":["GET"]}}],"collection":[{"href":"https:\/\/www.castingnews.eu\/magazine\/wp-json\/wp\/v2\/posts"}],"about":[{"href":"https:\/\/www.castingnews.eu\/magazine\/wp-json\/wp\/v2\/types\/post"}],"author":[{"embeddable":true,"href":"https:\/\/www.castingnews.eu\/magazine\/wp-json\/wp\/v2\/users\/1"}],"replies":[{"embeddable":true,"href":"https:\/\/www.castingnews.eu\/magazine\/wp-json\/wp\/v2\/comments?post=9777"}],"version-history":[{"count":1,"href":"https:\/\/www.castingnews.eu\/magazine\/wp-json\/wp\/v2\/posts\/9777\/revisions"}],"predecessor-version":[{"id":9783,"href":"https:\/\/www.castingnews.eu\/magazine\/wp-json\/wp\/v2\/posts\/9777\/revisions\/9783"}],"wp:featuredmedia":[{"embeddable":true,"href":"https:\/\/www.castingnews.eu\/magazine\/wp-json\/wp\/v2\/media\/9778"}],"wp:attachment":[{"href":"https:\/\/www.castingnews.eu\/magazine\/wp-json\/wp\/v2\/media?parent=9777"}],"wp:term":[{"taxonomy":"category","embeddable":true,"href":"https:\/\/www.castingnews.eu\/magazine\/wp-json\/wp\/v2\/categories?post=9777"},{"taxonomy":"post_tag","embeddable":true,"href":"https:\/\/www.castingnews.eu\/magazine\/wp-json\/wp\/v2\/tags?post=9777"}],"curies":[{"name":"wp","href":"https:\/\/api.w.org\/{rel}","templated":true}]}}