{"id":9752,"date":"2025-04-02T13:11:53","date_gmt":"2025-04-02T11:11:53","guid":{"rendered":"https:\/\/www.castingnews.eu\/magazine\/?p=9752"},"modified":"2025-04-02T13:11:57","modified_gmt":"2025-04-02T11:11:57","slug":"vanessa-incontrada-torna-in-tv-con-tutto-quello-che-ho-la-nuova-serie-mediaset-ambientata-a-livorno","status":"publish","type":"post","link":"https:\/\/www.castingnews.eu\/magazine\/2025\/04\/02\/vanessa-incontrada-torna-in-tv-con-tutto-quello-che-ho-la-nuova-serie-mediaset-ambientata-a-livorno\/","title":{"rendered":"Vanessa Incontrada torna in TV con &#8220;Tutto quello che ho&#8221;: la nuova serie Mediaset ambientata a Livorno"},"content":{"rendered":"\n<p>Debutta marted\u00ec 9 aprile in prima serata su <strong>Canale 5<\/strong> <em><strong>&#8220;Tutto quello che ho&#8221;<\/strong><\/em>, la nuova serie <strong>Mediaset <\/strong>che promette di conquistare il pubblico con una storia intensa e ricca di colpi di scena. Protagonisti <strong>Vanessa Incontrada <\/strong>e <strong>Marco Bonini<\/strong>, diretti da <strong>Monica Vullo<\/strong> e <strong>Riccardo Mosca<\/strong>, in una produzione firmata 7 Verticale. Nel cast anche Alessia Giuliani, Alex Lorenzin, Margherita Attorre, Ibrahima Gueye, Filippo Brogi, Osas Imafidon, Antonella Attili, Fabrizio Coniglio e Gianfranco Gallo.<\/p><div class=\"6d3639e8c6ac292cde400fad8ff8a5b9\" data-index=\"1\" style=\"float: none; margin:10px 0 10px 0; text-align:center;\">\n<script async src=\"\/\/pagead2.googlesyndication.com\/pagead\/js\/adsbygoogle.js\"><\/script>\r\n<!-- Casting Bambini NEW -->\r\n<ins class=\"adsbygoogle\"\r\n     style=\"display:inline-block;width:336px;height:280px\"\r\n     data-ad-client=\"ca-pub-5538097485429833\"\r\n     data-ad-slot=\"5127154445\"><\/ins>\r\n<script>\r\n(adsbygoogle = window.adsbygoogle || []).push({});\r\n<\/script>\n<\/div>\n\n\n\n\n<p>Ambientata a <strong>Livorno<\/strong>, la fiction \u00e8 stata girata tra maggio e giugno 2024 in alcune delle location pi\u00f9 suggestive della citt\u00e0, tra cui il quartiere Venezia, la Terrazza Mascagni, lo Scoglio della Regina (dove \u00e8 stato ricostruito un commissariato di polizia), e il Mercato delle Vettovaglie. Una cornice autentica e affascinante per una storia che intreccia mistero, sentimenti e verit\u00e0 nascoste.<\/p>\n\n\n\n<p>Vanessa Incontrada torna a recitare in <strong>Toscana <\/strong>dopo il successo di <em>Fosca Innocenti<\/em>, affiancata da Marco Bonini nel ruolo del marito Matteo, un poliziotto. La coppia interpreta Lavinia e Matteo, genitori sconvolti dalla misteriosa scomparsa della loro figlia diciottenne, Camilla. Le indagini portano all\u2019arresto di Kevin, un ragazzo di origini africane, ma mentre Matteo \u00e8 convinto della sua colpevolezza, Lavinia inizia a dubitare, trovandosi a percorrere una strada diversa, guidata proprio da Kevin.<\/p>\n\n\n\n<p>Iscriviti alla\u00a0<strong><a href=\"https:\/\/www.castingnewsletter.eu\/CastingNewsPro\/\" target=\"_blank\" rel=\"noreferrer noopener\">newsletter giornaliera<\/a><\/strong>\u00a0di Casting News Professional per ricevere le ultime notizie sui casting aperti, provini e audizioni.<\/p>\n\n<div style=\"font-size: 0px; height: 0px; line-height: 0px; margin: 0; padding: 0; clear: both;\"><\/div>","protected":false},"excerpt":{"rendered":"<p>Debutta marted\u00ec 9 aprile in prima serata su Canale 5 &#8220;Tutto quello che ho&#8221;, la nuova serie Mediaset che promette di conquistare il pubblico con una storia intensa e ricca di colpi di scena. Protagonisti Vanessa Incontrada e Marco Bonini, diretti da Monica Vullo e Riccardo Mosca, in una produzione firmata 7 Verticale. Nel cast [&hellip;]<\/p>\n","protected":false},"author":1,"featured_media":9753,"comment_status":"open","ping_status":"open","sticky":false,"template":"","format":"standard","meta":{"tdm_status":"","tdm_grid_status":"","footnotes":""},"categories":[64,1462,1533,71,6768,21,31],"tags":[3490,7056,7060,1612,272,4557,7054,7065,7061,2213,7059,1723,7053,7058,3042,7057,7063,7064,7062,7055,1823],"class_list":{"0":"post-9752","1":"post","2":"type-post","3":"status-publish","4":"format-standard","5":"has-post-thumbnail","7":"category-drammatico","8":"category-fiction-tv","9":"category-featured","10":"category-italia-paese","11":"category-poliziesco","12":"category-in-primo-piano","13":"category-progetti-tv","14":"tag-alessia-giuliani","15":"tag-alex-lorenzin","16":"tag-antonella-attili","17":"tag-canale-5","18":"tag-casting-magazine","19":"tag-castingnews","20":"tag-fabrizio-coniglio","21":"tag-fiction-con-vanessa-incontrada","22":"tag-filippo-brogi","23":"tag-gianfranco-gallo","24":"tag-ibrahima-gueye","25":"tag-livorno","26":"tag-marco-bonini","27":"tag-margherita-attorre","28":"tag-monica-vullo","29":"tag-osas-imafidon","30":"tag-riccardo-mosca","31":"tag-serie-mediaset","32":"tag-serie-tv-2025","33":"tag-tutto-quello-che-ho","34":"tag-vanessa-incontrada"},"yoast_head":"<!-- This site is optimized with the Yoast SEO plugin v27.4 - https:\/\/yoast.com\/product\/yoast-seo-wordpress\/ -->\r\n<title>Vanessa Incontrada torna in TV con &quot;Tutto quello che ho&quot;: la nuova serie Mediaset ambientata a Livorno - Casting News Magazine<\/title>\r\n<meta name=\"description\" content=\"Vanessa Incontrada e Marco Bonini protagonisti di Tutto quello che ho, la nuova serie Mediaset in onda su Canale 5 dal 9 aprile.\" \/>\r\n<meta name=\"robots\" content=\"index, follow, max-snippet:-1, max-image-preview:large, max-video-preview:-1\" \/>\r\n<link rel=\"canonical\" href=\"https:\/\/www.castingnews.eu\/magazine\/2025\/04\/02\/vanessa-incontrada-torna-in-tv-con-tutto-quello-che-ho-la-nuova-serie-mediaset-ambientata-a-livorno\/\" \/>\r\n<meta property=\"og:locale\" content=\"it_IT\" \/>\r\n<meta property=\"og:type\" content=\"article\" \/>\r\n<meta property=\"og:title\" content=\"Vanessa Incontrada torna in TV con &quot;Tutto quello che ho&quot;: la nuova serie Mediaset ambientata a Livorno - Casting News Magazine\" \/>\r\n<meta property=\"og:description\" content=\"Vanessa Incontrada e Marco Bonini protagonisti di Tutto quello che ho, la nuova serie Mediaset in onda su Canale 5 dal 9 aprile.\" \/>\r\n<meta property=\"og:url\" content=\"https:\/\/www.castingnews.eu\/magazine\/2025\/04\/02\/vanessa-incontrada-torna-in-tv-con-tutto-quello-che-ho-la-nuova-serie-mediaset-ambientata-a-livorno\/\" \/>\r\n<meta property=\"og:site_name\" content=\"Casting News Magazine\" \/>\r\n<meta property=\"article:published_time\" content=\"2025-04-02T11:11:53+00:00\" \/>\r\n<meta property=\"article:modified_time\" content=\"2025-04-02T11:11:57+00:00\" \/>\r\n<meta property=\"og:image\" content=\"https:\/\/www.castingnews.eu\/magazine\/wp-content\/uploads\/2025\/04\/Vanessa-Incontrada-Tutto-quello-che-ho.jpg\" \/>\r\n\t<meta property=\"og:image:width\" content=\"1200\" \/>\r\n\t<meta property=\"og:image:height\" content=\"794\" \/>\r\n\t<meta property=\"og:image:type\" content=\"image\/jpeg\" \/>\r\n<meta name=\"author\" content=\"Redazione\" \/>\r\n<meta name=\"twitter:card\" content=\"summary_large_image\" \/>\r\n<meta name=\"twitter:label1\" content=\"Scritto da\" \/>\n\t<meta name=\"twitter:data1\" content=\"Redazione\" \/>\n\t<meta name=\"twitter:label2\" content=\"Tempo di lettura stimato\" \/>\n\t<meta name=\"twitter:data2\" content=\"2 minuti\" \/>\r\n<script type=\"application\/ld+json\" class=\"yoast-schema-graph\">{\"@context\":\"https:\\\/\\\/schema.org\",\"@graph\":[{\"@type\":\"Article\",\"@id\":\"https:\\\/\\\/www.castingnews.eu\\\/magazine\\\/2025\\\/04\\\/02\\\/vanessa-incontrada-torna-in-tv-con-tutto-quello-che-ho-la-nuova-serie-mediaset-ambientata-a-livorno\\\/#article\",\"isPartOf\":{\"@id\":\"https:\\\/\\\/www.castingnews.eu\\\/magazine\\\/2025\\\/04\\\/02\\\/vanessa-incontrada-torna-in-tv-con-tutto-quello-che-ho-la-nuova-serie-mediaset-ambientata-a-livorno\\\/\"},\"author\":{\"name\":\"Redazione\",\"@id\":\"https:\\\/\\\/www.castingnews.eu\\\/magazine\\\/#\\\/schema\\\/person\\\/099d71c568c9a7e5e4037b1594108f17\"},\"headline\":\"Vanessa Incontrada torna in TV con &#8220;Tutto quello che ho&#8221;: la nuova serie Mediaset ambientata a Livorno\",\"datePublished\":\"2025-04-02T11:11:53+00:00\",\"dateModified\":\"2025-04-02T11:11:57+00:00\",\"mainEntityOfPage\":{\"@id\":\"https:\\\/\\\/www.castingnews.eu\\\/magazine\\\/2025\\\/04\\\/02\\\/vanessa-incontrada-torna-in-tv-con-tutto-quello-che-ho-la-nuova-serie-mediaset-ambientata-a-livorno\\\/\"},\"wordCount\":239,\"commentCount\":0,\"image\":{\"@id\":\"https:\\\/\\\/www.castingnews.eu\\\/magazine\\\/2025\\\/04\\\/02\\\/vanessa-incontrada-torna-in-tv-con-tutto-quello-che-ho-la-nuova-serie-mediaset-ambientata-a-livorno\\\/#primaryimage\"},\"thumbnailUrl\":\"https:\\\/\\\/www.castingnews.eu\\\/magazine\\\/wp-content\\\/uploads\\\/2025\\\/04\\\/Vanessa-Incontrada-Tutto-quello-che-ho.jpg\",\"keywords\":[\"Alessia Giuliani\",\"Alex Lorenzin\",\"Antonella Attili\",\"Canale 5\",\"Casting Magazine\",\"castingnews\",\"Fabrizio Coniglio\",\"fiction con Vanessa Incontrada\",\"Filippo Brogi\",\"Gianfranco Gallo\",\"Ibrahima Gueye\",\"Livorno\",\"Marco Bonini\",\"Margherita Attorre\",\"Monica Vullo\",\"Osas Imafidon\",\"Riccardo Mosca\",\"serie Mediaset\",\"serie TV 2025\",\"Tutto quello che ho\",\"Vanessa Incontrada\"],\"articleSection\":[\"Drammatico\",\"Fiction TV\",\"In primo piano\",\"Italia\",\"Poliziesco\",\"Primo piano\",\"Progetti TV\"],\"inLanguage\":\"it-IT\",\"potentialAction\":[{\"@type\":\"CommentAction\",\"name\":\"Comment\",\"target\":[\"https:\\\/\\\/www.castingnews.eu\\\/magazine\\\/2025\\\/04\\\/02\\\/vanessa-incontrada-torna-in-tv-con-tutto-quello-che-ho-la-nuova-serie-mediaset-ambientata-a-livorno\\\/#respond\"]}]},{\"@type\":\"WebPage\",\"@id\":\"https:\\\/\\\/www.castingnews.eu\\\/magazine\\\/2025\\\/04\\\/02\\\/vanessa-incontrada-torna-in-tv-con-tutto-quello-che-ho-la-nuova-serie-mediaset-ambientata-a-livorno\\\/\",\"url\":\"https:\\\/\\\/www.castingnews.eu\\\/magazine\\\/2025\\\/04\\\/02\\\/vanessa-incontrada-torna-in-tv-con-tutto-quello-che-ho-la-nuova-serie-mediaset-ambientata-a-livorno\\\/\",\"name\":\"Vanessa Incontrada torna in TV con \\\"Tutto quello che ho\\\": la nuova serie Mediaset ambientata a Livorno - Casting News Magazine\",\"isPartOf\":{\"@id\":\"https:\\\/\\\/www.castingnews.eu\\\/magazine\\\/#website\"},\"primaryImageOfPage\":{\"@id\":\"https:\\\/\\\/www.castingnews.eu\\\/magazine\\\/2025\\\/04\\\/02\\\/vanessa-incontrada-torna-in-tv-con-tutto-quello-che-ho-la-nuova-serie-mediaset-ambientata-a-livorno\\\/#primaryimage\"},\"image\":{\"@id\":\"https:\\\/\\\/www.castingnews.eu\\\/magazine\\\/2025\\\/04\\\/02\\\/vanessa-incontrada-torna-in-tv-con-tutto-quello-che-ho-la-nuova-serie-mediaset-ambientata-a-livorno\\\/#primaryimage\"},\"thumbnailUrl\":\"https:\\\/\\\/www.castingnews.eu\\\/magazine\\\/wp-content\\\/uploads\\\/2025\\\/04\\\/Vanessa-Incontrada-Tutto-quello-che-ho.jpg\",\"datePublished\":\"2025-04-02T11:11:53+00:00\",\"dateModified\":\"2025-04-02T11:11:57+00:00\",\"author\":{\"@id\":\"https:\\\/\\\/www.castingnews.eu\\\/magazine\\\/#\\\/schema\\\/person\\\/099d71c568c9a7e5e4037b1594108f17\"},\"description\":\"Vanessa Incontrada e Marco Bonini protagonisti di Tutto quello che ho, la nuova serie Mediaset in onda su Canale 5 dal 9 aprile.\",\"breadcrumb\":{\"@id\":\"https:\\\/\\\/www.castingnews.eu\\\/magazine\\\/2025\\\/04\\\/02\\\/vanessa-incontrada-torna-in-tv-con-tutto-quello-che-ho-la-nuova-serie-mediaset-ambientata-a-livorno\\\/#breadcrumb\"},\"inLanguage\":\"it-IT\",\"potentialAction\":[{\"@type\":\"ReadAction\",\"target\":[\"https:\\\/\\\/www.castingnews.eu\\\/magazine\\\/2025\\\/04\\\/02\\\/vanessa-incontrada-torna-in-tv-con-tutto-quello-che-ho-la-nuova-serie-mediaset-ambientata-a-livorno\\\/\"]}]},{\"@type\":\"ImageObject\",\"inLanguage\":\"it-IT\",\"@id\":\"https:\\\/\\\/www.castingnews.eu\\\/magazine\\\/2025\\\/04\\\/02\\\/vanessa-incontrada-torna-in-tv-con-tutto-quello-che-ho-la-nuova-serie-mediaset-ambientata-a-livorno\\\/#primaryimage\",\"url\":\"https:\\\/\\\/www.castingnews.eu\\\/magazine\\\/wp-content\\\/uploads\\\/2025\\\/04\\\/Vanessa-Incontrada-Tutto-quello-che-ho.jpg\",\"contentUrl\":\"https:\\\/\\\/www.castingnews.eu\\\/magazine\\\/wp-content\\\/uploads\\\/2025\\\/04\\\/Vanessa-Incontrada-Tutto-quello-che-ho.jpg\",\"width\":1200,\"height\":794,\"caption\":\"\\\"Tutto quello che ho\\\" con Vanessa Incontrada\"},{\"@type\":\"BreadcrumbList\",\"@id\":\"https:\\\/\\\/www.castingnews.eu\\\/magazine\\\/2025\\\/04\\\/02\\\/vanessa-incontrada-torna-in-tv-con-tutto-quello-che-ho-la-nuova-serie-mediaset-ambientata-a-livorno\\\/#breadcrumb\",\"itemListElement\":[{\"@type\":\"ListItem\",\"position\":1,\"name\":\"Home\",\"item\":\"https:\\\/\\\/www.castingnews.eu\\\/magazine\\\/\"},{\"@type\":\"ListItem\",\"position\":2,\"name\":\"Vanessa Incontrada torna in TV con &#8220;Tutto quello che ho&#8221;: la nuova serie Mediaset ambientata a Livorno\"}]},{\"@type\":\"WebSite\",\"@id\":\"https:\\\/\\\/www.castingnews.eu\\\/magazine\\\/#website\",\"url\":\"https:\\\/\\\/www.castingnews.eu\\\/magazine\\\/\",\"name\":\"Casting News Magazine\",\"description\":\"News e aggiornamenti sui film, serie tv, teatro e festival italiani ed internazionali\",\"potentialAction\":[{\"@type\":\"SearchAction\",\"target\":{\"@type\":\"EntryPoint\",\"urlTemplate\":\"https:\\\/\\\/www.castingnews.eu\\\/magazine\\\/?s={search_term_string}\"},\"query-input\":{\"@type\":\"PropertyValueSpecification\",\"valueRequired\":true,\"valueName\":\"search_term_string\"}}],\"inLanguage\":\"it-IT\"},{\"@type\":\"Person\",\"@id\":\"https:\\\/\\\/www.castingnews.eu\\\/magazine\\\/#\\\/schema\\\/person\\\/099d71c568c9a7e5e4037b1594108f17\",\"name\":\"Redazione\",\"image\":{\"@type\":\"ImageObject\",\"inLanguage\":\"it-IT\",\"@id\":\"https:\\\/\\\/secure.gravatar.com\\\/avatar\\\/b73a087aa3bd279fb70d24f1960a91c82cf67619395b60b564c90e9e5d5325fc?s=96&d=mm&r=g\",\"url\":\"https:\\\/\\\/secure.gravatar.com\\\/avatar\\\/b73a087aa3bd279fb70d24f1960a91c82cf67619395b60b564c90e9e5d5325fc?s=96&d=mm&r=g\",\"contentUrl\":\"https:\\\/\\\/secure.gravatar.com\\\/avatar\\\/b73a087aa3bd279fb70d24f1960a91c82cf67619395b60b564c90e9e5d5325fc?s=96&d=mm&r=g\",\"caption\":\"Redazione\"},\"description\":\"News e aggiornamenti sui film, serie tv, teatro e festival italiani ed internazionali.\",\"url\":\"https:\\\/\\\/www.castingnews.eu\\\/magazine\\\/author\\\/redazione\\\/\"}]}<\/script>\r\n<!-- \/ Yoast SEO plugin. -->","yoast_head_json":{"title":"Vanessa Incontrada torna in TV con \"Tutto quello che ho\": la nuova serie Mediaset ambientata a Livorno - Casting News Magazine","description":"Vanessa Incontrada e Marco Bonini protagonisti di Tutto quello che ho, la nuova serie Mediaset in onda su Canale 5 dal 9 aprile.","robots":{"index":"index","follow":"follow","max-snippet":"max-snippet:-1","max-image-preview":"max-image-preview:large","max-video-preview":"max-video-preview:-1"},"canonical":"https:\/\/www.castingnews.eu\/magazine\/2025\/04\/02\/vanessa-incontrada-torna-in-tv-con-tutto-quello-che-ho-la-nuova-serie-mediaset-ambientata-a-livorno\/","og_locale":"it_IT","og_type":"article","og_title":"Vanessa Incontrada torna in TV con \"Tutto quello che ho\": la nuova serie Mediaset ambientata a Livorno - Casting News Magazine","og_description":"Vanessa Incontrada e Marco Bonini protagonisti di Tutto quello che ho, la nuova serie Mediaset in onda su Canale 5 dal 9 aprile.","og_url":"https:\/\/www.castingnews.eu\/magazine\/2025\/04\/02\/vanessa-incontrada-torna-in-tv-con-tutto-quello-che-ho-la-nuova-serie-mediaset-ambientata-a-livorno\/","og_site_name":"Casting News Magazine","article_published_time":"2025-04-02T11:11:53+00:00","article_modified_time":"2025-04-02T11:11:57+00:00","og_image":[{"width":1200,"height":794,"url":"https:\/\/www.castingnews.eu\/magazine\/wp-content\/uploads\/2025\/04\/Vanessa-Incontrada-Tutto-quello-che-ho.jpg","type":"image\/jpeg"}],"author":"Redazione","twitter_card":"summary_large_image","twitter_misc":{"Scritto da":"Redazione","Tempo di lettura stimato":"2 minuti"},"schema":{"@context":"https:\/\/schema.org","@graph":[{"@type":"Article","@id":"https:\/\/www.castingnews.eu\/magazine\/2025\/04\/02\/vanessa-incontrada-torna-in-tv-con-tutto-quello-che-ho-la-nuova-serie-mediaset-ambientata-a-livorno\/#article","isPartOf":{"@id":"https:\/\/www.castingnews.eu\/magazine\/2025\/04\/02\/vanessa-incontrada-torna-in-tv-con-tutto-quello-che-ho-la-nuova-serie-mediaset-ambientata-a-livorno\/"},"author":{"name":"Redazione","@id":"https:\/\/www.castingnews.eu\/magazine\/#\/schema\/person\/099d71c568c9a7e5e4037b1594108f17"},"headline":"Vanessa Incontrada torna in TV con &#8220;Tutto quello che ho&#8221;: la nuova serie Mediaset ambientata a Livorno","datePublished":"2025-04-02T11:11:53+00:00","dateModified":"2025-04-02T11:11:57+00:00","mainEntityOfPage":{"@id":"https:\/\/www.castingnews.eu\/magazine\/2025\/04\/02\/vanessa-incontrada-torna-in-tv-con-tutto-quello-che-ho-la-nuova-serie-mediaset-ambientata-a-livorno\/"},"wordCount":239,"commentCount":0,"image":{"@id":"https:\/\/www.castingnews.eu\/magazine\/2025\/04\/02\/vanessa-incontrada-torna-in-tv-con-tutto-quello-che-ho-la-nuova-serie-mediaset-ambientata-a-livorno\/#primaryimage"},"thumbnailUrl":"https:\/\/www.castingnews.eu\/magazine\/wp-content\/uploads\/2025\/04\/Vanessa-Incontrada-Tutto-quello-che-ho.jpg","keywords":["Alessia Giuliani","Alex Lorenzin","Antonella Attili","Canale 5","Casting Magazine","castingnews","Fabrizio Coniglio","fiction con Vanessa Incontrada","Filippo Brogi","Gianfranco Gallo","Ibrahima Gueye","Livorno","Marco Bonini","Margherita Attorre","Monica Vullo","Osas Imafidon","Riccardo Mosca","serie Mediaset","serie TV 2025","Tutto quello che ho","Vanessa Incontrada"],"articleSection":["Drammatico","Fiction TV","In primo piano","Italia","Poliziesco","Primo piano","Progetti TV"],"inLanguage":"it-IT","potentialAction":[{"@type":"CommentAction","name":"Comment","target":["https:\/\/www.castingnews.eu\/magazine\/2025\/04\/02\/vanessa-incontrada-torna-in-tv-con-tutto-quello-che-ho-la-nuova-serie-mediaset-ambientata-a-livorno\/#respond"]}]},{"@type":"WebPage","@id":"https:\/\/www.castingnews.eu\/magazine\/2025\/04\/02\/vanessa-incontrada-torna-in-tv-con-tutto-quello-che-ho-la-nuova-serie-mediaset-ambientata-a-livorno\/","url":"https:\/\/www.castingnews.eu\/magazine\/2025\/04\/02\/vanessa-incontrada-torna-in-tv-con-tutto-quello-che-ho-la-nuova-serie-mediaset-ambientata-a-livorno\/","name":"Vanessa Incontrada torna in TV con \"Tutto quello che ho\": la nuova serie Mediaset ambientata a Livorno - Casting News Magazine","isPartOf":{"@id":"https:\/\/www.castingnews.eu\/magazine\/#website"},"primaryImageOfPage":{"@id":"https:\/\/www.castingnews.eu\/magazine\/2025\/04\/02\/vanessa-incontrada-torna-in-tv-con-tutto-quello-che-ho-la-nuova-serie-mediaset-ambientata-a-livorno\/#primaryimage"},"image":{"@id":"https:\/\/www.castingnews.eu\/magazine\/2025\/04\/02\/vanessa-incontrada-torna-in-tv-con-tutto-quello-che-ho-la-nuova-serie-mediaset-ambientata-a-livorno\/#primaryimage"},"thumbnailUrl":"https:\/\/www.castingnews.eu\/magazine\/wp-content\/uploads\/2025\/04\/Vanessa-Incontrada-Tutto-quello-che-ho.jpg","datePublished":"2025-04-02T11:11:53+00:00","dateModified":"2025-04-02T11:11:57+00:00","author":{"@id":"https:\/\/www.castingnews.eu\/magazine\/#\/schema\/person\/099d71c568c9a7e5e4037b1594108f17"},"description":"Vanessa Incontrada e Marco Bonini protagonisti di Tutto quello che ho, la nuova serie Mediaset in onda su Canale 5 dal 9 aprile.","breadcrumb":{"@id":"https:\/\/www.castingnews.eu\/magazine\/2025\/04\/02\/vanessa-incontrada-torna-in-tv-con-tutto-quello-che-ho-la-nuova-serie-mediaset-ambientata-a-livorno\/#breadcrumb"},"inLanguage":"it-IT","potentialAction":[{"@type":"ReadAction","target":["https:\/\/www.castingnews.eu\/magazine\/2025\/04\/02\/vanessa-incontrada-torna-in-tv-con-tutto-quello-che-ho-la-nuova-serie-mediaset-ambientata-a-livorno\/"]}]},{"@type":"ImageObject","inLanguage":"it-IT","@id":"https:\/\/www.castingnews.eu\/magazine\/2025\/04\/02\/vanessa-incontrada-torna-in-tv-con-tutto-quello-che-ho-la-nuova-serie-mediaset-ambientata-a-livorno\/#primaryimage","url":"https:\/\/www.castingnews.eu\/magazine\/wp-content\/uploads\/2025\/04\/Vanessa-Incontrada-Tutto-quello-che-ho.jpg","contentUrl":"https:\/\/www.castingnews.eu\/magazine\/wp-content\/uploads\/2025\/04\/Vanessa-Incontrada-Tutto-quello-che-ho.jpg","width":1200,"height":794,"caption":"\"Tutto quello che ho\" con Vanessa Incontrada"},{"@type":"BreadcrumbList","@id":"https:\/\/www.castingnews.eu\/magazine\/2025\/04\/02\/vanessa-incontrada-torna-in-tv-con-tutto-quello-che-ho-la-nuova-serie-mediaset-ambientata-a-livorno\/#breadcrumb","itemListElement":[{"@type":"ListItem","position":1,"name":"Home","item":"https:\/\/www.castingnews.eu\/magazine\/"},{"@type":"ListItem","position":2,"name":"Vanessa Incontrada torna in TV con &#8220;Tutto quello che ho&#8221;: la nuova serie Mediaset ambientata a Livorno"}]},{"@type":"WebSite","@id":"https:\/\/www.castingnews.eu\/magazine\/#website","url":"https:\/\/www.castingnews.eu\/magazine\/","name":"Casting News Magazine","description":"News e aggiornamenti sui film, serie tv, teatro e festival italiani ed internazionali","potentialAction":[{"@type":"SearchAction","target":{"@type":"EntryPoint","urlTemplate":"https:\/\/www.castingnews.eu\/magazine\/?s={search_term_string}"},"query-input":{"@type":"PropertyValueSpecification","valueRequired":true,"valueName":"search_term_string"}}],"inLanguage":"it-IT"},{"@type":"Person","@id":"https:\/\/www.castingnews.eu\/magazine\/#\/schema\/person\/099d71c568c9a7e5e4037b1594108f17","name":"Redazione","image":{"@type":"ImageObject","inLanguage":"it-IT","@id":"https:\/\/secure.gravatar.com\/avatar\/b73a087aa3bd279fb70d24f1960a91c82cf67619395b60b564c90e9e5d5325fc?s=96&d=mm&r=g","url":"https:\/\/secure.gravatar.com\/avatar\/b73a087aa3bd279fb70d24f1960a91c82cf67619395b60b564c90e9e5d5325fc?s=96&d=mm&r=g","contentUrl":"https:\/\/secure.gravatar.com\/avatar\/b73a087aa3bd279fb70d24f1960a91c82cf67619395b60b564c90e9e5d5325fc?s=96&d=mm&r=g","caption":"Redazione"},"description":"News e aggiornamenti sui film, serie tv, teatro e festival italiani ed internazionali.","url":"https:\/\/www.castingnews.eu\/magazine\/author\/redazione\/"}]}},"_links":{"self":[{"href":"https:\/\/www.castingnews.eu\/magazine\/wp-json\/wp\/v2\/posts\/9752","targetHints":{"allow":["GET"]}}],"collection":[{"href":"https:\/\/www.castingnews.eu\/magazine\/wp-json\/wp\/v2\/posts"}],"about":[{"href":"https:\/\/www.castingnews.eu\/magazine\/wp-json\/wp\/v2\/types\/post"}],"author":[{"embeddable":true,"href":"https:\/\/www.castingnews.eu\/magazine\/wp-json\/wp\/v2\/users\/1"}],"replies":[{"embeddable":true,"href":"https:\/\/www.castingnews.eu\/magazine\/wp-json\/wp\/v2\/comments?post=9752"}],"version-history":[{"count":1,"href":"https:\/\/www.castingnews.eu\/magazine\/wp-json\/wp\/v2\/posts\/9752\/revisions"}],"predecessor-version":[{"id":9754,"href":"https:\/\/www.castingnews.eu\/magazine\/wp-json\/wp\/v2\/posts\/9752\/revisions\/9754"}],"wp:featuredmedia":[{"embeddable":true,"href":"https:\/\/www.castingnews.eu\/magazine\/wp-json\/wp\/v2\/media\/9753"}],"wp:attachment":[{"href":"https:\/\/www.castingnews.eu\/magazine\/wp-json\/wp\/v2\/media?parent=9752"}],"wp:term":[{"taxonomy":"category","embeddable":true,"href":"https:\/\/www.castingnews.eu\/magazine\/wp-json\/wp\/v2\/categories?post=9752"},{"taxonomy":"post_tag","embeddable":true,"href":"https:\/\/www.castingnews.eu\/magazine\/wp-json\/wp\/v2\/tags?post=9752"}],"curies":[{"name":"wp","href":"https:\/\/api.w.org\/{rel}","templated":true}]}}