{"id":9638,"date":"2025-02-28T15:31:42","date_gmt":"2025-02-28T14:31:42","guid":{"rendered":"https:\/\/www.castingnews.eu\/magazine\/?p=9638"},"modified":"2025-02-28T15:31:45","modified_gmt":"2025-02-28T14:31:45","slug":"il-film-il-nibbio-di-alessandro-tonda-premiato-con-il-nastro-della-legalita-2025","status":"publish","type":"post","link":"https:\/\/www.castingnews.eu\/magazine\/2025\/02\/28\/il-film-il-nibbio-di-alessandro-tonda-premiato-con-il-nastro-della-legalita-2025\/","title":{"rendered":"Il film &#8220;Il Nibbio&#8221; di Alessandro Tonda premiato con il Nastro della Legalit\u00e0 2025"},"content":{"rendered":"\n<p><em>Roma, 28 febbraio \u2013 &#8220;Il Nibbio&#8221; di Alessandro Tonda, in uscita nelle sale il prossimo 6 marzo, si aggiudica il Nastro della Legalit\u00e0 2025. Il prestigioso riconoscimento, assegnato ogni anno dai Giornalisti Cinematografici, celebra il valore del \u2018cinema civile\u2019, capace di coniugare una narrazione avvincente con la riflessione su eventi di cronaca che, trasformatisi in Storia contemporanea, rischiano di essere dimenticati. \u00c8 proprio il caso del film di Alessandro Tonda, che riporta all\u2019attenzione il drammatico rapimento della giornalista del Manifesto Giuliana Sgrena, avvenuto il 4 febbraio 2005 in Iraq, e la sua liberazione ventotto giorni dopo, resa possibile dalla mediazione condotta personalmente da Nicola Calipari per i servizi segreti militari italiani.<\/em><\/p><div class=\"6d3639e8c6ac292cde400fad8ff8a5b9\" data-index=\"1\" style=\"float: none; margin:10px 0 10px 0; text-align:center;\">\n<script async src=\"\/\/pagead2.googlesyndication.com\/pagead\/js\/adsbygoogle.js\"><\/script>\r\n<!-- Casting Bambini NEW -->\r\n<ins class=\"adsbygoogle\"\r\n     style=\"display:inline-block;width:336px;height:280px\"\r\n     data-ad-client=\"ca-pub-5538097485429833\"\r\n     data-ad-slot=\"5127154445\"><\/ins>\r\n<script>\r\n(adsbygoogle = window.adsbygoogle || []).push({});\r\n<\/script>\n<\/div>\n\n\n\n\n<p>Nella gestione di quella delicatissima vicenda, il 4 Marzo di quel 2005, Calipari &#8211; allora vicedirettore operativo del Sismi, responsabile delle operazioni in Iraq &#8211; perse la vita ucciso dai proiettili americani che colpirono l\u2019auto in cui viaggiava con la giornalista, verso l\u2019aereo che la riport\u00f2, salva, in Italia.&nbsp;Un drammatico epilogo, tuttora irrisolto.<\/p>\n\n\n\n<p>\u201c<em>Il Nibbio<\/em>, scritto da Sandro Petraglia &#8211; con la collaborazione di Lorenzo Bagnatori- sulla memoria di un caso che non appartiene solo alla cronaca del giornalismo quotidianamente pi\u00f9 a rischio, racconta in quei ventotto giorni di tensione sul fronte della geopolitica internazionale, l\u2019impegno e la passione personale di Nicola Calipari di cui Claudio Santamaria &#8211; protagonista del film con Sonia Bergamasco nel ruolo di Giuliana Sgrena \u2013 e Anna Ferzetti in quello della moglie, offre un ritratto, anche intimo, in&nbsp; un racconto avvincente come una spy story\u201d.<\/p>\n\n\n\n<figure class=\"wp-block-embed is-type-video is-provider-youtube wp-block-embed-youtube wp-embed-aspect-16-9 wp-has-aspect-ratio\"><div class=\"wp-block-embed__wrapper\">\n<div class=\"youtube-embed\" data-video_id=\"WFxQC73mY5c\"><iframe loading=\"lazy\" title=\"IL NIBBIO | TRAILER UFFICIALE | dal 6 marzo #soloalcinema\" width=\"696\" height=\"392\" src=\"https:\/\/www.youtube.com\/embed\/WFxQC73mY5c?feature=oembed&#038;enablejsapi=1\" frameborder=\"0\" allow=\"accelerometer; autoplay; clipboard-write; encrypted-media; gyroscope; picture-in-picture; web-share\" referrerpolicy=\"strict-origin-when-cross-origin\" allowfullscreen><\/iframe><\/div>\n<\/div><\/figure>\n\n\n\n<p><em>Il Nibbio\u00a0<\/em>\u00e8 una coproduzione italo-belga Notorious Pictures con Rai Cinema e Tarantula (in collaborazione con Netflix e Alkon Communication Srl). Distribuito da Notorious Film rappresenta per il team produttivo, per il regista e per gli autori \u201cuna grande ed emozionante sfida in cui \u00e8 dichiarata anche la responsabilit\u00e0 culturale e storica, per la rilevanza dei fatti che ricostruisce, per la necessit\u00e0 di restituire al Paese attraverso il cinema una pagina cos\u00ec importante della sua storia recente, per la riconoscenza e il rispetto che si deve a una figura di enorme spessore umano, professionale e culturale come quella di Calipari\u201d e che esalta nelle scelte narrative anche un\u2019inedita dimensione emotiva e privata del personaggio,.<\/p>\n\n\n\n<p><strong>Nastro della legalit\u00e0<\/strong>&nbsp;\u00e8 nato nel 2018 insieme a Trame \u2013 il&nbsp;<em>Festival dei libri sulle mafie<\/em>&nbsp;&#8211; allora diretto da Gaetano Savatteri &#8211; nel segno di una \u2018militanza\u2019 attiva sui temi della societ\u00e0 con la quale da sempre il&nbsp;cinema, nella sua migliore tradizione di impegno civile, ci aiuta a&nbsp;ritrovare quella sensibilit\u00e0 al racconto del reale che a volte sembra persa nel tempo ma che \u00e8 stata, invece, una cifra importante nella sua capacit\u00e0 di incidere nella&nbsp;vita sociale.<\/p>\n\n\n\n<p>Iscriviti alla\u00a0<strong><a href=\"https:\/\/www.castingnewsletter.eu\/CastingNewsPro\/\" target=\"_blank\" rel=\"noreferrer noopener\">newsletter giornaliera<\/a><\/strong>\u00a0di Casting News Professional per ricevere le ultime notizie sui casting aperti, provini e audizioni.<\/p>\n\n<div style=\"font-size: 0px; height: 0px; line-height: 0px; margin: 0; padding: 0; clear: both;\"><\/div>","protected":false},"excerpt":{"rendered":"<p>Roma, 28 febbraio \u2013 &#8220;Il Nibbio&#8221; di Alessandro Tonda, in uscita nelle sale il prossimo 6 marzo, si aggiudica il Nastro della Legalit\u00e0 2025. Il prestigioso riconoscimento, assegnato ogni anno dai Giornalisti Cinematografici, celebra il valore del \u2018cinema civile\u2019, capace di coniugare una narrazione avvincente con la riflessione su eventi di cronaca che, trasformatisi in [&hellip;]<\/p>\n","protected":false},"author":1,"featured_media":9639,"comment_status":"open","ping_status":"open","sticky":false,"template":"","format":"standard","meta":{"tdm_status":"","tdm_grid_status":"","footnotes":""},"categories":[64,1533,71,3470,21,30],"tags":[6937,6932,3101,6941,6936,272,6943,328,6945,4582,6934,6931,717,6938,6942,6944,6939,6935,6940,4754,6933,1356],"class_list":{"0":"post-9638","1":"post","2":"type-post","3":"status-publish","4":"format-standard","5":"has-post-thumbnail","7":"category-drammatico","8":"category-featured","9":"category-italia-paese","10":"category-premiazioni","11":"category-in-primo-piano","12":"category-progetti-cinematografici","13":"tag-6937","14":"tag-alessandro-tonda","15":"tag-anna-ferzetti","16":"tag-attualita","17":"tag-baghdad","18":"tag-casting-magazine","19":"tag-cinema-civile","20":"tag-claudio-santamaria","21":"tag-cronaca","22":"tag-giornalisti-cinematografici","23":"tag-giuliana-sgrena","24":"tag-il-nibbio","25":"tag-italia","26":"tag-liberazione","27":"tag-memoria-storica","28":"tag-nastro-della-legalita-2025","29":"tag-nicola-calipari","30":"tag-rapimento","31":"tag-servizi-segreti-militari","32":"tag-sonia-bergamasco","33":"tag-storia-contemporanea","34":"tag-thriller"},"yoast_head":"<!-- This site is optimized with the Yoast SEO plugin v27.4 - https:\/\/yoast.com\/product\/yoast-seo-wordpress\/ -->\r\n<title>Il film &quot;Il Nibbio&quot; di Alessandro Tonda premiato con il Nastro della Legalit\u00e0 2025 - Casting News Magazine<\/title>\r\n<meta name=\"description\" content=\"&quot;Il Nibbio&quot;\u00a0\u00e8 una coproduzione italo-belga Notorious Pictures con Rai Cinema e Tarantula, in collaborazione con Netflix e Alkon Communication.\" \/>\r\n<meta name=\"robots\" content=\"index, follow, max-snippet:-1, max-image-preview:large, max-video-preview:-1\" \/>\r\n<link rel=\"canonical\" href=\"https:\/\/www.castingnews.eu\/magazine\/2025\/02\/28\/il-film-il-nibbio-di-alessandro-tonda-premiato-con-il-nastro-della-legalita-2025\/\" \/>\r\n<meta property=\"og:locale\" content=\"it_IT\" \/>\r\n<meta property=\"og:type\" content=\"article\" \/>\r\n<meta property=\"og:title\" content=\"Il film &quot;Il Nibbio&quot; di Alessandro Tonda premiato con il Nastro della Legalit\u00e0 2025 - Casting News Magazine\" \/>\r\n<meta property=\"og:description\" content=\"&quot;Il Nibbio&quot;\u00a0\u00e8 una coproduzione italo-belga Notorious Pictures con Rai Cinema e Tarantula, in collaborazione con Netflix e Alkon Communication.\" \/>\r\n<meta property=\"og:url\" content=\"https:\/\/www.castingnews.eu\/magazine\/2025\/02\/28\/il-film-il-nibbio-di-alessandro-tonda-premiato-con-il-nastro-della-legalita-2025\/\" \/>\r\n<meta property=\"og:site_name\" content=\"Casting News Magazine\" \/>\r\n<meta property=\"article:published_time\" content=\"2025-02-28T14:31:42+00:00\" \/>\r\n<meta property=\"article:modified_time\" content=\"2025-02-28T14:31:45+00:00\" \/>\r\n<meta property=\"og:image\" content=\"https:\/\/www.castingnews.eu\/magazine\/wp-content\/uploads\/2025\/02\/Il-Nibbio-Alessandro-Tonda-Claudio-Santamaria.jpg\" \/>\r\n\t<meta property=\"og:image:width\" content=\"1200\" \/>\r\n\t<meta property=\"og:image:height\" content=\"675\" \/>\r\n\t<meta property=\"og:image:type\" content=\"image\/jpeg\" \/>\r\n<meta name=\"author\" content=\"Redazione\" \/>\r\n<meta name=\"twitter:card\" content=\"summary_large_image\" \/>\r\n<meta name=\"twitter:label1\" content=\"Scritto da\" \/>\n\t<meta name=\"twitter:data1\" content=\"Redazione\" \/>\n\t<meta name=\"twitter:label2\" content=\"Tempo di lettura stimato\" \/>\n\t<meta name=\"twitter:data2\" content=\"3 minuti\" \/>\r\n<script type=\"application\/ld+json\" class=\"yoast-schema-graph\">{\"@context\":\"https:\\\/\\\/schema.org\",\"@graph\":[{\"@type\":\"Article\",\"@id\":\"https:\\\/\\\/www.castingnews.eu\\\/magazine\\\/2025\\\/02\\\/28\\\/il-film-il-nibbio-di-alessandro-tonda-premiato-con-il-nastro-della-legalita-2025\\\/#article\",\"isPartOf\":{\"@id\":\"https:\\\/\\\/www.castingnews.eu\\\/magazine\\\/2025\\\/02\\\/28\\\/il-film-il-nibbio-di-alessandro-tonda-premiato-con-il-nastro-della-legalita-2025\\\/\"},\"author\":{\"name\":\"Redazione\",\"@id\":\"https:\\\/\\\/www.castingnews.eu\\\/magazine\\\/#\\\/schema\\\/person\\\/099d71c568c9a7e5e4037b1594108f17\"},\"headline\":\"Il film &#8220;Il Nibbio&#8221; di Alessandro Tonda premiato con il Nastro della Legalit\u00e0 2025\",\"datePublished\":\"2025-02-28T14:31:42+00:00\",\"dateModified\":\"2025-02-28T14:31:45+00:00\",\"mainEntityOfPage\":{\"@id\":\"https:\\\/\\\/www.castingnews.eu\\\/magazine\\\/2025\\\/02\\\/28\\\/il-film-il-nibbio-di-alessandro-tonda-premiato-con-il-nastro-della-legalita-2025\\\/\"},\"wordCount\":485,\"commentCount\":0,\"image\":{\"@id\":\"https:\\\/\\\/www.castingnews.eu\\\/magazine\\\/2025\\\/02\\\/28\\\/il-film-il-nibbio-di-alessandro-tonda-premiato-con-il-nastro-della-legalita-2025\\\/#primaryimage\"},\"thumbnailUrl\":\"https:\\\/\\\/www.castingnews.eu\\\/magazine\\\/wp-content\\\/uploads\\\/2025\\\/02\\\/Il-Nibbio-Alessandro-Tonda-Claudio-Santamaria.jpg\",\"keywords\":[\"2005\",\"Alessandro Tonda\",\"Anna Ferzetti\",\"attualit\u00e0\",\"Baghdad\",\"Casting Magazine\",\"cinema civile\",\"Claudio Santamaria\",\"cronaca\",\"Giornalisti Cinematografici\",\"Giuliana Sgrena\",\"Il Nibbio\",\"Italia\",\"liberazione\",\"memoria storica\",\"Nastro della Legalit\u00e0 2025\",\"Nicola Calipari\",\"rapimento\",\"servizi segreti militari\",\"Sonia Bergamasco\",\"Storia contemporanea\",\"Thriller\"],\"articleSection\":[\"Drammatico\",\"In primo piano\",\"Italia\",\"Premiazioni\",\"Primo piano\",\"Progetti cinematografici\"],\"inLanguage\":\"it-IT\",\"potentialAction\":[{\"@type\":\"CommentAction\",\"name\":\"Comment\",\"target\":[\"https:\\\/\\\/www.castingnews.eu\\\/magazine\\\/2025\\\/02\\\/28\\\/il-film-il-nibbio-di-alessandro-tonda-premiato-con-il-nastro-della-legalita-2025\\\/#respond\"]}]},{\"@type\":\"WebPage\",\"@id\":\"https:\\\/\\\/www.castingnews.eu\\\/magazine\\\/2025\\\/02\\\/28\\\/il-film-il-nibbio-di-alessandro-tonda-premiato-con-il-nastro-della-legalita-2025\\\/\",\"url\":\"https:\\\/\\\/www.castingnews.eu\\\/magazine\\\/2025\\\/02\\\/28\\\/il-film-il-nibbio-di-alessandro-tonda-premiato-con-il-nastro-della-legalita-2025\\\/\",\"name\":\"Il film \\\"Il Nibbio\\\" di Alessandro Tonda premiato con il Nastro della Legalit\u00e0 2025 - Casting News Magazine\",\"isPartOf\":{\"@id\":\"https:\\\/\\\/www.castingnews.eu\\\/magazine\\\/#website\"},\"primaryImageOfPage\":{\"@id\":\"https:\\\/\\\/www.castingnews.eu\\\/magazine\\\/2025\\\/02\\\/28\\\/il-film-il-nibbio-di-alessandro-tonda-premiato-con-il-nastro-della-legalita-2025\\\/#primaryimage\"},\"image\":{\"@id\":\"https:\\\/\\\/www.castingnews.eu\\\/magazine\\\/2025\\\/02\\\/28\\\/il-film-il-nibbio-di-alessandro-tonda-premiato-con-il-nastro-della-legalita-2025\\\/#primaryimage\"},\"thumbnailUrl\":\"https:\\\/\\\/www.castingnews.eu\\\/magazine\\\/wp-content\\\/uploads\\\/2025\\\/02\\\/Il-Nibbio-Alessandro-Tonda-Claudio-Santamaria.jpg\",\"datePublished\":\"2025-02-28T14:31:42+00:00\",\"dateModified\":\"2025-02-28T14:31:45+00:00\",\"author\":{\"@id\":\"https:\\\/\\\/www.castingnews.eu\\\/magazine\\\/#\\\/schema\\\/person\\\/099d71c568c9a7e5e4037b1594108f17\"},\"description\":\"\\\"Il Nibbio\\\"\u00a0\u00e8 una coproduzione italo-belga Notorious Pictures con Rai Cinema e Tarantula, in collaborazione con Netflix e Alkon Communication.\",\"breadcrumb\":{\"@id\":\"https:\\\/\\\/www.castingnews.eu\\\/magazine\\\/2025\\\/02\\\/28\\\/il-film-il-nibbio-di-alessandro-tonda-premiato-con-il-nastro-della-legalita-2025\\\/#breadcrumb\"},\"inLanguage\":\"it-IT\",\"potentialAction\":[{\"@type\":\"ReadAction\",\"target\":[\"https:\\\/\\\/www.castingnews.eu\\\/magazine\\\/2025\\\/02\\\/28\\\/il-film-il-nibbio-di-alessandro-tonda-premiato-con-il-nastro-della-legalita-2025\\\/\"]}]},{\"@type\":\"ImageObject\",\"inLanguage\":\"it-IT\",\"@id\":\"https:\\\/\\\/www.castingnews.eu\\\/magazine\\\/2025\\\/02\\\/28\\\/il-film-il-nibbio-di-alessandro-tonda-premiato-con-il-nastro-della-legalita-2025\\\/#primaryimage\",\"url\":\"https:\\\/\\\/www.castingnews.eu\\\/magazine\\\/wp-content\\\/uploads\\\/2025\\\/02\\\/Il-Nibbio-Alessandro-Tonda-Claudio-Santamaria.jpg\",\"contentUrl\":\"https:\\\/\\\/www.castingnews.eu\\\/magazine\\\/wp-content\\\/uploads\\\/2025\\\/02\\\/Il-Nibbio-Alessandro-Tonda-Claudio-Santamaria.jpg\",\"width\":1200,\"height\":675,\"caption\":\"\\\"Il Nibbio\\\" con Claudio Santamaria\"},{\"@type\":\"BreadcrumbList\",\"@id\":\"https:\\\/\\\/www.castingnews.eu\\\/magazine\\\/2025\\\/02\\\/28\\\/il-film-il-nibbio-di-alessandro-tonda-premiato-con-il-nastro-della-legalita-2025\\\/#breadcrumb\",\"itemListElement\":[{\"@type\":\"ListItem\",\"position\":1,\"name\":\"Home\",\"item\":\"https:\\\/\\\/www.castingnews.eu\\\/magazine\\\/\"},{\"@type\":\"ListItem\",\"position\":2,\"name\":\"Il film &#8220;Il Nibbio&#8221; di Alessandro Tonda premiato con il Nastro della Legalit\u00e0 2025\"}]},{\"@type\":\"WebSite\",\"@id\":\"https:\\\/\\\/www.castingnews.eu\\\/magazine\\\/#website\",\"url\":\"https:\\\/\\\/www.castingnews.eu\\\/magazine\\\/\",\"name\":\"Casting News Magazine\",\"description\":\"News e aggiornamenti sui film, serie tv, teatro e festival italiani ed internazionali\",\"potentialAction\":[{\"@type\":\"SearchAction\",\"target\":{\"@type\":\"EntryPoint\",\"urlTemplate\":\"https:\\\/\\\/www.castingnews.eu\\\/magazine\\\/?s={search_term_string}\"},\"query-input\":{\"@type\":\"PropertyValueSpecification\",\"valueRequired\":true,\"valueName\":\"search_term_string\"}}],\"inLanguage\":\"it-IT\"},{\"@type\":\"Person\",\"@id\":\"https:\\\/\\\/www.castingnews.eu\\\/magazine\\\/#\\\/schema\\\/person\\\/099d71c568c9a7e5e4037b1594108f17\",\"name\":\"Redazione\",\"image\":{\"@type\":\"ImageObject\",\"inLanguage\":\"it-IT\",\"@id\":\"https:\\\/\\\/secure.gravatar.com\\\/avatar\\\/b73a087aa3bd279fb70d24f1960a91c82cf67619395b60b564c90e9e5d5325fc?s=96&d=mm&r=g\",\"url\":\"https:\\\/\\\/secure.gravatar.com\\\/avatar\\\/b73a087aa3bd279fb70d24f1960a91c82cf67619395b60b564c90e9e5d5325fc?s=96&d=mm&r=g\",\"contentUrl\":\"https:\\\/\\\/secure.gravatar.com\\\/avatar\\\/b73a087aa3bd279fb70d24f1960a91c82cf67619395b60b564c90e9e5d5325fc?s=96&d=mm&r=g\",\"caption\":\"Redazione\"},\"description\":\"News e aggiornamenti sui film, serie tv, teatro e festival italiani ed internazionali.\",\"url\":\"https:\\\/\\\/www.castingnews.eu\\\/magazine\\\/author\\\/redazione\\\/\"}]}<\/script>\r\n<!-- \/ Yoast SEO plugin. -->","yoast_head_json":{"title":"Il film \"Il Nibbio\" di Alessandro Tonda premiato con il Nastro della Legalit\u00e0 2025 - Casting News Magazine","description":"\"Il Nibbio\"\u00a0\u00e8 una coproduzione italo-belga Notorious Pictures con Rai Cinema e Tarantula, in collaborazione con Netflix e Alkon Communication.","robots":{"index":"index","follow":"follow","max-snippet":"max-snippet:-1","max-image-preview":"max-image-preview:large","max-video-preview":"max-video-preview:-1"},"canonical":"https:\/\/www.castingnews.eu\/magazine\/2025\/02\/28\/il-film-il-nibbio-di-alessandro-tonda-premiato-con-il-nastro-della-legalita-2025\/","og_locale":"it_IT","og_type":"article","og_title":"Il film \"Il Nibbio\" di Alessandro Tonda premiato con il Nastro della Legalit\u00e0 2025 - Casting News Magazine","og_description":"\"Il Nibbio\"\u00a0\u00e8 una coproduzione italo-belga Notorious Pictures con Rai Cinema e Tarantula, in collaborazione con Netflix e Alkon Communication.","og_url":"https:\/\/www.castingnews.eu\/magazine\/2025\/02\/28\/il-film-il-nibbio-di-alessandro-tonda-premiato-con-il-nastro-della-legalita-2025\/","og_site_name":"Casting News Magazine","article_published_time":"2025-02-28T14:31:42+00:00","article_modified_time":"2025-02-28T14:31:45+00:00","og_image":[{"width":1200,"height":675,"url":"https:\/\/www.castingnews.eu\/magazine\/wp-content\/uploads\/2025\/02\/Il-Nibbio-Alessandro-Tonda-Claudio-Santamaria.jpg","type":"image\/jpeg"}],"author":"Redazione","twitter_card":"summary_large_image","twitter_misc":{"Scritto da":"Redazione","Tempo di lettura stimato":"3 minuti"},"schema":{"@context":"https:\/\/schema.org","@graph":[{"@type":"Article","@id":"https:\/\/www.castingnews.eu\/magazine\/2025\/02\/28\/il-film-il-nibbio-di-alessandro-tonda-premiato-con-il-nastro-della-legalita-2025\/#article","isPartOf":{"@id":"https:\/\/www.castingnews.eu\/magazine\/2025\/02\/28\/il-film-il-nibbio-di-alessandro-tonda-premiato-con-il-nastro-della-legalita-2025\/"},"author":{"name":"Redazione","@id":"https:\/\/www.castingnews.eu\/magazine\/#\/schema\/person\/099d71c568c9a7e5e4037b1594108f17"},"headline":"Il film &#8220;Il Nibbio&#8221; di Alessandro Tonda premiato con il Nastro della Legalit\u00e0 2025","datePublished":"2025-02-28T14:31:42+00:00","dateModified":"2025-02-28T14:31:45+00:00","mainEntityOfPage":{"@id":"https:\/\/www.castingnews.eu\/magazine\/2025\/02\/28\/il-film-il-nibbio-di-alessandro-tonda-premiato-con-il-nastro-della-legalita-2025\/"},"wordCount":485,"commentCount":0,"image":{"@id":"https:\/\/www.castingnews.eu\/magazine\/2025\/02\/28\/il-film-il-nibbio-di-alessandro-tonda-premiato-con-il-nastro-della-legalita-2025\/#primaryimage"},"thumbnailUrl":"https:\/\/www.castingnews.eu\/magazine\/wp-content\/uploads\/2025\/02\/Il-Nibbio-Alessandro-Tonda-Claudio-Santamaria.jpg","keywords":["2005","Alessandro Tonda","Anna Ferzetti","attualit\u00e0","Baghdad","Casting Magazine","cinema civile","Claudio Santamaria","cronaca","Giornalisti Cinematografici","Giuliana Sgrena","Il Nibbio","Italia","liberazione","memoria storica","Nastro della Legalit\u00e0 2025","Nicola Calipari","rapimento","servizi segreti militari","Sonia Bergamasco","Storia contemporanea","Thriller"],"articleSection":["Drammatico","In primo piano","Italia","Premiazioni","Primo piano","Progetti cinematografici"],"inLanguage":"it-IT","potentialAction":[{"@type":"CommentAction","name":"Comment","target":["https:\/\/www.castingnews.eu\/magazine\/2025\/02\/28\/il-film-il-nibbio-di-alessandro-tonda-premiato-con-il-nastro-della-legalita-2025\/#respond"]}]},{"@type":"WebPage","@id":"https:\/\/www.castingnews.eu\/magazine\/2025\/02\/28\/il-film-il-nibbio-di-alessandro-tonda-premiato-con-il-nastro-della-legalita-2025\/","url":"https:\/\/www.castingnews.eu\/magazine\/2025\/02\/28\/il-film-il-nibbio-di-alessandro-tonda-premiato-con-il-nastro-della-legalita-2025\/","name":"Il film \"Il Nibbio\" di Alessandro Tonda premiato con il Nastro della Legalit\u00e0 2025 - Casting News Magazine","isPartOf":{"@id":"https:\/\/www.castingnews.eu\/magazine\/#website"},"primaryImageOfPage":{"@id":"https:\/\/www.castingnews.eu\/magazine\/2025\/02\/28\/il-film-il-nibbio-di-alessandro-tonda-premiato-con-il-nastro-della-legalita-2025\/#primaryimage"},"image":{"@id":"https:\/\/www.castingnews.eu\/magazine\/2025\/02\/28\/il-film-il-nibbio-di-alessandro-tonda-premiato-con-il-nastro-della-legalita-2025\/#primaryimage"},"thumbnailUrl":"https:\/\/www.castingnews.eu\/magazine\/wp-content\/uploads\/2025\/02\/Il-Nibbio-Alessandro-Tonda-Claudio-Santamaria.jpg","datePublished":"2025-02-28T14:31:42+00:00","dateModified":"2025-02-28T14:31:45+00:00","author":{"@id":"https:\/\/www.castingnews.eu\/magazine\/#\/schema\/person\/099d71c568c9a7e5e4037b1594108f17"},"description":"\"Il Nibbio\"\u00a0\u00e8 una coproduzione italo-belga Notorious Pictures con Rai Cinema e Tarantula, in collaborazione con Netflix e Alkon Communication.","breadcrumb":{"@id":"https:\/\/www.castingnews.eu\/magazine\/2025\/02\/28\/il-film-il-nibbio-di-alessandro-tonda-premiato-con-il-nastro-della-legalita-2025\/#breadcrumb"},"inLanguage":"it-IT","potentialAction":[{"@type":"ReadAction","target":["https:\/\/www.castingnews.eu\/magazine\/2025\/02\/28\/il-film-il-nibbio-di-alessandro-tonda-premiato-con-il-nastro-della-legalita-2025\/"]}]},{"@type":"ImageObject","inLanguage":"it-IT","@id":"https:\/\/www.castingnews.eu\/magazine\/2025\/02\/28\/il-film-il-nibbio-di-alessandro-tonda-premiato-con-il-nastro-della-legalita-2025\/#primaryimage","url":"https:\/\/www.castingnews.eu\/magazine\/wp-content\/uploads\/2025\/02\/Il-Nibbio-Alessandro-Tonda-Claudio-Santamaria.jpg","contentUrl":"https:\/\/www.castingnews.eu\/magazine\/wp-content\/uploads\/2025\/02\/Il-Nibbio-Alessandro-Tonda-Claudio-Santamaria.jpg","width":1200,"height":675,"caption":"\"Il Nibbio\" con Claudio Santamaria"},{"@type":"BreadcrumbList","@id":"https:\/\/www.castingnews.eu\/magazine\/2025\/02\/28\/il-film-il-nibbio-di-alessandro-tonda-premiato-con-il-nastro-della-legalita-2025\/#breadcrumb","itemListElement":[{"@type":"ListItem","position":1,"name":"Home","item":"https:\/\/www.castingnews.eu\/magazine\/"},{"@type":"ListItem","position":2,"name":"Il film &#8220;Il Nibbio&#8221; di Alessandro Tonda premiato con il Nastro della Legalit\u00e0 2025"}]},{"@type":"WebSite","@id":"https:\/\/www.castingnews.eu\/magazine\/#website","url":"https:\/\/www.castingnews.eu\/magazine\/","name":"Casting News Magazine","description":"News e aggiornamenti sui film, serie tv, teatro e festival italiani ed internazionali","potentialAction":[{"@type":"SearchAction","target":{"@type":"EntryPoint","urlTemplate":"https:\/\/www.castingnews.eu\/magazine\/?s={search_term_string}"},"query-input":{"@type":"PropertyValueSpecification","valueRequired":true,"valueName":"search_term_string"}}],"inLanguage":"it-IT"},{"@type":"Person","@id":"https:\/\/www.castingnews.eu\/magazine\/#\/schema\/person\/099d71c568c9a7e5e4037b1594108f17","name":"Redazione","image":{"@type":"ImageObject","inLanguage":"it-IT","@id":"https:\/\/secure.gravatar.com\/avatar\/b73a087aa3bd279fb70d24f1960a91c82cf67619395b60b564c90e9e5d5325fc?s=96&d=mm&r=g","url":"https:\/\/secure.gravatar.com\/avatar\/b73a087aa3bd279fb70d24f1960a91c82cf67619395b60b564c90e9e5d5325fc?s=96&d=mm&r=g","contentUrl":"https:\/\/secure.gravatar.com\/avatar\/b73a087aa3bd279fb70d24f1960a91c82cf67619395b60b564c90e9e5d5325fc?s=96&d=mm&r=g","caption":"Redazione"},"description":"News e aggiornamenti sui film, serie tv, teatro e festival italiani ed internazionali.","url":"https:\/\/www.castingnews.eu\/magazine\/author\/redazione\/"}]}},"_links":{"self":[{"href":"https:\/\/www.castingnews.eu\/magazine\/wp-json\/wp\/v2\/posts\/9638","targetHints":{"allow":["GET"]}}],"collection":[{"href":"https:\/\/www.castingnews.eu\/magazine\/wp-json\/wp\/v2\/posts"}],"about":[{"href":"https:\/\/www.castingnews.eu\/magazine\/wp-json\/wp\/v2\/types\/post"}],"author":[{"embeddable":true,"href":"https:\/\/www.castingnews.eu\/magazine\/wp-json\/wp\/v2\/users\/1"}],"replies":[{"embeddable":true,"href":"https:\/\/www.castingnews.eu\/magazine\/wp-json\/wp\/v2\/comments?post=9638"}],"version-history":[{"count":2,"href":"https:\/\/www.castingnews.eu\/magazine\/wp-json\/wp\/v2\/posts\/9638\/revisions"}],"predecessor-version":[{"id":9646,"href":"https:\/\/www.castingnews.eu\/magazine\/wp-json\/wp\/v2\/posts\/9638\/revisions\/9646"}],"wp:featuredmedia":[{"embeddable":true,"href":"https:\/\/www.castingnews.eu\/magazine\/wp-json\/wp\/v2\/media\/9639"}],"wp:attachment":[{"href":"https:\/\/www.castingnews.eu\/magazine\/wp-json\/wp\/v2\/media?parent=9638"}],"wp:term":[{"taxonomy":"category","embeddable":true,"href":"https:\/\/www.castingnews.eu\/magazine\/wp-json\/wp\/v2\/categories?post=9638"},{"taxonomy":"post_tag","embeddable":true,"href":"https:\/\/www.castingnews.eu\/magazine\/wp-json\/wp\/v2\/tags?post=9638"}],"curies":[{"name":"wp","href":"https:\/\/api.w.org\/{rel}","templated":true}]}}