{"id":958,"date":"2013-09-02T09:42:35","date_gmt":"2013-09-02T08:42:35","guid":{"rendered":"http:\/\/www.film-movie.eu\/?p=958"},"modified":"2013-09-02T09:42:35","modified_gmt":"2013-09-02T08:42:35","slug":"angelo-bianco-il-ragioniere-della-mafia-proiezione-in-anteprima-nazionale","status":"publish","type":"post","link":"https:\/\/www.castingnews.eu\/magazine\/2013\/09\/02\/angelo-bianco-il-ragioniere-della-mafia-proiezione-in-anteprima-nazionale\/","title":{"rendered":"\u201cAngelo Bianco \u2013 il ragioniere della mafia\u201d &#8211; proiezione in anteprima nazionale"},"content":{"rendered":"<h3 style=\"text-align: justify;\">Marted\u00ec 3 Settembre 2013, alle ore 18,30, presso il Cinema Andromeda in Via Bozzano a Brindisi, avr\u00e0 luogo la proiezione in anteprima nazionale del film \u201cAngelo Bianco \u2013 il ragioniere della mafia\u201d del regista pugliese Federico Rizzo.<\/h3>\n<p style=\"text-align: justify;\">Il film girato in tutta Italia e in buona parte in Puglia e Basilicata, \u00e8 tratto dall\u2019omonimo romanzo di Donald Vergari, gi\u00e0 inviato speciale della trasmissione Mediaset \u201cStriscia la notizia\u201d, con il quale ha guadagnato il \u201cPremio della legalit\u00e0\u201d a Casal di Principe (NA), paese nativo di Roberto Saviano; il \u201cPremio Stella Fuorimetrica\u201d a Borghetto Santo Spirito (SV) e il \u201cPremio In Tv\u201d a Piombino (LI). Dopo il 3 settembre, il tour di presentazione della pellicola proseguir\u00e0 Matera, Montescaglioso, Potenza, Calvello, Salandra. Poi proseguir\u00e0 nelle maggiori citt\u00e0 italiane: Cagliari, Forli, Ancona, Torino, Sanremo, Padova, Reggio Calabria, Napoli, Roma e Milano.<br \/>\nInfo e prenotazioni al 360.261143.<\/p><div class=\"6d3639e8c6ac292cde400fad8ff8a5b9\" data-index=\"1\" style=\"float: none; margin:10px 0 10px 0; text-align:center;\">\n<script async src=\"\/\/pagead2.googlesyndication.com\/pagead\/js\/adsbygoogle.js\"><\/script>\r\n<!-- Casting Bambini NEW -->\r\n<ins class=\"adsbygoogle\"\r\n     style=\"display:inline-block;width:336px;height:280px\"\r\n     data-ad-client=\"ca-pub-5538097485429833\"\r\n     data-ad-slot=\"5127154445\"><\/ins>\r\n<script>\r\n(adsbygoogle = window.adsbygoogle || []).push({});\r\n<\/script>\n<\/div>\n\n<p style=\"text-align: justify;\">Il Film, presentato con successo in anteprima mondiale al \u201cMontreal Film Festival\u201d e al March\u00e9 du Film a Cannes, ha come protagonista l\u2019attore Lorenzo Flaherty accompagnato da un ricchissimo cast: Ciro Petrone ed Ernesto Mahieux, gi\u00e0 noti nelle pellicole di Matteo Garrone \u201cGomorra\u201d e \u201cL\u2019imbalsamatore\u201d, Tony Sperandeo, Rosalinda Celentano, Franco Neri, Simona Borioni, Marika Frassino, Nando Irene, Salvatore Ruocco, Massimo Galantucci e molti altri. Il regista Federico Rizzo si \u00e8 avvalso inoltre della partecipazione di Francesca Testasecca, Miss Italia 2010, e di alcune finaliste delle varie edizioni come Anna Munaf\u00f2, Benedetta Piscicelli, Sara Izzo e Alessia Tedeschi. Il casting \u00e8 stat o curato dalla Magilla Spettacoli.<\/p>\n<p style=\"text-align: justify;\">La trama: Angelo Bianco (Lorenzo Flaherty) \u00e8 un ragioniere milanese con origini pugliesi con il vizio del gioco e del rischio. In una puntata sbagliata al casin\u00f2 matura un debito che non pu\u00f2 saldare che mette a rischio la sua vita, ma grazie alla sua abilit\u00e0 con i numeri il suo creditore gli fa una proposta che egli non pu\u00f2 rifiutare: diventare \u201cil Ragioniere della Mafia\u201d, anzi delle Mafie. Dovr\u00e0 gestire su scala mondiale i profitti delle maggiori organizzazioni criminali italiane, destreggiandosi come un equilibrista tra la vita e la morte, tra le richieste dei Capi Famiglia. Stretto in questa sudditanza che gli toglie il fiato, il ragioniere decide di rilanciare: inizia a compiere operazioni sempre pi\u00f9 rischiose il cui esito positivo gli consente una \u201cscalata\u201d nell\u2019organizzazione. Entrato in pieno nel gioco, Angelo Bianco sfida i narcotrafficanti colombiani e riorganizza un vero e proprio piano di marketing per superare la crisi del dopo Falcone e Borsellino. Questo lo porta sempre pi\u00f9 vicino alla vetta del potere ma sempre pi\u00f9 lontano da s\u00e9 stesso fin quando, oltrepassando tutte le regole del gioco, si rende conto di aver perso il bene pi\u00f9 prezioso: la liberta. E per riacquistarla dovr\u00e0 vincere la sfida pi\u00f9 difficile: uscire vivo dalla Mafia e realizzare uno dei piani pi\u00f9 ingegnosi nella storia del crimine&#8230;<\/p>\n<p>Calendario del tour di presentazione del film \u201cAngelo Bianco &#8211; il ragioniere della mafia\u201d<\/p>\n<p>marted\u00ec 3\/9 \u2013 Brindisi, Cinema Andromeda proiezione ore: 18.30 &#8211; 20.15 &#8211; 22.15<br \/>\nmercoled\u00ec 4\/9 \u2013 Matera, Cinema Comunale proiezione ore: 21.00<br \/>\nmercoled\u00ec 4\/9 \u2013 Montescaglioso (Mt), Cinema Andrisani proiezione ore: 19.30 &#8211; 21.45<br \/>\ngioved\u00ec 5\/9 \u2013 Potenza, Cinema due torri proiezione ore: 20.15<br \/>\nvenerd\u00ec 6\/9 \u2013 Bari, Multisala Showville proiezione ore: 20.00<br \/>\nsabato 7\/9 \u2013 Calvello (Pz), Sala Comunale Prestige proiezione ore: 18.30<br \/>\ndomenica 8\/9 \u2013 Salandra (Mt), Piazza Scalo proiezione ore: 21.00<br \/>\nluned\u00ec 9\/9 \u2013 Matera, Arena Parco delle Murge proiezione ore: 20.15<br \/>\nmarted\u00ec 10\/9 \u2013 Napoli, Cinema Modernissimo proiezione ore: 20.15<br \/>\nmercoled\u00ec 11\/9 \u2013 Roma, Cinema Andromeda proiezione ore: 20.15<br \/>\nDal 19 Settembre \u00e8 prevista l\u2019uscita film in oltre 100 sale italiane<\/p>\n\n<div style=\"font-size: 0px; height: 0px; line-height: 0px; margin: 0; padding: 0; clear: both;\"><\/div>","protected":false},"excerpt":{"rendered":"<p>Marted\u00ec 3 Settembre 2013, alle ore 18,30, presso il Cinema Andromeda in Via Bozzano a Brindisi, avr\u00e0 luogo la proiezione in anteprima nazionale del film \u201cAngelo Bianco \u2013 il ragioniere della mafia\u201d del regista pugliese Federico Rizzo. Il film girato in tutta Italia e in buona parte in Puglia e Basilicata, \u00e8 tratto dall\u2019omonimo romanzo [&hellip;]<\/p>\n","protected":false},"author":1,"featured_media":407,"comment_status":"closed","ping_status":"open","sticky":false,"template":"","format":"standard","meta":{"tdm_status":"","tdm_grid_status":"","footnotes":""},"categories":[21,30],"tags":[131,144,304,420,512,1114],"class_list":{"0":"post-958","1":"post","2":"type-post","3":"status-publish","4":"format-standard","5":"has-post-thumbnail","7":"category-in-primo-piano","8":"category-progetti-cinematografici","9":"tag-angelo-bianco-il-ragioniere-della-mafia","10":"tag-anteprima-nazionale","11":"tag-cinema-andromeda","12":"tag-donald-vergari","13":"tag-federico-rizzo","14":"tag-proiezione"},"yoast_head":"<!-- This site is optimized with the Yoast SEO plugin v27.4 - https:\/\/yoast.com\/product\/yoast-seo-wordpress\/ -->\r\n<title>\u201cAngelo Bianco \u2013 il ragioniere della mafia\u201d - proiezione in anteprima nazionale - Casting News Magazine<\/title>\r\n<meta name=\"robots\" content=\"index, follow, max-snippet:-1, max-image-preview:large, max-video-preview:-1\" \/>\r\n<link rel=\"canonical\" href=\"https:\/\/www.castingnews.eu\/magazine\/2013\/09\/02\/angelo-bianco-il-ragioniere-della-mafia-proiezione-in-anteprima-nazionale\/\" \/>\r\n<meta property=\"og:locale\" content=\"it_IT\" \/>\r\n<meta property=\"og:type\" content=\"article\" \/>\r\n<meta property=\"og:title\" content=\"\u201cAngelo Bianco \u2013 il ragioniere della mafia\u201d - proiezione in anteprima nazionale - Casting News Magazine\" \/>\r\n<meta property=\"og:description\" content=\"Marted\u00ec 3 Settembre 2013, alle ore 18,30, presso il Cinema Andromeda in Via Bozzano a Brindisi, avr\u00e0 luogo la proiezione in anteprima nazionale del film \u201cAngelo Bianco \u2013 il ragioniere della mafia\u201d del regista pugliese Federico Rizzo. Il film girato in tutta Italia e in buona parte in Puglia e Basilicata, \u00e8 tratto dall\u2019omonimo romanzo [&hellip;]\" \/>\r\n<meta property=\"og:url\" content=\"https:\/\/www.castingnews.eu\/magazine\/2013\/09\/02\/angelo-bianco-il-ragioniere-della-mafia-proiezione-in-anteprima-nazionale\/\" \/>\r\n<meta property=\"og:site_name\" content=\"Casting News Magazine\" \/>\r\n<meta property=\"article:published_time\" content=\"2013-09-02T08:42:35+00:00\" \/>\r\n<meta property=\"og:image\" content=\"https:\/\/www.castingnews.eu\/magazine\/wp-content\/uploads\/2009\/09\/movie-camera-video-1.jpg\" \/>\r\n\t<meta property=\"og:image:width\" content=\"450\" \/>\r\n\t<meta property=\"og:image:height\" content=\"275\" \/>\r\n\t<meta property=\"og:image:type\" content=\"image\/jpeg\" \/>\r\n<meta name=\"author\" content=\"Redazione\" \/>\r\n<meta name=\"twitter:card\" content=\"summary_large_image\" \/>\r\n<meta name=\"twitter:label1\" content=\"Scritto da\" \/>\n\t<meta name=\"twitter:data1\" content=\"Redazione\" \/>\n\t<meta name=\"twitter:label2\" content=\"Tempo di lettura stimato\" \/>\n\t<meta name=\"twitter:data2\" content=\"3 minuti\" \/>\r\n<script type=\"application\/ld+json\" class=\"yoast-schema-graph\">{\"@context\":\"https:\\\/\\\/schema.org\",\"@graph\":[{\"@type\":\"Article\",\"@id\":\"https:\\\/\\\/www.castingnews.eu\\\/magazine\\\/2013\\\/09\\\/02\\\/angelo-bianco-il-ragioniere-della-mafia-proiezione-in-anteprima-nazionale\\\/#article\",\"isPartOf\":{\"@id\":\"https:\\\/\\\/www.castingnews.eu\\\/magazine\\\/2013\\\/09\\\/02\\\/angelo-bianco-il-ragioniere-della-mafia-proiezione-in-anteprima-nazionale\\\/\"},\"author\":{\"name\":\"Redazione\",\"@id\":\"https:\\\/\\\/www.castingnews.eu\\\/magazine\\\/#\\\/schema\\\/person\\\/099d71c568c9a7e5e4037b1594108f17\"},\"headline\":\"\u201cAngelo Bianco \u2013 il ragioniere della mafia\u201d &#8211; proiezione in anteprima nazionale\",\"datePublished\":\"2013-09-02T08:42:35+00:00\",\"mainEntityOfPage\":{\"@id\":\"https:\\\/\\\/www.castingnews.eu\\\/magazine\\\/2013\\\/09\\\/02\\\/angelo-bianco-il-ragioniere-della-mafia-proiezione-in-anteprima-nazionale\\\/\"},\"wordCount\":563,\"image\":{\"@id\":\"https:\\\/\\\/www.castingnews.eu\\\/magazine\\\/2013\\\/09\\\/02\\\/angelo-bianco-il-ragioniere-della-mafia-proiezione-in-anteprima-nazionale\\\/#primaryimage\"},\"thumbnailUrl\":\"https:\\\/\\\/www.castingnews.eu\\\/magazine\\\/wp-content\\\/uploads\\\/2009\\\/09\\\/movie-camera-video-1.jpg\",\"keywords\":[\"Angelo Bianco \u2013 il ragioniere della mafia\",\"anteprima nazionale\",\"Cinema Andromeda\",\"Donald Vergari\",\"Federico Rizzo\",\"Proiezione\"],\"articleSection\":[\"Primo piano\",\"Progetti cinematografici\"],\"inLanguage\":\"it-IT\"},{\"@type\":\"WebPage\",\"@id\":\"https:\\\/\\\/www.castingnews.eu\\\/magazine\\\/2013\\\/09\\\/02\\\/angelo-bianco-il-ragioniere-della-mafia-proiezione-in-anteprima-nazionale\\\/\",\"url\":\"https:\\\/\\\/www.castingnews.eu\\\/magazine\\\/2013\\\/09\\\/02\\\/angelo-bianco-il-ragioniere-della-mafia-proiezione-in-anteprima-nazionale\\\/\",\"name\":\"\u201cAngelo Bianco \u2013 il ragioniere della mafia\u201d - proiezione in anteprima nazionale - Casting News Magazine\",\"isPartOf\":{\"@id\":\"https:\\\/\\\/www.castingnews.eu\\\/magazine\\\/#website\"},\"primaryImageOfPage\":{\"@id\":\"https:\\\/\\\/www.castingnews.eu\\\/magazine\\\/2013\\\/09\\\/02\\\/angelo-bianco-il-ragioniere-della-mafia-proiezione-in-anteprima-nazionale\\\/#primaryimage\"},\"image\":{\"@id\":\"https:\\\/\\\/www.castingnews.eu\\\/magazine\\\/2013\\\/09\\\/02\\\/angelo-bianco-il-ragioniere-della-mafia-proiezione-in-anteprima-nazionale\\\/#primaryimage\"},\"thumbnailUrl\":\"https:\\\/\\\/www.castingnews.eu\\\/magazine\\\/wp-content\\\/uploads\\\/2009\\\/09\\\/movie-camera-video-1.jpg\",\"datePublished\":\"2013-09-02T08:42:35+00:00\",\"author\":{\"@id\":\"https:\\\/\\\/www.castingnews.eu\\\/magazine\\\/#\\\/schema\\\/person\\\/099d71c568c9a7e5e4037b1594108f17\"},\"breadcrumb\":{\"@id\":\"https:\\\/\\\/www.castingnews.eu\\\/magazine\\\/2013\\\/09\\\/02\\\/angelo-bianco-il-ragioniere-della-mafia-proiezione-in-anteprima-nazionale\\\/#breadcrumb\"},\"inLanguage\":\"it-IT\",\"potentialAction\":[{\"@type\":\"ReadAction\",\"target\":[\"https:\\\/\\\/www.castingnews.eu\\\/magazine\\\/2013\\\/09\\\/02\\\/angelo-bianco-il-ragioniere-della-mafia-proiezione-in-anteprima-nazionale\\\/\"]}]},{\"@type\":\"ImageObject\",\"inLanguage\":\"it-IT\",\"@id\":\"https:\\\/\\\/www.castingnews.eu\\\/magazine\\\/2013\\\/09\\\/02\\\/angelo-bianco-il-ragioniere-della-mafia-proiezione-in-anteprima-nazionale\\\/#primaryimage\",\"url\":\"https:\\\/\\\/www.castingnews.eu\\\/magazine\\\/wp-content\\\/uploads\\\/2009\\\/09\\\/movie-camera-video-1.jpg\",\"contentUrl\":\"https:\\\/\\\/www.castingnews.eu\\\/magazine\\\/wp-content\\\/uploads\\\/2009\\\/09\\\/movie-camera-video-1.jpg\",\"width\":450,\"height\":275},{\"@type\":\"BreadcrumbList\",\"@id\":\"https:\\\/\\\/www.castingnews.eu\\\/magazine\\\/2013\\\/09\\\/02\\\/angelo-bianco-il-ragioniere-della-mafia-proiezione-in-anteprima-nazionale\\\/#breadcrumb\",\"itemListElement\":[{\"@type\":\"ListItem\",\"position\":1,\"name\":\"Home\",\"item\":\"https:\\\/\\\/www.castingnews.eu\\\/magazine\\\/\"},{\"@type\":\"ListItem\",\"position\":2,\"name\":\"\u201cAngelo Bianco \u2013 il ragioniere della mafia\u201d &#8211; proiezione in anteprima nazionale\"}]},{\"@type\":\"WebSite\",\"@id\":\"https:\\\/\\\/www.castingnews.eu\\\/magazine\\\/#website\",\"url\":\"https:\\\/\\\/www.castingnews.eu\\\/magazine\\\/\",\"name\":\"Casting News Magazine\",\"description\":\"News e aggiornamenti sui film, serie tv, teatro e festival italiani ed internazionali\",\"potentialAction\":[{\"@type\":\"SearchAction\",\"target\":{\"@type\":\"EntryPoint\",\"urlTemplate\":\"https:\\\/\\\/www.castingnews.eu\\\/magazine\\\/?s={search_term_string}\"},\"query-input\":{\"@type\":\"PropertyValueSpecification\",\"valueRequired\":true,\"valueName\":\"search_term_string\"}}],\"inLanguage\":\"it-IT\"},{\"@type\":\"Person\",\"@id\":\"https:\\\/\\\/www.castingnews.eu\\\/magazine\\\/#\\\/schema\\\/person\\\/099d71c568c9a7e5e4037b1594108f17\",\"name\":\"Redazione\",\"image\":{\"@type\":\"ImageObject\",\"inLanguage\":\"it-IT\",\"@id\":\"https:\\\/\\\/secure.gravatar.com\\\/avatar\\\/b73a087aa3bd279fb70d24f1960a91c82cf67619395b60b564c90e9e5d5325fc?s=96&d=mm&r=g\",\"url\":\"https:\\\/\\\/secure.gravatar.com\\\/avatar\\\/b73a087aa3bd279fb70d24f1960a91c82cf67619395b60b564c90e9e5d5325fc?s=96&d=mm&r=g\",\"contentUrl\":\"https:\\\/\\\/secure.gravatar.com\\\/avatar\\\/b73a087aa3bd279fb70d24f1960a91c82cf67619395b60b564c90e9e5d5325fc?s=96&d=mm&r=g\",\"caption\":\"Redazione\"},\"description\":\"News e aggiornamenti sui film, serie tv, teatro e festival italiani ed internazionali.\",\"url\":\"https:\\\/\\\/www.castingnews.eu\\\/magazine\\\/author\\\/redazione\\\/\"}]}<\/script>\r\n<!-- \/ Yoast SEO plugin. -->","yoast_head_json":{"title":"\u201cAngelo Bianco \u2013 il ragioniere della mafia\u201d - proiezione in anteprima nazionale - Casting News Magazine","robots":{"index":"index","follow":"follow","max-snippet":"max-snippet:-1","max-image-preview":"max-image-preview:large","max-video-preview":"max-video-preview:-1"},"canonical":"https:\/\/www.castingnews.eu\/magazine\/2013\/09\/02\/angelo-bianco-il-ragioniere-della-mafia-proiezione-in-anteprima-nazionale\/","og_locale":"it_IT","og_type":"article","og_title":"\u201cAngelo Bianco \u2013 il ragioniere della mafia\u201d - proiezione in anteprima nazionale - Casting News Magazine","og_description":"Marted\u00ec 3 Settembre 2013, alle ore 18,30, presso il Cinema Andromeda in Via Bozzano a Brindisi, avr\u00e0 luogo la proiezione in anteprima nazionale del film \u201cAngelo Bianco \u2013 il ragioniere della mafia\u201d del regista pugliese Federico Rizzo. Il film girato in tutta Italia e in buona parte in Puglia e Basilicata, \u00e8 tratto dall\u2019omonimo romanzo [&hellip;]","og_url":"https:\/\/www.castingnews.eu\/magazine\/2013\/09\/02\/angelo-bianco-il-ragioniere-della-mafia-proiezione-in-anteprima-nazionale\/","og_site_name":"Casting News Magazine","article_published_time":"2013-09-02T08:42:35+00:00","og_image":[{"width":450,"height":275,"url":"https:\/\/www.castingnews.eu\/magazine\/wp-content\/uploads\/2009\/09\/movie-camera-video-1.jpg","type":"image\/jpeg"}],"author":"Redazione","twitter_card":"summary_large_image","twitter_misc":{"Scritto da":"Redazione","Tempo di lettura stimato":"3 minuti"},"schema":{"@context":"https:\/\/schema.org","@graph":[{"@type":"Article","@id":"https:\/\/www.castingnews.eu\/magazine\/2013\/09\/02\/angelo-bianco-il-ragioniere-della-mafia-proiezione-in-anteprima-nazionale\/#article","isPartOf":{"@id":"https:\/\/www.castingnews.eu\/magazine\/2013\/09\/02\/angelo-bianco-il-ragioniere-della-mafia-proiezione-in-anteprima-nazionale\/"},"author":{"name":"Redazione","@id":"https:\/\/www.castingnews.eu\/magazine\/#\/schema\/person\/099d71c568c9a7e5e4037b1594108f17"},"headline":"\u201cAngelo Bianco \u2013 il ragioniere della mafia\u201d &#8211; proiezione in anteprima nazionale","datePublished":"2013-09-02T08:42:35+00:00","mainEntityOfPage":{"@id":"https:\/\/www.castingnews.eu\/magazine\/2013\/09\/02\/angelo-bianco-il-ragioniere-della-mafia-proiezione-in-anteprima-nazionale\/"},"wordCount":563,"image":{"@id":"https:\/\/www.castingnews.eu\/magazine\/2013\/09\/02\/angelo-bianco-il-ragioniere-della-mafia-proiezione-in-anteprima-nazionale\/#primaryimage"},"thumbnailUrl":"https:\/\/www.castingnews.eu\/magazine\/wp-content\/uploads\/2009\/09\/movie-camera-video-1.jpg","keywords":["Angelo Bianco \u2013 il ragioniere della mafia","anteprima nazionale","Cinema Andromeda","Donald Vergari","Federico Rizzo","Proiezione"],"articleSection":["Primo piano","Progetti cinematografici"],"inLanguage":"it-IT"},{"@type":"WebPage","@id":"https:\/\/www.castingnews.eu\/magazine\/2013\/09\/02\/angelo-bianco-il-ragioniere-della-mafia-proiezione-in-anteprima-nazionale\/","url":"https:\/\/www.castingnews.eu\/magazine\/2013\/09\/02\/angelo-bianco-il-ragioniere-della-mafia-proiezione-in-anteprima-nazionale\/","name":"\u201cAngelo Bianco \u2013 il ragioniere della mafia\u201d - proiezione in anteprima nazionale - Casting News Magazine","isPartOf":{"@id":"https:\/\/www.castingnews.eu\/magazine\/#website"},"primaryImageOfPage":{"@id":"https:\/\/www.castingnews.eu\/magazine\/2013\/09\/02\/angelo-bianco-il-ragioniere-della-mafia-proiezione-in-anteprima-nazionale\/#primaryimage"},"image":{"@id":"https:\/\/www.castingnews.eu\/magazine\/2013\/09\/02\/angelo-bianco-il-ragioniere-della-mafia-proiezione-in-anteprima-nazionale\/#primaryimage"},"thumbnailUrl":"https:\/\/www.castingnews.eu\/magazine\/wp-content\/uploads\/2009\/09\/movie-camera-video-1.jpg","datePublished":"2013-09-02T08:42:35+00:00","author":{"@id":"https:\/\/www.castingnews.eu\/magazine\/#\/schema\/person\/099d71c568c9a7e5e4037b1594108f17"},"breadcrumb":{"@id":"https:\/\/www.castingnews.eu\/magazine\/2013\/09\/02\/angelo-bianco-il-ragioniere-della-mafia-proiezione-in-anteprima-nazionale\/#breadcrumb"},"inLanguage":"it-IT","potentialAction":[{"@type":"ReadAction","target":["https:\/\/www.castingnews.eu\/magazine\/2013\/09\/02\/angelo-bianco-il-ragioniere-della-mafia-proiezione-in-anteprima-nazionale\/"]}]},{"@type":"ImageObject","inLanguage":"it-IT","@id":"https:\/\/www.castingnews.eu\/magazine\/2013\/09\/02\/angelo-bianco-il-ragioniere-della-mafia-proiezione-in-anteprima-nazionale\/#primaryimage","url":"https:\/\/www.castingnews.eu\/magazine\/wp-content\/uploads\/2009\/09\/movie-camera-video-1.jpg","contentUrl":"https:\/\/www.castingnews.eu\/magazine\/wp-content\/uploads\/2009\/09\/movie-camera-video-1.jpg","width":450,"height":275},{"@type":"BreadcrumbList","@id":"https:\/\/www.castingnews.eu\/magazine\/2013\/09\/02\/angelo-bianco-il-ragioniere-della-mafia-proiezione-in-anteprima-nazionale\/#breadcrumb","itemListElement":[{"@type":"ListItem","position":1,"name":"Home","item":"https:\/\/www.castingnews.eu\/magazine\/"},{"@type":"ListItem","position":2,"name":"\u201cAngelo Bianco \u2013 il ragioniere della mafia\u201d &#8211; proiezione in anteprima nazionale"}]},{"@type":"WebSite","@id":"https:\/\/www.castingnews.eu\/magazine\/#website","url":"https:\/\/www.castingnews.eu\/magazine\/","name":"Casting News Magazine","description":"News e aggiornamenti sui film, serie tv, teatro e festival italiani ed internazionali","potentialAction":[{"@type":"SearchAction","target":{"@type":"EntryPoint","urlTemplate":"https:\/\/www.castingnews.eu\/magazine\/?s={search_term_string}"},"query-input":{"@type":"PropertyValueSpecification","valueRequired":true,"valueName":"search_term_string"}}],"inLanguage":"it-IT"},{"@type":"Person","@id":"https:\/\/www.castingnews.eu\/magazine\/#\/schema\/person\/099d71c568c9a7e5e4037b1594108f17","name":"Redazione","image":{"@type":"ImageObject","inLanguage":"it-IT","@id":"https:\/\/secure.gravatar.com\/avatar\/b73a087aa3bd279fb70d24f1960a91c82cf67619395b60b564c90e9e5d5325fc?s=96&d=mm&r=g","url":"https:\/\/secure.gravatar.com\/avatar\/b73a087aa3bd279fb70d24f1960a91c82cf67619395b60b564c90e9e5d5325fc?s=96&d=mm&r=g","contentUrl":"https:\/\/secure.gravatar.com\/avatar\/b73a087aa3bd279fb70d24f1960a91c82cf67619395b60b564c90e9e5d5325fc?s=96&d=mm&r=g","caption":"Redazione"},"description":"News e aggiornamenti sui film, serie tv, teatro e festival italiani ed internazionali.","url":"https:\/\/www.castingnews.eu\/magazine\/author\/redazione\/"}]}},"_links":{"self":[{"href":"https:\/\/www.castingnews.eu\/magazine\/wp-json\/wp\/v2\/posts\/958","targetHints":{"allow":["GET"]}}],"collection":[{"href":"https:\/\/www.castingnews.eu\/magazine\/wp-json\/wp\/v2\/posts"}],"about":[{"href":"https:\/\/www.castingnews.eu\/magazine\/wp-json\/wp\/v2\/types\/post"}],"author":[{"embeddable":true,"href":"https:\/\/www.castingnews.eu\/magazine\/wp-json\/wp\/v2\/users\/1"}],"replies":[{"embeddable":true,"href":"https:\/\/www.castingnews.eu\/magazine\/wp-json\/wp\/v2\/comments?post=958"}],"version-history":[{"count":0,"href":"https:\/\/www.castingnews.eu\/magazine\/wp-json\/wp\/v2\/posts\/958\/revisions"}],"wp:featuredmedia":[{"embeddable":true,"href":"https:\/\/www.castingnews.eu\/magazine\/wp-json\/wp\/v2\/media\/407"}],"wp:attachment":[{"href":"https:\/\/www.castingnews.eu\/magazine\/wp-json\/wp\/v2\/media?parent=958"}],"wp:term":[{"taxonomy":"category","embeddable":true,"href":"https:\/\/www.castingnews.eu\/magazine\/wp-json\/wp\/v2\/categories?post=958"},{"taxonomy":"post_tag","embeddable":true,"href":"https:\/\/www.castingnews.eu\/magazine\/wp-json\/wp\/v2\/tags?post=958"}],"curies":[{"name":"wp","href":"https:\/\/api.w.org\/{rel}","templated":true}]}}