{"id":9340,"date":"2024-12-07T16:38:43","date_gmt":"2024-12-07T15:38:43","guid":{"rendered":"https:\/\/www.castingnews.eu\/magazine\/?p=9340"},"modified":"2024-12-07T16:38:45","modified_gmt":"2024-12-07T15:38:45","slug":"rosa-ricci-torna-sul-grande-schermo-annunciato-il-prequel-di-mare-fuori","status":"publish","type":"post","link":"https:\/\/www.castingnews.eu\/magazine\/2024\/12\/07\/rosa-ricci-torna-sul-grande-schermo-annunciato-il-prequel-di-mare-fuori\/","title":{"rendered":"Rosa Ricci torna sul grande schermo: annunciato il prequel di Mare Fuori"},"content":{"rendered":"\n<p>Il celebre universo narrativo di <em><strong>Mare Fuori<\/strong><\/em> si espande ancora: \u00e8 stato ufficialmente annunciato un <strong>film prequel<\/strong> che esplorer\u00e0 il passato di uno dei personaggi pi\u00f9 amati della serie, <strong>Rosa Ricci<\/strong>. Il progetto, che porta il titolo <em>&#8220;<strong>Io sono Rosa Ricci<\/strong>&#8220;<\/em>, sar\u00e0 prodotto da 01 Distribution e approder\u00e0 nei <strong>cinema <\/strong>italiani nel 2025.<br>Il <strong>lungometraggio <\/strong>si concentrer\u00e0 su una fase cruciale della vita di Rosa, interpretata dalla talentuosa <strong>Maria Esposito<\/strong>, svelando dettagli inediti sulla sua esistenza prima del carcere e dell\u2019ingresso nel mondo della criminalit\u00e0. Un\u2019occasione per comprendere le origini e le scelte che hanno portato il personaggio a diventare una figura cos\u00ec iconica.<\/p><div class=\"6d3639e8c6ac292cde400fad8ff8a5b9\" data-index=\"1\" style=\"float: none; margin:10px 0 10px 0; text-align:center;\">\n<script async src=\"\/\/pagead2.googlesyndication.com\/pagead\/js\/adsbygoogle.js\"><\/script>\r\n<!-- Casting Bambini NEW -->\r\n<ins class=\"adsbygoogle\"\r\n     style=\"display:inline-block;width:336px;height:280px\"\r\n     data-ad-client=\"ca-pub-5538097485429833\"\r\n     data-ad-slot=\"5127154445\"><\/ins>\r\n<script>\r\n(adsbygoogle = window.adsbygoogle || []).push({});\r\n<\/script>\n<\/div>\n\n\n\n\n<p>Nel frattempo, i fan di <em>Mare Fuori<\/em> possono segnare in agenda un\u2019altra data importante: il 19 febbraio 2025. In quel giorno, subito dopo il Festival di Sanremo, torner\u00e0 su Rai 2 la quinta stagione della serie, pronta a regalare nuove emozioni e colpi di scena.<br>Con il prequel e la nuova stagione in arrivo, il fenomeno <em>Mare Fuori<\/em> continua a dimostrare di avere un posto speciale nel cuore del pubblico, confermandosi uno dei maggiori successi della televisione e del cinema italiano degli ultimi anni.<\/p>\n\n\n\n<p>Iscriviti alla\u00a0<strong><a href=\"https:\/\/www.castingnewsletter.eu\/CastingNewsPro\/\" target=\"_blank\" rel=\"noreferrer noopener\">newsletter giornaliera<\/a><\/strong>\u00a0di Casting News Professional per ricevere le ultime notizie sui casting aperti, provini e audizioni.<\/p>\n\n<div style=\"font-size: 0px; height: 0px; line-height: 0px; margin: 0; padding: 0; clear: both;\"><\/div>","protected":false},"excerpt":{"rendered":"<p>Il celebre universo narrativo di Mare Fuori si espande ancora: \u00e8 stato ufficialmente annunciato un film prequel che esplorer\u00e0 il passato di uno dei personaggi pi\u00f9 amati della serie, Rosa Ricci. Il progetto, che porta il titolo &#8220;Io sono Rosa Ricci&#8220;, sar\u00e0 prodotto da 01 Distribution e approder\u00e0 nei cinema italiani nel 2025.Il lungometraggio si [&hellip;]<\/p>\n","protected":false},"author":1,"featured_media":9341,"comment_status":"open","ping_status":"open","sticky":false,"template":"","format":"standard","meta":{"tdm_status":"","tdm_grid_status":"","footnotes":""},"categories":[3747,64,1533,71,21,30],"tags":[4070,272,273,1985,2883,6705,6703,3078,6704,6701,1741,6702,6480],"class_list":{"0":"post-9340","1":"post","2":"type-post","3":"status-publish","4":"format-standard","5":"has-post-thumbnail","7":"category-crime","8":"category-drammatico","9":"category-featured","10":"category-italia-paese","11":"category-in-primo-piano","12":"category-progetti-cinematografici","13":"tag-01-distribution","14":"tag-casting-magazine","15":"tag-casting-news","16":"tag-cinema-italiano","17":"tag-festival-di-sanremo","18":"tag-film-italiano-2025","19":"tag-io-sono-rosa-ricci","20":"tag-mare-fuori","21":"tag-maria-esposito","22":"tag-prequel-mare-fuori","23":"tag-rai-2","24":"tag-rosa-ricci","25":"tag-serie-tv-rai"},"yoast_head":"<!-- This site is optimized with the Yoast SEO plugin v27.4 - https:\/\/yoast.com\/product\/yoast-seo-wordpress\/ -->\r\n<title>Rosa Ricci torna sul grande schermo: annunciato il prequel di Mare Fuori - Casting News Magazine<\/title>\r\n<meta name=\"description\" content=\"Ufficiale: Io sono Rosa Ricci sar\u00e0 il film prequel di Mare Fuori, pronto a raccontare il passato di uno dei personaggi pi\u00f9 amati, Rosa Ricci.\" \/>\r\n<meta name=\"robots\" content=\"index, follow, max-snippet:-1, max-image-preview:large, max-video-preview:-1\" \/>\r\n<link rel=\"canonical\" href=\"https:\/\/www.castingnews.eu\/magazine\/2024\/12\/07\/rosa-ricci-torna-sul-grande-schermo-annunciato-il-prequel-di-mare-fuori\/\" \/>\r\n<meta property=\"og:locale\" content=\"it_IT\" \/>\r\n<meta property=\"og:type\" content=\"article\" \/>\r\n<meta property=\"og:title\" content=\"Rosa Ricci torna sul grande schermo: annunciato il prequel di Mare Fuori - Casting News Magazine\" \/>\r\n<meta property=\"og:description\" content=\"Ufficiale: Io sono Rosa Ricci sar\u00e0 il film prequel di Mare Fuori, pronto a raccontare il passato di uno dei personaggi pi\u00f9 amati, Rosa Ricci.\" \/>\r\n<meta property=\"og:url\" content=\"https:\/\/www.castingnews.eu\/magazine\/2024\/12\/07\/rosa-ricci-torna-sul-grande-schermo-annunciato-il-prequel-di-mare-fuori\/\" \/>\r\n<meta property=\"og:site_name\" content=\"Casting News Magazine\" \/>\r\n<meta property=\"article:published_time\" content=\"2024-12-07T15:38:43+00:00\" \/>\r\n<meta property=\"article:modified_time\" content=\"2024-12-07T15:38:45+00:00\" \/>\r\n<meta property=\"og:image\" content=\"https:\/\/www.castingnews.eu\/magazine\/wp-content\/uploads\/2024\/12\/Io-sono-Rosa-Ricci-il-film-prequel-di-Mare-Fuori.jpg\" \/>\r\n\t<meta property=\"og:image:width\" content=\"1200\" \/>\r\n\t<meta property=\"og:image:height\" content=\"675\" \/>\r\n\t<meta property=\"og:image:type\" content=\"image\/jpeg\" \/>\r\n<meta name=\"author\" content=\"Redazione\" \/>\r\n<meta name=\"twitter:card\" content=\"summary_large_image\" \/>\r\n<meta name=\"twitter:label1\" content=\"Scritto da\" \/>\n\t<meta name=\"twitter:data1\" content=\"Redazione\" \/>\n\t<meta name=\"twitter:label2\" content=\"Tempo di lettura stimato\" \/>\n\t<meta name=\"twitter:data2\" content=\"2 minuti\" \/>\r\n<script type=\"application\/ld+json\" class=\"yoast-schema-graph\">{\"@context\":\"https:\\\/\\\/schema.org\",\"@graph\":[{\"@type\":\"Article\",\"@id\":\"https:\\\/\\\/www.castingnews.eu\\\/magazine\\\/2024\\\/12\\\/07\\\/rosa-ricci-torna-sul-grande-schermo-annunciato-il-prequel-di-mare-fuori\\\/#article\",\"isPartOf\":{\"@id\":\"https:\\\/\\\/www.castingnews.eu\\\/magazine\\\/2024\\\/12\\\/07\\\/rosa-ricci-torna-sul-grande-schermo-annunciato-il-prequel-di-mare-fuori\\\/\"},\"author\":{\"name\":\"Redazione\",\"@id\":\"https:\\\/\\\/www.castingnews.eu\\\/magazine\\\/#\\\/schema\\\/person\\\/099d71c568c9a7e5e4037b1594108f17\"},\"headline\":\"Rosa Ricci torna sul grande schermo: annunciato il prequel di Mare Fuori\",\"datePublished\":\"2024-12-07T15:38:43+00:00\",\"dateModified\":\"2024-12-07T15:38:45+00:00\",\"mainEntityOfPage\":{\"@id\":\"https:\\\/\\\/www.castingnews.eu\\\/magazine\\\/2024\\\/12\\\/07\\\/rosa-ricci-torna-sul-grande-schermo-annunciato-il-prequel-di-mare-fuori\\\/\"},\"wordCount\":216,\"commentCount\":0,\"image\":{\"@id\":\"https:\\\/\\\/www.castingnews.eu\\\/magazine\\\/2024\\\/12\\\/07\\\/rosa-ricci-torna-sul-grande-schermo-annunciato-il-prequel-di-mare-fuori\\\/#primaryimage\"},\"thumbnailUrl\":\"https:\\\/\\\/www.castingnews.eu\\\/magazine\\\/wp-content\\\/uploads\\\/2024\\\/12\\\/Io-sono-Rosa-Ricci-il-film-prequel-di-Mare-Fuori.jpg\",\"keywords\":[\"01 Distribution\",\"Casting Magazine\",\"Casting News\",\"Cinema Italiano\",\"Festival di Sanremo\",\"film italiano 2025\",\"Io sono Rosa Ricci\",\"Mare fuori\",\"Maria Esposito\",\"prequel Mare Fuori\",\"Rai 2\",\"Rosa Ricci\",\"serie tv Rai\"],\"articleSection\":[\"Crime\",\"Drammatico\",\"In primo piano\",\"Italia\",\"Primo piano\",\"Progetti cinematografici\"],\"inLanguage\":\"it-IT\",\"potentialAction\":[{\"@type\":\"CommentAction\",\"name\":\"Comment\",\"target\":[\"https:\\\/\\\/www.castingnews.eu\\\/magazine\\\/2024\\\/12\\\/07\\\/rosa-ricci-torna-sul-grande-schermo-annunciato-il-prequel-di-mare-fuori\\\/#respond\"]}]},{\"@type\":\"WebPage\",\"@id\":\"https:\\\/\\\/www.castingnews.eu\\\/magazine\\\/2024\\\/12\\\/07\\\/rosa-ricci-torna-sul-grande-schermo-annunciato-il-prequel-di-mare-fuori\\\/\",\"url\":\"https:\\\/\\\/www.castingnews.eu\\\/magazine\\\/2024\\\/12\\\/07\\\/rosa-ricci-torna-sul-grande-schermo-annunciato-il-prequel-di-mare-fuori\\\/\",\"name\":\"Rosa Ricci torna sul grande schermo: annunciato il prequel di Mare Fuori - Casting News Magazine\",\"isPartOf\":{\"@id\":\"https:\\\/\\\/www.castingnews.eu\\\/magazine\\\/#website\"},\"primaryImageOfPage\":{\"@id\":\"https:\\\/\\\/www.castingnews.eu\\\/magazine\\\/2024\\\/12\\\/07\\\/rosa-ricci-torna-sul-grande-schermo-annunciato-il-prequel-di-mare-fuori\\\/#primaryimage\"},\"image\":{\"@id\":\"https:\\\/\\\/www.castingnews.eu\\\/magazine\\\/2024\\\/12\\\/07\\\/rosa-ricci-torna-sul-grande-schermo-annunciato-il-prequel-di-mare-fuori\\\/#primaryimage\"},\"thumbnailUrl\":\"https:\\\/\\\/www.castingnews.eu\\\/magazine\\\/wp-content\\\/uploads\\\/2024\\\/12\\\/Io-sono-Rosa-Ricci-il-film-prequel-di-Mare-Fuori.jpg\",\"datePublished\":\"2024-12-07T15:38:43+00:00\",\"dateModified\":\"2024-12-07T15:38:45+00:00\",\"author\":{\"@id\":\"https:\\\/\\\/www.castingnews.eu\\\/magazine\\\/#\\\/schema\\\/person\\\/099d71c568c9a7e5e4037b1594108f17\"},\"description\":\"Ufficiale: Io sono Rosa Ricci sar\u00e0 il film prequel di Mare Fuori, pronto a raccontare il passato di uno dei personaggi pi\u00f9 amati, Rosa Ricci.\",\"breadcrumb\":{\"@id\":\"https:\\\/\\\/www.castingnews.eu\\\/magazine\\\/2024\\\/12\\\/07\\\/rosa-ricci-torna-sul-grande-schermo-annunciato-il-prequel-di-mare-fuori\\\/#breadcrumb\"},\"inLanguage\":\"it-IT\",\"potentialAction\":[{\"@type\":\"ReadAction\",\"target\":[\"https:\\\/\\\/www.castingnews.eu\\\/magazine\\\/2024\\\/12\\\/07\\\/rosa-ricci-torna-sul-grande-schermo-annunciato-il-prequel-di-mare-fuori\\\/\"]}]},{\"@type\":\"ImageObject\",\"inLanguage\":\"it-IT\",\"@id\":\"https:\\\/\\\/www.castingnews.eu\\\/magazine\\\/2024\\\/12\\\/07\\\/rosa-ricci-torna-sul-grande-schermo-annunciato-il-prequel-di-mare-fuori\\\/#primaryimage\",\"url\":\"https:\\\/\\\/www.castingnews.eu\\\/magazine\\\/wp-content\\\/uploads\\\/2024\\\/12\\\/Io-sono-Rosa-Ricci-il-film-prequel-di-Mare-Fuori.jpg\",\"contentUrl\":\"https:\\\/\\\/www.castingnews.eu\\\/magazine\\\/wp-content\\\/uploads\\\/2024\\\/12\\\/Io-sono-Rosa-Ricci-il-film-prequel-di-Mare-Fuori.jpg\",\"width\":1200,\"height\":675,\"caption\":\"\\\"Io sono Rosa Ricci\\\" sar\u00e0 il film prequel di Mare Fuori\"},{\"@type\":\"BreadcrumbList\",\"@id\":\"https:\\\/\\\/www.castingnews.eu\\\/magazine\\\/2024\\\/12\\\/07\\\/rosa-ricci-torna-sul-grande-schermo-annunciato-il-prequel-di-mare-fuori\\\/#breadcrumb\",\"itemListElement\":[{\"@type\":\"ListItem\",\"position\":1,\"name\":\"Home\",\"item\":\"https:\\\/\\\/www.castingnews.eu\\\/magazine\\\/\"},{\"@type\":\"ListItem\",\"position\":2,\"name\":\"Rosa Ricci torna sul grande schermo: annunciato il prequel di Mare Fuori\"}]},{\"@type\":\"WebSite\",\"@id\":\"https:\\\/\\\/www.castingnews.eu\\\/magazine\\\/#website\",\"url\":\"https:\\\/\\\/www.castingnews.eu\\\/magazine\\\/\",\"name\":\"Casting News Magazine\",\"description\":\"News e aggiornamenti sui film, serie tv, teatro e festival italiani ed internazionali\",\"potentialAction\":[{\"@type\":\"SearchAction\",\"target\":{\"@type\":\"EntryPoint\",\"urlTemplate\":\"https:\\\/\\\/www.castingnews.eu\\\/magazine\\\/?s={search_term_string}\"},\"query-input\":{\"@type\":\"PropertyValueSpecification\",\"valueRequired\":true,\"valueName\":\"search_term_string\"}}],\"inLanguage\":\"it-IT\"},{\"@type\":\"Person\",\"@id\":\"https:\\\/\\\/www.castingnews.eu\\\/magazine\\\/#\\\/schema\\\/person\\\/099d71c568c9a7e5e4037b1594108f17\",\"name\":\"Redazione\",\"image\":{\"@type\":\"ImageObject\",\"inLanguage\":\"it-IT\",\"@id\":\"https:\\\/\\\/secure.gravatar.com\\\/avatar\\\/b73a087aa3bd279fb70d24f1960a91c82cf67619395b60b564c90e9e5d5325fc?s=96&d=mm&r=g\",\"url\":\"https:\\\/\\\/secure.gravatar.com\\\/avatar\\\/b73a087aa3bd279fb70d24f1960a91c82cf67619395b60b564c90e9e5d5325fc?s=96&d=mm&r=g\",\"contentUrl\":\"https:\\\/\\\/secure.gravatar.com\\\/avatar\\\/b73a087aa3bd279fb70d24f1960a91c82cf67619395b60b564c90e9e5d5325fc?s=96&d=mm&r=g\",\"caption\":\"Redazione\"},\"description\":\"News e aggiornamenti sui film, serie tv, teatro e festival italiani ed internazionali.\",\"url\":\"https:\\\/\\\/www.castingnews.eu\\\/magazine\\\/author\\\/redazione\\\/\"}]}<\/script>\r\n<!-- \/ Yoast SEO plugin. -->","yoast_head_json":{"title":"Rosa Ricci torna sul grande schermo: annunciato il prequel di Mare Fuori - Casting News Magazine","description":"Ufficiale: Io sono Rosa Ricci sar\u00e0 il film prequel di Mare Fuori, pronto a raccontare il passato di uno dei personaggi pi\u00f9 amati, Rosa Ricci.","robots":{"index":"index","follow":"follow","max-snippet":"max-snippet:-1","max-image-preview":"max-image-preview:large","max-video-preview":"max-video-preview:-1"},"canonical":"https:\/\/www.castingnews.eu\/magazine\/2024\/12\/07\/rosa-ricci-torna-sul-grande-schermo-annunciato-il-prequel-di-mare-fuori\/","og_locale":"it_IT","og_type":"article","og_title":"Rosa Ricci torna sul grande schermo: annunciato il prequel di Mare Fuori - Casting News Magazine","og_description":"Ufficiale: Io sono Rosa Ricci sar\u00e0 il film prequel di Mare Fuori, pronto a raccontare il passato di uno dei personaggi pi\u00f9 amati, Rosa Ricci.","og_url":"https:\/\/www.castingnews.eu\/magazine\/2024\/12\/07\/rosa-ricci-torna-sul-grande-schermo-annunciato-il-prequel-di-mare-fuori\/","og_site_name":"Casting News Magazine","article_published_time":"2024-12-07T15:38:43+00:00","article_modified_time":"2024-12-07T15:38:45+00:00","og_image":[{"width":1200,"height":675,"url":"https:\/\/www.castingnews.eu\/magazine\/wp-content\/uploads\/2024\/12\/Io-sono-Rosa-Ricci-il-film-prequel-di-Mare-Fuori.jpg","type":"image\/jpeg"}],"author":"Redazione","twitter_card":"summary_large_image","twitter_misc":{"Scritto da":"Redazione","Tempo di lettura stimato":"2 minuti"},"schema":{"@context":"https:\/\/schema.org","@graph":[{"@type":"Article","@id":"https:\/\/www.castingnews.eu\/magazine\/2024\/12\/07\/rosa-ricci-torna-sul-grande-schermo-annunciato-il-prequel-di-mare-fuori\/#article","isPartOf":{"@id":"https:\/\/www.castingnews.eu\/magazine\/2024\/12\/07\/rosa-ricci-torna-sul-grande-schermo-annunciato-il-prequel-di-mare-fuori\/"},"author":{"name":"Redazione","@id":"https:\/\/www.castingnews.eu\/magazine\/#\/schema\/person\/099d71c568c9a7e5e4037b1594108f17"},"headline":"Rosa Ricci torna sul grande schermo: annunciato il prequel di Mare Fuori","datePublished":"2024-12-07T15:38:43+00:00","dateModified":"2024-12-07T15:38:45+00:00","mainEntityOfPage":{"@id":"https:\/\/www.castingnews.eu\/magazine\/2024\/12\/07\/rosa-ricci-torna-sul-grande-schermo-annunciato-il-prequel-di-mare-fuori\/"},"wordCount":216,"commentCount":0,"image":{"@id":"https:\/\/www.castingnews.eu\/magazine\/2024\/12\/07\/rosa-ricci-torna-sul-grande-schermo-annunciato-il-prequel-di-mare-fuori\/#primaryimage"},"thumbnailUrl":"https:\/\/www.castingnews.eu\/magazine\/wp-content\/uploads\/2024\/12\/Io-sono-Rosa-Ricci-il-film-prequel-di-Mare-Fuori.jpg","keywords":["01 Distribution","Casting Magazine","Casting News","Cinema Italiano","Festival di Sanremo","film italiano 2025","Io sono Rosa Ricci","Mare fuori","Maria Esposito","prequel Mare Fuori","Rai 2","Rosa Ricci","serie tv Rai"],"articleSection":["Crime","Drammatico","In primo piano","Italia","Primo piano","Progetti cinematografici"],"inLanguage":"it-IT","potentialAction":[{"@type":"CommentAction","name":"Comment","target":["https:\/\/www.castingnews.eu\/magazine\/2024\/12\/07\/rosa-ricci-torna-sul-grande-schermo-annunciato-il-prequel-di-mare-fuori\/#respond"]}]},{"@type":"WebPage","@id":"https:\/\/www.castingnews.eu\/magazine\/2024\/12\/07\/rosa-ricci-torna-sul-grande-schermo-annunciato-il-prequel-di-mare-fuori\/","url":"https:\/\/www.castingnews.eu\/magazine\/2024\/12\/07\/rosa-ricci-torna-sul-grande-schermo-annunciato-il-prequel-di-mare-fuori\/","name":"Rosa Ricci torna sul grande schermo: annunciato il prequel di Mare Fuori - Casting News Magazine","isPartOf":{"@id":"https:\/\/www.castingnews.eu\/magazine\/#website"},"primaryImageOfPage":{"@id":"https:\/\/www.castingnews.eu\/magazine\/2024\/12\/07\/rosa-ricci-torna-sul-grande-schermo-annunciato-il-prequel-di-mare-fuori\/#primaryimage"},"image":{"@id":"https:\/\/www.castingnews.eu\/magazine\/2024\/12\/07\/rosa-ricci-torna-sul-grande-schermo-annunciato-il-prequel-di-mare-fuori\/#primaryimage"},"thumbnailUrl":"https:\/\/www.castingnews.eu\/magazine\/wp-content\/uploads\/2024\/12\/Io-sono-Rosa-Ricci-il-film-prequel-di-Mare-Fuori.jpg","datePublished":"2024-12-07T15:38:43+00:00","dateModified":"2024-12-07T15:38:45+00:00","author":{"@id":"https:\/\/www.castingnews.eu\/magazine\/#\/schema\/person\/099d71c568c9a7e5e4037b1594108f17"},"description":"Ufficiale: Io sono Rosa Ricci sar\u00e0 il film prequel di Mare Fuori, pronto a raccontare il passato di uno dei personaggi pi\u00f9 amati, Rosa Ricci.","breadcrumb":{"@id":"https:\/\/www.castingnews.eu\/magazine\/2024\/12\/07\/rosa-ricci-torna-sul-grande-schermo-annunciato-il-prequel-di-mare-fuori\/#breadcrumb"},"inLanguage":"it-IT","potentialAction":[{"@type":"ReadAction","target":["https:\/\/www.castingnews.eu\/magazine\/2024\/12\/07\/rosa-ricci-torna-sul-grande-schermo-annunciato-il-prequel-di-mare-fuori\/"]}]},{"@type":"ImageObject","inLanguage":"it-IT","@id":"https:\/\/www.castingnews.eu\/magazine\/2024\/12\/07\/rosa-ricci-torna-sul-grande-schermo-annunciato-il-prequel-di-mare-fuori\/#primaryimage","url":"https:\/\/www.castingnews.eu\/magazine\/wp-content\/uploads\/2024\/12\/Io-sono-Rosa-Ricci-il-film-prequel-di-Mare-Fuori.jpg","contentUrl":"https:\/\/www.castingnews.eu\/magazine\/wp-content\/uploads\/2024\/12\/Io-sono-Rosa-Ricci-il-film-prequel-di-Mare-Fuori.jpg","width":1200,"height":675,"caption":"\"Io sono Rosa Ricci\" sar\u00e0 il film prequel di Mare Fuori"},{"@type":"BreadcrumbList","@id":"https:\/\/www.castingnews.eu\/magazine\/2024\/12\/07\/rosa-ricci-torna-sul-grande-schermo-annunciato-il-prequel-di-mare-fuori\/#breadcrumb","itemListElement":[{"@type":"ListItem","position":1,"name":"Home","item":"https:\/\/www.castingnews.eu\/magazine\/"},{"@type":"ListItem","position":2,"name":"Rosa Ricci torna sul grande schermo: annunciato il prequel di Mare Fuori"}]},{"@type":"WebSite","@id":"https:\/\/www.castingnews.eu\/magazine\/#website","url":"https:\/\/www.castingnews.eu\/magazine\/","name":"Casting News Magazine","description":"News e aggiornamenti sui film, serie tv, teatro e festival italiani ed internazionali","potentialAction":[{"@type":"SearchAction","target":{"@type":"EntryPoint","urlTemplate":"https:\/\/www.castingnews.eu\/magazine\/?s={search_term_string}"},"query-input":{"@type":"PropertyValueSpecification","valueRequired":true,"valueName":"search_term_string"}}],"inLanguage":"it-IT"},{"@type":"Person","@id":"https:\/\/www.castingnews.eu\/magazine\/#\/schema\/person\/099d71c568c9a7e5e4037b1594108f17","name":"Redazione","image":{"@type":"ImageObject","inLanguage":"it-IT","@id":"https:\/\/secure.gravatar.com\/avatar\/b73a087aa3bd279fb70d24f1960a91c82cf67619395b60b564c90e9e5d5325fc?s=96&d=mm&r=g","url":"https:\/\/secure.gravatar.com\/avatar\/b73a087aa3bd279fb70d24f1960a91c82cf67619395b60b564c90e9e5d5325fc?s=96&d=mm&r=g","contentUrl":"https:\/\/secure.gravatar.com\/avatar\/b73a087aa3bd279fb70d24f1960a91c82cf67619395b60b564c90e9e5d5325fc?s=96&d=mm&r=g","caption":"Redazione"},"description":"News e aggiornamenti sui film, serie tv, teatro e festival italiani ed internazionali.","url":"https:\/\/www.castingnews.eu\/magazine\/author\/redazione\/"}]}},"_links":{"self":[{"href":"https:\/\/www.castingnews.eu\/magazine\/wp-json\/wp\/v2\/posts\/9340","targetHints":{"allow":["GET"]}}],"collection":[{"href":"https:\/\/www.castingnews.eu\/magazine\/wp-json\/wp\/v2\/posts"}],"about":[{"href":"https:\/\/www.castingnews.eu\/magazine\/wp-json\/wp\/v2\/types\/post"}],"author":[{"embeddable":true,"href":"https:\/\/www.castingnews.eu\/magazine\/wp-json\/wp\/v2\/users\/1"}],"replies":[{"embeddable":true,"href":"https:\/\/www.castingnews.eu\/magazine\/wp-json\/wp\/v2\/comments?post=9340"}],"version-history":[{"count":1,"href":"https:\/\/www.castingnews.eu\/magazine\/wp-json\/wp\/v2\/posts\/9340\/revisions"}],"predecessor-version":[{"id":9342,"href":"https:\/\/www.castingnews.eu\/magazine\/wp-json\/wp\/v2\/posts\/9340\/revisions\/9342"}],"wp:featuredmedia":[{"embeddable":true,"href":"https:\/\/www.castingnews.eu\/magazine\/wp-json\/wp\/v2\/media\/9341"}],"wp:attachment":[{"href":"https:\/\/www.castingnews.eu\/magazine\/wp-json\/wp\/v2\/media?parent=9340"}],"wp:term":[{"taxonomy":"category","embeddable":true,"href":"https:\/\/www.castingnews.eu\/magazine\/wp-json\/wp\/v2\/categories?post=9340"},{"taxonomy":"post_tag","embeddable":true,"href":"https:\/\/www.castingnews.eu\/magazine\/wp-json\/wp\/v2\/tags?post=9340"}],"curies":[{"name":"wp","href":"https:\/\/api.w.org\/{rel}","templated":true}]}}