{"id":921,"date":"2013-03-16T11:38:25","date_gmt":"2013-03-16T10:38:25","guid":{"rendered":"http:\/\/www.film-movie.eu\/?p=921"},"modified":"2013-03-16T11:38:25","modified_gmt":"2013-03-16T10:38:25","slug":"proiezione-film-taglionetto-sabato-16-marzo-e-domenica-17-marzo-2013","status":"publish","type":"post","link":"https:\/\/www.castingnews.eu\/magazine\/2013\/03\/16\/proiezione-film-taglionetto-sabato-16-marzo-e-domenica-17-marzo-2013\/","title":{"rendered":"Proiezione film Taglionetto &#8211; sabato 16 marzo e Domenica 17 marzo 2013"},"content":{"rendered":"<h3 style=\"text-align: justify;\">SABATO 16 E DOMENICA 17 MARZO PRESSO NUOVO CINEMA PARADISO \u2013 ERCHIE (BR)<\/h3>\n<p style=\"text-align: justify;\">Il mese di febbraio l\u2019attore Nino Frassica e il regista di origine brindisina Federico Rizzo, hanno presentato prima a Brindisi,a San Pietro Vernotico a Oria e poi a Mesagne il film Taglionetto, pellicola interamente girata a Brindisi e dintorni prodotta dalla Margherita Film e distribuita dalla Reclame Distribution.<br \/>\nSabato 16 marzo e Domenica 17 marzo presso il Nuovo Cinema Paradiso di Erchie, sar\u00e0 proiettato il film con proiezioni alle ore 18:30 e alle ore 20:30 alla presenza del regista Federico Rizzo.<br \/>\nL\u2019idea di ambientare la storia in Puglia, era gi\u00e0 chiara durante la scrittura del soggetto. La sceneggiatura del film \u00e8 stata scritta da Giuseppe Pizzo, criminologo, che si \u00e8 liberamente ispirato dalla vicenda di Sara Scazzi e all\u2019ambiente in cui il delitto \u00e8 maturato: il sud, la famiglia, le campagne, i pozzi. Infatti i delitti che si susseguono nella storia sono scatenati, nella mente dell\u2019assassino, da un ricordo d\u2019infanzia in cui il fratellino viene ucciso e buttato in un pozzo tra gli ulivi.<\/p><div class=\"6d3639e8c6ac292cde400fad8ff8a5b9\" data-index=\"1\" style=\"float: none; margin:10px 0 10px 0; text-align:center;\">\n<script async src=\"\/\/pagead2.googlesyndication.com\/pagead\/js\/adsbygoogle.js\"><\/script>\r\n<!-- Casting Bambini NEW -->\r\n<ins class=\"adsbygoogle\"\r\n     style=\"display:inline-block;width:336px;height:280px\"\r\n     data-ad-client=\"ca-pub-5538097485429833\"\r\n     data-ad-slot=\"5127154445\"><\/ins>\r\n<script>\r\n(adsbygoogle = window.adsbygoogle || []).push({});\r\n<\/script>\n<\/div>\n\n<p style=\"text-align: justify;\">Il film \u00e8 un thriller psicologico ricco di suspance, girato a Brindisi, San Pietro Vernotico e Torchiarolo. Taglionetto, diretto dal regista di origine brindisina Federico Rizzo, ha visto la partecipazione di numerosi attori reclutati in zona che si sono rivisti con grande emozione sul grande schermo. Per i ruoli secondari: Antonio Barbero, Sara Nicole Pigna, Sigo Lorfeo, Nadia Carbone, Massimo Galantucci, Pierpaolo Petrosillo, Sara Nicole Pigna, Anna Maria La Stella, Fausto Morciano, Mimmo Russi, Pietro Ruscigno, Carmine Giuliani, Giuliana Rizzo. Numerose sono state anche le comparse: Salvatore Errico, Silvia Camon, Mino Piliego, Cinzia Pizzolante, Max Mollica, Floriana Baglione, Pietro Giannini, Roberto Nesta, Maria Cristina Faggiano, Fabrizio Minelli, Simonetta Casalino, Alex Bellucci, Laura Retin\u00f2, Antonietta Castr\u00ec, Francesco Guarnirei, Paola La Marina, Angela Sardano, William D&#8217;Emidio, Amleto Greco, Stefano Magr\u00ec, Claudia Del Prete, Lorenzo Martellotti, Francesca Tundo, Anna D&#8217;Amico, Simone Scardicchio. La promozione, cos\u00ec come il casting \u00e8 stata affidata alla Magilla Spettacoli.<\/p>\n<h3><a href=\"https:\/\/castingnews.eu\/magazine\/wp-content\/uploads\/2013\/03\/Nino-Frassica-2013-1.jpg\"><img loading=\"lazy\" decoding=\"async\" class=\"alignleft\" style=\"margin-left: 5px; margin-right: 5px;\" title=\"Nino-Frassica-2013\" src=\"http:\/\/www.film-movie.eu\/wp-content\/uploads\/2013\/03\/Nino-Frassica-2013-300x200.jpg\" alt=\"\" width=\"300\" height=\"200\" \/><\/a><\/h3>\n<p style=\"text-align: justify;\">La pellicola, gi\u00e0 vincitrice di numerosi Festival e che vanta la partecipazione al March\u00e9 du Film di Cannes, \u00e8 stata prodotta dalla Margherita Film e realizzata anche grazie al contributo della Apulia Film Commission. Taglionetto ha gi\u00e0 fatto la sua anteprima mondiale in America, a Santa Monica e quella europea a Parigi dove il pubblico \u00e8 rimasto affascinato dai paesaggi del territorio brindisino.<\/p>\n<p style=\"text-align: justify;\">E\u2019 grazie a \u201cSpecial 1, la nuova one shot di Reclame Distribution, che seleziona e promuove i migliori film di registi italiani che hanno avuto successo all\u2019estero, che anche Taglionetto si inserisce in un nuovo modo di vivere il cinema \u2013 ha affermato Donald Vergari della Reclame Distribution &#8211; Il tam tam del pubblico, il sostegno delle associazioni che si occupano di cultura cinematografica, gli eventi che si creano attorno ai film presentati, sono tutti ingredienti indispensabili affinch\u00e9 anche film \u201cpiccoli\u201d, rispetto ai colossi americani, possano emergere dal punto di vista distributivo. Abbiamo voluto iniziare questa operazione distributiva proprio con un film girato in Puglia perch\u00e9 crediamo nelle potenzialit\u00e0 di questa terra, che nonostante tutte le sue contraddizioni e il delicato momento in cui l\u2019intero Paese versa, si \u00e8 dimostrata una delle poche regioni italiane in grado di rilanciarsi da qualunque punto di vista, anche cinematografico.<\/p>\n\n<div style=\"font-size: 0px; height: 0px; line-height: 0px; margin: 0; padding: 0; clear: both;\"><\/div>","protected":false},"excerpt":{"rendered":"<p>SABATO 16 E DOMENICA 17 MARZO PRESSO NUOVO CINEMA PARADISO \u2013 ERCHIE (BR) Il mese di febbraio l\u2019attore Nino Frassica e il regista di origine brindisina Federico Rizzo, hanno presentato prima a Brindisi,a San Pietro Vernotico a Oria e poi a Mesagne il film Taglionetto, pellicola interamente girata a Brindisi e dintorni prodotta dalla Margherita [&hellip;]<\/p>\n","protected":false},"author":1,"featured_media":922,"comment_status":"closed","ping_status":"open","sticky":false,"template":"","format":"standard","meta":{"tdm_status":"","tdm_grid_status":"","footnotes":""},"categories":[71,21,30,32],"tags":[108,118,130,137,139,146,149,236,261,316,321,465,497,504,512,550,571,576,628,636,780,809,864,867,895,913,917,942,947,988,1036,1042,1074,1077,1080,1115,1153,1186,1222,1230,1235,1271,1272,1278,1279,1306,1327,1440],"class_list":{"0":"post-921","1":"post","2":"type-post","3":"status-publish","4":"format-standard","5":"has-post-thumbnail","7":"category-italia-paese","8":"category-in-primo-piano","9":"category-progetti-cinematografici","10":"category-proiezioni-stampa","11":"tag-alex-bellucci","12":"tag-amleto-greco","13":"tag-angela-sardano","14":"tag-anna-damico","15":"tag-anna-maria-la-stella","16":"tag-antonietta-castri","17":"tag-antonio-barbero","18":"tag-brindisi","19":"tag-carmine-giuliani","20":"tag-cinzia-pizzolante","21":"tag-claudia-del-prete","22":"tag-erchie","23":"tag-fabrizio-minelli","24":"tag-fausto-morciano","25":"tag-federico-rizzo","26":"tag-floriana-baglione","27":"tag-francesca-tundo","28":"tag-francesco-guarnirei","29":"tag-giuliana-rizzo","30":"tag-giuseppe-pizzo","31":"tag-laura-retino","32":"tag-lorenzo-martellotti","33":"tag-margherita-film","34":"tag-maria-cristina-faggiano","35":"tag-massimo-galantucci","36":"tag-max-mollica","37":"tag-mesagne","38":"tag-mimmo-russi","39":"tag-mino-piliego","40":"tag-nadia-carbone","41":"tag-oria","42":"tag-paola-la-marina","43":"tag-pierpaolo-petrosillo","44":"tag-pietro-giannini","45":"tag-pietro-ruscigno","46":"tag-proiezione-stampa","47":"tag-reclame-distribution","48":"tag-roberto-nesta","49":"tag-salvatore-errico","50":"tag-san-pietro-vernotico","51":"tag-sara-nicole-pigna","52":"tag-sigo-lorfeo","53":"tag-silvia-camon","54":"tag-simone-scardicchio","55":"tag-simonetta-casalino","56":"tag-stefano-magri","57":"tag-taglionetto","58":"tag-william-demidio"},"yoast_head":"<!-- This site is optimized with the Yoast SEO plugin v27.4 - https:\/\/yoast.com\/product\/yoast-seo-wordpress\/ -->\r\n<title>Proiezione film Taglionetto - sabato 16 marzo e Domenica 17 marzo 2013 - Casting News Magazine<\/title>\r\n<meta name=\"robots\" content=\"index, follow, max-snippet:-1, max-image-preview:large, max-video-preview:-1\" \/>\r\n<link rel=\"canonical\" href=\"https:\/\/www.castingnews.eu\/magazine\/2013\/03\/16\/proiezione-film-taglionetto-sabato-16-marzo-e-domenica-17-marzo-2013\/\" \/>\r\n<meta property=\"og:locale\" content=\"it_IT\" \/>\r\n<meta property=\"og:type\" content=\"article\" \/>\r\n<meta property=\"og:title\" content=\"Proiezione film Taglionetto - sabato 16 marzo e Domenica 17 marzo 2013 - Casting News Magazine\" \/>\r\n<meta property=\"og:description\" content=\"SABATO 16 E DOMENICA 17 MARZO PRESSO NUOVO CINEMA PARADISO \u2013 ERCHIE (BR) Il mese di febbraio l\u2019attore Nino Frassica e il regista di origine brindisina Federico Rizzo, hanno presentato prima a Brindisi,a San Pietro Vernotico a Oria e poi a Mesagne il film Taglionetto, pellicola interamente girata a Brindisi e dintorni prodotta dalla Margherita [&hellip;]\" \/>\r\n<meta property=\"og:url\" content=\"https:\/\/www.castingnews.eu\/magazine\/2013\/03\/16\/proiezione-film-taglionetto-sabato-16-marzo-e-domenica-17-marzo-2013\/\" \/>\r\n<meta property=\"og:site_name\" content=\"Casting News Magazine\" \/>\r\n<meta property=\"article:published_time\" content=\"2013-03-16T10:38:25+00:00\" \/>\r\n<meta property=\"og:image\" content=\"https:\/\/www.castingnews.eu\/magazine\/wp-content\/uploads\/2013\/03\/Nino-Frassica-2013-1.jpg\" \/>\r\n\t<meta property=\"og:image:width\" content=\"640\" \/>\r\n\t<meta property=\"og:image:height\" content=\"427\" \/>\r\n\t<meta property=\"og:image:type\" content=\"image\/jpeg\" \/>\r\n<meta name=\"author\" content=\"Redazione\" \/>\r\n<meta name=\"twitter:card\" content=\"summary_large_image\" \/>\r\n<meta name=\"twitter:label1\" content=\"Scritto da\" \/>\n\t<meta name=\"twitter:data1\" content=\"Redazione\" \/>\n\t<meta name=\"twitter:label2\" content=\"Tempo di lettura stimato\" \/>\n\t<meta name=\"twitter:data2\" content=\"3 minuti\" \/>\r\n<script type=\"application\/ld+json\" class=\"yoast-schema-graph\">{\"@context\":\"https:\\\/\\\/schema.org\",\"@graph\":[{\"@type\":\"Article\",\"@id\":\"https:\\\/\\\/www.castingnews.eu\\\/magazine\\\/2013\\\/03\\\/16\\\/proiezione-film-taglionetto-sabato-16-marzo-e-domenica-17-marzo-2013\\\/#article\",\"isPartOf\":{\"@id\":\"https:\\\/\\\/www.castingnews.eu\\\/magazine\\\/2013\\\/03\\\/16\\\/proiezione-film-taglionetto-sabato-16-marzo-e-domenica-17-marzo-2013\\\/\"},\"author\":{\"name\":\"Redazione\",\"@id\":\"https:\\\/\\\/www.castingnews.eu\\\/magazine\\\/#\\\/schema\\\/person\\\/099d71c568c9a7e5e4037b1594108f17\"},\"headline\":\"Proiezione film Taglionetto &#8211; sabato 16 marzo e Domenica 17 marzo 2013\",\"datePublished\":\"2013-03-16T10:38:25+00:00\",\"mainEntityOfPage\":{\"@id\":\"https:\\\/\\\/www.castingnews.eu\\\/magazine\\\/2013\\\/03\\\/16\\\/proiezione-film-taglionetto-sabato-16-marzo-e-domenica-17-marzo-2013\\\/\"},\"wordCount\":539,\"image\":{\"@id\":\"https:\\\/\\\/www.castingnews.eu\\\/magazine\\\/2013\\\/03\\\/16\\\/proiezione-film-taglionetto-sabato-16-marzo-e-domenica-17-marzo-2013\\\/#primaryimage\"},\"thumbnailUrl\":\"https:\\\/\\\/www.castingnews.eu\\\/magazine\\\/wp-content\\\/uploads\\\/2013\\\/03\\\/Nino-Frassica-2013-1.jpg\",\"keywords\":[\"Alex Bellucci\",\"Amleto Greco\",\"Angela Sardano\",\"Anna D'Amico\",\"Anna Maria La Stella\",\"Antonietta Castr\u00ec\",\"Antonio Barbero\",\"Brindisi\",\"Carmine Giuliani\",\"Cinzia Pizzolante\",\"Claudia Del Prete\",\"ERCHIE\",\"Fabrizio Minelli\",\"Fausto Morciano\",\"Federico Rizzo\",\"Floriana Baglione\",\"Francesca Tundo\",\"Francesco Guarnirei\",\"Giuliana Rizzo\",\"Giuseppe Pizzo\",\"Laura Retin\u00f2\",\"Lorenzo Martellotti\",\"Margherita Film\",\"Maria Cristina Faggiano\",\"Massimo Galantucci\",\"Max Mollica\",\"Mesagne\",\"Mimmo Russi\",\"Mino Piliego\",\"Nadia Carbone\",\"Oria\",\"Paola La Marina\",\"Pierpaolo Petrosillo\",\"Pietro Giannini\",\"Pietro Ruscigno\",\"PROIEZIONE STAMPA\",\"Reclame Distribution\",\"Roberto Nesta\",\"Salvatore Errico\",\"San Pietro Vernotico\",\"Sara Nicole Pigna\",\"Sigo Lorfeo\",\"Silvia Camon\",\"Simone Scardicchio\",\"Simonetta Casalino\",\"Stefano Magr\u00ec\",\"Taglionetto\",\"William D'Emidio\"],\"articleSection\":[\"Italia\",\"Primo piano\",\"Progetti cinematografici\",\"Proiezioni stampa\"],\"inLanguage\":\"it-IT\"},{\"@type\":\"WebPage\",\"@id\":\"https:\\\/\\\/www.castingnews.eu\\\/magazine\\\/2013\\\/03\\\/16\\\/proiezione-film-taglionetto-sabato-16-marzo-e-domenica-17-marzo-2013\\\/\",\"url\":\"https:\\\/\\\/www.castingnews.eu\\\/magazine\\\/2013\\\/03\\\/16\\\/proiezione-film-taglionetto-sabato-16-marzo-e-domenica-17-marzo-2013\\\/\",\"name\":\"Proiezione film Taglionetto - sabato 16 marzo e Domenica 17 marzo 2013 - Casting News Magazine\",\"isPartOf\":{\"@id\":\"https:\\\/\\\/www.castingnews.eu\\\/magazine\\\/#website\"},\"primaryImageOfPage\":{\"@id\":\"https:\\\/\\\/www.castingnews.eu\\\/magazine\\\/2013\\\/03\\\/16\\\/proiezione-film-taglionetto-sabato-16-marzo-e-domenica-17-marzo-2013\\\/#primaryimage\"},\"image\":{\"@id\":\"https:\\\/\\\/www.castingnews.eu\\\/magazine\\\/2013\\\/03\\\/16\\\/proiezione-film-taglionetto-sabato-16-marzo-e-domenica-17-marzo-2013\\\/#primaryimage\"},\"thumbnailUrl\":\"https:\\\/\\\/www.castingnews.eu\\\/magazine\\\/wp-content\\\/uploads\\\/2013\\\/03\\\/Nino-Frassica-2013-1.jpg\",\"datePublished\":\"2013-03-16T10:38:25+00:00\",\"author\":{\"@id\":\"https:\\\/\\\/www.castingnews.eu\\\/magazine\\\/#\\\/schema\\\/person\\\/099d71c568c9a7e5e4037b1594108f17\"},\"breadcrumb\":{\"@id\":\"https:\\\/\\\/www.castingnews.eu\\\/magazine\\\/2013\\\/03\\\/16\\\/proiezione-film-taglionetto-sabato-16-marzo-e-domenica-17-marzo-2013\\\/#breadcrumb\"},\"inLanguage\":\"it-IT\",\"potentialAction\":[{\"@type\":\"ReadAction\",\"target\":[\"https:\\\/\\\/www.castingnews.eu\\\/magazine\\\/2013\\\/03\\\/16\\\/proiezione-film-taglionetto-sabato-16-marzo-e-domenica-17-marzo-2013\\\/\"]}]},{\"@type\":\"ImageObject\",\"inLanguage\":\"it-IT\",\"@id\":\"https:\\\/\\\/www.castingnews.eu\\\/magazine\\\/2013\\\/03\\\/16\\\/proiezione-film-taglionetto-sabato-16-marzo-e-domenica-17-marzo-2013\\\/#primaryimage\",\"url\":\"https:\\\/\\\/www.castingnews.eu\\\/magazine\\\/wp-content\\\/uploads\\\/2013\\\/03\\\/Nino-Frassica-2013-1.jpg\",\"contentUrl\":\"https:\\\/\\\/www.castingnews.eu\\\/magazine\\\/wp-content\\\/uploads\\\/2013\\\/03\\\/Nino-Frassica-2013-1.jpg\",\"width\":640,\"height\":427},{\"@type\":\"BreadcrumbList\",\"@id\":\"https:\\\/\\\/www.castingnews.eu\\\/magazine\\\/2013\\\/03\\\/16\\\/proiezione-film-taglionetto-sabato-16-marzo-e-domenica-17-marzo-2013\\\/#breadcrumb\",\"itemListElement\":[{\"@type\":\"ListItem\",\"position\":1,\"name\":\"Home\",\"item\":\"https:\\\/\\\/www.castingnews.eu\\\/magazine\\\/\"},{\"@type\":\"ListItem\",\"position\":2,\"name\":\"Proiezione film Taglionetto &#8211; sabato 16 marzo e Domenica 17 marzo 2013\"}]},{\"@type\":\"WebSite\",\"@id\":\"https:\\\/\\\/www.castingnews.eu\\\/magazine\\\/#website\",\"url\":\"https:\\\/\\\/www.castingnews.eu\\\/magazine\\\/\",\"name\":\"Casting News Magazine\",\"description\":\"News e aggiornamenti sui film, serie tv, teatro e festival italiani ed internazionali\",\"potentialAction\":[{\"@type\":\"SearchAction\",\"target\":{\"@type\":\"EntryPoint\",\"urlTemplate\":\"https:\\\/\\\/www.castingnews.eu\\\/magazine\\\/?s={search_term_string}\"},\"query-input\":{\"@type\":\"PropertyValueSpecification\",\"valueRequired\":true,\"valueName\":\"search_term_string\"}}],\"inLanguage\":\"it-IT\"},{\"@type\":\"Person\",\"@id\":\"https:\\\/\\\/www.castingnews.eu\\\/magazine\\\/#\\\/schema\\\/person\\\/099d71c568c9a7e5e4037b1594108f17\",\"name\":\"Redazione\",\"image\":{\"@type\":\"ImageObject\",\"inLanguage\":\"it-IT\",\"@id\":\"https:\\\/\\\/secure.gravatar.com\\\/avatar\\\/b73a087aa3bd279fb70d24f1960a91c82cf67619395b60b564c90e9e5d5325fc?s=96&d=mm&r=g\",\"url\":\"https:\\\/\\\/secure.gravatar.com\\\/avatar\\\/b73a087aa3bd279fb70d24f1960a91c82cf67619395b60b564c90e9e5d5325fc?s=96&d=mm&r=g\",\"contentUrl\":\"https:\\\/\\\/secure.gravatar.com\\\/avatar\\\/b73a087aa3bd279fb70d24f1960a91c82cf67619395b60b564c90e9e5d5325fc?s=96&d=mm&r=g\",\"caption\":\"Redazione\"},\"description\":\"News e aggiornamenti sui film, serie tv, teatro e festival italiani ed internazionali.\",\"url\":\"https:\\\/\\\/www.castingnews.eu\\\/magazine\\\/author\\\/redazione\\\/\"}]}<\/script>\r\n<!-- \/ Yoast SEO plugin. -->","yoast_head_json":{"title":"Proiezione film Taglionetto - sabato 16 marzo e Domenica 17 marzo 2013 - Casting News Magazine","robots":{"index":"index","follow":"follow","max-snippet":"max-snippet:-1","max-image-preview":"max-image-preview:large","max-video-preview":"max-video-preview:-1"},"canonical":"https:\/\/www.castingnews.eu\/magazine\/2013\/03\/16\/proiezione-film-taglionetto-sabato-16-marzo-e-domenica-17-marzo-2013\/","og_locale":"it_IT","og_type":"article","og_title":"Proiezione film Taglionetto - sabato 16 marzo e Domenica 17 marzo 2013 - Casting News Magazine","og_description":"SABATO 16 E DOMENICA 17 MARZO PRESSO NUOVO CINEMA PARADISO \u2013 ERCHIE (BR) Il mese di febbraio l\u2019attore Nino Frassica e il regista di origine brindisina Federico Rizzo, hanno presentato prima a Brindisi,a San Pietro Vernotico a Oria e poi a Mesagne il film Taglionetto, pellicola interamente girata a Brindisi e dintorni prodotta dalla Margherita [&hellip;]","og_url":"https:\/\/www.castingnews.eu\/magazine\/2013\/03\/16\/proiezione-film-taglionetto-sabato-16-marzo-e-domenica-17-marzo-2013\/","og_site_name":"Casting News Magazine","article_published_time":"2013-03-16T10:38:25+00:00","og_image":[{"width":640,"height":427,"url":"https:\/\/www.castingnews.eu\/magazine\/wp-content\/uploads\/2013\/03\/Nino-Frassica-2013-1.jpg","type":"image\/jpeg"}],"author":"Redazione","twitter_card":"summary_large_image","twitter_misc":{"Scritto da":"Redazione","Tempo di lettura stimato":"3 minuti"},"schema":{"@context":"https:\/\/schema.org","@graph":[{"@type":"Article","@id":"https:\/\/www.castingnews.eu\/magazine\/2013\/03\/16\/proiezione-film-taglionetto-sabato-16-marzo-e-domenica-17-marzo-2013\/#article","isPartOf":{"@id":"https:\/\/www.castingnews.eu\/magazine\/2013\/03\/16\/proiezione-film-taglionetto-sabato-16-marzo-e-domenica-17-marzo-2013\/"},"author":{"name":"Redazione","@id":"https:\/\/www.castingnews.eu\/magazine\/#\/schema\/person\/099d71c568c9a7e5e4037b1594108f17"},"headline":"Proiezione film Taglionetto &#8211; sabato 16 marzo e Domenica 17 marzo 2013","datePublished":"2013-03-16T10:38:25+00:00","mainEntityOfPage":{"@id":"https:\/\/www.castingnews.eu\/magazine\/2013\/03\/16\/proiezione-film-taglionetto-sabato-16-marzo-e-domenica-17-marzo-2013\/"},"wordCount":539,"image":{"@id":"https:\/\/www.castingnews.eu\/magazine\/2013\/03\/16\/proiezione-film-taglionetto-sabato-16-marzo-e-domenica-17-marzo-2013\/#primaryimage"},"thumbnailUrl":"https:\/\/www.castingnews.eu\/magazine\/wp-content\/uploads\/2013\/03\/Nino-Frassica-2013-1.jpg","keywords":["Alex Bellucci","Amleto Greco","Angela Sardano","Anna D'Amico","Anna Maria La Stella","Antonietta Castr\u00ec","Antonio Barbero","Brindisi","Carmine Giuliani","Cinzia Pizzolante","Claudia Del Prete","ERCHIE","Fabrizio Minelli","Fausto Morciano","Federico Rizzo","Floriana Baglione","Francesca Tundo","Francesco Guarnirei","Giuliana Rizzo","Giuseppe Pizzo","Laura Retin\u00f2","Lorenzo Martellotti","Margherita Film","Maria Cristina Faggiano","Massimo Galantucci","Max Mollica","Mesagne","Mimmo Russi","Mino Piliego","Nadia Carbone","Oria","Paola La Marina","Pierpaolo Petrosillo","Pietro Giannini","Pietro Ruscigno","PROIEZIONE STAMPA","Reclame Distribution","Roberto Nesta","Salvatore Errico","San Pietro Vernotico","Sara Nicole Pigna","Sigo Lorfeo","Silvia Camon","Simone Scardicchio","Simonetta Casalino","Stefano Magr\u00ec","Taglionetto","William D'Emidio"],"articleSection":["Italia","Primo piano","Progetti cinematografici","Proiezioni stampa"],"inLanguage":"it-IT"},{"@type":"WebPage","@id":"https:\/\/www.castingnews.eu\/magazine\/2013\/03\/16\/proiezione-film-taglionetto-sabato-16-marzo-e-domenica-17-marzo-2013\/","url":"https:\/\/www.castingnews.eu\/magazine\/2013\/03\/16\/proiezione-film-taglionetto-sabato-16-marzo-e-domenica-17-marzo-2013\/","name":"Proiezione film Taglionetto - sabato 16 marzo e Domenica 17 marzo 2013 - Casting News Magazine","isPartOf":{"@id":"https:\/\/www.castingnews.eu\/magazine\/#website"},"primaryImageOfPage":{"@id":"https:\/\/www.castingnews.eu\/magazine\/2013\/03\/16\/proiezione-film-taglionetto-sabato-16-marzo-e-domenica-17-marzo-2013\/#primaryimage"},"image":{"@id":"https:\/\/www.castingnews.eu\/magazine\/2013\/03\/16\/proiezione-film-taglionetto-sabato-16-marzo-e-domenica-17-marzo-2013\/#primaryimage"},"thumbnailUrl":"https:\/\/www.castingnews.eu\/magazine\/wp-content\/uploads\/2013\/03\/Nino-Frassica-2013-1.jpg","datePublished":"2013-03-16T10:38:25+00:00","author":{"@id":"https:\/\/www.castingnews.eu\/magazine\/#\/schema\/person\/099d71c568c9a7e5e4037b1594108f17"},"breadcrumb":{"@id":"https:\/\/www.castingnews.eu\/magazine\/2013\/03\/16\/proiezione-film-taglionetto-sabato-16-marzo-e-domenica-17-marzo-2013\/#breadcrumb"},"inLanguage":"it-IT","potentialAction":[{"@type":"ReadAction","target":["https:\/\/www.castingnews.eu\/magazine\/2013\/03\/16\/proiezione-film-taglionetto-sabato-16-marzo-e-domenica-17-marzo-2013\/"]}]},{"@type":"ImageObject","inLanguage":"it-IT","@id":"https:\/\/www.castingnews.eu\/magazine\/2013\/03\/16\/proiezione-film-taglionetto-sabato-16-marzo-e-domenica-17-marzo-2013\/#primaryimage","url":"https:\/\/www.castingnews.eu\/magazine\/wp-content\/uploads\/2013\/03\/Nino-Frassica-2013-1.jpg","contentUrl":"https:\/\/www.castingnews.eu\/magazine\/wp-content\/uploads\/2013\/03\/Nino-Frassica-2013-1.jpg","width":640,"height":427},{"@type":"BreadcrumbList","@id":"https:\/\/www.castingnews.eu\/magazine\/2013\/03\/16\/proiezione-film-taglionetto-sabato-16-marzo-e-domenica-17-marzo-2013\/#breadcrumb","itemListElement":[{"@type":"ListItem","position":1,"name":"Home","item":"https:\/\/www.castingnews.eu\/magazine\/"},{"@type":"ListItem","position":2,"name":"Proiezione film Taglionetto &#8211; sabato 16 marzo e Domenica 17 marzo 2013"}]},{"@type":"WebSite","@id":"https:\/\/www.castingnews.eu\/magazine\/#website","url":"https:\/\/www.castingnews.eu\/magazine\/","name":"Casting News Magazine","description":"News e aggiornamenti sui film, serie tv, teatro e festival italiani ed internazionali","potentialAction":[{"@type":"SearchAction","target":{"@type":"EntryPoint","urlTemplate":"https:\/\/www.castingnews.eu\/magazine\/?s={search_term_string}"},"query-input":{"@type":"PropertyValueSpecification","valueRequired":true,"valueName":"search_term_string"}}],"inLanguage":"it-IT"},{"@type":"Person","@id":"https:\/\/www.castingnews.eu\/magazine\/#\/schema\/person\/099d71c568c9a7e5e4037b1594108f17","name":"Redazione","image":{"@type":"ImageObject","inLanguage":"it-IT","@id":"https:\/\/secure.gravatar.com\/avatar\/b73a087aa3bd279fb70d24f1960a91c82cf67619395b60b564c90e9e5d5325fc?s=96&d=mm&r=g","url":"https:\/\/secure.gravatar.com\/avatar\/b73a087aa3bd279fb70d24f1960a91c82cf67619395b60b564c90e9e5d5325fc?s=96&d=mm&r=g","contentUrl":"https:\/\/secure.gravatar.com\/avatar\/b73a087aa3bd279fb70d24f1960a91c82cf67619395b60b564c90e9e5d5325fc?s=96&d=mm&r=g","caption":"Redazione"},"description":"News e aggiornamenti sui film, serie tv, teatro e festival italiani ed internazionali.","url":"https:\/\/www.castingnews.eu\/magazine\/author\/redazione\/"}]}},"_links":{"self":[{"href":"https:\/\/www.castingnews.eu\/magazine\/wp-json\/wp\/v2\/posts\/921","targetHints":{"allow":["GET"]}}],"collection":[{"href":"https:\/\/www.castingnews.eu\/magazine\/wp-json\/wp\/v2\/posts"}],"about":[{"href":"https:\/\/www.castingnews.eu\/magazine\/wp-json\/wp\/v2\/types\/post"}],"author":[{"embeddable":true,"href":"https:\/\/www.castingnews.eu\/magazine\/wp-json\/wp\/v2\/users\/1"}],"replies":[{"embeddable":true,"href":"https:\/\/www.castingnews.eu\/magazine\/wp-json\/wp\/v2\/comments?post=921"}],"version-history":[{"count":0,"href":"https:\/\/www.castingnews.eu\/magazine\/wp-json\/wp\/v2\/posts\/921\/revisions"}],"wp:featuredmedia":[{"embeddable":true,"href":"https:\/\/www.castingnews.eu\/magazine\/wp-json\/wp\/v2\/media\/922"}],"wp:attachment":[{"href":"https:\/\/www.castingnews.eu\/magazine\/wp-json\/wp\/v2\/media?parent=921"}],"wp:term":[{"taxonomy":"category","embeddable":true,"href":"https:\/\/www.castingnews.eu\/magazine\/wp-json\/wp\/v2\/categories?post=921"},{"taxonomy":"post_tag","embeddable":true,"href":"https:\/\/www.castingnews.eu\/magazine\/wp-json\/wp\/v2\/tags?post=921"}],"curies":[{"name":"wp","href":"https:\/\/api.w.org\/{rel}","templated":true}]}}