{"id":903,"date":"2012-12-10T13:56:33","date_gmt":"2012-12-10T12:56:33","guid":{"rendered":"http:\/\/www.film-movie.eu\/?p=903"},"modified":"2012-12-10T13:56:33","modified_gmt":"2012-12-10T12:56:33","slug":"fine-riprese-per-eppideis-film-girato-a-oria","status":"publish","type":"post","link":"https:\/\/www.castingnews.eu\/magazine\/2012\/12\/10\/fine-riprese-per-eppideis-film-girato-a-oria\/","title":{"rendered":"Fine riprese per \u201cEppideis\u201d, film girato a Oria"},"content":{"rendered":"<h3 style=\"text-align: justify;\">Oria, per quattro settimane, \u00e8 diventata il set di Eppideis, film corale, prodotto da Habanafilm e diretto da Matteo Andreolli, con Gianmarco Tognazzi tra i protagonisti.<\/h3>\n<p style=\"text-align: justify;\">Un gruppo di ragazzini degli anni Ottanta si trova di fronte alla morte di un uomo, forse un omicidio. Trent\u2019anni dopo, ormai adulti, dovranno fare i conti con i problemi irrisolti della loro adolescenza. La comunit\u00e0 per quasi un mese \u00e8 stata coinvolta anche nella parte artistica, prestando il suo volto e partecipando in prima persona.<br \/>\nIl film, scritto e prodotto da Lucio Gaudino e Giovanna Guidoni, ha avuto il sostegno del Ministero per i Beni e le Attivit\u00e0 Culturali e dell\u2019Apulia Film Commission.<br \/>\nDue cast per due epoche diverse si sono alternati in Eppideis. Il cast del tempo attuale: Gianmarco Tognazzi (il Maresciallo Monzeglio), Michele Venitucci (Massimo), Rosaria Russo (Eva), Nicola Nocella (Nicola), Gianluca De Marchi (Fabio), Gianluca delle Fontane (Michele), Anna Gigante Gianluca delle Fontane\u00a0(Saturnina), Luca Cirasola (Spillo).<\/p><div class=\"6d3639e8c6ac292cde400fad8ff8a5b9\" data-index=\"1\" style=\"float: none; margin:10px 0 10px 0; text-align:center;\">\n<script async src=\"\/\/pagead2.googlesyndication.com\/pagead\/js\/adsbygoogle.js\"><\/script>\r\n<!-- Casting Bambini NEW -->\r\n<ins class=\"adsbygoogle\"\r\n     style=\"display:inline-block;width:336px;height:280px\"\r\n     data-ad-client=\"ca-pub-5538097485429833\"\r\n     data-ad-slot=\"5127154445\"><\/ins>\r\n<script>\r\n(adsbygoogle = window.adsbygoogle || []).push({});\r\n<\/script>\n<\/div>\n\n<p style=\"text-align: justify;\">E il cast degli anni 80. Benni, interpretato da Pietro Ciciriello, il Maresciallo Fiore (Carlo Bruni) e i ragazzi, gli adolescenti, quasi tutti pugliesi, che hanno prestato il volto e il cuore a questa storia difficile e intensa.<\/p>\n<p style=\"text-align: justify;\">Vincenzo Lifranchi, di Venosa, \u00e8 Massimo; Anna Celeste Cuppone, di Galatina, \u00e8 Eva; Giacomo Tarsia, di Bari, \u00e8 Nicola; Matteo Sardella, di Monopoli, \u00e8 Fabio; Lorenzo Mele, di Manduria, \u00e8 Michele; Patrizia Frascina, di Taranto, \u00e8 Saturnina; Damiano Devirgilis, di San Pietro Vernotico, \u00e8 Spillo.<\/p>\n<p style=\"text-align: justify;\">Ambientato quasi interamente a Oria, Eppideis \u00e8 stato reso possibile anche grazie alla collaborazione e alla disponibilit\u00e0 delle Istituzioni locali, che hanno agito in primo piano come supporto nell\u2019organizzazione. Fondamentale il ruolo della Pro Loco nella scena all\u2019interno della ricostruzione del tradizionale Corteo Storico di Federico II.<\/p>\n\n<div style=\"font-size: 0px; height: 0px; line-height: 0px; margin: 0; padding: 0; clear: both;\"><\/div>","protected":false},"excerpt":{"rendered":"<p>Oria, per quattro settimane, \u00e8 diventata il set di Eppideis, film corale, prodotto da Habanafilm e diretto da Matteo Andreolli, con Gianmarco Tognazzi tra i protagonisti. Un gruppo di ragazzini degli anni Ottanta si trova di fronte alla morte di un uomo, forse un omicidio. Trent\u2019anni dopo, ormai adulti, dovranno fare i conti con i [&hellip;]<\/p>\n","protected":false},"author":1,"featured_media":904,"comment_status":"closed","ping_status":"open","sticky":false,"template":"","format":"standard","meta":{"tdm_status":"","tdm_grid_status":"","footnotes":""},"categories":[71,21,30],"tags":[138,157,255,365,463,509,607,608,609,618,657,815,822,901,929,946,1011,1036,1076,1110,1201],"class_list":{"0":"post-903","1":"post","2":"type-post","3":"status-publish","4":"format-standard","5":"has-post-thumbnail","7":"category-italia-paese","8":"category-in-primo-piano","9":"category-progetti-cinematografici","10":"tag-anna-gigante","11":"tag-apulia-film-commission","12":"tag-carlo-bruni","13":"tag-corteo-storico","14":"tag-eppideis","15":"tag-federico-ii","16":"tag-gianluca-de-marchi","17":"tag-gianluca-delle-fontane","18":"tag-gianmarco-tognazzi","19":"tag-giovanna-guidoni","20":"tag-habanafilm","21":"tag-luca-cirasola","22":"tag-lucio-gaudino","23":"tag-matteo-andreolli","24":"tag-michele-venitucci","25":"tag-ministero-per-i-beni-e-le-attivita-culturali","26":"tag-nicola-nocella","27":"tag-oria","28":"tag-pietro-ciciriello","29":"tag-pro-loco","30":"tag-rosaria-russo"},"yoast_head":"<!-- This site is optimized with the Yoast SEO plugin v27.4 - https:\/\/yoast.com\/product\/yoast-seo-wordpress\/ -->\r\n<title>Fine riprese per \u201cEppideis\u201d, film girato a Oria - Casting News Magazine<\/title>\r\n<meta name=\"robots\" content=\"index, follow, max-snippet:-1, max-image-preview:large, max-video-preview:-1\" \/>\r\n<link rel=\"canonical\" href=\"https:\/\/www.castingnews.eu\/magazine\/2012\/12\/10\/fine-riprese-per-eppideis-film-girato-a-oria\/\" \/>\r\n<meta property=\"og:locale\" content=\"it_IT\" \/>\r\n<meta property=\"og:type\" content=\"article\" \/>\r\n<meta property=\"og:title\" content=\"Fine riprese per \u201cEppideis\u201d, film girato a Oria - Casting News Magazine\" \/>\r\n<meta property=\"og:description\" content=\"Oria, per quattro settimane, \u00e8 diventata il set di Eppideis, film corale, prodotto da Habanafilm e diretto da Matteo Andreolli, con Gianmarco Tognazzi tra i protagonisti. Un gruppo di ragazzini degli anni Ottanta si trova di fronte alla morte di un uomo, forse un omicidio. Trent\u2019anni dopo, ormai adulti, dovranno fare i conti con i [&hellip;]\" \/>\r\n<meta property=\"og:url\" content=\"https:\/\/www.castingnews.eu\/magazine\/2012\/12\/10\/fine-riprese-per-eppideis-film-girato-a-oria\/\" \/>\r\n<meta property=\"og:site_name\" content=\"Casting News Magazine\" \/>\r\n<meta property=\"article:published_time\" content=\"2012-12-10T12:56:33+00:00\" \/>\r\n<meta property=\"og:image\" content=\"https:\/\/www.castingnews.eu\/magazine\/wp-content\/uploads\/2012\/12\/Set-Eppideis-Oria-2012-1.jpg\" \/>\r\n\t<meta property=\"og:image:width\" content=\"450\" \/>\r\n\t<meta property=\"og:image:height\" content=\"301\" \/>\r\n\t<meta property=\"og:image:type\" content=\"image\/jpeg\" \/>\r\n<meta name=\"author\" content=\"Redazione\" \/>\r\n<meta name=\"twitter:card\" content=\"summary_large_image\" \/>\r\n<meta name=\"twitter:label1\" content=\"Scritto da\" \/>\n\t<meta name=\"twitter:data1\" content=\"Redazione\" \/>\n\t<meta name=\"twitter:label2\" content=\"Tempo di lettura stimato\" \/>\n\t<meta name=\"twitter:data2\" content=\"1 minuto\" \/>\r\n<script type=\"application\/ld+json\" class=\"yoast-schema-graph\">{\"@context\":\"https:\\\/\\\/schema.org\",\"@graph\":[{\"@type\":\"Article\",\"@id\":\"https:\\\/\\\/www.castingnews.eu\\\/magazine\\\/2012\\\/12\\\/10\\\/fine-riprese-per-eppideis-film-girato-a-oria\\\/#article\",\"isPartOf\":{\"@id\":\"https:\\\/\\\/www.castingnews.eu\\\/magazine\\\/2012\\\/12\\\/10\\\/fine-riprese-per-eppideis-film-girato-a-oria\\\/\"},\"author\":{\"name\":\"Redazione\",\"@id\":\"https:\\\/\\\/www.castingnews.eu\\\/magazine\\\/#\\\/schema\\\/person\\\/099d71c568c9a7e5e4037b1594108f17\"},\"headline\":\"Fine riprese per \u201cEppideis\u201d, film girato a Oria\",\"datePublished\":\"2012-12-10T12:56:33+00:00\",\"mainEntityOfPage\":{\"@id\":\"https:\\\/\\\/www.castingnews.eu\\\/magazine\\\/2012\\\/12\\\/10\\\/fine-riprese-per-eppideis-film-girato-a-oria\\\/\"},\"wordCount\":288,\"image\":{\"@id\":\"https:\\\/\\\/www.castingnews.eu\\\/magazine\\\/2012\\\/12\\\/10\\\/fine-riprese-per-eppideis-film-girato-a-oria\\\/#primaryimage\"},\"thumbnailUrl\":\"https:\\\/\\\/www.castingnews.eu\\\/magazine\\\/wp-content\\\/uploads\\\/2012\\\/12\\\/Set-Eppideis-Oria-2012-1.jpg\",\"keywords\":[\"Anna Gigante\",\"Apulia Film Commission\",\"Carlo Bruni\",\"Corteo Storico\",\"Eppideis\",\"Federico II\",\"Gianluca De Marchi\",\"Gianluca delle Fontane\",\"Gianmarco Tognazzi\",\"Giovanna Guidoni\",\"Habanafilm\",\"Luca Cirasola\",\"Lucio Gaudino\",\"Matteo Andreolli\",\"Michele Venitucci\",\"Ministero per i Beni e le Attivit\u00e0 Culturali\",\"Nicola Nocella\",\"Oria\",\"Pietro Ciciriello\",\"Pro Loco\",\"Rosaria Russo\"],\"articleSection\":[\"Italia\",\"Primo piano\",\"Progetti cinematografici\"],\"inLanguage\":\"it-IT\"},{\"@type\":\"WebPage\",\"@id\":\"https:\\\/\\\/www.castingnews.eu\\\/magazine\\\/2012\\\/12\\\/10\\\/fine-riprese-per-eppideis-film-girato-a-oria\\\/\",\"url\":\"https:\\\/\\\/www.castingnews.eu\\\/magazine\\\/2012\\\/12\\\/10\\\/fine-riprese-per-eppideis-film-girato-a-oria\\\/\",\"name\":\"Fine riprese per \u201cEppideis\u201d, film girato a Oria - Casting News Magazine\",\"isPartOf\":{\"@id\":\"https:\\\/\\\/www.castingnews.eu\\\/magazine\\\/#website\"},\"primaryImageOfPage\":{\"@id\":\"https:\\\/\\\/www.castingnews.eu\\\/magazine\\\/2012\\\/12\\\/10\\\/fine-riprese-per-eppideis-film-girato-a-oria\\\/#primaryimage\"},\"image\":{\"@id\":\"https:\\\/\\\/www.castingnews.eu\\\/magazine\\\/2012\\\/12\\\/10\\\/fine-riprese-per-eppideis-film-girato-a-oria\\\/#primaryimage\"},\"thumbnailUrl\":\"https:\\\/\\\/www.castingnews.eu\\\/magazine\\\/wp-content\\\/uploads\\\/2012\\\/12\\\/Set-Eppideis-Oria-2012-1.jpg\",\"datePublished\":\"2012-12-10T12:56:33+00:00\",\"author\":{\"@id\":\"https:\\\/\\\/www.castingnews.eu\\\/magazine\\\/#\\\/schema\\\/person\\\/099d71c568c9a7e5e4037b1594108f17\"},\"breadcrumb\":{\"@id\":\"https:\\\/\\\/www.castingnews.eu\\\/magazine\\\/2012\\\/12\\\/10\\\/fine-riprese-per-eppideis-film-girato-a-oria\\\/#breadcrumb\"},\"inLanguage\":\"it-IT\",\"potentialAction\":[{\"@type\":\"ReadAction\",\"target\":[\"https:\\\/\\\/www.castingnews.eu\\\/magazine\\\/2012\\\/12\\\/10\\\/fine-riprese-per-eppideis-film-girato-a-oria\\\/\"]}]},{\"@type\":\"ImageObject\",\"inLanguage\":\"it-IT\",\"@id\":\"https:\\\/\\\/www.castingnews.eu\\\/magazine\\\/2012\\\/12\\\/10\\\/fine-riprese-per-eppideis-film-girato-a-oria\\\/#primaryimage\",\"url\":\"https:\\\/\\\/www.castingnews.eu\\\/magazine\\\/wp-content\\\/uploads\\\/2012\\\/12\\\/Set-Eppideis-Oria-2012-1.jpg\",\"contentUrl\":\"https:\\\/\\\/www.castingnews.eu\\\/magazine\\\/wp-content\\\/uploads\\\/2012\\\/12\\\/Set-Eppideis-Oria-2012-1.jpg\",\"width\":450,\"height\":301},{\"@type\":\"BreadcrumbList\",\"@id\":\"https:\\\/\\\/www.castingnews.eu\\\/magazine\\\/2012\\\/12\\\/10\\\/fine-riprese-per-eppideis-film-girato-a-oria\\\/#breadcrumb\",\"itemListElement\":[{\"@type\":\"ListItem\",\"position\":1,\"name\":\"Home\",\"item\":\"https:\\\/\\\/www.castingnews.eu\\\/magazine\\\/\"},{\"@type\":\"ListItem\",\"position\":2,\"name\":\"Fine riprese per \u201cEppideis\u201d, film girato a Oria\"}]},{\"@type\":\"WebSite\",\"@id\":\"https:\\\/\\\/www.castingnews.eu\\\/magazine\\\/#website\",\"url\":\"https:\\\/\\\/www.castingnews.eu\\\/magazine\\\/\",\"name\":\"Casting News Magazine\",\"description\":\"News e aggiornamenti sui film, serie tv, teatro e festival italiani ed internazionali\",\"potentialAction\":[{\"@type\":\"SearchAction\",\"target\":{\"@type\":\"EntryPoint\",\"urlTemplate\":\"https:\\\/\\\/www.castingnews.eu\\\/magazine\\\/?s={search_term_string}\"},\"query-input\":{\"@type\":\"PropertyValueSpecification\",\"valueRequired\":true,\"valueName\":\"search_term_string\"}}],\"inLanguage\":\"it-IT\"},{\"@type\":\"Person\",\"@id\":\"https:\\\/\\\/www.castingnews.eu\\\/magazine\\\/#\\\/schema\\\/person\\\/099d71c568c9a7e5e4037b1594108f17\",\"name\":\"Redazione\",\"image\":{\"@type\":\"ImageObject\",\"inLanguage\":\"it-IT\",\"@id\":\"https:\\\/\\\/secure.gravatar.com\\\/avatar\\\/b73a087aa3bd279fb70d24f1960a91c82cf67619395b60b564c90e9e5d5325fc?s=96&d=mm&r=g\",\"url\":\"https:\\\/\\\/secure.gravatar.com\\\/avatar\\\/b73a087aa3bd279fb70d24f1960a91c82cf67619395b60b564c90e9e5d5325fc?s=96&d=mm&r=g\",\"contentUrl\":\"https:\\\/\\\/secure.gravatar.com\\\/avatar\\\/b73a087aa3bd279fb70d24f1960a91c82cf67619395b60b564c90e9e5d5325fc?s=96&d=mm&r=g\",\"caption\":\"Redazione\"},\"description\":\"News e aggiornamenti sui film, serie tv, teatro e festival italiani ed internazionali.\",\"url\":\"https:\\\/\\\/www.castingnews.eu\\\/magazine\\\/author\\\/redazione\\\/\"}]}<\/script>\r\n<!-- \/ Yoast SEO plugin. -->","yoast_head_json":{"title":"Fine riprese per \u201cEppideis\u201d, film girato a Oria - Casting News Magazine","robots":{"index":"index","follow":"follow","max-snippet":"max-snippet:-1","max-image-preview":"max-image-preview:large","max-video-preview":"max-video-preview:-1"},"canonical":"https:\/\/www.castingnews.eu\/magazine\/2012\/12\/10\/fine-riprese-per-eppideis-film-girato-a-oria\/","og_locale":"it_IT","og_type":"article","og_title":"Fine riprese per \u201cEppideis\u201d, film girato a Oria - Casting News Magazine","og_description":"Oria, per quattro settimane, \u00e8 diventata il set di Eppideis, film corale, prodotto da Habanafilm e diretto da Matteo Andreolli, con Gianmarco Tognazzi tra i protagonisti. Un gruppo di ragazzini degli anni Ottanta si trova di fronte alla morte di un uomo, forse un omicidio. Trent\u2019anni dopo, ormai adulti, dovranno fare i conti con i [&hellip;]","og_url":"https:\/\/www.castingnews.eu\/magazine\/2012\/12\/10\/fine-riprese-per-eppideis-film-girato-a-oria\/","og_site_name":"Casting News Magazine","article_published_time":"2012-12-10T12:56:33+00:00","og_image":[{"width":450,"height":301,"url":"https:\/\/www.castingnews.eu\/magazine\/wp-content\/uploads\/2012\/12\/Set-Eppideis-Oria-2012-1.jpg","type":"image\/jpeg"}],"author":"Redazione","twitter_card":"summary_large_image","twitter_misc":{"Scritto da":"Redazione","Tempo di lettura stimato":"1 minuto"},"schema":{"@context":"https:\/\/schema.org","@graph":[{"@type":"Article","@id":"https:\/\/www.castingnews.eu\/magazine\/2012\/12\/10\/fine-riprese-per-eppideis-film-girato-a-oria\/#article","isPartOf":{"@id":"https:\/\/www.castingnews.eu\/magazine\/2012\/12\/10\/fine-riprese-per-eppideis-film-girato-a-oria\/"},"author":{"name":"Redazione","@id":"https:\/\/www.castingnews.eu\/magazine\/#\/schema\/person\/099d71c568c9a7e5e4037b1594108f17"},"headline":"Fine riprese per \u201cEppideis\u201d, film girato a Oria","datePublished":"2012-12-10T12:56:33+00:00","mainEntityOfPage":{"@id":"https:\/\/www.castingnews.eu\/magazine\/2012\/12\/10\/fine-riprese-per-eppideis-film-girato-a-oria\/"},"wordCount":288,"image":{"@id":"https:\/\/www.castingnews.eu\/magazine\/2012\/12\/10\/fine-riprese-per-eppideis-film-girato-a-oria\/#primaryimage"},"thumbnailUrl":"https:\/\/www.castingnews.eu\/magazine\/wp-content\/uploads\/2012\/12\/Set-Eppideis-Oria-2012-1.jpg","keywords":["Anna Gigante","Apulia Film Commission","Carlo Bruni","Corteo Storico","Eppideis","Federico II","Gianluca De Marchi","Gianluca delle Fontane","Gianmarco Tognazzi","Giovanna Guidoni","Habanafilm","Luca Cirasola","Lucio Gaudino","Matteo Andreolli","Michele Venitucci","Ministero per i Beni e le Attivit\u00e0 Culturali","Nicola Nocella","Oria","Pietro Ciciriello","Pro Loco","Rosaria Russo"],"articleSection":["Italia","Primo piano","Progetti cinematografici"],"inLanguage":"it-IT"},{"@type":"WebPage","@id":"https:\/\/www.castingnews.eu\/magazine\/2012\/12\/10\/fine-riprese-per-eppideis-film-girato-a-oria\/","url":"https:\/\/www.castingnews.eu\/magazine\/2012\/12\/10\/fine-riprese-per-eppideis-film-girato-a-oria\/","name":"Fine riprese per \u201cEppideis\u201d, film girato a Oria - Casting News Magazine","isPartOf":{"@id":"https:\/\/www.castingnews.eu\/magazine\/#website"},"primaryImageOfPage":{"@id":"https:\/\/www.castingnews.eu\/magazine\/2012\/12\/10\/fine-riprese-per-eppideis-film-girato-a-oria\/#primaryimage"},"image":{"@id":"https:\/\/www.castingnews.eu\/magazine\/2012\/12\/10\/fine-riprese-per-eppideis-film-girato-a-oria\/#primaryimage"},"thumbnailUrl":"https:\/\/www.castingnews.eu\/magazine\/wp-content\/uploads\/2012\/12\/Set-Eppideis-Oria-2012-1.jpg","datePublished":"2012-12-10T12:56:33+00:00","author":{"@id":"https:\/\/www.castingnews.eu\/magazine\/#\/schema\/person\/099d71c568c9a7e5e4037b1594108f17"},"breadcrumb":{"@id":"https:\/\/www.castingnews.eu\/magazine\/2012\/12\/10\/fine-riprese-per-eppideis-film-girato-a-oria\/#breadcrumb"},"inLanguage":"it-IT","potentialAction":[{"@type":"ReadAction","target":["https:\/\/www.castingnews.eu\/magazine\/2012\/12\/10\/fine-riprese-per-eppideis-film-girato-a-oria\/"]}]},{"@type":"ImageObject","inLanguage":"it-IT","@id":"https:\/\/www.castingnews.eu\/magazine\/2012\/12\/10\/fine-riprese-per-eppideis-film-girato-a-oria\/#primaryimage","url":"https:\/\/www.castingnews.eu\/magazine\/wp-content\/uploads\/2012\/12\/Set-Eppideis-Oria-2012-1.jpg","contentUrl":"https:\/\/www.castingnews.eu\/magazine\/wp-content\/uploads\/2012\/12\/Set-Eppideis-Oria-2012-1.jpg","width":450,"height":301},{"@type":"BreadcrumbList","@id":"https:\/\/www.castingnews.eu\/magazine\/2012\/12\/10\/fine-riprese-per-eppideis-film-girato-a-oria\/#breadcrumb","itemListElement":[{"@type":"ListItem","position":1,"name":"Home","item":"https:\/\/www.castingnews.eu\/magazine\/"},{"@type":"ListItem","position":2,"name":"Fine riprese per \u201cEppideis\u201d, film girato a Oria"}]},{"@type":"WebSite","@id":"https:\/\/www.castingnews.eu\/magazine\/#website","url":"https:\/\/www.castingnews.eu\/magazine\/","name":"Casting News Magazine","description":"News e aggiornamenti sui film, serie tv, teatro e festival italiani ed internazionali","potentialAction":[{"@type":"SearchAction","target":{"@type":"EntryPoint","urlTemplate":"https:\/\/www.castingnews.eu\/magazine\/?s={search_term_string}"},"query-input":{"@type":"PropertyValueSpecification","valueRequired":true,"valueName":"search_term_string"}}],"inLanguage":"it-IT"},{"@type":"Person","@id":"https:\/\/www.castingnews.eu\/magazine\/#\/schema\/person\/099d71c568c9a7e5e4037b1594108f17","name":"Redazione","image":{"@type":"ImageObject","inLanguage":"it-IT","@id":"https:\/\/secure.gravatar.com\/avatar\/b73a087aa3bd279fb70d24f1960a91c82cf67619395b60b564c90e9e5d5325fc?s=96&d=mm&r=g","url":"https:\/\/secure.gravatar.com\/avatar\/b73a087aa3bd279fb70d24f1960a91c82cf67619395b60b564c90e9e5d5325fc?s=96&d=mm&r=g","contentUrl":"https:\/\/secure.gravatar.com\/avatar\/b73a087aa3bd279fb70d24f1960a91c82cf67619395b60b564c90e9e5d5325fc?s=96&d=mm&r=g","caption":"Redazione"},"description":"News e aggiornamenti sui film, serie tv, teatro e festival italiani ed internazionali.","url":"https:\/\/www.castingnews.eu\/magazine\/author\/redazione\/"}]}},"_links":{"self":[{"href":"https:\/\/www.castingnews.eu\/magazine\/wp-json\/wp\/v2\/posts\/903","targetHints":{"allow":["GET"]}}],"collection":[{"href":"https:\/\/www.castingnews.eu\/magazine\/wp-json\/wp\/v2\/posts"}],"about":[{"href":"https:\/\/www.castingnews.eu\/magazine\/wp-json\/wp\/v2\/types\/post"}],"author":[{"embeddable":true,"href":"https:\/\/www.castingnews.eu\/magazine\/wp-json\/wp\/v2\/users\/1"}],"replies":[{"embeddable":true,"href":"https:\/\/www.castingnews.eu\/magazine\/wp-json\/wp\/v2\/comments?post=903"}],"version-history":[{"count":0,"href":"https:\/\/www.castingnews.eu\/magazine\/wp-json\/wp\/v2\/posts\/903\/revisions"}],"wp:featuredmedia":[{"embeddable":true,"href":"https:\/\/www.castingnews.eu\/magazine\/wp-json\/wp\/v2\/media\/904"}],"wp:attachment":[{"href":"https:\/\/www.castingnews.eu\/magazine\/wp-json\/wp\/v2\/media?parent=903"}],"wp:term":[{"taxonomy":"category","embeddable":true,"href":"https:\/\/www.castingnews.eu\/magazine\/wp-json\/wp\/v2\/categories?post=903"},{"taxonomy":"post_tag","embeddable":true,"href":"https:\/\/www.castingnews.eu\/magazine\/wp-json\/wp\/v2\/tags?post=903"}],"curies":[{"name":"wp","href":"https:\/\/api.w.org\/{rel}","templated":true}]}}