{"id":8871,"date":"2024-09-18T14:14:38","date_gmt":"2024-09-18T12:14:38","guid":{"rendered":"https:\/\/www.castingnews.eu\/magazine\/?p=8871"},"modified":"2024-09-18T14:16:37","modified_gmt":"2024-09-18T12:16:37","slug":"matiff-matera-international-film-festival-trudie-styler-ospite-donore-nella-serata-inaugurale","status":"publish","type":"post","link":"https:\/\/www.castingnews.eu\/magazine\/2024\/09\/18\/matiff-matera-international-film-festival-trudie-styler-ospite-donore-nella-serata-inaugurale\/","title":{"rendered":"MaTiFF Matera International Film Festival: Trudie Styler ospite d&#8217;onore nella serata inaugurale"},"content":{"rendered":"\n<p>Dal 21 al 28 settembre, la suggestiva citt\u00e0 di Matera sar\u00e0 teatro del <strong>MaTiFF Matera International Film Festival<\/strong>, giunto alla sua quinta edizione. Questo prestigioso evento cinematografico si conferma uno dei pi\u00f9 attesi a livello internazionale, grazie alla partecipazione di figure di spicco del mondo del cinema e alla sua ricca programmazione.<\/p><div class=\"6d3639e8c6ac292cde400fad8ff8a5b9\" data-index=\"1\" style=\"float: none; margin:10px 0 10px 0; text-align:center;\">\n<script async src=\"\/\/pagead2.googlesyndication.com\/pagead\/js\/adsbygoogle.js\"><\/script>\r\n<!-- Casting Bambini NEW -->\r\n<ins class=\"adsbygoogle\"\r\n     style=\"display:inline-block;width:336px;height:280px\"\r\n     data-ad-client=\"ca-pub-5538097485429833\"\r\n     data-ad-slot=\"5127154445\"><\/ins>\r\n<script>\r\n(adsbygoogle = window.adsbygoogle || []).push({});\r\n<\/script>\n<\/div>\n\n\n\n\n<p>Il 22 settembre, il festival si aprir\u00e0 con la presenza straordinaria dell\u2019attrice e produttrice <strong>Trudie Styler<\/strong>, alla quale verr\u00e0 conferito il prestigioso <strong>Premio &#8220;Pasolini Matera&#8221;<\/strong>. Questo riconoscimento cade nel 60\u00b0 anniversario de <em>Il Vangelo secondo Matteo<\/em>, il capolavoro di <strong>Pier Paolo Pasolini<\/strong> girato a Matera nel 1964 e presentato alla 21^ Mostra Internazionale del Cinema di Venezia. Styler, nota per la sua carriera poliedrica come attrice, regista e produttrice, sar\u00e0 al centro della serata inaugurale, celebrando non solo il cinema, ma anche il legame tra Matera e il grande schermo.<\/p>\n\n\n\n<p>Tra gli altri ospiti di rilievo della manifestazione spicca <strong>Nick Vallelonga<\/strong>, sceneggiatore premio Oscar per <em>Green Book<\/em>, che ricoprir\u00e0 il ruolo di <strong>Presidente di Giuria<\/strong>. Vallelonga, insieme a <strong>Christopher Coppola<\/strong>, sar\u00e0 protagonista di una masterclass moderata dal produttore <strong>Michele Diom\u00e0<\/strong>, in cui si ripercorreranno i momenti salienti della loro collaborazione nel film cult <em>Deadfall<\/em>, interpretato dal premio Oscar <strong>Nicolas Cage<\/strong>.<\/p>\n\n\n\n<p>Un altro momento di grande interesse sar\u00e0 la proiezione del documentario <em>Posso entrare? An ode to Naples<\/em>, un omaggio alla cultura partenopea diretto da <strong>Trudie Styler<\/strong> e presentato da <strong>Walter Fasano<\/strong>.<\/p>\n\n\n\n<p>La kermesse vedr\u00e0 anche la presenza del regista <strong>Michele Salfi Russo<\/strong>, che presenter\u00e0 il suo documentario <em>Il fischio di famiglia<\/em>, un\u2019opera che esplora le radici italiane del leggendario regista <strong>Francis Ford Coppola<\/strong>. Questo documentario, co-prodotto dall&#8217;American Zoetrope, include contributi di <strong>Sofia Coppola<\/strong> e <strong>Talia Shire<\/strong>, anch&#8217;esse vincitrici del premio Oscar.<\/p>\n\n\n\n<p>Il <strong>MaTiFF<\/strong> ospiter\u00e0 inoltre il regista e produttore <strong>Louis Nero<\/strong>, che offrir\u00e0 uno sguardo dietro le quinte della sua carriera, raccontando le collaborazioni con grandi interpreti del cinema internazionale come <strong>Harvey Keitel<\/strong>, <strong>F. Murray Abraham<\/strong> e <strong>Kevin Spacey<\/strong>. A seguire, verr\u00e0 proiettato il documentario <em>Registe<\/em>, diretto da <strong>Diana Dell\u2019Erba<\/strong>, che sar\u00e0 presente per discutere il suo lavoro dedicato alle donne nella regia cinematografica.<\/p>\n\n\n\n<p>Una serata speciale sar\u00e0 dedicata al tema della censura nel cinema con il documentarista e saggista <strong>Luca Martera<\/strong>, mentre il giornalista <strong>Umberto Chiariello<\/strong> terr\u00e0 una masterclass sul rapporto tra media e potere, un argomento di grande attualit\u00e0.<\/p>\n\n\n\n<p>Il festival presenter\u00e0 in anteprima mondiale il video musicale animato <em>Mediterraneo<\/em> di <strong>Pino Mango<\/strong>, una co-produzione <strong>Mad Entertainment<\/strong> e <strong>Riva dei Ginepri<\/strong>. Alla proiezione parteciperanno il produttore <strong>Luciano Stella<\/strong>, il regista <strong>Alessandro Rack<\/strong> e la famiglia di Mango, rendendo omaggio al celebre cantautore lucano.<\/p>\n\n\n\n<p>Tra i protagonisti del <strong>MaTiFF<\/strong>, spicca anche l\u2019attore e scrittore <strong>Giobbe Covatta<\/strong>, noto per il suo impegno civile, che parteciper\u00e0 alla rassegna con un intervento speciale. Il festival vedr\u00e0 inoltre la partecipazione di personalit\u00e0 come <strong>Francesca Vecchioni<\/strong>, presidente della Fondazione Diversity, e le attrici <strong>Myriam Catania<\/strong> e <strong>Catrinel Marlon<\/strong>.<\/p>\n\n\n\n<p>Il festival, presieduto da <strong>Leonardo Fuina<\/strong>, si concluder\u00e0 il 28 settembre con la premiazione dei migliori progetti in concorso. Sar\u00e0 il presidente di giuria <strong>Nick Vallelonga<\/strong> a consegnare i premi ai vincitori delle varie categorie.<\/p>\n\n\n\n<p>Organizzato in collaborazione con <strong>Wild Filmmaker<\/strong>, il <strong>MaTiFF<\/strong> gode del patrocinio della <strong>Regione Basilicata<\/strong>, del <strong>Comune di Matera<\/strong>, della <strong>Fondazione Matera 2019<\/strong>, della <strong>Lucania Film Commission<\/strong>, della <strong>Provincia di Matera<\/strong>, dell\u2019<strong>APT Basilicata<\/strong> e del <strong>FAI Basilicata<\/strong>.<\/p>\n\n\n\n<p>Un evento imperdibile per chi ama il cinema, in una citt\u00e0 dal fascino millenario che continua a ispirare il grande schermo.<\/p>\n\n\n\n<p>Iscriviti alla <strong><a href=\"https:\/\/www.castingnewsletter.eu\/CastingNewsPro\/\" target=\"_blank\" rel=\"noreferrer noopener\">newsletter giornaliera<\/a><\/strong> di Casting News Professional per ricevere le ultime notizie sui casting aperti, provini e audizioni.<\/p>\n\n<div style=\"font-size: 0px; height: 0px; line-height: 0px; margin: 0; padding: 0; clear: both;\"><\/div>","protected":false},"excerpt":{"rendered":"<p>Dal 21 al 28 settembre, la suggestiva citt\u00e0 di Matera sar\u00e0 teatro del MaTiFF Matera International Film Festival, giunto alla sua quinta edizione. Questo prestigioso evento cinematografico si conferma uno dei pi\u00f9 attesi a livello internazionale, grazie alla partecipazione di figure di spicco del mondo del cinema e alla sua ricca programmazione. Il 22 settembre, [&hellip;]<\/p>\n","protected":false},"author":1,"featured_media":8872,"comment_status":"open","ping_status":"open","sticky":false,"template":"","format":"standard","meta":{"tdm_status":"","tdm_grid_status":"","footnotes":""},"categories":[11,71,3470,21],"tags":[272,273,6128,514,6123,6122,6124,6127,6126,6125],"class_list":{"0":"post-8871","1":"post","2":"type-post","3":"status-publish","4":"format-standard","5":"has-post-thumbnail","7":"category-festival","8":"category-italia-paese","9":"category-premiazioni","10":"category-in-primo-piano","11":"tag-casting-magazine","12":"tag-casting-news","13":"tag-christopher-coppola","14":"tag-festival","15":"tag-matera-international-film-festival","16":"tag-matiff","17":"tag-nick-vallelonga","18":"tag-ospite-donore","19":"tag-pasolini-matera","20":"tag-trudie-styler"},"yoast_head":"<!-- This site is optimized with the Yoast SEO plugin v27.4 - https:\/\/yoast.com\/product\/yoast-seo-wordpress\/ -->\r\n<title>MaTiFF Matera International Film Festival: Trudie Styler ospite d&#039;onore nella serata inaugurale - Casting News Magazine<\/title>\r\n<meta name=\"description\" content=\"Dal 21 al 28 settembre, la suggestiva citt\u00e0 di Matera ospiter\u00e0 la quinta edizione del MaTiFF Matera International Film Festival.\" \/>\r\n<meta name=\"robots\" content=\"index, follow, max-snippet:-1, max-image-preview:large, max-video-preview:-1\" \/>\r\n<link rel=\"canonical\" href=\"https:\/\/www.castingnews.eu\/magazine\/2024\/09\/18\/matiff-matera-international-film-festival-trudie-styler-ospite-donore-nella-serata-inaugurale\/\" \/>\r\n<meta property=\"og:locale\" content=\"it_IT\" \/>\r\n<meta property=\"og:type\" content=\"article\" \/>\r\n<meta property=\"og:title\" content=\"MaTiFF Matera International Film Festival: Trudie Styler ospite d&#039;onore nella serata inaugurale - Casting News Magazine\" \/>\r\n<meta property=\"og:description\" content=\"Dal 21 al 28 settembre, la suggestiva citt\u00e0 di Matera ospiter\u00e0 la quinta edizione del MaTiFF Matera International Film Festival.\" \/>\r\n<meta property=\"og:url\" content=\"https:\/\/www.castingnews.eu\/magazine\/2024\/09\/18\/matiff-matera-international-film-festival-trudie-styler-ospite-donore-nella-serata-inaugurale\/\" \/>\r\n<meta property=\"og:site_name\" content=\"Casting News Magazine\" \/>\r\n<meta property=\"article:published_time\" content=\"2024-09-18T12:14:38+00:00\" \/>\r\n<meta property=\"article:modified_time\" content=\"2024-09-18T12:16:37+00:00\" \/>\r\n<meta property=\"og:image\" content=\"https:\/\/www.castingnews.eu\/magazine\/wp-content\/uploads\/2024\/09\/MaTiFF-Matera-International-Film-Festival.jpg\" \/>\r\n\t<meta property=\"og:image:width\" content=\"1100\" \/>\r\n\t<meta property=\"og:image:height\" content=\"618\" \/>\r\n\t<meta property=\"og:image:type\" content=\"image\/jpeg\" \/>\r\n<meta name=\"author\" content=\"Redazione\" \/>\r\n<meta name=\"twitter:card\" content=\"summary_large_image\" \/>\r\n<meta name=\"twitter:label1\" content=\"Scritto da\" \/>\n\t<meta name=\"twitter:data1\" content=\"Redazione\" \/>\n\t<meta name=\"twitter:label2\" content=\"Tempo di lettura stimato\" \/>\n\t<meta name=\"twitter:data2\" content=\"4 minuti\" \/>\r\n<script type=\"application\/ld+json\" class=\"yoast-schema-graph\">{\"@context\":\"https:\\\/\\\/schema.org\",\"@graph\":[{\"@type\":\"Article\",\"@id\":\"https:\\\/\\\/www.castingnews.eu\\\/magazine\\\/2024\\\/09\\\/18\\\/matiff-matera-international-film-festival-trudie-styler-ospite-donore-nella-serata-inaugurale\\\/#article\",\"isPartOf\":{\"@id\":\"https:\\\/\\\/www.castingnews.eu\\\/magazine\\\/2024\\\/09\\\/18\\\/matiff-matera-international-film-festival-trudie-styler-ospite-donore-nella-serata-inaugurale\\\/\"},\"author\":{\"name\":\"Redazione\",\"@id\":\"https:\\\/\\\/www.castingnews.eu\\\/magazine\\\/#\\\/schema\\\/person\\\/099d71c568c9a7e5e4037b1594108f17\"},\"headline\":\"MaTiFF Matera International Film Festival: Trudie Styler ospite d&#8217;onore nella serata inaugurale\",\"datePublished\":\"2024-09-18T12:14:38+00:00\",\"dateModified\":\"2024-09-18T12:16:37+00:00\",\"mainEntityOfPage\":{\"@id\":\"https:\\\/\\\/www.castingnews.eu\\\/magazine\\\/2024\\\/09\\\/18\\\/matiff-matera-international-film-festival-trudie-styler-ospite-donore-nella-serata-inaugurale\\\/\"},\"wordCount\":599,\"commentCount\":0,\"image\":{\"@id\":\"https:\\\/\\\/www.castingnews.eu\\\/magazine\\\/2024\\\/09\\\/18\\\/matiff-matera-international-film-festival-trudie-styler-ospite-donore-nella-serata-inaugurale\\\/#primaryimage\"},\"thumbnailUrl\":\"https:\\\/\\\/www.castingnews.eu\\\/magazine\\\/wp-content\\\/uploads\\\/2024\\\/09\\\/MaTiFF-Matera-International-Film-Festival.jpg\",\"keywords\":[\"Casting Magazine\",\"Casting News\",\"Christopher Coppola\",\"Festival\",\"Matera International Film Festival\",\"MaTiFF\",\"Nick Vallelonga\",\"ospite d'onore\",\"Pasolini Matera\",\"Trudie Styler\"],\"articleSection\":[\"Festival\",\"Italia\",\"Premiazioni\",\"Primo piano\"],\"inLanguage\":\"it-IT\",\"potentialAction\":[{\"@type\":\"CommentAction\",\"name\":\"Comment\",\"target\":[\"https:\\\/\\\/www.castingnews.eu\\\/magazine\\\/2024\\\/09\\\/18\\\/matiff-matera-international-film-festival-trudie-styler-ospite-donore-nella-serata-inaugurale\\\/#respond\"]}]},{\"@type\":\"WebPage\",\"@id\":\"https:\\\/\\\/www.castingnews.eu\\\/magazine\\\/2024\\\/09\\\/18\\\/matiff-matera-international-film-festival-trudie-styler-ospite-donore-nella-serata-inaugurale\\\/\",\"url\":\"https:\\\/\\\/www.castingnews.eu\\\/magazine\\\/2024\\\/09\\\/18\\\/matiff-matera-international-film-festival-trudie-styler-ospite-donore-nella-serata-inaugurale\\\/\",\"name\":\"MaTiFF Matera International Film Festival: Trudie Styler ospite d'onore nella serata inaugurale - Casting News Magazine\",\"isPartOf\":{\"@id\":\"https:\\\/\\\/www.castingnews.eu\\\/magazine\\\/#website\"},\"primaryImageOfPage\":{\"@id\":\"https:\\\/\\\/www.castingnews.eu\\\/magazine\\\/2024\\\/09\\\/18\\\/matiff-matera-international-film-festival-trudie-styler-ospite-donore-nella-serata-inaugurale\\\/#primaryimage\"},\"image\":{\"@id\":\"https:\\\/\\\/www.castingnews.eu\\\/magazine\\\/2024\\\/09\\\/18\\\/matiff-matera-international-film-festival-trudie-styler-ospite-donore-nella-serata-inaugurale\\\/#primaryimage\"},\"thumbnailUrl\":\"https:\\\/\\\/www.castingnews.eu\\\/magazine\\\/wp-content\\\/uploads\\\/2024\\\/09\\\/MaTiFF-Matera-International-Film-Festival.jpg\",\"datePublished\":\"2024-09-18T12:14:38+00:00\",\"dateModified\":\"2024-09-18T12:16:37+00:00\",\"author\":{\"@id\":\"https:\\\/\\\/www.castingnews.eu\\\/magazine\\\/#\\\/schema\\\/person\\\/099d71c568c9a7e5e4037b1594108f17\"},\"description\":\"Dal 21 al 28 settembre, la suggestiva citt\u00e0 di Matera ospiter\u00e0 la quinta edizione del MaTiFF Matera International Film Festival.\",\"breadcrumb\":{\"@id\":\"https:\\\/\\\/www.castingnews.eu\\\/magazine\\\/2024\\\/09\\\/18\\\/matiff-matera-international-film-festival-trudie-styler-ospite-donore-nella-serata-inaugurale\\\/#breadcrumb\"},\"inLanguage\":\"it-IT\",\"potentialAction\":[{\"@type\":\"ReadAction\",\"target\":[\"https:\\\/\\\/www.castingnews.eu\\\/magazine\\\/2024\\\/09\\\/18\\\/matiff-matera-international-film-festival-trudie-styler-ospite-donore-nella-serata-inaugurale\\\/\"]}]},{\"@type\":\"ImageObject\",\"inLanguage\":\"it-IT\",\"@id\":\"https:\\\/\\\/www.castingnews.eu\\\/magazine\\\/2024\\\/09\\\/18\\\/matiff-matera-international-film-festival-trudie-styler-ospite-donore-nella-serata-inaugurale\\\/#primaryimage\",\"url\":\"https:\\\/\\\/www.castingnews.eu\\\/magazine\\\/wp-content\\\/uploads\\\/2024\\\/09\\\/MaTiFF-Matera-International-Film-Festival.jpg\",\"contentUrl\":\"https:\\\/\\\/www.castingnews.eu\\\/magazine\\\/wp-content\\\/uploads\\\/2024\\\/09\\\/MaTiFF-Matera-International-Film-Festival.jpg\",\"width\":1100,\"height\":618,\"caption\":\"MaTiFF Matera International Film Festival\"},{\"@type\":\"BreadcrumbList\",\"@id\":\"https:\\\/\\\/www.castingnews.eu\\\/magazine\\\/2024\\\/09\\\/18\\\/matiff-matera-international-film-festival-trudie-styler-ospite-donore-nella-serata-inaugurale\\\/#breadcrumb\",\"itemListElement\":[{\"@type\":\"ListItem\",\"position\":1,\"name\":\"Home\",\"item\":\"https:\\\/\\\/www.castingnews.eu\\\/magazine\\\/\"},{\"@type\":\"ListItem\",\"position\":2,\"name\":\"MaTiFF Matera International Film Festival: Trudie Styler ospite d&#8217;onore nella serata inaugurale\"}]},{\"@type\":\"WebSite\",\"@id\":\"https:\\\/\\\/www.castingnews.eu\\\/magazine\\\/#website\",\"url\":\"https:\\\/\\\/www.castingnews.eu\\\/magazine\\\/\",\"name\":\"Casting News Magazine\",\"description\":\"News e aggiornamenti sui film, serie tv, teatro e festival italiani ed internazionali\",\"potentialAction\":[{\"@type\":\"SearchAction\",\"target\":{\"@type\":\"EntryPoint\",\"urlTemplate\":\"https:\\\/\\\/www.castingnews.eu\\\/magazine\\\/?s={search_term_string}\"},\"query-input\":{\"@type\":\"PropertyValueSpecification\",\"valueRequired\":true,\"valueName\":\"search_term_string\"}}],\"inLanguage\":\"it-IT\"},{\"@type\":\"Person\",\"@id\":\"https:\\\/\\\/www.castingnews.eu\\\/magazine\\\/#\\\/schema\\\/person\\\/099d71c568c9a7e5e4037b1594108f17\",\"name\":\"Redazione\",\"image\":{\"@type\":\"ImageObject\",\"inLanguage\":\"it-IT\",\"@id\":\"https:\\\/\\\/secure.gravatar.com\\\/avatar\\\/b73a087aa3bd279fb70d24f1960a91c82cf67619395b60b564c90e9e5d5325fc?s=96&d=mm&r=g\",\"url\":\"https:\\\/\\\/secure.gravatar.com\\\/avatar\\\/b73a087aa3bd279fb70d24f1960a91c82cf67619395b60b564c90e9e5d5325fc?s=96&d=mm&r=g\",\"contentUrl\":\"https:\\\/\\\/secure.gravatar.com\\\/avatar\\\/b73a087aa3bd279fb70d24f1960a91c82cf67619395b60b564c90e9e5d5325fc?s=96&d=mm&r=g\",\"caption\":\"Redazione\"},\"description\":\"News e aggiornamenti sui film, serie tv, teatro e festival italiani ed internazionali.\",\"url\":\"https:\\\/\\\/www.castingnews.eu\\\/magazine\\\/author\\\/redazione\\\/\"}]}<\/script>\r\n<!-- \/ Yoast SEO plugin. -->","yoast_head_json":{"title":"MaTiFF Matera International Film Festival: Trudie Styler ospite d'onore nella serata inaugurale - Casting News Magazine","description":"Dal 21 al 28 settembre, la suggestiva citt\u00e0 di Matera ospiter\u00e0 la quinta edizione del MaTiFF Matera International Film Festival.","robots":{"index":"index","follow":"follow","max-snippet":"max-snippet:-1","max-image-preview":"max-image-preview:large","max-video-preview":"max-video-preview:-1"},"canonical":"https:\/\/www.castingnews.eu\/magazine\/2024\/09\/18\/matiff-matera-international-film-festival-trudie-styler-ospite-donore-nella-serata-inaugurale\/","og_locale":"it_IT","og_type":"article","og_title":"MaTiFF Matera International Film Festival: Trudie Styler ospite d'onore nella serata inaugurale - Casting News Magazine","og_description":"Dal 21 al 28 settembre, la suggestiva citt\u00e0 di Matera ospiter\u00e0 la quinta edizione del MaTiFF Matera International Film Festival.","og_url":"https:\/\/www.castingnews.eu\/magazine\/2024\/09\/18\/matiff-matera-international-film-festival-trudie-styler-ospite-donore-nella-serata-inaugurale\/","og_site_name":"Casting News Magazine","article_published_time":"2024-09-18T12:14:38+00:00","article_modified_time":"2024-09-18T12:16:37+00:00","og_image":[{"width":1100,"height":618,"url":"https:\/\/www.castingnews.eu\/magazine\/wp-content\/uploads\/2024\/09\/MaTiFF-Matera-International-Film-Festival.jpg","type":"image\/jpeg"}],"author":"Redazione","twitter_card":"summary_large_image","twitter_misc":{"Scritto da":"Redazione","Tempo di lettura stimato":"4 minuti"},"schema":{"@context":"https:\/\/schema.org","@graph":[{"@type":"Article","@id":"https:\/\/www.castingnews.eu\/magazine\/2024\/09\/18\/matiff-matera-international-film-festival-trudie-styler-ospite-donore-nella-serata-inaugurale\/#article","isPartOf":{"@id":"https:\/\/www.castingnews.eu\/magazine\/2024\/09\/18\/matiff-matera-international-film-festival-trudie-styler-ospite-donore-nella-serata-inaugurale\/"},"author":{"name":"Redazione","@id":"https:\/\/www.castingnews.eu\/magazine\/#\/schema\/person\/099d71c568c9a7e5e4037b1594108f17"},"headline":"MaTiFF Matera International Film Festival: Trudie Styler ospite d&#8217;onore nella serata inaugurale","datePublished":"2024-09-18T12:14:38+00:00","dateModified":"2024-09-18T12:16:37+00:00","mainEntityOfPage":{"@id":"https:\/\/www.castingnews.eu\/magazine\/2024\/09\/18\/matiff-matera-international-film-festival-trudie-styler-ospite-donore-nella-serata-inaugurale\/"},"wordCount":599,"commentCount":0,"image":{"@id":"https:\/\/www.castingnews.eu\/magazine\/2024\/09\/18\/matiff-matera-international-film-festival-trudie-styler-ospite-donore-nella-serata-inaugurale\/#primaryimage"},"thumbnailUrl":"https:\/\/www.castingnews.eu\/magazine\/wp-content\/uploads\/2024\/09\/MaTiFF-Matera-International-Film-Festival.jpg","keywords":["Casting Magazine","Casting News","Christopher Coppola","Festival","Matera International Film Festival","MaTiFF","Nick Vallelonga","ospite d'onore","Pasolini Matera","Trudie Styler"],"articleSection":["Festival","Italia","Premiazioni","Primo piano"],"inLanguage":"it-IT","potentialAction":[{"@type":"CommentAction","name":"Comment","target":["https:\/\/www.castingnews.eu\/magazine\/2024\/09\/18\/matiff-matera-international-film-festival-trudie-styler-ospite-donore-nella-serata-inaugurale\/#respond"]}]},{"@type":"WebPage","@id":"https:\/\/www.castingnews.eu\/magazine\/2024\/09\/18\/matiff-matera-international-film-festival-trudie-styler-ospite-donore-nella-serata-inaugurale\/","url":"https:\/\/www.castingnews.eu\/magazine\/2024\/09\/18\/matiff-matera-international-film-festival-trudie-styler-ospite-donore-nella-serata-inaugurale\/","name":"MaTiFF Matera International Film Festival: Trudie Styler ospite d'onore nella serata inaugurale - Casting News Magazine","isPartOf":{"@id":"https:\/\/www.castingnews.eu\/magazine\/#website"},"primaryImageOfPage":{"@id":"https:\/\/www.castingnews.eu\/magazine\/2024\/09\/18\/matiff-matera-international-film-festival-trudie-styler-ospite-donore-nella-serata-inaugurale\/#primaryimage"},"image":{"@id":"https:\/\/www.castingnews.eu\/magazine\/2024\/09\/18\/matiff-matera-international-film-festival-trudie-styler-ospite-donore-nella-serata-inaugurale\/#primaryimage"},"thumbnailUrl":"https:\/\/www.castingnews.eu\/magazine\/wp-content\/uploads\/2024\/09\/MaTiFF-Matera-International-Film-Festival.jpg","datePublished":"2024-09-18T12:14:38+00:00","dateModified":"2024-09-18T12:16:37+00:00","author":{"@id":"https:\/\/www.castingnews.eu\/magazine\/#\/schema\/person\/099d71c568c9a7e5e4037b1594108f17"},"description":"Dal 21 al 28 settembre, la suggestiva citt\u00e0 di Matera ospiter\u00e0 la quinta edizione del MaTiFF Matera International Film Festival.","breadcrumb":{"@id":"https:\/\/www.castingnews.eu\/magazine\/2024\/09\/18\/matiff-matera-international-film-festival-trudie-styler-ospite-donore-nella-serata-inaugurale\/#breadcrumb"},"inLanguage":"it-IT","potentialAction":[{"@type":"ReadAction","target":["https:\/\/www.castingnews.eu\/magazine\/2024\/09\/18\/matiff-matera-international-film-festival-trudie-styler-ospite-donore-nella-serata-inaugurale\/"]}]},{"@type":"ImageObject","inLanguage":"it-IT","@id":"https:\/\/www.castingnews.eu\/magazine\/2024\/09\/18\/matiff-matera-international-film-festival-trudie-styler-ospite-donore-nella-serata-inaugurale\/#primaryimage","url":"https:\/\/www.castingnews.eu\/magazine\/wp-content\/uploads\/2024\/09\/MaTiFF-Matera-International-Film-Festival.jpg","contentUrl":"https:\/\/www.castingnews.eu\/magazine\/wp-content\/uploads\/2024\/09\/MaTiFF-Matera-International-Film-Festival.jpg","width":1100,"height":618,"caption":"MaTiFF Matera International Film Festival"},{"@type":"BreadcrumbList","@id":"https:\/\/www.castingnews.eu\/magazine\/2024\/09\/18\/matiff-matera-international-film-festival-trudie-styler-ospite-donore-nella-serata-inaugurale\/#breadcrumb","itemListElement":[{"@type":"ListItem","position":1,"name":"Home","item":"https:\/\/www.castingnews.eu\/magazine\/"},{"@type":"ListItem","position":2,"name":"MaTiFF Matera International Film Festival: Trudie Styler ospite d&#8217;onore nella serata inaugurale"}]},{"@type":"WebSite","@id":"https:\/\/www.castingnews.eu\/magazine\/#website","url":"https:\/\/www.castingnews.eu\/magazine\/","name":"Casting News Magazine","description":"News e aggiornamenti sui film, serie tv, teatro e festival italiani ed internazionali","potentialAction":[{"@type":"SearchAction","target":{"@type":"EntryPoint","urlTemplate":"https:\/\/www.castingnews.eu\/magazine\/?s={search_term_string}"},"query-input":{"@type":"PropertyValueSpecification","valueRequired":true,"valueName":"search_term_string"}}],"inLanguage":"it-IT"},{"@type":"Person","@id":"https:\/\/www.castingnews.eu\/magazine\/#\/schema\/person\/099d71c568c9a7e5e4037b1594108f17","name":"Redazione","image":{"@type":"ImageObject","inLanguage":"it-IT","@id":"https:\/\/secure.gravatar.com\/avatar\/b73a087aa3bd279fb70d24f1960a91c82cf67619395b60b564c90e9e5d5325fc?s=96&d=mm&r=g","url":"https:\/\/secure.gravatar.com\/avatar\/b73a087aa3bd279fb70d24f1960a91c82cf67619395b60b564c90e9e5d5325fc?s=96&d=mm&r=g","contentUrl":"https:\/\/secure.gravatar.com\/avatar\/b73a087aa3bd279fb70d24f1960a91c82cf67619395b60b564c90e9e5d5325fc?s=96&d=mm&r=g","caption":"Redazione"},"description":"News e aggiornamenti sui film, serie tv, teatro e festival italiani ed internazionali.","url":"https:\/\/www.castingnews.eu\/magazine\/author\/redazione\/"}]}},"_links":{"self":[{"href":"https:\/\/www.castingnews.eu\/magazine\/wp-json\/wp\/v2\/posts\/8871","targetHints":{"allow":["GET"]}}],"collection":[{"href":"https:\/\/www.castingnews.eu\/magazine\/wp-json\/wp\/v2\/posts"}],"about":[{"href":"https:\/\/www.castingnews.eu\/magazine\/wp-json\/wp\/v2\/types\/post"}],"author":[{"embeddable":true,"href":"https:\/\/www.castingnews.eu\/magazine\/wp-json\/wp\/v2\/users\/1"}],"replies":[{"embeddable":true,"href":"https:\/\/www.castingnews.eu\/magazine\/wp-json\/wp\/v2\/comments?post=8871"}],"version-history":[{"count":2,"href":"https:\/\/www.castingnews.eu\/magazine\/wp-json\/wp\/v2\/posts\/8871\/revisions"}],"predecessor-version":[{"id":8874,"href":"https:\/\/www.castingnews.eu\/magazine\/wp-json\/wp\/v2\/posts\/8871\/revisions\/8874"}],"wp:featuredmedia":[{"embeddable":true,"href":"https:\/\/www.castingnews.eu\/magazine\/wp-json\/wp\/v2\/media\/8872"}],"wp:attachment":[{"href":"https:\/\/www.castingnews.eu\/magazine\/wp-json\/wp\/v2\/media?parent=8871"}],"wp:term":[{"taxonomy":"category","embeddable":true,"href":"https:\/\/www.castingnews.eu\/magazine\/wp-json\/wp\/v2\/categories?post=8871"},{"taxonomy":"post_tag","embeddable":true,"href":"https:\/\/www.castingnews.eu\/magazine\/wp-json\/wp\/v2\/tags?post=8871"}],"curies":[{"name":"wp","href":"https:\/\/api.w.org\/{rel}","templated":true}]}}