{"id":868,"date":"2012-05-03T17:50:46","date_gmt":"2012-05-03T16:50:46","guid":{"rendered":"http:\/\/www.film-movie.eu\/?p=868"},"modified":"2012-05-03T17:50:46","modified_gmt":"2012-05-03T16:50:46","slug":"il-ministro-passera-premia-viviana-carlet-e-il-lago-film-fest","status":"publish","type":"post","link":"https:\/\/www.castingnews.eu\/magazine\/2012\/05\/03\/il-ministro-passera-premia-viviana-carlet-e-il-lago-film-fest\/","title":{"rendered":"Il ministro Passera premia Viviana Carlet e il Lago Film Fest"},"content":{"rendered":"<h3 style=\"text-align: justify;\">Viviana Carlet, ideatrice e direttrice del Lago Film Fest di Revine Lago, da 8 anni porta in provincia di Treviso la migliore produzione di cinema indipendente e le eccellenze dell\u2019arte contemporanea.<\/h3>\n<p style=\"text-align: justify;\">Viviana Carlet\u00a0ha ricevuto ieri mercoled\u00ec 2 maggio alla fiera di Vicenza e per mano del Ministro delle Infrastrutture e dello Sviluppo Economico Corrado Passera, il \u201cPremio Citt\u00e0 Impresa \u2013 Idee per far crescere l\u2019Italia\u201d.<br \/>\nIl riconoscimento le \u00e8 stato assegnato per \u201cil contributo portato, attraverso la sua attivit\u00e0 creativa, allo sviluppo economico, sociale e culturale del Nordest e dell\u2019intero Paese\u201d.<br \/>\nGiunto alla sua quinta edizione, il Festival delle Citt\u00e0 Impresa 2012 &#8211; Le Fabbriche delle Idee &#8211; \u00e8 un evento che celebra il Nordest, le sue idee, la sua creativit\u00e0 e la capacit\u00e0 di innovazione.<\/p><div class=\"6d3639e8c6ac292cde400fad8ff8a5b9\" data-index=\"1\" style=\"float: none; margin:10px 0 10px 0; text-align:center;\">\n<script async src=\"\/\/pagead2.googlesyndication.com\/pagead\/js\/adsbygoogle.js\"><\/script>\r\n<!-- Casting Bambini NEW -->\r\n<ins class=\"adsbygoogle\"\r\n     style=\"display:inline-block;width:336px;height:280px\"\r\n     data-ad-client=\"ca-pub-5538097485429833\"\r\n     data-ad-slot=\"5127154445\"><\/ins>\r\n<script>\r\n(adsbygoogle = window.adsbygoogle || []).push({});\r\n<\/script>\n<\/div>\n\n<p style=\"text-align: justify;\">Commenta Viviana Carlet: \u201cIl lavoro appassionato e costante che da otto anni svolgiamo a Lago \u00e8 stato notato. Ricevo con piacere questo riconoscimento anche a nome dei 200 volontari e collaboratori che in questi otto anni hanno creduto nel progetto.\u201d Continua la Carlet \u201cIl premio \u00e8 stato un momento di incontro e scambio di conoscenze e opinioni, 1000 attivit\u00e0 e professioni che diventano un unico movimento di crescita e innovazione, questo forse l&#8217;aspetto pi\u00f9 importante della manifestazione\u201d.<br \/>\nPer maggiori informazioni:<br \/>\n<a title=\"Il ministro Passera premia Viviana Carlet e il Lago Film Fest\" href=\"http:\/\/www.festivaldellecittaimpresa.it\/index.php?option=com_content&amp;view=article&amp;id=55&amp;Itemid=117&amp;lang=i\" target=\"_blank\"> http:\/\/www.festivaldellecittaimpresa.it\/index.php?option=com_content&amp;view=article&amp;id=55&amp;Itemid=117&amp;lang=i<\/a>t<br \/>\n&#8212;<br \/>\nLAGO FILM FEST<br \/>\n8^ EDIZIONE<br \/>\n20-28 Luglio 2012 \/ Revine Lago,Treviso<\/p>\n<p>Deadline progetto OpenSpace_15 maggio 2012<br \/>\nDeadline progetto DiciottOcchi_10 maggio 2012<\/p>\n<p>CONTATTI<br \/>\n<a href=\"http:\/\/www.lagofest.org\" target=\"_blank\"> www.lagofest.org<\/a><br \/>\ninfo@lagofest.org \/ press@lagofest.org<\/p>\n<p>SOCIAL<br \/>\n<a href=\"http:\/\/www.facebook.com\/lagofilmfest\" target=\"_blank\"> www.facebook.com\/lagofilmfest<\/a><br \/>\n<a href=\"http:\/\/www.lagofest.org\/blog\" target=\"_blank\"> www.lagofest.org\/blog<\/a><br \/>\n<a href=\"http:\/\/www.twitter.com\/lagofilmfest\" target=\"_blank\"> www.twitter.com\/lagofilmfest<\/a><\/p>\n\n<div style=\"font-size: 0px; height: 0px; line-height: 0px; margin: 0; padding: 0; clear: both;\"><\/div>","protected":false},"excerpt":{"rendered":"<p>Viviana Carlet, ideatrice e direttrice del Lago Film Fest di Revine Lago, da 8 anni porta in provincia di Treviso la migliore produzione di cinema indipendente e le eccellenze dell\u2019arte contemporanea. Viviana Carlet\u00a0ha ricevuto ieri mercoled\u00ec 2 maggio alla fiera di Vicenza e per mano del Ministro delle Infrastrutture e dello Sviluppo Economico Corrado Passera, [&hellip;]<\/p>\n","protected":false},"author":1,"featured_media":869,"comment_status":"closed","ping_status":"open","sticky":false,"template":"","format":"standard","meta":{"tdm_status":"","tdm_grid_status":"","footnotes":""},"categories":[11,21],"tags":[364,514,773,1090,1427],"class_list":{"0":"post-868","1":"post","2":"type-post","3":"status-publish","4":"format-standard","5":"has-post-thumbnail","7":"category-festival","8":"category-in-primo-piano","9":"tag-corrado-passera","10":"tag-festival","11":"tag-lago-film-fest-di-revine-lago","12":"tag-premiazioni","13":"tag-viviana-carlet"},"yoast_head":"<!-- This site is optimized with the Yoast SEO plugin v27.4 - https:\/\/yoast.com\/product\/yoast-seo-wordpress\/ -->\r\n<title>Il ministro Passera premia Viviana Carlet e il Lago Film Fest - Casting News Magazine<\/title>\r\n<meta name=\"robots\" content=\"index, follow, max-snippet:-1, max-image-preview:large, max-video-preview:-1\" \/>\r\n<link rel=\"canonical\" href=\"https:\/\/www.castingnews.eu\/magazine\/2012\/05\/03\/il-ministro-passera-premia-viviana-carlet-e-il-lago-film-fest\/\" \/>\r\n<meta property=\"og:locale\" content=\"it_IT\" \/>\r\n<meta property=\"og:type\" content=\"article\" \/>\r\n<meta property=\"og:title\" content=\"Il ministro Passera premia Viviana Carlet e il Lago Film Fest - Casting News Magazine\" \/>\r\n<meta property=\"og:description\" content=\"Viviana Carlet, ideatrice e direttrice del Lago Film Fest di Revine Lago, da 8 anni porta in provincia di Treviso la migliore produzione di cinema indipendente e le eccellenze dell\u2019arte contemporanea. Viviana Carlet\u00a0ha ricevuto ieri mercoled\u00ec 2 maggio alla fiera di Vicenza e per mano del Ministro delle Infrastrutture e dello Sviluppo Economico Corrado Passera, [&hellip;]\" \/>\r\n<meta property=\"og:url\" content=\"https:\/\/www.castingnews.eu\/magazine\/2012\/05\/03\/il-ministro-passera-premia-viviana-carlet-e-il-lago-film-fest\/\" \/>\r\n<meta property=\"og:site_name\" content=\"Casting News Magazine\" \/>\r\n<meta property=\"article:published_time\" content=\"2012-05-03T16:50:46+00:00\" \/>\r\n<meta property=\"og:image\" content=\"https:\/\/www.castingnews.eu\/magazine\/wp-content\/uploads\/2012\/05\/Viviana-Carlet-_Lago-Film-Fest-1.jpg\" \/>\r\n\t<meta property=\"og:image:width\" content=\"430\" \/>\r\n\t<meta property=\"og:image:height\" content=\"287\" \/>\r\n\t<meta property=\"og:image:type\" content=\"image\/jpeg\" \/>\r\n<meta name=\"author\" content=\"Redazione\" \/>\r\n<meta name=\"twitter:card\" content=\"summary_large_image\" \/>\r\n<meta name=\"twitter:label1\" content=\"Scritto da\" \/>\n\t<meta name=\"twitter:data1\" content=\"Redazione\" \/>\n\t<meta name=\"twitter:label2\" content=\"Tempo di lettura stimato\" \/>\n\t<meta name=\"twitter:data2\" content=\"1 minuto\" \/>\r\n<script type=\"application\/ld+json\" class=\"yoast-schema-graph\">{\"@context\":\"https:\\\/\\\/schema.org\",\"@graph\":[{\"@type\":\"Article\",\"@id\":\"https:\\\/\\\/www.castingnews.eu\\\/magazine\\\/2012\\\/05\\\/03\\\/il-ministro-passera-premia-viviana-carlet-e-il-lago-film-fest\\\/#article\",\"isPartOf\":{\"@id\":\"https:\\\/\\\/www.castingnews.eu\\\/magazine\\\/2012\\\/05\\\/03\\\/il-ministro-passera-premia-viviana-carlet-e-il-lago-film-fest\\\/\"},\"author\":{\"name\":\"Redazione\",\"@id\":\"https:\\\/\\\/www.castingnews.eu\\\/magazine\\\/#\\\/schema\\\/person\\\/099d71c568c9a7e5e4037b1594108f17\"},\"headline\":\"Il ministro Passera premia Viviana Carlet e il Lago Film Fest\",\"datePublished\":\"2012-05-03T16:50:46+00:00\",\"mainEntityOfPage\":{\"@id\":\"https:\\\/\\\/www.castingnews.eu\\\/magazine\\\/2012\\\/05\\\/03\\\/il-ministro-passera-premia-viviana-carlet-e-il-lago-film-fest\\\/\"},\"wordCount\":272,\"image\":{\"@id\":\"https:\\\/\\\/www.castingnews.eu\\\/magazine\\\/2012\\\/05\\\/03\\\/il-ministro-passera-premia-viviana-carlet-e-il-lago-film-fest\\\/#primaryimage\"},\"thumbnailUrl\":\"https:\\\/\\\/www.castingnews.eu\\\/magazine\\\/wp-content\\\/uploads\\\/2012\\\/05\\\/Viviana-Carlet-_Lago-Film-Fest-1.jpg\",\"keywords\":[\"Corrado Passera\",\"Festival\",\"Lago Film Fest di Revine Lago\",\"Premiazioni\",\"Viviana Carlet\"],\"articleSection\":[\"Festival\",\"Primo piano\"],\"inLanguage\":\"it-IT\"},{\"@type\":\"WebPage\",\"@id\":\"https:\\\/\\\/www.castingnews.eu\\\/magazine\\\/2012\\\/05\\\/03\\\/il-ministro-passera-premia-viviana-carlet-e-il-lago-film-fest\\\/\",\"url\":\"https:\\\/\\\/www.castingnews.eu\\\/magazine\\\/2012\\\/05\\\/03\\\/il-ministro-passera-premia-viviana-carlet-e-il-lago-film-fest\\\/\",\"name\":\"Il ministro Passera premia Viviana Carlet e il Lago Film Fest - Casting News Magazine\",\"isPartOf\":{\"@id\":\"https:\\\/\\\/www.castingnews.eu\\\/magazine\\\/#website\"},\"primaryImageOfPage\":{\"@id\":\"https:\\\/\\\/www.castingnews.eu\\\/magazine\\\/2012\\\/05\\\/03\\\/il-ministro-passera-premia-viviana-carlet-e-il-lago-film-fest\\\/#primaryimage\"},\"image\":{\"@id\":\"https:\\\/\\\/www.castingnews.eu\\\/magazine\\\/2012\\\/05\\\/03\\\/il-ministro-passera-premia-viviana-carlet-e-il-lago-film-fest\\\/#primaryimage\"},\"thumbnailUrl\":\"https:\\\/\\\/www.castingnews.eu\\\/magazine\\\/wp-content\\\/uploads\\\/2012\\\/05\\\/Viviana-Carlet-_Lago-Film-Fest-1.jpg\",\"datePublished\":\"2012-05-03T16:50:46+00:00\",\"author\":{\"@id\":\"https:\\\/\\\/www.castingnews.eu\\\/magazine\\\/#\\\/schema\\\/person\\\/099d71c568c9a7e5e4037b1594108f17\"},\"breadcrumb\":{\"@id\":\"https:\\\/\\\/www.castingnews.eu\\\/magazine\\\/2012\\\/05\\\/03\\\/il-ministro-passera-premia-viviana-carlet-e-il-lago-film-fest\\\/#breadcrumb\"},\"inLanguage\":\"it-IT\",\"potentialAction\":[{\"@type\":\"ReadAction\",\"target\":[\"https:\\\/\\\/www.castingnews.eu\\\/magazine\\\/2012\\\/05\\\/03\\\/il-ministro-passera-premia-viviana-carlet-e-il-lago-film-fest\\\/\"]}]},{\"@type\":\"ImageObject\",\"inLanguage\":\"it-IT\",\"@id\":\"https:\\\/\\\/www.castingnews.eu\\\/magazine\\\/2012\\\/05\\\/03\\\/il-ministro-passera-premia-viviana-carlet-e-il-lago-film-fest\\\/#primaryimage\",\"url\":\"https:\\\/\\\/www.castingnews.eu\\\/magazine\\\/wp-content\\\/uploads\\\/2012\\\/05\\\/Viviana-Carlet-_Lago-Film-Fest-1.jpg\",\"contentUrl\":\"https:\\\/\\\/www.castingnews.eu\\\/magazine\\\/wp-content\\\/uploads\\\/2012\\\/05\\\/Viviana-Carlet-_Lago-Film-Fest-1.jpg\",\"width\":430,\"height\":287},{\"@type\":\"BreadcrumbList\",\"@id\":\"https:\\\/\\\/www.castingnews.eu\\\/magazine\\\/2012\\\/05\\\/03\\\/il-ministro-passera-premia-viviana-carlet-e-il-lago-film-fest\\\/#breadcrumb\",\"itemListElement\":[{\"@type\":\"ListItem\",\"position\":1,\"name\":\"Home\",\"item\":\"https:\\\/\\\/www.castingnews.eu\\\/magazine\\\/\"},{\"@type\":\"ListItem\",\"position\":2,\"name\":\"Il ministro Passera premia Viviana Carlet e il Lago Film Fest\"}]},{\"@type\":\"WebSite\",\"@id\":\"https:\\\/\\\/www.castingnews.eu\\\/magazine\\\/#website\",\"url\":\"https:\\\/\\\/www.castingnews.eu\\\/magazine\\\/\",\"name\":\"Casting News Magazine\",\"description\":\"News e aggiornamenti sui film, serie tv, teatro e festival italiani ed internazionali\",\"potentialAction\":[{\"@type\":\"SearchAction\",\"target\":{\"@type\":\"EntryPoint\",\"urlTemplate\":\"https:\\\/\\\/www.castingnews.eu\\\/magazine\\\/?s={search_term_string}\"},\"query-input\":{\"@type\":\"PropertyValueSpecification\",\"valueRequired\":true,\"valueName\":\"search_term_string\"}}],\"inLanguage\":\"it-IT\"},{\"@type\":\"Person\",\"@id\":\"https:\\\/\\\/www.castingnews.eu\\\/magazine\\\/#\\\/schema\\\/person\\\/099d71c568c9a7e5e4037b1594108f17\",\"name\":\"Redazione\",\"image\":{\"@type\":\"ImageObject\",\"inLanguage\":\"it-IT\",\"@id\":\"https:\\\/\\\/secure.gravatar.com\\\/avatar\\\/b73a087aa3bd279fb70d24f1960a91c82cf67619395b60b564c90e9e5d5325fc?s=96&d=mm&r=g\",\"url\":\"https:\\\/\\\/secure.gravatar.com\\\/avatar\\\/b73a087aa3bd279fb70d24f1960a91c82cf67619395b60b564c90e9e5d5325fc?s=96&d=mm&r=g\",\"contentUrl\":\"https:\\\/\\\/secure.gravatar.com\\\/avatar\\\/b73a087aa3bd279fb70d24f1960a91c82cf67619395b60b564c90e9e5d5325fc?s=96&d=mm&r=g\",\"caption\":\"Redazione\"},\"description\":\"News e aggiornamenti sui film, serie tv, teatro e festival italiani ed internazionali.\",\"url\":\"https:\\\/\\\/www.castingnews.eu\\\/magazine\\\/author\\\/redazione\\\/\"}]}<\/script>\r\n<!-- \/ Yoast SEO plugin. -->","yoast_head_json":{"title":"Il ministro Passera premia Viviana Carlet e il Lago Film Fest - Casting News Magazine","robots":{"index":"index","follow":"follow","max-snippet":"max-snippet:-1","max-image-preview":"max-image-preview:large","max-video-preview":"max-video-preview:-1"},"canonical":"https:\/\/www.castingnews.eu\/magazine\/2012\/05\/03\/il-ministro-passera-premia-viviana-carlet-e-il-lago-film-fest\/","og_locale":"it_IT","og_type":"article","og_title":"Il ministro Passera premia Viviana Carlet e il Lago Film Fest - Casting News Magazine","og_description":"Viviana Carlet, ideatrice e direttrice del Lago Film Fest di Revine Lago, da 8 anni porta in provincia di Treviso la migliore produzione di cinema indipendente e le eccellenze dell\u2019arte contemporanea. Viviana Carlet\u00a0ha ricevuto ieri mercoled\u00ec 2 maggio alla fiera di Vicenza e per mano del Ministro delle Infrastrutture e dello Sviluppo Economico Corrado Passera, [&hellip;]","og_url":"https:\/\/www.castingnews.eu\/magazine\/2012\/05\/03\/il-ministro-passera-premia-viviana-carlet-e-il-lago-film-fest\/","og_site_name":"Casting News Magazine","article_published_time":"2012-05-03T16:50:46+00:00","og_image":[{"width":430,"height":287,"url":"https:\/\/www.castingnews.eu\/magazine\/wp-content\/uploads\/2012\/05\/Viviana-Carlet-_Lago-Film-Fest-1.jpg","type":"image\/jpeg"}],"author":"Redazione","twitter_card":"summary_large_image","twitter_misc":{"Scritto da":"Redazione","Tempo di lettura stimato":"1 minuto"},"schema":{"@context":"https:\/\/schema.org","@graph":[{"@type":"Article","@id":"https:\/\/www.castingnews.eu\/magazine\/2012\/05\/03\/il-ministro-passera-premia-viviana-carlet-e-il-lago-film-fest\/#article","isPartOf":{"@id":"https:\/\/www.castingnews.eu\/magazine\/2012\/05\/03\/il-ministro-passera-premia-viviana-carlet-e-il-lago-film-fest\/"},"author":{"name":"Redazione","@id":"https:\/\/www.castingnews.eu\/magazine\/#\/schema\/person\/099d71c568c9a7e5e4037b1594108f17"},"headline":"Il ministro Passera premia Viviana Carlet e il Lago Film Fest","datePublished":"2012-05-03T16:50:46+00:00","mainEntityOfPage":{"@id":"https:\/\/www.castingnews.eu\/magazine\/2012\/05\/03\/il-ministro-passera-premia-viviana-carlet-e-il-lago-film-fest\/"},"wordCount":272,"image":{"@id":"https:\/\/www.castingnews.eu\/magazine\/2012\/05\/03\/il-ministro-passera-premia-viviana-carlet-e-il-lago-film-fest\/#primaryimage"},"thumbnailUrl":"https:\/\/www.castingnews.eu\/magazine\/wp-content\/uploads\/2012\/05\/Viviana-Carlet-_Lago-Film-Fest-1.jpg","keywords":["Corrado Passera","Festival","Lago Film Fest di Revine Lago","Premiazioni","Viviana Carlet"],"articleSection":["Festival","Primo piano"],"inLanguage":"it-IT"},{"@type":"WebPage","@id":"https:\/\/www.castingnews.eu\/magazine\/2012\/05\/03\/il-ministro-passera-premia-viviana-carlet-e-il-lago-film-fest\/","url":"https:\/\/www.castingnews.eu\/magazine\/2012\/05\/03\/il-ministro-passera-premia-viviana-carlet-e-il-lago-film-fest\/","name":"Il ministro Passera premia Viviana Carlet e il Lago Film Fest - Casting News Magazine","isPartOf":{"@id":"https:\/\/www.castingnews.eu\/magazine\/#website"},"primaryImageOfPage":{"@id":"https:\/\/www.castingnews.eu\/magazine\/2012\/05\/03\/il-ministro-passera-premia-viviana-carlet-e-il-lago-film-fest\/#primaryimage"},"image":{"@id":"https:\/\/www.castingnews.eu\/magazine\/2012\/05\/03\/il-ministro-passera-premia-viviana-carlet-e-il-lago-film-fest\/#primaryimage"},"thumbnailUrl":"https:\/\/www.castingnews.eu\/magazine\/wp-content\/uploads\/2012\/05\/Viviana-Carlet-_Lago-Film-Fest-1.jpg","datePublished":"2012-05-03T16:50:46+00:00","author":{"@id":"https:\/\/www.castingnews.eu\/magazine\/#\/schema\/person\/099d71c568c9a7e5e4037b1594108f17"},"breadcrumb":{"@id":"https:\/\/www.castingnews.eu\/magazine\/2012\/05\/03\/il-ministro-passera-premia-viviana-carlet-e-il-lago-film-fest\/#breadcrumb"},"inLanguage":"it-IT","potentialAction":[{"@type":"ReadAction","target":["https:\/\/www.castingnews.eu\/magazine\/2012\/05\/03\/il-ministro-passera-premia-viviana-carlet-e-il-lago-film-fest\/"]}]},{"@type":"ImageObject","inLanguage":"it-IT","@id":"https:\/\/www.castingnews.eu\/magazine\/2012\/05\/03\/il-ministro-passera-premia-viviana-carlet-e-il-lago-film-fest\/#primaryimage","url":"https:\/\/www.castingnews.eu\/magazine\/wp-content\/uploads\/2012\/05\/Viviana-Carlet-_Lago-Film-Fest-1.jpg","contentUrl":"https:\/\/www.castingnews.eu\/magazine\/wp-content\/uploads\/2012\/05\/Viviana-Carlet-_Lago-Film-Fest-1.jpg","width":430,"height":287},{"@type":"BreadcrumbList","@id":"https:\/\/www.castingnews.eu\/magazine\/2012\/05\/03\/il-ministro-passera-premia-viviana-carlet-e-il-lago-film-fest\/#breadcrumb","itemListElement":[{"@type":"ListItem","position":1,"name":"Home","item":"https:\/\/www.castingnews.eu\/magazine\/"},{"@type":"ListItem","position":2,"name":"Il ministro Passera premia Viviana Carlet e il Lago Film Fest"}]},{"@type":"WebSite","@id":"https:\/\/www.castingnews.eu\/magazine\/#website","url":"https:\/\/www.castingnews.eu\/magazine\/","name":"Casting News Magazine","description":"News e aggiornamenti sui film, serie tv, teatro e festival italiani ed internazionali","potentialAction":[{"@type":"SearchAction","target":{"@type":"EntryPoint","urlTemplate":"https:\/\/www.castingnews.eu\/magazine\/?s={search_term_string}"},"query-input":{"@type":"PropertyValueSpecification","valueRequired":true,"valueName":"search_term_string"}}],"inLanguage":"it-IT"},{"@type":"Person","@id":"https:\/\/www.castingnews.eu\/magazine\/#\/schema\/person\/099d71c568c9a7e5e4037b1594108f17","name":"Redazione","image":{"@type":"ImageObject","inLanguage":"it-IT","@id":"https:\/\/secure.gravatar.com\/avatar\/b73a087aa3bd279fb70d24f1960a91c82cf67619395b60b564c90e9e5d5325fc?s=96&d=mm&r=g","url":"https:\/\/secure.gravatar.com\/avatar\/b73a087aa3bd279fb70d24f1960a91c82cf67619395b60b564c90e9e5d5325fc?s=96&d=mm&r=g","contentUrl":"https:\/\/secure.gravatar.com\/avatar\/b73a087aa3bd279fb70d24f1960a91c82cf67619395b60b564c90e9e5d5325fc?s=96&d=mm&r=g","caption":"Redazione"},"description":"News e aggiornamenti sui film, serie tv, teatro e festival italiani ed internazionali.","url":"https:\/\/www.castingnews.eu\/magazine\/author\/redazione\/"}]}},"_links":{"self":[{"href":"https:\/\/www.castingnews.eu\/magazine\/wp-json\/wp\/v2\/posts\/868","targetHints":{"allow":["GET"]}}],"collection":[{"href":"https:\/\/www.castingnews.eu\/magazine\/wp-json\/wp\/v2\/posts"}],"about":[{"href":"https:\/\/www.castingnews.eu\/magazine\/wp-json\/wp\/v2\/types\/post"}],"author":[{"embeddable":true,"href":"https:\/\/www.castingnews.eu\/magazine\/wp-json\/wp\/v2\/users\/1"}],"replies":[{"embeddable":true,"href":"https:\/\/www.castingnews.eu\/magazine\/wp-json\/wp\/v2\/comments?post=868"}],"version-history":[{"count":0,"href":"https:\/\/www.castingnews.eu\/magazine\/wp-json\/wp\/v2\/posts\/868\/revisions"}],"wp:featuredmedia":[{"embeddable":true,"href":"https:\/\/www.castingnews.eu\/magazine\/wp-json\/wp\/v2\/media\/869"}],"wp:attachment":[{"href":"https:\/\/www.castingnews.eu\/magazine\/wp-json\/wp\/v2\/media?parent=868"}],"wp:term":[{"taxonomy":"category","embeddable":true,"href":"https:\/\/www.castingnews.eu\/magazine\/wp-json\/wp\/v2\/categories?post=868"},{"taxonomy":"post_tag","embeddable":true,"href":"https:\/\/www.castingnews.eu\/magazine\/wp-json\/wp\/v2\/tags?post=868"}],"curies":[{"name":"wp","href":"https:\/\/api.w.org\/{rel}","templated":true}]}}