{"id":8606,"date":"2024-07-20T11:42:20","date_gmt":"2024-07-20T09:42:20","guid":{"rendered":"https:\/\/www.castingnews.eu\/magazine\/?p=8606"},"modified":"2024-07-20T11:42:23","modified_gmt":"2024-07-20T09:42:23","slug":"al-via-in-calabria-le-riprese-del-film-la-versione-di-giuda","status":"publish","type":"post","link":"https:\/\/www.castingnews.eu\/magazine\/2024\/07\/20\/al-via-in-calabria-le-riprese-del-film-la-versione-di-giuda\/","title":{"rendered":"Al via in Calabria le riprese del film \u201cLa versione di Giuda\u201d"},"content":{"rendered":"\n<p>Sono ufficialmente iniziate in <strong>Calabria <\/strong>le riprese del film <strong><a href=\"https:\/\/www.castingnews.eu\/magazine\/2024\/07\/10\/casting-aperto-unisciti-al-film-la-versione-di-giuda-di-giulio-base\/\">&#8220;La versione di Giuda&#8221;<\/a><\/strong>, scritto e diretto da <strong>Giulio Base<\/strong>. La produzione vede la collaborazione di <strong>Agnus Dei Production<\/strong>, <strong>Minerva Pictures<\/strong> e <strong>Agresywna Banda sp z.o.o.<\/strong>, insieme a<strong> Rai Cinema<\/strong> e con il supporto della <strong>Calabria Film Commission<\/strong>. Le riprese si svolgeranno per quattro settimane, toccando alcune delle localit\u00e0 pi\u00f9 suggestive della regione.<\/p><div class=\"6d3639e8c6ac292cde400fad8ff8a5b9\" data-index=\"1\" style=\"float: none; margin:10px 0 10px 0; text-align:center;\">\n<script async src=\"\/\/pagead2.googlesyndication.com\/pagead\/js\/adsbygoogle.js\"><\/script>\r\n<!-- Casting Bambini NEW -->\r\n<ins class=\"adsbygoogle\"\r\n     style=\"display:inline-block;width:336px;height:280px\"\r\n     data-ad-client=\"ca-pub-5538097485429833\"\r\n     data-ad-slot=\"5127154445\"><\/ins>\r\n<script>\r\n(adsbygoogle = window.adsbygoogle || []).push({});\r\n<\/script>\n<\/div>\n\n\n\n\n<p><strong>Location di Ripresa<br><\/strong>Le riprese avranno luogo in diverse affascinanti location calabresi: il Platano Millenario di Curinga, l&#8217;Abbazia del Patire a Corigliano &#8211; Rossano, i castelli di Cleto e Savuto, il fiume Savuto, il Lago Cecita nel Parco Nazionale della Sila, le grotte rupestri di Caccuri, Monte Cocuzzo a Mendicino e il Castello Svevo e il centro storico di Cosenza.<br><strong>Il Cast<br><\/strong>Il film vanta un cast di fama internazionale, composto da attori di spicco come <strong>Rupert Everett<\/strong>, <strong>Paz Vega<\/strong>, <strong>John Savage<\/strong>, <strong>Darko Peric<\/strong>, <strong>Tomasz Kot<\/strong> e <strong>Abel Ferrara<\/strong>.<\/p>\n\n\n\n<p><strong>Sinossi<br><\/strong>Sua madre faceva la prostituta e una chiromante le predisse che avrebbe partorito un diavolo; la donna rimane incinta di un cliente sconosciuto ma muore dando alla luce un bimbo a cui le altre ragazze del bordello danno nome: Giuda. Giuda \u00e8 ancora un bambino quando uccide l\u2019uomo tenutario del postribolo che tenta di violentarlo. Il ragazzo diventa poi grande presto, il dolore lo indurisce e lo trasforma nel protettore del luogo dove \u00e8 nato e cresciuto: si arricchisce vendendo donne. Quando un giovane chiamato Ges\u00f9 salva Maria Maddalena (sua sorella ma anche una delle sue \u2018protette\u2019) dalla lapidazione, Giuda ne rimane rapito, lascia tutto e prende a seguire quel&nbsp;\u2018guaritore\u2019. Giuda il peccatore, Giuda lo sfruttatore, Giuda il ruffiano, \u00e8 l\u2019ultimo fra gli apostoli a essere chiamato.&nbsp;<br>Seguono gli anni della predicazione e del vagabondaggio di Ges\u00f9 e dei suoi discepoli, gli anni di un\u2019ininterrotta convivenza, dei successi, delle sconfitte, dei trionfi, della paura.<br>Giunge la fatidica ultima cena e i fatti della passione che conosciamo\u2026 ma il vangelo secondo Giuda \u00e8 diverso.<br>\u00c8 una lunga confessione straziante.<br>Lui si sente uno strumento fondamentale perch\u00e9 si adempia la Scrittura, ma deve trasformarsi in uno dei peggiori malvagi di sempre, seppur sia fra i pi\u00f9 generosi: infatti dona la sua vita.<br>Tradisce Ges\u00f9 condannando s\u00e8 stesso alla dannazione purch\u00e9 si compia ci\u00f2 ch\u2019\u00e8 scritto.<br>Di tutti gli apostoli Giuda \u00e8 l\u2019unico a morire con Ges\u00f9.<br>Lui che ha vissuto vendendo donne, muore vendendo un uomo.<\/p>\n\n\n\n<figure class=\"wp-block-image size-large\"><img loading=\"lazy\" decoding=\"async\" width=\"1024\" height=\"718\" src=\"https:\/\/www.castingnews.eu\/magazine\/wp-content\/uploads\/2024\/07\/La-versione-di-Giuda-film-1024x718.jpg\" alt=\"\" class=\"wp-image-8608\" srcset=\"https:\/\/www.castingnews.eu\/magazine\/wp-content\/uploads\/2024\/07\/La-versione-di-Giuda-film-1024x718.jpg 1024w, https:\/\/www.castingnews.eu\/magazine\/wp-content\/uploads\/2024\/07\/La-versione-di-Giuda-film-300x210.jpg 300w, https:\/\/www.castingnews.eu\/magazine\/wp-content\/uploads\/2024\/07\/La-versione-di-Giuda-film-768x538.jpg 768w, https:\/\/www.castingnews.eu\/magazine\/wp-content\/uploads\/2024\/07\/La-versione-di-Giuda-film-599x420.jpg 599w, https:\/\/www.castingnews.eu\/magazine\/wp-content\/uploads\/2024\/07\/La-versione-di-Giuda-film-696x488.jpg 696w, https:\/\/www.castingnews.eu\/magazine\/wp-content\/uploads\/2024\/07\/La-versione-di-Giuda-film-1068x748.jpg 1068w, https:\/\/www.castingnews.eu\/magazine\/wp-content\/uploads\/2024\/07\/La-versione-di-Giuda-film-100x70.jpg 100w, https:\/\/www.castingnews.eu\/magazine\/wp-content\/uploads\/2024\/07\/La-versione-di-Giuda-film.jpg 1200w\" sizes=\"auto, (max-width: 1024px) 100vw, 1024px\" \/><\/figure>\n\n\n\n<p>Iscriviti alla <strong><a href=\"https:\/\/www.castingnewsletter.eu\/CastingNewsPro\/\" target=\"_blank\" rel=\"noreferrer noopener\">newsletter giornaliera<\/a><\/strong> di Casting News Professional per ricevere le ultime notizie sui casting aperti, provini e audizioni.<\/p>\n\n<div style=\"font-size: 0px; height: 0px; line-height: 0px; margin: 0; padding: 0; clear: both;\"><\/div>","protected":false},"excerpt":{"rendered":"<p>Sono ufficialmente iniziate in Calabria le riprese del film &#8220;La versione di Giuda&#8221;, scritto e diretto da Giulio Base. La produzione vede la collaborazione di Agnus Dei Production, Minerva Pictures e Agresywna Banda sp z.o.o., insieme a Rai Cinema e con il supporto della Calabria Film Commission. Le riprese si svolgeranno per quattro settimane, toccando [&hellip;]<\/p>\n","protected":false},"author":1,"featured_media":8607,"comment_status":"open","ping_status":"open","sticky":false,"template":"","format":"standard","meta":{"tdm_status":"","tdm_grid_status":"","footnotes":""},"categories":[3954,1533,71,21,30],"tags":[3253,5941,1826,1887,272,273,5990,2435,5991,5972,5993,5994,1136,1668,5992],"class_list":{"0":"post-8606","1":"post","2":"type-post","3":"status-publish","4":"format-standard","5":"has-post-thumbnail","7":"category-calabria","8":"category-featured","9":"category-italia-paese","10":"category-in-primo-piano","11":"category-progetti-cinematografici","12":"tag-abel-ferrara","13":"tag-agnus-dei-production","14":"tag-calabria","15":"tag-calabria-film-commission","16":"tag-casting-magazine","17":"tag-casting-news","18":"tag-darko-peric","19":"tag-giulio-base","20":"tag-john-savage","21":"tag-la-versione-di-giuda","22":"tag-minerva-pictures-e-agresywna-banda-sp-z-o-o","23":"tag-paz-vega","24":"tag-rai-cinema","25":"tag-rupert-everett","26":"tag-tomasz-kot"},"yoast_head":"<!-- This site is optimized with the Yoast SEO plugin v27.4 - https:\/\/yoast.com\/product\/yoast-seo-wordpress\/ -->\r\n<title>Al via in Calabria le riprese del film \u201cLa versione di Giuda\u201d - Casting News Magazine<\/title>\r\n<meta name=\"description\" content=\"Sono iniziate in Calabria le riprese del nuovo lungometraggio &quot;La versione di Giuda&quot;, scritto e diretto da Giulio Base.\" \/>\r\n<meta name=\"robots\" content=\"index, follow, max-snippet:-1, max-image-preview:large, max-video-preview:-1\" \/>\r\n<link rel=\"canonical\" href=\"https:\/\/www.castingnews.eu\/magazine\/2024\/07\/20\/al-via-in-calabria-le-riprese-del-film-la-versione-di-giuda\/\" \/>\r\n<meta property=\"og:locale\" content=\"it_IT\" \/>\r\n<meta property=\"og:type\" content=\"article\" \/>\r\n<meta property=\"og:title\" content=\"Al via in Calabria le riprese del film \u201cLa versione di Giuda\u201d - Casting News Magazine\" \/>\r\n<meta property=\"og:description\" content=\"Sono iniziate in Calabria le riprese del nuovo lungometraggio &quot;La versione di Giuda&quot;, scritto e diretto da Giulio Base.\" \/>\r\n<meta property=\"og:url\" content=\"https:\/\/www.castingnews.eu\/magazine\/2024\/07\/20\/al-via-in-calabria-le-riprese-del-film-la-versione-di-giuda\/\" \/>\r\n<meta property=\"og:site_name\" content=\"Casting News Magazine\" \/>\r\n<meta property=\"article:published_time\" content=\"2024-07-20T09:42:20+00:00\" \/>\r\n<meta property=\"article:modified_time\" content=\"2024-07-20T09:42:23+00:00\" \/>\r\n<meta property=\"og:image\" content=\"https:\/\/www.castingnews.eu\/magazine\/wp-content\/uploads\/2024\/07\/La-versione-di-Giuda.jpg\" \/>\r\n\t<meta property=\"og:image:width\" content=\"1200\" \/>\r\n\t<meta property=\"og:image:height\" content=\"800\" \/>\r\n\t<meta property=\"og:image:type\" content=\"image\/jpeg\" \/>\r\n<meta name=\"author\" content=\"Redazione\" \/>\r\n<meta name=\"twitter:card\" content=\"summary_large_image\" \/>\r\n<meta name=\"twitter:label1\" content=\"Scritto da\" \/>\n\t<meta name=\"twitter:data1\" content=\"Redazione\" \/>\n\t<meta name=\"twitter:label2\" content=\"Tempo di lettura stimato\" \/>\n\t<meta name=\"twitter:data2\" content=\"3 minuti\" \/>\r\n<script type=\"application\/ld+json\" class=\"yoast-schema-graph\">{\"@context\":\"https:\\\/\\\/schema.org\",\"@graph\":[{\"@type\":\"Article\",\"@id\":\"https:\\\/\\\/www.castingnews.eu\\\/magazine\\\/2024\\\/07\\\/20\\\/al-via-in-calabria-le-riprese-del-film-la-versione-di-giuda\\\/#article\",\"isPartOf\":{\"@id\":\"https:\\\/\\\/www.castingnews.eu\\\/magazine\\\/2024\\\/07\\\/20\\\/al-via-in-calabria-le-riprese-del-film-la-versione-di-giuda\\\/\"},\"author\":{\"name\":\"Redazione\",\"@id\":\"https:\\\/\\\/www.castingnews.eu\\\/magazine\\\/#\\\/schema\\\/person\\\/099d71c568c9a7e5e4037b1594108f17\"},\"headline\":\"Al via in Calabria le riprese del film \u201cLa versione di Giuda\u201d\",\"datePublished\":\"2024-07-20T09:42:20+00:00\",\"dateModified\":\"2024-07-20T09:42:23+00:00\",\"mainEntityOfPage\":{\"@id\":\"https:\\\/\\\/www.castingnews.eu\\\/magazine\\\/2024\\\/07\\\/20\\\/al-via-in-calabria-le-riprese-del-film-la-versione-di-giuda\\\/\"},\"wordCount\":431,\"commentCount\":0,\"image\":{\"@id\":\"https:\\\/\\\/www.castingnews.eu\\\/magazine\\\/2024\\\/07\\\/20\\\/al-via-in-calabria-le-riprese-del-film-la-versione-di-giuda\\\/#primaryimage\"},\"thumbnailUrl\":\"https:\\\/\\\/www.castingnews.eu\\\/magazine\\\/wp-content\\\/uploads\\\/2024\\\/07\\\/La-versione-di-Giuda.jpg\",\"keywords\":[\"Abel Ferrara\",\"Agnus Dei Production\",\"Calabria\",\"Calabria Film Commission\",\"Casting Magazine\",\"Casting News\",\"Darko Peric\",\"Giulio Base\",\"John Savage\",\"La versione di Giuda\",\"Minerva Pictures e Agresywna Banda sp z.o.o.\",\"Paz Vega\",\"Rai Cinema\",\"Rupert Everett\",\"Tomasz Kot\"],\"articleSection\":[\"Calabria\",\"In primo piano\",\"Italia\",\"Primo piano\",\"Progetti cinematografici\"],\"inLanguage\":\"it-IT\",\"potentialAction\":[{\"@type\":\"CommentAction\",\"name\":\"Comment\",\"target\":[\"https:\\\/\\\/www.castingnews.eu\\\/magazine\\\/2024\\\/07\\\/20\\\/al-via-in-calabria-le-riprese-del-film-la-versione-di-giuda\\\/#respond\"]}]},{\"@type\":\"WebPage\",\"@id\":\"https:\\\/\\\/www.castingnews.eu\\\/magazine\\\/2024\\\/07\\\/20\\\/al-via-in-calabria-le-riprese-del-film-la-versione-di-giuda\\\/\",\"url\":\"https:\\\/\\\/www.castingnews.eu\\\/magazine\\\/2024\\\/07\\\/20\\\/al-via-in-calabria-le-riprese-del-film-la-versione-di-giuda\\\/\",\"name\":\"Al via in Calabria le riprese del film \u201cLa versione di Giuda\u201d - Casting News Magazine\",\"isPartOf\":{\"@id\":\"https:\\\/\\\/www.castingnews.eu\\\/magazine\\\/#website\"},\"primaryImageOfPage\":{\"@id\":\"https:\\\/\\\/www.castingnews.eu\\\/magazine\\\/2024\\\/07\\\/20\\\/al-via-in-calabria-le-riprese-del-film-la-versione-di-giuda\\\/#primaryimage\"},\"image\":{\"@id\":\"https:\\\/\\\/www.castingnews.eu\\\/magazine\\\/2024\\\/07\\\/20\\\/al-via-in-calabria-le-riprese-del-film-la-versione-di-giuda\\\/#primaryimage\"},\"thumbnailUrl\":\"https:\\\/\\\/www.castingnews.eu\\\/magazine\\\/wp-content\\\/uploads\\\/2024\\\/07\\\/La-versione-di-Giuda.jpg\",\"datePublished\":\"2024-07-20T09:42:20+00:00\",\"dateModified\":\"2024-07-20T09:42:23+00:00\",\"author\":{\"@id\":\"https:\\\/\\\/www.castingnews.eu\\\/magazine\\\/#\\\/schema\\\/person\\\/099d71c568c9a7e5e4037b1594108f17\"},\"description\":\"Sono iniziate in Calabria le riprese del nuovo lungometraggio \\\"La versione di Giuda\\\", scritto e diretto da Giulio Base.\",\"breadcrumb\":{\"@id\":\"https:\\\/\\\/www.castingnews.eu\\\/magazine\\\/2024\\\/07\\\/20\\\/al-via-in-calabria-le-riprese-del-film-la-versione-di-giuda\\\/#breadcrumb\"},\"inLanguage\":\"it-IT\",\"potentialAction\":[{\"@type\":\"ReadAction\",\"target\":[\"https:\\\/\\\/www.castingnews.eu\\\/magazine\\\/2024\\\/07\\\/20\\\/al-via-in-calabria-le-riprese-del-film-la-versione-di-giuda\\\/\"]}]},{\"@type\":\"ImageObject\",\"inLanguage\":\"it-IT\",\"@id\":\"https:\\\/\\\/www.castingnews.eu\\\/magazine\\\/2024\\\/07\\\/20\\\/al-via-in-calabria-le-riprese-del-film-la-versione-di-giuda\\\/#primaryimage\",\"url\":\"https:\\\/\\\/www.castingnews.eu\\\/magazine\\\/wp-content\\\/uploads\\\/2024\\\/07\\\/La-versione-di-Giuda.jpg\",\"contentUrl\":\"https:\\\/\\\/www.castingnews.eu\\\/magazine\\\/wp-content\\\/uploads\\\/2024\\\/07\\\/La-versione-di-Giuda.jpg\",\"width\":1200,\"height\":800,\"caption\":\"La versione di Giuda\"},{\"@type\":\"BreadcrumbList\",\"@id\":\"https:\\\/\\\/www.castingnews.eu\\\/magazine\\\/2024\\\/07\\\/20\\\/al-via-in-calabria-le-riprese-del-film-la-versione-di-giuda\\\/#breadcrumb\",\"itemListElement\":[{\"@type\":\"ListItem\",\"position\":1,\"name\":\"Home\",\"item\":\"https:\\\/\\\/www.castingnews.eu\\\/magazine\\\/\"},{\"@type\":\"ListItem\",\"position\":2,\"name\":\"Al via in Calabria le riprese del film \u201cLa versione di Giuda\u201d\"}]},{\"@type\":\"WebSite\",\"@id\":\"https:\\\/\\\/www.castingnews.eu\\\/magazine\\\/#website\",\"url\":\"https:\\\/\\\/www.castingnews.eu\\\/magazine\\\/\",\"name\":\"Casting News Magazine\",\"description\":\"News e aggiornamenti sui film, serie tv, teatro e festival italiani ed internazionali\",\"potentialAction\":[{\"@type\":\"SearchAction\",\"target\":{\"@type\":\"EntryPoint\",\"urlTemplate\":\"https:\\\/\\\/www.castingnews.eu\\\/magazine\\\/?s={search_term_string}\"},\"query-input\":{\"@type\":\"PropertyValueSpecification\",\"valueRequired\":true,\"valueName\":\"search_term_string\"}}],\"inLanguage\":\"it-IT\"},{\"@type\":\"Person\",\"@id\":\"https:\\\/\\\/www.castingnews.eu\\\/magazine\\\/#\\\/schema\\\/person\\\/099d71c568c9a7e5e4037b1594108f17\",\"name\":\"Redazione\",\"image\":{\"@type\":\"ImageObject\",\"inLanguage\":\"it-IT\",\"@id\":\"https:\\\/\\\/secure.gravatar.com\\\/avatar\\\/b73a087aa3bd279fb70d24f1960a91c82cf67619395b60b564c90e9e5d5325fc?s=96&d=mm&r=g\",\"url\":\"https:\\\/\\\/secure.gravatar.com\\\/avatar\\\/b73a087aa3bd279fb70d24f1960a91c82cf67619395b60b564c90e9e5d5325fc?s=96&d=mm&r=g\",\"contentUrl\":\"https:\\\/\\\/secure.gravatar.com\\\/avatar\\\/b73a087aa3bd279fb70d24f1960a91c82cf67619395b60b564c90e9e5d5325fc?s=96&d=mm&r=g\",\"caption\":\"Redazione\"},\"description\":\"News e aggiornamenti sui film, serie tv, teatro e festival italiani ed internazionali.\",\"url\":\"https:\\\/\\\/www.castingnews.eu\\\/magazine\\\/author\\\/redazione\\\/\"}]}<\/script>\r\n<!-- \/ Yoast SEO plugin. -->","yoast_head_json":{"title":"Al via in Calabria le riprese del film \u201cLa versione di Giuda\u201d - Casting News Magazine","description":"Sono iniziate in Calabria le riprese del nuovo lungometraggio \"La versione di Giuda\", scritto e diretto da Giulio Base.","robots":{"index":"index","follow":"follow","max-snippet":"max-snippet:-1","max-image-preview":"max-image-preview:large","max-video-preview":"max-video-preview:-1"},"canonical":"https:\/\/www.castingnews.eu\/magazine\/2024\/07\/20\/al-via-in-calabria-le-riprese-del-film-la-versione-di-giuda\/","og_locale":"it_IT","og_type":"article","og_title":"Al via in Calabria le riprese del film \u201cLa versione di Giuda\u201d - Casting News Magazine","og_description":"Sono iniziate in Calabria le riprese del nuovo lungometraggio \"La versione di Giuda\", scritto e diretto da Giulio Base.","og_url":"https:\/\/www.castingnews.eu\/magazine\/2024\/07\/20\/al-via-in-calabria-le-riprese-del-film-la-versione-di-giuda\/","og_site_name":"Casting News Magazine","article_published_time":"2024-07-20T09:42:20+00:00","article_modified_time":"2024-07-20T09:42:23+00:00","og_image":[{"width":1200,"height":800,"url":"https:\/\/www.castingnews.eu\/magazine\/wp-content\/uploads\/2024\/07\/La-versione-di-Giuda.jpg","type":"image\/jpeg"}],"author":"Redazione","twitter_card":"summary_large_image","twitter_misc":{"Scritto da":"Redazione","Tempo di lettura stimato":"3 minuti"},"schema":{"@context":"https:\/\/schema.org","@graph":[{"@type":"Article","@id":"https:\/\/www.castingnews.eu\/magazine\/2024\/07\/20\/al-via-in-calabria-le-riprese-del-film-la-versione-di-giuda\/#article","isPartOf":{"@id":"https:\/\/www.castingnews.eu\/magazine\/2024\/07\/20\/al-via-in-calabria-le-riprese-del-film-la-versione-di-giuda\/"},"author":{"name":"Redazione","@id":"https:\/\/www.castingnews.eu\/magazine\/#\/schema\/person\/099d71c568c9a7e5e4037b1594108f17"},"headline":"Al via in Calabria le riprese del film \u201cLa versione di Giuda\u201d","datePublished":"2024-07-20T09:42:20+00:00","dateModified":"2024-07-20T09:42:23+00:00","mainEntityOfPage":{"@id":"https:\/\/www.castingnews.eu\/magazine\/2024\/07\/20\/al-via-in-calabria-le-riprese-del-film-la-versione-di-giuda\/"},"wordCount":431,"commentCount":0,"image":{"@id":"https:\/\/www.castingnews.eu\/magazine\/2024\/07\/20\/al-via-in-calabria-le-riprese-del-film-la-versione-di-giuda\/#primaryimage"},"thumbnailUrl":"https:\/\/www.castingnews.eu\/magazine\/wp-content\/uploads\/2024\/07\/La-versione-di-Giuda.jpg","keywords":["Abel Ferrara","Agnus Dei Production","Calabria","Calabria Film Commission","Casting Magazine","Casting News","Darko Peric","Giulio Base","John Savage","La versione di Giuda","Minerva Pictures e Agresywna Banda sp z.o.o.","Paz Vega","Rai Cinema","Rupert Everett","Tomasz Kot"],"articleSection":["Calabria","In primo piano","Italia","Primo piano","Progetti cinematografici"],"inLanguage":"it-IT","potentialAction":[{"@type":"CommentAction","name":"Comment","target":["https:\/\/www.castingnews.eu\/magazine\/2024\/07\/20\/al-via-in-calabria-le-riprese-del-film-la-versione-di-giuda\/#respond"]}]},{"@type":"WebPage","@id":"https:\/\/www.castingnews.eu\/magazine\/2024\/07\/20\/al-via-in-calabria-le-riprese-del-film-la-versione-di-giuda\/","url":"https:\/\/www.castingnews.eu\/magazine\/2024\/07\/20\/al-via-in-calabria-le-riprese-del-film-la-versione-di-giuda\/","name":"Al via in Calabria le riprese del film \u201cLa versione di Giuda\u201d - Casting News Magazine","isPartOf":{"@id":"https:\/\/www.castingnews.eu\/magazine\/#website"},"primaryImageOfPage":{"@id":"https:\/\/www.castingnews.eu\/magazine\/2024\/07\/20\/al-via-in-calabria-le-riprese-del-film-la-versione-di-giuda\/#primaryimage"},"image":{"@id":"https:\/\/www.castingnews.eu\/magazine\/2024\/07\/20\/al-via-in-calabria-le-riprese-del-film-la-versione-di-giuda\/#primaryimage"},"thumbnailUrl":"https:\/\/www.castingnews.eu\/magazine\/wp-content\/uploads\/2024\/07\/La-versione-di-Giuda.jpg","datePublished":"2024-07-20T09:42:20+00:00","dateModified":"2024-07-20T09:42:23+00:00","author":{"@id":"https:\/\/www.castingnews.eu\/magazine\/#\/schema\/person\/099d71c568c9a7e5e4037b1594108f17"},"description":"Sono iniziate in Calabria le riprese del nuovo lungometraggio \"La versione di Giuda\", scritto e diretto da Giulio Base.","breadcrumb":{"@id":"https:\/\/www.castingnews.eu\/magazine\/2024\/07\/20\/al-via-in-calabria-le-riprese-del-film-la-versione-di-giuda\/#breadcrumb"},"inLanguage":"it-IT","potentialAction":[{"@type":"ReadAction","target":["https:\/\/www.castingnews.eu\/magazine\/2024\/07\/20\/al-via-in-calabria-le-riprese-del-film-la-versione-di-giuda\/"]}]},{"@type":"ImageObject","inLanguage":"it-IT","@id":"https:\/\/www.castingnews.eu\/magazine\/2024\/07\/20\/al-via-in-calabria-le-riprese-del-film-la-versione-di-giuda\/#primaryimage","url":"https:\/\/www.castingnews.eu\/magazine\/wp-content\/uploads\/2024\/07\/La-versione-di-Giuda.jpg","contentUrl":"https:\/\/www.castingnews.eu\/magazine\/wp-content\/uploads\/2024\/07\/La-versione-di-Giuda.jpg","width":1200,"height":800,"caption":"La versione di Giuda"},{"@type":"BreadcrumbList","@id":"https:\/\/www.castingnews.eu\/magazine\/2024\/07\/20\/al-via-in-calabria-le-riprese-del-film-la-versione-di-giuda\/#breadcrumb","itemListElement":[{"@type":"ListItem","position":1,"name":"Home","item":"https:\/\/www.castingnews.eu\/magazine\/"},{"@type":"ListItem","position":2,"name":"Al via in Calabria le riprese del film \u201cLa versione di Giuda\u201d"}]},{"@type":"WebSite","@id":"https:\/\/www.castingnews.eu\/magazine\/#website","url":"https:\/\/www.castingnews.eu\/magazine\/","name":"Casting News Magazine","description":"News e aggiornamenti sui film, serie tv, teatro e festival italiani ed internazionali","potentialAction":[{"@type":"SearchAction","target":{"@type":"EntryPoint","urlTemplate":"https:\/\/www.castingnews.eu\/magazine\/?s={search_term_string}"},"query-input":{"@type":"PropertyValueSpecification","valueRequired":true,"valueName":"search_term_string"}}],"inLanguage":"it-IT"},{"@type":"Person","@id":"https:\/\/www.castingnews.eu\/magazine\/#\/schema\/person\/099d71c568c9a7e5e4037b1594108f17","name":"Redazione","image":{"@type":"ImageObject","inLanguage":"it-IT","@id":"https:\/\/secure.gravatar.com\/avatar\/b73a087aa3bd279fb70d24f1960a91c82cf67619395b60b564c90e9e5d5325fc?s=96&d=mm&r=g","url":"https:\/\/secure.gravatar.com\/avatar\/b73a087aa3bd279fb70d24f1960a91c82cf67619395b60b564c90e9e5d5325fc?s=96&d=mm&r=g","contentUrl":"https:\/\/secure.gravatar.com\/avatar\/b73a087aa3bd279fb70d24f1960a91c82cf67619395b60b564c90e9e5d5325fc?s=96&d=mm&r=g","caption":"Redazione"},"description":"News e aggiornamenti sui film, serie tv, teatro e festival italiani ed internazionali.","url":"https:\/\/www.castingnews.eu\/magazine\/author\/redazione\/"}]}},"_links":{"self":[{"href":"https:\/\/www.castingnews.eu\/magazine\/wp-json\/wp\/v2\/posts\/8606","targetHints":{"allow":["GET"]}}],"collection":[{"href":"https:\/\/www.castingnews.eu\/magazine\/wp-json\/wp\/v2\/posts"}],"about":[{"href":"https:\/\/www.castingnews.eu\/magazine\/wp-json\/wp\/v2\/types\/post"}],"author":[{"embeddable":true,"href":"https:\/\/www.castingnews.eu\/magazine\/wp-json\/wp\/v2\/users\/1"}],"replies":[{"embeddable":true,"href":"https:\/\/www.castingnews.eu\/magazine\/wp-json\/wp\/v2\/comments?post=8606"}],"version-history":[{"count":1,"href":"https:\/\/www.castingnews.eu\/magazine\/wp-json\/wp\/v2\/posts\/8606\/revisions"}],"predecessor-version":[{"id":8609,"href":"https:\/\/www.castingnews.eu\/magazine\/wp-json\/wp\/v2\/posts\/8606\/revisions\/8609"}],"wp:featuredmedia":[{"embeddable":true,"href":"https:\/\/www.castingnews.eu\/magazine\/wp-json\/wp\/v2\/media\/8607"}],"wp:attachment":[{"href":"https:\/\/www.castingnews.eu\/magazine\/wp-json\/wp\/v2\/media?parent=8606"}],"wp:term":[{"taxonomy":"category","embeddable":true,"href":"https:\/\/www.castingnews.eu\/magazine\/wp-json\/wp\/v2\/categories?post=8606"},{"taxonomy":"post_tag","embeddable":true,"href":"https:\/\/www.castingnews.eu\/magazine\/wp-json\/wp\/v2\/tags?post=8606"}],"curies":[{"name":"wp","href":"https:\/\/api.w.org\/{rel}","templated":true}]}}