{"id":8523,"date":"2024-07-04T17:25:34","date_gmt":"2024-07-04T15:25:34","guid":{"rendered":"https:\/\/www.castingnews.eu\/magazine\/?p=8523"},"modified":"2024-07-04T18:39:18","modified_gmt":"2024-07-04T16:39:18","slug":"al-via-il-viaggio-dello-speciale-intercity-un-film-lungo-70-anni-dedicato-al-taormina-film-festival-2024","status":"publish","type":"post","link":"https:\/\/www.castingnews.eu\/magazine\/2024\/07\/04\/al-via-il-viaggio-dello-speciale-intercity-un-film-lungo-70-anni-dedicato-al-taormina-film-festival-2024\/","title":{"rendered":"Al via il viaggio dello speciale InterCity \u201cUn film lungo 70 anni\u201d dedicato al Taormina Film Festival 2024"},"content":{"rendered":"\n<p><strong>Roma, 4 luglio 2024<\/strong> \u2013 <strong>Il Taormina Film Festival<\/strong>, giunto alla sua 70\u00b0 edizione dal 12 al 19 luglio 2024, ha inaugurato questa mattina, insieme a <strong>Intercity<\/strong>, Main Partner del Festival, uno speciale treno InterCity di Trenitalia. Trenitalia, capofila del Polo Passeggeri del Gruppo FS, ha decorato interamente il treno, sia all&#8217;esterno che all&#8217;interno, con ritratti degli attori e registi nazionali e internazionali pi\u00f9 celebri, trasformandolo in una vera e propria <strong>\u201chall of fame\u201d <\/strong>viaggiante. Questa iniziativa mira a portare la magia del grande schermo anche sulle rotaie.<br><br>Al binario 25 erano presenti importanti personalit\u00e0, tra cui Stefano Cuzzilla, Presidente di Trenitalia, Domenico Scida, Direttore Business Intercity, Sergio Bonomo, Commissario Straordinario della Fondazione Taormina Arte Sicilia, Elvira Amata, Assessore al Turismo, Sport e Spettacolo della Regione Siciliana, Marco M\u00fcller, Direttore Artistico del Taormina Film Festival, e Gianna Fratta, Direttrice Artistica della Fondazione Taormina Arte Sicilia. Questo sodalizio punta a promuovere il cinema, la cultura, l\u2019arte e il turismo.<\/p><div class=\"6d3639e8c6ac292cde400fad8ff8a5b9\" data-index=\"1\" style=\"float: none; margin:10px 0 10px 0; text-align:center;\">\n<script async src=\"\/\/pagead2.googlesyndication.com\/pagead\/js\/adsbygoogle.js\"><\/script>\r\n<!-- Casting Bambini NEW -->\r\n<ins class=\"adsbygoogle\"\r\n     style=\"display:inline-block;width:336px;height:280px\"\r\n     data-ad-client=\"ca-pub-5538097485429833\"\r\n     data-ad-slot=\"5127154445\"><\/ins>\r\n<script>\r\n(adsbygoogle = window.adsbygoogle || []).push({});\r\n<\/script>\n<\/div>\n\n\n\n\n<p><strong>Chiara Francini<\/strong>, attrice, scrittrice e produttrice, sar\u00e0 la madrina del primo viaggio del treno speciale. Francini presenter\u00e0 al Taormina Film Festival una versione teatrale\/multimediale de &#8220;L\u2019amore segreto di Ofelia&#8221;, pi\u00e8ce del drammaturgo e attore cinematografico Steven Berkoff, diretta da Luigi De Angelis, il 19 luglio alle 21 sul palcoscenico del Teatro Antico.<br>Elvira Amata, Assessore Regionale al Turismo, Sport e Spettacolo della Regione Siciliana, ha dichiarato: &#8220;Questa \u00e8 un\u2019ulteriore occasione di significativa promozione del Taormina Film Festival, che si aggiunge alla stretta sinergia gi\u00e0 avviata con Trenitalia. Sono certa che contribuir\u00e0 a regalare emozioni suggestive ai viaggiatori e a valorizzare il segmento cinematografico attraverso nuovi strumenti immersivi.&#8221;<\/p>\n\n\n\n<figure class=\"wp-block-image size-large\"><img loading=\"lazy\" decoding=\"async\" width=\"1024\" height=\"684\" src=\"https:\/\/www.castingnews.eu\/magazine\/wp-content\/uploads\/2024\/07\/Intercity-dedicato-al-Taormina-Film-Festival-1024x684.jpg\" alt=\"\" class=\"wp-image-8525\" srcset=\"https:\/\/www.castingnews.eu\/magazine\/wp-content\/uploads\/2024\/07\/Intercity-dedicato-al-Taormina-Film-Festival-1024x684.jpg 1024w, https:\/\/www.castingnews.eu\/magazine\/wp-content\/uploads\/2024\/07\/Intercity-dedicato-al-Taormina-Film-Festival-300x201.jpg 300w, https:\/\/www.castingnews.eu\/magazine\/wp-content\/uploads\/2024\/07\/Intercity-dedicato-al-Taormina-Film-Festival-768x513.jpg 768w, https:\/\/www.castingnews.eu\/magazine\/wp-content\/uploads\/2024\/07\/Intercity-dedicato-al-Taormina-Film-Festival-628x420.jpg 628w, https:\/\/www.castingnews.eu\/magazine\/wp-content\/uploads\/2024\/07\/Intercity-dedicato-al-Taormina-Film-Festival-696x465.jpg 696w, https:\/\/www.castingnews.eu\/magazine\/wp-content\/uploads\/2024\/07\/Intercity-dedicato-al-Taormina-Film-Festival-1068x714.jpg 1068w, https:\/\/www.castingnews.eu\/magazine\/wp-content\/uploads\/2024\/07\/Intercity-dedicato-al-Taormina-Film-Festival.jpg 1200w\" sizes=\"auto, (max-width: 1024px) 100vw, 1024px\" \/><\/figure>\n\n\n\n<p>Il treno speciale collegher\u00e0 Roma e la Sicilia dalla prima settimana di luglio fino a settembre. Gli interni dei vagoni sono decorati con scatti e grafiche della mostra, creando un&#8217;esperienza immersiva per i passeggeri. Durante il viaggio, le due carrozze si separeranno all\u2019attraversamento dello Stretto di Messina, dirigendosi verso Palermo e Siracusa, diffondendo cos\u00ec l&#8217;arte cinematografica il pi\u00f9 ampiamente possibile. Attualmente, ci sono 4 Intercity Giorno e 6 Intercity Notte che arrivano quotidianamente in Sicilia, garantendo accessibilit\u00e0 e continuit\u00e0 territoriale con una delle operazioni di trasporto intermodale pi\u00f9 affascinanti in Europa.<br>Il Taormina Film Festival \u00e8 promosso dall\u2019<strong>Assessorato del Turismo dello Sport e dello Spettacolo della Regione Siciliana\u00a0<\/strong>e organizzato dalla\u00a0<strong>Fondazione Taormina Arte Sicilia\u00a0<\/strong>con il sostegno della\u00a0<strong>Sicilia Film Commission<\/strong>, del\u00a0<strong>Comune di Taormina<\/strong>\u00a0e del\u00a0<strong>MiC, Ministero della Cultura \u2013 Direzione Generale cinema e audiovisivo<\/strong>.<\/p>\n\n\n\n<p>Iscriviti alla <strong><a href=\"https:\/\/www.castingnewsletter.eu\/CastingNewsPro\/\" target=\"_blank\" rel=\"noreferrer noopener\">newsletter giornaliera<\/a><\/strong> di Casting News Professional per ricevere le ultime notizie sui casting aperti, provini e audizioni.<\/p>\n\n<div style=\"font-size: 0px; height: 0px; line-height: 0px; margin: 0; padding: 0; clear: both;\"><\/div>","protected":false},"excerpt":{"rendered":"<p>Roma, 4 luglio 2024 \u2013 Il Taormina Film Festival, giunto alla sua 70\u00b0 edizione dal 12 al 19 luglio 2024, ha inaugurato questa mattina, insieme a Intercity, Main Partner del Festival, uno speciale treno InterCity di Trenitalia. Trenitalia, capofila del Polo Passeggeri del Gruppo FS, ha decorato interamente il treno, sia all&#8217;esterno che all&#8217;interno, con [&hellip;]<\/p>\n","protected":false},"author":1,"featured_media":8524,"comment_status":"open","ping_status":"open","sticky":false,"template":"","format":"standard","meta":{"tdm_status":"","tdm_grid_status":"","footnotes":""},"categories":[10,11,1533],"tags":[272,273,4909,5949,1193,1776,5947,5948,5950],"class_list":{"0":"post-8523","1":"post","2":"type-post","3":"status-publish","4":"format-standard","5":"has-post-thumbnail","7":"category-eventi","8":"category-festival","9":"category-featured","10":"tag-casting-magazine","11":"tag-casting-news","12":"tag-chiara-francini","13":"tag-intercity","14":"tag-roma","15":"tag-sicilia","16":"tag-taormina-film-festival-2024","17":"tag-termini","18":"tag-un-film-lungo-70-anni"},"yoast_head":"<!-- This site is optimized with the Yoast SEO plugin v27.4 - https:\/\/yoast.com\/product\/yoast-seo-wordpress\/ -->\r\n<title>Al via il viaggio dello speciale InterCity \u201cUn film lungo 70 anni\u201d dedicato al Taormina Film Festival 2024 - Casting News Magazine<\/title>\r\n<meta name=\"description\" content=\"A varare il primo treno, con il suo brio e la sua vivacit\u00e0, sar\u00e0 l\u2019attrice, scrittrice e produttrice Chiara Francini.\" \/>\r\n<meta name=\"robots\" content=\"index, follow, max-snippet:-1, max-image-preview:large, max-video-preview:-1\" \/>\r\n<link rel=\"canonical\" href=\"https:\/\/www.castingnews.eu\/magazine\/2024\/07\/04\/al-via-il-viaggio-dello-speciale-intercity-un-film-lungo-70-anni-dedicato-al-taormina-film-festival-2024\/\" \/>\r\n<meta property=\"og:locale\" content=\"it_IT\" \/>\r\n<meta property=\"og:type\" content=\"article\" \/>\r\n<meta property=\"og:title\" content=\"Al via il viaggio dello speciale InterCity \u201cUn film lungo 70 anni\u201d dedicato al Taormina Film Festival 2024 - Casting News Magazine\" \/>\r\n<meta property=\"og:description\" content=\"A varare il primo treno, con il suo brio e la sua vivacit\u00e0, sar\u00e0 l\u2019attrice, scrittrice e produttrice Chiara Francini.\" \/>\r\n<meta property=\"og:url\" content=\"https:\/\/www.castingnews.eu\/magazine\/2024\/07\/04\/al-via-il-viaggio-dello-speciale-intercity-un-film-lungo-70-anni-dedicato-al-taormina-film-festival-2024\/\" \/>\r\n<meta property=\"og:site_name\" content=\"Casting News Magazine\" \/>\r\n<meta property=\"article:published_time\" content=\"2024-07-04T15:25:34+00:00\" \/>\r\n<meta property=\"article:modified_time\" content=\"2024-07-04T16:39:18+00:00\" \/>\r\n<meta property=\"og:image\" content=\"https:\/\/www.castingnews.eu\/magazine\/wp-content\/uploads\/2024\/07\/Presentazione-Intercity-dedicato-al-Taormina-Film-Festival-min.jpg\" \/>\r\n\t<meta property=\"og:image:width\" content=\"1200\" \/>\r\n\t<meta property=\"og:image:height\" content=\"801\" \/>\r\n\t<meta property=\"og:image:type\" content=\"image\/jpeg\" \/>\r\n<meta name=\"author\" content=\"Redazione\" \/>\r\n<meta name=\"twitter:card\" content=\"summary_large_image\" \/>\r\n<meta name=\"twitter:label1\" content=\"Scritto da\" \/>\n\t<meta name=\"twitter:data1\" content=\"Redazione\" \/>\n\t<meta name=\"twitter:label2\" content=\"Tempo di lettura stimato\" \/>\n\t<meta name=\"twitter:data2\" content=\"3 minuti\" \/>\r\n<script type=\"application\/ld+json\" class=\"yoast-schema-graph\">{\"@context\":\"https:\\\/\\\/schema.org\",\"@graph\":[{\"@type\":\"Article\",\"@id\":\"https:\\\/\\\/www.castingnews.eu\\\/magazine\\\/2024\\\/07\\\/04\\\/al-via-il-viaggio-dello-speciale-intercity-un-film-lungo-70-anni-dedicato-al-taormina-film-festival-2024\\\/#article\",\"isPartOf\":{\"@id\":\"https:\\\/\\\/www.castingnews.eu\\\/magazine\\\/2024\\\/07\\\/04\\\/al-via-il-viaggio-dello-speciale-intercity-un-film-lungo-70-anni-dedicato-al-taormina-film-festival-2024\\\/\"},\"author\":{\"name\":\"Redazione\",\"@id\":\"https:\\\/\\\/www.castingnews.eu\\\/magazine\\\/#\\\/schema\\\/person\\\/099d71c568c9a7e5e4037b1594108f17\"},\"headline\":\"Al via il viaggio dello speciale InterCity \u201cUn film lungo 70 anni\u201d dedicato al Taormina Film Festival 2024\",\"datePublished\":\"2024-07-04T15:25:34+00:00\",\"dateModified\":\"2024-07-04T16:39:18+00:00\",\"mainEntityOfPage\":{\"@id\":\"https:\\\/\\\/www.castingnews.eu\\\/magazine\\\/2024\\\/07\\\/04\\\/al-via-il-viaggio-dello-speciale-intercity-un-film-lungo-70-anni-dedicato-al-taormina-film-festival-2024\\\/\"},\"wordCount\":435,\"commentCount\":0,\"image\":{\"@id\":\"https:\\\/\\\/www.castingnews.eu\\\/magazine\\\/2024\\\/07\\\/04\\\/al-via-il-viaggio-dello-speciale-intercity-un-film-lungo-70-anni-dedicato-al-taormina-film-festival-2024\\\/#primaryimage\"},\"thumbnailUrl\":\"https:\\\/\\\/www.castingnews.eu\\\/magazine\\\/wp-content\\\/uploads\\\/2024\\\/07\\\/Presentazione-Intercity-dedicato-al-Taormina-Film-Festival-min.jpg\",\"keywords\":[\"Casting Magazine\",\"Casting News\",\"Chiara Francini\",\"InterCity\",\"Roma\",\"Sicilia\",\"Taormina Film Festival 2024\",\"Termini\",\"Un film lungo 70 anni\"],\"articleSection\":[\"Eventi\",\"Festival\",\"In primo piano\"],\"inLanguage\":\"it-IT\",\"potentialAction\":[{\"@type\":\"CommentAction\",\"name\":\"Comment\",\"target\":[\"https:\\\/\\\/www.castingnews.eu\\\/magazine\\\/2024\\\/07\\\/04\\\/al-via-il-viaggio-dello-speciale-intercity-un-film-lungo-70-anni-dedicato-al-taormina-film-festival-2024\\\/#respond\"]}]},{\"@type\":\"WebPage\",\"@id\":\"https:\\\/\\\/www.castingnews.eu\\\/magazine\\\/2024\\\/07\\\/04\\\/al-via-il-viaggio-dello-speciale-intercity-un-film-lungo-70-anni-dedicato-al-taormina-film-festival-2024\\\/\",\"url\":\"https:\\\/\\\/www.castingnews.eu\\\/magazine\\\/2024\\\/07\\\/04\\\/al-via-il-viaggio-dello-speciale-intercity-un-film-lungo-70-anni-dedicato-al-taormina-film-festival-2024\\\/\",\"name\":\"Al via il viaggio dello speciale InterCity \u201cUn film lungo 70 anni\u201d dedicato al Taormina Film Festival 2024 - Casting News Magazine\",\"isPartOf\":{\"@id\":\"https:\\\/\\\/www.castingnews.eu\\\/magazine\\\/#website\"},\"primaryImageOfPage\":{\"@id\":\"https:\\\/\\\/www.castingnews.eu\\\/magazine\\\/2024\\\/07\\\/04\\\/al-via-il-viaggio-dello-speciale-intercity-un-film-lungo-70-anni-dedicato-al-taormina-film-festival-2024\\\/#primaryimage\"},\"image\":{\"@id\":\"https:\\\/\\\/www.castingnews.eu\\\/magazine\\\/2024\\\/07\\\/04\\\/al-via-il-viaggio-dello-speciale-intercity-un-film-lungo-70-anni-dedicato-al-taormina-film-festival-2024\\\/#primaryimage\"},\"thumbnailUrl\":\"https:\\\/\\\/www.castingnews.eu\\\/magazine\\\/wp-content\\\/uploads\\\/2024\\\/07\\\/Presentazione-Intercity-dedicato-al-Taormina-Film-Festival-min.jpg\",\"datePublished\":\"2024-07-04T15:25:34+00:00\",\"dateModified\":\"2024-07-04T16:39:18+00:00\",\"author\":{\"@id\":\"https:\\\/\\\/www.castingnews.eu\\\/magazine\\\/#\\\/schema\\\/person\\\/099d71c568c9a7e5e4037b1594108f17\"},\"description\":\"A varare il primo treno, con il suo brio e la sua vivacit\u00e0, sar\u00e0 l\u2019attrice, scrittrice e produttrice Chiara Francini.\",\"breadcrumb\":{\"@id\":\"https:\\\/\\\/www.castingnews.eu\\\/magazine\\\/2024\\\/07\\\/04\\\/al-via-il-viaggio-dello-speciale-intercity-un-film-lungo-70-anni-dedicato-al-taormina-film-festival-2024\\\/#breadcrumb\"},\"inLanguage\":\"it-IT\",\"potentialAction\":[{\"@type\":\"ReadAction\",\"target\":[\"https:\\\/\\\/www.castingnews.eu\\\/magazine\\\/2024\\\/07\\\/04\\\/al-via-il-viaggio-dello-speciale-intercity-un-film-lungo-70-anni-dedicato-al-taormina-film-festival-2024\\\/\"]}]},{\"@type\":\"ImageObject\",\"inLanguage\":\"it-IT\",\"@id\":\"https:\\\/\\\/www.castingnews.eu\\\/magazine\\\/2024\\\/07\\\/04\\\/al-via-il-viaggio-dello-speciale-intercity-un-film-lungo-70-anni-dedicato-al-taormina-film-festival-2024\\\/#primaryimage\",\"url\":\"https:\\\/\\\/www.castingnews.eu\\\/magazine\\\/wp-content\\\/uploads\\\/2024\\\/07\\\/Presentazione-Intercity-dedicato-al-Taormina-Film-Festival-min.jpg\",\"contentUrl\":\"https:\\\/\\\/www.castingnews.eu\\\/magazine\\\/wp-content\\\/uploads\\\/2024\\\/07\\\/Presentazione-Intercity-dedicato-al-Taormina-Film-Festival-min.jpg\",\"width\":1200,\"height\":801,\"caption\":\"Presentazione Intercity dedicato al Taormina Film Festival\"},{\"@type\":\"BreadcrumbList\",\"@id\":\"https:\\\/\\\/www.castingnews.eu\\\/magazine\\\/2024\\\/07\\\/04\\\/al-via-il-viaggio-dello-speciale-intercity-un-film-lungo-70-anni-dedicato-al-taormina-film-festival-2024\\\/#breadcrumb\",\"itemListElement\":[{\"@type\":\"ListItem\",\"position\":1,\"name\":\"Home\",\"item\":\"https:\\\/\\\/www.castingnews.eu\\\/magazine\\\/\"},{\"@type\":\"ListItem\",\"position\":2,\"name\":\"Al via il viaggio dello speciale InterCity \u201cUn film lungo 70 anni\u201d dedicato al Taormina Film Festival 2024\"}]},{\"@type\":\"WebSite\",\"@id\":\"https:\\\/\\\/www.castingnews.eu\\\/magazine\\\/#website\",\"url\":\"https:\\\/\\\/www.castingnews.eu\\\/magazine\\\/\",\"name\":\"Casting News Magazine\",\"description\":\"News e aggiornamenti sui film, serie tv, teatro e festival italiani ed internazionali\",\"potentialAction\":[{\"@type\":\"SearchAction\",\"target\":{\"@type\":\"EntryPoint\",\"urlTemplate\":\"https:\\\/\\\/www.castingnews.eu\\\/magazine\\\/?s={search_term_string}\"},\"query-input\":{\"@type\":\"PropertyValueSpecification\",\"valueRequired\":true,\"valueName\":\"search_term_string\"}}],\"inLanguage\":\"it-IT\"},{\"@type\":\"Person\",\"@id\":\"https:\\\/\\\/www.castingnews.eu\\\/magazine\\\/#\\\/schema\\\/person\\\/099d71c568c9a7e5e4037b1594108f17\",\"name\":\"Redazione\",\"image\":{\"@type\":\"ImageObject\",\"inLanguage\":\"it-IT\",\"@id\":\"https:\\\/\\\/secure.gravatar.com\\\/avatar\\\/b73a087aa3bd279fb70d24f1960a91c82cf67619395b60b564c90e9e5d5325fc?s=96&d=mm&r=g\",\"url\":\"https:\\\/\\\/secure.gravatar.com\\\/avatar\\\/b73a087aa3bd279fb70d24f1960a91c82cf67619395b60b564c90e9e5d5325fc?s=96&d=mm&r=g\",\"contentUrl\":\"https:\\\/\\\/secure.gravatar.com\\\/avatar\\\/b73a087aa3bd279fb70d24f1960a91c82cf67619395b60b564c90e9e5d5325fc?s=96&d=mm&r=g\",\"caption\":\"Redazione\"},\"description\":\"News e aggiornamenti sui film, serie tv, teatro e festival italiani ed internazionali.\",\"url\":\"https:\\\/\\\/www.castingnews.eu\\\/magazine\\\/author\\\/redazione\\\/\"}]}<\/script>\r\n<!-- \/ Yoast SEO plugin. -->","yoast_head_json":{"title":"Al via il viaggio dello speciale InterCity \u201cUn film lungo 70 anni\u201d dedicato al Taormina Film Festival 2024 - Casting News Magazine","description":"A varare il primo treno, con il suo brio e la sua vivacit\u00e0, sar\u00e0 l\u2019attrice, scrittrice e produttrice Chiara Francini.","robots":{"index":"index","follow":"follow","max-snippet":"max-snippet:-1","max-image-preview":"max-image-preview:large","max-video-preview":"max-video-preview:-1"},"canonical":"https:\/\/www.castingnews.eu\/magazine\/2024\/07\/04\/al-via-il-viaggio-dello-speciale-intercity-un-film-lungo-70-anni-dedicato-al-taormina-film-festival-2024\/","og_locale":"it_IT","og_type":"article","og_title":"Al via il viaggio dello speciale InterCity \u201cUn film lungo 70 anni\u201d dedicato al Taormina Film Festival 2024 - Casting News Magazine","og_description":"A varare il primo treno, con il suo brio e la sua vivacit\u00e0, sar\u00e0 l\u2019attrice, scrittrice e produttrice Chiara Francini.","og_url":"https:\/\/www.castingnews.eu\/magazine\/2024\/07\/04\/al-via-il-viaggio-dello-speciale-intercity-un-film-lungo-70-anni-dedicato-al-taormina-film-festival-2024\/","og_site_name":"Casting News Magazine","article_published_time":"2024-07-04T15:25:34+00:00","article_modified_time":"2024-07-04T16:39:18+00:00","og_image":[{"width":1200,"height":801,"url":"https:\/\/www.castingnews.eu\/magazine\/wp-content\/uploads\/2024\/07\/Presentazione-Intercity-dedicato-al-Taormina-Film-Festival-min.jpg","type":"image\/jpeg"}],"author":"Redazione","twitter_card":"summary_large_image","twitter_misc":{"Scritto da":"Redazione","Tempo di lettura stimato":"3 minuti"},"schema":{"@context":"https:\/\/schema.org","@graph":[{"@type":"Article","@id":"https:\/\/www.castingnews.eu\/magazine\/2024\/07\/04\/al-via-il-viaggio-dello-speciale-intercity-un-film-lungo-70-anni-dedicato-al-taormina-film-festival-2024\/#article","isPartOf":{"@id":"https:\/\/www.castingnews.eu\/magazine\/2024\/07\/04\/al-via-il-viaggio-dello-speciale-intercity-un-film-lungo-70-anni-dedicato-al-taormina-film-festival-2024\/"},"author":{"name":"Redazione","@id":"https:\/\/www.castingnews.eu\/magazine\/#\/schema\/person\/099d71c568c9a7e5e4037b1594108f17"},"headline":"Al via il viaggio dello speciale InterCity \u201cUn film lungo 70 anni\u201d dedicato al Taormina Film Festival 2024","datePublished":"2024-07-04T15:25:34+00:00","dateModified":"2024-07-04T16:39:18+00:00","mainEntityOfPage":{"@id":"https:\/\/www.castingnews.eu\/magazine\/2024\/07\/04\/al-via-il-viaggio-dello-speciale-intercity-un-film-lungo-70-anni-dedicato-al-taormina-film-festival-2024\/"},"wordCount":435,"commentCount":0,"image":{"@id":"https:\/\/www.castingnews.eu\/magazine\/2024\/07\/04\/al-via-il-viaggio-dello-speciale-intercity-un-film-lungo-70-anni-dedicato-al-taormina-film-festival-2024\/#primaryimage"},"thumbnailUrl":"https:\/\/www.castingnews.eu\/magazine\/wp-content\/uploads\/2024\/07\/Presentazione-Intercity-dedicato-al-Taormina-Film-Festival-min.jpg","keywords":["Casting Magazine","Casting News","Chiara Francini","InterCity","Roma","Sicilia","Taormina Film Festival 2024","Termini","Un film lungo 70 anni"],"articleSection":["Eventi","Festival","In primo piano"],"inLanguage":"it-IT","potentialAction":[{"@type":"CommentAction","name":"Comment","target":["https:\/\/www.castingnews.eu\/magazine\/2024\/07\/04\/al-via-il-viaggio-dello-speciale-intercity-un-film-lungo-70-anni-dedicato-al-taormina-film-festival-2024\/#respond"]}]},{"@type":"WebPage","@id":"https:\/\/www.castingnews.eu\/magazine\/2024\/07\/04\/al-via-il-viaggio-dello-speciale-intercity-un-film-lungo-70-anni-dedicato-al-taormina-film-festival-2024\/","url":"https:\/\/www.castingnews.eu\/magazine\/2024\/07\/04\/al-via-il-viaggio-dello-speciale-intercity-un-film-lungo-70-anni-dedicato-al-taormina-film-festival-2024\/","name":"Al via il viaggio dello speciale InterCity \u201cUn film lungo 70 anni\u201d dedicato al Taormina Film Festival 2024 - Casting News Magazine","isPartOf":{"@id":"https:\/\/www.castingnews.eu\/magazine\/#website"},"primaryImageOfPage":{"@id":"https:\/\/www.castingnews.eu\/magazine\/2024\/07\/04\/al-via-il-viaggio-dello-speciale-intercity-un-film-lungo-70-anni-dedicato-al-taormina-film-festival-2024\/#primaryimage"},"image":{"@id":"https:\/\/www.castingnews.eu\/magazine\/2024\/07\/04\/al-via-il-viaggio-dello-speciale-intercity-un-film-lungo-70-anni-dedicato-al-taormina-film-festival-2024\/#primaryimage"},"thumbnailUrl":"https:\/\/www.castingnews.eu\/magazine\/wp-content\/uploads\/2024\/07\/Presentazione-Intercity-dedicato-al-Taormina-Film-Festival-min.jpg","datePublished":"2024-07-04T15:25:34+00:00","dateModified":"2024-07-04T16:39:18+00:00","author":{"@id":"https:\/\/www.castingnews.eu\/magazine\/#\/schema\/person\/099d71c568c9a7e5e4037b1594108f17"},"description":"A varare il primo treno, con il suo brio e la sua vivacit\u00e0, sar\u00e0 l\u2019attrice, scrittrice e produttrice Chiara Francini.","breadcrumb":{"@id":"https:\/\/www.castingnews.eu\/magazine\/2024\/07\/04\/al-via-il-viaggio-dello-speciale-intercity-un-film-lungo-70-anni-dedicato-al-taormina-film-festival-2024\/#breadcrumb"},"inLanguage":"it-IT","potentialAction":[{"@type":"ReadAction","target":["https:\/\/www.castingnews.eu\/magazine\/2024\/07\/04\/al-via-il-viaggio-dello-speciale-intercity-un-film-lungo-70-anni-dedicato-al-taormina-film-festival-2024\/"]}]},{"@type":"ImageObject","inLanguage":"it-IT","@id":"https:\/\/www.castingnews.eu\/magazine\/2024\/07\/04\/al-via-il-viaggio-dello-speciale-intercity-un-film-lungo-70-anni-dedicato-al-taormina-film-festival-2024\/#primaryimage","url":"https:\/\/www.castingnews.eu\/magazine\/wp-content\/uploads\/2024\/07\/Presentazione-Intercity-dedicato-al-Taormina-Film-Festival-min.jpg","contentUrl":"https:\/\/www.castingnews.eu\/magazine\/wp-content\/uploads\/2024\/07\/Presentazione-Intercity-dedicato-al-Taormina-Film-Festival-min.jpg","width":1200,"height":801,"caption":"Presentazione Intercity dedicato al Taormina Film Festival"},{"@type":"BreadcrumbList","@id":"https:\/\/www.castingnews.eu\/magazine\/2024\/07\/04\/al-via-il-viaggio-dello-speciale-intercity-un-film-lungo-70-anni-dedicato-al-taormina-film-festival-2024\/#breadcrumb","itemListElement":[{"@type":"ListItem","position":1,"name":"Home","item":"https:\/\/www.castingnews.eu\/magazine\/"},{"@type":"ListItem","position":2,"name":"Al via il viaggio dello speciale InterCity \u201cUn film lungo 70 anni\u201d dedicato al Taormina Film Festival 2024"}]},{"@type":"WebSite","@id":"https:\/\/www.castingnews.eu\/magazine\/#website","url":"https:\/\/www.castingnews.eu\/magazine\/","name":"Casting News Magazine","description":"News e aggiornamenti sui film, serie tv, teatro e festival italiani ed internazionali","potentialAction":[{"@type":"SearchAction","target":{"@type":"EntryPoint","urlTemplate":"https:\/\/www.castingnews.eu\/magazine\/?s={search_term_string}"},"query-input":{"@type":"PropertyValueSpecification","valueRequired":true,"valueName":"search_term_string"}}],"inLanguage":"it-IT"},{"@type":"Person","@id":"https:\/\/www.castingnews.eu\/magazine\/#\/schema\/person\/099d71c568c9a7e5e4037b1594108f17","name":"Redazione","image":{"@type":"ImageObject","inLanguage":"it-IT","@id":"https:\/\/secure.gravatar.com\/avatar\/b73a087aa3bd279fb70d24f1960a91c82cf67619395b60b564c90e9e5d5325fc?s=96&d=mm&r=g","url":"https:\/\/secure.gravatar.com\/avatar\/b73a087aa3bd279fb70d24f1960a91c82cf67619395b60b564c90e9e5d5325fc?s=96&d=mm&r=g","contentUrl":"https:\/\/secure.gravatar.com\/avatar\/b73a087aa3bd279fb70d24f1960a91c82cf67619395b60b564c90e9e5d5325fc?s=96&d=mm&r=g","caption":"Redazione"},"description":"News e aggiornamenti sui film, serie tv, teatro e festival italiani ed internazionali.","url":"https:\/\/www.castingnews.eu\/magazine\/author\/redazione\/"}]}},"_links":{"self":[{"href":"https:\/\/www.castingnews.eu\/magazine\/wp-json\/wp\/v2\/posts\/8523","targetHints":{"allow":["GET"]}}],"collection":[{"href":"https:\/\/www.castingnews.eu\/magazine\/wp-json\/wp\/v2\/posts"}],"about":[{"href":"https:\/\/www.castingnews.eu\/magazine\/wp-json\/wp\/v2\/types\/post"}],"author":[{"embeddable":true,"href":"https:\/\/www.castingnews.eu\/magazine\/wp-json\/wp\/v2\/users\/1"}],"replies":[{"embeddable":true,"href":"https:\/\/www.castingnews.eu\/magazine\/wp-json\/wp\/v2\/comments?post=8523"}],"version-history":[{"count":1,"href":"https:\/\/www.castingnews.eu\/magazine\/wp-json\/wp\/v2\/posts\/8523\/revisions"}],"predecessor-version":[{"id":8526,"href":"https:\/\/www.castingnews.eu\/magazine\/wp-json\/wp\/v2\/posts\/8523\/revisions\/8526"}],"wp:featuredmedia":[{"embeddable":true,"href":"https:\/\/www.castingnews.eu\/magazine\/wp-json\/wp\/v2\/media\/8524"}],"wp:attachment":[{"href":"https:\/\/www.castingnews.eu\/magazine\/wp-json\/wp\/v2\/media?parent=8523"}],"wp:term":[{"taxonomy":"category","embeddable":true,"href":"https:\/\/www.castingnews.eu\/magazine\/wp-json\/wp\/v2\/categories?post=8523"},{"taxonomy":"post_tag","embeddable":true,"href":"https:\/\/www.castingnews.eu\/magazine\/wp-json\/wp\/v2\/tags?post=8523"}],"curies":[{"name":"wp","href":"https:\/\/api.w.org\/{rel}","templated":true}]}}