{"id":8384,"date":"2024-06-09T16:55:46","date_gmt":"2024-06-09T14:55:46","guid":{"rendered":"https:\/\/www.castingnews.eu\/magazine\/?p=8384"},"modified":"2024-06-09T16:55:48","modified_gmt":"2024-06-09T14:55:48","slug":"casting-comparse-per-nuova-serie-tv-in-emilia-romagna","status":"publish","type":"post","link":"https:\/\/www.castingnews.eu\/magazine\/2024\/06\/09\/casting-comparse-per-nuova-serie-tv-in-emilia-romagna\/","title":{"rendered":"Casting Comparse per Nuova Serie TV in Emilia-Romagna"},"content":{"rendered":"\n<p>Per una nuova <strong><a href=\"https:\/\/www.castingnews.eu\/news\/news.asp?id_news=11174&amp;id_cat=1\">serie televisiva<\/a><\/strong>, che sar\u00e0 girata in<strong> Emilia-Romagna<\/strong>, la produzione \u00e8 alla ricerca di <strong>comparse <\/strong>per le riprese che si terranno dal 15 luglio al 5 agosto. Le splendide citt\u00e0 di <strong>Ferrara<\/strong>, <strong>Comacchio <\/strong>e <strong>Ravenna<\/strong> ospiteranno il set di questa produzione.<br>Questa \u00e8 un&#8217;opportunit\u00e0 unica per essere parte di un entusiasmante progetto televisivo e vivere un&#8217;esperienza indimenticabile nelle affascinanti citt\u00e0 dell\u2019<strong>Emilia-Romagna<\/strong>!<\/p><div class=\"6d3639e8c6ac292cde400fad8ff8a5b9\" data-index=\"1\" style=\"float: none; margin:10px 0 10px 0; text-align:center;\">\n<script async src=\"\/\/pagead2.googlesyndication.com\/pagead\/js\/adsbygoogle.js\"><\/script>\r\n<!-- Casting Bambini NEW -->\r\n<ins class=\"adsbygoogle\"\r\n     style=\"display:inline-block;width:336px;height:280px\"\r\n     data-ad-client=\"ca-pub-5538097485429833\"\r\n     data-ad-slot=\"5127154445\"><\/ins>\r\n<script>\r\n(adsbygoogle = window.adsbygoogle || []).push({});\r\n<\/script>\n<\/div>\n\n\n\n\n<p>Il casting \u00e8 aperto per i seguenti profili:<br>&#8211; Uomini e donne tra i 25 e i 45 anni, di corporatura atletica ma non muscolosa, con taglia abito regolare.<br>&#8211; Uomini tra i 35 e i 75 anni, con un volto dall\u2019aspetto antico, ideali per ruoli da ecclesiastico.<br>&#8211; Ragazzi e ragazze maggiorenni con un look \u201csuper-fighetto\u201d.<br>&#8211; Giovani con uno stile alternativo, caratterizzato da tatuaggi, piercing e capelli colorati.<br>&#8211; Persone di nazionalit\u00e0 ed et\u00e0 diverse per una scena che rappresenti la diversit\u00e0 culturale.<br>&#8211; Musicisti di strada e venditori ambulanti con bancarella.<br>La produzione incoraggia tutti gli interessati a candidarsi, anche se non rientrano nelle categorie elencate, poich\u00e9 ci sono molte altre comparse necessarie. Il lavoro sar\u00e0 regolarmente retribuito.<br><strong>Tutte le informazioni dettagliate sono consultabili nell\u2019area riservata di Casting News Professional, tramite il seguente link: <a href=\"https:\/\/www.castingnews.eu\/news\/news.asp?id_news=11174&amp;id_cat=1\">Casting aperto per nuova serie TV in Emilia-Romagna<\/a><\/strong><\/p>\n\n\n\n<p>Iscriviti alla <strong><a href=\"https:\/\/www.castingnewsletter.eu\/CastingNewsPro\/\" target=\"_blank\" rel=\"noreferrer noopener\">newsletter giornaliera<\/a><\/strong> di Casting News Professional per ricevere le ultime notizie sui casting aperti, provini e audizioni.<\/p>\n\n<div style=\"font-size: 0px; height: 0px; line-height: 0px; margin: 0; padding: 0; clear: both;\"><\/div>","protected":false},"excerpt":{"rendered":"<p>Per una nuova serie televisiva, che sar\u00e0 girata in Emilia-Romagna, la produzione \u00e8 alla ricerca di comparse per le riprese che si terranno dal 15 luglio al 5 agosto. Le splendide citt\u00e0 di Ferrara, Comacchio e Ravenna ospiteranno il set di questa produzione.Questa \u00e8 un&#8217;opportunit\u00e0 unica per essere parte di un entusiasmante progetto televisivo e [&hellip;]<\/p>\n","protected":false},"author":1,"featured_media":8385,"comment_status":"open","ping_status":"open","sticky":false,"template":"","format":"standard","meta":{"tdm_status":"","tdm_grid_status":"","footnotes":""},"categories":[3956,1462,1463,1533,71,21,31],"tags":[266,3676,2627,3613,272,273,337,1724,531,1720,3584,1118,1611],"class_list":{"0":"post-8384","1":"post","2":"type-post","3":"status-publish","4":"format-standard","5":"has-post-thumbnail","7":"category-emilia-romagna","8":"category-fiction-tv","9":"category-fiction-tv-casting-provini","10":"category-featured","11":"category-italia-paese","12":"category-in-primo-piano","13":"category-progetti-tv","14":"tag-casting","15":"tag-casting-call","16":"tag-casting-comparse","17":"tag-casting-fiction","18":"tag-casting-magazine","19":"tag-casting-news","20":"tag-comparse","21":"tag-emilia-romagna","22":"tag-fiction","23":"tag-figurazioni","24":"tag-generici","25":"tag-provini","26":"tag-serie-tv"},"yoast_head":"<!-- This site is optimized with the Yoast SEO plugin v27.4 - https:\/\/yoast.com\/product\/yoast-seo-wordpress\/ -->\r\n<title>Casting Comparse per Nuova Serie TV in Emilia-Romagna - Casting News Magazine<\/title>\r\n<meta name=\"description\" content=\"Per una nuova serie TV, che verr\u00e0 girata in Emilia-Romagna, si cercano comparse per le riprese che si terranno dal 15 luglio al 5 agosto.\" \/>\r\n<meta name=\"robots\" content=\"index, follow, max-snippet:-1, max-image-preview:large, max-video-preview:-1\" \/>\r\n<link rel=\"canonical\" href=\"https:\/\/www.castingnews.eu\/magazine\/2024\/06\/09\/casting-comparse-per-nuova-serie-tv-in-emilia-romagna\/\" \/>\r\n<meta property=\"og:locale\" content=\"it_IT\" \/>\r\n<meta property=\"og:type\" content=\"article\" \/>\r\n<meta property=\"og:title\" content=\"Casting Comparse per Nuova Serie TV in Emilia-Romagna - Casting News Magazine\" \/>\r\n<meta property=\"og:description\" content=\"Per una nuova serie TV, che verr\u00e0 girata in Emilia-Romagna, si cercano comparse per le riprese che si terranno dal 15 luglio al 5 agosto.\" \/>\r\n<meta property=\"og:url\" content=\"https:\/\/www.castingnews.eu\/magazine\/2024\/06\/09\/casting-comparse-per-nuova-serie-tv-in-emilia-romagna\/\" \/>\r\n<meta property=\"og:site_name\" content=\"Casting News Magazine\" \/>\r\n<meta property=\"article:published_time\" content=\"2024-06-09T14:55:46+00:00\" \/>\r\n<meta property=\"article:modified_time\" content=\"2024-06-09T14:55:48+00:00\" \/>\r\n<meta property=\"og:image\" content=\"https:\/\/www.castingnews.eu\/magazine\/wp-content\/uploads\/2024\/06\/Emilia-Romagna-casting-per-una-serie-tv.jpg\" \/>\r\n\t<meta property=\"og:image:width\" content=\"1080\" \/>\r\n\t<meta property=\"og:image:height\" content=\"566\" \/>\r\n\t<meta property=\"og:image:type\" content=\"image\/jpeg\" \/>\r\n<meta name=\"author\" content=\"Redazione\" \/>\r\n<meta name=\"twitter:card\" content=\"summary_large_image\" \/>\r\n<meta name=\"twitter:label1\" content=\"Scritto da\" \/>\n\t<meta name=\"twitter:data1\" content=\"Redazione\" \/>\n\t<meta name=\"twitter:label2\" content=\"Tempo di lettura stimato\" \/>\n\t<meta name=\"twitter:data2\" content=\"2 minuti\" \/>\r\n<script type=\"application\/ld+json\" class=\"yoast-schema-graph\">{\"@context\":\"https:\\\/\\\/schema.org\",\"@graph\":[{\"@type\":\"Article\",\"@id\":\"https:\\\/\\\/www.castingnews.eu\\\/magazine\\\/2024\\\/06\\\/09\\\/casting-comparse-per-nuova-serie-tv-in-emilia-romagna\\\/#article\",\"isPartOf\":{\"@id\":\"https:\\\/\\\/www.castingnews.eu\\\/magazine\\\/2024\\\/06\\\/09\\\/casting-comparse-per-nuova-serie-tv-in-emilia-romagna\\\/\"},\"author\":{\"name\":\"Redazione\",\"@id\":\"https:\\\/\\\/www.castingnews.eu\\\/magazine\\\/#\\\/schema\\\/person\\\/099d71c568c9a7e5e4037b1594108f17\"},\"headline\":\"Casting Comparse per Nuova Serie TV in Emilia-Romagna\",\"datePublished\":\"2024-06-09T14:55:46+00:00\",\"dateModified\":\"2024-06-09T14:55:48+00:00\",\"mainEntityOfPage\":{\"@id\":\"https:\\\/\\\/www.castingnews.eu\\\/magazine\\\/2024\\\/06\\\/09\\\/casting-comparse-per-nuova-serie-tv-in-emilia-romagna\\\/\"},\"wordCount\":231,\"commentCount\":0,\"image\":{\"@id\":\"https:\\\/\\\/www.castingnews.eu\\\/magazine\\\/2024\\\/06\\\/09\\\/casting-comparse-per-nuova-serie-tv-in-emilia-romagna\\\/#primaryimage\"},\"thumbnailUrl\":\"https:\\\/\\\/www.castingnews.eu\\\/magazine\\\/wp-content\\\/uploads\\\/2024\\\/06\\\/Emilia-Romagna-casting-per-una-serie-tv.jpg\",\"keywords\":[\"casting\",\"casting call\",\"casting comparse\",\"casting fiction\",\"Casting Magazine\",\"Casting News\",\"comparse\",\"Emilia-Romagna\",\"fiction\",\"figurazioni\",\"generici\",\"Provini\",\"Serie tv\"],\"articleSection\":[\"Emilia-Romagna\",\"Fiction TV\",\"Fiction TV\",\"In primo piano\",\"Italia\",\"Primo piano\",\"Progetti TV\"],\"inLanguage\":\"it-IT\",\"potentialAction\":[{\"@type\":\"CommentAction\",\"name\":\"Comment\",\"target\":[\"https:\\\/\\\/www.castingnews.eu\\\/magazine\\\/2024\\\/06\\\/09\\\/casting-comparse-per-nuova-serie-tv-in-emilia-romagna\\\/#respond\"]}]},{\"@type\":\"WebPage\",\"@id\":\"https:\\\/\\\/www.castingnews.eu\\\/magazine\\\/2024\\\/06\\\/09\\\/casting-comparse-per-nuova-serie-tv-in-emilia-romagna\\\/\",\"url\":\"https:\\\/\\\/www.castingnews.eu\\\/magazine\\\/2024\\\/06\\\/09\\\/casting-comparse-per-nuova-serie-tv-in-emilia-romagna\\\/\",\"name\":\"Casting Comparse per Nuova Serie TV in Emilia-Romagna - Casting News Magazine\",\"isPartOf\":{\"@id\":\"https:\\\/\\\/www.castingnews.eu\\\/magazine\\\/#website\"},\"primaryImageOfPage\":{\"@id\":\"https:\\\/\\\/www.castingnews.eu\\\/magazine\\\/2024\\\/06\\\/09\\\/casting-comparse-per-nuova-serie-tv-in-emilia-romagna\\\/#primaryimage\"},\"image\":{\"@id\":\"https:\\\/\\\/www.castingnews.eu\\\/magazine\\\/2024\\\/06\\\/09\\\/casting-comparse-per-nuova-serie-tv-in-emilia-romagna\\\/#primaryimage\"},\"thumbnailUrl\":\"https:\\\/\\\/www.castingnews.eu\\\/magazine\\\/wp-content\\\/uploads\\\/2024\\\/06\\\/Emilia-Romagna-casting-per-una-serie-tv.jpg\",\"datePublished\":\"2024-06-09T14:55:46+00:00\",\"dateModified\":\"2024-06-09T14:55:48+00:00\",\"author\":{\"@id\":\"https:\\\/\\\/www.castingnews.eu\\\/magazine\\\/#\\\/schema\\\/person\\\/099d71c568c9a7e5e4037b1594108f17\"},\"description\":\"Per una nuova serie TV, che verr\u00e0 girata in Emilia-Romagna, si cercano comparse per le riprese che si terranno dal 15 luglio al 5 agosto.\",\"breadcrumb\":{\"@id\":\"https:\\\/\\\/www.castingnews.eu\\\/magazine\\\/2024\\\/06\\\/09\\\/casting-comparse-per-nuova-serie-tv-in-emilia-romagna\\\/#breadcrumb\"},\"inLanguage\":\"it-IT\",\"potentialAction\":[{\"@type\":\"ReadAction\",\"target\":[\"https:\\\/\\\/www.castingnews.eu\\\/magazine\\\/2024\\\/06\\\/09\\\/casting-comparse-per-nuova-serie-tv-in-emilia-romagna\\\/\"]}]},{\"@type\":\"ImageObject\",\"inLanguage\":\"it-IT\",\"@id\":\"https:\\\/\\\/www.castingnews.eu\\\/magazine\\\/2024\\\/06\\\/09\\\/casting-comparse-per-nuova-serie-tv-in-emilia-romagna\\\/#primaryimage\",\"url\":\"https:\\\/\\\/www.castingnews.eu\\\/magazine\\\/wp-content\\\/uploads\\\/2024\\\/06\\\/Emilia-Romagna-casting-per-una-serie-tv.jpg\",\"contentUrl\":\"https:\\\/\\\/www.castingnews.eu\\\/magazine\\\/wp-content\\\/uploads\\\/2024\\\/06\\\/Emilia-Romagna-casting-per-una-serie-tv.jpg\",\"width\":1080,\"height\":566,\"caption\":\"Casting per una serie tv in Emilia-Romagna\"},{\"@type\":\"BreadcrumbList\",\"@id\":\"https:\\\/\\\/www.castingnews.eu\\\/magazine\\\/2024\\\/06\\\/09\\\/casting-comparse-per-nuova-serie-tv-in-emilia-romagna\\\/#breadcrumb\",\"itemListElement\":[{\"@type\":\"ListItem\",\"position\":1,\"name\":\"Home\",\"item\":\"https:\\\/\\\/www.castingnews.eu\\\/magazine\\\/\"},{\"@type\":\"ListItem\",\"position\":2,\"name\":\"Casting Comparse per Nuova Serie TV in Emilia-Romagna\"}]},{\"@type\":\"WebSite\",\"@id\":\"https:\\\/\\\/www.castingnews.eu\\\/magazine\\\/#website\",\"url\":\"https:\\\/\\\/www.castingnews.eu\\\/magazine\\\/\",\"name\":\"Casting News Magazine\",\"description\":\"News e aggiornamenti sui film, serie tv, teatro e festival italiani ed internazionali\",\"potentialAction\":[{\"@type\":\"SearchAction\",\"target\":{\"@type\":\"EntryPoint\",\"urlTemplate\":\"https:\\\/\\\/www.castingnews.eu\\\/magazine\\\/?s={search_term_string}\"},\"query-input\":{\"@type\":\"PropertyValueSpecification\",\"valueRequired\":true,\"valueName\":\"search_term_string\"}}],\"inLanguage\":\"it-IT\"},{\"@type\":\"Person\",\"@id\":\"https:\\\/\\\/www.castingnews.eu\\\/magazine\\\/#\\\/schema\\\/person\\\/099d71c568c9a7e5e4037b1594108f17\",\"name\":\"Redazione\",\"image\":{\"@type\":\"ImageObject\",\"inLanguage\":\"it-IT\",\"@id\":\"https:\\\/\\\/secure.gravatar.com\\\/avatar\\\/b73a087aa3bd279fb70d24f1960a91c82cf67619395b60b564c90e9e5d5325fc?s=96&d=mm&r=g\",\"url\":\"https:\\\/\\\/secure.gravatar.com\\\/avatar\\\/b73a087aa3bd279fb70d24f1960a91c82cf67619395b60b564c90e9e5d5325fc?s=96&d=mm&r=g\",\"contentUrl\":\"https:\\\/\\\/secure.gravatar.com\\\/avatar\\\/b73a087aa3bd279fb70d24f1960a91c82cf67619395b60b564c90e9e5d5325fc?s=96&d=mm&r=g\",\"caption\":\"Redazione\"},\"description\":\"News e aggiornamenti sui film, serie tv, teatro e festival italiani ed internazionali.\",\"url\":\"https:\\\/\\\/www.castingnews.eu\\\/magazine\\\/author\\\/redazione\\\/\"}]}<\/script>\r\n<!-- \/ Yoast SEO plugin. -->","yoast_head_json":{"title":"Casting Comparse per Nuova Serie TV in Emilia-Romagna - Casting News Magazine","description":"Per una nuova serie TV, che verr\u00e0 girata in Emilia-Romagna, si cercano comparse per le riprese che si terranno dal 15 luglio al 5 agosto.","robots":{"index":"index","follow":"follow","max-snippet":"max-snippet:-1","max-image-preview":"max-image-preview:large","max-video-preview":"max-video-preview:-1"},"canonical":"https:\/\/www.castingnews.eu\/magazine\/2024\/06\/09\/casting-comparse-per-nuova-serie-tv-in-emilia-romagna\/","og_locale":"it_IT","og_type":"article","og_title":"Casting Comparse per Nuova Serie TV in Emilia-Romagna - Casting News Magazine","og_description":"Per una nuova serie TV, che verr\u00e0 girata in Emilia-Romagna, si cercano comparse per le riprese che si terranno dal 15 luglio al 5 agosto.","og_url":"https:\/\/www.castingnews.eu\/magazine\/2024\/06\/09\/casting-comparse-per-nuova-serie-tv-in-emilia-romagna\/","og_site_name":"Casting News Magazine","article_published_time":"2024-06-09T14:55:46+00:00","article_modified_time":"2024-06-09T14:55:48+00:00","og_image":[{"width":1080,"height":566,"url":"https:\/\/www.castingnews.eu\/magazine\/wp-content\/uploads\/2024\/06\/Emilia-Romagna-casting-per-una-serie-tv.jpg","type":"image\/jpeg"}],"author":"Redazione","twitter_card":"summary_large_image","twitter_misc":{"Scritto da":"Redazione","Tempo di lettura stimato":"2 minuti"},"schema":{"@context":"https:\/\/schema.org","@graph":[{"@type":"Article","@id":"https:\/\/www.castingnews.eu\/magazine\/2024\/06\/09\/casting-comparse-per-nuova-serie-tv-in-emilia-romagna\/#article","isPartOf":{"@id":"https:\/\/www.castingnews.eu\/magazine\/2024\/06\/09\/casting-comparse-per-nuova-serie-tv-in-emilia-romagna\/"},"author":{"name":"Redazione","@id":"https:\/\/www.castingnews.eu\/magazine\/#\/schema\/person\/099d71c568c9a7e5e4037b1594108f17"},"headline":"Casting Comparse per Nuova Serie TV in Emilia-Romagna","datePublished":"2024-06-09T14:55:46+00:00","dateModified":"2024-06-09T14:55:48+00:00","mainEntityOfPage":{"@id":"https:\/\/www.castingnews.eu\/magazine\/2024\/06\/09\/casting-comparse-per-nuova-serie-tv-in-emilia-romagna\/"},"wordCount":231,"commentCount":0,"image":{"@id":"https:\/\/www.castingnews.eu\/magazine\/2024\/06\/09\/casting-comparse-per-nuova-serie-tv-in-emilia-romagna\/#primaryimage"},"thumbnailUrl":"https:\/\/www.castingnews.eu\/magazine\/wp-content\/uploads\/2024\/06\/Emilia-Romagna-casting-per-una-serie-tv.jpg","keywords":["casting","casting call","casting comparse","casting fiction","Casting Magazine","Casting News","comparse","Emilia-Romagna","fiction","figurazioni","generici","Provini","Serie tv"],"articleSection":["Emilia-Romagna","Fiction TV","Fiction TV","In primo piano","Italia","Primo piano","Progetti TV"],"inLanguage":"it-IT","potentialAction":[{"@type":"CommentAction","name":"Comment","target":["https:\/\/www.castingnews.eu\/magazine\/2024\/06\/09\/casting-comparse-per-nuova-serie-tv-in-emilia-romagna\/#respond"]}]},{"@type":"WebPage","@id":"https:\/\/www.castingnews.eu\/magazine\/2024\/06\/09\/casting-comparse-per-nuova-serie-tv-in-emilia-romagna\/","url":"https:\/\/www.castingnews.eu\/magazine\/2024\/06\/09\/casting-comparse-per-nuova-serie-tv-in-emilia-romagna\/","name":"Casting Comparse per Nuova Serie TV in Emilia-Romagna - Casting News Magazine","isPartOf":{"@id":"https:\/\/www.castingnews.eu\/magazine\/#website"},"primaryImageOfPage":{"@id":"https:\/\/www.castingnews.eu\/magazine\/2024\/06\/09\/casting-comparse-per-nuova-serie-tv-in-emilia-romagna\/#primaryimage"},"image":{"@id":"https:\/\/www.castingnews.eu\/magazine\/2024\/06\/09\/casting-comparse-per-nuova-serie-tv-in-emilia-romagna\/#primaryimage"},"thumbnailUrl":"https:\/\/www.castingnews.eu\/magazine\/wp-content\/uploads\/2024\/06\/Emilia-Romagna-casting-per-una-serie-tv.jpg","datePublished":"2024-06-09T14:55:46+00:00","dateModified":"2024-06-09T14:55:48+00:00","author":{"@id":"https:\/\/www.castingnews.eu\/magazine\/#\/schema\/person\/099d71c568c9a7e5e4037b1594108f17"},"description":"Per una nuova serie TV, che verr\u00e0 girata in Emilia-Romagna, si cercano comparse per le riprese che si terranno dal 15 luglio al 5 agosto.","breadcrumb":{"@id":"https:\/\/www.castingnews.eu\/magazine\/2024\/06\/09\/casting-comparse-per-nuova-serie-tv-in-emilia-romagna\/#breadcrumb"},"inLanguage":"it-IT","potentialAction":[{"@type":"ReadAction","target":["https:\/\/www.castingnews.eu\/magazine\/2024\/06\/09\/casting-comparse-per-nuova-serie-tv-in-emilia-romagna\/"]}]},{"@type":"ImageObject","inLanguage":"it-IT","@id":"https:\/\/www.castingnews.eu\/magazine\/2024\/06\/09\/casting-comparse-per-nuova-serie-tv-in-emilia-romagna\/#primaryimage","url":"https:\/\/www.castingnews.eu\/magazine\/wp-content\/uploads\/2024\/06\/Emilia-Romagna-casting-per-una-serie-tv.jpg","contentUrl":"https:\/\/www.castingnews.eu\/magazine\/wp-content\/uploads\/2024\/06\/Emilia-Romagna-casting-per-una-serie-tv.jpg","width":1080,"height":566,"caption":"Casting per una serie tv in Emilia-Romagna"},{"@type":"BreadcrumbList","@id":"https:\/\/www.castingnews.eu\/magazine\/2024\/06\/09\/casting-comparse-per-nuova-serie-tv-in-emilia-romagna\/#breadcrumb","itemListElement":[{"@type":"ListItem","position":1,"name":"Home","item":"https:\/\/www.castingnews.eu\/magazine\/"},{"@type":"ListItem","position":2,"name":"Casting Comparse per Nuova Serie TV in Emilia-Romagna"}]},{"@type":"WebSite","@id":"https:\/\/www.castingnews.eu\/magazine\/#website","url":"https:\/\/www.castingnews.eu\/magazine\/","name":"Casting News Magazine","description":"News e aggiornamenti sui film, serie tv, teatro e festival italiani ed internazionali","potentialAction":[{"@type":"SearchAction","target":{"@type":"EntryPoint","urlTemplate":"https:\/\/www.castingnews.eu\/magazine\/?s={search_term_string}"},"query-input":{"@type":"PropertyValueSpecification","valueRequired":true,"valueName":"search_term_string"}}],"inLanguage":"it-IT"},{"@type":"Person","@id":"https:\/\/www.castingnews.eu\/magazine\/#\/schema\/person\/099d71c568c9a7e5e4037b1594108f17","name":"Redazione","image":{"@type":"ImageObject","inLanguage":"it-IT","@id":"https:\/\/secure.gravatar.com\/avatar\/b73a087aa3bd279fb70d24f1960a91c82cf67619395b60b564c90e9e5d5325fc?s=96&d=mm&r=g","url":"https:\/\/secure.gravatar.com\/avatar\/b73a087aa3bd279fb70d24f1960a91c82cf67619395b60b564c90e9e5d5325fc?s=96&d=mm&r=g","contentUrl":"https:\/\/secure.gravatar.com\/avatar\/b73a087aa3bd279fb70d24f1960a91c82cf67619395b60b564c90e9e5d5325fc?s=96&d=mm&r=g","caption":"Redazione"},"description":"News e aggiornamenti sui film, serie tv, teatro e festival italiani ed internazionali.","url":"https:\/\/www.castingnews.eu\/magazine\/author\/redazione\/"}]}},"_links":{"self":[{"href":"https:\/\/www.castingnews.eu\/magazine\/wp-json\/wp\/v2\/posts\/8384","targetHints":{"allow":["GET"]}}],"collection":[{"href":"https:\/\/www.castingnews.eu\/magazine\/wp-json\/wp\/v2\/posts"}],"about":[{"href":"https:\/\/www.castingnews.eu\/magazine\/wp-json\/wp\/v2\/types\/post"}],"author":[{"embeddable":true,"href":"https:\/\/www.castingnews.eu\/magazine\/wp-json\/wp\/v2\/users\/1"}],"replies":[{"embeddable":true,"href":"https:\/\/www.castingnews.eu\/magazine\/wp-json\/wp\/v2\/comments?post=8384"}],"version-history":[{"count":1,"href":"https:\/\/www.castingnews.eu\/magazine\/wp-json\/wp\/v2\/posts\/8384\/revisions"}],"predecessor-version":[{"id":8386,"href":"https:\/\/www.castingnews.eu\/magazine\/wp-json\/wp\/v2\/posts\/8384\/revisions\/8386"}],"wp:featuredmedia":[{"embeddable":true,"href":"https:\/\/www.castingnews.eu\/magazine\/wp-json\/wp\/v2\/media\/8385"}],"wp:attachment":[{"href":"https:\/\/www.castingnews.eu\/magazine\/wp-json\/wp\/v2\/media?parent=8384"}],"wp:term":[{"taxonomy":"category","embeddable":true,"href":"https:\/\/www.castingnews.eu\/magazine\/wp-json\/wp\/v2\/categories?post=8384"},{"taxonomy":"post_tag","embeddable":true,"href":"https:\/\/www.castingnews.eu\/magazine\/wp-json\/wp\/v2\/tags?post=8384"}],"curies":[{"name":"wp","href":"https:\/\/api.w.org\/{rel}","templated":true}]}}