{"id":8291,"date":"2024-05-30T16:37:49","date_gmt":"2024-05-30T14:37:49","guid":{"rendered":"https:\/\/www.castingnews.eu\/magazine\/?p=8291"},"modified":"2024-05-30T20:42:36","modified_gmt":"2024-05-30T18:42:36","slug":"al-via-le-riprese-della-nuova-serie-rai-estranei","status":"publish","type":"post","link":"https:\/\/www.castingnews.eu\/magazine\/2024\/05\/30\/al-via-le-riprese-della-nuova-serie-rai-estranei\/","title":{"rendered":"Al via le riprese della nuova serie Rai \u201cEstranei\u201d"},"content":{"rendered":"\n<p>Sono iniziate in Emilia-Romagna le riprese di\u00a0<strong><em>Estranei<\/em><\/strong>, nuova serie crime in 4 serate (8&#215;50\u2019) prossimamente in onda su Rai 2. La serie,\u00a0diretta da\u00a0<strong>Cosimo Alem\u00e0<\/strong>, \u00e8 coprodotta da\u00a0<strong>Rai Fiction, Eagle Original Content, RAICOM<\/strong>. Le riprese si svolgeranno tra l\u2019<strong>Emilia-Romagna\u00a0<\/strong>e il\u00a0<strong>Friuli Venezia Giulia\u00a0<\/strong>per circa\u00a015 settimane. <em>Estranei\u00a0<\/em>ha ricevuto il sostegno della regione Emilia-Romagna attraverso Emilia-Romagna Film Commission e il contributo di Friuli-Venezia Giulia Film Commission\/PromoTurismoFVG.<\/p><div class=\"6d3639e8c6ac292cde400fad8ff8a5b9\" data-index=\"1\" style=\"float: none; margin:10px 0 10px 0; text-align:center;\">\n<script async src=\"\/\/pagead2.googlesyndication.com\/pagead\/js\/adsbygoogle.js\"><\/script>\r\n<!-- Casting Bambini NEW -->\r\n<ins class=\"adsbygoogle\"\r\n     style=\"display:inline-block;width:336px;height:280px\"\r\n     data-ad-client=\"ca-pub-5538097485429833\"\r\n     data-ad-slot=\"5127154445\"><\/ins>\r\n<script>\r\n(adsbygoogle = window.adsbygoogle || []).push({});\r\n<\/script>\n<\/div>\n\n\n\n\n<p>In una piccola cittadina tra i campi e la nebbia di pianura una delle pi\u00f9 grandi comunit\u00e0 Sikh d\u2019Europa vive da sempre in armonia con la comunit\u00e0 locale. La scomparsa di due innamorati,\u00a0<strong>Camilla Ruggeri<\/strong>\u00a0e\u00a0<strong>Manraj Singh<\/strong>, due moderni Romeo e Giulietta appartenenti a realt\u00e0 apparentemente molto distanti, mina per\u00f2 questo fragile equilibrio dando il via a una sequenza di morte, rivalit\u00e0 e verit\u00e0 non dette.<br>A indagare su questo caso dai risvolti inaspettati sar\u00e0 la talentuosa carabiniera\u00a0<strong>Laura Macchi,<\/strong>\u00a0tornata al suo paese nativo per prendersi cura dell\u2019anziano padre, il sindaco\u00a0<strong>Antonio Macchi<\/strong>. Nel tentativo di preservare quel delicato equilibrio tra le due comunit\u00e0 che suo padre nel tempo aveva costruito con grande dedizione, Laura si trover\u00e0 a scavare in un passato torbido, facendo emergere inquietanti segreti che coinvolgono l\u2019intera cittadina.<br>Tutti dovranno fare i conti con un\u2019amara verit\u00e0: bene e male albergano in ognuno di noi.<br>Nessuno escluso.<\/p>\n\n\n\n<p>Iscriviti alla <strong><a href=\"https:\/\/www.castingnewsletter.eu\/CastingNewsPro\/\" target=\"_blank\" rel=\"noreferrer noopener\">newsletter giornaliera<\/a><\/strong> di Casting News Professional per ricevere le ultime notizie sui casting aperti, provini e audizioni.<\/p>\n\n<div style=\"font-size: 0px; height: 0px; line-height: 0px; margin: 0; padding: 0; clear: both;\"><\/div>","protected":false},"excerpt":{"rendered":"<p>Sono iniziate in Emilia-Romagna le riprese di\u00a0Estranei, nuova serie crime in 4 serate (8&#215;50\u2019) prossimamente in onda su Rai 2. La serie,\u00a0diretta da\u00a0Cosimo Alem\u00e0, \u00e8 coprodotta da\u00a0Rai Fiction, Eagle Original Content, RAICOM. Le riprese si svolgeranno tra l\u2019Emilia-Romagna\u00a0e il\u00a0Friuli Venezia Giulia\u00a0per circa\u00a015 settimane. Estranei\u00a0ha ricevuto il sostegno della regione Emilia-Romagna attraverso Emilia-Romagna Film Commission e [&hellip;]<\/p>\n","protected":false},"author":1,"featured_media":8336,"comment_status":"open","ping_status":"open","sticky":false,"template":"","format":"standard","meta":{"tdm_status":"","tdm_grid_status":"","footnotes":""},"categories":[64,3956,1462,1533,71,21,31],"tags":[5781,272,273,5783,5778,1724,5656,531,5784,5780,4005,5782,5779,1611],"class_list":{"0":"post-8291","1":"post","2":"type-post","3":"status-publish","4":"format-standard","5":"has-post-thumbnail","7":"category-drammatico","8":"category-emilia-romagna","9":"category-fiction-tv","10":"category-featured","11":"category-italia-paese","12":"category-in-primo-piano","13":"category-progetti-tv","14":"tag-carpi","15":"tag-casting-magazine","16":"tag-casting-news","17":"tag-cosimo-alema","18":"tag-elena-radonicich","19":"tag-emilia-romagna","20":"tag-estranei","21":"tag-fiction","22":"tag-giulio-scarpati","23":"tag-isabella-ferrari","24":"tag-rai2","25":"tag-ricky-memphis","26":"tag-saman-abbas","27":"tag-serie-tv"},"yoast_head":"<!-- This site is optimized with the Yoast SEO plugin v27.4 - https:\/\/yoast.com\/product\/yoast-seo-wordpress\/ -->\r\n<title>Al via le riprese della nuova serie Rai \u201cEstranei\u201d - Casting News Magazine<\/title>\r\n<meta name=\"description\" content=\"Sono iniziate in Emilia-Romagna le riprese di\u00a0Estranei, nuova serie crime in 4 serate (8x50\u2019) prossimamente in onda su Rai 2.\" \/>\r\n<meta name=\"robots\" content=\"index, follow, max-snippet:-1, max-image-preview:large, max-video-preview:-1\" \/>\r\n<link rel=\"canonical\" href=\"https:\/\/www.castingnews.eu\/magazine\/2024\/05\/30\/al-via-le-riprese-della-nuova-serie-rai-estranei\/\" \/>\r\n<meta property=\"og:locale\" content=\"it_IT\" \/>\r\n<meta property=\"og:type\" content=\"article\" \/>\r\n<meta property=\"og:title\" content=\"Al via le riprese della nuova serie Rai \u201cEstranei\u201d - Casting News Magazine\" \/>\r\n<meta property=\"og:description\" content=\"Sono iniziate in Emilia-Romagna le riprese di\u00a0Estranei, nuova serie crime in 4 serate (8x50\u2019) prossimamente in onda su Rai 2.\" \/>\r\n<meta property=\"og:url\" content=\"https:\/\/www.castingnews.eu\/magazine\/2024\/05\/30\/al-via-le-riprese-della-nuova-serie-rai-estranei\/\" \/>\r\n<meta property=\"og:site_name\" content=\"Casting News Magazine\" \/>\r\n<meta property=\"article:published_time\" content=\"2024-05-30T14:37:49+00:00\" \/>\r\n<meta property=\"article:modified_time\" content=\"2024-05-30T18:42:36+00:00\" \/>\r\n<meta property=\"og:image\" content=\"https:\/\/www.castingnews.eu\/magazine\/wp-content\/uploads\/2024\/05\/Elena-Radonicich.jpg\" \/>\r\n\t<meta property=\"og:image:width\" content=\"1920\" \/>\r\n\t<meta property=\"og:image:height\" content=\"1280\" \/>\r\n\t<meta property=\"og:image:type\" content=\"image\/jpeg\" \/>\r\n<meta name=\"author\" content=\"Redazione\" \/>\r\n<meta name=\"twitter:card\" content=\"summary_large_image\" \/>\r\n<meta name=\"twitter:label1\" content=\"Scritto da\" \/>\n\t<meta name=\"twitter:data1\" content=\"Redazione\" \/>\n\t<meta name=\"twitter:label2\" content=\"Tempo di lettura stimato\" \/>\n\t<meta name=\"twitter:data2\" content=\"2 minuti\" \/>\r\n<script type=\"application\/ld+json\" class=\"yoast-schema-graph\">{\"@context\":\"https:\\\/\\\/schema.org\",\"@graph\":[{\"@type\":\"Article\",\"@id\":\"https:\\\/\\\/www.castingnews.eu\\\/magazine\\\/2024\\\/05\\\/30\\\/al-via-le-riprese-della-nuova-serie-rai-estranei\\\/#article\",\"isPartOf\":{\"@id\":\"https:\\\/\\\/www.castingnews.eu\\\/magazine\\\/2024\\\/05\\\/30\\\/al-via-le-riprese-della-nuova-serie-rai-estranei\\\/\"},\"author\":{\"name\":\"Redazione\",\"@id\":\"https:\\\/\\\/www.castingnews.eu\\\/magazine\\\/#\\\/schema\\\/person\\\/099d71c568c9a7e5e4037b1594108f17\"},\"headline\":\"Al via le riprese della nuova serie Rai \u201cEstranei\u201d\",\"datePublished\":\"2024-05-30T14:37:49+00:00\",\"dateModified\":\"2024-05-30T18:42:36+00:00\",\"mainEntityOfPage\":{\"@id\":\"https:\\\/\\\/www.castingnews.eu\\\/magazine\\\/2024\\\/05\\\/30\\\/al-via-le-riprese-della-nuova-serie-rai-estranei\\\/\"},\"wordCount\":252,\"commentCount\":0,\"image\":{\"@id\":\"https:\\\/\\\/www.castingnews.eu\\\/magazine\\\/2024\\\/05\\\/30\\\/al-via-le-riprese-della-nuova-serie-rai-estranei\\\/#primaryimage\"},\"thumbnailUrl\":\"https:\\\/\\\/www.castingnews.eu\\\/magazine\\\/wp-content\\\/uploads\\\/2024\\\/05\\\/Elena-Radonicich.jpg\",\"keywords\":[\"Carpi\",\"Casting Magazine\",\"Casting News\",\"Cosimo Alem\u00e0\",\"Elena Radonicich\",\"Emilia-Romagna\",\"Estranei\",\"fiction\",\"Giulio Scarpati\",\"Isabella Ferrari\",\"Rai2\",\"Ricky Memphis\",\"Saman Abbas\",\"Serie tv\"],\"articleSection\":[\"Drammatico\",\"Emilia-Romagna\",\"Fiction TV\",\"In primo piano\",\"Italia\",\"Primo piano\",\"Progetti TV\"],\"inLanguage\":\"it-IT\",\"potentialAction\":[{\"@type\":\"CommentAction\",\"name\":\"Comment\",\"target\":[\"https:\\\/\\\/www.castingnews.eu\\\/magazine\\\/2024\\\/05\\\/30\\\/al-via-le-riprese-della-nuova-serie-rai-estranei\\\/#respond\"]}]},{\"@type\":\"WebPage\",\"@id\":\"https:\\\/\\\/www.castingnews.eu\\\/magazine\\\/2024\\\/05\\\/30\\\/al-via-le-riprese-della-nuova-serie-rai-estranei\\\/\",\"url\":\"https:\\\/\\\/www.castingnews.eu\\\/magazine\\\/2024\\\/05\\\/30\\\/al-via-le-riprese-della-nuova-serie-rai-estranei\\\/\",\"name\":\"Al via le riprese della nuova serie Rai \u201cEstranei\u201d - Casting News Magazine\",\"isPartOf\":{\"@id\":\"https:\\\/\\\/www.castingnews.eu\\\/magazine\\\/#website\"},\"primaryImageOfPage\":{\"@id\":\"https:\\\/\\\/www.castingnews.eu\\\/magazine\\\/2024\\\/05\\\/30\\\/al-via-le-riprese-della-nuova-serie-rai-estranei\\\/#primaryimage\"},\"image\":{\"@id\":\"https:\\\/\\\/www.castingnews.eu\\\/magazine\\\/2024\\\/05\\\/30\\\/al-via-le-riprese-della-nuova-serie-rai-estranei\\\/#primaryimage\"},\"thumbnailUrl\":\"https:\\\/\\\/www.castingnews.eu\\\/magazine\\\/wp-content\\\/uploads\\\/2024\\\/05\\\/Elena-Radonicich.jpg\",\"datePublished\":\"2024-05-30T14:37:49+00:00\",\"dateModified\":\"2024-05-30T18:42:36+00:00\",\"author\":{\"@id\":\"https:\\\/\\\/www.castingnews.eu\\\/magazine\\\/#\\\/schema\\\/person\\\/099d71c568c9a7e5e4037b1594108f17\"},\"description\":\"Sono iniziate in Emilia-Romagna le riprese di\u00a0Estranei, nuova serie crime in 4 serate (8x50\u2019) prossimamente in onda su Rai 2.\",\"breadcrumb\":{\"@id\":\"https:\\\/\\\/www.castingnews.eu\\\/magazine\\\/2024\\\/05\\\/30\\\/al-via-le-riprese-della-nuova-serie-rai-estranei\\\/#breadcrumb\"},\"inLanguage\":\"it-IT\",\"potentialAction\":[{\"@type\":\"ReadAction\",\"target\":[\"https:\\\/\\\/www.castingnews.eu\\\/magazine\\\/2024\\\/05\\\/30\\\/al-via-le-riprese-della-nuova-serie-rai-estranei\\\/\"]}]},{\"@type\":\"ImageObject\",\"inLanguage\":\"it-IT\",\"@id\":\"https:\\\/\\\/www.castingnews.eu\\\/magazine\\\/2024\\\/05\\\/30\\\/al-via-le-riprese-della-nuova-serie-rai-estranei\\\/#primaryimage\",\"url\":\"https:\\\/\\\/www.castingnews.eu\\\/magazine\\\/wp-content\\\/uploads\\\/2024\\\/05\\\/Elena-Radonicich.jpg\",\"contentUrl\":\"https:\\\/\\\/www.castingnews.eu\\\/magazine\\\/wp-content\\\/uploads\\\/2024\\\/05\\\/Elena-Radonicich.jpg\",\"width\":1920,\"height\":1280,\"caption\":\"Elena Radonicich\"},{\"@type\":\"BreadcrumbList\",\"@id\":\"https:\\\/\\\/www.castingnews.eu\\\/magazine\\\/2024\\\/05\\\/30\\\/al-via-le-riprese-della-nuova-serie-rai-estranei\\\/#breadcrumb\",\"itemListElement\":[{\"@type\":\"ListItem\",\"position\":1,\"name\":\"Home\",\"item\":\"https:\\\/\\\/www.castingnews.eu\\\/magazine\\\/\"},{\"@type\":\"ListItem\",\"position\":2,\"name\":\"Al via le riprese della nuova serie Rai \u201cEstranei\u201d\"}]},{\"@type\":\"WebSite\",\"@id\":\"https:\\\/\\\/www.castingnews.eu\\\/magazine\\\/#website\",\"url\":\"https:\\\/\\\/www.castingnews.eu\\\/magazine\\\/\",\"name\":\"Casting News Magazine\",\"description\":\"News e aggiornamenti sui film, serie tv, teatro e festival italiani ed internazionali\",\"potentialAction\":[{\"@type\":\"SearchAction\",\"target\":{\"@type\":\"EntryPoint\",\"urlTemplate\":\"https:\\\/\\\/www.castingnews.eu\\\/magazine\\\/?s={search_term_string}\"},\"query-input\":{\"@type\":\"PropertyValueSpecification\",\"valueRequired\":true,\"valueName\":\"search_term_string\"}}],\"inLanguage\":\"it-IT\"},{\"@type\":\"Person\",\"@id\":\"https:\\\/\\\/www.castingnews.eu\\\/magazine\\\/#\\\/schema\\\/person\\\/099d71c568c9a7e5e4037b1594108f17\",\"name\":\"Redazione\",\"image\":{\"@type\":\"ImageObject\",\"inLanguage\":\"it-IT\",\"@id\":\"https:\\\/\\\/secure.gravatar.com\\\/avatar\\\/b73a087aa3bd279fb70d24f1960a91c82cf67619395b60b564c90e9e5d5325fc?s=96&d=mm&r=g\",\"url\":\"https:\\\/\\\/secure.gravatar.com\\\/avatar\\\/b73a087aa3bd279fb70d24f1960a91c82cf67619395b60b564c90e9e5d5325fc?s=96&d=mm&r=g\",\"contentUrl\":\"https:\\\/\\\/secure.gravatar.com\\\/avatar\\\/b73a087aa3bd279fb70d24f1960a91c82cf67619395b60b564c90e9e5d5325fc?s=96&d=mm&r=g\",\"caption\":\"Redazione\"},\"description\":\"News e aggiornamenti sui film, serie tv, teatro e festival italiani ed internazionali.\",\"url\":\"https:\\\/\\\/www.castingnews.eu\\\/magazine\\\/author\\\/redazione\\\/\"}]}<\/script>\r\n<!-- \/ Yoast SEO plugin. -->","yoast_head_json":{"title":"Al via le riprese della nuova serie Rai \u201cEstranei\u201d - Casting News Magazine","description":"Sono iniziate in Emilia-Romagna le riprese di\u00a0Estranei, nuova serie crime in 4 serate (8x50\u2019) prossimamente in onda su Rai 2.","robots":{"index":"index","follow":"follow","max-snippet":"max-snippet:-1","max-image-preview":"max-image-preview:large","max-video-preview":"max-video-preview:-1"},"canonical":"https:\/\/www.castingnews.eu\/magazine\/2024\/05\/30\/al-via-le-riprese-della-nuova-serie-rai-estranei\/","og_locale":"it_IT","og_type":"article","og_title":"Al via le riprese della nuova serie Rai \u201cEstranei\u201d - Casting News Magazine","og_description":"Sono iniziate in Emilia-Romagna le riprese di\u00a0Estranei, nuova serie crime in 4 serate (8x50\u2019) prossimamente in onda su Rai 2.","og_url":"https:\/\/www.castingnews.eu\/magazine\/2024\/05\/30\/al-via-le-riprese-della-nuova-serie-rai-estranei\/","og_site_name":"Casting News Magazine","article_published_time":"2024-05-30T14:37:49+00:00","article_modified_time":"2024-05-30T18:42:36+00:00","og_image":[{"width":1920,"height":1280,"url":"https:\/\/www.castingnews.eu\/magazine\/wp-content\/uploads\/2024\/05\/Elena-Radonicich.jpg","type":"image\/jpeg"}],"author":"Redazione","twitter_card":"summary_large_image","twitter_misc":{"Scritto da":"Redazione","Tempo di lettura stimato":"2 minuti"},"schema":{"@context":"https:\/\/schema.org","@graph":[{"@type":"Article","@id":"https:\/\/www.castingnews.eu\/magazine\/2024\/05\/30\/al-via-le-riprese-della-nuova-serie-rai-estranei\/#article","isPartOf":{"@id":"https:\/\/www.castingnews.eu\/magazine\/2024\/05\/30\/al-via-le-riprese-della-nuova-serie-rai-estranei\/"},"author":{"name":"Redazione","@id":"https:\/\/www.castingnews.eu\/magazine\/#\/schema\/person\/099d71c568c9a7e5e4037b1594108f17"},"headline":"Al via le riprese della nuova serie Rai \u201cEstranei\u201d","datePublished":"2024-05-30T14:37:49+00:00","dateModified":"2024-05-30T18:42:36+00:00","mainEntityOfPage":{"@id":"https:\/\/www.castingnews.eu\/magazine\/2024\/05\/30\/al-via-le-riprese-della-nuova-serie-rai-estranei\/"},"wordCount":252,"commentCount":0,"image":{"@id":"https:\/\/www.castingnews.eu\/magazine\/2024\/05\/30\/al-via-le-riprese-della-nuova-serie-rai-estranei\/#primaryimage"},"thumbnailUrl":"https:\/\/www.castingnews.eu\/magazine\/wp-content\/uploads\/2024\/05\/Elena-Radonicich.jpg","keywords":["Carpi","Casting Magazine","Casting News","Cosimo Alem\u00e0","Elena Radonicich","Emilia-Romagna","Estranei","fiction","Giulio Scarpati","Isabella Ferrari","Rai2","Ricky Memphis","Saman Abbas","Serie tv"],"articleSection":["Drammatico","Emilia-Romagna","Fiction TV","In primo piano","Italia","Primo piano","Progetti TV"],"inLanguage":"it-IT","potentialAction":[{"@type":"CommentAction","name":"Comment","target":["https:\/\/www.castingnews.eu\/magazine\/2024\/05\/30\/al-via-le-riprese-della-nuova-serie-rai-estranei\/#respond"]}]},{"@type":"WebPage","@id":"https:\/\/www.castingnews.eu\/magazine\/2024\/05\/30\/al-via-le-riprese-della-nuova-serie-rai-estranei\/","url":"https:\/\/www.castingnews.eu\/magazine\/2024\/05\/30\/al-via-le-riprese-della-nuova-serie-rai-estranei\/","name":"Al via le riprese della nuova serie Rai \u201cEstranei\u201d - Casting News Magazine","isPartOf":{"@id":"https:\/\/www.castingnews.eu\/magazine\/#website"},"primaryImageOfPage":{"@id":"https:\/\/www.castingnews.eu\/magazine\/2024\/05\/30\/al-via-le-riprese-della-nuova-serie-rai-estranei\/#primaryimage"},"image":{"@id":"https:\/\/www.castingnews.eu\/magazine\/2024\/05\/30\/al-via-le-riprese-della-nuova-serie-rai-estranei\/#primaryimage"},"thumbnailUrl":"https:\/\/www.castingnews.eu\/magazine\/wp-content\/uploads\/2024\/05\/Elena-Radonicich.jpg","datePublished":"2024-05-30T14:37:49+00:00","dateModified":"2024-05-30T18:42:36+00:00","author":{"@id":"https:\/\/www.castingnews.eu\/magazine\/#\/schema\/person\/099d71c568c9a7e5e4037b1594108f17"},"description":"Sono iniziate in Emilia-Romagna le riprese di\u00a0Estranei, nuova serie crime in 4 serate (8x50\u2019) prossimamente in onda su Rai 2.","breadcrumb":{"@id":"https:\/\/www.castingnews.eu\/magazine\/2024\/05\/30\/al-via-le-riprese-della-nuova-serie-rai-estranei\/#breadcrumb"},"inLanguage":"it-IT","potentialAction":[{"@type":"ReadAction","target":["https:\/\/www.castingnews.eu\/magazine\/2024\/05\/30\/al-via-le-riprese-della-nuova-serie-rai-estranei\/"]}]},{"@type":"ImageObject","inLanguage":"it-IT","@id":"https:\/\/www.castingnews.eu\/magazine\/2024\/05\/30\/al-via-le-riprese-della-nuova-serie-rai-estranei\/#primaryimage","url":"https:\/\/www.castingnews.eu\/magazine\/wp-content\/uploads\/2024\/05\/Elena-Radonicich.jpg","contentUrl":"https:\/\/www.castingnews.eu\/magazine\/wp-content\/uploads\/2024\/05\/Elena-Radonicich.jpg","width":1920,"height":1280,"caption":"Elena Radonicich"},{"@type":"BreadcrumbList","@id":"https:\/\/www.castingnews.eu\/magazine\/2024\/05\/30\/al-via-le-riprese-della-nuova-serie-rai-estranei\/#breadcrumb","itemListElement":[{"@type":"ListItem","position":1,"name":"Home","item":"https:\/\/www.castingnews.eu\/magazine\/"},{"@type":"ListItem","position":2,"name":"Al via le riprese della nuova serie Rai \u201cEstranei\u201d"}]},{"@type":"WebSite","@id":"https:\/\/www.castingnews.eu\/magazine\/#website","url":"https:\/\/www.castingnews.eu\/magazine\/","name":"Casting News Magazine","description":"News e aggiornamenti sui film, serie tv, teatro e festival italiani ed internazionali","potentialAction":[{"@type":"SearchAction","target":{"@type":"EntryPoint","urlTemplate":"https:\/\/www.castingnews.eu\/magazine\/?s={search_term_string}"},"query-input":{"@type":"PropertyValueSpecification","valueRequired":true,"valueName":"search_term_string"}}],"inLanguage":"it-IT"},{"@type":"Person","@id":"https:\/\/www.castingnews.eu\/magazine\/#\/schema\/person\/099d71c568c9a7e5e4037b1594108f17","name":"Redazione","image":{"@type":"ImageObject","inLanguage":"it-IT","@id":"https:\/\/secure.gravatar.com\/avatar\/b73a087aa3bd279fb70d24f1960a91c82cf67619395b60b564c90e9e5d5325fc?s=96&d=mm&r=g","url":"https:\/\/secure.gravatar.com\/avatar\/b73a087aa3bd279fb70d24f1960a91c82cf67619395b60b564c90e9e5d5325fc?s=96&d=mm&r=g","contentUrl":"https:\/\/secure.gravatar.com\/avatar\/b73a087aa3bd279fb70d24f1960a91c82cf67619395b60b564c90e9e5d5325fc?s=96&d=mm&r=g","caption":"Redazione"},"description":"News e aggiornamenti sui film, serie tv, teatro e festival italiani ed internazionali.","url":"https:\/\/www.castingnews.eu\/magazine\/author\/redazione\/"}]}},"_links":{"self":[{"href":"https:\/\/www.castingnews.eu\/magazine\/wp-json\/wp\/v2\/posts\/8291","targetHints":{"allow":["GET"]}}],"collection":[{"href":"https:\/\/www.castingnews.eu\/magazine\/wp-json\/wp\/v2\/posts"}],"about":[{"href":"https:\/\/www.castingnews.eu\/magazine\/wp-json\/wp\/v2\/types\/post"}],"author":[{"embeddable":true,"href":"https:\/\/www.castingnews.eu\/magazine\/wp-json\/wp\/v2\/users\/1"}],"replies":[{"embeddable":true,"href":"https:\/\/www.castingnews.eu\/magazine\/wp-json\/wp\/v2\/comments?post=8291"}],"version-history":[{"count":3,"href":"https:\/\/www.castingnews.eu\/magazine\/wp-json\/wp\/v2\/posts\/8291\/revisions"}],"predecessor-version":[{"id":8339,"href":"https:\/\/www.castingnews.eu\/magazine\/wp-json\/wp\/v2\/posts\/8291\/revisions\/8339"}],"wp:featuredmedia":[{"embeddable":true,"href":"https:\/\/www.castingnews.eu\/magazine\/wp-json\/wp\/v2\/media\/8336"}],"wp:attachment":[{"href":"https:\/\/www.castingnews.eu\/magazine\/wp-json\/wp\/v2\/media?parent=8291"}],"wp:term":[{"taxonomy":"category","embeddable":true,"href":"https:\/\/www.castingnews.eu\/magazine\/wp-json\/wp\/v2\/categories?post=8291"},{"taxonomy":"post_tag","embeddable":true,"href":"https:\/\/www.castingnews.eu\/magazine\/wp-json\/wp\/v2\/tags?post=8291"}],"curies":[{"name":"wp","href":"https:\/\/api.w.org\/{rel}","templated":true}]}}