{"id":8256,"date":"2024-05-17T11:11:05","date_gmt":"2024-05-17T09:11:05","guid":{"rendered":"https:\/\/www.castingnews.eu\/magazine\/?p=8256"},"modified":"2024-05-17T11:11:07","modified_gmt":"2024-05-17T09:11:07","slug":"the-well-il-nuovo-feroce-horror-di-federico-zampaglione-al-cinema-dal-18-luglio","status":"publish","type":"post","link":"https:\/\/www.castingnews.eu\/magazine\/2024\/05\/17\/the-well-il-nuovo-feroce-horror-di-federico-zampaglione-al-cinema-dal-18-luglio\/","title":{"rendered":"&#8220;The Well&#8221;: Il nuovo feroce horror di Federico Zampaglione al cinema dal 18 luglio"},"content":{"rendered":"\n<p><strong>Il Male ha nuove profondit\u00e0<br><\/strong>Esce nei cinema il 18 luglio 2024 <strong>&#8220;The Well&#8221;<\/strong>, il nuovo feroce <strong>horror <\/strong>firmato da <strong>Federico Zampaglione<\/strong>, distribuito da Iperuranio Film in collaborazione con CG Entertainment. Zampaglione, gi\u00e0 noto per lavori come &#8220;Nero Bifamiliare&#8221;, &#8220;Shadow&#8221;, &#8220;Tulpa \u2013 Perdizioni mortali&#8221; e &#8220;Morrison&#8221;, torna con un\u2019opera che ha gi\u00e0 riscosso un enorme successo internazionale, essendo stata venduta in oltre 80 Paesi, tra cui gli Stati Uniti, dove uscir\u00e0 in sala, un record per un film di genere italiano. Prodotto da Iperuranio Film e sceneggiato dallo stesso Zampaglione insieme al produttore Stefano Masi, &#8220;The Well&#8221; vanta un cast di alto livello con <strong>Lauren LaVera<\/strong> (protagonista di &#8220;Terrifier 2&#8221;), <strong>Claudia Gerini<\/strong>, <strong>Lorenzo Renzi<\/strong>, <strong>Linda Zampaglione<\/strong>, <strong>Jonathan Dylan King<\/strong>, <strong>Taylor Zaudtke<\/strong>, <strong>Gianluigi Calvani<\/strong>, <strong>Yassine Fadel <\/strong>e <strong>Courage Oviawe<\/strong>. Il film vede anche la partecipazione di <strong>Giovanni Lombardo Radic<\/strong>e nel suo ultimo ruolo cinematografico, girato prima della sua scomparsa. Lombardo Radice, uno dei volti iconici del cinema horror italiano, \u00e8 noto per film cult come &#8220;Apocalypse domani&#8221;, &#8220;La casa sperduta nel parco&#8221;, &#8220;Paura nella citt\u00e0 dei morti viventi&#8221;, &#8220;Cannibal Ferox&#8221;, &#8220;La chiesa&#8221; e &#8220;La setta&#8221;.<\/p><div class=\"6d3639e8c6ac292cde400fad8ff8a5b9\" data-index=\"1\" style=\"float: none; margin:10px 0 10px 0; text-align:center;\">\n<script async src=\"\/\/pagead2.googlesyndication.com\/pagead\/js\/adsbygoogle.js\"><\/script>\r\n<!-- Casting Bambini NEW -->\r\n<ins class=\"adsbygoogle\"\r\n     style=\"display:inline-block;width:336px;height:280px\"\r\n     data-ad-client=\"ca-pub-5538097485429833\"\r\n     data-ad-slot=\"5127154445\"><\/ins>\r\n<script>\r\n(adsbygoogle = window.adsbygoogle || []).push({});\r\n<\/script>\n<\/div>\n\n\n\n\n<p>&#8220;The Well&#8221; racconta la storia di Lisa Gray (Lauren LaVera), una restauratrice d&#8217;arte statunitense alla sua prima importante missione, chiamata in un piccolo villaggio italiano per riportare all&#8217;antico splendore un dipinto medievale danneggiato da un incendio. Lisa ignora che il suo lavoro la metter\u00e0 in pericolo a causa di un\u2019antica maledizione che genera creature maligne, sangue e atroci sofferenze. Zampaglione descrive il film come il suo lavoro &#8220;pi\u00f9 cupo, inquietante e feroce&#8221;, ma anche &#8220;disperatamente romantico&#8221;. &#8220;Da sempre amo profondamente questo genere, perch\u00e9 parla all&#8217;animo umano, indaga le nostre paure sconosciute e si perde nell&#8217;oscurit\u00e0 profonda, aggrappandosi a un filo di luce. &#8216;The Well&#8217; spinge alle emozioni pi\u00f9 estreme, distruggendo il confine tra realt\u00e0 e fantasia, tra Bene e Male, Vita e Morte. Scoprirete che il Male ha nuove profondit\u00e0&#8221;, commenta il regista.<br>Girato in suggestive location intorno a Roma, tra cui Saracinesco, Palazzo Cenci Bolognetti di Vicovaro e il Castello Theodoli di Sambuci, &#8220;The Well&#8221; ha gi\u00e0 iniziato il suo tour nei migliori festival del mondo horror e fantastico, raccogliendo consensi di critica e pubblico. Tra questi, il Sitges International Fantastic Film Festival (sezione Midnight X-treme), lo Screamfest Horror Film Festival di Los Angeles, il Fantasporto Oporto International Film Festival, il Glasgow Film Festival, il Trieste Science+Fiction Festival e il Ravenna Nightmare Film Fest.<\/p>\n\n\n\n<p>CG Entertainment si occuper\u00e0 anche della distribuzione in streaming e in home video dal prossimo autunno. Il film vanta un cast tecnico di primo piano: la direzione della fotografia \u00e8 firmata da Andrea Arnone (gi\u00e0 operatore in &#8220;Spider-Man: Far From Home&#8221;), il montaggio da Eric Strand (&#8220;Donnie Darko&#8221;), gli effetti speciali prostetici sono realizzati da Carlo Diamantini (&#8220;Il racconto dei racconti&#8221;), i costumi sono di Antonella Balsamo, il trucco di Federica Puglielli, le scenografie di Blazej Wasiak e le musiche sono state composte da Oran Loyfer, Luca Chiaravalli, Federico e Francesco Zampaglione.<\/p>\n\n\n\n<figure class=\"wp-block-gallery has-nested-images columns-default is-cropped wp-block-gallery-1 is-layout-flex wp-block-gallery-is-layout-flex\">\n<figure class=\"wp-block-image size-large\"><img loading=\"lazy\" decoding=\"async\" width=\"1024\" height=\"428\" data-id=\"8259\" src=\"https:\/\/www.castingnews.eu\/magazine\/wp-content\/uploads\/2024\/05\/The_Well_LISA_A_CENA_1.1.12-1024x428.jpg\" alt=\"\" class=\"wp-image-8259\" srcset=\"https:\/\/www.castingnews.eu\/magazine\/wp-content\/uploads\/2024\/05\/The_Well_LISA_A_CENA_1.1.12-1024x428.jpg 1024w, https:\/\/www.castingnews.eu\/magazine\/wp-content\/uploads\/2024\/05\/The_Well_LISA_A_CENA_1.1.12-300x125.jpg 300w, https:\/\/www.castingnews.eu\/magazine\/wp-content\/uploads\/2024\/05\/The_Well_LISA_A_CENA_1.1.12-768x321.jpg 768w, https:\/\/www.castingnews.eu\/magazine\/wp-content\/uploads\/2024\/05\/The_Well_LISA_A_CENA_1.1.12-1536x642.jpg 1536w, https:\/\/www.castingnews.eu\/magazine\/wp-content\/uploads\/2024\/05\/The_Well_LISA_A_CENA_1.1.12-1004x420.jpg 1004w, https:\/\/www.castingnews.eu\/magazine\/wp-content\/uploads\/2024\/05\/The_Well_LISA_A_CENA_1.1.12-696x291.jpg 696w, https:\/\/www.castingnews.eu\/magazine\/wp-content\/uploads\/2024\/05\/The_Well_LISA_A_CENA_1.1.12-1068x447.jpg 1068w, https:\/\/www.castingnews.eu\/magazine\/wp-content\/uploads\/2024\/05\/The_Well_LISA_A_CENA_1.1.12.jpg 1920w\" sizes=\"auto, (max-width: 1024px) 100vw, 1024px\" \/><\/figure>\n\n\n\n<figure class=\"wp-block-image size-large\"><img loading=\"lazy\" decoding=\"async\" width=\"1024\" height=\"428\" data-id=\"8261\" src=\"https:\/\/www.castingnews.eu\/magazine\/wp-content\/uploads\/2024\/05\/The_Well_EMMA_A_CENA_1.1.11-1024x428.jpg\" alt=\"\" class=\"wp-image-8261\" srcset=\"https:\/\/www.castingnews.eu\/magazine\/wp-content\/uploads\/2024\/05\/The_Well_EMMA_A_CENA_1.1.11-1024x428.jpg 1024w, https:\/\/www.castingnews.eu\/magazine\/wp-content\/uploads\/2024\/05\/The_Well_EMMA_A_CENA_1.1.11-300x125.jpg 300w, https:\/\/www.castingnews.eu\/magazine\/wp-content\/uploads\/2024\/05\/The_Well_EMMA_A_CENA_1.1.11-768x321.jpg 768w, https:\/\/www.castingnews.eu\/magazine\/wp-content\/uploads\/2024\/05\/The_Well_EMMA_A_CENA_1.1.11-1536x642.jpg 1536w, https:\/\/www.castingnews.eu\/magazine\/wp-content\/uploads\/2024\/05\/The_Well_EMMA_A_CENA_1.1.11-1004x420.jpg 1004w, https:\/\/www.castingnews.eu\/magazine\/wp-content\/uploads\/2024\/05\/The_Well_EMMA_A_CENA_1.1.11-696x291.jpg 696w, https:\/\/www.castingnews.eu\/magazine\/wp-content\/uploads\/2024\/05\/The_Well_EMMA_A_CENA_1.1.11-1068x447.jpg 1068w, https:\/\/www.castingnews.eu\/magazine\/wp-content\/uploads\/2024\/05\/The_Well_EMMA_A_CENA_1.1.11.jpg 1920w\" sizes=\"auto, (max-width: 1024px) 100vw, 1024px\" \/><\/figure>\n\n\n\n<figure class=\"wp-block-image size-large\"><img loading=\"lazy\" decoding=\"async\" width=\"1024\" height=\"428\" data-id=\"8260\" src=\"https:\/\/www.castingnews.eu\/magazine\/wp-content\/uploads\/2024\/05\/The_Well_AGONIA_DI_TONY_1.1.20-1024x428.jpg\" alt=\"\" class=\"wp-image-8260\" srcset=\"https:\/\/www.castingnews.eu\/magazine\/wp-content\/uploads\/2024\/05\/The_Well_AGONIA_DI_TONY_1.1.20-1024x428.jpg 1024w, https:\/\/www.castingnews.eu\/magazine\/wp-content\/uploads\/2024\/05\/The_Well_AGONIA_DI_TONY_1.1.20-300x125.jpg 300w, https:\/\/www.castingnews.eu\/magazine\/wp-content\/uploads\/2024\/05\/The_Well_AGONIA_DI_TONY_1.1.20-768x321.jpg 768w, https:\/\/www.castingnews.eu\/magazine\/wp-content\/uploads\/2024\/05\/The_Well_AGONIA_DI_TONY_1.1.20-1536x642.jpg 1536w, https:\/\/www.castingnews.eu\/magazine\/wp-content\/uploads\/2024\/05\/The_Well_AGONIA_DI_TONY_1.1.20-1004x420.jpg 1004w, https:\/\/www.castingnews.eu\/magazine\/wp-content\/uploads\/2024\/05\/The_Well_AGONIA_DI_TONY_1.1.20-696x291.jpg 696w, https:\/\/www.castingnews.eu\/magazine\/wp-content\/uploads\/2024\/05\/The_Well_AGONIA_DI_TONY_1.1.20-1068x447.jpg 1068w, https:\/\/www.castingnews.eu\/magazine\/wp-content\/uploads\/2024\/05\/The_Well_AGONIA_DI_TONY_1.1.20.jpg 1920w\" sizes=\"auto, (max-width: 1024px) 100vw, 1024px\" \/><\/figure>\n<\/figure>\n\n\n\n<p>I profili social del film:<br><a href=\"https:\/\/www.instagram.com\/thewell_movie\/\" target=\"_blank\" rel=\"noreferrer noopener\">www.instagram.com\/thewell_movie\/<br><\/a><a href=\"https:\/\/www.facebook.com\/TheWellMovie23\/\" target=\"_blank\" rel=\"noreferrer noopener\">www.facebook.com\/TheWellMovie23\/<br><\/a><a href=\"https:\/\/twitter.com\/TheWell_ilfilm\" target=\"_blank\" rel=\"noreferrer noopener\">https:\/\/twitter.com\/TheWell_ilfilm<\/a><\/p>\n\n\n\n<p>Iscriviti alla\u00a0<strong><a href=\"https:\/\/www.castingnewsletter.eu\/CastingNewsPro\/\" target=\"_blank\" rel=\"noreferrer noopener\">newsletter giornaliera<\/a><\/strong>\u00a0di Casting News Professional per ricevere le ultime notizie sui casting aperti, provini e audizioni.<\/p>\n\n<div style=\"font-size: 0px; height: 0px; line-height: 0px; margin: 0; padding: 0; clear: both;\"><\/div>","protected":false},"excerpt":{"rendered":"<p>Il Male ha nuove profondit\u00e0Esce nei cinema il 18 luglio 2024 &#8220;The Well&#8221;, il nuovo feroce horror firmato da Federico Zampaglione, distribuito da Iperuranio Film in collaborazione con CG Entertainment. Zampaglione, gi\u00e0 noto per lavori come &#8220;Nero Bifamiliare&#8221;, &#8220;Shadow&#8221;, &#8220;Tulpa \u2013 Perdizioni mortali&#8221; e &#8220;Morrison&#8221;, torna con un\u2019opera che ha gi\u00e0 riscosso un enorme successo [&hellip;]<\/p>\n","protected":false},"author":1,"featured_media":8257,"comment_status":"open","ping_status":"open","sticky":false,"template":"","format":"standard","meta":{"tdm_status":"","tdm_grid_status":"","footnotes":""},"categories":[20,1533,71,21,30],"tags":[272,273,302,1699,5757,5223,534,5759,5758,1601,5752,5755,5751,5753,5754,5750,5756,5222,5760],"class_list":{"0":"post-8256","1":"post","2":"type-post","3":"status-publish","4":"format-standard","5":"has-post-thumbnail","7":"category-horror","8":"category-featured","9":"category-italia-paese","10":"category-in-primo-piano","11":"category-progetti-cinematografici","12":"tag-casting-magazine","13":"tag-casting-news","14":"tag-cinema","15":"tag-claudia-gerini","16":"tag-courage-oviawe","17":"tag-federico-zampaglione","18":"tag-film","19":"tag-gianluigi-calvani","20":"tag-giovanni-lombardo-radice","21":"tag-horror","22":"tag-iperuranio-film","23":"tag-jonathan-dylan-king","24":"tag-lauren-lavera","25":"tag-linda-zampaglione","26":"tag-lorenzo-renzi","27":"tag-stefano-masi","28":"tag-taylor-zaudtke","29":"tag-the-well","30":"tag-yassine-fadel"},"yoast_head":"<!-- This site is optimized with the Yoast SEO plugin v27.4 - https:\/\/yoast.com\/product\/yoast-seo-wordpress\/ -->\r\n<title>&quot;The Well&quot;: Il nuovo feroce horror di Federico Zampaglione al cinema dal 18 luglio - Casting News Magazine<\/title>\r\n<meta name=\"description\" content=\"Dal 18 luglio 2024, arriva nei cinema &quot;The Well&quot;, il nuovo feroce horror di Federico Zampaglione, prodotto da Iperuranio Film.\" \/>\r\n<meta name=\"robots\" content=\"index, follow, max-snippet:-1, max-image-preview:large, max-video-preview:-1\" \/>\r\n<link rel=\"canonical\" href=\"https:\/\/www.castingnews.eu\/magazine\/2024\/05\/17\/the-well-il-nuovo-feroce-horror-di-federico-zampaglione-al-cinema-dal-18-luglio\/\" \/>\r\n<meta property=\"og:locale\" content=\"it_IT\" \/>\r\n<meta property=\"og:type\" content=\"article\" \/>\r\n<meta property=\"og:title\" content=\"&quot;The Well&quot;: Il nuovo feroce horror di Federico Zampaglione al cinema dal 18 luglio - Casting News Magazine\" \/>\r\n<meta property=\"og:description\" content=\"Dal 18 luglio 2024, arriva nei cinema &quot;The Well&quot;, il nuovo feroce horror di Federico Zampaglione, prodotto da Iperuranio Film.\" \/>\r\n<meta property=\"og:url\" content=\"https:\/\/www.castingnews.eu\/magazine\/2024\/05\/17\/the-well-il-nuovo-feroce-horror-di-federico-zampaglione-al-cinema-dal-18-luglio\/\" \/>\r\n<meta property=\"og:site_name\" content=\"Casting News Magazine\" \/>\r\n<meta property=\"article:published_time\" content=\"2024-05-17T09:11:05+00:00\" \/>\r\n<meta property=\"article:modified_time\" content=\"2024-05-17T09:11:07+00:00\" \/>\r\n<meta property=\"og:image\" content=\"https:\/\/www.castingnews.eu\/magazine\/wp-content\/uploads\/2024\/05\/The_Well_ARRUDA_CON_SECCHIO_1.1.170.jpg\" \/>\r\n\t<meta property=\"og:image:width\" content=\"1920\" \/>\r\n\t<meta property=\"og:image:height\" content=\"803\" \/>\r\n\t<meta property=\"og:image:type\" content=\"image\/jpeg\" \/>\r\n<meta name=\"author\" content=\"Redazione\" \/>\r\n<meta name=\"twitter:card\" content=\"summary_large_image\" \/>\r\n<meta name=\"twitter:label1\" content=\"Scritto da\" \/>\n\t<meta name=\"twitter:data1\" content=\"Redazione\" \/>\n\t<meta name=\"twitter:label2\" content=\"Tempo di lettura stimato\" \/>\n\t<meta name=\"twitter:data2\" content=\"4 minuti\" \/>\r\n<script type=\"application\/ld+json\" class=\"yoast-schema-graph\">{\"@context\":\"https:\\\/\\\/schema.org\",\"@graph\":[{\"@type\":\"Article\",\"@id\":\"https:\\\/\\\/www.castingnews.eu\\\/magazine\\\/2024\\\/05\\\/17\\\/the-well-il-nuovo-feroce-horror-di-federico-zampaglione-al-cinema-dal-18-luglio\\\/#article\",\"isPartOf\":{\"@id\":\"https:\\\/\\\/www.castingnews.eu\\\/magazine\\\/2024\\\/05\\\/17\\\/the-well-il-nuovo-feroce-horror-di-federico-zampaglione-al-cinema-dal-18-luglio\\\/\"},\"author\":{\"name\":\"Redazione\",\"@id\":\"https:\\\/\\\/www.castingnews.eu\\\/magazine\\\/#\\\/schema\\\/person\\\/099d71c568c9a7e5e4037b1594108f17\"},\"headline\":\"&#8220;The Well&#8221;: Il nuovo feroce horror di Federico Zampaglione al cinema dal 18 luglio\",\"datePublished\":\"2024-05-17T09:11:05+00:00\",\"dateModified\":\"2024-05-17T09:11:07+00:00\",\"mainEntityOfPage\":{\"@id\":\"https:\\\/\\\/www.castingnews.eu\\\/magazine\\\/2024\\\/05\\\/17\\\/the-well-il-nuovo-feroce-horror-di-federico-zampaglione-al-cinema-dal-18-luglio\\\/\"},\"wordCount\":542,\"commentCount\":0,\"image\":{\"@id\":\"https:\\\/\\\/www.castingnews.eu\\\/magazine\\\/2024\\\/05\\\/17\\\/the-well-il-nuovo-feroce-horror-di-federico-zampaglione-al-cinema-dal-18-luglio\\\/#primaryimage\"},\"thumbnailUrl\":\"https:\\\/\\\/www.castingnews.eu\\\/magazine\\\/wp-content\\\/uploads\\\/2024\\\/05\\\/The_Well_ARRUDA_CON_SECCHIO_1.1.170.jpg\",\"keywords\":[\"Casting Magazine\",\"Casting News\",\"Cinema\",\"Claudia Gerini\",\"Courage Oviawe\",\"Federico Zampaglione\",\"Film\",\"Gianluigi Calvani\",\"Giovanni Lombardo Radice\",\"Horror\",\"Iperuranio Film\",\"Jonathan Dylan King\",\"Lauren LaVera\",\"Linda Zampaglione\",\"Lorenzo Renzi\",\"Stefano Masi\",\"Taylor Zaudtke\",\"The Well\",\"Yassine Fadel\"],\"articleSection\":[\"Horror\",\"In primo piano\",\"Italia\",\"Primo piano\",\"Progetti cinematografici\"],\"inLanguage\":\"it-IT\",\"potentialAction\":[{\"@type\":\"CommentAction\",\"name\":\"Comment\",\"target\":[\"https:\\\/\\\/www.castingnews.eu\\\/magazine\\\/2024\\\/05\\\/17\\\/the-well-il-nuovo-feroce-horror-di-federico-zampaglione-al-cinema-dal-18-luglio\\\/#respond\"]}]},{\"@type\":\"WebPage\",\"@id\":\"https:\\\/\\\/www.castingnews.eu\\\/magazine\\\/2024\\\/05\\\/17\\\/the-well-il-nuovo-feroce-horror-di-federico-zampaglione-al-cinema-dal-18-luglio\\\/\",\"url\":\"https:\\\/\\\/www.castingnews.eu\\\/magazine\\\/2024\\\/05\\\/17\\\/the-well-il-nuovo-feroce-horror-di-federico-zampaglione-al-cinema-dal-18-luglio\\\/\",\"name\":\"\\\"The Well\\\": Il nuovo feroce horror di Federico Zampaglione al cinema dal 18 luglio - Casting News Magazine\",\"isPartOf\":{\"@id\":\"https:\\\/\\\/www.castingnews.eu\\\/magazine\\\/#website\"},\"primaryImageOfPage\":{\"@id\":\"https:\\\/\\\/www.castingnews.eu\\\/magazine\\\/2024\\\/05\\\/17\\\/the-well-il-nuovo-feroce-horror-di-federico-zampaglione-al-cinema-dal-18-luglio\\\/#primaryimage\"},\"image\":{\"@id\":\"https:\\\/\\\/www.castingnews.eu\\\/magazine\\\/2024\\\/05\\\/17\\\/the-well-il-nuovo-feroce-horror-di-federico-zampaglione-al-cinema-dal-18-luglio\\\/#primaryimage\"},\"thumbnailUrl\":\"https:\\\/\\\/www.castingnews.eu\\\/magazine\\\/wp-content\\\/uploads\\\/2024\\\/05\\\/The_Well_ARRUDA_CON_SECCHIO_1.1.170.jpg\",\"datePublished\":\"2024-05-17T09:11:05+00:00\",\"dateModified\":\"2024-05-17T09:11:07+00:00\",\"author\":{\"@id\":\"https:\\\/\\\/www.castingnews.eu\\\/magazine\\\/#\\\/schema\\\/person\\\/099d71c568c9a7e5e4037b1594108f17\"},\"description\":\"Dal 18 luglio 2024, arriva nei cinema \\\"The Well\\\", il nuovo feroce horror di Federico Zampaglione, prodotto da Iperuranio Film.\",\"breadcrumb\":{\"@id\":\"https:\\\/\\\/www.castingnews.eu\\\/magazine\\\/2024\\\/05\\\/17\\\/the-well-il-nuovo-feroce-horror-di-federico-zampaglione-al-cinema-dal-18-luglio\\\/#breadcrumb\"},\"inLanguage\":\"it-IT\",\"potentialAction\":[{\"@type\":\"ReadAction\",\"target\":[\"https:\\\/\\\/www.castingnews.eu\\\/magazine\\\/2024\\\/05\\\/17\\\/the-well-il-nuovo-feroce-horror-di-federico-zampaglione-al-cinema-dal-18-luglio\\\/\"]}]},{\"@type\":\"ImageObject\",\"inLanguage\":\"it-IT\",\"@id\":\"https:\\\/\\\/www.castingnews.eu\\\/magazine\\\/2024\\\/05\\\/17\\\/the-well-il-nuovo-feroce-horror-di-federico-zampaglione-al-cinema-dal-18-luglio\\\/#primaryimage\",\"url\":\"https:\\\/\\\/www.castingnews.eu\\\/magazine\\\/wp-content\\\/uploads\\\/2024\\\/05\\\/The_Well_ARRUDA_CON_SECCHIO_1.1.170.jpg\",\"contentUrl\":\"https:\\\/\\\/www.castingnews.eu\\\/magazine\\\/wp-content\\\/uploads\\\/2024\\\/05\\\/The_Well_ARRUDA_CON_SECCHIO_1.1.170.jpg\",\"width\":1920,\"height\":803,\"caption\":\"THE WELL\"},{\"@type\":\"BreadcrumbList\",\"@id\":\"https:\\\/\\\/www.castingnews.eu\\\/magazine\\\/2024\\\/05\\\/17\\\/the-well-il-nuovo-feroce-horror-di-federico-zampaglione-al-cinema-dal-18-luglio\\\/#breadcrumb\",\"itemListElement\":[{\"@type\":\"ListItem\",\"position\":1,\"name\":\"Home\",\"item\":\"https:\\\/\\\/www.castingnews.eu\\\/magazine\\\/\"},{\"@type\":\"ListItem\",\"position\":2,\"name\":\"&#8220;The Well&#8221;: Il nuovo feroce horror di Federico Zampaglione al cinema dal 18 luglio\"}]},{\"@type\":\"WebSite\",\"@id\":\"https:\\\/\\\/www.castingnews.eu\\\/magazine\\\/#website\",\"url\":\"https:\\\/\\\/www.castingnews.eu\\\/magazine\\\/\",\"name\":\"Casting News Magazine\",\"description\":\"News e aggiornamenti sui film, serie tv, teatro e festival italiani ed internazionali\",\"potentialAction\":[{\"@type\":\"SearchAction\",\"target\":{\"@type\":\"EntryPoint\",\"urlTemplate\":\"https:\\\/\\\/www.castingnews.eu\\\/magazine\\\/?s={search_term_string}\"},\"query-input\":{\"@type\":\"PropertyValueSpecification\",\"valueRequired\":true,\"valueName\":\"search_term_string\"}}],\"inLanguage\":\"it-IT\"},{\"@type\":\"Person\",\"@id\":\"https:\\\/\\\/www.castingnews.eu\\\/magazine\\\/#\\\/schema\\\/person\\\/099d71c568c9a7e5e4037b1594108f17\",\"name\":\"Redazione\",\"image\":{\"@type\":\"ImageObject\",\"inLanguage\":\"it-IT\",\"@id\":\"https:\\\/\\\/secure.gravatar.com\\\/avatar\\\/b73a087aa3bd279fb70d24f1960a91c82cf67619395b60b564c90e9e5d5325fc?s=96&d=mm&r=g\",\"url\":\"https:\\\/\\\/secure.gravatar.com\\\/avatar\\\/b73a087aa3bd279fb70d24f1960a91c82cf67619395b60b564c90e9e5d5325fc?s=96&d=mm&r=g\",\"contentUrl\":\"https:\\\/\\\/secure.gravatar.com\\\/avatar\\\/b73a087aa3bd279fb70d24f1960a91c82cf67619395b60b564c90e9e5d5325fc?s=96&d=mm&r=g\",\"caption\":\"Redazione\"},\"description\":\"News e aggiornamenti sui film, serie tv, teatro e festival italiani ed internazionali.\",\"url\":\"https:\\\/\\\/www.castingnews.eu\\\/magazine\\\/author\\\/redazione\\\/\"}]}<\/script>\r\n<!-- \/ Yoast SEO plugin. -->","yoast_head_json":{"title":"\"The Well\": Il nuovo feroce horror di Federico Zampaglione al cinema dal 18 luglio - Casting News Magazine","description":"Dal 18 luglio 2024, arriva nei cinema \"The Well\", il nuovo feroce horror di Federico Zampaglione, prodotto da Iperuranio Film.","robots":{"index":"index","follow":"follow","max-snippet":"max-snippet:-1","max-image-preview":"max-image-preview:large","max-video-preview":"max-video-preview:-1"},"canonical":"https:\/\/www.castingnews.eu\/magazine\/2024\/05\/17\/the-well-il-nuovo-feroce-horror-di-federico-zampaglione-al-cinema-dal-18-luglio\/","og_locale":"it_IT","og_type":"article","og_title":"\"The Well\": Il nuovo feroce horror di Federico Zampaglione al cinema dal 18 luglio - Casting News Magazine","og_description":"Dal 18 luglio 2024, arriva nei cinema \"The Well\", il nuovo feroce horror di Federico Zampaglione, prodotto da Iperuranio Film.","og_url":"https:\/\/www.castingnews.eu\/magazine\/2024\/05\/17\/the-well-il-nuovo-feroce-horror-di-federico-zampaglione-al-cinema-dal-18-luglio\/","og_site_name":"Casting News Magazine","article_published_time":"2024-05-17T09:11:05+00:00","article_modified_time":"2024-05-17T09:11:07+00:00","og_image":[{"width":1920,"height":803,"url":"https:\/\/www.castingnews.eu\/magazine\/wp-content\/uploads\/2024\/05\/The_Well_ARRUDA_CON_SECCHIO_1.1.170.jpg","type":"image\/jpeg"}],"author":"Redazione","twitter_card":"summary_large_image","twitter_misc":{"Scritto da":"Redazione","Tempo di lettura stimato":"4 minuti"},"schema":{"@context":"https:\/\/schema.org","@graph":[{"@type":"Article","@id":"https:\/\/www.castingnews.eu\/magazine\/2024\/05\/17\/the-well-il-nuovo-feroce-horror-di-federico-zampaglione-al-cinema-dal-18-luglio\/#article","isPartOf":{"@id":"https:\/\/www.castingnews.eu\/magazine\/2024\/05\/17\/the-well-il-nuovo-feroce-horror-di-federico-zampaglione-al-cinema-dal-18-luglio\/"},"author":{"name":"Redazione","@id":"https:\/\/www.castingnews.eu\/magazine\/#\/schema\/person\/099d71c568c9a7e5e4037b1594108f17"},"headline":"&#8220;The Well&#8221;: Il nuovo feroce horror di Federico Zampaglione al cinema dal 18 luglio","datePublished":"2024-05-17T09:11:05+00:00","dateModified":"2024-05-17T09:11:07+00:00","mainEntityOfPage":{"@id":"https:\/\/www.castingnews.eu\/magazine\/2024\/05\/17\/the-well-il-nuovo-feroce-horror-di-federico-zampaglione-al-cinema-dal-18-luglio\/"},"wordCount":542,"commentCount":0,"image":{"@id":"https:\/\/www.castingnews.eu\/magazine\/2024\/05\/17\/the-well-il-nuovo-feroce-horror-di-federico-zampaglione-al-cinema-dal-18-luglio\/#primaryimage"},"thumbnailUrl":"https:\/\/www.castingnews.eu\/magazine\/wp-content\/uploads\/2024\/05\/The_Well_ARRUDA_CON_SECCHIO_1.1.170.jpg","keywords":["Casting Magazine","Casting News","Cinema","Claudia Gerini","Courage Oviawe","Federico Zampaglione","Film","Gianluigi Calvani","Giovanni Lombardo Radice","Horror","Iperuranio Film","Jonathan Dylan King","Lauren LaVera","Linda Zampaglione","Lorenzo Renzi","Stefano Masi","Taylor Zaudtke","The Well","Yassine Fadel"],"articleSection":["Horror","In primo piano","Italia","Primo piano","Progetti cinematografici"],"inLanguage":"it-IT","potentialAction":[{"@type":"CommentAction","name":"Comment","target":["https:\/\/www.castingnews.eu\/magazine\/2024\/05\/17\/the-well-il-nuovo-feroce-horror-di-federico-zampaglione-al-cinema-dal-18-luglio\/#respond"]}]},{"@type":"WebPage","@id":"https:\/\/www.castingnews.eu\/magazine\/2024\/05\/17\/the-well-il-nuovo-feroce-horror-di-federico-zampaglione-al-cinema-dal-18-luglio\/","url":"https:\/\/www.castingnews.eu\/magazine\/2024\/05\/17\/the-well-il-nuovo-feroce-horror-di-federico-zampaglione-al-cinema-dal-18-luglio\/","name":"\"The Well\": Il nuovo feroce horror di Federico Zampaglione al cinema dal 18 luglio - Casting News Magazine","isPartOf":{"@id":"https:\/\/www.castingnews.eu\/magazine\/#website"},"primaryImageOfPage":{"@id":"https:\/\/www.castingnews.eu\/magazine\/2024\/05\/17\/the-well-il-nuovo-feroce-horror-di-federico-zampaglione-al-cinema-dal-18-luglio\/#primaryimage"},"image":{"@id":"https:\/\/www.castingnews.eu\/magazine\/2024\/05\/17\/the-well-il-nuovo-feroce-horror-di-federico-zampaglione-al-cinema-dal-18-luglio\/#primaryimage"},"thumbnailUrl":"https:\/\/www.castingnews.eu\/magazine\/wp-content\/uploads\/2024\/05\/The_Well_ARRUDA_CON_SECCHIO_1.1.170.jpg","datePublished":"2024-05-17T09:11:05+00:00","dateModified":"2024-05-17T09:11:07+00:00","author":{"@id":"https:\/\/www.castingnews.eu\/magazine\/#\/schema\/person\/099d71c568c9a7e5e4037b1594108f17"},"description":"Dal 18 luglio 2024, arriva nei cinema \"The Well\", il nuovo feroce horror di Federico Zampaglione, prodotto da Iperuranio Film.","breadcrumb":{"@id":"https:\/\/www.castingnews.eu\/magazine\/2024\/05\/17\/the-well-il-nuovo-feroce-horror-di-federico-zampaglione-al-cinema-dal-18-luglio\/#breadcrumb"},"inLanguage":"it-IT","potentialAction":[{"@type":"ReadAction","target":["https:\/\/www.castingnews.eu\/magazine\/2024\/05\/17\/the-well-il-nuovo-feroce-horror-di-federico-zampaglione-al-cinema-dal-18-luglio\/"]}]},{"@type":"ImageObject","inLanguage":"it-IT","@id":"https:\/\/www.castingnews.eu\/magazine\/2024\/05\/17\/the-well-il-nuovo-feroce-horror-di-federico-zampaglione-al-cinema-dal-18-luglio\/#primaryimage","url":"https:\/\/www.castingnews.eu\/magazine\/wp-content\/uploads\/2024\/05\/The_Well_ARRUDA_CON_SECCHIO_1.1.170.jpg","contentUrl":"https:\/\/www.castingnews.eu\/magazine\/wp-content\/uploads\/2024\/05\/The_Well_ARRUDA_CON_SECCHIO_1.1.170.jpg","width":1920,"height":803,"caption":"THE WELL"},{"@type":"BreadcrumbList","@id":"https:\/\/www.castingnews.eu\/magazine\/2024\/05\/17\/the-well-il-nuovo-feroce-horror-di-federico-zampaglione-al-cinema-dal-18-luglio\/#breadcrumb","itemListElement":[{"@type":"ListItem","position":1,"name":"Home","item":"https:\/\/www.castingnews.eu\/magazine\/"},{"@type":"ListItem","position":2,"name":"&#8220;The Well&#8221;: Il nuovo feroce horror di Federico Zampaglione al cinema dal 18 luglio"}]},{"@type":"WebSite","@id":"https:\/\/www.castingnews.eu\/magazine\/#website","url":"https:\/\/www.castingnews.eu\/magazine\/","name":"Casting News Magazine","description":"News e aggiornamenti sui film, serie tv, teatro e festival italiani ed internazionali","potentialAction":[{"@type":"SearchAction","target":{"@type":"EntryPoint","urlTemplate":"https:\/\/www.castingnews.eu\/magazine\/?s={search_term_string}"},"query-input":{"@type":"PropertyValueSpecification","valueRequired":true,"valueName":"search_term_string"}}],"inLanguage":"it-IT"},{"@type":"Person","@id":"https:\/\/www.castingnews.eu\/magazine\/#\/schema\/person\/099d71c568c9a7e5e4037b1594108f17","name":"Redazione","image":{"@type":"ImageObject","inLanguage":"it-IT","@id":"https:\/\/secure.gravatar.com\/avatar\/b73a087aa3bd279fb70d24f1960a91c82cf67619395b60b564c90e9e5d5325fc?s=96&d=mm&r=g","url":"https:\/\/secure.gravatar.com\/avatar\/b73a087aa3bd279fb70d24f1960a91c82cf67619395b60b564c90e9e5d5325fc?s=96&d=mm&r=g","contentUrl":"https:\/\/secure.gravatar.com\/avatar\/b73a087aa3bd279fb70d24f1960a91c82cf67619395b60b564c90e9e5d5325fc?s=96&d=mm&r=g","caption":"Redazione"},"description":"News e aggiornamenti sui film, serie tv, teatro e festival italiani ed internazionali.","url":"https:\/\/www.castingnews.eu\/magazine\/author\/redazione\/"}]}},"_links":{"self":[{"href":"https:\/\/www.castingnews.eu\/magazine\/wp-json\/wp\/v2\/posts\/8256","targetHints":{"allow":["GET"]}}],"collection":[{"href":"https:\/\/www.castingnews.eu\/magazine\/wp-json\/wp\/v2\/posts"}],"about":[{"href":"https:\/\/www.castingnews.eu\/magazine\/wp-json\/wp\/v2\/types\/post"}],"author":[{"embeddable":true,"href":"https:\/\/www.castingnews.eu\/magazine\/wp-json\/wp\/v2\/users\/1"}],"replies":[{"embeddable":true,"href":"https:\/\/www.castingnews.eu\/magazine\/wp-json\/wp\/v2\/comments?post=8256"}],"version-history":[{"count":1,"href":"https:\/\/www.castingnews.eu\/magazine\/wp-json\/wp\/v2\/posts\/8256\/revisions"}],"predecessor-version":[{"id":8262,"href":"https:\/\/www.castingnews.eu\/magazine\/wp-json\/wp\/v2\/posts\/8256\/revisions\/8262"}],"wp:featuredmedia":[{"embeddable":true,"href":"https:\/\/www.castingnews.eu\/magazine\/wp-json\/wp\/v2\/media\/8257"}],"wp:attachment":[{"href":"https:\/\/www.castingnews.eu\/magazine\/wp-json\/wp\/v2\/media?parent=8256"}],"wp:term":[{"taxonomy":"category","embeddable":true,"href":"https:\/\/www.castingnews.eu\/magazine\/wp-json\/wp\/v2\/categories?post=8256"},{"taxonomy":"post_tag","embeddable":true,"href":"https:\/\/www.castingnews.eu\/magazine\/wp-json\/wp\/v2\/tags?post=8256"}],"curies":[{"name":"wp","href":"https:\/\/api.w.org\/{rel}","templated":true}]}}