{"id":824,"date":"2012-04-10T13:08:20","date_gmt":"2012-04-10T12:08:20","guid":{"rendered":"http:\/\/www.film-movie.eu\/?p=824"},"modified":"2012-04-10T13:08:20","modified_gmt":"2012-04-10T12:08:20","slug":"entrano-nel-vivo-le-selezioni-di-sos-cabaret","status":"publish","type":"post","link":"https:\/\/www.castingnews.eu\/magazine\/2012\/04\/10\/entrano-nel-vivo-le-selezioni-di-sos-cabaret\/","title":{"rendered":"Entrano nel vivo le selezioni di &#8220;Sos Cabaret&#8221;"},"content":{"rendered":"<h3 style=\"text-align: justify;\">Mercoled\u00ec 11 Aprile, al circolo Aurora, una sfida a suon di battute tra 10 comici da tutta Italia.<\/h3>\n<p style=\"text-align: justify;\">In palio c&#8217;\u00e8 la qualificazione per le finali estive di uno dei pi\u00f9 importanti concorsi di comicit\u00e0.<br \/>\nEntrano nel vivo le selezioni per la sesta edizione di &#8220;Sos Cabaret&#8221;, primo e unico concorso di respiro nazionale dedicato alla comicit\u00e0 organizzato in Toscana. I primi artisti in gara si sono gi\u00e0 sfidati all&#8217;interno degli spettacoli di &#8220;Aspettando Sos Cabaret&#8221;, ma al concorso si sono iscritti cos\u00ec tanti giovani comici o aspiranti comici che i Noidellescarpediverse hanno dovuto organizzare due serate &#8220;ad hoc&#8221; dedicate esclusivamente alle selezioni: il doppio appuntamento, ad ingresso gratuito, \u00e8 per Mercoled\u00ec 11 Aprile e Mercoled\u00ec 18 Aprile 2012, alle 21.30, al circolo Aurora di piazza Sant&#8217;Agostino. In queste due serate, comici e cabarettisti provenienti da tutta Italia presenteranno un pezzo della durata massima di 8 minuti per cercare di strappare risate agli spettatori e per convincere una giuria qualificata (composta da giornalisti e da esperti di arte, cultura, cinema e teatro) sulle loro capacit\u00e0 artistiche. I comici pi\u00f9 bravi, quelli che riceveranno il maggior numero di voti, otterranno la grande possibilit\u00e0 di poter partecipare alle finali estive di &#8220;Sos Cabaret&#8221;, un concorso che, anche per il 2012, ha confermato i ricchi premi degli anni precedenti: il comico vincitore si aggiudicher\u00e0 il &#8220;Premio Sos Cabaret&#8221; (la possibilit\u00e0 di produrre un dvd promozionale da registrare in uno spettacolo inserito nel corso della stagione teatrale aretina 2012-2013), poi sono previsti il &#8220;Premio Originalit\u00e0&#8221; (assegnato da una giuria istituzionale) e il &#8220;Premio Accademia Nazionale del Comico di Roma&#8221; (uno stage gratuito presso la stessa accademia).<\/p><div class=\"6d3639e8c6ac292cde400fad8ff8a5b9\" data-index=\"1\" style=\"float: none; margin:10px 0 10px 0; text-align:center;\">\n<script async src=\"\/\/pagead2.googlesyndication.com\/pagead\/js\/adsbygoogle.js\"><\/script>\r\n<!-- Casting Bambini NEW -->\r\n<ins class=\"adsbygoogle\"\r\n     style=\"display:inline-block;width:336px;height:280px\"\r\n     data-ad-client=\"ca-pub-5538097485429833\"\r\n     data-ad-slot=\"5127154445\"><\/ins>\r\n<script>\r\n(adsbygoogle = window.adsbygoogle || []).push({});\r\n<\/script>\n<\/div>\n\n<h3><strong><img loading=\"lazy\" decoding=\"async\" class=\"alignleft\" style=\"margin-left: 5px; margin-right: 5px;\" title=\"Sos-Cabaret-2012\" src=\"http:\/\/www.film-movie.eu\/wp-content\/uploads\/2012\/04\/Sos-Cabaret-2012-300x225.jpg\" alt=\"\" width=\"300\" height=\"225\" \/><\/strong><\/h3>\n<p style=\"text-align: justify;\">\u00abAbbiamo ricevuto decine di iscrizioni da tutta Italia &#8211; affermano Samuele Boncompagni e Riccardo Valeriani, i Noidellescarpediverse. &#8211; Sono tantissimi gli aspiranti comici che hanno deciso di mettersi in gioco in &#8220;Sos Cabaret&#8221;, ennesima testimonianza di come il concorso si sia ormai radicato a livello nazionale, dunque siamo lieti di organizzare due serate dedicate solo ed esclusivamente alle selezioni. Mercoled\u00ec 11 Aprile saliranno sul palco dell&#8217;Aurora ben 10 artisti da tutta Italia che, con le loro performance, si sfideranno a suon di battute con l&#8217;obiettivo di dimostrare le loro abilit\u00e0 comiche e di strappare il pass per le finali estive\u00bb. Nel corso della serata, oltre ai pezzi dei comici in gara, gli spettatori potranno godere anche di alcuni sketch dei Noidellescarpediverse e di Alan&amp;Lenny (i comici aretini Alan Bigiarini e Lenny Graziani), che sfrutteranno l&#8217;occasione per presentare al pubblico nuove battute e personaggi da rodare.<\/p>\n\n<div style=\"font-size: 0px; height: 0px; line-height: 0px; margin: 0; padding: 0; clear: both;\"><\/div>","protected":false},"excerpt":{"rendered":"<p>Mercoled\u00ec 11 Aprile, al circolo Aurora, una sfida a suon di battute tra 10 comici da tutta Italia. In palio c&#8217;\u00e8 la qualificazione per le finali estive di uno dei pi\u00f9 importanti concorsi di comicit\u00e0. Entrano nel vivo le selezioni per la sesta edizione di &#8220;Sos Cabaret&#8221;, primo e unico concorso di respiro nazionale dedicato [&hellip;]<\/p>\n","protected":false},"author":1,"featured_media":825,"comment_status":"closed","ping_status":"open","sticky":false,"template":"","format":"standard","meta":{"tdm_status":"","tdm_grid_status":"","footnotes":""},"categories":[6,7,21],"tags":[163,175,244,333,346,348,1020,1293],"class_list":{"0":"post-824","1":"post","2":"type-post","3":"status-publish","4":"format-standard","5":"has-post-thumbnail","7":"category-concorsi-cabaret","8":"category-concorsi-teatrali","9":"category-in-primo-piano","10":"tag-arezzo","11":"tag-aspiranti-comici","12":"tag-cabarettisti","13":"tag-comici","14":"tag-concorsi","15":"tag-concorso","16":"tag-noidellescarpediverse","17":"tag-sos-cabaret"},"yoast_head":"<!-- This site is optimized with the Yoast SEO plugin v27.4 - https:\/\/yoast.com\/product\/yoast-seo-wordpress\/ -->\r\n<title>Entrano nel vivo le selezioni di &quot;Sos Cabaret&quot; - Casting News Magazine<\/title>\r\n<meta name=\"robots\" content=\"index, follow, max-snippet:-1, max-image-preview:large, max-video-preview:-1\" \/>\r\n<link rel=\"canonical\" href=\"https:\/\/www.castingnews.eu\/magazine\/2012\/04\/10\/entrano-nel-vivo-le-selezioni-di-sos-cabaret\/\" \/>\r\n<meta property=\"og:locale\" content=\"it_IT\" \/>\r\n<meta property=\"og:type\" content=\"article\" \/>\r\n<meta property=\"og:title\" content=\"Entrano nel vivo le selezioni di &quot;Sos Cabaret&quot; - Casting News Magazine\" \/>\r\n<meta property=\"og:description\" content=\"Mercoled\u00ec 11 Aprile, al circolo Aurora, una sfida a suon di battute tra 10 comici da tutta Italia. In palio c&#8217;\u00e8 la qualificazione per le finali estive di uno dei pi\u00f9 importanti concorsi di comicit\u00e0. Entrano nel vivo le selezioni per la sesta edizione di &#8220;Sos Cabaret&#8221;, primo e unico concorso di respiro nazionale dedicato [&hellip;]\" \/>\r\n<meta property=\"og:url\" content=\"https:\/\/www.castingnews.eu\/magazine\/2012\/04\/10\/entrano-nel-vivo-le-selezioni-di-sos-cabaret\/\" \/>\r\n<meta property=\"og:site_name\" content=\"Casting News Magazine\" \/>\r\n<meta property=\"article:published_time\" content=\"2012-04-10T12:08:20+00:00\" \/>\r\n<meta property=\"og:image\" content=\"https:\/\/www.castingnews.eu\/magazine\/wp-content\/uploads\/2012\/04\/Sos-Cabaret-2012-1.jpg\" \/>\r\n\t<meta property=\"og:image:width\" content=\"430\" \/>\r\n\t<meta property=\"og:image:height\" content=\"323\" \/>\r\n\t<meta property=\"og:image:type\" content=\"image\/jpeg\" \/>\r\n<meta name=\"author\" content=\"Redazione\" \/>\r\n<meta name=\"twitter:card\" content=\"summary_large_image\" \/>\r\n<meta name=\"twitter:label1\" content=\"Scritto da\" \/>\n\t<meta name=\"twitter:data1\" content=\"Redazione\" \/>\n\t<meta name=\"twitter:label2\" content=\"Tempo di lettura stimato\" \/>\n\t<meta name=\"twitter:data2\" content=\"2 minuti\" \/>\r\n<script type=\"application\/ld+json\" class=\"yoast-schema-graph\">{\"@context\":\"https:\\\/\\\/schema.org\",\"@graph\":[{\"@type\":\"Article\",\"@id\":\"https:\\\/\\\/www.castingnews.eu\\\/magazine\\\/2012\\\/04\\\/10\\\/entrano-nel-vivo-le-selezioni-di-sos-cabaret\\\/#article\",\"isPartOf\":{\"@id\":\"https:\\\/\\\/www.castingnews.eu\\\/magazine\\\/2012\\\/04\\\/10\\\/entrano-nel-vivo-le-selezioni-di-sos-cabaret\\\/\"},\"author\":{\"name\":\"Redazione\",\"@id\":\"https:\\\/\\\/www.castingnews.eu\\\/magazine\\\/#\\\/schema\\\/person\\\/099d71c568c9a7e5e4037b1594108f17\"},\"headline\":\"Entrano nel vivo le selezioni di &#8220;Sos Cabaret&#8221;\",\"datePublished\":\"2012-04-10T12:08:20+00:00\",\"mainEntityOfPage\":{\"@id\":\"https:\\\/\\\/www.castingnews.eu\\\/magazine\\\/2012\\\/04\\\/10\\\/entrano-nel-vivo-le-selezioni-di-sos-cabaret\\\/\"},\"wordCount\":421,\"image\":{\"@id\":\"https:\\\/\\\/www.castingnews.eu\\\/magazine\\\/2012\\\/04\\\/10\\\/entrano-nel-vivo-le-selezioni-di-sos-cabaret\\\/#primaryimage\"},\"thumbnailUrl\":\"https:\\\/\\\/www.castingnews.eu\\\/magazine\\\/wp-content\\\/uploads\\\/2012\\\/04\\\/Sos-Cabaret-2012-1.jpg\",\"keywords\":[\"Arezzo\",\"Aspiranti comici\",\"Cabarettisti\",\"comici\",\"Concorsi\",\"Concorso\",\"Noidellescarpediverse\",\"Sos Cabaret\"],\"articleSection\":[\"Concorsi Cabaret\",\"Concorsi Teatrali\",\"Primo piano\"],\"inLanguage\":\"it-IT\"},{\"@type\":\"WebPage\",\"@id\":\"https:\\\/\\\/www.castingnews.eu\\\/magazine\\\/2012\\\/04\\\/10\\\/entrano-nel-vivo-le-selezioni-di-sos-cabaret\\\/\",\"url\":\"https:\\\/\\\/www.castingnews.eu\\\/magazine\\\/2012\\\/04\\\/10\\\/entrano-nel-vivo-le-selezioni-di-sos-cabaret\\\/\",\"name\":\"Entrano nel vivo le selezioni di \\\"Sos Cabaret\\\" - Casting News Magazine\",\"isPartOf\":{\"@id\":\"https:\\\/\\\/www.castingnews.eu\\\/magazine\\\/#website\"},\"primaryImageOfPage\":{\"@id\":\"https:\\\/\\\/www.castingnews.eu\\\/magazine\\\/2012\\\/04\\\/10\\\/entrano-nel-vivo-le-selezioni-di-sos-cabaret\\\/#primaryimage\"},\"image\":{\"@id\":\"https:\\\/\\\/www.castingnews.eu\\\/magazine\\\/2012\\\/04\\\/10\\\/entrano-nel-vivo-le-selezioni-di-sos-cabaret\\\/#primaryimage\"},\"thumbnailUrl\":\"https:\\\/\\\/www.castingnews.eu\\\/magazine\\\/wp-content\\\/uploads\\\/2012\\\/04\\\/Sos-Cabaret-2012-1.jpg\",\"datePublished\":\"2012-04-10T12:08:20+00:00\",\"author\":{\"@id\":\"https:\\\/\\\/www.castingnews.eu\\\/magazine\\\/#\\\/schema\\\/person\\\/099d71c568c9a7e5e4037b1594108f17\"},\"breadcrumb\":{\"@id\":\"https:\\\/\\\/www.castingnews.eu\\\/magazine\\\/2012\\\/04\\\/10\\\/entrano-nel-vivo-le-selezioni-di-sos-cabaret\\\/#breadcrumb\"},\"inLanguage\":\"it-IT\",\"potentialAction\":[{\"@type\":\"ReadAction\",\"target\":[\"https:\\\/\\\/www.castingnews.eu\\\/magazine\\\/2012\\\/04\\\/10\\\/entrano-nel-vivo-le-selezioni-di-sos-cabaret\\\/\"]}]},{\"@type\":\"ImageObject\",\"inLanguage\":\"it-IT\",\"@id\":\"https:\\\/\\\/www.castingnews.eu\\\/magazine\\\/2012\\\/04\\\/10\\\/entrano-nel-vivo-le-selezioni-di-sos-cabaret\\\/#primaryimage\",\"url\":\"https:\\\/\\\/www.castingnews.eu\\\/magazine\\\/wp-content\\\/uploads\\\/2012\\\/04\\\/Sos-Cabaret-2012-1.jpg\",\"contentUrl\":\"https:\\\/\\\/www.castingnews.eu\\\/magazine\\\/wp-content\\\/uploads\\\/2012\\\/04\\\/Sos-Cabaret-2012-1.jpg\",\"width\":430,\"height\":323},{\"@type\":\"BreadcrumbList\",\"@id\":\"https:\\\/\\\/www.castingnews.eu\\\/magazine\\\/2012\\\/04\\\/10\\\/entrano-nel-vivo-le-selezioni-di-sos-cabaret\\\/#breadcrumb\",\"itemListElement\":[{\"@type\":\"ListItem\",\"position\":1,\"name\":\"Home\",\"item\":\"https:\\\/\\\/www.castingnews.eu\\\/magazine\\\/\"},{\"@type\":\"ListItem\",\"position\":2,\"name\":\"Entrano nel vivo le selezioni di &#8220;Sos Cabaret&#8221;\"}]},{\"@type\":\"WebSite\",\"@id\":\"https:\\\/\\\/www.castingnews.eu\\\/magazine\\\/#website\",\"url\":\"https:\\\/\\\/www.castingnews.eu\\\/magazine\\\/\",\"name\":\"Casting News Magazine\",\"description\":\"News e aggiornamenti sui film, serie tv, teatro e festival italiani ed internazionali\",\"potentialAction\":[{\"@type\":\"SearchAction\",\"target\":{\"@type\":\"EntryPoint\",\"urlTemplate\":\"https:\\\/\\\/www.castingnews.eu\\\/magazine\\\/?s={search_term_string}\"},\"query-input\":{\"@type\":\"PropertyValueSpecification\",\"valueRequired\":true,\"valueName\":\"search_term_string\"}}],\"inLanguage\":\"it-IT\"},{\"@type\":\"Person\",\"@id\":\"https:\\\/\\\/www.castingnews.eu\\\/magazine\\\/#\\\/schema\\\/person\\\/099d71c568c9a7e5e4037b1594108f17\",\"name\":\"Redazione\",\"image\":{\"@type\":\"ImageObject\",\"inLanguage\":\"it-IT\",\"@id\":\"https:\\\/\\\/secure.gravatar.com\\\/avatar\\\/b73a087aa3bd279fb70d24f1960a91c82cf67619395b60b564c90e9e5d5325fc?s=96&d=mm&r=g\",\"url\":\"https:\\\/\\\/secure.gravatar.com\\\/avatar\\\/b73a087aa3bd279fb70d24f1960a91c82cf67619395b60b564c90e9e5d5325fc?s=96&d=mm&r=g\",\"contentUrl\":\"https:\\\/\\\/secure.gravatar.com\\\/avatar\\\/b73a087aa3bd279fb70d24f1960a91c82cf67619395b60b564c90e9e5d5325fc?s=96&d=mm&r=g\",\"caption\":\"Redazione\"},\"description\":\"News e aggiornamenti sui film, serie tv, teatro e festival italiani ed internazionali.\",\"url\":\"https:\\\/\\\/www.castingnews.eu\\\/magazine\\\/author\\\/redazione\\\/\"}]}<\/script>\r\n<!-- \/ Yoast SEO plugin. -->","yoast_head_json":{"title":"Entrano nel vivo le selezioni di \"Sos Cabaret\" - Casting News Magazine","robots":{"index":"index","follow":"follow","max-snippet":"max-snippet:-1","max-image-preview":"max-image-preview:large","max-video-preview":"max-video-preview:-1"},"canonical":"https:\/\/www.castingnews.eu\/magazine\/2012\/04\/10\/entrano-nel-vivo-le-selezioni-di-sos-cabaret\/","og_locale":"it_IT","og_type":"article","og_title":"Entrano nel vivo le selezioni di \"Sos Cabaret\" - Casting News Magazine","og_description":"Mercoled\u00ec 11 Aprile, al circolo Aurora, una sfida a suon di battute tra 10 comici da tutta Italia. In palio c&#8217;\u00e8 la qualificazione per le finali estive di uno dei pi\u00f9 importanti concorsi di comicit\u00e0. Entrano nel vivo le selezioni per la sesta edizione di &#8220;Sos Cabaret&#8221;, primo e unico concorso di respiro nazionale dedicato [&hellip;]","og_url":"https:\/\/www.castingnews.eu\/magazine\/2012\/04\/10\/entrano-nel-vivo-le-selezioni-di-sos-cabaret\/","og_site_name":"Casting News Magazine","article_published_time":"2012-04-10T12:08:20+00:00","og_image":[{"width":430,"height":323,"url":"https:\/\/www.castingnews.eu\/magazine\/wp-content\/uploads\/2012\/04\/Sos-Cabaret-2012-1.jpg","type":"image\/jpeg"}],"author":"Redazione","twitter_card":"summary_large_image","twitter_misc":{"Scritto da":"Redazione","Tempo di lettura stimato":"2 minuti"},"schema":{"@context":"https:\/\/schema.org","@graph":[{"@type":"Article","@id":"https:\/\/www.castingnews.eu\/magazine\/2012\/04\/10\/entrano-nel-vivo-le-selezioni-di-sos-cabaret\/#article","isPartOf":{"@id":"https:\/\/www.castingnews.eu\/magazine\/2012\/04\/10\/entrano-nel-vivo-le-selezioni-di-sos-cabaret\/"},"author":{"name":"Redazione","@id":"https:\/\/www.castingnews.eu\/magazine\/#\/schema\/person\/099d71c568c9a7e5e4037b1594108f17"},"headline":"Entrano nel vivo le selezioni di &#8220;Sos Cabaret&#8221;","datePublished":"2012-04-10T12:08:20+00:00","mainEntityOfPage":{"@id":"https:\/\/www.castingnews.eu\/magazine\/2012\/04\/10\/entrano-nel-vivo-le-selezioni-di-sos-cabaret\/"},"wordCount":421,"image":{"@id":"https:\/\/www.castingnews.eu\/magazine\/2012\/04\/10\/entrano-nel-vivo-le-selezioni-di-sos-cabaret\/#primaryimage"},"thumbnailUrl":"https:\/\/www.castingnews.eu\/magazine\/wp-content\/uploads\/2012\/04\/Sos-Cabaret-2012-1.jpg","keywords":["Arezzo","Aspiranti comici","Cabarettisti","comici","Concorsi","Concorso","Noidellescarpediverse","Sos Cabaret"],"articleSection":["Concorsi Cabaret","Concorsi Teatrali","Primo piano"],"inLanguage":"it-IT"},{"@type":"WebPage","@id":"https:\/\/www.castingnews.eu\/magazine\/2012\/04\/10\/entrano-nel-vivo-le-selezioni-di-sos-cabaret\/","url":"https:\/\/www.castingnews.eu\/magazine\/2012\/04\/10\/entrano-nel-vivo-le-selezioni-di-sos-cabaret\/","name":"Entrano nel vivo le selezioni di \"Sos Cabaret\" - Casting News Magazine","isPartOf":{"@id":"https:\/\/www.castingnews.eu\/magazine\/#website"},"primaryImageOfPage":{"@id":"https:\/\/www.castingnews.eu\/magazine\/2012\/04\/10\/entrano-nel-vivo-le-selezioni-di-sos-cabaret\/#primaryimage"},"image":{"@id":"https:\/\/www.castingnews.eu\/magazine\/2012\/04\/10\/entrano-nel-vivo-le-selezioni-di-sos-cabaret\/#primaryimage"},"thumbnailUrl":"https:\/\/www.castingnews.eu\/magazine\/wp-content\/uploads\/2012\/04\/Sos-Cabaret-2012-1.jpg","datePublished":"2012-04-10T12:08:20+00:00","author":{"@id":"https:\/\/www.castingnews.eu\/magazine\/#\/schema\/person\/099d71c568c9a7e5e4037b1594108f17"},"breadcrumb":{"@id":"https:\/\/www.castingnews.eu\/magazine\/2012\/04\/10\/entrano-nel-vivo-le-selezioni-di-sos-cabaret\/#breadcrumb"},"inLanguage":"it-IT","potentialAction":[{"@type":"ReadAction","target":["https:\/\/www.castingnews.eu\/magazine\/2012\/04\/10\/entrano-nel-vivo-le-selezioni-di-sos-cabaret\/"]}]},{"@type":"ImageObject","inLanguage":"it-IT","@id":"https:\/\/www.castingnews.eu\/magazine\/2012\/04\/10\/entrano-nel-vivo-le-selezioni-di-sos-cabaret\/#primaryimage","url":"https:\/\/www.castingnews.eu\/magazine\/wp-content\/uploads\/2012\/04\/Sos-Cabaret-2012-1.jpg","contentUrl":"https:\/\/www.castingnews.eu\/magazine\/wp-content\/uploads\/2012\/04\/Sos-Cabaret-2012-1.jpg","width":430,"height":323},{"@type":"BreadcrumbList","@id":"https:\/\/www.castingnews.eu\/magazine\/2012\/04\/10\/entrano-nel-vivo-le-selezioni-di-sos-cabaret\/#breadcrumb","itemListElement":[{"@type":"ListItem","position":1,"name":"Home","item":"https:\/\/www.castingnews.eu\/magazine\/"},{"@type":"ListItem","position":2,"name":"Entrano nel vivo le selezioni di &#8220;Sos Cabaret&#8221;"}]},{"@type":"WebSite","@id":"https:\/\/www.castingnews.eu\/magazine\/#website","url":"https:\/\/www.castingnews.eu\/magazine\/","name":"Casting News Magazine","description":"News e aggiornamenti sui film, serie tv, teatro e festival italiani ed internazionali","potentialAction":[{"@type":"SearchAction","target":{"@type":"EntryPoint","urlTemplate":"https:\/\/www.castingnews.eu\/magazine\/?s={search_term_string}"},"query-input":{"@type":"PropertyValueSpecification","valueRequired":true,"valueName":"search_term_string"}}],"inLanguage":"it-IT"},{"@type":"Person","@id":"https:\/\/www.castingnews.eu\/magazine\/#\/schema\/person\/099d71c568c9a7e5e4037b1594108f17","name":"Redazione","image":{"@type":"ImageObject","inLanguage":"it-IT","@id":"https:\/\/secure.gravatar.com\/avatar\/b73a087aa3bd279fb70d24f1960a91c82cf67619395b60b564c90e9e5d5325fc?s=96&d=mm&r=g","url":"https:\/\/secure.gravatar.com\/avatar\/b73a087aa3bd279fb70d24f1960a91c82cf67619395b60b564c90e9e5d5325fc?s=96&d=mm&r=g","contentUrl":"https:\/\/secure.gravatar.com\/avatar\/b73a087aa3bd279fb70d24f1960a91c82cf67619395b60b564c90e9e5d5325fc?s=96&d=mm&r=g","caption":"Redazione"},"description":"News e aggiornamenti sui film, serie tv, teatro e festival italiani ed internazionali.","url":"https:\/\/www.castingnews.eu\/magazine\/author\/redazione\/"}]}},"_links":{"self":[{"href":"https:\/\/www.castingnews.eu\/magazine\/wp-json\/wp\/v2\/posts\/824","targetHints":{"allow":["GET"]}}],"collection":[{"href":"https:\/\/www.castingnews.eu\/magazine\/wp-json\/wp\/v2\/posts"}],"about":[{"href":"https:\/\/www.castingnews.eu\/magazine\/wp-json\/wp\/v2\/types\/post"}],"author":[{"embeddable":true,"href":"https:\/\/www.castingnews.eu\/magazine\/wp-json\/wp\/v2\/users\/1"}],"replies":[{"embeddable":true,"href":"https:\/\/www.castingnews.eu\/magazine\/wp-json\/wp\/v2\/comments?post=824"}],"version-history":[{"count":0,"href":"https:\/\/www.castingnews.eu\/magazine\/wp-json\/wp\/v2\/posts\/824\/revisions"}],"wp:featuredmedia":[{"embeddable":true,"href":"https:\/\/www.castingnews.eu\/magazine\/wp-json\/wp\/v2\/media\/825"}],"wp:attachment":[{"href":"https:\/\/www.castingnews.eu\/magazine\/wp-json\/wp\/v2\/media?parent=824"}],"wp:term":[{"taxonomy":"category","embeddable":true,"href":"https:\/\/www.castingnews.eu\/magazine\/wp-json\/wp\/v2\/categories?post=824"},{"taxonomy":"post_tag","embeddable":true,"href":"https:\/\/www.castingnews.eu\/magazine\/wp-json\/wp\/v2\/tags?post=824"}],"curies":[{"name":"wp","href":"https:\/\/api.w.org\/{rel}","templated":true}]}}