{"id":8200,"date":"2024-05-08T17:21:58","date_gmt":"2024-05-08T15:21:58","guid":{"rendered":"https:\/\/www.castingnews.eu\/magazine\/?p=8200"},"modified":"2024-05-10T20:42:28","modified_gmt":"2024-05-10T18:42:28","slug":"carolina-casting-per-un-cortometraggio-che-sara-girato-a-settembre","status":"publish","type":"post","link":"https:\/\/www.castingnews.eu\/magazine\/2024\/05\/08\/carolina-casting-per-un-cortometraggio-che-sara-girato-a-settembre\/","title":{"rendered":"\u201cCarolina\u201d: Casting per un cortometraggio che sar\u00e0 girato a settembre"},"content":{"rendered":"\n<p>Per il cortometraggio <strong>\u201cCarolina\u201d<\/strong>, le cui riprese si svolgeranno a Finale Ligure dal 3 all&#8217;8 settembre, si cercano ragazzi, ragazze, uomini e donne per vari ruoli. Poich\u00e9 si tratta di un progetto studentesco per la tesi finale presso l&#8217;accademia NABA, verr\u00e0 offerto un compenso forfettario per l&#8217;intero periodo delle riprese, invece di un pagamento per posa. La produzione coprir\u00e0 le spese di viaggio e dei pasti.<br>Il cortometraggio narra la storia di Isabel, una ragazza di tredici anni che riprende compulsivamente la sua vita e nutre un amore ossessivo per la sua amica Carolina.<\/p><div class=\"6d3639e8c6ac292cde400fad8ff8a5b9\" data-index=\"1\" style=\"float: none; margin:10px 0 10px 0; text-align:center;\">\n<script async src=\"\/\/pagead2.googlesyndication.com\/pagead\/js\/adsbygoogle.js\"><\/script>\r\n<!-- Casting Bambini NEW -->\r\n<ins class=\"adsbygoogle\"\r\n     style=\"display:inline-block;width:336px;height:280px\"\r\n     data-ad-client=\"ca-pub-5538097485429833\"\r\n     data-ad-slot=\"5127154445\"><\/ins>\r\n<script>\r\n(adsbygoogle = window.adsbygoogle || []).push({});\r\n<\/script>\n<\/div>\n\n\n\n\n<p><br>Nello specifico si cercano i seguenti ruoli:<br>&#8211; ISABEL: 14 ANNI, FEMMINA. Isabel ha quattordici anni ed \u00e8 una bambina sola, insicura, lasciata a s\u00e9 stessa. Vive con suo padre, dunque non ha un modello di femminilit\u00e0 da seguire; per questo, si limita ad osservare da lontano le altre donne, sentendosene attratta. Isabel ha una dipendenza affettiva nei confronti della sua amica Carolina, e allo stesso tempo, cerca di essere come lei.<br>&#8211; CAROLINA: 14 ANNI, FEMMINA. Carolina \u00e8 una ragazzina di quattordici anni. Ha vissuto in un ambiente che l\u2019ha portata a crescere in fretta. \u00c8 una ragazza sveglia, ed ha sempre la risposta pronta. Ha una femminilit\u00e0 accentuata in ogni gesto che fa, e le piace stare al centro dell\u2019attenzione. Carolina ha un carattere che la porta a comandare Isabel davanti alle persone, e dall\u2019altra parte, ad avere un rapporto intimo quando sono sole.<br>&#8211; MONICA: 35 ANNI, FEMMINA. Monica ha trentacinque anni. \u00c9 la mamma di Carolina, \u00e8 una donna appariscente e abbastanza superficiale.<br>&#8211; BENEDETTA: 16 ANNI, FEMMINA. Benedetta ha sedici anni, ed \u00e8 una ragazza trascurata. Esce con ragazzi\/e pi\u00f9 piccoli di lei, perch\u00e9 sono gli unici amici che ha.<br>&#8211; ELEONORA: 14 ANNI, FEMMINA. Eleonora ha quattordici anni, ed \u00e8 una ragazza molto curata e femminile. Assieme a Carolina, hanno atteggiamenti da bulle, e assieme, le piace essere al controllo di tutto.<br>&#8211; ALESSANDRO: 50 ANNI, MASCHIO. Alessandro ha cinquanta anni ed \u00e8 il padre di Isabel.<br>&#8211; DAVIDE: 16 ANNI, MASCHIO. Davide ha sedici anni. Ha capelli biondi e lunghi.<br>&#8211; LEONARDO: 16 ANNI, MASCHIO. Leonardo ha sedici anni. Ha gli occhi chiari.<\/p>\n\n\n\n<p>Il cortometraggio \u00e8 diretto da Martina Blesi (studentessa NABA).<br>GENERE: Drama, Coming of Age<br><strong>Inviare la candidatura CV, portfolio e video presentazione al seguente indirizzo e-mail:<\/strong><br><a href=\"mailto:carolina.cortometraggio@gmai.com\"><strong>carolina.cortometraggio@gmai.com<\/strong><\/a><\/p>\n\n\n\n<p>Iscriviti alla\u00a0<strong><a href=\"https:\/\/www.castingnewsletter.eu\/CastingNewsPro\/\" target=\"_blank\" rel=\"noreferrer noopener\">newsletter giornaliera<\/a><\/strong>\u00a0di Casting News Professional per ricevere le ultime notizie sui casting aperti, provini e audizioni.<\/p>\n\n<div style=\"font-size: 0px; height: 0px; line-height: 0px; margin: 0; padding: 0; clear: both;\"><\/div>","protected":false},"excerpt":{"rendered":"<p>Per il cortometraggio \u201cCarolina\u201d, le cui riprese si svolgeranno a Finale Ligure dal 3 all&#8217;8 settembre, si cercano ragazzi, ragazze, uomini e donne per vari ruoli. Poich\u00e9 si tratta di un progetto studentesco per la tesi finale presso l&#8217;accademia NABA, verr\u00e0 offerto un compenso forfettario per l&#8217;intero periodo delle riprese, invece di un pagamento per [&hellip;]<\/p>\n","protected":false},"author":1,"featured_media":8202,"comment_status":"open","ping_status":"open","sticky":false,"template":"","format":"standard","meta":{"tdm_status":"","tdm_grid_status":"","footnotes":""},"categories":[3760,64,1533,71,3959,21],"tags":[5703,266,3676,272,374,534,5706,3057,5704,5705,1118],"class_list":{"0":"post-8200","1":"post","2":"type-post","3":"status-publish","4":"format-standard","5":"has-post-thumbnail","7":"category-cortometraggi-casting-provini","8":"category-drammatico","9":"category-featured","10":"category-italia-paese","11":"category-liguria","12":"category-in-primo-piano","13":"tag-carolina","14":"tag-casting","15":"tag-casting-call","16":"tag-casting-magazine","17":"tag-cortometraggio","18":"tag-film","19":"tag-finale-ligure","20":"tag-liguria","21":"tag-martina-blesi","22":"tag-naba","23":"tag-provini"},"yoast_head":"<!-- This site is optimized with the Yoast SEO plugin v27.4 - https:\/\/yoast.com\/product\/yoast-seo-wordpress\/ -->\r\n<title>\u201cCarolina\u201d: Casting per un cortometraggio che sar\u00e0 girato a settembre - Casting News Magazine<\/title>\r\n<meta name=\"description\" content=\"Per il cortometraggio \u201cCarolina\u201d, le cui riprese si terranno dal 3 all&#039;8 settembre, si cercano ragazzi, ragazze, uomini e donne per vari ruoli.\" \/>\r\n<meta name=\"robots\" content=\"index, follow, max-snippet:-1, max-image-preview:large, max-video-preview:-1\" \/>\r\n<link rel=\"canonical\" href=\"https:\/\/www.castingnews.eu\/magazine\/2024\/05\/08\/carolina-casting-per-un-cortometraggio-che-sara-girato-a-settembre\/\" \/>\r\n<meta property=\"og:locale\" content=\"it_IT\" \/>\r\n<meta property=\"og:type\" content=\"article\" \/>\r\n<meta property=\"og:title\" content=\"\u201cCarolina\u201d: Casting per un cortometraggio che sar\u00e0 girato a settembre - Casting News Magazine\" \/>\r\n<meta property=\"og:description\" content=\"Per il cortometraggio \u201cCarolina\u201d, le cui riprese si terranno dal 3 all&#039;8 settembre, si cercano ragazzi, ragazze, uomini e donne per vari ruoli.\" \/>\r\n<meta property=\"og:url\" content=\"https:\/\/www.castingnews.eu\/magazine\/2024\/05\/08\/carolina-casting-per-un-cortometraggio-che-sara-girato-a-settembre\/\" \/>\r\n<meta property=\"og:site_name\" content=\"Casting News Magazine\" \/>\r\n<meta property=\"article:published_time\" content=\"2024-05-08T15:21:58+00:00\" \/>\r\n<meta property=\"article:modified_time\" content=\"2024-05-10T18:42:28+00:00\" \/>\r\n<meta property=\"og:image\" content=\"https:\/\/www.castingnews.eu\/magazine\/wp-content\/uploads\/2024\/05\/ragazza-teen-film.jpg\" \/>\r\n\t<meta property=\"og:image:width\" content=\"1100\" \/>\r\n\t<meta property=\"og:image:height\" content=\"644\" \/>\r\n\t<meta property=\"og:image:type\" content=\"image\/jpeg\" \/>\r\n<meta name=\"author\" content=\"Redazione\" \/>\r\n<meta name=\"twitter:card\" content=\"summary_large_image\" \/>\r\n<meta name=\"twitter:label1\" content=\"Scritto da\" \/>\n\t<meta name=\"twitter:data1\" content=\"Redazione\" \/>\n\t<meta name=\"twitter:label2\" content=\"Tempo di lettura stimato\" \/>\n\t<meta name=\"twitter:data2\" content=\"3 minuti\" \/>\r\n<script type=\"application\/ld+json\" class=\"yoast-schema-graph\">{\"@context\":\"https:\\\/\\\/schema.org\",\"@graph\":[{\"@type\":\"Article\",\"@id\":\"https:\\\/\\\/www.castingnews.eu\\\/magazine\\\/2024\\\/05\\\/08\\\/carolina-casting-per-un-cortometraggio-che-sara-girato-a-settembre\\\/#article\",\"isPartOf\":{\"@id\":\"https:\\\/\\\/www.castingnews.eu\\\/magazine\\\/2024\\\/05\\\/08\\\/carolina-casting-per-un-cortometraggio-che-sara-girato-a-settembre\\\/\"},\"author\":{\"name\":\"Redazione\",\"@id\":\"https:\\\/\\\/www.castingnews.eu\\\/magazine\\\/#\\\/schema\\\/person\\\/099d71c568c9a7e5e4037b1594108f17\"},\"headline\":\"\u201cCarolina\u201d: Casting per un cortometraggio che sar\u00e0 girato a settembre\",\"datePublished\":\"2024-05-08T15:21:58+00:00\",\"dateModified\":\"2024-05-10T18:42:28+00:00\",\"mainEntityOfPage\":{\"@id\":\"https:\\\/\\\/www.castingnews.eu\\\/magazine\\\/2024\\\/05\\\/08\\\/carolina-casting-per-un-cortometraggio-che-sara-girato-a-settembre\\\/\"},\"wordCount\":411,\"commentCount\":0,\"image\":{\"@id\":\"https:\\\/\\\/www.castingnews.eu\\\/magazine\\\/2024\\\/05\\\/08\\\/carolina-casting-per-un-cortometraggio-che-sara-girato-a-settembre\\\/#primaryimage\"},\"thumbnailUrl\":\"https:\\\/\\\/www.castingnews.eu\\\/magazine\\\/wp-content\\\/uploads\\\/2024\\\/05\\\/ragazza-teen-film.jpg\",\"keywords\":[\"Carolina\",\"casting\",\"casting call\",\"Casting Magazine\",\"Cortometraggio\",\"Film\",\"Finale Ligure\",\"Liguria\",\"Martina Blesi\",\"NABA\",\"Provini\"],\"articleSection\":[\"Cortometraggi\",\"Drammatico\",\"In primo piano\",\"Italia\",\"Liguria\",\"Primo piano\"],\"inLanguage\":\"it-IT\",\"potentialAction\":[{\"@type\":\"CommentAction\",\"name\":\"Comment\",\"target\":[\"https:\\\/\\\/www.castingnews.eu\\\/magazine\\\/2024\\\/05\\\/08\\\/carolina-casting-per-un-cortometraggio-che-sara-girato-a-settembre\\\/#respond\"]}]},{\"@type\":\"WebPage\",\"@id\":\"https:\\\/\\\/www.castingnews.eu\\\/magazine\\\/2024\\\/05\\\/08\\\/carolina-casting-per-un-cortometraggio-che-sara-girato-a-settembre\\\/\",\"url\":\"https:\\\/\\\/www.castingnews.eu\\\/magazine\\\/2024\\\/05\\\/08\\\/carolina-casting-per-un-cortometraggio-che-sara-girato-a-settembre\\\/\",\"name\":\"\u201cCarolina\u201d: Casting per un cortometraggio che sar\u00e0 girato a settembre - Casting News Magazine\",\"isPartOf\":{\"@id\":\"https:\\\/\\\/www.castingnews.eu\\\/magazine\\\/#website\"},\"primaryImageOfPage\":{\"@id\":\"https:\\\/\\\/www.castingnews.eu\\\/magazine\\\/2024\\\/05\\\/08\\\/carolina-casting-per-un-cortometraggio-che-sara-girato-a-settembre\\\/#primaryimage\"},\"image\":{\"@id\":\"https:\\\/\\\/www.castingnews.eu\\\/magazine\\\/2024\\\/05\\\/08\\\/carolina-casting-per-un-cortometraggio-che-sara-girato-a-settembre\\\/#primaryimage\"},\"thumbnailUrl\":\"https:\\\/\\\/www.castingnews.eu\\\/magazine\\\/wp-content\\\/uploads\\\/2024\\\/05\\\/ragazza-teen-film.jpg\",\"datePublished\":\"2024-05-08T15:21:58+00:00\",\"dateModified\":\"2024-05-10T18:42:28+00:00\",\"author\":{\"@id\":\"https:\\\/\\\/www.castingnews.eu\\\/magazine\\\/#\\\/schema\\\/person\\\/099d71c568c9a7e5e4037b1594108f17\"},\"description\":\"Per il cortometraggio \u201cCarolina\u201d, le cui riprese si terranno dal 3 all'8 settembre, si cercano ragazzi, ragazze, uomini e donne per vari ruoli.\",\"breadcrumb\":{\"@id\":\"https:\\\/\\\/www.castingnews.eu\\\/magazine\\\/2024\\\/05\\\/08\\\/carolina-casting-per-un-cortometraggio-che-sara-girato-a-settembre\\\/#breadcrumb\"},\"inLanguage\":\"it-IT\",\"potentialAction\":[{\"@type\":\"ReadAction\",\"target\":[\"https:\\\/\\\/www.castingnews.eu\\\/magazine\\\/2024\\\/05\\\/08\\\/carolina-casting-per-un-cortometraggio-che-sara-girato-a-settembre\\\/\"]}]},{\"@type\":\"ImageObject\",\"inLanguage\":\"it-IT\",\"@id\":\"https:\\\/\\\/www.castingnews.eu\\\/magazine\\\/2024\\\/05\\\/08\\\/carolina-casting-per-un-cortometraggio-che-sara-girato-a-settembre\\\/#primaryimage\",\"url\":\"https:\\\/\\\/www.castingnews.eu\\\/magazine\\\/wp-content\\\/uploads\\\/2024\\\/05\\\/ragazza-teen-film.jpg\",\"contentUrl\":\"https:\\\/\\\/www.castingnews.eu\\\/magazine\\\/wp-content\\\/uploads\\\/2024\\\/05\\\/ragazza-teen-film.jpg\",\"width\":1100,\"height\":644,\"caption\":\"Casting per il cortometraggio \\\"Carolina\\\"\"},{\"@type\":\"BreadcrumbList\",\"@id\":\"https:\\\/\\\/www.castingnews.eu\\\/magazine\\\/2024\\\/05\\\/08\\\/carolina-casting-per-un-cortometraggio-che-sara-girato-a-settembre\\\/#breadcrumb\",\"itemListElement\":[{\"@type\":\"ListItem\",\"position\":1,\"name\":\"Home\",\"item\":\"https:\\\/\\\/www.castingnews.eu\\\/magazine\\\/\"},{\"@type\":\"ListItem\",\"position\":2,\"name\":\"\u201cCarolina\u201d: Casting per un cortometraggio che sar\u00e0 girato a settembre\"}]},{\"@type\":\"WebSite\",\"@id\":\"https:\\\/\\\/www.castingnews.eu\\\/magazine\\\/#website\",\"url\":\"https:\\\/\\\/www.castingnews.eu\\\/magazine\\\/\",\"name\":\"Casting News Magazine\",\"description\":\"News e aggiornamenti sui film, serie tv, teatro e festival italiani ed internazionali\",\"potentialAction\":[{\"@type\":\"SearchAction\",\"target\":{\"@type\":\"EntryPoint\",\"urlTemplate\":\"https:\\\/\\\/www.castingnews.eu\\\/magazine\\\/?s={search_term_string}\"},\"query-input\":{\"@type\":\"PropertyValueSpecification\",\"valueRequired\":true,\"valueName\":\"search_term_string\"}}],\"inLanguage\":\"it-IT\"},{\"@type\":\"Person\",\"@id\":\"https:\\\/\\\/www.castingnews.eu\\\/magazine\\\/#\\\/schema\\\/person\\\/099d71c568c9a7e5e4037b1594108f17\",\"name\":\"Redazione\",\"image\":{\"@type\":\"ImageObject\",\"inLanguage\":\"it-IT\",\"@id\":\"https:\\\/\\\/secure.gravatar.com\\\/avatar\\\/b73a087aa3bd279fb70d24f1960a91c82cf67619395b60b564c90e9e5d5325fc?s=96&d=mm&r=g\",\"url\":\"https:\\\/\\\/secure.gravatar.com\\\/avatar\\\/b73a087aa3bd279fb70d24f1960a91c82cf67619395b60b564c90e9e5d5325fc?s=96&d=mm&r=g\",\"contentUrl\":\"https:\\\/\\\/secure.gravatar.com\\\/avatar\\\/b73a087aa3bd279fb70d24f1960a91c82cf67619395b60b564c90e9e5d5325fc?s=96&d=mm&r=g\",\"caption\":\"Redazione\"},\"description\":\"News e aggiornamenti sui film, serie tv, teatro e festival italiani ed internazionali.\",\"url\":\"https:\\\/\\\/www.castingnews.eu\\\/magazine\\\/author\\\/redazione\\\/\"}]}<\/script>\r\n<!-- \/ Yoast SEO plugin. -->","yoast_head_json":{"title":"\u201cCarolina\u201d: Casting per un cortometraggio che sar\u00e0 girato a settembre - Casting News Magazine","description":"Per il cortometraggio \u201cCarolina\u201d, le cui riprese si terranno dal 3 all'8 settembre, si cercano ragazzi, ragazze, uomini e donne per vari ruoli.","robots":{"index":"index","follow":"follow","max-snippet":"max-snippet:-1","max-image-preview":"max-image-preview:large","max-video-preview":"max-video-preview:-1"},"canonical":"https:\/\/www.castingnews.eu\/magazine\/2024\/05\/08\/carolina-casting-per-un-cortometraggio-che-sara-girato-a-settembre\/","og_locale":"it_IT","og_type":"article","og_title":"\u201cCarolina\u201d: Casting per un cortometraggio che sar\u00e0 girato a settembre - Casting News Magazine","og_description":"Per il cortometraggio \u201cCarolina\u201d, le cui riprese si terranno dal 3 all'8 settembre, si cercano ragazzi, ragazze, uomini e donne per vari ruoli.","og_url":"https:\/\/www.castingnews.eu\/magazine\/2024\/05\/08\/carolina-casting-per-un-cortometraggio-che-sara-girato-a-settembre\/","og_site_name":"Casting News Magazine","article_published_time":"2024-05-08T15:21:58+00:00","article_modified_time":"2024-05-10T18:42:28+00:00","og_image":[{"width":1100,"height":644,"url":"https:\/\/www.castingnews.eu\/magazine\/wp-content\/uploads\/2024\/05\/ragazza-teen-film.jpg","type":"image\/jpeg"}],"author":"Redazione","twitter_card":"summary_large_image","twitter_misc":{"Scritto da":"Redazione","Tempo di lettura stimato":"3 minuti"},"schema":{"@context":"https:\/\/schema.org","@graph":[{"@type":"Article","@id":"https:\/\/www.castingnews.eu\/magazine\/2024\/05\/08\/carolina-casting-per-un-cortometraggio-che-sara-girato-a-settembre\/#article","isPartOf":{"@id":"https:\/\/www.castingnews.eu\/magazine\/2024\/05\/08\/carolina-casting-per-un-cortometraggio-che-sara-girato-a-settembre\/"},"author":{"name":"Redazione","@id":"https:\/\/www.castingnews.eu\/magazine\/#\/schema\/person\/099d71c568c9a7e5e4037b1594108f17"},"headline":"\u201cCarolina\u201d: Casting per un cortometraggio che sar\u00e0 girato a settembre","datePublished":"2024-05-08T15:21:58+00:00","dateModified":"2024-05-10T18:42:28+00:00","mainEntityOfPage":{"@id":"https:\/\/www.castingnews.eu\/magazine\/2024\/05\/08\/carolina-casting-per-un-cortometraggio-che-sara-girato-a-settembre\/"},"wordCount":411,"commentCount":0,"image":{"@id":"https:\/\/www.castingnews.eu\/magazine\/2024\/05\/08\/carolina-casting-per-un-cortometraggio-che-sara-girato-a-settembre\/#primaryimage"},"thumbnailUrl":"https:\/\/www.castingnews.eu\/magazine\/wp-content\/uploads\/2024\/05\/ragazza-teen-film.jpg","keywords":["Carolina","casting","casting call","Casting Magazine","Cortometraggio","Film","Finale Ligure","Liguria","Martina Blesi","NABA","Provini"],"articleSection":["Cortometraggi","Drammatico","In primo piano","Italia","Liguria","Primo piano"],"inLanguage":"it-IT","potentialAction":[{"@type":"CommentAction","name":"Comment","target":["https:\/\/www.castingnews.eu\/magazine\/2024\/05\/08\/carolina-casting-per-un-cortometraggio-che-sara-girato-a-settembre\/#respond"]}]},{"@type":"WebPage","@id":"https:\/\/www.castingnews.eu\/magazine\/2024\/05\/08\/carolina-casting-per-un-cortometraggio-che-sara-girato-a-settembre\/","url":"https:\/\/www.castingnews.eu\/magazine\/2024\/05\/08\/carolina-casting-per-un-cortometraggio-che-sara-girato-a-settembre\/","name":"\u201cCarolina\u201d: Casting per un cortometraggio che sar\u00e0 girato a settembre - Casting News Magazine","isPartOf":{"@id":"https:\/\/www.castingnews.eu\/magazine\/#website"},"primaryImageOfPage":{"@id":"https:\/\/www.castingnews.eu\/magazine\/2024\/05\/08\/carolina-casting-per-un-cortometraggio-che-sara-girato-a-settembre\/#primaryimage"},"image":{"@id":"https:\/\/www.castingnews.eu\/magazine\/2024\/05\/08\/carolina-casting-per-un-cortometraggio-che-sara-girato-a-settembre\/#primaryimage"},"thumbnailUrl":"https:\/\/www.castingnews.eu\/magazine\/wp-content\/uploads\/2024\/05\/ragazza-teen-film.jpg","datePublished":"2024-05-08T15:21:58+00:00","dateModified":"2024-05-10T18:42:28+00:00","author":{"@id":"https:\/\/www.castingnews.eu\/magazine\/#\/schema\/person\/099d71c568c9a7e5e4037b1594108f17"},"description":"Per il cortometraggio \u201cCarolina\u201d, le cui riprese si terranno dal 3 all'8 settembre, si cercano ragazzi, ragazze, uomini e donne per vari ruoli.","breadcrumb":{"@id":"https:\/\/www.castingnews.eu\/magazine\/2024\/05\/08\/carolina-casting-per-un-cortometraggio-che-sara-girato-a-settembre\/#breadcrumb"},"inLanguage":"it-IT","potentialAction":[{"@type":"ReadAction","target":["https:\/\/www.castingnews.eu\/magazine\/2024\/05\/08\/carolina-casting-per-un-cortometraggio-che-sara-girato-a-settembre\/"]}]},{"@type":"ImageObject","inLanguage":"it-IT","@id":"https:\/\/www.castingnews.eu\/magazine\/2024\/05\/08\/carolina-casting-per-un-cortometraggio-che-sara-girato-a-settembre\/#primaryimage","url":"https:\/\/www.castingnews.eu\/magazine\/wp-content\/uploads\/2024\/05\/ragazza-teen-film.jpg","contentUrl":"https:\/\/www.castingnews.eu\/magazine\/wp-content\/uploads\/2024\/05\/ragazza-teen-film.jpg","width":1100,"height":644,"caption":"Casting per il cortometraggio \"Carolina\""},{"@type":"BreadcrumbList","@id":"https:\/\/www.castingnews.eu\/magazine\/2024\/05\/08\/carolina-casting-per-un-cortometraggio-che-sara-girato-a-settembre\/#breadcrumb","itemListElement":[{"@type":"ListItem","position":1,"name":"Home","item":"https:\/\/www.castingnews.eu\/magazine\/"},{"@type":"ListItem","position":2,"name":"\u201cCarolina\u201d: Casting per un cortometraggio che sar\u00e0 girato a settembre"}]},{"@type":"WebSite","@id":"https:\/\/www.castingnews.eu\/magazine\/#website","url":"https:\/\/www.castingnews.eu\/magazine\/","name":"Casting News Magazine","description":"News e aggiornamenti sui film, serie tv, teatro e festival italiani ed internazionali","potentialAction":[{"@type":"SearchAction","target":{"@type":"EntryPoint","urlTemplate":"https:\/\/www.castingnews.eu\/magazine\/?s={search_term_string}"},"query-input":{"@type":"PropertyValueSpecification","valueRequired":true,"valueName":"search_term_string"}}],"inLanguage":"it-IT"},{"@type":"Person","@id":"https:\/\/www.castingnews.eu\/magazine\/#\/schema\/person\/099d71c568c9a7e5e4037b1594108f17","name":"Redazione","image":{"@type":"ImageObject","inLanguage":"it-IT","@id":"https:\/\/secure.gravatar.com\/avatar\/b73a087aa3bd279fb70d24f1960a91c82cf67619395b60b564c90e9e5d5325fc?s=96&d=mm&r=g","url":"https:\/\/secure.gravatar.com\/avatar\/b73a087aa3bd279fb70d24f1960a91c82cf67619395b60b564c90e9e5d5325fc?s=96&d=mm&r=g","contentUrl":"https:\/\/secure.gravatar.com\/avatar\/b73a087aa3bd279fb70d24f1960a91c82cf67619395b60b564c90e9e5d5325fc?s=96&d=mm&r=g","caption":"Redazione"},"description":"News e aggiornamenti sui film, serie tv, teatro e festival italiani ed internazionali.","url":"https:\/\/www.castingnews.eu\/magazine\/author\/redazione\/"}]}},"_links":{"self":[{"href":"https:\/\/www.castingnews.eu\/magazine\/wp-json\/wp\/v2\/posts\/8200","targetHints":{"allow":["GET"]}}],"collection":[{"href":"https:\/\/www.castingnews.eu\/magazine\/wp-json\/wp\/v2\/posts"}],"about":[{"href":"https:\/\/www.castingnews.eu\/magazine\/wp-json\/wp\/v2\/types\/post"}],"author":[{"embeddable":true,"href":"https:\/\/www.castingnews.eu\/magazine\/wp-json\/wp\/v2\/users\/1"}],"replies":[{"embeddable":true,"href":"https:\/\/www.castingnews.eu\/magazine\/wp-json\/wp\/v2\/comments?post=8200"}],"version-history":[{"count":2,"href":"https:\/\/www.castingnews.eu\/magazine\/wp-json\/wp\/v2\/posts\/8200\/revisions"}],"predecessor-version":[{"id":8211,"href":"https:\/\/www.castingnews.eu\/magazine\/wp-json\/wp\/v2\/posts\/8200\/revisions\/8211"}],"wp:featuredmedia":[{"embeddable":true,"href":"https:\/\/www.castingnews.eu\/magazine\/wp-json\/wp\/v2\/media\/8202"}],"wp:attachment":[{"href":"https:\/\/www.castingnews.eu\/magazine\/wp-json\/wp\/v2\/media?parent=8200"}],"wp:term":[{"taxonomy":"category","embeddable":true,"href":"https:\/\/www.castingnews.eu\/magazine\/wp-json\/wp\/v2\/categories?post=8200"},{"taxonomy":"post_tag","embeddable":true,"href":"https:\/\/www.castingnews.eu\/magazine\/wp-json\/wp\/v2\/tags?post=8200"}],"curies":[{"name":"wp","href":"https:\/\/api.w.org\/{rel}","templated":true}]}}