{"id":819,"date":"2012-04-10T12:43:26","date_gmt":"2012-04-10T11:43:26","guid":{"rendered":"http:\/\/www.film-movie.eu\/?p=819"},"modified":"2012-04-10T12:43:26","modified_gmt":"2012-04-10T11:43:26","slug":"concorso-internazionale-di-cortometraggi-urban-islands-ll-cinema-e-la-citta","status":"publish","type":"post","link":"https:\/\/www.castingnews.eu\/magazine\/2012\/04\/10\/concorso-internazionale-di-cortometraggi-urban-islands-ll-cinema-e-la-citta\/","title":{"rendered":"Concorso Internazionale di Cortometraggi Urban Islands \u2013 ll Cinema e la Citt\u00e0"},"content":{"rendered":"<h3 style=\"text-align: justify;\">Giunta alla sua XVIII edizione, L\u2019Isola del Cinema\u00ae, con il Patrocinio di Roma Capitale e Biblioteche di Roma, presenta il secondo capitolo di URBAN ISLANDS \u2013 Il Cinema e le Citt\u00e0\u00ae, un concorso internazionale di cortometraggi.<\/h3>\n<p style=\"text-align: justify;\">Dopo il successo di partecipazione delle opere e di pubblico della scorsa edizione, L\u2019Isola del Cinema ha deciso di ripetere l\u2019esperienza del Concorso di Cortometraggi Urban Islands \u2013 Il Cinema e le Citt\u00e0\u00ae che esplora il tema delle metropoli e del centro urbano nelle sue molteplici sfaccettature, indicendo una nuova interessante sfida diretta ai giovani talenti e amanti del cinema.<br \/>\nIl tema della competizione mantiene la sua identit\u00e0, ovvero la citt\u00e0 nelle sue molteplici, mutevoli e suggestive rappresentazioni e contraddizioni ed \u00e8 aperta alle storie metropolitane di ogni parte del mondo.<br \/>\nLe Urban Islands sono luoghi della mente, universi metafisici, guizzi di genialit\u00e0 in una realt\u00e0 talvolta anonima e grigia. A partire da tale immaginario legato al tema della citt\u00e0 nasce un progetto che fa parte integrante del festival internazionale L&#8217;Isola del Cinema\u00ae e che propone Roma come grande capitale di cinema che accoglie le citt\u00e0 del mondo.<\/p><div class=\"6d3639e8c6ac292cde400fad8ff8a5b9\" data-index=\"1\" style=\"float: none; margin:10px 0 10px 0; text-align:center;\">\n<script async src=\"\/\/pagead2.googlesyndication.com\/pagead\/js\/adsbygoogle.js\"><\/script>\r\n<!-- Casting Bambini NEW -->\r\n<ins class=\"adsbygoogle\"\r\n     style=\"display:inline-block;width:336px;height:280px\"\r\n     data-ad-client=\"ca-pub-5538097485429833\"\r\n     data-ad-slot=\"5127154445\"><\/ins>\r\n<script>\r\n(adsbygoogle = window.adsbygoogle || []).push({});\r\n<\/script>\n<\/div>\n\n<p style=\"text-align: justify;\">STRUTTURA DEL CONCORSO &#8211; REGOLAMENTO<br \/>\nDate: 29, 30, 31 Agosto 2012 &#8211; Luogo: CineLab &#8211; Orario: 21:30 &#8211; Ingresso gratuito<br \/>\nL\u2019Isola del Cinema\u00ae organizza per l\u2019anno 2012 la seconda edizione del concorso di internazionale di cortometraggi. L\u2019idea nasce da un percorso che \u00e8 legato all\u2019identit\u00e0 de L\u2019Isola del Cinema\u00ae e che, in concomitanza con il Festival, dedica particolare attenzione alle emozioni e alle suggestioni che le citt\u00e0 trasmettono nelle opere cinematografiche contemporanee.<br \/>\n<a href=\"https:\/\/castingnews.eu\/magazine\/wp-content\/uploads\/2012\/04\/Urban-Islands-ll-Cinema-e-la-Citta-1.jpg\"><img loading=\"lazy\" decoding=\"async\" class=\"alignleft\" style=\"margin-left: 5px; margin-right: 5px;\" title=\"Urban-Islands-ll-Cinema-e-la-Citta\" src=\"http:\/\/www.film-movie.eu\/wp-content\/uploads\/2012\/04\/Urban-Islands-ll-Cinema-e-la-Citta-300x159.jpg\" alt=\"\" width=\"300\" height=\"159\" \/><\/a>Il concorso Urban Islands \u2013 Il Cinema e la Citt\u00e0\u00ae si svolger\u00e0 nel corso del nostro evento estivo al centro di Roma, sull\u2019Isola Tiberina presso la sala CineLab.<br \/>\nDurante le prime due serate, verr\u00e0 proiettata una selezione dei cortometraggi. Venerd\u00ec 31 agosto verranno riproposti i corti finalisti. Il \u201cPremio Urban Islands 2012 \u2013 L\u2019Isola del Cinema\u201d al miglior cortometraggio verr\u00e0 decretato dalla Giuria Urban Islands (composta dal Direttore Artistico de L\u2019Isola del Cinema\u00ae, Giorgio Ginori e da 4 professionisti del settore cinematografico che collaborano con il Festival) che si riunir\u00e0 per visionare e giudicare i cortometraggi in competizione, decretando il vincitore, secondo i criteri di forma,<br \/>\ncontenuto e originalit\u00e0.<br \/>\nPrima della proiezione dei corti finalisti, agli spettatori verr\u00e0 distribuita una scheda di valutazione con cui saranno invitati a mettere un voto da 1 a 5 sulle opere mostrate. Con questa votazione verr\u00e0 stabilito il vincitore del Premio del Pubblico. Verr\u00e0 inoltre assegnato il Premio Speciale della Critica 35mm.it all\u2019opera giudicata pi\u00f9 meritevole.<\/p>\n<p style=\"text-align: justify;\">Sito Internet ufficiale:<br \/>\n<a title=\"Concorso Internazionale di Cortometraggi Urban Islands \u2013 ll Cinema e la Citt\u00e0\" href=\"http:\/\/www.isoladelcinema.com\/isola_del_cinema_2012_urban_islands.html\" target=\"_blank\"> http:\/\/www.isoladelcinema.com\/isola_del_cinema_2012_urban_islands.html<\/a><\/p>\n<div><\/div>\n\n<div style=\"font-size: 0px; height: 0px; line-height: 0px; margin: 0; padding: 0; clear: both;\"><\/div>","protected":false},"excerpt":{"rendered":"<p>Giunta alla sua XVIII edizione, L\u2019Isola del Cinema\u00ae, con il Patrocinio di Roma Capitale e Biblioteche di Roma, presenta il secondo capitolo di URBAN ISLANDS \u2013 Il Cinema e le Citt\u00e0\u00ae, un concorso internazionale di cortometraggi. Dopo il successo di partecipazione delle opere e di pubblico della scorsa edizione, L\u2019Isola del Cinema ha deciso di [&hellip;]<\/p>\n","protected":false},"author":1,"featured_media":820,"comment_status":"closed","ping_status":"open","sticky":false,"template":"","format":"standard","meta":{"tdm_status":"","tdm_grid_status":"","footnotes":""},"categories":[8,21],"tags":[224,348,352,372,714,717,1193,1194,1391],"class_list":{"0":"post-819","1":"post","2":"type-post","3":"status-publish","4":"format-standard","5":"has-post-thumbnail","7":"category-cortometraggi","8":"category-in-primo-piano","9":"tag-biblioteche-di-roma","10":"tag-concorso","11":"tag-concorso-internazionale","12":"tag-cortometraggi","13":"tag-isola-del-cinema","14":"tag-italia","15":"tag-roma","16":"tag-roma-capitale","17":"tag-urban-islands-ll-cinema-e-la-citta"},"yoast_head":"<!-- This site is optimized with the Yoast SEO plugin v27.4 - https:\/\/yoast.com\/product\/yoast-seo-wordpress\/ -->\r\n<title>Concorso Internazionale di Cortometraggi Urban Islands \u2013 ll Cinema e la Citt\u00e0 - Casting News Magazine<\/title>\r\n<meta name=\"robots\" content=\"index, follow, max-snippet:-1, max-image-preview:large, max-video-preview:-1\" \/>\r\n<link rel=\"canonical\" href=\"https:\/\/www.castingnews.eu\/magazine\/2012\/04\/10\/concorso-internazionale-di-cortometraggi-urban-islands-ll-cinema-e-la-citta\/\" \/>\r\n<meta property=\"og:locale\" content=\"it_IT\" \/>\r\n<meta property=\"og:type\" content=\"article\" \/>\r\n<meta property=\"og:title\" content=\"Concorso Internazionale di Cortometraggi Urban Islands \u2013 ll Cinema e la Citt\u00e0 - Casting News Magazine\" \/>\r\n<meta property=\"og:description\" content=\"Giunta alla sua XVIII edizione, L\u2019Isola del Cinema\u00ae, con il Patrocinio di Roma Capitale e Biblioteche di Roma, presenta il secondo capitolo di URBAN ISLANDS \u2013 Il Cinema e le Citt\u00e0\u00ae, un concorso internazionale di cortometraggi. Dopo il successo di partecipazione delle opere e di pubblico della scorsa edizione, L\u2019Isola del Cinema ha deciso di [&hellip;]\" \/>\r\n<meta property=\"og:url\" content=\"https:\/\/www.castingnews.eu\/magazine\/2012\/04\/10\/concorso-internazionale-di-cortometraggi-urban-islands-ll-cinema-e-la-citta\/\" \/>\r\n<meta property=\"og:site_name\" content=\"Casting News Magazine\" \/>\r\n<meta property=\"article:published_time\" content=\"2012-04-10T11:43:26+00:00\" \/>\r\n<meta property=\"og:image\" content=\"https:\/\/www.castingnews.eu\/magazine\/wp-content\/uploads\/2012\/04\/Urban-Islands-ll-Cinema-e-la-Citta-1.jpg\" \/>\r\n\t<meta property=\"og:image:width\" content=\"430\" \/>\r\n\t<meta property=\"og:image:height\" content=\"228\" \/>\r\n\t<meta property=\"og:image:type\" content=\"image\/jpeg\" \/>\r\n<meta name=\"author\" content=\"Redazione\" \/>\r\n<meta name=\"twitter:card\" content=\"summary_large_image\" \/>\r\n<meta name=\"twitter:label1\" content=\"Scritto da\" \/>\n\t<meta name=\"twitter:data1\" content=\"Redazione\" \/>\n\t<meta name=\"twitter:label2\" content=\"Tempo di lettura stimato\" \/>\n\t<meta name=\"twitter:data2\" content=\"2 minuti\" \/>\r\n<script type=\"application\/ld+json\" class=\"yoast-schema-graph\">{\"@context\":\"https:\\\/\\\/schema.org\",\"@graph\":[{\"@type\":\"Article\",\"@id\":\"https:\\\/\\\/www.castingnews.eu\\\/magazine\\\/2012\\\/04\\\/10\\\/concorso-internazionale-di-cortometraggi-urban-islands-ll-cinema-e-la-citta\\\/#article\",\"isPartOf\":{\"@id\":\"https:\\\/\\\/www.castingnews.eu\\\/magazine\\\/2012\\\/04\\\/10\\\/concorso-internazionale-di-cortometraggi-urban-islands-ll-cinema-e-la-citta\\\/\"},\"author\":{\"name\":\"Redazione\",\"@id\":\"https:\\\/\\\/www.castingnews.eu\\\/magazine\\\/#\\\/schema\\\/person\\\/099d71c568c9a7e5e4037b1594108f17\"},\"headline\":\"Concorso Internazionale di Cortometraggi Urban Islands \u2013 ll Cinema e la Citt\u00e0\",\"datePublished\":\"2012-04-10T11:43:26+00:00\",\"mainEntityOfPage\":{\"@id\":\"https:\\\/\\\/www.castingnews.eu\\\/magazine\\\/2012\\\/04\\\/10\\\/concorso-internazionale-di-cortometraggi-urban-islands-ll-cinema-e-la-citta\\\/\"},\"wordCount\":439,\"image\":{\"@id\":\"https:\\\/\\\/www.castingnews.eu\\\/magazine\\\/2012\\\/04\\\/10\\\/concorso-internazionale-di-cortometraggi-urban-islands-ll-cinema-e-la-citta\\\/#primaryimage\"},\"thumbnailUrl\":\"https:\\\/\\\/www.castingnews.eu\\\/magazine\\\/wp-content\\\/uploads\\\/2012\\\/04\\\/Urban-Islands-ll-Cinema-e-la-Citta-1.jpg\",\"keywords\":[\"Biblioteche di Roma\",\"Concorso\",\"Concorso internazionale\",\"Cortometraggi\",\"Isola del Cinema\",\"Italia\",\"Roma\",\"Roma Capitale\",\"Urban Islands \u2013 ll Cinema e la Citt\u00e0\"],\"articleSection\":[\"Cortometraggi\",\"Primo piano\"],\"inLanguage\":\"it-IT\"},{\"@type\":\"WebPage\",\"@id\":\"https:\\\/\\\/www.castingnews.eu\\\/magazine\\\/2012\\\/04\\\/10\\\/concorso-internazionale-di-cortometraggi-urban-islands-ll-cinema-e-la-citta\\\/\",\"url\":\"https:\\\/\\\/www.castingnews.eu\\\/magazine\\\/2012\\\/04\\\/10\\\/concorso-internazionale-di-cortometraggi-urban-islands-ll-cinema-e-la-citta\\\/\",\"name\":\"Concorso Internazionale di Cortometraggi Urban Islands \u2013 ll Cinema e la Citt\u00e0 - Casting News Magazine\",\"isPartOf\":{\"@id\":\"https:\\\/\\\/www.castingnews.eu\\\/magazine\\\/#website\"},\"primaryImageOfPage\":{\"@id\":\"https:\\\/\\\/www.castingnews.eu\\\/magazine\\\/2012\\\/04\\\/10\\\/concorso-internazionale-di-cortometraggi-urban-islands-ll-cinema-e-la-citta\\\/#primaryimage\"},\"image\":{\"@id\":\"https:\\\/\\\/www.castingnews.eu\\\/magazine\\\/2012\\\/04\\\/10\\\/concorso-internazionale-di-cortometraggi-urban-islands-ll-cinema-e-la-citta\\\/#primaryimage\"},\"thumbnailUrl\":\"https:\\\/\\\/www.castingnews.eu\\\/magazine\\\/wp-content\\\/uploads\\\/2012\\\/04\\\/Urban-Islands-ll-Cinema-e-la-Citta-1.jpg\",\"datePublished\":\"2012-04-10T11:43:26+00:00\",\"author\":{\"@id\":\"https:\\\/\\\/www.castingnews.eu\\\/magazine\\\/#\\\/schema\\\/person\\\/099d71c568c9a7e5e4037b1594108f17\"},\"breadcrumb\":{\"@id\":\"https:\\\/\\\/www.castingnews.eu\\\/magazine\\\/2012\\\/04\\\/10\\\/concorso-internazionale-di-cortometraggi-urban-islands-ll-cinema-e-la-citta\\\/#breadcrumb\"},\"inLanguage\":\"it-IT\",\"potentialAction\":[{\"@type\":\"ReadAction\",\"target\":[\"https:\\\/\\\/www.castingnews.eu\\\/magazine\\\/2012\\\/04\\\/10\\\/concorso-internazionale-di-cortometraggi-urban-islands-ll-cinema-e-la-citta\\\/\"]}]},{\"@type\":\"ImageObject\",\"inLanguage\":\"it-IT\",\"@id\":\"https:\\\/\\\/www.castingnews.eu\\\/magazine\\\/2012\\\/04\\\/10\\\/concorso-internazionale-di-cortometraggi-urban-islands-ll-cinema-e-la-citta\\\/#primaryimage\",\"url\":\"https:\\\/\\\/www.castingnews.eu\\\/magazine\\\/wp-content\\\/uploads\\\/2012\\\/04\\\/Urban-Islands-ll-Cinema-e-la-Citta-1.jpg\",\"contentUrl\":\"https:\\\/\\\/www.castingnews.eu\\\/magazine\\\/wp-content\\\/uploads\\\/2012\\\/04\\\/Urban-Islands-ll-Cinema-e-la-Citta-1.jpg\",\"width\":430,\"height\":228},{\"@type\":\"BreadcrumbList\",\"@id\":\"https:\\\/\\\/www.castingnews.eu\\\/magazine\\\/2012\\\/04\\\/10\\\/concorso-internazionale-di-cortometraggi-urban-islands-ll-cinema-e-la-citta\\\/#breadcrumb\",\"itemListElement\":[{\"@type\":\"ListItem\",\"position\":1,\"name\":\"Home\",\"item\":\"https:\\\/\\\/www.castingnews.eu\\\/magazine\\\/\"},{\"@type\":\"ListItem\",\"position\":2,\"name\":\"Concorso Internazionale di Cortometraggi Urban Islands \u2013 ll Cinema e la Citt\u00e0\"}]},{\"@type\":\"WebSite\",\"@id\":\"https:\\\/\\\/www.castingnews.eu\\\/magazine\\\/#website\",\"url\":\"https:\\\/\\\/www.castingnews.eu\\\/magazine\\\/\",\"name\":\"Casting News Magazine\",\"description\":\"News e aggiornamenti sui film, serie tv, teatro e festival italiani ed internazionali\",\"potentialAction\":[{\"@type\":\"SearchAction\",\"target\":{\"@type\":\"EntryPoint\",\"urlTemplate\":\"https:\\\/\\\/www.castingnews.eu\\\/magazine\\\/?s={search_term_string}\"},\"query-input\":{\"@type\":\"PropertyValueSpecification\",\"valueRequired\":true,\"valueName\":\"search_term_string\"}}],\"inLanguage\":\"it-IT\"},{\"@type\":\"Person\",\"@id\":\"https:\\\/\\\/www.castingnews.eu\\\/magazine\\\/#\\\/schema\\\/person\\\/099d71c568c9a7e5e4037b1594108f17\",\"name\":\"Redazione\",\"image\":{\"@type\":\"ImageObject\",\"inLanguage\":\"it-IT\",\"@id\":\"https:\\\/\\\/secure.gravatar.com\\\/avatar\\\/b73a087aa3bd279fb70d24f1960a91c82cf67619395b60b564c90e9e5d5325fc?s=96&d=mm&r=g\",\"url\":\"https:\\\/\\\/secure.gravatar.com\\\/avatar\\\/b73a087aa3bd279fb70d24f1960a91c82cf67619395b60b564c90e9e5d5325fc?s=96&d=mm&r=g\",\"contentUrl\":\"https:\\\/\\\/secure.gravatar.com\\\/avatar\\\/b73a087aa3bd279fb70d24f1960a91c82cf67619395b60b564c90e9e5d5325fc?s=96&d=mm&r=g\",\"caption\":\"Redazione\"},\"description\":\"News e aggiornamenti sui film, serie tv, teatro e festival italiani ed internazionali.\",\"url\":\"https:\\\/\\\/www.castingnews.eu\\\/magazine\\\/author\\\/redazione\\\/\"}]}<\/script>\r\n<!-- \/ Yoast SEO plugin. -->","yoast_head_json":{"title":"Concorso Internazionale di Cortometraggi Urban Islands \u2013 ll Cinema e la Citt\u00e0 - Casting News Magazine","robots":{"index":"index","follow":"follow","max-snippet":"max-snippet:-1","max-image-preview":"max-image-preview:large","max-video-preview":"max-video-preview:-1"},"canonical":"https:\/\/www.castingnews.eu\/magazine\/2012\/04\/10\/concorso-internazionale-di-cortometraggi-urban-islands-ll-cinema-e-la-citta\/","og_locale":"it_IT","og_type":"article","og_title":"Concorso Internazionale di Cortometraggi Urban Islands \u2013 ll Cinema e la Citt\u00e0 - Casting News Magazine","og_description":"Giunta alla sua XVIII edizione, L\u2019Isola del Cinema\u00ae, con il Patrocinio di Roma Capitale e Biblioteche di Roma, presenta il secondo capitolo di URBAN ISLANDS \u2013 Il Cinema e le Citt\u00e0\u00ae, un concorso internazionale di cortometraggi. Dopo il successo di partecipazione delle opere e di pubblico della scorsa edizione, L\u2019Isola del Cinema ha deciso di [&hellip;]","og_url":"https:\/\/www.castingnews.eu\/magazine\/2012\/04\/10\/concorso-internazionale-di-cortometraggi-urban-islands-ll-cinema-e-la-citta\/","og_site_name":"Casting News Magazine","article_published_time":"2012-04-10T11:43:26+00:00","og_image":[{"width":430,"height":228,"url":"https:\/\/www.castingnews.eu\/magazine\/wp-content\/uploads\/2012\/04\/Urban-Islands-ll-Cinema-e-la-Citta-1.jpg","type":"image\/jpeg"}],"author":"Redazione","twitter_card":"summary_large_image","twitter_misc":{"Scritto da":"Redazione","Tempo di lettura stimato":"2 minuti"},"schema":{"@context":"https:\/\/schema.org","@graph":[{"@type":"Article","@id":"https:\/\/www.castingnews.eu\/magazine\/2012\/04\/10\/concorso-internazionale-di-cortometraggi-urban-islands-ll-cinema-e-la-citta\/#article","isPartOf":{"@id":"https:\/\/www.castingnews.eu\/magazine\/2012\/04\/10\/concorso-internazionale-di-cortometraggi-urban-islands-ll-cinema-e-la-citta\/"},"author":{"name":"Redazione","@id":"https:\/\/www.castingnews.eu\/magazine\/#\/schema\/person\/099d71c568c9a7e5e4037b1594108f17"},"headline":"Concorso Internazionale di Cortometraggi Urban Islands \u2013 ll Cinema e la Citt\u00e0","datePublished":"2012-04-10T11:43:26+00:00","mainEntityOfPage":{"@id":"https:\/\/www.castingnews.eu\/magazine\/2012\/04\/10\/concorso-internazionale-di-cortometraggi-urban-islands-ll-cinema-e-la-citta\/"},"wordCount":439,"image":{"@id":"https:\/\/www.castingnews.eu\/magazine\/2012\/04\/10\/concorso-internazionale-di-cortometraggi-urban-islands-ll-cinema-e-la-citta\/#primaryimage"},"thumbnailUrl":"https:\/\/www.castingnews.eu\/magazine\/wp-content\/uploads\/2012\/04\/Urban-Islands-ll-Cinema-e-la-Citta-1.jpg","keywords":["Biblioteche di Roma","Concorso","Concorso internazionale","Cortometraggi","Isola del Cinema","Italia","Roma","Roma Capitale","Urban Islands \u2013 ll Cinema e la Citt\u00e0"],"articleSection":["Cortometraggi","Primo piano"],"inLanguage":"it-IT"},{"@type":"WebPage","@id":"https:\/\/www.castingnews.eu\/magazine\/2012\/04\/10\/concorso-internazionale-di-cortometraggi-urban-islands-ll-cinema-e-la-citta\/","url":"https:\/\/www.castingnews.eu\/magazine\/2012\/04\/10\/concorso-internazionale-di-cortometraggi-urban-islands-ll-cinema-e-la-citta\/","name":"Concorso Internazionale di Cortometraggi Urban Islands \u2013 ll Cinema e la Citt\u00e0 - Casting News Magazine","isPartOf":{"@id":"https:\/\/www.castingnews.eu\/magazine\/#website"},"primaryImageOfPage":{"@id":"https:\/\/www.castingnews.eu\/magazine\/2012\/04\/10\/concorso-internazionale-di-cortometraggi-urban-islands-ll-cinema-e-la-citta\/#primaryimage"},"image":{"@id":"https:\/\/www.castingnews.eu\/magazine\/2012\/04\/10\/concorso-internazionale-di-cortometraggi-urban-islands-ll-cinema-e-la-citta\/#primaryimage"},"thumbnailUrl":"https:\/\/www.castingnews.eu\/magazine\/wp-content\/uploads\/2012\/04\/Urban-Islands-ll-Cinema-e-la-Citta-1.jpg","datePublished":"2012-04-10T11:43:26+00:00","author":{"@id":"https:\/\/www.castingnews.eu\/magazine\/#\/schema\/person\/099d71c568c9a7e5e4037b1594108f17"},"breadcrumb":{"@id":"https:\/\/www.castingnews.eu\/magazine\/2012\/04\/10\/concorso-internazionale-di-cortometraggi-urban-islands-ll-cinema-e-la-citta\/#breadcrumb"},"inLanguage":"it-IT","potentialAction":[{"@type":"ReadAction","target":["https:\/\/www.castingnews.eu\/magazine\/2012\/04\/10\/concorso-internazionale-di-cortometraggi-urban-islands-ll-cinema-e-la-citta\/"]}]},{"@type":"ImageObject","inLanguage":"it-IT","@id":"https:\/\/www.castingnews.eu\/magazine\/2012\/04\/10\/concorso-internazionale-di-cortometraggi-urban-islands-ll-cinema-e-la-citta\/#primaryimage","url":"https:\/\/www.castingnews.eu\/magazine\/wp-content\/uploads\/2012\/04\/Urban-Islands-ll-Cinema-e-la-Citta-1.jpg","contentUrl":"https:\/\/www.castingnews.eu\/magazine\/wp-content\/uploads\/2012\/04\/Urban-Islands-ll-Cinema-e-la-Citta-1.jpg","width":430,"height":228},{"@type":"BreadcrumbList","@id":"https:\/\/www.castingnews.eu\/magazine\/2012\/04\/10\/concorso-internazionale-di-cortometraggi-urban-islands-ll-cinema-e-la-citta\/#breadcrumb","itemListElement":[{"@type":"ListItem","position":1,"name":"Home","item":"https:\/\/www.castingnews.eu\/magazine\/"},{"@type":"ListItem","position":2,"name":"Concorso Internazionale di Cortometraggi Urban Islands \u2013 ll Cinema e la Citt\u00e0"}]},{"@type":"WebSite","@id":"https:\/\/www.castingnews.eu\/magazine\/#website","url":"https:\/\/www.castingnews.eu\/magazine\/","name":"Casting News Magazine","description":"News e aggiornamenti sui film, serie tv, teatro e festival italiani ed internazionali","potentialAction":[{"@type":"SearchAction","target":{"@type":"EntryPoint","urlTemplate":"https:\/\/www.castingnews.eu\/magazine\/?s={search_term_string}"},"query-input":{"@type":"PropertyValueSpecification","valueRequired":true,"valueName":"search_term_string"}}],"inLanguage":"it-IT"},{"@type":"Person","@id":"https:\/\/www.castingnews.eu\/magazine\/#\/schema\/person\/099d71c568c9a7e5e4037b1594108f17","name":"Redazione","image":{"@type":"ImageObject","inLanguage":"it-IT","@id":"https:\/\/secure.gravatar.com\/avatar\/b73a087aa3bd279fb70d24f1960a91c82cf67619395b60b564c90e9e5d5325fc?s=96&d=mm&r=g","url":"https:\/\/secure.gravatar.com\/avatar\/b73a087aa3bd279fb70d24f1960a91c82cf67619395b60b564c90e9e5d5325fc?s=96&d=mm&r=g","contentUrl":"https:\/\/secure.gravatar.com\/avatar\/b73a087aa3bd279fb70d24f1960a91c82cf67619395b60b564c90e9e5d5325fc?s=96&d=mm&r=g","caption":"Redazione"},"description":"News e aggiornamenti sui film, serie tv, teatro e festival italiani ed internazionali.","url":"https:\/\/www.castingnews.eu\/magazine\/author\/redazione\/"}]}},"_links":{"self":[{"href":"https:\/\/www.castingnews.eu\/magazine\/wp-json\/wp\/v2\/posts\/819","targetHints":{"allow":["GET"]}}],"collection":[{"href":"https:\/\/www.castingnews.eu\/magazine\/wp-json\/wp\/v2\/posts"}],"about":[{"href":"https:\/\/www.castingnews.eu\/magazine\/wp-json\/wp\/v2\/types\/post"}],"author":[{"embeddable":true,"href":"https:\/\/www.castingnews.eu\/magazine\/wp-json\/wp\/v2\/users\/1"}],"replies":[{"embeddable":true,"href":"https:\/\/www.castingnews.eu\/magazine\/wp-json\/wp\/v2\/comments?post=819"}],"version-history":[{"count":0,"href":"https:\/\/www.castingnews.eu\/magazine\/wp-json\/wp\/v2\/posts\/819\/revisions"}],"wp:featuredmedia":[{"embeddable":true,"href":"https:\/\/www.castingnews.eu\/magazine\/wp-json\/wp\/v2\/media\/820"}],"wp:attachment":[{"href":"https:\/\/www.castingnews.eu\/magazine\/wp-json\/wp\/v2\/media?parent=819"}],"wp:term":[{"taxonomy":"category","embeddable":true,"href":"https:\/\/www.castingnews.eu\/magazine\/wp-json\/wp\/v2\/categories?post=819"},{"taxonomy":"post_tag","embeddable":true,"href":"https:\/\/www.castingnews.eu\/magazine\/wp-json\/wp\/v2\/tags?post=819"}],"curies":[{"name":"wp","href":"https:\/\/api.w.org\/{rel}","templated":true}]}}