{"id":784,"date":"2012-01-26T13:41:50","date_gmt":"2012-01-26T12:41:50","guid":{"rendered":"http:\/\/www.film-movie.eu\/?p=784"},"modified":"2012-01-26T13:41:50","modified_gmt":"2012-01-26T12:41:50","slug":"lopera-di-blue-joy-arriva-a-bologna-come-pezzo-master","status":"publish","type":"post","link":"https:\/\/www.castingnews.eu\/magazine\/2012\/01\/26\/lopera-di-blue-joy-arriva-a-bologna-come-pezzo-master\/","title":{"rendered":"L\u2019opera di Blue &#038; Joy arriva a Bologna come pezzo master"},"content":{"rendered":"<h3 style=\"text-align: justify;\" dir=\"ltr\">Dalle sponde del lago di Revine ad Arte Fiera a Bologna.<\/h3>\n<p style=\"text-align: justify;\" dir=\"ltr\">L\u2019opera di Blue &amp; Joy dopo l\u2019esposizione al Lago Film Fest arriva a Bologna come pezzo master.<br \/>\nApproder\u00e0 domani venerd\u00ec 27 gennaio a Bologna, ad Artefiera, la pi\u00f9 importante esposizione internazionale d&#8217;Arte contemporanea in Italia, \u201cTHE END\u201d la primissima opera al neon realizzata dal duo di artisti Blue &amp; Joy con la collaborazione dell&#8217;azienda Neonlauro di Conegliano.<br \/>\nSinergia perfetta, quella tra il duo pi\u00f9 irrequieto e brillante dell&#8217;arte contemporanea e l&#8217;azienda leader del settore di illuminazione al neon, che si \u00e8 espressa in terra veneta grazie al Lago Film Fest, la kermesse cinematografica che sulle rive del Lago di Revine Lago e tra le pietre del suo borgo offre una vetrina d&#8217;eccellenza della nuova arte cinematografica (tra corti, video sperimentali, fiction, viral video, spot) .<\/p><div class=\"6d3639e8c6ac292cde400fad8ff8a5b9\" data-index=\"1\" style=\"float: none; margin:10px 0 10px 0; text-align:center;\">\n<script async src=\"\/\/pagead2.googlesyndication.com\/pagead\/js\/adsbygoogle.js\"><\/script>\r\n<!-- Casting Bambini NEW -->\r\n<ins class=\"adsbygoogle\"\r\n     style=\"display:inline-block;width:336px;height:280px\"\r\n     data-ad-client=\"ca-pub-5538097485429833\"\r\n     data-ad-slot=\"5127154445\"><\/ins>\r\n<script>\r\n(adsbygoogle = window.adsbygoogle || []).push({});\r\n<\/script>\n<\/div>\n\n<p style=\"text-align: justify;\" dir=\"ltr\">Pezzo master dell&#8217;esposizione bolognese di Blue&amp;Joy ad Arte Fiera con la galleria Paola Colombari di Milano, \u201cThe End\u201d ha debuttato infatti proprio a Lago nel luglio 2011 dove i due artisti hanno trovato nella progettualit\u00e0 del Festival diretto da Viviana Carlet e nelle risorse inestimabili del territorio le coordinate ideali per concretizzare il loro progetto d&#8217;arte. \u201cPer noi \u00e8 una grande soddisfazione, la conferma che Lago Film Fest non solo valorizza il territorio ma crea occasioni per chi ci lavora, per gli artisti e per le aziende che ci sostengono\u201d sostiene Carlet.<\/p>\n<p style=\"text-align: justify;\" dir=\"ltr\">Blue &amp; Joy, vivace ed irrequieto duo artistico con base a Berlino, espongono ovunque e vantano un pubblico di estimatori e collezionisti che spaziano da Vittorio Sgarbi a Lapo Elkan fino a Kate Moss. Mosaici, dipinti ad olio, sculture in carta e involuzioni materiche in poliuterano espanso, trame di vetroresina e tanto altro ancora. Blue &amp; Joy non si risparmiano in nulla e non hanno paura di nulla. Per incontrarli, basta affidarsi al caos. \u201cThe End\u201d \u00e8 la loro prima opera d&#8217;arte al neon.<\/p>\n<p style=\"text-align: justify;\">*A questo link \u00e8 possibile visualizzare il promo dell\u2019evento <a href=\"http:\/\/www.youtube.com\/watch?v=sh_RGBqTbA4&amp;list=UUFdJIoHpGcudPDpNLjvGQaw&amp;index=2&amp;feature=plcp\">http:\/\/www.youtube.com\/watch?v=sh_RGBqTbA4&amp;list=UUFdJIoHpGcudPDpNLjvGQaw&amp;index=2&amp;feature=plcp<\/a><\/p>\n<p style=\"text-align: justify;\">Ester Del Longo \/\/ Lago Film Fest<\/p>\n<p style=\"text-align: justify;\">LAGO FILM FEST _ 8^ EDIZIONE<br \/>\n20-28 Luglio 2012 \/ Revine Lago,Treviso<br \/>\nDeadline Contest: Film_1 marzo 2012 \/ Sceneggiature_30 marzo<\/p>\n<p style=\"text-align: justify;\">CONTATTI<br \/>\n<a href=\"http:\/\/www.lagofest.org\">www.lagofest.org<\/a><br \/>\n<a href=\"mailto:info@lagofest.org\">info@lagofest.org<\/a> \/ <a href=\"mailto:press@lagofest.org\">press@lagofest.org<\/a><\/p>\n<p style=\"text-align: justify;\">SOCIAL<br \/>\n<a href=\"http:\/\/www.facebook.com\/lagofilmfest\">www.facebook.com\/lagofilmfest<\/a><br \/>\n<a href=\"http:\/\/www.lagofest.org\/blog\">www.lagofest.org\/blog<\/a><br \/>\n<a href=\"http:\/\/www.twitter.com\/lagofilmfest\">www.twitter.com\/lagofilmfest<\/a><\/p>\n\n<div style=\"font-size: 0px; height: 0px; line-height: 0px; margin: 0; padding: 0; clear: both;\"><\/div>","protected":false},"excerpt":{"rendered":"<p>Dalle sponde del lago di Revine ad Arte Fiera a Bologna. L\u2019opera di Blue &amp; Joy dopo l\u2019esposizione al Lago Film Fest arriva a Bologna come pezzo master. Approder\u00e0 domani venerd\u00ec 27 gennaio a Bologna, ad Artefiera, la pi\u00f9 importante esposizione internazionale d&#8217;Arte contemporanea in Italia, \u201cTHE END\u201d la primissima opera al neon realizzata dal [&hellip;]<\/p>\n","protected":false},"author":1,"featured_media":785,"comment_status":"closed","ping_status":"open","sticky":false,"template":"","format":"standard","meta":{"tdm_status":"","tdm_grid_status":"","footnotes":""},"categories":[11,24],"tags":[171,172,173,229,233,356,470,767,768,900,1001,1349],"class_list":{"0":"post-784","1":"post","2":"type-post","3":"status-publish","4":"format-standard","5":"has-post-thumbnail","7":"category-festival","8":"category-mostre","9":"tag-arte-contemporanea-in-italia","10":"tag-arte-fiera-a-bologna","11":"tag-artefiera","12":"tag-blue-joy","13":"tag-bologna","14":"tag-conegliano","15":"tag-esposizione-internazionale","16":"tag-lago-di-revine","17":"tag-lago-film-fest","18":"tag-master","19":"tag-neonlauro","20":"tag-the-end"},"yoast_head":"<!-- This site is optimized with the Yoast SEO plugin v27.4 - https:\/\/yoast.com\/product\/yoast-seo-wordpress\/ -->\r\n<title>L\u2019opera di Blue &amp; Joy arriva a Bologna come pezzo master - Casting News Magazine<\/title>\r\n<meta name=\"robots\" content=\"index, follow, max-snippet:-1, max-image-preview:large, max-video-preview:-1\" \/>\r\n<link rel=\"canonical\" href=\"https:\/\/www.castingnews.eu\/magazine\/2012\/01\/26\/lopera-di-blue-joy-arriva-a-bologna-come-pezzo-master\/\" \/>\r\n<meta property=\"og:locale\" content=\"it_IT\" \/>\r\n<meta property=\"og:type\" content=\"article\" \/>\r\n<meta property=\"og:title\" content=\"L\u2019opera di Blue &amp; Joy arriva a Bologna come pezzo master - Casting News Magazine\" \/>\r\n<meta property=\"og:description\" content=\"Dalle sponde del lago di Revine ad Arte Fiera a Bologna. L\u2019opera di Blue &amp; Joy dopo l\u2019esposizione al Lago Film Fest arriva a Bologna come pezzo master. Approder\u00e0 domani venerd\u00ec 27 gennaio a Bologna, ad Artefiera, la pi\u00f9 importante esposizione internazionale d&#8217;Arte contemporanea in Italia, \u201cTHE END\u201d la primissima opera al neon realizzata dal [&hellip;]\" \/>\r\n<meta property=\"og:url\" content=\"https:\/\/www.castingnews.eu\/magazine\/2012\/01\/26\/lopera-di-blue-joy-arriva-a-bologna-come-pezzo-master\/\" \/>\r\n<meta property=\"og:site_name\" content=\"Casting News Magazine\" \/>\r\n<meta property=\"article:published_time\" content=\"2012-01-26T12:41:50+00:00\" \/>\r\n<meta property=\"og:image\" content=\"https:\/\/www.castingnews.eu\/magazine\/wp-content\/uploads\/2012\/01\/fotoneon2012-1.jpg\" \/>\r\n\t<meta property=\"og:image:width\" content=\"500\" \/>\r\n\t<meta property=\"og:image:height\" content=\"321\" \/>\r\n\t<meta property=\"og:image:type\" content=\"image\/jpeg\" \/>\r\n<meta name=\"author\" content=\"Redazione\" \/>\r\n<meta name=\"twitter:card\" content=\"summary_large_image\" \/>\r\n<meta name=\"twitter:label1\" content=\"Scritto da\" \/>\n\t<meta name=\"twitter:data1\" content=\"Redazione\" \/>\n\t<meta name=\"twitter:label2\" content=\"Tempo di lettura stimato\" \/>\n\t<meta name=\"twitter:data2\" content=\"2 minuti\" \/>\r\n<script type=\"application\/ld+json\" class=\"yoast-schema-graph\">{\"@context\":\"https:\\\/\\\/schema.org\",\"@graph\":[{\"@type\":\"Article\",\"@id\":\"https:\\\/\\\/www.castingnews.eu\\\/magazine\\\/2012\\\/01\\\/26\\\/lopera-di-blue-joy-arriva-a-bologna-come-pezzo-master\\\/#article\",\"isPartOf\":{\"@id\":\"https:\\\/\\\/www.castingnews.eu\\\/magazine\\\/2012\\\/01\\\/26\\\/lopera-di-blue-joy-arriva-a-bologna-come-pezzo-master\\\/\"},\"author\":{\"name\":\"Redazione\",\"@id\":\"https:\\\/\\\/www.castingnews.eu\\\/magazine\\\/#\\\/schema\\\/person\\\/099d71c568c9a7e5e4037b1594108f17\"},\"headline\":\"L\u2019opera di Blue &#038; Joy arriva a Bologna come pezzo master\",\"datePublished\":\"2012-01-26T12:41:50+00:00\",\"mainEntityOfPage\":{\"@id\":\"https:\\\/\\\/www.castingnews.eu\\\/magazine\\\/2012\\\/01\\\/26\\\/lopera-di-blue-joy-arriva-a-bologna-come-pezzo-master\\\/\"},\"wordCount\":398,\"image\":{\"@id\":\"https:\\\/\\\/www.castingnews.eu\\\/magazine\\\/2012\\\/01\\\/26\\\/lopera-di-blue-joy-arriva-a-bologna-come-pezzo-master\\\/#primaryimage\"},\"thumbnailUrl\":\"https:\\\/\\\/www.castingnews.eu\\\/magazine\\\/wp-content\\\/uploads\\\/2012\\\/01\\\/fotoneon2012-1.jpg\",\"keywords\":[\"Arte contemporanea in Italia\",\"Arte Fiera a Bologna\",\"Artefiera\",\"Blue &amp; Joy\",\"Bologna\",\"Conegliano\",\"esposizione internazionale\",\"lago di Revine\",\"LAGO FILM FEST\",\"Master\",\"Neonlauro\",\"THE END\"],\"articleSection\":[\"Festival\",\"Mostre\"],\"inLanguage\":\"it-IT\"},{\"@type\":\"WebPage\",\"@id\":\"https:\\\/\\\/www.castingnews.eu\\\/magazine\\\/2012\\\/01\\\/26\\\/lopera-di-blue-joy-arriva-a-bologna-come-pezzo-master\\\/\",\"url\":\"https:\\\/\\\/www.castingnews.eu\\\/magazine\\\/2012\\\/01\\\/26\\\/lopera-di-blue-joy-arriva-a-bologna-come-pezzo-master\\\/\",\"name\":\"L\u2019opera di Blue & Joy arriva a Bologna come pezzo master - Casting News Magazine\",\"isPartOf\":{\"@id\":\"https:\\\/\\\/www.castingnews.eu\\\/magazine\\\/#website\"},\"primaryImageOfPage\":{\"@id\":\"https:\\\/\\\/www.castingnews.eu\\\/magazine\\\/2012\\\/01\\\/26\\\/lopera-di-blue-joy-arriva-a-bologna-come-pezzo-master\\\/#primaryimage\"},\"image\":{\"@id\":\"https:\\\/\\\/www.castingnews.eu\\\/magazine\\\/2012\\\/01\\\/26\\\/lopera-di-blue-joy-arriva-a-bologna-come-pezzo-master\\\/#primaryimage\"},\"thumbnailUrl\":\"https:\\\/\\\/www.castingnews.eu\\\/magazine\\\/wp-content\\\/uploads\\\/2012\\\/01\\\/fotoneon2012-1.jpg\",\"datePublished\":\"2012-01-26T12:41:50+00:00\",\"author\":{\"@id\":\"https:\\\/\\\/www.castingnews.eu\\\/magazine\\\/#\\\/schema\\\/person\\\/099d71c568c9a7e5e4037b1594108f17\"},\"breadcrumb\":{\"@id\":\"https:\\\/\\\/www.castingnews.eu\\\/magazine\\\/2012\\\/01\\\/26\\\/lopera-di-blue-joy-arriva-a-bologna-come-pezzo-master\\\/#breadcrumb\"},\"inLanguage\":\"it-IT\",\"potentialAction\":[{\"@type\":\"ReadAction\",\"target\":[\"https:\\\/\\\/www.castingnews.eu\\\/magazine\\\/2012\\\/01\\\/26\\\/lopera-di-blue-joy-arriva-a-bologna-come-pezzo-master\\\/\"]}]},{\"@type\":\"ImageObject\",\"inLanguage\":\"it-IT\",\"@id\":\"https:\\\/\\\/www.castingnews.eu\\\/magazine\\\/2012\\\/01\\\/26\\\/lopera-di-blue-joy-arriva-a-bologna-come-pezzo-master\\\/#primaryimage\",\"url\":\"https:\\\/\\\/www.castingnews.eu\\\/magazine\\\/wp-content\\\/uploads\\\/2012\\\/01\\\/fotoneon2012-1.jpg\",\"contentUrl\":\"https:\\\/\\\/www.castingnews.eu\\\/magazine\\\/wp-content\\\/uploads\\\/2012\\\/01\\\/fotoneon2012-1.jpg\",\"width\":500,\"height\":321},{\"@type\":\"BreadcrumbList\",\"@id\":\"https:\\\/\\\/www.castingnews.eu\\\/magazine\\\/2012\\\/01\\\/26\\\/lopera-di-blue-joy-arriva-a-bologna-come-pezzo-master\\\/#breadcrumb\",\"itemListElement\":[{\"@type\":\"ListItem\",\"position\":1,\"name\":\"Home\",\"item\":\"https:\\\/\\\/www.castingnews.eu\\\/magazine\\\/\"},{\"@type\":\"ListItem\",\"position\":2,\"name\":\"L\u2019opera di Blue &#038; Joy arriva a Bologna come pezzo master\"}]},{\"@type\":\"WebSite\",\"@id\":\"https:\\\/\\\/www.castingnews.eu\\\/magazine\\\/#website\",\"url\":\"https:\\\/\\\/www.castingnews.eu\\\/magazine\\\/\",\"name\":\"Casting News Magazine\",\"description\":\"News e aggiornamenti sui film, serie tv, teatro e festival italiani ed internazionali\",\"potentialAction\":[{\"@type\":\"SearchAction\",\"target\":{\"@type\":\"EntryPoint\",\"urlTemplate\":\"https:\\\/\\\/www.castingnews.eu\\\/magazine\\\/?s={search_term_string}\"},\"query-input\":{\"@type\":\"PropertyValueSpecification\",\"valueRequired\":true,\"valueName\":\"search_term_string\"}}],\"inLanguage\":\"it-IT\"},{\"@type\":\"Person\",\"@id\":\"https:\\\/\\\/www.castingnews.eu\\\/magazine\\\/#\\\/schema\\\/person\\\/099d71c568c9a7e5e4037b1594108f17\",\"name\":\"Redazione\",\"image\":{\"@type\":\"ImageObject\",\"inLanguage\":\"it-IT\",\"@id\":\"https:\\\/\\\/secure.gravatar.com\\\/avatar\\\/b73a087aa3bd279fb70d24f1960a91c82cf67619395b60b564c90e9e5d5325fc?s=96&d=mm&r=g\",\"url\":\"https:\\\/\\\/secure.gravatar.com\\\/avatar\\\/b73a087aa3bd279fb70d24f1960a91c82cf67619395b60b564c90e9e5d5325fc?s=96&d=mm&r=g\",\"contentUrl\":\"https:\\\/\\\/secure.gravatar.com\\\/avatar\\\/b73a087aa3bd279fb70d24f1960a91c82cf67619395b60b564c90e9e5d5325fc?s=96&d=mm&r=g\",\"caption\":\"Redazione\"},\"description\":\"News e aggiornamenti sui film, serie tv, teatro e festival italiani ed internazionali.\",\"url\":\"https:\\\/\\\/www.castingnews.eu\\\/magazine\\\/author\\\/redazione\\\/\"}]}<\/script>\r\n<!-- \/ Yoast SEO plugin. -->","yoast_head_json":{"title":"L\u2019opera di Blue & Joy arriva a Bologna come pezzo master - Casting News Magazine","robots":{"index":"index","follow":"follow","max-snippet":"max-snippet:-1","max-image-preview":"max-image-preview:large","max-video-preview":"max-video-preview:-1"},"canonical":"https:\/\/www.castingnews.eu\/magazine\/2012\/01\/26\/lopera-di-blue-joy-arriva-a-bologna-come-pezzo-master\/","og_locale":"it_IT","og_type":"article","og_title":"L\u2019opera di Blue & Joy arriva a Bologna come pezzo master - Casting News Magazine","og_description":"Dalle sponde del lago di Revine ad Arte Fiera a Bologna. L\u2019opera di Blue &amp; Joy dopo l\u2019esposizione al Lago Film Fest arriva a Bologna come pezzo master. Approder\u00e0 domani venerd\u00ec 27 gennaio a Bologna, ad Artefiera, la pi\u00f9 importante esposizione internazionale d&#8217;Arte contemporanea in Italia, \u201cTHE END\u201d la primissima opera al neon realizzata dal [&hellip;]","og_url":"https:\/\/www.castingnews.eu\/magazine\/2012\/01\/26\/lopera-di-blue-joy-arriva-a-bologna-come-pezzo-master\/","og_site_name":"Casting News Magazine","article_published_time":"2012-01-26T12:41:50+00:00","og_image":[{"width":500,"height":321,"url":"https:\/\/www.castingnews.eu\/magazine\/wp-content\/uploads\/2012\/01\/fotoneon2012-1.jpg","type":"image\/jpeg"}],"author":"Redazione","twitter_card":"summary_large_image","twitter_misc":{"Scritto da":"Redazione","Tempo di lettura stimato":"2 minuti"},"schema":{"@context":"https:\/\/schema.org","@graph":[{"@type":"Article","@id":"https:\/\/www.castingnews.eu\/magazine\/2012\/01\/26\/lopera-di-blue-joy-arriva-a-bologna-come-pezzo-master\/#article","isPartOf":{"@id":"https:\/\/www.castingnews.eu\/magazine\/2012\/01\/26\/lopera-di-blue-joy-arriva-a-bologna-come-pezzo-master\/"},"author":{"name":"Redazione","@id":"https:\/\/www.castingnews.eu\/magazine\/#\/schema\/person\/099d71c568c9a7e5e4037b1594108f17"},"headline":"L\u2019opera di Blue &#038; Joy arriva a Bologna come pezzo master","datePublished":"2012-01-26T12:41:50+00:00","mainEntityOfPage":{"@id":"https:\/\/www.castingnews.eu\/magazine\/2012\/01\/26\/lopera-di-blue-joy-arriva-a-bologna-come-pezzo-master\/"},"wordCount":398,"image":{"@id":"https:\/\/www.castingnews.eu\/magazine\/2012\/01\/26\/lopera-di-blue-joy-arriva-a-bologna-come-pezzo-master\/#primaryimage"},"thumbnailUrl":"https:\/\/www.castingnews.eu\/magazine\/wp-content\/uploads\/2012\/01\/fotoneon2012-1.jpg","keywords":["Arte contemporanea in Italia","Arte Fiera a Bologna","Artefiera","Blue &amp; Joy","Bologna","Conegliano","esposizione internazionale","lago di Revine","LAGO FILM FEST","Master","Neonlauro","THE END"],"articleSection":["Festival","Mostre"],"inLanguage":"it-IT"},{"@type":"WebPage","@id":"https:\/\/www.castingnews.eu\/magazine\/2012\/01\/26\/lopera-di-blue-joy-arriva-a-bologna-come-pezzo-master\/","url":"https:\/\/www.castingnews.eu\/magazine\/2012\/01\/26\/lopera-di-blue-joy-arriva-a-bologna-come-pezzo-master\/","name":"L\u2019opera di Blue & Joy arriva a Bologna come pezzo master - Casting News Magazine","isPartOf":{"@id":"https:\/\/www.castingnews.eu\/magazine\/#website"},"primaryImageOfPage":{"@id":"https:\/\/www.castingnews.eu\/magazine\/2012\/01\/26\/lopera-di-blue-joy-arriva-a-bologna-come-pezzo-master\/#primaryimage"},"image":{"@id":"https:\/\/www.castingnews.eu\/magazine\/2012\/01\/26\/lopera-di-blue-joy-arriva-a-bologna-come-pezzo-master\/#primaryimage"},"thumbnailUrl":"https:\/\/www.castingnews.eu\/magazine\/wp-content\/uploads\/2012\/01\/fotoneon2012-1.jpg","datePublished":"2012-01-26T12:41:50+00:00","author":{"@id":"https:\/\/www.castingnews.eu\/magazine\/#\/schema\/person\/099d71c568c9a7e5e4037b1594108f17"},"breadcrumb":{"@id":"https:\/\/www.castingnews.eu\/magazine\/2012\/01\/26\/lopera-di-blue-joy-arriva-a-bologna-come-pezzo-master\/#breadcrumb"},"inLanguage":"it-IT","potentialAction":[{"@type":"ReadAction","target":["https:\/\/www.castingnews.eu\/magazine\/2012\/01\/26\/lopera-di-blue-joy-arriva-a-bologna-come-pezzo-master\/"]}]},{"@type":"ImageObject","inLanguage":"it-IT","@id":"https:\/\/www.castingnews.eu\/magazine\/2012\/01\/26\/lopera-di-blue-joy-arriva-a-bologna-come-pezzo-master\/#primaryimage","url":"https:\/\/www.castingnews.eu\/magazine\/wp-content\/uploads\/2012\/01\/fotoneon2012-1.jpg","contentUrl":"https:\/\/www.castingnews.eu\/magazine\/wp-content\/uploads\/2012\/01\/fotoneon2012-1.jpg","width":500,"height":321},{"@type":"BreadcrumbList","@id":"https:\/\/www.castingnews.eu\/magazine\/2012\/01\/26\/lopera-di-blue-joy-arriva-a-bologna-come-pezzo-master\/#breadcrumb","itemListElement":[{"@type":"ListItem","position":1,"name":"Home","item":"https:\/\/www.castingnews.eu\/magazine\/"},{"@type":"ListItem","position":2,"name":"L\u2019opera di Blue &#038; Joy arriva a Bologna come pezzo master"}]},{"@type":"WebSite","@id":"https:\/\/www.castingnews.eu\/magazine\/#website","url":"https:\/\/www.castingnews.eu\/magazine\/","name":"Casting News Magazine","description":"News e aggiornamenti sui film, serie tv, teatro e festival italiani ed internazionali","potentialAction":[{"@type":"SearchAction","target":{"@type":"EntryPoint","urlTemplate":"https:\/\/www.castingnews.eu\/magazine\/?s={search_term_string}"},"query-input":{"@type":"PropertyValueSpecification","valueRequired":true,"valueName":"search_term_string"}}],"inLanguage":"it-IT"},{"@type":"Person","@id":"https:\/\/www.castingnews.eu\/magazine\/#\/schema\/person\/099d71c568c9a7e5e4037b1594108f17","name":"Redazione","image":{"@type":"ImageObject","inLanguage":"it-IT","@id":"https:\/\/secure.gravatar.com\/avatar\/b73a087aa3bd279fb70d24f1960a91c82cf67619395b60b564c90e9e5d5325fc?s=96&d=mm&r=g","url":"https:\/\/secure.gravatar.com\/avatar\/b73a087aa3bd279fb70d24f1960a91c82cf67619395b60b564c90e9e5d5325fc?s=96&d=mm&r=g","contentUrl":"https:\/\/secure.gravatar.com\/avatar\/b73a087aa3bd279fb70d24f1960a91c82cf67619395b60b564c90e9e5d5325fc?s=96&d=mm&r=g","caption":"Redazione"},"description":"News e aggiornamenti sui film, serie tv, teatro e festival italiani ed internazionali.","url":"https:\/\/www.castingnews.eu\/magazine\/author\/redazione\/"}]}},"_links":{"self":[{"href":"https:\/\/www.castingnews.eu\/magazine\/wp-json\/wp\/v2\/posts\/784","targetHints":{"allow":["GET"]}}],"collection":[{"href":"https:\/\/www.castingnews.eu\/magazine\/wp-json\/wp\/v2\/posts"}],"about":[{"href":"https:\/\/www.castingnews.eu\/magazine\/wp-json\/wp\/v2\/types\/post"}],"author":[{"embeddable":true,"href":"https:\/\/www.castingnews.eu\/magazine\/wp-json\/wp\/v2\/users\/1"}],"replies":[{"embeddable":true,"href":"https:\/\/www.castingnews.eu\/magazine\/wp-json\/wp\/v2\/comments?post=784"}],"version-history":[{"count":0,"href":"https:\/\/www.castingnews.eu\/magazine\/wp-json\/wp\/v2\/posts\/784\/revisions"}],"wp:featuredmedia":[{"embeddable":true,"href":"https:\/\/www.castingnews.eu\/magazine\/wp-json\/wp\/v2\/media\/785"}],"wp:attachment":[{"href":"https:\/\/www.castingnews.eu\/magazine\/wp-json\/wp\/v2\/media?parent=784"}],"wp:term":[{"taxonomy":"category","embeddable":true,"href":"https:\/\/www.castingnews.eu\/magazine\/wp-json\/wp\/v2\/categories?post=784"},{"taxonomy":"post_tag","embeddable":true,"href":"https:\/\/www.castingnews.eu\/magazine\/wp-json\/wp\/v2\/tags?post=784"}],"curies":[{"name":"wp","href":"https:\/\/api.w.org\/{rel}","templated":true}]}}