{"id":7340,"date":"2023-11-04T17:26:26","date_gmt":"2023-11-04T16:26:26","guid":{"rendered":"https:\/\/www.castingnews.eu\/magazine\/?p=7340"},"modified":"2023-11-04T17:26:29","modified_gmt":"2023-11-04T16:26:29","slug":"casting-a-roma-per-la-nuova-stagione-di-viola-come-il-mare-si-cerca-un-bambino-tra-i-6-e-gli-8-anni","status":"publish","type":"post","link":"https:\/\/www.castingnews.eu\/magazine\/2023\/11\/04\/casting-a-roma-per-la-nuova-stagione-di-viola-come-il-mare-si-cerca-un-bambino-tra-i-6-e-gli-8-anni\/","title":{"rendered":"Casting a Roma per la nuova stagione di \u201cViola come il mare\u201d: Si cerca un bambino tra i 6 e gli 8 anni"},"content":{"rendered":"\n<p>Le riprese della nuova stagione della serie televisiva di successo di Mediaset, <strong><a href=\"https:\/\/www.castingnews.eu\/news\/news.asp?id_news=10684&amp;id_cat=1\">&#8220;Viola come il mare&#8221;<\/a><\/strong>, sono in corso, e i fan non possono fare a meno di attendere con trepidazione il ritorno dei loro amati personaggi, Viola Vitale e Francesco Demir, interpretati rispettivamente da Francesca Chillemi e Can Yaman. La produzione \u00e8 attualmente alla ricerca di un giovane talento per la realizzazione di alcune scene che verranno girate a Roma.<\/p><div class=\"6d3639e8c6ac292cde400fad8ff8a5b9\" data-index=\"1\" style=\"float: none; margin:10px 0 10px 0; text-align:center;\">\n<script async src=\"\/\/pagead2.googlesyndication.com\/pagead\/js\/adsbygoogle.js\"><\/script>\r\n<!-- Casting Bambini NEW -->\r\n<ins class=\"adsbygoogle\"\r\n     style=\"display:inline-block;width:336px;height:280px\"\r\n     data-ad-client=\"ca-pub-5538097485429833\"\r\n     data-ad-slot=\"5127154445\"><\/ins>\r\n<script>\r\n(adsbygoogle = window.adsbygoogle || []).push({});\r\n<\/script>\n<\/div>\n\n\n\n\n<p>La produzione della serie \u00e8 alla ricerca di un bambino di et\u00e0 compresa tra i 6 e gli 8 anni in grado di suonare il pianoforte. Questa ricerca \u00e8 rivolta a residenti e domiciliati a Roma e dintorni. Il candidato ideale dovrebbe avere una conoscenza di base o anche un talento eccezionale per il pianoforte. L&#8217;opportunit\u00e0 rappresenta anche un&#8217;occasione unica per lavorare accanto a professionisti affermati nell&#8217;industria dell&#8217;intrattenimento.<br>Il lavoro sar\u00e0 regolarmente retribuito.<br><strong>Tutti i dettagli sono disponibili nell\u2019area riservata di Casting News Professional al seguente link: <a href=\"https:\/\/www.castingnews.eu\/news\/news.asp?id_news=10684&amp;id_cat=1\">\u201cViola come il mare 2\u201d: Si cerca un bambino dai 6 agli 8 anni per la nuova stagione con Can Yaman e Francesca Chillemi<\/a><\/strong><\/p>\n\n\n\n<p>Seguici per ulteriori aggiornamenti e notizie sulla produzione della serie, i casting e gli eventi futuri.<br>Iscriviti alla <strong><a href=\"https:\/\/www.castingnewsletter.eu\/CastingNewsPro\/\" target=\"_blank\" rel=\"noreferrer noopener\">newsletter giornaliera<\/a><\/strong> di Casting News Professional<\/p>\n\n<div style=\"font-size: 0px; height: 0px; line-height: 0px; margin: 0; padding: 0; clear: both;\"><\/div>","protected":false},"excerpt":{"rendered":"<p>Le riprese della nuova stagione della serie televisiva di successo di Mediaset, &#8220;Viola come il mare&#8221;, sono in corso, e i fan non possono fare a meno di attendere con trepidazione il ritorno dei loro amati personaggi, Viola Vitale e Francesco Demir, interpretati rispettivamente da Francesca Chillemi e Can Yaman. La produzione \u00e8 attualmente alla [&hellip;]<\/p>\n","protected":false},"author":1,"featured_media":7341,"comment_status":"open","ping_status":"open","sticky":false,"template":"","format":"standard","meta":{"tdm_status":"","tdm_grid_status":"","footnotes":""},"categories":[1462,1463,1533,71,3958,21,31],"tags":[1631,1612,1715,1630,3676,272,273,3590,5008,1608,5007,5009,5304],"class_list":{"0":"post-7340","1":"post","2":"type-post","3":"status-publish","4":"format-standard","5":"has-post-thumbnail","7":"category-fiction-tv","8":"category-fiction-tv-casting-provini","9":"category-featured","10":"category-italia-paese","11":"category-lazio","12":"category-in-primo-piano","13":"category-progetti-tv","14":"tag-bambini","15":"tag-canale-5","16":"tag-casting-a-roma","17":"tag-casting-bambini","18":"tag-casting-call","19":"tag-casting-magazine","20":"tag-casting-news","21":"tag-casting-roma","22":"tag-francesca-chillemi","23":"tag-mediaset","24":"tag-viola-come-il-mare","25":"tag-viola-come-il-mare-2","26":"tag-yaman"},"yoast_head":"<!-- This site is optimized with the Yoast SEO plugin v27.4 - https:\/\/yoast.com\/product\/yoast-seo-wordpress\/ -->\r\n<title>Casting a Roma per la nuova stagione di \u201cViola come il mare\u201d: Si cerca un bambino tra i 6 e gli 8 anni - Casting News Magazine<\/title>\r\n<meta name=\"description\" content=\"La produzione \u00e8 attualmente alla ricerca di un giovane talento per la realizzazione di alcune scene che verranno girate a Roma.\" \/>\r\n<meta name=\"robots\" content=\"index, follow, max-snippet:-1, max-image-preview:large, max-video-preview:-1\" \/>\r\n<link rel=\"canonical\" href=\"https:\/\/www.castingnews.eu\/magazine\/2023\/11\/04\/casting-a-roma-per-la-nuova-stagione-di-viola-come-il-mare-si-cerca-un-bambino-tra-i-6-e-gli-8-anni\/\" \/>\r\n<meta property=\"og:locale\" content=\"it_IT\" \/>\r\n<meta property=\"og:type\" content=\"article\" \/>\r\n<meta property=\"og:title\" content=\"Casting a Roma per la nuova stagione di \u201cViola come il mare\u201d: Si cerca un bambino tra i 6 e gli 8 anni - Casting News Magazine\" \/>\r\n<meta property=\"og:description\" content=\"La produzione \u00e8 attualmente alla ricerca di un giovane talento per la realizzazione di alcune scene che verranno girate a Roma.\" \/>\r\n<meta property=\"og:url\" content=\"https:\/\/www.castingnews.eu\/magazine\/2023\/11\/04\/casting-a-roma-per-la-nuova-stagione-di-viola-come-il-mare-si-cerca-un-bambino-tra-i-6-e-gli-8-anni\/\" \/>\r\n<meta property=\"og:site_name\" content=\"Casting News Magazine\" \/>\r\n<meta property=\"article:published_time\" content=\"2023-11-04T16:26:26+00:00\" \/>\r\n<meta property=\"article:modified_time\" content=\"2023-11-04T16:26:29+00:00\" \/>\r\n<meta property=\"og:image\" content=\"https:\/\/www.castingnews.eu\/magazine\/wp-content\/uploads\/2023\/11\/Viola-come-il-mare-2-casting-bambino.jpg\" \/>\r\n\t<meta property=\"og:image:width\" content=\"1080\" \/>\r\n\t<meta property=\"og:image:height\" content=\"566\" \/>\r\n\t<meta property=\"og:image:type\" content=\"image\/jpeg\" \/>\r\n<meta name=\"author\" content=\"Redazione\" \/>\r\n<meta name=\"twitter:card\" content=\"summary_large_image\" \/>\r\n<meta name=\"twitter:label1\" content=\"Scritto da\" \/>\n\t<meta name=\"twitter:data1\" content=\"Redazione\" \/>\n\t<meta name=\"twitter:label2\" content=\"Tempo di lettura stimato\" \/>\n\t<meta name=\"twitter:data2\" content=\"2 minuti\" \/>\r\n<script type=\"application\/ld+json\" class=\"yoast-schema-graph\">{\"@context\":\"https:\\\/\\\/schema.org\",\"@graph\":[{\"@type\":\"Article\",\"@id\":\"https:\\\/\\\/www.castingnews.eu\\\/magazine\\\/2023\\\/11\\\/04\\\/casting-a-roma-per-la-nuova-stagione-di-viola-come-il-mare-si-cerca-un-bambino-tra-i-6-e-gli-8-anni\\\/#article\",\"isPartOf\":{\"@id\":\"https:\\\/\\\/www.castingnews.eu\\\/magazine\\\/2023\\\/11\\\/04\\\/casting-a-roma-per-la-nuova-stagione-di-viola-come-il-mare-si-cerca-un-bambino-tra-i-6-e-gli-8-anni\\\/\"},\"author\":{\"name\":\"Redazione\",\"@id\":\"https:\\\/\\\/www.castingnews.eu\\\/magazine\\\/#\\\/schema\\\/person\\\/099d71c568c9a7e5e4037b1594108f17\"},\"headline\":\"Casting a Roma per la nuova stagione di \u201cViola come il mare\u201d: Si cerca un bambino tra i 6 e gli 8 anni\",\"datePublished\":\"2023-11-04T16:26:26+00:00\",\"dateModified\":\"2023-11-04T16:26:29+00:00\",\"mainEntityOfPage\":{\"@id\":\"https:\\\/\\\/www.castingnews.eu\\\/magazine\\\/2023\\\/11\\\/04\\\/casting-a-roma-per-la-nuova-stagione-di-viola-come-il-mare-si-cerca-un-bambino-tra-i-6-e-gli-8-anni\\\/\"},\"wordCount\":224,\"commentCount\":0,\"image\":{\"@id\":\"https:\\\/\\\/www.castingnews.eu\\\/magazine\\\/2023\\\/11\\\/04\\\/casting-a-roma-per-la-nuova-stagione-di-viola-come-il-mare-si-cerca-un-bambino-tra-i-6-e-gli-8-anni\\\/#primaryimage\"},\"thumbnailUrl\":\"https:\\\/\\\/www.castingnews.eu\\\/magazine\\\/wp-content\\\/uploads\\\/2023\\\/11\\\/Viola-come-il-mare-2-casting-bambino.jpg\",\"keywords\":[\"bambini\",\"Canale 5\",\"Casting a Roma\",\"casting bambini\",\"casting call\",\"Casting Magazine\",\"Casting News\",\"Casting Roma\",\"Francesca Chillemi\",\"Mediaset\",\"Viola come il mare\",\"Viola come il mare 2\",\"Yaman\"],\"articleSection\":[\"Fiction TV\",\"Fiction TV\",\"In primo piano\",\"Italia\",\"Lazio\",\"Primo piano\",\"Progetti TV\"],\"inLanguage\":\"it-IT\",\"potentialAction\":[{\"@type\":\"CommentAction\",\"name\":\"Comment\",\"target\":[\"https:\\\/\\\/www.castingnews.eu\\\/magazine\\\/2023\\\/11\\\/04\\\/casting-a-roma-per-la-nuova-stagione-di-viola-come-il-mare-si-cerca-un-bambino-tra-i-6-e-gli-8-anni\\\/#respond\"]}]},{\"@type\":\"WebPage\",\"@id\":\"https:\\\/\\\/www.castingnews.eu\\\/magazine\\\/2023\\\/11\\\/04\\\/casting-a-roma-per-la-nuova-stagione-di-viola-come-il-mare-si-cerca-un-bambino-tra-i-6-e-gli-8-anni\\\/\",\"url\":\"https:\\\/\\\/www.castingnews.eu\\\/magazine\\\/2023\\\/11\\\/04\\\/casting-a-roma-per-la-nuova-stagione-di-viola-come-il-mare-si-cerca-un-bambino-tra-i-6-e-gli-8-anni\\\/\",\"name\":\"Casting a Roma per la nuova stagione di \u201cViola come il mare\u201d: Si cerca un bambino tra i 6 e gli 8 anni - Casting News Magazine\",\"isPartOf\":{\"@id\":\"https:\\\/\\\/www.castingnews.eu\\\/magazine\\\/#website\"},\"primaryImageOfPage\":{\"@id\":\"https:\\\/\\\/www.castingnews.eu\\\/magazine\\\/2023\\\/11\\\/04\\\/casting-a-roma-per-la-nuova-stagione-di-viola-come-il-mare-si-cerca-un-bambino-tra-i-6-e-gli-8-anni\\\/#primaryimage\"},\"image\":{\"@id\":\"https:\\\/\\\/www.castingnews.eu\\\/magazine\\\/2023\\\/11\\\/04\\\/casting-a-roma-per-la-nuova-stagione-di-viola-come-il-mare-si-cerca-un-bambino-tra-i-6-e-gli-8-anni\\\/#primaryimage\"},\"thumbnailUrl\":\"https:\\\/\\\/www.castingnews.eu\\\/magazine\\\/wp-content\\\/uploads\\\/2023\\\/11\\\/Viola-come-il-mare-2-casting-bambino.jpg\",\"datePublished\":\"2023-11-04T16:26:26+00:00\",\"dateModified\":\"2023-11-04T16:26:29+00:00\",\"author\":{\"@id\":\"https:\\\/\\\/www.castingnews.eu\\\/magazine\\\/#\\\/schema\\\/person\\\/099d71c568c9a7e5e4037b1594108f17\"},\"description\":\"La produzione \u00e8 attualmente alla ricerca di un giovane talento per la realizzazione di alcune scene che verranno girate a Roma.\",\"breadcrumb\":{\"@id\":\"https:\\\/\\\/www.castingnews.eu\\\/magazine\\\/2023\\\/11\\\/04\\\/casting-a-roma-per-la-nuova-stagione-di-viola-come-il-mare-si-cerca-un-bambino-tra-i-6-e-gli-8-anni\\\/#breadcrumb\"},\"inLanguage\":\"it-IT\",\"potentialAction\":[{\"@type\":\"ReadAction\",\"target\":[\"https:\\\/\\\/www.castingnews.eu\\\/magazine\\\/2023\\\/11\\\/04\\\/casting-a-roma-per-la-nuova-stagione-di-viola-come-il-mare-si-cerca-un-bambino-tra-i-6-e-gli-8-anni\\\/\"]}]},{\"@type\":\"ImageObject\",\"inLanguage\":\"it-IT\",\"@id\":\"https:\\\/\\\/www.castingnews.eu\\\/magazine\\\/2023\\\/11\\\/04\\\/casting-a-roma-per-la-nuova-stagione-di-viola-come-il-mare-si-cerca-un-bambino-tra-i-6-e-gli-8-anni\\\/#primaryimage\",\"url\":\"https:\\\/\\\/www.castingnews.eu\\\/magazine\\\/wp-content\\\/uploads\\\/2023\\\/11\\\/Viola-come-il-mare-2-casting-bambino.jpg\",\"contentUrl\":\"https:\\\/\\\/www.castingnews.eu\\\/magazine\\\/wp-content\\\/uploads\\\/2023\\\/11\\\/Viola-come-il-mare-2-casting-bambino.jpg\",\"width\":1080,\"height\":566,\"caption\":\"Viola come il mare 2: Casting a Roma per bambini dai 6 agli 8 anni\"},{\"@type\":\"BreadcrumbList\",\"@id\":\"https:\\\/\\\/www.castingnews.eu\\\/magazine\\\/2023\\\/11\\\/04\\\/casting-a-roma-per-la-nuova-stagione-di-viola-come-il-mare-si-cerca-un-bambino-tra-i-6-e-gli-8-anni\\\/#breadcrumb\",\"itemListElement\":[{\"@type\":\"ListItem\",\"position\":1,\"name\":\"Home\",\"item\":\"https:\\\/\\\/www.castingnews.eu\\\/magazine\\\/\"},{\"@type\":\"ListItem\",\"position\":2,\"name\":\"Casting a Roma per la nuova stagione di \u201cViola come il mare\u201d: Si cerca un bambino tra i 6 e gli 8 anni\"}]},{\"@type\":\"WebSite\",\"@id\":\"https:\\\/\\\/www.castingnews.eu\\\/magazine\\\/#website\",\"url\":\"https:\\\/\\\/www.castingnews.eu\\\/magazine\\\/\",\"name\":\"Casting News Magazine\",\"description\":\"News e aggiornamenti sui film, serie tv, teatro e festival italiani ed internazionali\",\"potentialAction\":[{\"@type\":\"SearchAction\",\"target\":{\"@type\":\"EntryPoint\",\"urlTemplate\":\"https:\\\/\\\/www.castingnews.eu\\\/magazine\\\/?s={search_term_string}\"},\"query-input\":{\"@type\":\"PropertyValueSpecification\",\"valueRequired\":true,\"valueName\":\"search_term_string\"}}],\"inLanguage\":\"it-IT\"},{\"@type\":\"Person\",\"@id\":\"https:\\\/\\\/www.castingnews.eu\\\/magazine\\\/#\\\/schema\\\/person\\\/099d71c568c9a7e5e4037b1594108f17\",\"name\":\"Redazione\",\"image\":{\"@type\":\"ImageObject\",\"inLanguage\":\"it-IT\",\"@id\":\"https:\\\/\\\/secure.gravatar.com\\\/avatar\\\/b73a087aa3bd279fb70d24f1960a91c82cf67619395b60b564c90e9e5d5325fc?s=96&d=mm&r=g\",\"url\":\"https:\\\/\\\/secure.gravatar.com\\\/avatar\\\/b73a087aa3bd279fb70d24f1960a91c82cf67619395b60b564c90e9e5d5325fc?s=96&d=mm&r=g\",\"contentUrl\":\"https:\\\/\\\/secure.gravatar.com\\\/avatar\\\/b73a087aa3bd279fb70d24f1960a91c82cf67619395b60b564c90e9e5d5325fc?s=96&d=mm&r=g\",\"caption\":\"Redazione\"},\"description\":\"News e aggiornamenti sui film, serie tv, teatro e festival italiani ed internazionali.\",\"url\":\"https:\\\/\\\/www.castingnews.eu\\\/magazine\\\/author\\\/redazione\\\/\"}]}<\/script>\r\n<!-- \/ Yoast SEO plugin. -->","yoast_head_json":{"title":"Casting a Roma per la nuova stagione di \u201cViola come il mare\u201d: Si cerca un bambino tra i 6 e gli 8 anni - Casting News Magazine","description":"La produzione \u00e8 attualmente alla ricerca di un giovane talento per la realizzazione di alcune scene che verranno girate a Roma.","robots":{"index":"index","follow":"follow","max-snippet":"max-snippet:-1","max-image-preview":"max-image-preview:large","max-video-preview":"max-video-preview:-1"},"canonical":"https:\/\/www.castingnews.eu\/magazine\/2023\/11\/04\/casting-a-roma-per-la-nuova-stagione-di-viola-come-il-mare-si-cerca-un-bambino-tra-i-6-e-gli-8-anni\/","og_locale":"it_IT","og_type":"article","og_title":"Casting a Roma per la nuova stagione di \u201cViola come il mare\u201d: Si cerca un bambino tra i 6 e gli 8 anni - Casting News Magazine","og_description":"La produzione \u00e8 attualmente alla ricerca di un giovane talento per la realizzazione di alcune scene che verranno girate a Roma.","og_url":"https:\/\/www.castingnews.eu\/magazine\/2023\/11\/04\/casting-a-roma-per-la-nuova-stagione-di-viola-come-il-mare-si-cerca-un-bambino-tra-i-6-e-gli-8-anni\/","og_site_name":"Casting News Magazine","article_published_time":"2023-11-04T16:26:26+00:00","article_modified_time":"2023-11-04T16:26:29+00:00","og_image":[{"width":1080,"height":566,"url":"https:\/\/www.castingnews.eu\/magazine\/wp-content\/uploads\/2023\/11\/Viola-come-il-mare-2-casting-bambino.jpg","type":"image\/jpeg"}],"author":"Redazione","twitter_card":"summary_large_image","twitter_misc":{"Scritto da":"Redazione","Tempo di lettura stimato":"2 minuti"},"schema":{"@context":"https:\/\/schema.org","@graph":[{"@type":"Article","@id":"https:\/\/www.castingnews.eu\/magazine\/2023\/11\/04\/casting-a-roma-per-la-nuova-stagione-di-viola-come-il-mare-si-cerca-un-bambino-tra-i-6-e-gli-8-anni\/#article","isPartOf":{"@id":"https:\/\/www.castingnews.eu\/magazine\/2023\/11\/04\/casting-a-roma-per-la-nuova-stagione-di-viola-come-il-mare-si-cerca-un-bambino-tra-i-6-e-gli-8-anni\/"},"author":{"name":"Redazione","@id":"https:\/\/www.castingnews.eu\/magazine\/#\/schema\/person\/099d71c568c9a7e5e4037b1594108f17"},"headline":"Casting a Roma per la nuova stagione di \u201cViola come il mare\u201d: Si cerca un bambino tra i 6 e gli 8 anni","datePublished":"2023-11-04T16:26:26+00:00","dateModified":"2023-11-04T16:26:29+00:00","mainEntityOfPage":{"@id":"https:\/\/www.castingnews.eu\/magazine\/2023\/11\/04\/casting-a-roma-per-la-nuova-stagione-di-viola-come-il-mare-si-cerca-un-bambino-tra-i-6-e-gli-8-anni\/"},"wordCount":224,"commentCount":0,"image":{"@id":"https:\/\/www.castingnews.eu\/magazine\/2023\/11\/04\/casting-a-roma-per-la-nuova-stagione-di-viola-come-il-mare-si-cerca-un-bambino-tra-i-6-e-gli-8-anni\/#primaryimage"},"thumbnailUrl":"https:\/\/www.castingnews.eu\/magazine\/wp-content\/uploads\/2023\/11\/Viola-come-il-mare-2-casting-bambino.jpg","keywords":["bambini","Canale 5","Casting a Roma","casting bambini","casting call","Casting Magazine","Casting News","Casting Roma","Francesca Chillemi","Mediaset","Viola come il mare","Viola come il mare 2","Yaman"],"articleSection":["Fiction TV","Fiction TV","In primo piano","Italia","Lazio","Primo piano","Progetti TV"],"inLanguage":"it-IT","potentialAction":[{"@type":"CommentAction","name":"Comment","target":["https:\/\/www.castingnews.eu\/magazine\/2023\/11\/04\/casting-a-roma-per-la-nuova-stagione-di-viola-come-il-mare-si-cerca-un-bambino-tra-i-6-e-gli-8-anni\/#respond"]}]},{"@type":"WebPage","@id":"https:\/\/www.castingnews.eu\/magazine\/2023\/11\/04\/casting-a-roma-per-la-nuova-stagione-di-viola-come-il-mare-si-cerca-un-bambino-tra-i-6-e-gli-8-anni\/","url":"https:\/\/www.castingnews.eu\/magazine\/2023\/11\/04\/casting-a-roma-per-la-nuova-stagione-di-viola-come-il-mare-si-cerca-un-bambino-tra-i-6-e-gli-8-anni\/","name":"Casting a Roma per la nuova stagione di \u201cViola come il mare\u201d: Si cerca un bambino tra i 6 e gli 8 anni - Casting News Magazine","isPartOf":{"@id":"https:\/\/www.castingnews.eu\/magazine\/#website"},"primaryImageOfPage":{"@id":"https:\/\/www.castingnews.eu\/magazine\/2023\/11\/04\/casting-a-roma-per-la-nuova-stagione-di-viola-come-il-mare-si-cerca-un-bambino-tra-i-6-e-gli-8-anni\/#primaryimage"},"image":{"@id":"https:\/\/www.castingnews.eu\/magazine\/2023\/11\/04\/casting-a-roma-per-la-nuova-stagione-di-viola-come-il-mare-si-cerca-un-bambino-tra-i-6-e-gli-8-anni\/#primaryimage"},"thumbnailUrl":"https:\/\/www.castingnews.eu\/magazine\/wp-content\/uploads\/2023\/11\/Viola-come-il-mare-2-casting-bambino.jpg","datePublished":"2023-11-04T16:26:26+00:00","dateModified":"2023-11-04T16:26:29+00:00","author":{"@id":"https:\/\/www.castingnews.eu\/magazine\/#\/schema\/person\/099d71c568c9a7e5e4037b1594108f17"},"description":"La produzione \u00e8 attualmente alla ricerca di un giovane talento per la realizzazione di alcune scene che verranno girate a Roma.","breadcrumb":{"@id":"https:\/\/www.castingnews.eu\/magazine\/2023\/11\/04\/casting-a-roma-per-la-nuova-stagione-di-viola-come-il-mare-si-cerca-un-bambino-tra-i-6-e-gli-8-anni\/#breadcrumb"},"inLanguage":"it-IT","potentialAction":[{"@type":"ReadAction","target":["https:\/\/www.castingnews.eu\/magazine\/2023\/11\/04\/casting-a-roma-per-la-nuova-stagione-di-viola-come-il-mare-si-cerca-un-bambino-tra-i-6-e-gli-8-anni\/"]}]},{"@type":"ImageObject","inLanguage":"it-IT","@id":"https:\/\/www.castingnews.eu\/magazine\/2023\/11\/04\/casting-a-roma-per-la-nuova-stagione-di-viola-come-il-mare-si-cerca-un-bambino-tra-i-6-e-gli-8-anni\/#primaryimage","url":"https:\/\/www.castingnews.eu\/magazine\/wp-content\/uploads\/2023\/11\/Viola-come-il-mare-2-casting-bambino.jpg","contentUrl":"https:\/\/www.castingnews.eu\/magazine\/wp-content\/uploads\/2023\/11\/Viola-come-il-mare-2-casting-bambino.jpg","width":1080,"height":566,"caption":"Viola come il mare 2: Casting a Roma per bambini dai 6 agli 8 anni"},{"@type":"BreadcrumbList","@id":"https:\/\/www.castingnews.eu\/magazine\/2023\/11\/04\/casting-a-roma-per-la-nuova-stagione-di-viola-come-il-mare-si-cerca-un-bambino-tra-i-6-e-gli-8-anni\/#breadcrumb","itemListElement":[{"@type":"ListItem","position":1,"name":"Home","item":"https:\/\/www.castingnews.eu\/magazine\/"},{"@type":"ListItem","position":2,"name":"Casting a Roma per la nuova stagione di \u201cViola come il mare\u201d: Si cerca un bambino tra i 6 e gli 8 anni"}]},{"@type":"WebSite","@id":"https:\/\/www.castingnews.eu\/magazine\/#website","url":"https:\/\/www.castingnews.eu\/magazine\/","name":"Casting News Magazine","description":"News e aggiornamenti sui film, serie tv, teatro e festival italiani ed internazionali","potentialAction":[{"@type":"SearchAction","target":{"@type":"EntryPoint","urlTemplate":"https:\/\/www.castingnews.eu\/magazine\/?s={search_term_string}"},"query-input":{"@type":"PropertyValueSpecification","valueRequired":true,"valueName":"search_term_string"}}],"inLanguage":"it-IT"},{"@type":"Person","@id":"https:\/\/www.castingnews.eu\/magazine\/#\/schema\/person\/099d71c568c9a7e5e4037b1594108f17","name":"Redazione","image":{"@type":"ImageObject","inLanguage":"it-IT","@id":"https:\/\/secure.gravatar.com\/avatar\/b73a087aa3bd279fb70d24f1960a91c82cf67619395b60b564c90e9e5d5325fc?s=96&d=mm&r=g","url":"https:\/\/secure.gravatar.com\/avatar\/b73a087aa3bd279fb70d24f1960a91c82cf67619395b60b564c90e9e5d5325fc?s=96&d=mm&r=g","contentUrl":"https:\/\/secure.gravatar.com\/avatar\/b73a087aa3bd279fb70d24f1960a91c82cf67619395b60b564c90e9e5d5325fc?s=96&d=mm&r=g","caption":"Redazione"},"description":"News e aggiornamenti sui film, serie tv, teatro e festival italiani ed internazionali.","url":"https:\/\/www.castingnews.eu\/magazine\/author\/redazione\/"}]}},"_links":{"self":[{"href":"https:\/\/www.castingnews.eu\/magazine\/wp-json\/wp\/v2\/posts\/7340","targetHints":{"allow":["GET"]}}],"collection":[{"href":"https:\/\/www.castingnews.eu\/magazine\/wp-json\/wp\/v2\/posts"}],"about":[{"href":"https:\/\/www.castingnews.eu\/magazine\/wp-json\/wp\/v2\/types\/post"}],"author":[{"embeddable":true,"href":"https:\/\/www.castingnews.eu\/magazine\/wp-json\/wp\/v2\/users\/1"}],"replies":[{"embeddable":true,"href":"https:\/\/www.castingnews.eu\/magazine\/wp-json\/wp\/v2\/comments?post=7340"}],"version-history":[{"count":1,"href":"https:\/\/www.castingnews.eu\/magazine\/wp-json\/wp\/v2\/posts\/7340\/revisions"}],"predecessor-version":[{"id":7342,"href":"https:\/\/www.castingnews.eu\/magazine\/wp-json\/wp\/v2\/posts\/7340\/revisions\/7342"}],"wp:featuredmedia":[{"embeddable":true,"href":"https:\/\/www.castingnews.eu\/magazine\/wp-json\/wp\/v2\/media\/7341"}],"wp:attachment":[{"href":"https:\/\/www.castingnews.eu\/magazine\/wp-json\/wp\/v2\/media?parent=7340"}],"wp:term":[{"taxonomy":"category","embeddable":true,"href":"https:\/\/www.castingnews.eu\/magazine\/wp-json\/wp\/v2\/categories?post=7340"},{"taxonomy":"post_tag","embeddable":true,"href":"https:\/\/www.castingnews.eu\/magazine\/wp-json\/wp\/v2\/tags?post=7340"}],"curies":[{"name":"wp","href":"https:\/\/api.w.org\/{rel}","templated":true}]}}