{"id":7317,"date":"2023-11-01T20:00:00","date_gmt":"2023-11-01T19:00:00","guid":{"rendered":"https:\/\/www.castingnews.eu\/magazine\/?p=7317"},"modified":"2023-11-01T19:47:07","modified_gmt":"2023-11-01T18:47:07","slug":"proclamati-i-vincitori-della-23-edizione-di-trieste-sciencefiction-festival","status":"publish","type":"post","link":"https:\/\/www.castingnews.eu\/magazine\/2023\/11\/01\/proclamati-i-vincitori-della-23-edizione-di-trieste-sciencefiction-festival\/","title":{"rendered":"Proclamati i vincitori della 23\u00b0 edizione di Trieste Science+Fiction Festival"},"content":{"rendered":"\n<p>Si \u00e8 conclusa con la cerimonia di premiazione al&nbsp;<strong>Politeama Rossetti&nbsp;<\/strong><strong>mercoled\u00ec 1 novembre&nbsp;<\/strong><strong>la<\/strong>&nbsp;<strong>23\u00b0 edizione del Trieste Science+Fiction Festival<\/strong>,<strong>&nbsp;<\/strong>la principale manifestazione italiana dedicata alla fantascienza<strong>&nbsp;<\/strong>svoltasi al Rossetti, al Teatro Miela<strong>&nbsp;<\/strong>e al DoubleTree by Hilton Trieste.&nbsp;<\/p><div class=\"6d3639e8c6ac292cde400fad8ff8a5b9\" data-index=\"1\" style=\"float: none; margin:10px 0 10px 0; text-align:center;\">\n<script async src=\"\/\/pagead2.googlesyndication.com\/pagead\/js\/adsbygoogle.js\"><\/script>\r\n<!-- Casting Bambini NEW -->\r\n<ins class=\"adsbygoogle\"\r\n     style=\"display:inline-block;width:336px;height:280px\"\r\n     data-ad-client=\"ca-pub-5538097485429833\"\r\n     data-ad-slot=\"5127154445\"><\/ins>\r\n<script>\r\n(adsbygoogle = window.adsbygoogle || []).push({});\r\n<\/script>\n<\/div>\n\n\n\n\n<p>Organizzato dal centro ricerche e sperimentazioni cinematografiche e audiovisive La Cappella Underground, anche nel 2023 il festival ha portato sul grande schermo le migliori produzioni di genere fantastico, con&nbsp;<strong>oltre 50 anteprime cinematografiche<\/strong>&nbsp;mondiali, internazionali e nazionali e tre concorsi alla presenza di registi, attori e autori da tutto il mondo. L\u2019edizione 2023 ha visto la partecipazione di&nbsp;<strong>oltre 10.000 spettatori&nbsp;<\/strong>che hanno assistito alle proiezioni e alle conferenze in programma, confermando il successo del festival italiano che ogni anno porta sul grande schermo il meglio della fantascienza mondiale.<\/p>\n\n\n\n<p><em>&#8220;Sono emozionato e felice di annunciare che questo anniversario del Trieste Science + Fiction Festival ha segnato un record in termini di numero di film proiettati, partecipazione di pubblico e aumento delle vendite di biglietti&#8221; &#8211;&nbsp;<\/em><strong>ha dichiarato il direttore Alan Jones<\/strong><em>&nbsp;&#8211; &#8220;Un modo assolutamente fantastico di concludere questa edizione, festeggiando con la consapevolezza di aver offerto un&#8217;ampia scelta di intrattenimento, mentre i grandi eventi che si sono svolti in tutta la citt\u00e0 hanno suscitato un consenso unanime. I film premiati non potrebbero riflettere meglio lo stato di salute della fantascienza contemporanea. Ci prepariamo gi\u00e0 per l\u2019edizione 2024, che sar\u00e0 ancora pi\u00f9 sorprendente e ci porter\u00e0 all\u2019esplorazione del \u201cmegafuturo\u201d.<\/em><\/p>\n\n\n\n<p><strong>I VINCITORI DEL TRIESTE SCIENCE+FICTION FESTIVAL 2023<\/strong><\/p>\n\n\n\n<p><strong>Premio Asteroide<\/strong><\/p>\n\n\n\n<p>Il Premio Asteroide elegge il miglior film di fantascienza, horror e fantasy riservato alle opere prime, seconde o terze di&nbsp;<strong>registi emergenti,<\/strong>&nbsp;raggruppate nella sezione Neon del festival. Il premio \u00e8 stato assegnato da una giuria internazionale composta&nbsp;dal fumettista&nbsp;<strong>Dottor Pira,&nbsp;<\/strong>il critico cinematografico, autore e musicista<strong>&nbsp;Mark Kermode&nbsp;<\/strong>e la responsabile di produzione e programmatore del festival MOTELX di Lisbona&nbsp;<strong>Sara Lopo.<\/strong><\/p>\n\n\n\n<p><strong><em>Vincitore Premio Asteroide TS+FF 2023<br>\u201cMARS EXPRESS\u201d\u00a0<\/em>di J\u00e9r\u00e9mie P\u00e9rin (Francia, 2023)<\/strong><\/p>\n\n\n\n<figure class=\"wp-block-gallery has-nested-images columns-default is-cropped wp-block-gallery-1 is-layout-flex wp-block-gallery-is-layout-flex\">\n<figure class=\"wp-block-image size-large\"><img loading=\"lazy\" decoding=\"async\" width=\"1024\" height=\"682\" data-id=\"7327\" src=\"https:\/\/www.castingnews.eu\/magazine\/wp-content\/uploads\/2023\/11\/Mars-Express-Jeremie-Perin-1024x682.jpg\" alt=\"Mars Express (J\u00e9r\u00e9mie P\u00e9rin)\" class=\"wp-image-7327\" srcset=\"https:\/\/www.castingnews.eu\/magazine\/wp-content\/uploads\/2023\/11\/Mars-Express-Jeremie-Perin-1024x682.jpg 1024w, https:\/\/www.castingnews.eu\/magazine\/wp-content\/uploads\/2023\/11\/Mars-Express-Jeremie-Perin-300x200.jpg 300w, https:\/\/www.castingnews.eu\/magazine\/wp-content\/uploads\/2023\/11\/Mars-Express-Jeremie-Perin-768x512.jpg 768w, https:\/\/www.castingnews.eu\/magazine\/wp-content\/uploads\/2023\/11\/Mars-Express-Jeremie-Perin-1536x1023.jpg 1536w, https:\/\/www.castingnews.eu\/magazine\/wp-content\/uploads\/2023\/11\/Mars-Express-Jeremie-Perin-2048x1365.jpg 2048w, https:\/\/www.castingnews.eu\/magazine\/wp-content\/uploads\/2023\/11\/Mars-Express-Jeremie-Perin-696x464.jpg 696w, https:\/\/www.castingnews.eu\/magazine\/wp-content\/uploads\/2023\/11\/Mars-Express-Jeremie-Perin-1068x712.jpg 1068w, https:\/\/www.castingnews.eu\/magazine\/wp-content\/uploads\/2023\/11\/Mars-Express-Jeremie-Perin-1920x1279.jpg 1920w, https:\/\/www.castingnews.eu\/magazine\/wp-content\/uploads\/2023\/11\/Mars-Express-Jeremie-Perin-630x420.jpg 630w\" sizes=\"auto, (max-width: 1024px) 100vw, 1024px\" \/><figcaption class=\"wp-element-caption\">Mars Express (J\u00e9r\u00e9mie P\u00e9rin)<\/figcaption><\/figure>\n\n\n\n<figure class=\"wp-block-image size-large\"><img loading=\"lazy\" decoding=\"async\" width=\"1024\" height=\"571\" data-id=\"7323\" src=\"https:\/\/www.castingnews.eu\/magazine\/wp-content\/uploads\/2023\/11\/MARS-EXPRESS-c-EVERYBODY-ON-DECK-2-1024x571.png\" alt=\"MARS EXPRESS (c) EVERYBODY ON DECK\" class=\"wp-image-7323\" srcset=\"https:\/\/www.castingnews.eu\/magazine\/wp-content\/uploads\/2023\/11\/MARS-EXPRESS-c-EVERYBODY-ON-DECK-2-1024x571.png 1024w, https:\/\/www.castingnews.eu\/magazine\/wp-content\/uploads\/2023\/11\/MARS-EXPRESS-c-EVERYBODY-ON-DECK-2-300x167.png 300w, https:\/\/www.castingnews.eu\/magazine\/wp-content\/uploads\/2023\/11\/MARS-EXPRESS-c-EVERYBODY-ON-DECK-2-768x428.png 768w, https:\/\/www.castingnews.eu\/magazine\/wp-content\/uploads\/2023\/11\/MARS-EXPRESS-c-EVERYBODY-ON-DECK-2-696x388.png 696w, https:\/\/www.castingnews.eu\/magazine\/wp-content\/uploads\/2023\/11\/MARS-EXPRESS-c-EVERYBODY-ON-DECK-2-1068x596.png 1068w, https:\/\/www.castingnews.eu\/magazine\/wp-content\/uploads\/2023\/11\/MARS-EXPRESS-c-EVERYBODY-ON-DECK-2-753x420.png 753w, https:\/\/www.castingnews.eu\/magazine\/wp-content\/uploads\/2023\/11\/MARS-EXPRESS-c-EVERYBODY-ON-DECK-2.png 1393w\" sizes=\"auto, (max-width: 1024px) 100vw, 1024px\" \/><figcaption class=\"wp-element-caption\">MARS EXPRESS (c) EVERYBODY ON DECK<\/figcaption><\/figure>\n<\/figure>\n\n\n\n<p><strong><em>Motivazione<br><\/em><\/strong><em>Un film con immagini sorprendenti e animazioni eleganti, il cui stile non limita la narrazione a un genere, e che affronta argomenti attuali come l&#8217;evoluzione dell&#8217;umanit\u00e0 e l&#8217;uso dell&#8217;intelligenza artificiale, senza esprimere giudizi.<\/em><\/p>\n\n\n\n<p><strong><em>Sinossi<\/em><\/strong><\/p>\n\n\n\n<p>In un prossimo futuro, la detective privata Aline Ruby e l\u2019androide suo partner vengono assoldati da un ricco uomo d\u2019affari per rintracciare un noto hacker. Scendono cos\u00ec nei bassifondi della capitale del pianeta Marte, dove scoprono un losco giro di allevamenti di cervelli e di corruzione. Una ragazza scomparsa sembra nascondere un segreto sui robot che minaccia di cambiare il volto dell\u2019universo. Unendo animazione 2D e 3D, questo elegante, intelligente e futuristico film noir \u00e8 un\u2019avventura cinematografica carica di adrenalina, impreziosita da umorismo e sequenze di azione mozzafiato.<\/p>\n\n\n\n<p><strong>Premio M\u00e9li\u00e8s d\u2019argent &#8211; Lungometraggi<\/strong><\/p>\n\n\n\n<p>Il concorso \u00e8 organizzato in collaborazione con la M\u00e9li\u00e8s International Festivals Federation (MIFF) ed \u00e8 riservato ai lungometraggi di genere fantastico di&nbsp;<strong>produzione europea.<\/strong>&nbsp;La Giuria 2023 del premio M\u00e9li\u00e8s d&#8217;argent \u00e8 formata da&nbsp;<strong>Hedda Archbold,<\/strong>&nbsp;produttrice, agente e amministratore delegato dell\u2019agenzia HLA,<strong>&nbsp;Paul Sophocli,<\/strong>&nbsp;sales executive per Lionsgate e&nbsp;<strong>Linda Ruth Williams,<\/strong>&nbsp;docente di cinema dell\u2019Universit\u00e0 di Exeter<\/p>\n\n\n\n<p><strong><em>Vincitore&nbsp;<\/em><\/strong><strong><em>Premio M\u00e9li\u00e8s d\u2019argent &#8211; Lungometraggi TS+FF 20<\/em><\/strong><strong><em>23<\/em><\/strong><\/p>\n\n\n\n<p><strong><em>\u201cTHE LAST SPARK OF HOPE\u201d di Piotr Biedro\u0144\u00a0<\/em>(Polonia, 2023)<\/strong><\/p>\n\n\n\n<figure class=\"wp-block-gallery has-nested-images columns-default is-cropped wp-block-gallery-2 is-layout-flex wp-block-gallery-is-layout-flex\">\n<figure class=\"wp-block-image size-large\"><img loading=\"lazy\" decoding=\"async\" width=\"1024\" height=\"682\" data-id=\"7326\" src=\"https:\/\/www.castingnews.eu\/magazine\/wp-content\/uploads\/2023\/11\/Last-spark-of-hope1-Piotr-Biedron-e-produttrice-Beata-Pisula-1024x682.jpg\" alt=\"Last spark of hope1 (Piotr Biedro\u0144 e produttrice Beata Pisula)\" class=\"wp-image-7326\" srcset=\"https:\/\/www.castingnews.eu\/magazine\/wp-content\/uploads\/2023\/11\/Last-spark-of-hope1-Piotr-Biedron-e-produttrice-Beata-Pisula-1024x682.jpg 1024w, https:\/\/www.castingnews.eu\/magazine\/wp-content\/uploads\/2023\/11\/Last-spark-of-hope1-Piotr-Biedron-e-produttrice-Beata-Pisula-300x200.jpg 300w, https:\/\/www.castingnews.eu\/magazine\/wp-content\/uploads\/2023\/11\/Last-spark-of-hope1-Piotr-Biedron-e-produttrice-Beata-Pisula-768x512.jpg 768w, https:\/\/www.castingnews.eu\/magazine\/wp-content\/uploads\/2023\/11\/Last-spark-of-hope1-Piotr-Biedron-e-produttrice-Beata-Pisula-1536x1023.jpg 1536w, https:\/\/www.castingnews.eu\/magazine\/wp-content\/uploads\/2023\/11\/Last-spark-of-hope1-Piotr-Biedron-e-produttrice-Beata-Pisula-2048x1365.jpg 2048w, https:\/\/www.castingnews.eu\/magazine\/wp-content\/uploads\/2023\/11\/Last-spark-of-hope1-Piotr-Biedron-e-produttrice-Beata-Pisula-696x464.jpg 696w, https:\/\/www.castingnews.eu\/magazine\/wp-content\/uploads\/2023\/11\/Last-spark-of-hope1-Piotr-Biedron-e-produttrice-Beata-Pisula-1068x712.jpg 1068w, https:\/\/www.castingnews.eu\/magazine\/wp-content\/uploads\/2023\/11\/Last-spark-of-hope1-Piotr-Biedron-e-produttrice-Beata-Pisula-1920x1279.jpg 1920w, https:\/\/www.castingnews.eu\/magazine\/wp-content\/uploads\/2023\/11\/Last-spark-of-hope1-Piotr-Biedron-e-produttrice-Beata-Pisula-630x420.jpg 630w\" sizes=\"auto, (max-width: 1024px) 100vw, 1024px\" \/><figcaption class=\"wp-element-caption\">Last spark of hope1 (Piotr Biedro\u0144 e produttrice Beata Pisula)<\/figcaption><\/figure>\n\n\n\n<figure class=\"wp-block-image size-large\"><img loading=\"lazy\" decoding=\"async\" width=\"1024\" height=\"540\" data-id=\"7322\" src=\"https:\/\/www.castingnews.eu\/magazine\/wp-content\/uploads\/2023\/11\/The-last-spark-of-hope-picture-1-1024x540.jpg\" alt=\"The last spark of hope\" class=\"wp-image-7322\" srcset=\"https:\/\/www.castingnews.eu\/magazine\/wp-content\/uploads\/2023\/11\/The-last-spark-of-hope-picture-1-1024x540.jpg 1024w, https:\/\/www.castingnews.eu\/magazine\/wp-content\/uploads\/2023\/11\/The-last-spark-of-hope-picture-1-300x158.jpg 300w, https:\/\/www.castingnews.eu\/magazine\/wp-content\/uploads\/2023\/11\/The-last-spark-of-hope-picture-1-768x405.jpg 768w, https:\/\/www.castingnews.eu\/magazine\/wp-content\/uploads\/2023\/11\/The-last-spark-of-hope-picture-1-1536x810.jpg 1536w, https:\/\/www.castingnews.eu\/magazine\/wp-content\/uploads\/2023\/11\/The-last-spark-of-hope-picture-1-696x367.jpg 696w, https:\/\/www.castingnews.eu\/magazine\/wp-content\/uploads\/2023\/11\/The-last-spark-of-hope-picture-1-1068x563.jpg 1068w, https:\/\/www.castingnews.eu\/magazine\/wp-content\/uploads\/2023\/11\/The-last-spark-of-hope-picture-1-1920x1013.jpg 1920w, https:\/\/www.castingnews.eu\/magazine\/wp-content\/uploads\/2023\/11\/The-last-spark-of-hope-picture-1-796x420.jpg 796w, https:\/\/www.castingnews.eu\/magazine\/wp-content\/uploads\/2023\/11\/The-last-spark-of-hope-picture-1.jpg 2048w\" sizes=\"auto, (max-width: 1024px) 100vw, 1024px\" \/><figcaption class=\"wp-element-caption\">The last spark of hope<\/figcaption><\/figure>\n<\/figure>\n\n\n\n<p><strong><em>Motivazione<\/em><\/strong><\/p>\n\n\n\n<p><em>La decisione della giuria sul film vincitore \u00e8 stata unanime. Ci ha fatto rimanere sulle spine durante tutta la visione. Abbiamo amato il calore e l\u2019umanit\u00e0 delle relazioni fra i personaggi principali. Ci ha spinti a riflettere sulle sfide che ci troviamo ad affrontare: la crisi climatica e ambientale, lo spettro di una pandemia globale, la crisi dei rifugiati, la crudelt\u00e0 di una burocrazia Kafkiana e il modo in cui la complessit\u00e0 dell\u2019Intelligenza Artificiale ci condiziona tutti. Nonostante tutto questo, il film commuove ed \u00e8, per di pi\u00f9, incredibilmente divertente, trovando&nbsp;<\/em><em>l\u2019elemento comico anche nella disperazione. Si tratta, essenzialmente, di un film sulla speranza. Scritto e diretto da Piotr Bedro\u0144 con maestria visiva e sensibilit\u00e0, fotografato stupendamente da Tomasz Wojcik, montato con eleganza da Marceli Majer, e interpretato mirabilmente dai protagonisti Magdalena Wieczorek e Jacek&nbsp;<\/em>Beler.<\/p>\n\n\n\n<p><strong><em>Sinossi<\/em><\/strong><\/p>\n\n\n\n<p>Dopo la fine delle guerre climatiche, \u00e8 probabilmente rimasta una sola persona sulla Terra, Ewa. Vive assieme al robot Arthur, il cui compito \u00e8 sorvegliare i confini del campo. Un giorno, Ewa esce da quei confini e al suo ritorno sbaglia la password. Nonostante il robot conosca Ewa, non la fa entrare, lasciandola confinata in una minuscola zona del campo. Girato in un\u2019unica location, in un set costruito solo con rottami, il primo post-apocalittico polacco ci mostra un mondo devastato dai mutamenti climatici, mettendo in discussione i limiti tra umani e intelligenze artificiali.<\/p>\n\n\n\n<p><strong>Premio M\u00e9li\u00e8s d\u2019argent &#8211; Cortometraggi<\/strong><strong><br><\/strong>Il concorso \u00e8 organizzato in collaborazione con la M\u00e9li\u00e8s International Festivals Federation (MIFF) ed \u00e8 riservato ai cortometraggi di genere fantastico di&nbsp;<strong>produzione europea.<\/strong>&nbsp;Il premio \u00e8 assegnato al cortometraggio che riceve il maggior numero di&nbsp;<strong>voti dal pubblico.<\/strong><\/p>\n\n\n\n<p><strong><em>Vincitore Premio M\u00e9li\u00e8s d\u2019argent &#8211; Cortometraggi TS+FF2023<\/em><\/strong><\/p>\n\n\n\n<p><strong><em>\u201cWHAT-IF-I&#8221; di Lavinia Tommasoli, Pietro Traversa<\/em>\u00a0(Italia, 2023)<\/strong><\/p>\n\n\n\n<figure class=\"wp-block-image size-large\"><img loading=\"lazy\" decoding=\"async\" width=\"1024\" height=\"640\" src=\"https:\/\/www.castingnews.eu\/magazine\/wp-content\/uploads\/2023\/11\/What-I-IF-1024x640.jpg\" alt=\"What-I-IF\" class=\"wp-image-7319\" srcset=\"https:\/\/www.castingnews.eu\/magazine\/wp-content\/uploads\/2023\/11\/What-I-IF-1024x640.jpg 1024w, https:\/\/www.castingnews.eu\/magazine\/wp-content\/uploads\/2023\/11\/What-I-IF-300x188.jpg 300w, https:\/\/www.castingnews.eu\/magazine\/wp-content\/uploads\/2023\/11\/What-I-IF-768x480.jpg 768w, https:\/\/www.castingnews.eu\/magazine\/wp-content\/uploads\/2023\/11\/What-I-IF-1536x960.jpg 1536w, https:\/\/www.castingnews.eu\/magazine\/wp-content\/uploads\/2023\/11\/What-I-IF-696x435.jpg 696w, https:\/\/www.castingnews.eu\/magazine\/wp-content\/uploads\/2023\/11\/What-I-IF-1068x668.jpg 1068w, https:\/\/www.castingnews.eu\/magazine\/wp-content\/uploads\/2023\/11\/What-I-IF-672x420.jpg 672w, https:\/\/www.castingnews.eu\/magazine\/wp-content\/uploads\/2023\/11\/What-I-IF.jpg 1728w\" sizes=\"auto, (max-width: 1024px) 100vw, 1024px\" \/><figcaption class=\"wp-element-caption\">What-I-IF<\/figcaption><\/figure>\n\n\n\n<p><strong><em>Sinossi<\/em><\/strong><\/p>\n\n\n\n<p><em>What-if-I: un\u2019app che consente di vedere come sarebbe la propria vita oggi se si fosse fatta una scelta differente ieri. Un divertimento per qualcuno, un\u2019app del rimpianto per molti.<\/em><\/p>\n\n\n\n<p><strong>Premio Wonderland &#8211; Rai4<\/strong><\/p>\n\n\n\n<p>RAI4, media partner di Trieste Science+Fiction Festival 2023, assegna il Premio Wonderland al\u00a0<strong>miglior film<\/strong>\u00a0della 23\u00b0 edizione.<\/p>\n\n\n\n<p><\/p>\n\n\n\n<p><strong><em>Vincitore Premio Wonderland &#8211; Rai4 TS+FF 2023<\/em><\/strong><\/p>\n\n\n\n<p><strong><em>\u201cMARS EXPRESS\u201d di<\/em>\u00a0J\u00e9r\u00e9mie P\u00e9rin (Francia, 2023)<\/strong><\/p>\n\n\n\n<p><strong><em>Motivazione<\/em><\/strong><em>&nbsp;<\/em><\/p>\n\n\n\n<p><em>Per il sorprendente racconto di un immaginifico futuro possibile, con un magistrale intreccio chandleriano, ricco di mirabolanti scene d\u2019azione e di tanti piccoli dettagli che testimoniano la profondit\u00e0 di uno sguardo obliquo, capace di oltrepassare le regole del mainstream. Per aver saputo unire spettacolo e autorialit\u00e0, riflessione filosofica e azione, in una straordinaria ed elegante confezione visiva.<\/em><\/p>\n\n\n\n<p><strong>Premio della Critica Italiana SNCCI &#8211; Sindacato Nazionale Critici Cinematografici Italiani<\/strong><\/p>\n\n\n\n<p>Premio riservato alle opere prime e assegnato da una giuria composta da tre critici del Sindacato Nazionale Critici Cinematografici Italiani:&nbsp;<strong>Enrico Azzano, Marco Romagna e Silvana Silvestri.<\/strong><strong><br><\/strong><\/p>\n\n\n\n<p><strong><em>Vincitore Premio della Critica Italiana SNCCI TS+FF20<\/em><\/strong><strong><em>23<\/em><\/strong><strong><em><br><\/em><\/strong><strong><em>\u201cMARS EXPRESS\u201d di<\/em><\/strong><strong>&nbsp;J\u00e9r\u00e9mie P\u00e9rin (Francia, 2023)<\/strong><\/p>\n\n\n\n<p><strong><em>Motivazione<\/em><\/strong><\/p>\n\n\n\n<p><em>Per l\u2019altissima qualit\u00e0 produttiva, per la capacit\u00e0 di intrattenere intrecciando generi diversi fra la fantascienza e il noir, ma soprattutto per la capacit\u00e0 di saperci calare in un futuro popolato da intelligenze artificiali, preferendo alle risposte definitive una serie di dilemmi gi\u00e0 al centro della nostra societ\u00e0.<\/em><\/p>\n\n\n\n<p><strong>Premio Event Horizon &#8211; INAF&nbsp;<\/strong><\/p>\n\n\n\n<p>Riconoscimento con cui l\u2019Istituto Nazionale di Astrofisica premia il lungometraggio del festival che meglio affronta con efficacia filmica ed espedienti narrativi coinvolgenti, temi particolarmente rilevanti e innovativi nel campo della scienza.<\/p>\n\n\n\n<p><strong><em>Vincitore Premio Event Horizon &#8211; INAF TS+FF2023<br>\u201cRESTORE POINT\u201d di Robert Hloz\u00a0\u00a0<\/em>(Repubblica Ceca, Slovacchia, Polonia, Serbia, 2023)<\/strong><\/p>\n\n\n\n<figure class=\"wp-block-gallery has-nested-images columns-default is-cropped wp-block-gallery-3 is-layout-flex wp-block-gallery-is-layout-flex\">\n<figure class=\"wp-block-image size-large\"><img loading=\"lazy\" decoding=\"async\" width=\"1024\" height=\"576\" data-id=\"7321\" src=\"https:\/\/www.castingnews.eu\/magazine\/wp-content\/uploads\/2023\/11\/Restore-Point-1-1024x576.jpg\" alt=\"Restore Point\" class=\"wp-image-7321\" srcset=\"https:\/\/www.castingnews.eu\/magazine\/wp-content\/uploads\/2023\/11\/Restore-Point-1-1024x576.jpg 1024w, https:\/\/www.castingnews.eu\/magazine\/wp-content\/uploads\/2023\/11\/Restore-Point-1-300x169.jpg 300w, https:\/\/www.castingnews.eu\/magazine\/wp-content\/uploads\/2023\/11\/Restore-Point-1-768x432.jpg 768w, https:\/\/www.castingnews.eu\/magazine\/wp-content\/uploads\/2023\/11\/Restore-Point-1-1536x864.jpg 1536w, https:\/\/www.castingnews.eu\/magazine\/wp-content\/uploads\/2023\/11\/Restore-Point-1-696x392.jpg 696w, https:\/\/www.castingnews.eu\/magazine\/wp-content\/uploads\/2023\/11\/Restore-Point-1-1068x601.jpg 1068w, https:\/\/www.castingnews.eu\/magazine\/wp-content\/uploads\/2023\/11\/Restore-Point-1-747x420.jpg 747w, https:\/\/www.castingnews.eu\/magazine\/wp-content\/uploads\/2023\/11\/Restore-Point-1.jpg 1920w\" sizes=\"auto, (max-width: 1024px) 100vw, 1024px\" \/><figcaption class=\"wp-element-caption\">Restore Point<\/figcaption><\/figure>\n\n\n\n<figure class=\"wp-block-image size-large\"><img loading=\"lazy\" decoding=\"async\" width=\"1024\" height=\"682\" data-id=\"7324\" src=\"https:\/\/www.castingnews.eu\/magazine\/wp-content\/uploads\/2023\/11\/Restore-Point-Robert-Hloz-1024x682.jpg\" alt=\"Restore Point (Robert Hloz)\" class=\"wp-image-7324\" srcset=\"https:\/\/www.castingnews.eu\/magazine\/wp-content\/uploads\/2023\/11\/Restore-Point-Robert-Hloz-1024x682.jpg 1024w, https:\/\/www.castingnews.eu\/magazine\/wp-content\/uploads\/2023\/11\/Restore-Point-Robert-Hloz-300x200.jpg 300w, https:\/\/www.castingnews.eu\/magazine\/wp-content\/uploads\/2023\/11\/Restore-Point-Robert-Hloz-768x512.jpg 768w, https:\/\/www.castingnews.eu\/magazine\/wp-content\/uploads\/2023\/11\/Restore-Point-Robert-Hloz-1536x1023.jpg 1536w, https:\/\/www.castingnews.eu\/magazine\/wp-content\/uploads\/2023\/11\/Restore-Point-Robert-Hloz-2048x1365.jpg 2048w, https:\/\/www.castingnews.eu\/magazine\/wp-content\/uploads\/2023\/11\/Restore-Point-Robert-Hloz-696x464.jpg 696w, https:\/\/www.castingnews.eu\/magazine\/wp-content\/uploads\/2023\/11\/Restore-Point-Robert-Hloz-1068x712.jpg 1068w, https:\/\/www.castingnews.eu\/magazine\/wp-content\/uploads\/2023\/11\/Restore-Point-Robert-Hloz-1920x1279.jpg 1920w, https:\/\/www.castingnews.eu\/magazine\/wp-content\/uploads\/2023\/11\/Restore-Point-Robert-Hloz-630x420.jpg 630w\" sizes=\"auto, (max-width: 1024px) 100vw, 1024px\" \/><figcaption class=\"wp-element-caption\">Restore Point (Robert Hloz)<\/figcaption><\/figure>\n<\/figure>\n\n\n\n<p><strong><em>Motivazione<\/em><\/strong><\/p>\n\n\n\n<p><em>Per aver saputo affrontare con particolare efficacia filmica e innovazione temi particolarmente rilevanti e senza tempo in campo scientifico e sociale. L&#8217;impianto narrativo cyberpunk, che echeggia Philip Dick nei suoi Blade Runner e Total Recall, con alcune note di Soylent Green e Frankenstein, tocca in modo delicato argomenti con cui l\u2019uomo fa i conti da sempre: il passaggio dalla vita alla morte, le seconde possibilit\u00e0 e il senso della vita &#8211; che non pu\u00f2 essere ridotto al contenuto di un hard disk. Ideali utopici si confrontano con uno scenario sociale cupo e distopico, creando una giustapposizione coinvolgente. Il tutto, confezionato con effetti visuali eleganti e funzionali. Restore Point \u00e8 un gioiello cinematografico in cui l\u2019architettura brutalista trasforma Praga in una metropoli del futuro e le curve degli edifici richiamano le svolte nelle indagini del detective Trochinowska.<\/em><\/p>\n\n\n\n<p><strong><em>Sinossi<\/em><\/strong><\/p>\n\n\n\n<p>Praga 2041. Ogni cittadino ha il diritto costituzionale di vivere una vita intera. In caso di morte innaturale, la persona viene riportata in vita attraverso l\u2019innovativa tecnologia del \u201cRestore Point\u201d, che funziona solo se viene creato un backup della memoria cerebrale ogni 48 ore. L\u2019omicidio non \u00e8 contemplato. Ma la detective Emma Trochinowska viene incaricata di un terribile caso di omicidio plurimo dopo che il team di ripristino \u00e8 riuscito a riportare in vita solo una delle due vittime. Il film d\u2019esordio del regista Robert Hloz \u00e8 un neo Blade Runner sull\u2019onda del genere \u201cfuturo socialismo\u201d che sta imperversando nel cinema ceco contemporaneo.<\/p>\n\n\n\n<p><strong>Premio CineLab Spazio Corto<\/strong><\/p>\n\n\n\n<p>Riservato al miglior cortometraggio italiano presentato nella sezione Spazio Corto, il premio viene assegnato da una giuria composta da&nbsp;<strong>studenti del DAMS<\/strong>, Corso di studi interateneo Universit\u00e0 degli Studi di Udine e Universit\u00e0 degli Studi di Trieste.<\/p>\n\n\n\n<p><strong><em>Vincitore Premio CineLab Spazio Corto<\/em><\/strong><strong>&nbsp;<\/strong><strong><em>TS+FF2023<\/em><\/strong><\/p>\n\n\n\n<p><strong><em>&#8220;STARR&#8221; di Riccardo Grippo\u00a0<\/em>(Italia, 2023)<\/strong><\/p>\n\n\n\n<figure class=\"wp-block-image size-large\"><img loading=\"lazy\" decoding=\"async\" width=\"1024\" height=\"439\" src=\"https:\/\/www.castingnews.eu\/magazine\/wp-content\/uploads\/2023\/11\/Starr-1024x439.jpg\" alt=\"Starr\" class=\"wp-image-7320\" srcset=\"https:\/\/www.castingnews.eu\/magazine\/wp-content\/uploads\/2023\/11\/Starr-1024x439.jpg 1024w, https:\/\/www.castingnews.eu\/magazine\/wp-content\/uploads\/2023\/11\/Starr-300x129.jpg 300w, https:\/\/www.castingnews.eu\/magazine\/wp-content\/uploads\/2023\/11\/Starr-768x329.jpg 768w, https:\/\/www.castingnews.eu\/magazine\/wp-content\/uploads\/2023\/11\/Starr-1536x658.jpg 1536w, https:\/\/www.castingnews.eu\/magazine\/wp-content\/uploads\/2023\/11\/Starr-696x298.jpg 696w, https:\/\/www.castingnews.eu\/magazine\/wp-content\/uploads\/2023\/11\/Starr-1068x458.jpg 1068w, https:\/\/www.castingnews.eu\/magazine\/wp-content\/uploads\/2023\/11\/Starr-980x420.jpg 980w, https:\/\/www.castingnews.eu\/magazine\/wp-content\/uploads\/2023\/11\/Starr.jpg 1920w\" sizes=\"auto, (max-width: 1024px) 100vw, 1024px\" \/><figcaption class=\"wp-element-caption\">Starr<\/figcaption><\/figure>\n\n\n\n<p><strong><em>Motivazione<\/em><\/strong><strong><em><br><\/em><\/strong><em>Starr \u00e8 un corto che si presenta a schermo come una denuncia tragicomica alla spettacolarizzazione dell&#8217;individuo e alla conseguente perdita di s\u00e9, per soddisfare le richieste di un pubblico deumanizzante, che esige un intrattenimento sempre pi\u00f9 estremo. La violenza grottesca e splatter va di pari passo con la comicit\u00e0 slapstick, in un mix di sangue e risate, lame e smile.<\/em><\/p>\n\n\n\n<p><strong><em>Sinossi<\/em><\/strong><strong><em><br><\/em><\/strong>Un\u2019azienda promette la ricetta infallibile per trasformare chiunque in influencer con milioni di follower, ma la fama ha un prezzo.<br><\/p>\n\n\n\n<p><strong>Premio del pubblico<\/strong><\/p>\n\n\n\n<p>Premio assegnato dal pubblico della 23\u00b0 edizione del Trieste Science+Fiction Festival.<\/p>\n\n\n\n<p><strong><em>Vincitore Premio del Pubblico TS+FF 2023<\/em><\/strong><\/p>\n\n\n\n<p><strong><em>\u201cRIVER\u201d di Junta Yamaguchi\u00a0<\/em>(Giappone, 2023)<\/strong><\/p>\n\n\n\n<figure class=\"wp-block-image size-large\"><img loading=\"lazy\" decoding=\"async\" width=\"1024\" height=\"576\" src=\"https:\/\/www.castingnews.eu\/magazine\/wp-content\/uploads\/2023\/11\/River-1024x576.jpg\" alt=\"River\" class=\"wp-image-7318\" srcset=\"https:\/\/www.castingnews.eu\/magazine\/wp-content\/uploads\/2023\/11\/River-1024x576.jpg 1024w, https:\/\/www.castingnews.eu\/magazine\/wp-content\/uploads\/2023\/11\/River-300x169.jpg 300w, https:\/\/www.castingnews.eu\/magazine\/wp-content\/uploads\/2023\/11\/River-768x432.jpg 768w, https:\/\/www.castingnews.eu\/magazine\/wp-content\/uploads\/2023\/11\/River-1536x864.jpg 1536w, https:\/\/www.castingnews.eu\/magazine\/wp-content\/uploads\/2023\/11\/River-696x392.jpg 696w, https:\/\/www.castingnews.eu\/magazine\/wp-content\/uploads\/2023\/11\/River-1068x601.jpg 1068w, https:\/\/www.castingnews.eu\/magazine\/wp-content\/uploads\/2023\/11\/River-747x420.jpg 747w, https:\/\/www.castingnews.eu\/magazine\/wp-content\/uploads\/2023\/11\/River.jpg 1920w\" sizes=\"auto, (max-width: 1024px) 100vw, 1024px\" \/><figcaption class=\"wp-element-caption\">River<\/figcaption><\/figure>\n\n\n\n<p><strong><em>Sinossi<\/em><\/strong><\/p>\n\n\n\n<p>Al Japanese Fujiya Inn, il personale e gli ospiti si trovano improvvisamente in un loop temporale in cui tutto ritorna a come era due minuti prima. Ma mentre il tempo si riavvolge e tutti tornano dov\u2019erano, i loro ricordi restano. Qualcuno vuole uscire dal loop e continuare la propria vita. Altri, invece, apprezzano il tranquillo status quo e desiderano mantenerlo per sempre. Quando per\u00f2 uniscono le forze per indagare sulle cause del fenomeno, emergono storie personali e irrisolte.<\/p>\n\n\n\n<p><strong>Premio Asteroide d\u2019oro 2023<br><\/strong>Tim Webber<\/p>\n\n\n\n<figure class=\"wp-block-image size-large\"><img loading=\"lazy\" decoding=\"async\" width=\"1024\" height=\"682\" src=\"https:\/\/www.castingnews.eu\/magazine\/wp-content\/uploads\/2023\/11\/Tim-Webber1-1024x682.jpg\" alt=\"Tim Webber\" class=\"wp-image-7325\" srcset=\"https:\/\/www.castingnews.eu\/magazine\/wp-content\/uploads\/2023\/11\/Tim-Webber1-1024x682.jpg 1024w, https:\/\/www.castingnews.eu\/magazine\/wp-content\/uploads\/2023\/11\/Tim-Webber1-300x200.jpg 300w, https:\/\/www.castingnews.eu\/magazine\/wp-content\/uploads\/2023\/11\/Tim-Webber1-768x512.jpg 768w, https:\/\/www.castingnews.eu\/magazine\/wp-content\/uploads\/2023\/11\/Tim-Webber1-1536x1023.jpg 1536w, https:\/\/www.castingnews.eu\/magazine\/wp-content\/uploads\/2023\/11\/Tim-Webber1-2048x1365.jpg 2048w, https:\/\/www.castingnews.eu\/magazine\/wp-content\/uploads\/2023\/11\/Tim-Webber1-696x464.jpg 696w, https:\/\/www.castingnews.eu\/magazine\/wp-content\/uploads\/2023\/11\/Tim-Webber1-1068x712.jpg 1068w, https:\/\/www.castingnews.eu\/magazine\/wp-content\/uploads\/2023\/11\/Tim-Webber1-1920x1279.jpg 1920w, https:\/\/www.castingnews.eu\/magazine\/wp-content\/uploads\/2023\/11\/Tim-Webber1-630x420.jpg 630w\" sizes=\"auto, (max-width: 1024px) 100vw, 1024px\" \/><figcaption class=\"wp-element-caption\">Tim Webber<\/figcaption><\/figure>\n\n<div style=\"font-size: 0px; height: 0px; line-height: 0px; margin: 0; padding: 0; clear: both;\"><\/div>","protected":false},"excerpt":{"rendered":"<p>Si \u00e8 conclusa con la cerimonia di premiazione al&nbsp;Politeama Rossetti&nbsp;mercoled\u00ec 1 novembre&nbsp;la&nbsp;23\u00b0 edizione del Trieste Science+Fiction Festival,&nbsp;la principale manifestazione italiana dedicata alla fantascienza&nbsp;svoltasi al Rossetti, al Teatro Miela&nbsp;e al DoubleTree by Hilton Trieste.&nbsp; Organizzato dal centro ricerche e sperimentazioni cinematografiche e audiovisive La Cappella Underground, anche nel 2023 il festival ha portato sul grande schermo [&hellip;]<\/p>\n","protected":false},"author":1,"featured_media":7328,"comment_status":"open","ping_status":"open","sticky":false,"template":"","format":"standard","meta":{"tdm_status":"","tdm_grid_status":"","footnotes":""},"categories":[11,1533,71,21],"tags":[272,273,514,5313,5317,5318,5316,5314,3258,5315],"class_list":{"0":"post-7317","1":"post","2":"type-post","3":"status-publish","4":"format-standard","5":"has-post-thumbnail","7":"category-festival","8":"category-featured","9":"category-italia-paese","10":"category-in-primo-piano","11":"tag-casting-magazine","12":"tag-casting-news","13":"tag-festival","14":"tag-mars-express","15":"tag-restore-point","16":"tag-river","17":"tag-starr","18":"tag-the-last-spark-of-hope","19":"tag-trieste-science-fiction-festival-2","20":"tag-what-if-i"},"yoast_head":"<!-- This site is optimized with the Yoast SEO plugin v27.4 - https:\/\/yoast.com\/product\/yoast-seo-wordpress\/ -->\r\n<title>Proclamati i vincitori della 23\u00b0 edizione di Trieste Science+Fiction Festival - Casting News Magazine<\/title>\r\n<meta name=\"description\" content=\"Si \u00e8 conclusa con la cerimonia di premiazione al\u00a0Politeama Rossetti\u00a0mercoled\u00ec 1 novembre\u00a0la\u00a023\u00b0 edizione del Trieste Science+Fiction Festival.\" \/>\r\n<meta name=\"robots\" content=\"index, follow, max-snippet:-1, max-image-preview:large, max-video-preview:-1\" \/>\r\n<link rel=\"canonical\" href=\"https:\/\/www.castingnews.eu\/magazine\/2023\/11\/01\/proclamati-i-vincitori-della-23-edizione-di-trieste-sciencefiction-festival\/\" \/>\r\n<meta property=\"og:locale\" content=\"it_IT\" \/>\r\n<meta property=\"og:type\" content=\"article\" \/>\r\n<meta property=\"og:title\" content=\"Proclamati i vincitori della 23\u00b0 edizione di Trieste Science+Fiction Festival - Casting News Magazine\" \/>\r\n<meta property=\"og:description\" content=\"Si \u00e8 conclusa con la cerimonia di premiazione al\u00a0Politeama Rossetti\u00a0mercoled\u00ec 1 novembre\u00a0la\u00a023\u00b0 edizione del Trieste Science+Fiction Festival.\" \/>\r\n<meta property=\"og:url\" content=\"https:\/\/www.castingnews.eu\/magazine\/2023\/11\/01\/proclamati-i-vincitori-della-23-edizione-di-trieste-sciencefiction-festival\/\" \/>\r\n<meta property=\"og:site_name\" content=\"Casting News Magazine\" \/>\r\n<meta property=\"article:published_time\" content=\"2023-11-01T19:00:00+00:00\" \/>\r\n<meta property=\"og:image\" content=\"https:\/\/www.castingnews.eu\/magazine\/wp-content\/uploads\/2023\/11\/The-last-spark-of-hope-scene.jpg\" \/>\r\n\t<meta property=\"og:image:width\" content=\"2048\" \/>\r\n\t<meta property=\"og:image:height\" content=\"1080\" \/>\r\n\t<meta property=\"og:image:type\" content=\"image\/jpeg\" \/>\r\n<meta name=\"author\" content=\"Redazione\" \/>\r\n<meta name=\"twitter:card\" content=\"summary_large_image\" \/>\r\n<meta name=\"twitter:label1\" content=\"Scritto da\" \/>\n\t<meta name=\"twitter:data1\" content=\"Redazione\" \/>\n\t<meta name=\"twitter:label2\" content=\"Tempo di lettura stimato\" \/>\n\t<meta name=\"twitter:data2\" content=\"11 minuti\" \/>\r\n<script type=\"application\/ld+json\" class=\"yoast-schema-graph\">{\"@context\":\"https:\\\/\\\/schema.org\",\"@graph\":[{\"@type\":\"Article\",\"@id\":\"https:\\\/\\\/www.castingnews.eu\\\/magazine\\\/2023\\\/11\\\/01\\\/proclamati-i-vincitori-della-23-edizione-di-trieste-sciencefiction-festival\\\/#article\",\"isPartOf\":{\"@id\":\"https:\\\/\\\/www.castingnews.eu\\\/magazine\\\/2023\\\/11\\\/01\\\/proclamati-i-vincitori-della-23-edizione-di-trieste-sciencefiction-festival\\\/\"},\"author\":{\"name\":\"Redazione\",\"@id\":\"https:\\\/\\\/www.castingnews.eu\\\/magazine\\\/#\\\/schema\\\/person\\\/099d71c568c9a7e5e4037b1594108f17\"},\"headline\":\"Proclamati i vincitori della 23\u00b0 edizione di Trieste Science+Fiction Festival\",\"datePublished\":\"2023-11-01T19:00:00+00:00\",\"mainEntityOfPage\":{\"@id\":\"https:\\\/\\\/www.castingnews.eu\\\/magazine\\\/2023\\\/11\\\/01\\\/proclamati-i-vincitori-della-23-edizione-di-trieste-sciencefiction-festival\\\/\"},\"wordCount\":1703,\"commentCount\":0,\"image\":{\"@id\":\"https:\\\/\\\/www.castingnews.eu\\\/magazine\\\/2023\\\/11\\\/01\\\/proclamati-i-vincitori-della-23-edizione-di-trieste-sciencefiction-festival\\\/#primaryimage\"},\"thumbnailUrl\":\"https:\\\/\\\/www.castingnews.eu\\\/magazine\\\/wp-content\\\/uploads\\\/2023\\\/11\\\/The-last-spark-of-hope-scene.jpg\",\"keywords\":[\"Casting Magazine\",\"Casting News\",\"Festival\",\"Mars Express\",\"Restore Point\",\"River\",\"STARR\",\"The last spark of hope\",\"Trieste Science Fiction Festival\",\"WHAT-IF-I\"],\"articleSection\":[\"Festival\",\"In primo piano\",\"Italia\",\"Primo piano\"],\"inLanguage\":\"it-IT\",\"potentialAction\":[{\"@type\":\"CommentAction\",\"name\":\"Comment\",\"target\":[\"https:\\\/\\\/www.castingnews.eu\\\/magazine\\\/2023\\\/11\\\/01\\\/proclamati-i-vincitori-della-23-edizione-di-trieste-sciencefiction-festival\\\/#respond\"]}]},{\"@type\":\"WebPage\",\"@id\":\"https:\\\/\\\/www.castingnews.eu\\\/magazine\\\/2023\\\/11\\\/01\\\/proclamati-i-vincitori-della-23-edizione-di-trieste-sciencefiction-festival\\\/\",\"url\":\"https:\\\/\\\/www.castingnews.eu\\\/magazine\\\/2023\\\/11\\\/01\\\/proclamati-i-vincitori-della-23-edizione-di-trieste-sciencefiction-festival\\\/\",\"name\":\"Proclamati i vincitori della 23\u00b0 edizione di Trieste Science+Fiction Festival - Casting News Magazine\",\"isPartOf\":{\"@id\":\"https:\\\/\\\/www.castingnews.eu\\\/magazine\\\/#website\"},\"primaryImageOfPage\":{\"@id\":\"https:\\\/\\\/www.castingnews.eu\\\/magazine\\\/2023\\\/11\\\/01\\\/proclamati-i-vincitori-della-23-edizione-di-trieste-sciencefiction-festival\\\/#primaryimage\"},\"image\":{\"@id\":\"https:\\\/\\\/www.castingnews.eu\\\/magazine\\\/2023\\\/11\\\/01\\\/proclamati-i-vincitori-della-23-edizione-di-trieste-sciencefiction-festival\\\/#primaryimage\"},\"thumbnailUrl\":\"https:\\\/\\\/www.castingnews.eu\\\/magazine\\\/wp-content\\\/uploads\\\/2023\\\/11\\\/The-last-spark-of-hope-scene.jpg\",\"datePublished\":\"2023-11-01T19:00:00+00:00\",\"author\":{\"@id\":\"https:\\\/\\\/www.castingnews.eu\\\/magazine\\\/#\\\/schema\\\/person\\\/099d71c568c9a7e5e4037b1594108f17\"},\"description\":\"Si \u00e8 conclusa con la cerimonia di premiazione al\u00a0Politeama Rossetti\u00a0mercoled\u00ec 1 novembre\u00a0la\u00a023\u00b0 edizione del Trieste Science+Fiction Festival.\",\"breadcrumb\":{\"@id\":\"https:\\\/\\\/www.castingnews.eu\\\/magazine\\\/2023\\\/11\\\/01\\\/proclamati-i-vincitori-della-23-edizione-di-trieste-sciencefiction-festival\\\/#breadcrumb\"},\"inLanguage\":\"it-IT\",\"potentialAction\":[{\"@type\":\"ReadAction\",\"target\":[\"https:\\\/\\\/www.castingnews.eu\\\/magazine\\\/2023\\\/11\\\/01\\\/proclamati-i-vincitori-della-23-edizione-di-trieste-sciencefiction-festival\\\/\"]}]},{\"@type\":\"ImageObject\",\"inLanguage\":\"it-IT\",\"@id\":\"https:\\\/\\\/www.castingnews.eu\\\/magazine\\\/2023\\\/11\\\/01\\\/proclamati-i-vincitori-della-23-edizione-di-trieste-sciencefiction-festival\\\/#primaryimage\",\"url\":\"https:\\\/\\\/www.castingnews.eu\\\/magazine\\\/wp-content\\\/uploads\\\/2023\\\/11\\\/The-last-spark-of-hope-scene.jpg\",\"contentUrl\":\"https:\\\/\\\/www.castingnews.eu\\\/magazine\\\/wp-content\\\/uploads\\\/2023\\\/11\\\/The-last-spark-of-hope-scene.jpg\",\"width\":2048,\"height\":1080,\"caption\":\"The last spark of hope\"},{\"@type\":\"BreadcrumbList\",\"@id\":\"https:\\\/\\\/www.castingnews.eu\\\/magazine\\\/2023\\\/11\\\/01\\\/proclamati-i-vincitori-della-23-edizione-di-trieste-sciencefiction-festival\\\/#breadcrumb\",\"itemListElement\":[{\"@type\":\"ListItem\",\"position\":1,\"name\":\"Home\",\"item\":\"https:\\\/\\\/www.castingnews.eu\\\/magazine\\\/\"},{\"@type\":\"ListItem\",\"position\":2,\"name\":\"Proclamati i vincitori della 23\u00b0 edizione di Trieste Science+Fiction Festival\"}]},{\"@type\":\"WebSite\",\"@id\":\"https:\\\/\\\/www.castingnews.eu\\\/magazine\\\/#website\",\"url\":\"https:\\\/\\\/www.castingnews.eu\\\/magazine\\\/\",\"name\":\"Casting News Magazine\",\"description\":\"News e aggiornamenti sui film, serie tv, teatro e festival italiani ed internazionali\",\"potentialAction\":[{\"@type\":\"SearchAction\",\"target\":{\"@type\":\"EntryPoint\",\"urlTemplate\":\"https:\\\/\\\/www.castingnews.eu\\\/magazine\\\/?s={search_term_string}\"},\"query-input\":{\"@type\":\"PropertyValueSpecification\",\"valueRequired\":true,\"valueName\":\"search_term_string\"}}],\"inLanguage\":\"it-IT\"},{\"@type\":\"Person\",\"@id\":\"https:\\\/\\\/www.castingnews.eu\\\/magazine\\\/#\\\/schema\\\/person\\\/099d71c568c9a7e5e4037b1594108f17\",\"name\":\"Redazione\",\"image\":{\"@type\":\"ImageObject\",\"inLanguage\":\"it-IT\",\"@id\":\"https:\\\/\\\/secure.gravatar.com\\\/avatar\\\/b73a087aa3bd279fb70d24f1960a91c82cf67619395b60b564c90e9e5d5325fc?s=96&d=mm&r=g\",\"url\":\"https:\\\/\\\/secure.gravatar.com\\\/avatar\\\/b73a087aa3bd279fb70d24f1960a91c82cf67619395b60b564c90e9e5d5325fc?s=96&d=mm&r=g\",\"contentUrl\":\"https:\\\/\\\/secure.gravatar.com\\\/avatar\\\/b73a087aa3bd279fb70d24f1960a91c82cf67619395b60b564c90e9e5d5325fc?s=96&d=mm&r=g\",\"caption\":\"Redazione\"},\"description\":\"News e aggiornamenti sui film, serie tv, teatro e festival italiani ed internazionali.\",\"url\":\"https:\\\/\\\/www.castingnews.eu\\\/magazine\\\/author\\\/redazione\\\/\"}]}<\/script>\r\n<!-- \/ Yoast SEO plugin. -->","yoast_head_json":{"title":"Proclamati i vincitori della 23\u00b0 edizione di Trieste Science+Fiction Festival - Casting News Magazine","description":"Si \u00e8 conclusa con la cerimonia di premiazione al\u00a0Politeama Rossetti\u00a0mercoled\u00ec 1 novembre\u00a0la\u00a023\u00b0 edizione del Trieste Science+Fiction Festival.","robots":{"index":"index","follow":"follow","max-snippet":"max-snippet:-1","max-image-preview":"max-image-preview:large","max-video-preview":"max-video-preview:-1"},"canonical":"https:\/\/www.castingnews.eu\/magazine\/2023\/11\/01\/proclamati-i-vincitori-della-23-edizione-di-trieste-sciencefiction-festival\/","og_locale":"it_IT","og_type":"article","og_title":"Proclamati i vincitori della 23\u00b0 edizione di Trieste Science+Fiction Festival - Casting News Magazine","og_description":"Si \u00e8 conclusa con la cerimonia di premiazione al\u00a0Politeama Rossetti\u00a0mercoled\u00ec 1 novembre\u00a0la\u00a023\u00b0 edizione del Trieste Science+Fiction Festival.","og_url":"https:\/\/www.castingnews.eu\/magazine\/2023\/11\/01\/proclamati-i-vincitori-della-23-edizione-di-trieste-sciencefiction-festival\/","og_site_name":"Casting News Magazine","article_published_time":"2023-11-01T19:00:00+00:00","og_image":[{"width":2048,"height":1080,"url":"https:\/\/www.castingnews.eu\/magazine\/wp-content\/uploads\/2023\/11\/The-last-spark-of-hope-scene.jpg","type":"image\/jpeg"}],"author":"Redazione","twitter_card":"summary_large_image","twitter_misc":{"Scritto da":"Redazione","Tempo di lettura stimato":"11 minuti"},"schema":{"@context":"https:\/\/schema.org","@graph":[{"@type":"Article","@id":"https:\/\/www.castingnews.eu\/magazine\/2023\/11\/01\/proclamati-i-vincitori-della-23-edizione-di-trieste-sciencefiction-festival\/#article","isPartOf":{"@id":"https:\/\/www.castingnews.eu\/magazine\/2023\/11\/01\/proclamati-i-vincitori-della-23-edizione-di-trieste-sciencefiction-festival\/"},"author":{"name":"Redazione","@id":"https:\/\/www.castingnews.eu\/magazine\/#\/schema\/person\/099d71c568c9a7e5e4037b1594108f17"},"headline":"Proclamati i vincitori della 23\u00b0 edizione di Trieste Science+Fiction Festival","datePublished":"2023-11-01T19:00:00+00:00","mainEntityOfPage":{"@id":"https:\/\/www.castingnews.eu\/magazine\/2023\/11\/01\/proclamati-i-vincitori-della-23-edizione-di-trieste-sciencefiction-festival\/"},"wordCount":1703,"commentCount":0,"image":{"@id":"https:\/\/www.castingnews.eu\/magazine\/2023\/11\/01\/proclamati-i-vincitori-della-23-edizione-di-trieste-sciencefiction-festival\/#primaryimage"},"thumbnailUrl":"https:\/\/www.castingnews.eu\/magazine\/wp-content\/uploads\/2023\/11\/The-last-spark-of-hope-scene.jpg","keywords":["Casting Magazine","Casting News","Festival","Mars Express","Restore Point","River","STARR","The last spark of hope","Trieste Science Fiction Festival","WHAT-IF-I"],"articleSection":["Festival","In primo piano","Italia","Primo piano"],"inLanguage":"it-IT","potentialAction":[{"@type":"CommentAction","name":"Comment","target":["https:\/\/www.castingnews.eu\/magazine\/2023\/11\/01\/proclamati-i-vincitori-della-23-edizione-di-trieste-sciencefiction-festival\/#respond"]}]},{"@type":"WebPage","@id":"https:\/\/www.castingnews.eu\/magazine\/2023\/11\/01\/proclamati-i-vincitori-della-23-edizione-di-trieste-sciencefiction-festival\/","url":"https:\/\/www.castingnews.eu\/magazine\/2023\/11\/01\/proclamati-i-vincitori-della-23-edizione-di-trieste-sciencefiction-festival\/","name":"Proclamati i vincitori della 23\u00b0 edizione di Trieste Science+Fiction Festival - Casting News Magazine","isPartOf":{"@id":"https:\/\/www.castingnews.eu\/magazine\/#website"},"primaryImageOfPage":{"@id":"https:\/\/www.castingnews.eu\/magazine\/2023\/11\/01\/proclamati-i-vincitori-della-23-edizione-di-trieste-sciencefiction-festival\/#primaryimage"},"image":{"@id":"https:\/\/www.castingnews.eu\/magazine\/2023\/11\/01\/proclamati-i-vincitori-della-23-edizione-di-trieste-sciencefiction-festival\/#primaryimage"},"thumbnailUrl":"https:\/\/www.castingnews.eu\/magazine\/wp-content\/uploads\/2023\/11\/The-last-spark-of-hope-scene.jpg","datePublished":"2023-11-01T19:00:00+00:00","author":{"@id":"https:\/\/www.castingnews.eu\/magazine\/#\/schema\/person\/099d71c568c9a7e5e4037b1594108f17"},"description":"Si \u00e8 conclusa con la cerimonia di premiazione al\u00a0Politeama Rossetti\u00a0mercoled\u00ec 1 novembre\u00a0la\u00a023\u00b0 edizione del Trieste Science+Fiction Festival.","breadcrumb":{"@id":"https:\/\/www.castingnews.eu\/magazine\/2023\/11\/01\/proclamati-i-vincitori-della-23-edizione-di-trieste-sciencefiction-festival\/#breadcrumb"},"inLanguage":"it-IT","potentialAction":[{"@type":"ReadAction","target":["https:\/\/www.castingnews.eu\/magazine\/2023\/11\/01\/proclamati-i-vincitori-della-23-edizione-di-trieste-sciencefiction-festival\/"]}]},{"@type":"ImageObject","inLanguage":"it-IT","@id":"https:\/\/www.castingnews.eu\/magazine\/2023\/11\/01\/proclamati-i-vincitori-della-23-edizione-di-trieste-sciencefiction-festival\/#primaryimage","url":"https:\/\/www.castingnews.eu\/magazine\/wp-content\/uploads\/2023\/11\/The-last-spark-of-hope-scene.jpg","contentUrl":"https:\/\/www.castingnews.eu\/magazine\/wp-content\/uploads\/2023\/11\/The-last-spark-of-hope-scene.jpg","width":2048,"height":1080,"caption":"The last spark of hope"},{"@type":"BreadcrumbList","@id":"https:\/\/www.castingnews.eu\/magazine\/2023\/11\/01\/proclamati-i-vincitori-della-23-edizione-di-trieste-sciencefiction-festival\/#breadcrumb","itemListElement":[{"@type":"ListItem","position":1,"name":"Home","item":"https:\/\/www.castingnews.eu\/magazine\/"},{"@type":"ListItem","position":2,"name":"Proclamati i vincitori della 23\u00b0 edizione di Trieste Science+Fiction Festival"}]},{"@type":"WebSite","@id":"https:\/\/www.castingnews.eu\/magazine\/#website","url":"https:\/\/www.castingnews.eu\/magazine\/","name":"Casting News Magazine","description":"News e aggiornamenti sui film, serie tv, teatro e festival italiani ed internazionali","potentialAction":[{"@type":"SearchAction","target":{"@type":"EntryPoint","urlTemplate":"https:\/\/www.castingnews.eu\/magazine\/?s={search_term_string}"},"query-input":{"@type":"PropertyValueSpecification","valueRequired":true,"valueName":"search_term_string"}}],"inLanguage":"it-IT"},{"@type":"Person","@id":"https:\/\/www.castingnews.eu\/magazine\/#\/schema\/person\/099d71c568c9a7e5e4037b1594108f17","name":"Redazione","image":{"@type":"ImageObject","inLanguage":"it-IT","@id":"https:\/\/secure.gravatar.com\/avatar\/b73a087aa3bd279fb70d24f1960a91c82cf67619395b60b564c90e9e5d5325fc?s=96&d=mm&r=g","url":"https:\/\/secure.gravatar.com\/avatar\/b73a087aa3bd279fb70d24f1960a91c82cf67619395b60b564c90e9e5d5325fc?s=96&d=mm&r=g","contentUrl":"https:\/\/secure.gravatar.com\/avatar\/b73a087aa3bd279fb70d24f1960a91c82cf67619395b60b564c90e9e5d5325fc?s=96&d=mm&r=g","caption":"Redazione"},"description":"News e aggiornamenti sui film, serie tv, teatro e festival italiani ed internazionali.","url":"https:\/\/www.castingnews.eu\/magazine\/author\/redazione\/"}]}},"_links":{"self":[{"href":"https:\/\/www.castingnews.eu\/magazine\/wp-json\/wp\/v2\/posts\/7317","targetHints":{"allow":["GET"]}}],"collection":[{"href":"https:\/\/www.castingnews.eu\/magazine\/wp-json\/wp\/v2\/posts"}],"about":[{"href":"https:\/\/www.castingnews.eu\/magazine\/wp-json\/wp\/v2\/types\/post"}],"author":[{"embeddable":true,"href":"https:\/\/www.castingnews.eu\/magazine\/wp-json\/wp\/v2\/users\/1"}],"replies":[{"embeddable":true,"href":"https:\/\/www.castingnews.eu\/magazine\/wp-json\/wp\/v2\/comments?post=7317"}],"version-history":[{"count":1,"href":"https:\/\/www.castingnews.eu\/magazine\/wp-json\/wp\/v2\/posts\/7317\/revisions"}],"predecessor-version":[{"id":7329,"href":"https:\/\/www.castingnews.eu\/magazine\/wp-json\/wp\/v2\/posts\/7317\/revisions\/7329"}],"wp:featuredmedia":[{"embeddable":true,"href":"https:\/\/www.castingnews.eu\/magazine\/wp-json\/wp\/v2\/media\/7328"}],"wp:attachment":[{"href":"https:\/\/www.castingnews.eu\/magazine\/wp-json\/wp\/v2\/media?parent=7317"}],"wp:term":[{"taxonomy":"category","embeddable":true,"href":"https:\/\/www.castingnews.eu\/magazine\/wp-json\/wp\/v2\/categories?post=7317"},{"taxonomy":"post_tag","embeddable":true,"href":"https:\/\/www.castingnews.eu\/magazine\/wp-json\/wp\/v2\/tags?post=7317"}],"curies":[{"name":"wp","href":"https:\/\/api.w.org\/{rel}","templated":true}]}}