{"id":7191,"date":"2023-10-01T18:43:11","date_gmt":"2023-10-01T16:43:11","guid":{"rendered":"https:\/\/www.castingnews.eu\/magazine\/?p=7191"},"modified":"2023-10-03T21:45:32","modified_gmt":"2023-10-03T19:45:32","slug":"si-cercano-attori-e-attrici-per-una-docu-fiction-toccante-sulla-toscana-durante-la-seconda-guerra-mondiale","status":"publish","type":"post","link":"https:\/\/www.castingnews.eu\/magazine\/2023\/10\/01\/si-cercano-attori-e-attrici-per-una-docu-fiction-toccante-sulla-toscana-durante-la-seconda-guerra-mondiale\/","title":{"rendered":"Si cercano attori e attrici per una docu-fiction toccante sulla Toscana durante la Seconda Guerra Mondiale"},"content":{"rendered":"\n<p>La Rai \u00e8 alla ricerca di <strong><a href=\"https:\/\/www.castingnews.eu\/news\/news.asp?id_news=10595&amp;id_cat=1\">attrici e attori <\/a><\/strong>per la realizzazione di una <a href=\"https:\/\/www.castingnews.eu\/news\/news.asp?id_news=10595&amp;id_cat=1\"><strong>docu-fiction<\/strong><\/a> emozionante ambientata nella pittoresca regione della Toscana. La produzione, che verr\u00e0 girata all&#8217;inizio di novembre, narra una storia toccante basata sul libro <strong>&#8220;L&#8217;orizzonte chiuso&#8221;<\/strong> scritto da Oscar Guidi, Silvia Angelini e Paola Lemmi. Questa affascinante docufiction riporter\u00e0 il pubblico indietro nel tempo, alla Seconda Guerra Mondiale, e ricostruir\u00e0 gli eventi che si sono svolti a Castelnuovo durante quegli anni bui.<\/p><div class=\"6d3639e8c6ac292cde400fad8ff8a5b9\" data-index=\"1\" style=\"float: none; margin:10px 0 10px 0; text-align:center;\">\n<script async src=\"\/\/pagead2.googlesyndication.com\/pagead\/js\/adsbygoogle.js\"><\/script>\r\n<!-- Casting Bambini NEW -->\r\n<ins class=\"adsbygoogle\"\r\n     style=\"display:inline-block;width:336px;height:280px\"\r\n     data-ad-client=\"ca-pub-5538097485429833\"\r\n     data-ad-slot=\"5127154445\"><\/ins>\r\n<script>\r\n(adsbygoogle = window.adsbygoogle || []).push({});\r\n<\/script>\n<\/div>\n\n\n\n\n<p>La docu-fiction si concentra su un capitolo della storia italiana durante la Seconda Guerra Mondiale: l&#8217;internamento a Castelnuovo di famiglie ebree considerate &#8220;straniere&#8221;. Queste famiglie dovettero affrontare condizioni difficili e condividere la loro vita quotidiana con gli abitanti locali per oltre due anni. La tensione e la paura erano palpabili mentre cercavano di sopravvivere a un periodo cos\u00ec travagliato.<br>La storia culmin\u00f2 in una tragica conclusione nel gennaio del 1944, quando i settanta ebrei internati a Castelnuovo furono trasferiti a Bagni di Lucca e, infine, deportati ad Auschwitz. Questo evento sconvolgente \u00e8 un ricordo indelebile della brutalit\u00e0 della guerra e delle persecuzioni che molte persone hanno dovuto affrontare.<\/p>\n\n\n\n<p>La produzione \u00e8 alla ricerca di attori e attrici di et\u00e0 compresa tra i 18 e i 45 anni per ricoprire alcuni ruoli nella fiction. Questo \u00e8 un&#8217;opportunit\u00e0 unica per attori e attrici di talento di far parte di un progetto che racconta una storia importante e toccante della storia italiana.<br>I candidati pi\u00f9 idonei saranno contattati per un call-back.<br><strong>Tutti i dettagli sono disponibili nell\u2019area riservata di Casting News Professional al seguente link: <a href=\"https:\/\/www.castingnews.eu\/news\/news.asp?id_news=10595&amp;id_cat=1\">Casting per una docu-fiction Rai, si cercano attori e attrici dai 18 ai 45 anni<\/a><\/strong><\/p>\n\n\n\n<p>Seguici per ulteriori aggiornamenti e notizie sulla produzione della fiction e sugli eventi futuri.<br>Iscriviti alla <strong><a href=\"https:\/\/www.castingnewsletter.eu\/CastingNewsPro\/\" target=\"_blank\" rel=\"noreferrer noopener\">newsletter giornaliera<\/a><\/strong> di Casting News Professional<\/p>\n\n<div style=\"font-size: 0px; height: 0px; line-height: 0px; margin: 0; padding: 0; clear: both;\"><\/div>","protected":false},"excerpt":{"rendered":"<p>La Rai \u00e8 alla ricerca di attrici e attori per la realizzazione di una docu-fiction emozionante ambientata nella pittoresca regione della Toscana. La produzione, che verr\u00e0 girata all&#8217;inizio di novembre, narra una storia toccante basata sul libro &#8220;L&#8217;orizzonte chiuso&#8221; scritto da Oscar Guidi, Silvia Angelini e Paola Lemmi. Questa affascinante docufiction riporter\u00e0 il pubblico indietro [&hellip;]<\/p>\n","protected":false},"author":1,"featured_media":7192,"comment_status":"open","ping_status":"open","sticky":false,"template":"","format":"standard","meta":{"tdm_status":"","tdm_grid_status":"","footnotes":""},"categories":[64,1462,1463,1533,71,21,31,38,3967],"tags":[5253,5258,266,3676,272,273,3793,5254,5255,5256,5259,1118,1134,3019,5257,1364],"class_list":{"0":"post-7191","1":"post","2":"type-post","3":"status-publish","4":"format-standard","5":"has-post-thumbnail","7":"category-drammatico","8":"category-fiction-tv","9":"category-fiction-tv-casting-provini","10":"category-featured","11":"category-italia-paese","12":"category-in-primo-piano","13":"category-progetti-tv","14":"category-storico","15":"category-toscana","16":"tag-alfea-cinematografica","17":"tag-auschwitz","18":"tag-casting","19":"tag-casting-call","20":"tag-casting-magazine","21":"tag-casting-news","22":"tag-docu-fiction","23":"tag-garfagnana","24":"tag-lorizzonte-chiuso","25":"tag-oscar-guidi","26":"tag-paola-lemmi","27":"tag-provini","28":"tag-rai","29":"tag-serie","30":"tag-silvia-angelini","31":"tag-toscana"},"yoast_head":"<!-- This site is optimized with the Yoast SEO plugin v27.4 - https:\/\/yoast.com\/product\/yoast-seo-wordpress\/ -->\r\n<title>Si cercano attori e attrici per una docu-fiction toccante sulla Toscana durante la Seconda Guerra Mondiale - Casting News Magazine<\/title>\r\n<meta name=\"description\" content=\"Si cercano attrici e attori per la realizzazione di una docu-fiction emozionante ambientata nella pittoresca regione della Toscana.\" \/>\r\n<meta name=\"robots\" content=\"index, follow, max-snippet:-1, max-image-preview:large, max-video-preview:-1\" \/>\r\n<link rel=\"canonical\" href=\"https:\/\/www.castingnews.eu\/magazine\/2023\/10\/01\/si-cercano-attori-e-attrici-per-una-docu-fiction-toccante-sulla-toscana-durante-la-seconda-guerra-mondiale\/\" \/>\r\n<meta property=\"og:locale\" content=\"it_IT\" \/>\r\n<meta property=\"og:type\" content=\"article\" \/>\r\n<meta property=\"og:title\" content=\"Si cercano attori e attrici per una docu-fiction toccante sulla Toscana durante la Seconda Guerra Mondiale - Casting News Magazine\" \/>\r\n<meta property=\"og:description\" content=\"Si cercano attrici e attori per la realizzazione di una docu-fiction emozionante ambientata nella pittoresca regione della Toscana.\" \/>\r\n<meta property=\"og:url\" content=\"https:\/\/www.castingnews.eu\/magazine\/2023\/10\/01\/si-cercano-attori-e-attrici-per-una-docu-fiction-toccante-sulla-toscana-durante-la-seconda-guerra-mondiale\/\" \/>\r\n<meta property=\"og:site_name\" content=\"Casting News Magazine\" \/>\r\n<meta property=\"article:published_time\" content=\"2023-10-01T16:43:11+00:00\" \/>\r\n<meta property=\"article:modified_time\" content=\"2023-10-03T19:45:32+00:00\" \/>\r\n<meta property=\"og:image\" content=\"https:\/\/www.castingnews.eu\/magazine\/wp-content\/uploads\/2023\/10\/rai-castingnews-2023.jpg\" \/>\r\n\t<meta property=\"og:image:width\" content=\"800\" \/>\r\n\t<meta property=\"og:image:height\" content=\"428\" \/>\r\n\t<meta property=\"og:image:type\" content=\"image\/jpeg\" \/>\r\n<meta name=\"author\" content=\"Redazione\" \/>\r\n<meta name=\"twitter:card\" content=\"summary_large_image\" \/>\r\n<meta name=\"twitter:label1\" content=\"Scritto da\" \/>\n\t<meta name=\"twitter:data1\" content=\"Redazione\" \/>\n\t<meta name=\"twitter:label2\" content=\"Tempo di lettura stimato\" \/>\n\t<meta name=\"twitter:data2\" content=\"2 minuti\" \/>\r\n<script type=\"application\/ld+json\" class=\"yoast-schema-graph\">{\"@context\":\"https:\\\/\\\/schema.org\",\"@graph\":[{\"@type\":\"Article\",\"@id\":\"https:\\\/\\\/www.castingnews.eu\\\/magazine\\\/2023\\\/10\\\/01\\\/si-cercano-attori-e-attrici-per-una-docu-fiction-toccante-sulla-toscana-durante-la-seconda-guerra-mondiale\\\/#article\",\"isPartOf\":{\"@id\":\"https:\\\/\\\/www.castingnews.eu\\\/magazine\\\/2023\\\/10\\\/01\\\/si-cercano-attori-e-attrici-per-una-docu-fiction-toccante-sulla-toscana-durante-la-seconda-guerra-mondiale\\\/\"},\"author\":{\"name\":\"Redazione\",\"@id\":\"https:\\\/\\\/www.castingnews.eu\\\/magazine\\\/#\\\/schema\\\/person\\\/099d71c568c9a7e5e4037b1594108f17\"},\"headline\":\"Si cercano attori e attrici per una docu-fiction toccante sulla Toscana durante la Seconda Guerra Mondiale\",\"datePublished\":\"2023-10-01T16:43:11+00:00\",\"dateModified\":\"2023-10-03T19:45:32+00:00\",\"mainEntityOfPage\":{\"@id\":\"https:\\\/\\\/www.castingnews.eu\\\/magazine\\\/2023\\\/10\\\/01\\\/si-cercano-attori-e-attrici-per-una-docu-fiction-toccante-sulla-toscana-durante-la-seconda-guerra-mondiale\\\/\"},\"wordCount\":306,\"commentCount\":0,\"image\":{\"@id\":\"https:\\\/\\\/www.castingnews.eu\\\/magazine\\\/2023\\\/10\\\/01\\\/si-cercano-attori-e-attrici-per-una-docu-fiction-toccante-sulla-toscana-durante-la-seconda-guerra-mondiale\\\/#primaryimage\"},\"thumbnailUrl\":\"https:\\\/\\\/www.castingnews.eu\\\/magazine\\\/wp-content\\\/uploads\\\/2023\\\/10\\\/rai-castingnews-2023.jpg\",\"keywords\":[\"Alfea Cinematografica\",\"Auschwitz\",\"casting\",\"casting call\",\"Casting Magazine\",\"Casting News\",\"docu-fiction\",\"Garfagnana\",\"L\u2019orizzonte chiuso\",\"Oscar Guidi\",\"Paola Lemmi\",\"Provini\",\"Rai\",\"serie\",\"Silvia Angelini\",\"Toscana\"],\"articleSection\":[\"Drammatico\",\"Fiction TV\",\"Fiction TV\",\"In primo piano\",\"Italia\",\"Primo piano\",\"Progetti TV\",\"Storico\",\"Toscana\"],\"inLanguage\":\"it-IT\",\"potentialAction\":[{\"@type\":\"CommentAction\",\"name\":\"Comment\",\"target\":[\"https:\\\/\\\/www.castingnews.eu\\\/magazine\\\/2023\\\/10\\\/01\\\/si-cercano-attori-e-attrici-per-una-docu-fiction-toccante-sulla-toscana-durante-la-seconda-guerra-mondiale\\\/#respond\"]}]},{\"@type\":\"WebPage\",\"@id\":\"https:\\\/\\\/www.castingnews.eu\\\/magazine\\\/2023\\\/10\\\/01\\\/si-cercano-attori-e-attrici-per-una-docu-fiction-toccante-sulla-toscana-durante-la-seconda-guerra-mondiale\\\/\",\"url\":\"https:\\\/\\\/www.castingnews.eu\\\/magazine\\\/2023\\\/10\\\/01\\\/si-cercano-attori-e-attrici-per-una-docu-fiction-toccante-sulla-toscana-durante-la-seconda-guerra-mondiale\\\/\",\"name\":\"Si cercano attori e attrici per una docu-fiction toccante sulla Toscana durante la Seconda Guerra Mondiale - Casting News Magazine\",\"isPartOf\":{\"@id\":\"https:\\\/\\\/www.castingnews.eu\\\/magazine\\\/#website\"},\"primaryImageOfPage\":{\"@id\":\"https:\\\/\\\/www.castingnews.eu\\\/magazine\\\/2023\\\/10\\\/01\\\/si-cercano-attori-e-attrici-per-una-docu-fiction-toccante-sulla-toscana-durante-la-seconda-guerra-mondiale\\\/#primaryimage\"},\"image\":{\"@id\":\"https:\\\/\\\/www.castingnews.eu\\\/magazine\\\/2023\\\/10\\\/01\\\/si-cercano-attori-e-attrici-per-una-docu-fiction-toccante-sulla-toscana-durante-la-seconda-guerra-mondiale\\\/#primaryimage\"},\"thumbnailUrl\":\"https:\\\/\\\/www.castingnews.eu\\\/magazine\\\/wp-content\\\/uploads\\\/2023\\\/10\\\/rai-castingnews-2023.jpg\",\"datePublished\":\"2023-10-01T16:43:11+00:00\",\"dateModified\":\"2023-10-03T19:45:32+00:00\",\"author\":{\"@id\":\"https:\\\/\\\/www.castingnews.eu\\\/magazine\\\/#\\\/schema\\\/person\\\/099d71c568c9a7e5e4037b1594108f17\"},\"description\":\"Si cercano attrici e attori per la realizzazione di una docu-fiction emozionante ambientata nella pittoresca regione della Toscana.\",\"breadcrumb\":{\"@id\":\"https:\\\/\\\/www.castingnews.eu\\\/magazine\\\/2023\\\/10\\\/01\\\/si-cercano-attori-e-attrici-per-una-docu-fiction-toccante-sulla-toscana-durante-la-seconda-guerra-mondiale\\\/#breadcrumb\"},\"inLanguage\":\"it-IT\",\"potentialAction\":[{\"@type\":\"ReadAction\",\"target\":[\"https:\\\/\\\/www.castingnews.eu\\\/magazine\\\/2023\\\/10\\\/01\\\/si-cercano-attori-e-attrici-per-una-docu-fiction-toccante-sulla-toscana-durante-la-seconda-guerra-mondiale\\\/\"]}]},{\"@type\":\"ImageObject\",\"inLanguage\":\"it-IT\",\"@id\":\"https:\\\/\\\/www.castingnews.eu\\\/magazine\\\/2023\\\/10\\\/01\\\/si-cercano-attori-e-attrici-per-una-docu-fiction-toccante-sulla-toscana-durante-la-seconda-guerra-mondiale\\\/#primaryimage\",\"url\":\"https:\\\/\\\/www.castingnews.eu\\\/magazine\\\/wp-content\\\/uploads\\\/2023\\\/10\\\/rai-castingnews-2023.jpg\",\"contentUrl\":\"https:\\\/\\\/www.castingnews.eu\\\/magazine\\\/wp-content\\\/uploads\\\/2023\\\/10\\\/rai-castingnews-2023.jpg\",\"width\":800,\"height\":428,\"caption\":\"Rai Fiction\"},{\"@type\":\"BreadcrumbList\",\"@id\":\"https:\\\/\\\/www.castingnews.eu\\\/magazine\\\/2023\\\/10\\\/01\\\/si-cercano-attori-e-attrici-per-una-docu-fiction-toccante-sulla-toscana-durante-la-seconda-guerra-mondiale\\\/#breadcrumb\",\"itemListElement\":[{\"@type\":\"ListItem\",\"position\":1,\"name\":\"Home\",\"item\":\"https:\\\/\\\/www.castingnews.eu\\\/magazine\\\/\"},{\"@type\":\"ListItem\",\"position\":2,\"name\":\"Si cercano attori e attrici per una docu-fiction toccante sulla Toscana durante la Seconda Guerra Mondiale\"}]},{\"@type\":\"WebSite\",\"@id\":\"https:\\\/\\\/www.castingnews.eu\\\/magazine\\\/#website\",\"url\":\"https:\\\/\\\/www.castingnews.eu\\\/magazine\\\/\",\"name\":\"Casting News Magazine\",\"description\":\"News e aggiornamenti sui film, serie tv, teatro e festival italiani ed internazionali\",\"potentialAction\":[{\"@type\":\"SearchAction\",\"target\":{\"@type\":\"EntryPoint\",\"urlTemplate\":\"https:\\\/\\\/www.castingnews.eu\\\/magazine\\\/?s={search_term_string}\"},\"query-input\":{\"@type\":\"PropertyValueSpecification\",\"valueRequired\":true,\"valueName\":\"search_term_string\"}}],\"inLanguage\":\"it-IT\"},{\"@type\":\"Person\",\"@id\":\"https:\\\/\\\/www.castingnews.eu\\\/magazine\\\/#\\\/schema\\\/person\\\/099d71c568c9a7e5e4037b1594108f17\",\"name\":\"Redazione\",\"image\":{\"@type\":\"ImageObject\",\"inLanguage\":\"it-IT\",\"@id\":\"https:\\\/\\\/secure.gravatar.com\\\/avatar\\\/b73a087aa3bd279fb70d24f1960a91c82cf67619395b60b564c90e9e5d5325fc?s=96&d=mm&r=g\",\"url\":\"https:\\\/\\\/secure.gravatar.com\\\/avatar\\\/b73a087aa3bd279fb70d24f1960a91c82cf67619395b60b564c90e9e5d5325fc?s=96&d=mm&r=g\",\"contentUrl\":\"https:\\\/\\\/secure.gravatar.com\\\/avatar\\\/b73a087aa3bd279fb70d24f1960a91c82cf67619395b60b564c90e9e5d5325fc?s=96&d=mm&r=g\",\"caption\":\"Redazione\"},\"description\":\"News e aggiornamenti sui film, serie tv, teatro e festival italiani ed internazionali.\",\"url\":\"https:\\\/\\\/www.castingnews.eu\\\/magazine\\\/author\\\/redazione\\\/\"}]}<\/script>\r\n<!-- \/ Yoast SEO plugin. -->","yoast_head_json":{"title":"Si cercano attori e attrici per una docu-fiction toccante sulla Toscana durante la Seconda Guerra Mondiale - Casting News Magazine","description":"Si cercano attrici e attori per la realizzazione di una docu-fiction emozionante ambientata nella pittoresca regione della Toscana.","robots":{"index":"index","follow":"follow","max-snippet":"max-snippet:-1","max-image-preview":"max-image-preview:large","max-video-preview":"max-video-preview:-1"},"canonical":"https:\/\/www.castingnews.eu\/magazine\/2023\/10\/01\/si-cercano-attori-e-attrici-per-una-docu-fiction-toccante-sulla-toscana-durante-la-seconda-guerra-mondiale\/","og_locale":"it_IT","og_type":"article","og_title":"Si cercano attori e attrici per una docu-fiction toccante sulla Toscana durante la Seconda Guerra Mondiale - Casting News Magazine","og_description":"Si cercano attrici e attori per la realizzazione di una docu-fiction emozionante ambientata nella pittoresca regione della Toscana.","og_url":"https:\/\/www.castingnews.eu\/magazine\/2023\/10\/01\/si-cercano-attori-e-attrici-per-una-docu-fiction-toccante-sulla-toscana-durante-la-seconda-guerra-mondiale\/","og_site_name":"Casting News Magazine","article_published_time":"2023-10-01T16:43:11+00:00","article_modified_time":"2023-10-03T19:45:32+00:00","og_image":[{"width":800,"height":428,"url":"https:\/\/www.castingnews.eu\/magazine\/wp-content\/uploads\/2023\/10\/rai-castingnews-2023.jpg","type":"image\/jpeg"}],"author":"Redazione","twitter_card":"summary_large_image","twitter_misc":{"Scritto da":"Redazione","Tempo di lettura stimato":"2 minuti"},"schema":{"@context":"https:\/\/schema.org","@graph":[{"@type":"Article","@id":"https:\/\/www.castingnews.eu\/magazine\/2023\/10\/01\/si-cercano-attori-e-attrici-per-una-docu-fiction-toccante-sulla-toscana-durante-la-seconda-guerra-mondiale\/#article","isPartOf":{"@id":"https:\/\/www.castingnews.eu\/magazine\/2023\/10\/01\/si-cercano-attori-e-attrici-per-una-docu-fiction-toccante-sulla-toscana-durante-la-seconda-guerra-mondiale\/"},"author":{"name":"Redazione","@id":"https:\/\/www.castingnews.eu\/magazine\/#\/schema\/person\/099d71c568c9a7e5e4037b1594108f17"},"headline":"Si cercano attori e attrici per una docu-fiction toccante sulla Toscana durante la Seconda Guerra Mondiale","datePublished":"2023-10-01T16:43:11+00:00","dateModified":"2023-10-03T19:45:32+00:00","mainEntityOfPage":{"@id":"https:\/\/www.castingnews.eu\/magazine\/2023\/10\/01\/si-cercano-attori-e-attrici-per-una-docu-fiction-toccante-sulla-toscana-durante-la-seconda-guerra-mondiale\/"},"wordCount":306,"commentCount":0,"image":{"@id":"https:\/\/www.castingnews.eu\/magazine\/2023\/10\/01\/si-cercano-attori-e-attrici-per-una-docu-fiction-toccante-sulla-toscana-durante-la-seconda-guerra-mondiale\/#primaryimage"},"thumbnailUrl":"https:\/\/www.castingnews.eu\/magazine\/wp-content\/uploads\/2023\/10\/rai-castingnews-2023.jpg","keywords":["Alfea Cinematografica","Auschwitz","casting","casting call","Casting Magazine","Casting News","docu-fiction","Garfagnana","L\u2019orizzonte chiuso","Oscar Guidi","Paola Lemmi","Provini","Rai","serie","Silvia Angelini","Toscana"],"articleSection":["Drammatico","Fiction TV","Fiction TV","In primo piano","Italia","Primo piano","Progetti TV","Storico","Toscana"],"inLanguage":"it-IT","potentialAction":[{"@type":"CommentAction","name":"Comment","target":["https:\/\/www.castingnews.eu\/magazine\/2023\/10\/01\/si-cercano-attori-e-attrici-per-una-docu-fiction-toccante-sulla-toscana-durante-la-seconda-guerra-mondiale\/#respond"]}]},{"@type":"WebPage","@id":"https:\/\/www.castingnews.eu\/magazine\/2023\/10\/01\/si-cercano-attori-e-attrici-per-una-docu-fiction-toccante-sulla-toscana-durante-la-seconda-guerra-mondiale\/","url":"https:\/\/www.castingnews.eu\/magazine\/2023\/10\/01\/si-cercano-attori-e-attrici-per-una-docu-fiction-toccante-sulla-toscana-durante-la-seconda-guerra-mondiale\/","name":"Si cercano attori e attrici per una docu-fiction toccante sulla Toscana durante la Seconda Guerra Mondiale - Casting News Magazine","isPartOf":{"@id":"https:\/\/www.castingnews.eu\/magazine\/#website"},"primaryImageOfPage":{"@id":"https:\/\/www.castingnews.eu\/magazine\/2023\/10\/01\/si-cercano-attori-e-attrici-per-una-docu-fiction-toccante-sulla-toscana-durante-la-seconda-guerra-mondiale\/#primaryimage"},"image":{"@id":"https:\/\/www.castingnews.eu\/magazine\/2023\/10\/01\/si-cercano-attori-e-attrici-per-una-docu-fiction-toccante-sulla-toscana-durante-la-seconda-guerra-mondiale\/#primaryimage"},"thumbnailUrl":"https:\/\/www.castingnews.eu\/magazine\/wp-content\/uploads\/2023\/10\/rai-castingnews-2023.jpg","datePublished":"2023-10-01T16:43:11+00:00","dateModified":"2023-10-03T19:45:32+00:00","author":{"@id":"https:\/\/www.castingnews.eu\/magazine\/#\/schema\/person\/099d71c568c9a7e5e4037b1594108f17"},"description":"Si cercano attrici e attori per la realizzazione di una docu-fiction emozionante ambientata nella pittoresca regione della Toscana.","breadcrumb":{"@id":"https:\/\/www.castingnews.eu\/magazine\/2023\/10\/01\/si-cercano-attori-e-attrici-per-una-docu-fiction-toccante-sulla-toscana-durante-la-seconda-guerra-mondiale\/#breadcrumb"},"inLanguage":"it-IT","potentialAction":[{"@type":"ReadAction","target":["https:\/\/www.castingnews.eu\/magazine\/2023\/10\/01\/si-cercano-attori-e-attrici-per-una-docu-fiction-toccante-sulla-toscana-durante-la-seconda-guerra-mondiale\/"]}]},{"@type":"ImageObject","inLanguage":"it-IT","@id":"https:\/\/www.castingnews.eu\/magazine\/2023\/10\/01\/si-cercano-attori-e-attrici-per-una-docu-fiction-toccante-sulla-toscana-durante-la-seconda-guerra-mondiale\/#primaryimage","url":"https:\/\/www.castingnews.eu\/magazine\/wp-content\/uploads\/2023\/10\/rai-castingnews-2023.jpg","contentUrl":"https:\/\/www.castingnews.eu\/magazine\/wp-content\/uploads\/2023\/10\/rai-castingnews-2023.jpg","width":800,"height":428,"caption":"Rai Fiction"},{"@type":"BreadcrumbList","@id":"https:\/\/www.castingnews.eu\/magazine\/2023\/10\/01\/si-cercano-attori-e-attrici-per-una-docu-fiction-toccante-sulla-toscana-durante-la-seconda-guerra-mondiale\/#breadcrumb","itemListElement":[{"@type":"ListItem","position":1,"name":"Home","item":"https:\/\/www.castingnews.eu\/magazine\/"},{"@type":"ListItem","position":2,"name":"Si cercano attori e attrici per una docu-fiction toccante sulla Toscana durante la Seconda Guerra Mondiale"}]},{"@type":"WebSite","@id":"https:\/\/www.castingnews.eu\/magazine\/#website","url":"https:\/\/www.castingnews.eu\/magazine\/","name":"Casting News Magazine","description":"News e aggiornamenti sui film, serie tv, teatro e festival italiani ed internazionali","potentialAction":[{"@type":"SearchAction","target":{"@type":"EntryPoint","urlTemplate":"https:\/\/www.castingnews.eu\/magazine\/?s={search_term_string}"},"query-input":{"@type":"PropertyValueSpecification","valueRequired":true,"valueName":"search_term_string"}}],"inLanguage":"it-IT"},{"@type":"Person","@id":"https:\/\/www.castingnews.eu\/magazine\/#\/schema\/person\/099d71c568c9a7e5e4037b1594108f17","name":"Redazione","image":{"@type":"ImageObject","inLanguage":"it-IT","@id":"https:\/\/secure.gravatar.com\/avatar\/b73a087aa3bd279fb70d24f1960a91c82cf67619395b60b564c90e9e5d5325fc?s=96&d=mm&r=g","url":"https:\/\/secure.gravatar.com\/avatar\/b73a087aa3bd279fb70d24f1960a91c82cf67619395b60b564c90e9e5d5325fc?s=96&d=mm&r=g","contentUrl":"https:\/\/secure.gravatar.com\/avatar\/b73a087aa3bd279fb70d24f1960a91c82cf67619395b60b564c90e9e5d5325fc?s=96&d=mm&r=g","caption":"Redazione"},"description":"News e aggiornamenti sui film, serie tv, teatro e festival italiani ed internazionali.","url":"https:\/\/www.castingnews.eu\/magazine\/author\/redazione\/"}]}},"_links":{"self":[{"href":"https:\/\/www.castingnews.eu\/magazine\/wp-json\/wp\/v2\/posts\/7191","targetHints":{"allow":["GET"]}}],"collection":[{"href":"https:\/\/www.castingnews.eu\/magazine\/wp-json\/wp\/v2\/posts"}],"about":[{"href":"https:\/\/www.castingnews.eu\/magazine\/wp-json\/wp\/v2\/types\/post"}],"author":[{"embeddable":true,"href":"https:\/\/www.castingnews.eu\/magazine\/wp-json\/wp\/v2\/users\/1"}],"replies":[{"embeddable":true,"href":"https:\/\/www.castingnews.eu\/magazine\/wp-json\/wp\/v2\/comments?post=7191"}],"version-history":[{"count":1,"href":"https:\/\/www.castingnews.eu\/magazine\/wp-json\/wp\/v2\/posts\/7191\/revisions"}],"predecessor-version":[{"id":7193,"href":"https:\/\/www.castingnews.eu\/magazine\/wp-json\/wp\/v2\/posts\/7191\/revisions\/7193"}],"wp:featuredmedia":[{"embeddable":true,"href":"https:\/\/www.castingnews.eu\/magazine\/wp-json\/wp\/v2\/media\/7192"}],"wp:attachment":[{"href":"https:\/\/www.castingnews.eu\/magazine\/wp-json\/wp\/v2\/media?parent=7191"}],"wp:term":[{"taxonomy":"category","embeddable":true,"href":"https:\/\/www.castingnews.eu\/magazine\/wp-json\/wp\/v2\/categories?post=7191"},{"taxonomy":"post_tag","embeddable":true,"href":"https:\/\/www.castingnews.eu\/magazine\/wp-json\/wp\/v2\/tags?post=7191"}],"curies":[{"name":"wp","href":"https:\/\/api.w.org\/{rel}","templated":true}]}}