{"id":7109,"date":"2023-09-21T17:03:43","date_gmt":"2023-09-21T15:03:43","guid":{"rendered":"https:\/\/www.castingnews.eu\/magazine\/?p=7109"},"modified":"2023-09-21T17:03:47","modified_gmt":"2023-09-21T15:03:47","slug":"il-treno-dei-bambini-il-nuovo-film-di-netflix-sara-girato-in-emilia-romagna","status":"publish","type":"post","link":"https:\/\/www.castingnews.eu\/magazine\/2023\/09\/21\/il-treno-dei-bambini-il-nuovo-film-di-netflix-sara-girato-in-emilia-romagna\/","title":{"rendered":"\u201cIl treno dei bambini\u201d, il nuovo film di Netflix sar\u00e0 girato in Emilia-Romagna"},"content":{"rendered":"\n<p>La nuova produzione di Netflix, dal titolo <strong>&#8220;Il treno dei bambini&#8221;<\/strong> e diretta da <strong>Cristina Comencini<\/strong>, verr\u00e0 girata tra Reggio e la provincia. Il film, prodotto da Palomar, \u00e8 un adattamento dell&#8217;omonimo romanzo di Viola Ardone e avr\u00e0 come protagonista <strong>Barbara Ronchi<\/strong>. Nel cast, saranno presenti anche <strong>Serena Rossi<\/strong>, <strong>Christian Cervone<\/strong> e <strong>Stefano Accorsi<\/strong>.<\/p><div class=\"6d3639e8c6ac292cde400fad8ff8a5b9\" data-index=\"1\" style=\"float: none; margin:10px 0 10px 0; text-align:center;\">\n<script async src=\"\/\/pagead2.googlesyndication.com\/pagead\/js\/adsbygoogle.js\"><\/script>\r\n<!-- Casting Bambini NEW -->\r\n<ins class=\"adsbygoogle\"\r\n     style=\"display:inline-block;width:336px;height:280px\"\r\n     data-ad-client=\"ca-pub-5538097485429833\"\r\n     data-ad-slot=\"5127154445\"><\/ins>\r\n<script>\r\n(adsbygoogle = window.adsbygoogle || []).push({});\r\n<\/script>\n<\/div>\n\n\n\n\n<p>Il film racconta un viaggio attraverso la miseria, ma anche la generosit\u00e0 dell\u2019Italia del dopoguerra, vista dagli occhi di un bambino diviso tra due madri.<br>\u00c8 il 1946 quando Amerigo lascia il suo rione di Napoli e sale su un treno. Assieme a migliaia di altri bambini meridionali attraverser\u00e0 l&#8217;intera penisola e trascorrer\u00e0 alcuni mesi in una famiglia del Nord; un&#8217;iniziativa del Partito comunista per strappare i piccoli alla miseria dopo l&#8217;ultimo conflitto. Con lo stupore dei suoi sette anni e il piglio furbo di un bambino dei vicoli, Amerigo ci mostra un&#8217;Italia che si rialza dalla guerra come se la vedessimo per la prima volta. E ci affida la storia commovente di una separazione. Quel dolore originario cui non ci si pu\u00f2 sottrarre, perch\u00e9 non c&#8217;\u00e8 altro modo per crescere.<\/p>\n\n\n\n<p>Seguici per ulteriori aggiornamenti e notizie sulla produzione del film e sugli eventi futuri.<br>Iscriviti alla <strong><a href=\"https:\/\/www.castingnewsletter.eu\/CastingNewsPro\/\" target=\"_blank\" rel=\"noreferrer noopener\">newsletter giornaliera<\/a><\/strong> di Casting News Professional<\/p>\n\n<div style=\"font-size: 0px; height: 0px; line-height: 0px; margin: 0; padding: 0; clear: both;\"><\/div>","protected":false},"excerpt":{"rendered":"<p>La nuova produzione di Netflix, dal titolo &#8220;Il treno dei bambini&#8221; e diretta da Cristina Comencini, verr\u00e0 girata tra Reggio e la provincia. Il film, prodotto da Palomar, \u00e8 un adattamento dell&#8217;omonimo romanzo di Viola Ardone e avr\u00e0 come protagonista Barbara Ronchi. Nel cast, saranno presenti anche Serena Rossi, Christian Cervone e Stefano Accorsi. Il [&hellip;]<\/p>\n","protected":false},"author":1,"featured_media":7110,"comment_status":"open","ping_status":"open","sticky":false,"template":"","format":"standard","meta":{"tdm_status":"","tdm_grid_status":"","footnotes":""},"categories":[64,3956,1533,71,21,30],"tags":[1845,266,272,273,5221,302,376,1724,534,5219,1819,1118,1620,5220,2244],"class_list":{"0":"post-7109","1":"post","2":"type-post","3":"status-publish","4":"format-standard","5":"has-post-thumbnail","7":"category-drammatico","8":"category-emilia-romagna","9":"category-featured","10":"category-italia-paese","11":"category-in-primo-piano","12":"category-progetti-cinematografici","13":"tag-barbara-ronchi","14":"tag-casting","15":"tag-casting-magazine","16":"tag-casting-news","17":"tag-christian-cervone","18":"tag-cinema","19":"tag-cristina-comencini","20":"tag-emilia-romagna","21":"tag-film","22":"tag-il-treno-dei-bambini","23":"tag-netflix","24":"tag-provini","25":"tag-reggio-emilia","26":"tag-serena-rossi","27":"tag-stefano-accorsi"},"yoast_head":"<!-- This site is optimized with the Yoast SEO plugin v27.4 - https:\/\/yoast.com\/product\/yoast-seo-wordpress\/ -->\r\n<title>\u201cIl treno dei bambini\u201d, il nuovo film di Netflix sar\u00e0 girato in Emilia-Romagna - Casting News Magazine<\/title>\r\n<meta name=\"description\" content=\"La nuova produzione di Netflix, dal titolo &quot;Il treno dei bambini&quot; e diretta da Cristina Comencini, verr\u00e0 girata tra Reggio e la provincia.\" \/>\r\n<meta name=\"robots\" content=\"index, follow, max-snippet:-1, max-image-preview:large, max-video-preview:-1\" \/>\r\n<link rel=\"canonical\" href=\"https:\/\/www.castingnews.eu\/magazine\/2023\/09\/21\/il-treno-dei-bambini-il-nuovo-film-di-netflix-sara-girato-in-emilia-romagna\/\" \/>\r\n<meta property=\"og:locale\" content=\"it_IT\" \/>\r\n<meta property=\"og:type\" content=\"article\" \/>\r\n<meta property=\"og:title\" content=\"\u201cIl treno dei bambini\u201d, il nuovo film di Netflix sar\u00e0 girato in Emilia-Romagna - Casting News Magazine\" \/>\r\n<meta property=\"og:description\" content=\"La nuova produzione di Netflix, dal titolo &quot;Il treno dei bambini&quot; e diretta da Cristina Comencini, verr\u00e0 girata tra Reggio e la provincia.\" \/>\r\n<meta property=\"og:url\" content=\"https:\/\/www.castingnews.eu\/magazine\/2023\/09\/21\/il-treno-dei-bambini-il-nuovo-film-di-netflix-sara-girato-in-emilia-romagna\/\" \/>\r\n<meta property=\"og:site_name\" content=\"Casting News Magazine\" \/>\r\n<meta property=\"article:published_time\" content=\"2023-09-21T15:03:43+00:00\" \/>\r\n<meta property=\"article:modified_time\" content=\"2023-09-21T15:03:47+00:00\" \/>\r\n<meta property=\"og:image\" content=\"https:\/\/www.castingnews.eu\/magazine\/wp-content\/uploads\/2023\/09\/Barbara-Ronchi-attrice.jpg\" \/>\r\n\t<meta property=\"og:image:width\" content=\"1280\" \/>\r\n\t<meta property=\"og:image:height\" content=\"720\" \/>\r\n\t<meta property=\"og:image:type\" content=\"image\/jpeg\" \/>\r\n<meta name=\"author\" content=\"Redazione\" \/>\r\n<meta name=\"twitter:card\" content=\"summary_large_image\" \/>\r\n<meta name=\"twitter:label1\" content=\"Scritto da\" \/>\n\t<meta name=\"twitter:data1\" content=\"Redazione\" \/>\n\t<meta name=\"twitter:label2\" content=\"Tempo di lettura stimato\" \/>\n\t<meta name=\"twitter:data2\" content=\"2 minuti\" \/>\r\n<script type=\"application\/ld+json\" class=\"yoast-schema-graph\">{\"@context\":\"https:\\\/\\\/schema.org\",\"@graph\":[{\"@type\":\"Article\",\"@id\":\"https:\\\/\\\/www.castingnews.eu\\\/magazine\\\/2023\\\/09\\\/21\\\/il-treno-dei-bambini-il-nuovo-film-di-netflix-sara-girato-in-emilia-romagna\\\/#article\",\"isPartOf\":{\"@id\":\"https:\\\/\\\/www.castingnews.eu\\\/magazine\\\/2023\\\/09\\\/21\\\/il-treno-dei-bambini-il-nuovo-film-di-netflix-sara-girato-in-emilia-romagna\\\/\"},\"author\":{\"name\":\"Redazione\",\"@id\":\"https:\\\/\\\/www.castingnews.eu\\\/magazine\\\/#\\\/schema\\\/person\\\/099d71c568c9a7e5e4037b1594108f17\"},\"headline\":\"\u201cIl treno dei bambini\u201d, il nuovo film di Netflix sar\u00e0 girato in Emilia-Romagna\",\"datePublished\":\"2023-09-21T15:03:43+00:00\",\"dateModified\":\"2023-09-21T15:03:47+00:00\",\"mainEntityOfPage\":{\"@id\":\"https:\\\/\\\/www.castingnews.eu\\\/magazine\\\/2023\\\/09\\\/21\\\/il-treno-dei-bambini-il-nuovo-film-di-netflix-sara-girato-in-emilia-romagna\\\/\"},\"wordCount\":223,\"commentCount\":0,\"image\":{\"@id\":\"https:\\\/\\\/www.castingnews.eu\\\/magazine\\\/2023\\\/09\\\/21\\\/il-treno-dei-bambini-il-nuovo-film-di-netflix-sara-girato-in-emilia-romagna\\\/#primaryimage\"},\"thumbnailUrl\":\"https:\\\/\\\/www.castingnews.eu\\\/magazine\\\/wp-content\\\/uploads\\\/2023\\\/09\\\/Barbara-Ronchi-attrice.jpg\",\"keywords\":[\"Barbara Ronchi\",\"casting\",\"Casting Magazine\",\"Casting News\",\"Christian Cervone\",\"Cinema\",\"Cristina Comencini\",\"Emilia-Romagna\",\"Film\",\"Il treno dei bambini\",\"Netflix\",\"Provini\",\"Reggio Emilia\",\"Serena Rossi\",\"Stefano Accorsi\"],\"articleSection\":[\"Drammatico\",\"Emilia-Romagna\",\"In primo piano\",\"Italia\",\"Primo piano\",\"Progetti cinematografici\"],\"inLanguage\":\"it-IT\",\"potentialAction\":[{\"@type\":\"CommentAction\",\"name\":\"Comment\",\"target\":[\"https:\\\/\\\/www.castingnews.eu\\\/magazine\\\/2023\\\/09\\\/21\\\/il-treno-dei-bambini-il-nuovo-film-di-netflix-sara-girato-in-emilia-romagna\\\/#respond\"]}]},{\"@type\":\"WebPage\",\"@id\":\"https:\\\/\\\/www.castingnews.eu\\\/magazine\\\/2023\\\/09\\\/21\\\/il-treno-dei-bambini-il-nuovo-film-di-netflix-sara-girato-in-emilia-romagna\\\/\",\"url\":\"https:\\\/\\\/www.castingnews.eu\\\/magazine\\\/2023\\\/09\\\/21\\\/il-treno-dei-bambini-il-nuovo-film-di-netflix-sara-girato-in-emilia-romagna\\\/\",\"name\":\"\u201cIl treno dei bambini\u201d, il nuovo film di Netflix sar\u00e0 girato in Emilia-Romagna - Casting News Magazine\",\"isPartOf\":{\"@id\":\"https:\\\/\\\/www.castingnews.eu\\\/magazine\\\/#website\"},\"primaryImageOfPage\":{\"@id\":\"https:\\\/\\\/www.castingnews.eu\\\/magazine\\\/2023\\\/09\\\/21\\\/il-treno-dei-bambini-il-nuovo-film-di-netflix-sara-girato-in-emilia-romagna\\\/#primaryimage\"},\"image\":{\"@id\":\"https:\\\/\\\/www.castingnews.eu\\\/magazine\\\/2023\\\/09\\\/21\\\/il-treno-dei-bambini-il-nuovo-film-di-netflix-sara-girato-in-emilia-romagna\\\/#primaryimage\"},\"thumbnailUrl\":\"https:\\\/\\\/www.castingnews.eu\\\/magazine\\\/wp-content\\\/uploads\\\/2023\\\/09\\\/Barbara-Ronchi-attrice.jpg\",\"datePublished\":\"2023-09-21T15:03:43+00:00\",\"dateModified\":\"2023-09-21T15:03:47+00:00\",\"author\":{\"@id\":\"https:\\\/\\\/www.castingnews.eu\\\/magazine\\\/#\\\/schema\\\/person\\\/099d71c568c9a7e5e4037b1594108f17\"},\"description\":\"La nuova produzione di Netflix, dal titolo \\\"Il treno dei bambini\\\" e diretta da Cristina Comencini, verr\u00e0 girata tra Reggio e la provincia.\",\"breadcrumb\":{\"@id\":\"https:\\\/\\\/www.castingnews.eu\\\/magazine\\\/2023\\\/09\\\/21\\\/il-treno-dei-bambini-il-nuovo-film-di-netflix-sara-girato-in-emilia-romagna\\\/#breadcrumb\"},\"inLanguage\":\"it-IT\",\"potentialAction\":[{\"@type\":\"ReadAction\",\"target\":[\"https:\\\/\\\/www.castingnews.eu\\\/magazine\\\/2023\\\/09\\\/21\\\/il-treno-dei-bambini-il-nuovo-film-di-netflix-sara-girato-in-emilia-romagna\\\/\"]}]},{\"@type\":\"ImageObject\",\"inLanguage\":\"it-IT\",\"@id\":\"https:\\\/\\\/www.castingnews.eu\\\/magazine\\\/2023\\\/09\\\/21\\\/il-treno-dei-bambini-il-nuovo-film-di-netflix-sara-girato-in-emilia-romagna\\\/#primaryimage\",\"url\":\"https:\\\/\\\/www.castingnews.eu\\\/magazine\\\/wp-content\\\/uploads\\\/2023\\\/09\\\/Barbara-Ronchi-attrice.jpg\",\"contentUrl\":\"https:\\\/\\\/www.castingnews.eu\\\/magazine\\\/wp-content\\\/uploads\\\/2023\\\/09\\\/Barbara-Ronchi-attrice.jpg\",\"width\":1280,\"height\":720,\"caption\":\"Barbara Ronchi\"},{\"@type\":\"BreadcrumbList\",\"@id\":\"https:\\\/\\\/www.castingnews.eu\\\/magazine\\\/2023\\\/09\\\/21\\\/il-treno-dei-bambini-il-nuovo-film-di-netflix-sara-girato-in-emilia-romagna\\\/#breadcrumb\",\"itemListElement\":[{\"@type\":\"ListItem\",\"position\":1,\"name\":\"Home\",\"item\":\"https:\\\/\\\/www.castingnews.eu\\\/magazine\\\/\"},{\"@type\":\"ListItem\",\"position\":2,\"name\":\"\u201cIl treno dei bambini\u201d, il nuovo film di Netflix sar\u00e0 girato in Emilia-Romagna\"}]},{\"@type\":\"WebSite\",\"@id\":\"https:\\\/\\\/www.castingnews.eu\\\/magazine\\\/#website\",\"url\":\"https:\\\/\\\/www.castingnews.eu\\\/magazine\\\/\",\"name\":\"Casting News Magazine\",\"description\":\"News e aggiornamenti sui film, serie tv, teatro e festival italiani ed internazionali\",\"potentialAction\":[{\"@type\":\"SearchAction\",\"target\":{\"@type\":\"EntryPoint\",\"urlTemplate\":\"https:\\\/\\\/www.castingnews.eu\\\/magazine\\\/?s={search_term_string}\"},\"query-input\":{\"@type\":\"PropertyValueSpecification\",\"valueRequired\":true,\"valueName\":\"search_term_string\"}}],\"inLanguage\":\"it-IT\"},{\"@type\":\"Person\",\"@id\":\"https:\\\/\\\/www.castingnews.eu\\\/magazine\\\/#\\\/schema\\\/person\\\/099d71c568c9a7e5e4037b1594108f17\",\"name\":\"Redazione\",\"image\":{\"@type\":\"ImageObject\",\"inLanguage\":\"it-IT\",\"@id\":\"https:\\\/\\\/secure.gravatar.com\\\/avatar\\\/b73a087aa3bd279fb70d24f1960a91c82cf67619395b60b564c90e9e5d5325fc?s=96&d=mm&r=g\",\"url\":\"https:\\\/\\\/secure.gravatar.com\\\/avatar\\\/b73a087aa3bd279fb70d24f1960a91c82cf67619395b60b564c90e9e5d5325fc?s=96&d=mm&r=g\",\"contentUrl\":\"https:\\\/\\\/secure.gravatar.com\\\/avatar\\\/b73a087aa3bd279fb70d24f1960a91c82cf67619395b60b564c90e9e5d5325fc?s=96&d=mm&r=g\",\"caption\":\"Redazione\"},\"description\":\"News e aggiornamenti sui film, serie tv, teatro e festival italiani ed internazionali.\",\"url\":\"https:\\\/\\\/www.castingnews.eu\\\/magazine\\\/author\\\/redazione\\\/\"}]}<\/script>\r\n<!-- \/ Yoast SEO plugin. -->","yoast_head_json":{"title":"\u201cIl treno dei bambini\u201d, il nuovo film di Netflix sar\u00e0 girato in Emilia-Romagna - Casting News Magazine","description":"La nuova produzione di Netflix, dal titolo \"Il treno dei bambini\" e diretta da Cristina Comencini, verr\u00e0 girata tra Reggio e la provincia.","robots":{"index":"index","follow":"follow","max-snippet":"max-snippet:-1","max-image-preview":"max-image-preview:large","max-video-preview":"max-video-preview:-1"},"canonical":"https:\/\/www.castingnews.eu\/magazine\/2023\/09\/21\/il-treno-dei-bambini-il-nuovo-film-di-netflix-sara-girato-in-emilia-romagna\/","og_locale":"it_IT","og_type":"article","og_title":"\u201cIl treno dei bambini\u201d, il nuovo film di Netflix sar\u00e0 girato in Emilia-Romagna - Casting News Magazine","og_description":"La nuova produzione di Netflix, dal titolo \"Il treno dei bambini\" e diretta da Cristina Comencini, verr\u00e0 girata tra Reggio e la provincia.","og_url":"https:\/\/www.castingnews.eu\/magazine\/2023\/09\/21\/il-treno-dei-bambini-il-nuovo-film-di-netflix-sara-girato-in-emilia-romagna\/","og_site_name":"Casting News Magazine","article_published_time":"2023-09-21T15:03:43+00:00","article_modified_time":"2023-09-21T15:03:47+00:00","og_image":[{"width":1280,"height":720,"url":"https:\/\/www.castingnews.eu\/magazine\/wp-content\/uploads\/2023\/09\/Barbara-Ronchi-attrice.jpg","type":"image\/jpeg"}],"author":"Redazione","twitter_card":"summary_large_image","twitter_misc":{"Scritto da":"Redazione","Tempo di lettura stimato":"2 minuti"},"schema":{"@context":"https:\/\/schema.org","@graph":[{"@type":"Article","@id":"https:\/\/www.castingnews.eu\/magazine\/2023\/09\/21\/il-treno-dei-bambini-il-nuovo-film-di-netflix-sara-girato-in-emilia-romagna\/#article","isPartOf":{"@id":"https:\/\/www.castingnews.eu\/magazine\/2023\/09\/21\/il-treno-dei-bambini-il-nuovo-film-di-netflix-sara-girato-in-emilia-romagna\/"},"author":{"name":"Redazione","@id":"https:\/\/www.castingnews.eu\/magazine\/#\/schema\/person\/099d71c568c9a7e5e4037b1594108f17"},"headline":"\u201cIl treno dei bambini\u201d, il nuovo film di Netflix sar\u00e0 girato in Emilia-Romagna","datePublished":"2023-09-21T15:03:43+00:00","dateModified":"2023-09-21T15:03:47+00:00","mainEntityOfPage":{"@id":"https:\/\/www.castingnews.eu\/magazine\/2023\/09\/21\/il-treno-dei-bambini-il-nuovo-film-di-netflix-sara-girato-in-emilia-romagna\/"},"wordCount":223,"commentCount":0,"image":{"@id":"https:\/\/www.castingnews.eu\/magazine\/2023\/09\/21\/il-treno-dei-bambini-il-nuovo-film-di-netflix-sara-girato-in-emilia-romagna\/#primaryimage"},"thumbnailUrl":"https:\/\/www.castingnews.eu\/magazine\/wp-content\/uploads\/2023\/09\/Barbara-Ronchi-attrice.jpg","keywords":["Barbara Ronchi","casting","Casting Magazine","Casting News","Christian Cervone","Cinema","Cristina Comencini","Emilia-Romagna","Film","Il treno dei bambini","Netflix","Provini","Reggio Emilia","Serena Rossi","Stefano Accorsi"],"articleSection":["Drammatico","Emilia-Romagna","In primo piano","Italia","Primo piano","Progetti cinematografici"],"inLanguage":"it-IT","potentialAction":[{"@type":"CommentAction","name":"Comment","target":["https:\/\/www.castingnews.eu\/magazine\/2023\/09\/21\/il-treno-dei-bambini-il-nuovo-film-di-netflix-sara-girato-in-emilia-romagna\/#respond"]}]},{"@type":"WebPage","@id":"https:\/\/www.castingnews.eu\/magazine\/2023\/09\/21\/il-treno-dei-bambini-il-nuovo-film-di-netflix-sara-girato-in-emilia-romagna\/","url":"https:\/\/www.castingnews.eu\/magazine\/2023\/09\/21\/il-treno-dei-bambini-il-nuovo-film-di-netflix-sara-girato-in-emilia-romagna\/","name":"\u201cIl treno dei bambini\u201d, il nuovo film di Netflix sar\u00e0 girato in Emilia-Romagna - Casting News Magazine","isPartOf":{"@id":"https:\/\/www.castingnews.eu\/magazine\/#website"},"primaryImageOfPage":{"@id":"https:\/\/www.castingnews.eu\/magazine\/2023\/09\/21\/il-treno-dei-bambini-il-nuovo-film-di-netflix-sara-girato-in-emilia-romagna\/#primaryimage"},"image":{"@id":"https:\/\/www.castingnews.eu\/magazine\/2023\/09\/21\/il-treno-dei-bambini-il-nuovo-film-di-netflix-sara-girato-in-emilia-romagna\/#primaryimage"},"thumbnailUrl":"https:\/\/www.castingnews.eu\/magazine\/wp-content\/uploads\/2023\/09\/Barbara-Ronchi-attrice.jpg","datePublished":"2023-09-21T15:03:43+00:00","dateModified":"2023-09-21T15:03:47+00:00","author":{"@id":"https:\/\/www.castingnews.eu\/magazine\/#\/schema\/person\/099d71c568c9a7e5e4037b1594108f17"},"description":"La nuova produzione di Netflix, dal titolo \"Il treno dei bambini\" e diretta da Cristina Comencini, verr\u00e0 girata tra Reggio e la provincia.","breadcrumb":{"@id":"https:\/\/www.castingnews.eu\/magazine\/2023\/09\/21\/il-treno-dei-bambini-il-nuovo-film-di-netflix-sara-girato-in-emilia-romagna\/#breadcrumb"},"inLanguage":"it-IT","potentialAction":[{"@type":"ReadAction","target":["https:\/\/www.castingnews.eu\/magazine\/2023\/09\/21\/il-treno-dei-bambini-il-nuovo-film-di-netflix-sara-girato-in-emilia-romagna\/"]}]},{"@type":"ImageObject","inLanguage":"it-IT","@id":"https:\/\/www.castingnews.eu\/magazine\/2023\/09\/21\/il-treno-dei-bambini-il-nuovo-film-di-netflix-sara-girato-in-emilia-romagna\/#primaryimage","url":"https:\/\/www.castingnews.eu\/magazine\/wp-content\/uploads\/2023\/09\/Barbara-Ronchi-attrice.jpg","contentUrl":"https:\/\/www.castingnews.eu\/magazine\/wp-content\/uploads\/2023\/09\/Barbara-Ronchi-attrice.jpg","width":1280,"height":720,"caption":"Barbara Ronchi"},{"@type":"BreadcrumbList","@id":"https:\/\/www.castingnews.eu\/magazine\/2023\/09\/21\/il-treno-dei-bambini-il-nuovo-film-di-netflix-sara-girato-in-emilia-romagna\/#breadcrumb","itemListElement":[{"@type":"ListItem","position":1,"name":"Home","item":"https:\/\/www.castingnews.eu\/magazine\/"},{"@type":"ListItem","position":2,"name":"\u201cIl treno dei bambini\u201d, il nuovo film di Netflix sar\u00e0 girato in Emilia-Romagna"}]},{"@type":"WebSite","@id":"https:\/\/www.castingnews.eu\/magazine\/#website","url":"https:\/\/www.castingnews.eu\/magazine\/","name":"Casting News Magazine","description":"News e aggiornamenti sui film, serie tv, teatro e festival italiani ed internazionali","potentialAction":[{"@type":"SearchAction","target":{"@type":"EntryPoint","urlTemplate":"https:\/\/www.castingnews.eu\/magazine\/?s={search_term_string}"},"query-input":{"@type":"PropertyValueSpecification","valueRequired":true,"valueName":"search_term_string"}}],"inLanguage":"it-IT"},{"@type":"Person","@id":"https:\/\/www.castingnews.eu\/magazine\/#\/schema\/person\/099d71c568c9a7e5e4037b1594108f17","name":"Redazione","image":{"@type":"ImageObject","inLanguage":"it-IT","@id":"https:\/\/secure.gravatar.com\/avatar\/b73a087aa3bd279fb70d24f1960a91c82cf67619395b60b564c90e9e5d5325fc?s=96&d=mm&r=g","url":"https:\/\/secure.gravatar.com\/avatar\/b73a087aa3bd279fb70d24f1960a91c82cf67619395b60b564c90e9e5d5325fc?s=96&d=mm&r=g","contentUrl":"https:\/\/secure.gravatar.com\/avatar\/b73a087aa3bd279fb70d24f1960a91c82cf67619395b60b564c90e9e5d5325fc?s=96&d=mm&r=g","caption":"Redazione"},"description":"News e aggiornamenti sui film, serie tv, teatro e festival italiani ed internazionali.","url":"https:\/\/www.castingnews.eu\/magazine\/author\/redazione\/"}]}},"_links":{"self":[{"href":"https:\/\/www.castingnews.eu\/magazine\/wp-json\/wp\/v2\/posts\/7109","targetHints":{"allow":["GET"]}}],"collection":[{"href":"https:\/\/www.castingnews.eu\/magazine\/wp-json\/wp\/v2\/posts"}],"about":[{"href":"https:\/\/www.castingnews.eu\/magazine\/wp-json\/wp\/v2\/types\/post"}],"author":[{"embeddable":true,"href":"https:\/\/www.castingnews.eu\/magazine\/wp-json\/wp\/v2\/users\/1"}],"replies":[{"embeddable":true,"href":"https:\/\/www.castingnews.eu\/magazine\/wp-json\/wp\/v2\/comments?post=7109"}],"version-history":[{"count":1,"href":"https:\/\/www.castingnews.eu\/magazine\/wp-json\/wp\/v2\/posts\/7109\/revisions"}],"predecessor-version":[{"id":7111,"href":"https:\/\/www.castingnews.eu\/magazine\/wp-json\/wp\/v2\/posts\/7109\/revisions\/7111"}],"wp:featuredmedia":[{"embeddable":true,"href":"https:\/\/www.castingnews.eu\/magazine\/wp-json\/wp\/v2\/media\/7110"}],"wp:attachment":[{"href":"https:\/\/www.castingnews.eu\/magazine\/wp-json\/wp\/v2\/media?parent=7109"}],"wp:term":[{"taxonomy":"category","embeddable":true,"href":"https:\/\/www.castingnews.eu\/magazine\/wp-json\/wp\/v2\/categories?post=7109"},{"taxonomy":"post_tag","embeddable":true,"href":"https:\/\/www.castingnews.eu\/magazine\/wp-json\/wp\/v2\/tags?post=7109"}],"curies":[{"name":"wp","href":"https:\/\/api.w.org\/{rel}","templated":true}]}}