{"id":7026,"date":"2023-09-15T21:25:46","date_gmt":"2023-09-15T19:25:46","guid":{"rendered":"https:\/\/www.castingnews.eu\/magazine\/?p=7026"},"modified":"2023-09-15T21:25:49","modified_gmt":"2023-09-15T19:25:49","slug":"casting-per-la-miniserie-rai-su-giacomo-leopardi-unopportunita-unica-per-le-figurazioni-speciali-e-le-comparse","status":"publish","type":"post","link":"https:\/\/www.castingnews.eu\/magazine\/2023\/09\/15\/casting-per-la-miniserie-rai-su-giacomo-leopardi-unopportunita-unica-per-le-figurazioni-speciali-e-le-comparse\/","title":{"rendered":"Casting per la Miniserie Rai su Giacomo Leopardi: Un&#8217;Opportunit\u00e0 unica per le Figurazioni Speciali e le Comparse"},"content":{"rendered":"\n<p>La Rai, in collaborazione con IBC Movie, sta preparando una <strong><a href=\"https:\/\/www.castingnews.eu\/news\/news.asp?id_news=10546&amp;id_cat=1\">produzione televisiva<\/a><\/strong> straordinaria che metter\u00e0 in luce la vita e le opere del celebre poeta italiano Giacomo Leopardi. Diretta dal rinomato regista Sergio Rubini, questa miniserie composta da due episodi promette di essere un&#8217;esperienza indimenticabile sia per il pubblico che per coloro che avranno l&#8217;opportunit\u00e0 di partecipare come figurazioni speciali e comparse. La miniserie si concentrer\u00e0 sulla vita e le vicissitudini del poeta Giacomo Leopardi, uno dei pi\u00f9 illustri e influenti nella storia della letteratura italiana. Attraverso questa produzione, esploreremo le sue amicizie, le sue passioni, i suoi viaggi e le sue sfide. Sar\u00e0 un&#8217;opportunit\u00e0 unica per i candidati selezionati di vivere e respirare l&#8217;atmosfera dell&#8217;epoca e contribuire a portare in vita questa figura storica straordinaria.<\/p><div class=\"6d3639e8c6ac292cde400fad8ff8a5b9\" data-index=\"1\" style=\"float: none; margin:10px 0 10px 0; text-align:center;\">\n<script async src=\"\/\/pagead2.googlesyndication.com\/pagead\/js\/adsbygoogle.js\"><\/script>\r\n<!-- Casting Bambini NEW -->\r\n<ins class=\"adsbygoogle\"\r\n     style=\"display:inline-block;width:336px;height:280px\"\r\n     data-ad-client=\"ca-pub-5538097485429833\"\r\n     data-ad-slot=\"5127154445\"><\/ins>\r\n<script>\r\n(adsbygoogle = window.adsbygoogle || []).push({});\r\n<\/script>\n<\/div>\n\n\n\n\n<p>Se hai sempre sognato di fare parte di una produzione televisiva di prestigio, questa potrebbe essere la tua occasione. Si cercano uomini e donne con un&#8217;et\u00e0 compresa tra i 18 e i 70 anni, residenti nelle Marche, in particolare nelle province di Ancona, Macerata, Fermo ed Ascoli Piceno. La miniserie si svolge tra il Settecento e l&#8217;Ottocento, quindi \u00e8 essenziale che i candidati abbiano capelli naturali, non tinti. Inoltre, dovrebbero essere disposti a un eventuale cambio di look, che potrebbe includere il taglio di capelli e\/o barba. Per gli uomini, la lunghezza dei capelli dovrebbe essere di almeno 4 cm.<br>\u00c8 fondamentale che i candidati non abbiano tatuaggi visibili su mani, collo o testa, n\u00e9 piercing evidenti. Inoltre, \u00e8 preferibile che non abbiano un&#8217;abbronzatura eccessiva o trattamenti permanenti per unghie o trucco. Questi requisiti sono importanti per garantire l&#8217;accuratezza storica della produzione e l&#8217;immersione del pubblico nell&#8217;epoca di Leopardi.<\/p>\n\n\n\n<p>\u00c8 importante sottolineare che il lavoro come figurante speciale o comparsa sar\u00e0 retribuito. I casting si terranno il mercoled\u00ec 20 e gioved\u00ec 21 settembre.<br>Non perdere questa opportunit\u00e0 unica di fare parte di una produzione televisiva di prestigio dedicata a uno dei pi\u00f9 grandi poeti della storia italiana. Prepara il tuo look e la tua migliore interpretazione per i casting e potresti avere la possibilit\u00e0 di contribuire a rendere omaggio al grande Giacomo Leopardi su schermo.<br><strong>Tutti i dettagli sono disponibili nell\u2019area riservata di Casting News Professional al seguente link: <a href=\"https:\/\/www.castingnews.eu\/news\/news.asp?id_news=10546&amp;id_cat=1\">Casting figurazioni speciali e comparse per la nuova serie Rai su Giacomo Leopardi<\/a><\/strong><\/p>\n\n\n\n<p>Seguici per ulteriori aggiornamenti e notizie sulla produzione della serie e sugli eventi futuri.<br>Iscriviti alla <strong><a href=\"https:\/\/www.castingnewsletter.eu\/CastingNewsPro\/\" target=\"_blank\" rel=\"noreferrer noopener\">newsletter giornaliera<\/a><\/strong> di Casting News Professional<\/p>\n\n<div style=\"font-size: 0px; height: 0px; line-height: 0px; margin: 0; padding: 0; clear: both;\"><\/div>","protected":false},"excerpt":{"rendered":"<p>La Rai, in collaborazione con IBC Movie, sta preparando una produzione televisiva straordinaria che metter\u00e0 in luce la vita e le opere del celebre poeta italiano Giacomo Leopardi. Diretta dal rinomato regista Sergio Rubini, questa miniserie composta da due episodi promette di essere un&#8217;esperienza indimenticabile sia per il pubblico che per coloro che avranno l&#8217;opportunit\u00e0 [&hellip;]<\/p>\n","protected":false},"author":1,"featured_media":7027,"comment_status":"open","ping_status":"open","sticky":false,"template":"","format":"standard","meta":{"tdm_status":"","tdm_grid_status":"","footnotes":""},"categories":[58,1462,1463,1533,71,3961,21,31],"tags":[266,3676,272,273,337,531,1815,4805,4757,2976,1118,2168,1611,4983],"class_list":{"0":"post-7026","1":"post","2":"type-post","3":"status-publish","4":"format-standard","5":"has-post-thumbnail","7":"category-biografico","8":"category-fiction-tv","9":"category-fiction-tv-casting-provini","10":"category-featured","11":"category-italia-paese","12":"category-marche","13":"category-in-primo-piano","14":"category-progetti-tv","15":"tag-casting","16":"tag-casting-call","17":"tag-casting-magazine","18":"tag-casting-news","19":"tag-comparse","20":"tag-fiction","21":"tag-figurazioni-speciali","22":"tag-giacomo-leopardi","23":"tag-ibc-movie","24":"tag-miniserie","25":"tag-provini","26":"tag-sergio-rubini","27":"tag-serie-tv","28":"tag-vita-e-amori-del-poeta"},"yoast_head":"<!-- This site is optimized with the Yoast SEO plugin v27.4 - https:\/\/yoast.com\/product\/yoast-seo-wordpress\/ -->\r\n<title>Casting per la Miniserie Rai su Giacomo Leopardi: Un&#039;Opportunit\u00e0 unica per le Figurazioni Speciali e le Comparse - Casting News Magazine<\/title>\r\n<meta name=\"description\" content=\"Si cercano uomini e donne con un&#039;et\u00e0 compresa tra i 18 e i 70 anni per una miniserie Rai su Giacomo Leopardi.\" \/>\r\n<meta name=\"robots\" content=\"index, follow, max-snippet:-1, max-image-preview:large, max-video-preview:-1\" \/>\r\n<link rel=\"canonical\" href=\"https:\/\/www.castingnews.eu\/magazine\/2023\/09\/15\/casting-per-la-miniserie-rai-su-giacomo-leopardi-unopportunita-unica-per-le-figurazioni-speciali-e-le-comparse\/\" \/>\r\n<meta property=\"og:locale\" content=\"it_IT\" \/>\r\n<meta property=\"og:type\" content=\"article\" \/>\r\n<meta property=\"og:title\" content=\"Casting per la Miniserie Rai su Giacomo Leopardi: Un&#039;Opportunit\u00e0 unica per le Figurazioni Speciali e le Comparse - Casting News Magazine\" \/>\r\n<meta property=\"og:description\" content=\"Si cercano uomini e donne con un&#039;et\u00e0 compresa tra i 18 e i 70 anni per una miniserie Rai su Giacomo Leopardi.\" \/>\r\n<meta property=\"og:url\" content=\"https:\/\/www.castingnews.eu\/magazine\/2023\/09\/15\/casting-per-la-miniserie-rai-su-giacomo-leopardi-unopportunita-unica-per-le-figurazioni-speciali-e-le-comparse\/\" \/>\r\n<meta property=\"og:site_name\" content=\"Casting News Magazine\" \/>\r\n<meta property=\"article:published_time\" content=\"2023-09-15T19:25:46+00:00\" \/>\r\n<meta property=\"article:modified_time\" content=\"2023-09-15T19:25:49+00:00\" \/>\r\n<meta property=\"og:image\" content=\"https:\/\/www.castingnews.eu\/magazine\/wp-content\/uploads\/2023\/09\/Giacomo-Leopardi-fiction-Rai.jpg\" \/>\r\n\t<meta property=\"og:image:width\" content=\"1080\" \/>\r\n\t<meta property=\"og:image:height\" content=\"566\" \/>\r\n\t<meta property=\"og:image:type\" content=\"image\/jpeg\" \/>\r\n<meta name=\"author\" content=\"Redazione\" \/>\r\n<meta name=\"twitter:card\" content=\"summary_large_image\" \/>\r\n<meta name=\"twitter:label1\" content=\"Scritto da\" \/>\n\t<meta name=\"twitter:data1\" content=\"Redazione\" \/>\n\t<meta name=\"twitter:label2\" content=\"Tempo di lettura stimato\" \/>\n\t<meta name=\"twitter:data2\" content=\"3 minuti\" \/>\r\n<script type=\"application\/ld+json\" class=\"yoast-schema-graph\">{\"@context\":\"https:\\\/\\\/schema.org\",\"@graph\":[{\"@type\":\"Article\",\"@id\":\"https:\\\/\\\/www.castingnews.eu\\\/magazine\\\/2023\\\/09\\\/15\\\/casting-per-la-miniserie-rai-su-giacomo-leopardi-unopportunita-unica-per-le-figurazioni-speciali-e-le-comparse\\\/#article\",\"isPartOf\":{\"@id\":\"https:\\\/\\\/www.castingnews.eu\\\/magazine\\\/2023\\\/09\\\/15\\\/casting-per-la-miniserie-rai-su-giacomo-leopardi-unopportunita-unica-per-le-figurazioni-speciali-e-le-comparse\\\/\"},\"author\":{\"name\":\"Redazione\",\"@id\":\"https:\\\/\\\/www.castingnews.eu\\\/magazine\\\/#\\\/schema\\\/person\\\/099d71c568c9a7e5e4037b1594108f17\"},\"headline\":\"Casting per la Miniserie Rai su Giacomo Leopardi: Un&#8217;Opportunit\u00e0 unica per le Figurazioni Speciali e le Comparse\",\"datePublished\":\"2023-09-15T19:25:46+00:00\",\"dateModified\":\"2023-09-15T19:25:49+00:00\",\"mainEntityOfPage\":{\"@id\":\"https:\\\/\\\/www.castingnews.eu\\\/magazine\\\/2023\\\/09\\\/15\\\/casting-per-la-miniserie-rai-su-giacomo-leopardi-unopportunita-unica-per-le-figurazioni-speciali-e-le-comparse\\\/\"},\"wordCount\":422,\"commentCount\":0,\"image\":{\"@id\":\"https:\\\/\\\/www.castingnews.eu\\\/magazine\\\/2023\\\/09\\\/15\\\/casting-per-la-miniserie-rai-su-giacomo-leopardi-unopportunita-unica-per-le-figurazioni-speciali-e-le-comparse\\\/#primaryimage\"},\"thumbnailUrl\":\"https:\\\/\\\/www.castingnews.eu\\\/magazine\\\/wp-content\\\/uploads\\\/2023\\\/09\\\/Giacomo-Leopardi-fiction-Rai.jpg\",\"keywords\":[\"casting\",\"casting call\",\"Casting Magazine\",\"Casting News\",\"comparse\",\"fiction\",\"figurazioni speciali\",\"Giacomo Leopardi\",\"IBC Movie\",\"miniserie\",\"Provini\",\"Sergio Rubini\",\"Serie tv\",\"vita e amori del Poeta\"],\"articleSection\":[\"Biografico\",\"Fiction TV\",\"Fiction TV\",\"In primo piano\",\"Italia\",\"Marche\",\"Primo piano\",\"Progetti TV\"],\"inLanguage\":\"it-IT\",\"potentialAction\":[{\"@type\":\"CommentAction\",\"name\":\"Comment\",\"target\":[\"https:\\\/\\\/www.castingnews.eu\\\/magazine\\\/2023\\\/09\\\/15\\\/casting-per-la-miniserie-rai-su-giacomo-leopardi-unopportunita-unica-per-le-figurazioni-speciali-e-le-comparse\\\/#respond\"]}]},{\"@type\":\"WebPage\",\"@id\":\"https:\\\/\\\/www.castingnews.eu\\\/magazine\\\/2023\\\/09\\\/15\\\/casting-per-la-miniserie-rai-su-giacomo-leopardi-unopportunita-unica-per-le-figurazioni-speciali-e-le-comparse\\\/\",\"url\":\"https:\\\/\\\/www.castingnews.eu\\\/magazine\\\/2023\\\/09\\\/15\\\/casting-per-la-miniserie-rai-su-giacomo-leopardi-unopportunita-unica-per-le-figurazioni-speciali-e-le-comparse\\\/\",\"name\":\"Casting per la Miniserie Rai su Giacomo Leopardi: Un'Opportunit\u00e0 unica per le Figurazioni Speciali e le Comparse - Casting News Magazine\",\"isPartOf\":{\"@id\":\"https:\\\/\\\/www.castingnews.eu\\\/magazine\\\/#website\"},\"primaryImageOfPage\":{\"@id\":\"https:\\\/\\\/www.castingnews.eu\\\/magazine\\\/2023\\\/09\\\/15\\\/casting-per-la-miniserie-rai-su-giacomo-leopardi-unopportunita-unica-per-le-figurazioni-speciali-e-le-comparse\\\/#primaryimage\"},\"image\":{\"@id\":\"https:\\\/\\\/www.castingnews.eu\\\/magazine\\\/2023\\\/09\\\/15\\\/casting-per-la-miniserie-rai-su-giacomo-leopardi-unopportunita-unica-per-le-figurazioni-speciali-e-le-comparse\\\/#primaryimage\"},\"thumbnailUrl\":\"https:\\\/\\\/www.castingnews.eu\\\/magazine\\\/wp-content\\\/uploads\\\/2023\\\/09\\\/Giacomo-Leopardi-fiction-Rai.jpg\",\"datePublished\":\"2023-09-15T19:25:46+00:00\",\"dateModified\":\"2023-09-15T19:25:49+00:00\",\"author\":{\"@id\":\"https:\\\/\\\/www.castingnews.eu\\\/magazine\\\/#\\\/schema\\\/person\\\/099d71c568c9a7e5e4037b1594108f17\"},\"description\":\"Si cercano uomini e donne con un'et\u00e0 compresa tra i 18 e i 70 anni per una miniserie Rai su Giacomo Leopardi.\",\"breadcrumb\":{\"@id\":\"https:\\\/\\\/www.castingnews.eu\\\/magazine\\\/2023\\\/09\\\/15\\\/casting-per-la-miniserie-rai-su-giacomo-leopardi-unopportunita-unica-per-le-figurazioni-speciali-e-le-comparse\\\/#breadcrumb\"},\"inLanguage\":\"it-IT\",\"potentialAction\":[{\"@type\":\"ReadAction\",\"target\":[\"https:\\\/\\\/www.castingnews.eu\\\/magazine\\\/2023\\\/09\\\/15\\\/casting-per-la-miniserie-rai-su-giacomo-leopardi-unopportunita-unica-per-le-figurazioni-speciali-e-le-comparse\\\/\"]}]},{\"@type\":\"ImageObject\",\"inLanguage\":\"it-IT\",\"@id\":\"https:\\\/\\\/www.castingnews.eu\\\/magazine\\\/2023\\\/09\\\/15\\\/casting-per-la-miniserie-rai-su-giacomo-leopardi-unopportunita-unica-per-le-figurazioni-speciali-e-le-comparse\\\/#primaryimage\",\"url\":\"https:\\\/\\\/www.castingnews.eu\\\/magazine\\\/wp-content\\\/uploads\\\/2023\\\/09\\\/Giacomo-Leopardi-fiction-Rai.jpg\",\"contentUrl\":\"https:\\\/\\\/www.castingnews.eu\\\/magazine\\\/wp-content\\\/uploads\\\/2023\\\/09\\\/Giacomo-Leopardi-fiction-Rai.jpg\",\"width\":1080,\"height\":566,\"caption\":\"RAI FICTION: Si cercano uomini e donne tra i 18 e i 70 anni\"},{\"@type\":\"BreadcrumbList\",\"@id\":\"https:\\\/\\\/www.castingnews.eu\\\/magazine\\\/2023\\\/09\\\/15\\\/casting-per-la-miniserie-rai-su-giacomo-leopardi-unopportunita-unica-per-le-figurazioni-speciali-e-le-comparse\\\/#breadcrumb\",\"itemListElement\":[{\"@type\":\"ListItem\",\"position\":1,\"name\":\"Home\",\"item\":\"https:\\\/\\\/www.castingnews.eu\\\/magazine\\\/\"},{\"@type\":\"ListItem\",\"position\":2,\"name\":\"Casting per la Miniserie Rai su Giacomo Leopardi: Un&#8217;Opportunit\u00e0 unica per le Figurazioni Speciali e le Comparse\"}]},{\"@type\":\"WebSite\",\"@id\":\"https:\\\/\\\/www.castingnews.eu\\\/magazine\\\/#website\",\"url\":\"https:\\\/\\\/www.castingnews.eu\\\/magazine\\\/\",\"name\":\"Casting News Magazine\",\"description\":\"News e aggiornamenti sui film, serie tv, teatro e festival italiani ed internazionali\",\"potentialAction\":[{\"@type\":\"SearchAction\",\"target\":{\"@type\":\"EntryPoint\",\"urlTemplate\":\"https:\\\/\\\/www.castingnews.eu\\\/magazine\\\/?s={search_term_string}\"},\"query-input\":{\"@type\":\"PropertyValueSpecification\",\"valueRequired\":true,\"valueName\":\"search_term_string\"}}],\"inLanguage\":\"it-IT\"},{\"@type\":\"Person\",\"@id\":\"https:\\\/\\\/www.castingnews.eu\\\/magazine\\\/#\\\/schema\\\/person\\\/099d71c568c9a7e5e4037b1594108f17\",\"name\":\"Redazione\",\"image\":{\"@type\":\"ImageObject\",\"inLanguage\":\"it-IT\",\"@id\":\"https:\\\/\\\/secure.gravatar.com\\\/avatar\\\/b73a087aa3bd279fb70d24f1960a91c82cf67619395b60b564c90e9e5d5325fc?s=96&d=mm&r=g\",\"url\":\"https:\\\/\\\/secure.gravatar.com\\\/avatar\\\/b73a087aa3bd279fb70d24f1960a91c82cf67619395b60b564c90e9e5d5325fc?s=96&d=mm&r=g\",\"contentUrl\":\"https:\\\/\\\/secure.gravatar.com\\\/avatar\\\/b73a087aa3bd279fb70d24f1960a91c82cf67619395b60b564c90e9e5d5325fc?s=96&d=mm&r=g\",\"caption\":\"Redazione\"},\"description\":\"News e aggiornamenti sui film, serie tv, teatro e festival italiani ed internazionali.\",\"url\":\"https:\\\/\\\/www.castingnews.eu\\\/magazine\\\/author\\\/redazione\\\/\"}]}<\/script>\r\n<!-- \/ Yoast SEO plugin. -->","yoast_head_json":{"title":"Casting per la Miniserie Rai su Giacomo Leopardi: Un'Opportunit\u00e0 unica per le Figurazioni Speciali e le Comparse - Casting News Magazine","description":"Si cercano uomini e donne con un'et\u00e0 compresa tra i 18 e i 70 anni per una miniserie Rai su Giacomo Leopardi.","robots":{"index":"index","follow":"follow","max-snippet":"max-snippet:-1","max-image-preview":"max-image-preview:large","max-video-preview":"max-video-preview:-1"},"canonical":"https:\/\/www.castingnews.eu\/magazine\/2023\/09\/15\/casting-per-la-miniserie-rai-su-giacomo-leopardi-unopportunita-unica-per-le-figurazioni-speciali-e-le-comparse\/","og_locale":"it_IT","og_type":"article","og_title":"Casting per la Miniserie Rai su Giacomo Leopardi: Un'Opportunit\u00e0 unica per le Figurazioni Speciali e le Comparse - Casting News Magazine","og_description":"Si cercano uomini e donne con un'et\u00e0 compresa tra i 18 e i 70 anni per una miniserie Rai su Giacomo Leopardi.","og_url":"https:\/\/www.castingnews.eu\/magazine\/2023\/09\/15\/casting-per-la-miniserie-rai-su-giacomo-leopardi-unopportunita-unica-per-le-figurazioni-speciali-e-le-comparse\/","og_site_name":"Casting News Magazine","article_published_time":"2023-09-15T19:25:46+00:00","article_modified_time":"2023-09-15T19:25:49+00:00","og_image":[{"width":1080,"height":566,"url":"https:\/\/www.castingnews.eu\/magazine\/wp-content\/uploads\/2023\/09\/Giacomo-Leopardi-fiction-Rai.jpg","type":"image\/jpeg"}],"author":"Redazione","twitter_card":"summary_large_image","twitter_misc":{"Scritto da":"Redazione","Tempo di lettura stimato":"3 minuti"},"schema":{"@context":"https:\/\/schema.org","@graph":[{"@type":"Article","@id":"https:\/\/www.castingnews.eu\/magazine\/2023\/09\/15\/casting-per-la-miniserie-rai-su-giacomo-leopardi-unopportunita-unica-per-le-figurazioni-speciali-e-le-comparse\/#article","isPartOf":{"@id":"https:\/\/www.castingnews.eu\/magazine\/2023\/09\/15\/casting-per-la-miniserie-rai-su-giacomo-leopardi-unopportunita-unica-per-le-figurazioni-speciali-e-le-comparse\/"},"author":{"name":"Redazione","@id":"https:\/\/www.castingnews.eu\/magazine\/#\/schema\/person\/099d71c568c9a7e5e4037b1594108f17"},"headline":"Casting per la Miniserie Rai su Giacomo Leopardi: Un&#8217;Opportunit\u00e0 unica per le Figurazioni Speciali e le Comparse","datePublished":"2023-09-15T19:25:46+00:00","dateModified":"2023-09-15T19:25:49+00:00","mainEntityOfPage":{"@id":"https:\/\/www.castingnews.eu\/magazine\/2023\/09\/15\/casting-per-la-miniserie-rai-su-giacomo-leopardi-unopportunita-unica-per-le-figurazioni-speciali-e-le-comparse\/"},"wordCount":422,"commentCount":0,"image":{"@id":"https:\/\/www.castingnews.eu\/magazine\/2023\/09\/15\/casting-per-la-miniserie-rai-su-giacomo-leopardi-unopportunita-unica-per-le-figurazioni-speciali-e-le-comparse\/#primaryimage"},"thumbnailUrl":"https:\/\/www.castingnews.eu\/magazine\/wp-content\/uploads\/2023\/09\/Giacomo-Leopardi-fiction-Rai.jpg","keywords":["casting","casting call","Casting Magazine","Casting News","comparse","fiction","figurazioni speciali","Giacomo Leopardi","IBC Movie","miniserie","Provini","Sergio Rubini","Serie tv","vita e amori del Poeta"],"articleSection":["Biografico","Fiction TV","Fiction TV","In primo piano","Italia","Marche","Primo piano","Progetti TV"],"inLanguage":"it-IT","potentialAction":[{"@type":"CommentAction","name":"Comment","target":["https:\/\/www.castingnews.eu\/magazine\/2023\/09\/15\/casting-per-la-miniserie-rai-su-giacomo-leopardi-unopportunita-unica-per-le-figurazioni-speciali-e-le-comparse\/#respond"]}]},{"@type":"WebPage","@id":"https:\/\/www.castingnews.eu\/magazine\/2023\/09\/15\/casting-per-la-miniserie-rai-su-giacomo-leopardi-unopportunita-unica-per-le-figurazioni-speciali-e-le-comparse\/","url":"https:\/\/www.castingnews.eu\/magazine\/2023\/09\/15\/casting-per-la-miniserie-rai-su-giacomo-leopardi-unopportunita-unica-per-le-figurazioni-speciali-e-le-comparse\/","name":"Casting per la Miniserie Rai su Giacomo Leopardi: Un'Opportunit\u00e0 unica per le Figurazioni Speciali e le Comparse - Casting News Magazine","isPartOf":{"@id":"https:\/\/www.castingnews.eu\/magazine\/#website"},"primaryImageOfPage":{"@id":"https:\/\/www.castingnews.eu\/magazine\/2023\/09\/15\/casting-per-la-miniserie-rai-su-giacomo-leopardi-unopportunita-unica-per-le-figurazioni-speciali-e-le-comparse\/#primaryimage"},"image":{"@id":"https:\/\/www.castingnews.eu\/magazine\/2023\/09\/15\/casting-per-la-miniserie-rai-su-giacomo-leopardi-unopportunita-unica-per-le-figurazioni-speciali-e-le-comparse\/#primaryimage"},"thumbnailUrl":"https:\/\/www.castingnews.eu\/magazine\/wp-content\/uploads\/2023\/09\/Giacomo-Leopardi-fiction-Rai.jpg","datePublished":"2023-09-15T19:25:46+00:00","dateModified":"2023-09-15T19:25:49+00:00","author":{"@id":"https:\/\/www.castingnews.eu\/magazine\/#\/schema\/person\/099d71c568c9a7e5e4037b1594108f17"},"description":"Si cercano uomini e donne con un'et\u00e0 compresa tra i 18 e i 70 anni per una miniserie Rai su Giacomo Leopardi.","breadcrumb":{"@id":"https:\/\/www.castingnews.eu\/magazine\/2023\/09\/15\/casting-per-la-miniserie-rai-su-giacomo-leopardi-unopportunita-unica-per-le-figurazioni-speciali-e-le-comparse\/#breadcrumb"},"inLanguage":"it-IT","potentialAction":[{"@type":"ReadAction","target":["https:\/\/www.castingnews.eu\/magazine\/2023\/09\/15\/casting-per-la-miniserie-rai-su-giacomo-leopardi-unopportunita-unica-per-le-figurazioni-speciali-e-le-comparse\/"]}]},{"@type":"ImageObject","inLanguage":"it-IT","@id":"https:\/\/www.castingnews.eu\/magazine\/2023\/09\/15\/casting-per-la-miniserie-rai-su-giacomo-leopardi-unopportunita-unica-per-le-figurazioni-speciali-e-le-comparse\/#primaryimage","url":"https:\/\/www.castingnews.eu\/magazine\/wp-content\/uploads\/2023\/09\/Giacomo-Leopardi-fiction-Rai.jpg","contentUrl":"https:\/\/www.castingnews.eu\/magazine\/wp-content\/uploads\/2023\/09\/Giacomo-Leopardi-fiction-Rai.jpg","width":1080,"height":566,"caption":"RAI FICTION: Si cercano uomini e donne tra i 18 e i 70 anni"},{"@type":"BreadcrumbList","@id":"https:\/\/www.castingnews.eu\/magazine\/2023\/09\/15\/casting-per-la-miniserie-rai-su-giacomo-leopardi-unopportunita-unica-per-le-figurazioni-speciali-e-le-comparse\/#breadcrumb","itemListElement":[{"@type":"ListItem","position":1,"name":"Home","item":"https:\/\/www.castingnews.eu\/magazine\/"},{"@type":"ListItem","position":2,"name":"Casting per la Miniserie Rai su Giacomo Leopardi: Un&#8217;Opportunit\u00e0 unica per le Figurazioni Speciali e le Comparse"}]},{"@type":"WebSite","@id":"https:\/\/www.castingnews.eu\/magazine\/#website","url":"https:\/\/www.castingnews.eu\/magazine\/","name":"Casting News Magazine","description":"News e aggiornamenti sui film, serie tv, teatro e festival italiani ed internazionali","potentialAction":[{"@type":"SearchAction","target":{"@type":"EntryPoint","urlTemplate":"https:\/\/www.castingnews.eu\/magazine\/?s={search_term_string}"},"query-input":{"@type":"PropertyValueSpecification","valueRequired":true,"valueName":"search_term_string"}}],"inLanguage":"it-IT"},{"@type":"Person","@id":"https:\/\/www.castingnews.eu\/magazine\/#\/schema\/person\/099d71c568c9a7e5e4037b1594108f17","name":"Redazione","image":{"@type":"ImageObject","inLanguage":"it-IT","@id":"https:\/\/secure.gravatar.com\/avatar\/b73a087aa3bd279fb70d24f1960a91c82cf67619395b60b564c90e9e5d5325fc?s=96&d=mm&r=g","url":"https:\/\/secure.gravatar.com\/avatar\/b73a087aa3bd279fb70d24f1960a91c82cf67619395b60b564c90e9e5d5325fc?s=96&d=mm&r=g","contentUrl":"https:\/\/secure.gravatar.com\/avatar\/b73a087aa3bd279fb70d24f1960a91c82cf67619395b60b564c90e9e5d5325fc?s=96&d=mm&r=g","caption":"Redazione"},"description":"News e aggiornamenti sui film, serie tv, teatro e festival italiani ed internazionali.","url":"https:\/\/www.castingnews.eu\/magazine\/author\/redazione\/"}]}},"_links":{"self":[{"href":"https:\/\/www.castingnews.eu\/magazine\/wp-json\/wp\/v2\/posts\/7026","targetHints":{"allow":["GET"]}}],"collection":[{"href":"https:\/\/www.castingnews.eu\/magazine\/wp-json\/wp\/v2\/posts"}],"about":[{"href":"https:\/\/www.castingnews.eu\/magazine\/wp-json\/wp\/v2\/types\/post"}],"author":[{"embeddable":true,"href":"https:\/\/www.castingnews.eu\/magazine\/wp-json\/wp\/v2\/users\/1"}],"replies":[{"embeddable":true,"href":"https:\/\/www.castingnews.eu\/magazine\/wp-json\/wp\/v2\/comments?post=7026"}],"version-history":[{"count":1,"href":"https:\/\/www.castingnews.eu\/magazine\/wp-json\/wp\/v2\/posts\/7026\/revisions"}],"predecessor-version":[{"id":7028,"href":"https:\/\/www.castingnews.eu\/magazine\/wp-json\/wp\/v2\/posts\/7026\/revisions\/7028"}],"wp:featuredmedia":[{"embeddable":true,"href":"https:\/\/www.castingnews.eu\/magazine\/wp-json\/wp\/v2\/media\/7027"}],"wp:attachment":[{"href":"https:\/\/www.castingnews.eu\/magazine\/wp-json\/wp\/v2\/media?parent=7026"}],"wp:term":[{"taxonomy":"category","embeddable":true,"href":"https:\/\/www.castingnews.eu\/magazine\/wp-json\/wp\/v2\/categories?post=7026"},{"taxonomy":"post_tag","embeddable":true,"href":"https:\/\/www.castingnews.eu\/magazine\/wp-json\/wp\/v2\/tags?post=7026"}],"curies":[{"name":"wp","href":"https:\/\/api.w.org\/{rel}","templated":true}]}}