{"id":696,"date":"2011-10-13T12:32:50","date_gmt":"2011-10-13T11:32:50","guid":{"rendered":"http:\/\/www.film-movie.eu\/?p=696"},"modified":"2011-10-13T12:32:50","modified_gmt":"2011-10-13T11:32:50","slug":"non-me-lo-dire-conferenza-stampa-fine-riprese","status":"publish","type":"post","link":"https:\/\/www.castingnews.eu\/magazine\/2011\/10\/13\/non-me-lo-dire-conferenza-stampa-fine-riprese\/","title":{"rendered":"\u201cNon Me Lo Dire\u201d &#8211; conferenza stampa fine riprese"},"content":{"rendered":"<h3 style=\"text-align: justify;\">Si concluderanno venerd\u00ec 15 Ottobre le riprese del film \u201cNon Me Lo Dire\u201d diretto da Vito Cea e prodotto da Idea Comunicazione e Spettacolo Soc. Coop.<\/h3>\n<p style=\"text-align: justify;\">Il film \u00e8 prodotto in collaborazione con Apulia Film Commission e con il sostegno del Ministero per i Beni e le Attivit\u00e0 Culturali \u2013 Direzione Generale Cinema. Scritto da Antonio De Santis, il film \u00e8 stato girato interamente in Puglia e, durante le cinque settimane di lavorazione, ha toccato alcune delle pi\u00f9 suggestive location della regione, da Margherita di Savoia a Fasano, passando per Trani e Monopoli, per poi concludersi nella suggestiva cornice del Teatro Petruzzelli di Bari.<br \/>\n\u201cNon me lo dire\u201d segna il ritorno ad una commedia all\u2019italiana schietta ed autentica, per nulla volgare, che si pone come unico obiettivo quello di intrattenere lo spettatore con una sana risata. E quest\u2019ultimo \u00e8 anche lo scopo che Uccio De Santis, suo brillante protagonista, si \u00e8 prefissato durante tutto il corso di un\u2019ormai consolidata carriera come attore comico sia teatrale che televisivo.<\/p><div class=\"6d3639e8c6ac292cde400fad8ff8a5b9\" data-index=\"1\" style=\"float: none; margin:10px 0 10px 0; text-align:center;\">\n<script async src=\"\/\/pagead2.googlesyndication.com\/pagead\/js\/adsbygoogle.js\"><\/script>\r\n<!-- Casting Bambini NEW -->\r\n<ins class=\"adsbygoogle\"\r\n     style=\"display:inline-block;width:336px;height:280px\"\r\n     data-ad-client=\"ca-pub-5538097485429833\"\r\n     data-ad-slot=\"5127154445\"><\/ins>\r\n<script>\r\n(adsbygoogle = window.adsbygoogle || []).push({});\r\n<\/script>\n<\/div>\n\n<p style=\"text-align: justify;\">Dopo il grande lancio a \u201cLa sai l\u2019ultima?\u201d, trasmissione cult degli anni \u201990, Uccio si \u00e8 fatto notare per la sua potenza comica che, unita ad una mimica assolutamente irresistibile, ha dato origine a gag esilaranti ampiamente apprezzate da un cospicuo numero di fans, che continua a crescere in maniera esponenziale. Dal 2001 Uccio \u00e8 impegnato su Telenorba (una delle principali emittenti televisive locali) con il \u201cMud\u00f9 \u2013 barzellette sceneggiate\u201d, un format di successo che si avvale della collaborazione di numerosi artisti locali. Dato l\u2019enorme seguito televisivo, lo spettacolo \u00e8 stato messo in scena nei principali teatri pugliesi, raccogliendo, sera dopo sera, applausi ed entusiasmi da parte del pubblico.<br \/>\nIn \u201cNon me lo dire\u201d Uccio ha indossato i panni del protagonista, dimostrando con il suo talento di essere uno degli attori comici emergenti del nostro panorama cinematografico. Al suo fianco, oltre al consolidato cast di Mud\u00f9 che da anni lo segue nelle sue scorribande televisive e teatrali, ci sono le attrici Mia Benedetta, la francese Aylin Prandi ed il noto attore Nando Paone. Al progetto ha partecipato amichevolmente anche l\u2019attore Gianni Ciardo che, insieme a Daniela Desideri, ha curato le musiche.<\/p>\n<p style=\"text-align: justify;\">Sinossi:<br \/>\nLello (Uccio De Santis) \u00e8 un noto attore comico impegnato con la sua compagnia teatrale in una\u00a0\u00a0\u00a0\u00a0\u00a0\u00a0\u00a0\u00a0\u00a0\u00a0\u00a0\u00a0 fortunata tourn\u00e9e che lo porta a calcare i palcoscenici di prestigiosi teatri. Una sera come tante, rientrando a casa, trova un biglietto della moglie Silvia che, stanca dell\u2019arroganza e della presunzione del marito, ha deciso di lasciarlo. Lello entra in crisi e abbandona il teatro, mettendo in seria difficolt\u00e0 la compagnia\u00a0\u00a0\u00a0\u00a0\u00a0\u00a0\u00a0\u00a0\u00a0\u00a0\u00a0\u00a0 che, senza il suo leader carismatico, non riscuote pi\u00f9 i successi di un tempo. Per combattere la depressione, Lello si rivolge ad uno psichiatra, che gli prescrive una cura alquanto bizzarra: ritrovare l\u2019entusiasmo per il lavoro attraverso l\u2019affetto dei suoi fans.\u00a0 Perch\u00e9 far ridere, in fondo, allevia le sofferenze di molte persone\u00a0\u00a0\u00a0\u00a0\u00a0\u00a0\u00a0\u00a0\u00a0\u00a0\u00a0\u00a0 ed aiuta a prendere la vita con pi\u00f9 ottimismo. E sar\u00e0 proprio in questo viaggio alla ricerca dei suoi sostenitori che Lello ritrover\u00e0 se stesso, imbattendosi in una serie di stravaganti personaggi e di\u00a0\u00a0\u00a0\u00a0\u00a0\u00a0\u00a0\u00a0\u00a0\u00a0\u00a0\u00a0 rocambolesche avventure, che lo condurranno ad un incontro inaspettato. Ma forse non tutto \u00e8 come sembra\u2026<\/p>\n<p style=\"text-align: justify;\">\u201cNON ME LO DIRE\u201d<br \/>\nDa un\u2019idea di Uccio De Santis<br \/>\nUn film di Vito Cea<br \/>\nCon Uccio De Santis, Nando Paone e Mia Benedetta<\/p>\n<p style=\"text-align: justify;\">CONFERENZA STAMPA FINE RIPRESE<br \/>\nMarted\u00ec 18 OTTOBRE \u2013 ore 11:00<br \/>\nCINEPORTO DI BARI (c\/o Fiera del Levante)<\/p>\n\n<div style=\"font-size: 0px; height: 0px; line-height: 0px; margin: 0; padding: 0; clear: both;\"><\/div>","protected":false},"excerpt":{"rendered":"<p>Si concluderanno venerd\u00ec 15 Ottobre le riprese del film \u201cNon Me Lo Dire\u201d diretto da Vito Cea e prodotto da Idea Comunicazione e Spettacolo Soc. Coop. Il film \u00e8 prodotto in collaborazione con Apulia Film Commission e con il sostegno del Ministero per i Beni e le Attivit\u00e0 Culturali \u2013 Direzione Generale Cinema. Scritto da [&hellip;]<\/p>\n","protected":false},"author":1,"featured_media":697,"comment_status":"closed","ping_status":"open","sticky":false,"template":"","format":"standard","meta":{"tdm_status":"","tdm_grid_status":"","footnotes":""},"categories":[61,15,71],"tags":[152,157,202,207,302,336,388,452,503,610,677,761,863,919,946,957,976,991,1024,1066,1122,1296,1342,1365,1375,1425],"class_list":{"0":"post-696","1":"post","2":"type-post","3":"status-publish","4":"format-standard","5":"has-post-thumbnail","7":"category-commedia","8":"category-film-italia","9":"category-italia-paese","10":"tag-antonio-de-santis","11":"tag-apulia-film-commission","12":"tag-aylin-prandi","13":"tag-bari","14":"tag-cinema","15":"tag-commedia","16":"tag-daniela-desideri","17":"tag-emittenti-televisive","18":"tag-fasano","19":"tag-gianni-ciardo","20":"tag-idea-comunicazione","21":"tag-la-sai-lultima","22":"tag-margherita-di-savoia","23":"tag-mia-benedetta","24":"tag-ministero-per-i-beni-e-le-attivita-culturali","25":"tag-monopoli","26":"tag-mudu-barzellette-sceneggiate","27":"tag-nando-paone","28":"tag-non-me-lo-dire","29":"tag-petruzzelli","30":"tag-puglia","31":"tag-spettacolo-soc-coop","32":"tag-telenorba","33":"tag-trani","34":"tag-uccio-de-santis","35":"tag-vito-cea"},"yoast_head":"<!-- This site is optimized with the Yoast SEO plugin v27.4 - https:\/\/yoast.com\/product\/yoast-seo-wordpress\/ -->\r\n<title>\u201cNon Me Lo Dire\u201d - conferenza stampa fine riprese - Casting News Magazine<\/title>\r\n<meta name=\"robots\" content=\"index, follow, max-snippet:-1, max-image-preview:large, max-video-preview:-1\" \/>\r\n<link rel=\"canonical\" href=\"https:\/\/www.castingnews.eu\/magazine\/2011\/10\/13\/non-me-lo-dire-conferenza-stampa-fine-riprese\/\" \/>\r\n<meta property=\"og:locale\" content=\"it_IT\" \/>\r\n<meta property=\"og:type\" content=\"article\" \/>\r\n<meta property=\"og:title\" content=\"\u201cNon Me Lo Dire\u201d - conferenza stampa fine riprese - Casting News Magazine\" \/>\r\n<meta property=\"og:description\" content=\"Si concluderanno venerd\u00ec 15 Ottobre le riprese del film \u201cNon Me Lo Dire\u201d diretto da Vito Cea e prodotto da Idea Comunicazione e Spettacolo Soc. Coop. Il film \u00e8 prodotto in collaborazione con Apulia Film Commission e con il sostegno del Ministero per i Beni e le Attivit\u00e0 Culturali \u2013 Direzione Generale Cinema. Scritto da [&hellip;]\" \/>\r\n<meta property=\"og:url\" content=\"https:\/\/www.castingnews.eu\/magazine\/2011\/10\/13\/non-me-lo-dire-conferenza-stampa-fine-riprese\/\" \/>\r\n<meta property=\"og:site_name\" content=\"Casting News Magazine\" \/>\r\n<meta property=\"article:published_time\" content=\"2011-10-13T11:32:50+00:00\" \/>\r\n<meta property=\"og:image\" content=\"https:\/\/www.castingnews.eu\/magazine\/wp-content\/uploads\/2011\/10\/non_me_lo_dire-1.jpg\" \/>\r\n\t<meta property=\"og:image:width\" content=\"560\" \/>\r\n\t<meta property=\"og:image:height\" content=\"356\" \/>\r\n\t<meta property=\"og:image:type\" content=\"image\/jpeg\" \/>\r\n<meta name=\"author\" content=\"Redazione\" \/>\r\n<meta name=\"twitter:card\" content=\"summary_large_image\" \/>\r\n<meta name=\"twitter:label1\" content=\"Scritto da\" \/>\n\t<meta name=\"twitter:data1\" content=\"Redazione\" \/>\n\t<meta name=\"twitter:label2\" content=\"Tempo di lettura stimato\" \/>\n\t<meta name=\"twitter:data2\" content=\"3 minuti\" \/>\r\n<script type=\"application\/ld+json\" class=\"yoast-schema-graph\">{\"@context\":\"https:\\\/\\\/schema.org\",\"@graph\":[{\"@type\":\"Article\",\"@id\":\"https:\\\/\\\/www.castingnews.eu\\\/magazine\\\/2011\\\/10\\\/13\\\/non-me-lo-dire-conferenza-stampa-fine-riprese\\\/#article\",\"isPartOf\":{\"@id\":\"https:\\\/\\\/www.castingnews.eu\\\/magazine\\\/2011\\\/10\\\/13\\\/non-me-lo-dire-conferenza-stampa-fine-riprese\\\/\"},\"author\":{\"name\":\"Redazione\",\"@id\":\"https:\\\/\\\/www.castingnews.eu\\\/magazine\\\/#\\\/schema\\\/person\\\/099d71c568c9a7e5e4037b1594108f17\"},\"headline\":\"\u201cNon Me Lo Dire\u201d &#8211; conferenza stampa fine riprese\",\"datePublished\":\"2011-10-13T11:32:50+00:00\",\"mainEntityOfPage\":{\"@id\":\"https:\\\/\\\/www.castingnews.eu\\\/magazine\\\/2011\\\/10\\\/13\\\/non-me-lo-dire-conferenza-stampa-fine-riprese\\\/\"},\"wordCount\":574,\"image\":{\"@id\":\"https:\\\/\\\/www.castingnews.eu\\\/magazine\\\/2011\\\/10\\\/13\\\/non-me-lo-dire-conferenza-stampa-fine-riprese\\\/#primaryimage\"},\"thumbnailUrl\":\"https:\\\/\\\/www.castingnews.eu\\\/magazine\\\/wp-content\\\/uploads\\\/2011\\\/10\\\/non_me_lo_dire-1.jpg\",\"keywords\":[\"Antonio De Santis\",\"Apulia Film Commission\",\"Aylin Prandi\",\"Bari\",\"Cinema\",\"Commedia\",\"Daniela Desideri\",\"emittenti televisive\",\"Fasano\",\"Gianni Ciardo\",\"Idea Comunicazione\",\"La sai l\u2019ultima?\",\"Margherita di Savoia\",\"Mia Benedetta\",\"Ministero per i Beni e le Attivit\u00e0 Culturali\",\"Monopoli\",\"Mud\u00f9 \u2013 barzellette sceneggiate\",\"Nando Paone\",\"Non me lo dire\",\"Petruzzelli\",\"Puglia\",\"Spettacolo Soc. Coop.\",\"Telenorba\",\"Trani\",\"Uccio De Santis\",\"Vito Cea\"],\"articleSection\":[\"Commedia\",\"Film - Italia\",\"Italia\"],\"inLanguage\":\"it-IT\"},{\"@type\":\"WebPage\",\"@id\":\"https:\\\/\\\/www.castingnews.eu\\\/magazine\\\/2011\\\/10\\\/13\\\/non-me-lo-dire-conferenza-stampa-fine-riprese\\\/\",\"url\":\"https:\\\/\\\/www.castingnews.eu\\\/magazine\\\/2011\\\/10\\\/13\\\/non-me-lo-dire-conferenza-stampa-fine-riprese\\\/\",\"name\":\"\u201cNon Me Lo Dire\u201d - conferenza stampa fine riprese - Casting News Magazine\",\"isPartOf\":{\"@id\":\"https:\\\/\\\/www.castingnews.eu\\\/magazine\\\/#website\"},\"primaryImageOfPage\":{\"@id\":\"https:\\\/\\\/www.castingnews.eu\\\/magazine\\\/2011\\\/10\\\/13\\\/non-me-lo-dire-conferenza-stampa-fine-riprese\\\/#primaryimage\"},\"image\":{\"@id\":\"https:\\\/\\\/www.castingnews.eu\\\/magazine\\\/2011\\\/10\\\/13\\\/non-me-lo-dire-conferenza-stampa-fine-riprese\\\/#primaryimage\"},\"thumbnailUrl\":\"https:\\\/\\\/www.castingnews.eu\\\/magazine\\\/wp-content\\\/uploads\\\/2011\\\/10\\\/non_me_lo_dire-1.jpg\",\"datePublished\":\"2011-10-13T11:32:50+00:00\",\"author\":{\"@id\":\"https:\\\/\\\/www.castingnews.eu\\\/magazine\\\/#\\\/schema\\\/person\\\/099d71c568c9a7e5e4037b1594108f17\"},\"breadcrumb\":{\"@id\":\"https:\\\/\\\/www.castingnews.eu\\\/magazine\\\/2011\\\/10\\\/13\\\/non-me-lo-dire-conferenza-stampa-fine-riprese\\\/#breadcrumb\"},\"inLanguage\":\"it-IT\",\"potentialAction\":[{\"@type\":\"ReadAction\",\"target\":[\"https:\\\/\\\/www.castingnews.eu\\\/magazine\\\/2011\\\/10\\\/13\\\/non-me-lo-dire-conferenza-stampa-fine-riprese\\\/\"]}]},{\"@type\":\"ImageObject\",\"inLanguage\":\"it-IT\",\"@id\":\"https:\\\/\\\/www.castingnews.eu\\\/magazine\\\/2011\\\/10\\\/13\\\/non-me-lo-dire-conferenza-stampa-fine-riprese\\\/#primaryimage\",\"url\":\"https:\\\/\\\/www.castingnews.eu\\\/magazine\\\/wp-content\\\/uploads\\\/2011\\\/10\\\/non_me_lo_dire-1.jpg\",\"contentUrl\":\"https:\\\/\\\/www.castingnews.eu\\\/magazine\\\/wp-content\\\/uploads\\\/2011\\\/10\\\/non_me_lo_dire-1.jpg\",\"width\":560,\"height\":356},{\"@type\":\"BreadcrumbList\",\"@id\":\"https:\\\/\\\/www.castingnews.eu\\\/magazine\\\/2011\\\/10\\\/13\\\/non-me-lo-dire-conferenza-stampa-fine-riprese\\\/#breadcrumb\",\"itemListElement\":[{\"@type\":\"ListItem\",\"position\":1,\"name\":\"Home\",\"item\":\"https:\\\/\\\/www.castingnews.eu\\\/magazine\\\/\"},{\"@type\":\"ListItem\",\"position\":2,\"name\":\"\u201cNon Me Lo Dire\u201d &#8211; conferenza stampa fine riprese\"}]},{\"@type\":\"WebSite\",\"@id\":\"https:\\\/\\\/www.castingnews.eu\\\/magazine\\\/#website\",\"url\":\"https:\\\/\\\/www.castingnews.eu\\\/magazine\\\/\",\"name\":\"Casting News Magazine\",\"description\":\"News e aggiornamenti sui film, serie tv, teatro e festival italiani ed internazionali\",\"potentialAction\":[{\"@type\":\"SearchAction\",\"target\":{\"@type\":\"EntryPoint\",\"urlTemplate\":\"https:\\\/\\\/www.castingnews.eu\\\/magazine\\\/?s={search_term_string}\"},\"query-input\":{\"@type\":\"PropertyValueSpecification\",\"valueRequired\":true,\"valueName\":\"search_term_string\"}}],\"inLanguage\":\"it-IT\"},{\"@type\":\"Person\",\"@id\":\"https:\\\/\\\/www.castingnews.eu\\\/magazine\\\/#\\\/schema\\\/person\\\/099d71c568c9a7e5e4037b1594108f17\",\"name\":\"Redazione\",\"image\":{\"@type\":\"ImageObject\",\"inLanguage\":\"it-IT\",\"@id\":\"https:\\\/\\\/secure.gravatar.com\\\/avatar\\\/b73a087aa3bd279fb70d24f1960a91c82cf67619395b60b564c90e9e5d5325fc?s=96&d=mm&r=g\",\"url\":\"https:\\\/\\\/secure.gravatar.com\\\/avatar\\\/b73a087aa3bd279fb70d24f1960a91c82cf67619395b60b564c90e9e5d5325fc?s=96&d=mm&r=g\",\"contentUrl\":\"https:\\\/\\\/secure.gravatar.com\\\/avatar\\\/b73a087aa3bd279fb70d24f1960a91c82cf67619395b60b564c90e9e5d5325fc?s=96&d=mm&r=g\",\"caption\":\"Redazione\"},\"description\":\"News e aggiornamenti sui film, serie tv, teatro e festival italiani ed internazionali.\",\"url\":\"https:\\\/\\\/www.castingnews.eu\\\/magazine\\\/author\\\/redazione\\\/\"}]}<\/script>\r\n<!-- \/ Yoast SEO plugin. -->","yoast_head_json":{"title":"\u201cNon Me Lo Dire\u201d - conferenza stampa fine riprese - Casting News Magazine","robots":{"index":"index","follow":"follow","max-snippet":"max-snippet:-1","max-image-preview":"max-image-preview:large","max-video-preview":"max-video-preview:-1"},"canonical":"https:\/\/www.castingnews.eu\/magazine\/2011\/10\/13\/non-me-lo-dire-conferenza-stampa-fine-riprese\/","og_locale":"it_IT","og_type":"article","og_title":"\u201cNon Me Lo Dire\u201d - conferenza stampa fine riprese - Casting News Magazine","og_description":"Si concluderanno venerd\u00ec 15 Ottobre le riprese del film \u201cNon Me Lo Dire\u201d diretto da Vito Cea e prodotto da Idea Comunicazione e Spettacolo Soc. Coop. Il film \u00e8 prodotto in collaborazione con Apulia Film Commission e con il sostegno del Ministero per i Beni e le Attivit\u00e0 Culturali \u2013 Direzione Generale Cinema. Scritto da [&hellip;]","og_url":"https:\/\/www.castingnews.eu\/magazine\/2011\/10\/13\/non-me-lo-dire-conferenza-stampa-fine-riprese\/","og_site_name":"Casting News Magazine","article_published_time":"2011-10-13T11:32:50+00:00","og_image":[{"width":560,"height":356,"url":"https:\/\/www.castingnews.eu\/magazine\/wp-content\/uploads\/2011\/10\/non_me_lo_dire-1.jpg","type":"image\/jpeg"}],"author":"Redazione","twitter_card":"summary_large_image","twitter_misc":{"Scritto da":"Redazione","Tempo di lettura stimato":"3 minuti"},"schema":{"@context":"https:\/\/schema.org","@graph":[{"@type":"Article","@id":"https:\/\/www.castingnews.eu\/magazine\/2011\/10\/13\/non-me-lo-dire-conferenza-stampa-fine-riprese\/#article","isPartOf":{"@id":"https:\/\/www.castingnews.eu\/magazine\/2011\/10\/13\/non-me-lo-dire-conferenza-stampa-fine-riprese\/"},"author":{"name":"Redazione","@id":"https:\/\/www.castingnews.eu\/magazine\/#\/schema\/person\/099d71c568c9a7e5e4037b1594108f17"},"headline":"\u201cNon Me Lo Dire\u201d &#8211; conferenza stampa fine riprese","datePublished":"2011-10-13T11:32:50+00:00","mainEntityOfPage":{"@id":"https:\/\/www.castingnews.eu\/magazine\/2011\/10\/13\/non-me-lo-dire-conferenza-stampa-fine-riprese\/"},"wordCount":574,"image":{"@id":"https:\/\/www.castingnews.eu\/magazine\/2011\/10\/13\/non-me-lo-dire-conferenza-stampa-fine-riprese\/#primaryimage"},"thumbnailUrl":"https:\/\/www.castingnews.eu\/magazine\/wp-content\/uploads\/2011\/10\/non_me_lo_dire-1.jpg","keywords":["Antonio De Santis","Apulia Film Commission","Aylin Prandi","Bari","Cinema","Commedia","Daniela Desideri","emittenti televisive","Fasano","Gianni Ciardo","Idea Comunicazione","La sai l\u2019ultima?","Margherita di Savoia","Mia Benedetta","Ministero per i Beni e le Attivit\u00e0 Culturali","Monopoli","Mud\u00f9 \u2013 barzellette sceneggiate","Nando Paone","Non me lo dire","Petruzzelli","Puglia","Spettacolo Soc. Coop.","Telenorba","Trani","Uccio De Santis","Vito Cea"],"articleSection":["Commedia","Film - Italia","Italia"],"inLanguage":"it-IT"},{"@type":"WebPage","@id":"https:\/\/www.castingnews.eu\/magazine\/2011\/10\/13\/non-me-lo-dire-conferenza-stampa-fine-riprese\/","url":"https:\/\/www.castingnews.eu\/magazine\/2011\/10\/13\/non-me-lo-dire-conferenza-stampa-fine-riprese\/","name":"\u201cNon Me Lo Dire\u201d - conferenza stampa fine riprese - Casting News Magazine","isPartOf":{"@id":"https:\/\/www.castingnews.eu\/magazine\/#website"},"primaryImageOfPage":{"@id":"https:\/\/www.castingnews.eu\/magazine\/2011\/10\/13\/non-me-lo-dire-conferenza-stampa-fine-riprese\/#primaryimage"},"image":{"@id":"https:\/\/www.castingnews.eu\/magazine\/2011\/10\/13\/non-me-lo-dire-conferenza-stampa-fine-riprese\/#primaryimage"},"thumbnailUrl":"https:\/\/www.castingnews.eu\/magazine\/wp-content\/uploads\/2011\/10\/non_me_lo_dire-1.jpg","datePublished":"2011-10-13T11:32:50+00:00","author":{"@id":"https:\/\/www.castingnews.eu\/magazine\/#\/schema\/person\/099d71c568c9a7e5e4037b1594108f17"},"breadcrumb":{"@id":"https:\/\/www.castingnews.eu\/magazine\/2011\/10\/13\/non-me-lo-dire-conferenza-stampa-fine-riprese\/#breadcrumb"},"inLanguage":"it-IT","potentialAction":[{"@type":"ReadAction","target":["https:\/\/www.castingnews.eu\/magazine\/2011\/10\/13\/non-me-lo-dire-conferenza-stampa-fine-riprese\/"]}]},{"@type":"ImageObject","inLanguage":"it-IT","@id":"https:\/\/www.castingnews.eu\/magazine\/2011\/10\/13\/non-me-lo-dire-conferenza-stampa-fine-riprese\/#primaryimage","url":"https:\/\/www.castingnews.eu\/magazine\/wp-content\/uploads\/2011\/10\/non_me_lo_dire-1.jpg","contentUrl":"https:\/\/www.castingnews.eu\/magazine\/wp-content\/uploads\/2011\/10\/non_me_lo_dire-1.jpg","width":560,"height":356},{"@type":"BreadcrumbList","@id":"https:\/\/www.castingnews.eu\/magazine\/2011\/10\/13\/non-me-lo-dire-conferenza-stampa-fine-riprese\/#breadcrumb","itemListElement":[{"@type":"ListItem","position":1,"name":"Home","item":"https:\/\/www.castingnews.eu\/magazine\/"},{"@type":"ListItem","position":2,"name":"\u201cNon Me Lo Dire\u201d &#8211; conferenza stampa fine riprese"}]},{"@type":"WebSite","@id":"https:\/\/www.castingnews.eu\/magazine\/#website","url":"https:\/\/www.castingnews.eu\/magazine\/","name":"Casting News Magazine","description":"News e aggiornamenti sui film, serie tv, teatro e festival italiani ed internazionali","potentialAction":[{"@type":"SearchAction","target":{"@type":"EntryPoint","urlTemplate":"https:\/\/www.castingnews.eu\/magazine\/?s={search_term_string}"},"query-input":{"@type":"PropertyValueSpecification","valueRequired":true,"valueName":"search_term_string"}}],"inLanguage":"it-IT"},{"@type":"Person","@id":"https:\/\/www.castingnews.eu\/magazine\/#\/schema\/person\/099d71c568c9a7e5e4037b1594108f17","name":"Redazione","image":{"@type":"ImageObject","inLanguage":"it-IT","@id":"https:\/\/secure.gravatar.com\/avatar\/b73a087aa3bd279fb70d24f1960a91c82cf67619395b60b564c90e9e5d5325fc?s=96&d=mm&r=g","url":"https:\/\/secure.gravatar.com\/avatar\/b73a087aa3bd279fb70d24f1960a91c82cf67619395b60b564c90e9e5d5325fc?s=96&d=mm&r=g","contentUrl":"https:\/\/secure.gravatar.com\/avatar\/b73a087aa3bd279fb70d24f1960a91c82cf67619395b60b564c90e9e5d5325fc?s=96&d=mm&r=g","caption":"Redazione"},"description":"News e aggiornamenti sui film, serie tv, teatro e festival italiani ed internazionali.","url":"https:\/\/www.castingnews.eu\/magazine\/author\/redazione\/"}]}},"_links":{"self":[{"href":"https:\/\/www.castingnews.eu\/magazine\/wp-json\/wp\/v2\/posts\/696","targetHints":{"allow":["GET"]}}],"collection":[{"href":"https:\/\/www.castingnews.eu\/magazine\/wp-json\/wp\/v2\/posts"}],"about":[{"href":"https:\/\/www.castingnews.eu\/magazine\/wp-json\/wp\/v2\/types\/post"}],"author":[{"embeddable":true,"href":"https:\/\/www.castingnews.eu\/magazine\/wp-json\/wp\/v2\/users\/1"}],"replies":[{"embeddable":true,"href":"https:\/\/www.castingnews.eu\/magazine\/wp-json\/wp\/v2\/comments?post=696"}],"version-history":[{"count":0,"href":"https:\/\/www.castingnews.eu\/magazine\/wp-json\/wp\/v2\/posts\/696\/revisions"}],"wp:featuredmedia":[{"embeddable":true,"href":"https:\/\/www.castingnews.eu\/magazine\/wp-json\/wp\/v2\/media\/697"}],"wp:attachment":[{"href":"https:\/\/www.castingnews.eu\/magazine\/wp-json\/wp\/v2\/media?parent=696"}],"wp:term":[{"taxonomy":"category","embeddable":true,"href":"https:\/\/www.castingnews.eu\/magazine\/wp-json\/wp\/v2\/categories?post=696"},{"taxonomy":"post_tag","embeddable":true,"href":"https:\/\/www.castingnews.eu\/magazine\/wp-json\/wp\/v2\/tags?post=696"}],"curies":[{"name":"wp","href":"https:\/\/api.w.org\/{rel}","templated":true}]}}