{"id":692,"date":"2011-07-13T16:27:44","date_gmt":"2011-07-13T15:27:44","guid":{"rendered":"http:\/\/www.film-movie.eu\/?p=692"},"modified":"2011-07-13T16:27:44","modified_gmt":"2011-07-13T15:27:44","slug":"lago-film-fest-festival-internazionale-di-cinema-indipendente","status":"publish","type":"post","link":"https:\/\/www.castingnews.eu\/magazine\/2011\/07\/13\/lago-film-fest-festival-internazionale-di-cinema-indipendente\/","title":{"rendered":"Lago Film Fest &#8211; Festival internazionale di Cinema indipendente"},"content":{"rendered":"<h3 style=\"text-align: justify;\">Nell&#8217;antico borgo in pietra di Revine Lago (Treviso) si svolger\u00e0 dal 22 al 30 luglio la settima edizione del Lago Film Fest, Festival internazionale di cinema e campo di sperimentazione per l&#8217;arte in molteplici sue declinazioni.<\/h3>\n<p style=\"text-align: justify;\">Per la settima edizione sono in programma: 56 ore di proiezione di selezionatissimo cinema indipendente; 1500 cortometraggi da ogni parte del mondo; proiezioni speciali come l&#8217;anteprima italiana di Sex Aequo, un \u201cVM18\u201d girato dal regista sperimentale Werther Germondari, anche in giuria con altri due grossi nomi del Lago Film Fest, ovvero Maccio Capatonda, guest star di Mai dire luned\u00ec di Italia Uno ed esilarante voce di Lo zoo di Radio 105, ed Herbert Ballerina, reduce del successo del film campione d&#8217;incassi Che bella giornata di Checco Zalone. Inoltre l&#8217;attore Roberto Citran che valuter\u00e0 lamigliore sceneggiatura per il Premio Rodolfo Sonego.<\/p><div class=\"6d3639e8c6ac292cde400fad8ff8a5b9\" data-index=\"1\" style=\"float: none; margin:10px 0 10px 0; text-align:center;\">\n<script async src=\"\/\/pagead2.googlesyndication.com\/pagead\/js\/adsbygoogle.js\"><\/script>\r\n<!-- Casting Bambini NEW -->\r\n<ins class=\"adsbygoogle\"\r\n     style=\"display:inline-block;width:336px;height:280px\"\r\n     data-ad-client=\"ca-pub-5538097485429833\"\r\n     data-ad-slot=\"5127154445\"><\/ins>\r\n<script>\r\n(adsbygoogle = window.adsbygoogle || []).push({});\r\n<\/script>\n<\/div>\n\n<p style=\"text-align: justify;\">Il Festival, la Giuria, il Premio Rodolfo Sonego e il Premio Unicef. Ideato e guidato dalla giovane Viviana Carlet, Il Lago Film Fest \u00e8 reso possibile dal lavoro di un \u201cesercito\u201d di volontari, oltre 100, di et\u00e0 compresa tra i 15 e i 30 anni. Anche quest&#8217;anno l\u2019evento conferma la vocazione a fare della Settima Arte e dell&#8217;arte performativa i mezzi ideali per raccontare il mondo, trovando il proprio punto di forza nella straordinaria location di un borgo affacciato sulle acque del lago trevigiano. Sullo specchio del lago di Revine, infatti, uno schermo offrir\u00e0 ogni sera al pubblico la migliore selezione di cortometraggi e documentari da tutto il mondo. Le pellicole in programma sono state scelte tra 1500 provenienti dai filmakers di 86 paesi del mondo che hanno spedito i propri film in Vicolo Dei Noni, quartier generale del Festival.<\/p>\n<p style=\"text-align: justify;\">A decretare il migliore tra i 130 cortometraggi, sar\u00e0 una giuria capitanata da Maccio Capatonda insieme al suo partner di sketch Herbert Ballerina, due dei volti pi\u00f9 noti al pubblico di Italia Uno perch\u00e9 protagonisti nei programmi della Gialappa\u2019s Band, poi di Flop Tv, di All Music e mattatori dello ZOO di RADIO 105. In giuria, anche il vincitore dell&#8217;edizione 2010 del Festival, Mohanad Yaquibi, poi Alessandro Cappellotto (ex community manager di ZOOPPA), e i registi sperimentali Maria Laura Spagnoli e Werther Germondari.<\/p>\n<p style=\"text-align: justify;\">La settima edizione del Lago Film Fest segna il ritorno del celebre Premio Rodolfo Sonego dedicato alla sceneggiatura originale. Gli scritti saranno valutati da Antonello Rinaldi, Manlio Piva, e l\u2019attore veneto Roberto Citran, volto di punta del nostro cinema.<\/p>\n<p style=\"text-align: justify;\">Colorate animazioni e storie per i bambini saranno proiettate nel cortile dedicato al premio Unicef dove saranno i pi\u00f9 piccoli a decidere quale sar\u00e0 il loro corto preferito.<\/p>\n<p style=\"text-align: justify;\">Le proiezioni speciali. Le proiezioni di cortometraggi e documentari in concorso saranno intervallate da eventi esclusivi come l&#8217;anteprima italiana di Sex Aequo, un \u201cVM18\u201d composto dai corti realizzati in 12 anni dalla coppia Germondari e Spagnoli che promette di dividere il pubblico raccontando senza pudore storie di morbosit\u00e0, ossessioni, feticismi o semplici voglie del mondo degli adulti.<br \/>\nAltro appuntamento sar\u00e0 l&#8217;anteprima del film svedese tutto al femminile \u201cDoris\u201d costruito secondo le regole che le autrici hanno ben delineato in un vero e proprio Manifesto poetico. Inoltre, il Lago Film Fest offrir\u00e0 una vetrina sul Festival parigino Signes de Nuit.<\/p>\n<p style=\"text-align: justify;\">Non solo cinema. L&#8217;arte nelle sue forme pi\u00f9 ardite e coinvolgenti per il pubblico, riveste un ruolo di rilievo nel programma del Lago Film Fest. Revine Lago dar\u00e0 infatti vita al progetto Open Space, uno spazio concettuale dove gli artisti potranno rielaborare ed esprimere le speciali dinamiche e le relazioni che il Festival favorisce tra il territorio e la gente. Perch\u00e9, come sostiene Viviana Carlet, \u201cil Lago Film Fest \u00e8 un Festival di cinema, ma anche un laboratorio dove il progetto di Arte Relazionale, Lago Film Fest, viene costantemente elaborato e sotto le spinte che di anno in anno si succedono\u201d.<\/p>\n<p style=\"text-align: justify;\">Venetian Industries. \u00c9 il progetto ad alto indice di sperimentazione firmato N.E.D.A.C (North East Department for Arts and Community) che porter\u00e0 al Lago concerti, dj set e performance audio\/video in programma per l&#8217;apertura del Festival venerd\u00ec 22 Luglio 2011, mercoled\u00ec 27, venerd\u00ec 29 e per la grande chiusura della settima edizione sabato 30 Luglio 2011.<\/p>\n<p style=\"text-align: justify;\">Torna inoltre, per la sua seconda edizione il Bando 18 occhi: obiettivi, pennelli e telecamere di una crew di 3 fotografi, 3 illustratori e 3 filmaker chiamati a documentare in modo personale ad autonomo il Lago Film Fest.<\/p>\n<p style=\"text-align: justify;\">La scenografia del Festival: il legno e le sue suggestioni si comporranno in un labirinto fatto di passaggi e pareti che verr\u00e0 creato nel borgo di Revine Lago all&#8217;interno del progetto Set Design WorkShop2011, AtelierFraSe + Lago Film Fest. Non mancheranno le istallazioni della prestigiosa Neon Lauro, azienda esperta nella lavorazione del Neon e sostenitrice del Festival, famosa per la collaborazione con la Biennale di Venezia, per essere l&#8217; esecutrice materiale delle opere di artisti contemporanei che usano il neon nelle loro istallazioni come Joseph Kosuth.<\/p>\n<p style=\"text-align: justify;\">Lago Film Fest \u00e8 organizzato da<br \/>\nPRO LOCO REVINE LAGO<br \/>\nCon il patrocinio di<br \/>\nL&#8217;alto Patronato del Presidente della Repubblica<br \/>\nLa Regione del Veneto<br \/>\nProvincia di Treviso<br \/>\nComune di Revine Lago<br \/>\nUNICEF<br \/>\nUNPLI<br \/>\nAssociazione Commercio Turismo e Servizi<\/p>\n<p style=\"text-align: justify;\">Lago Film Fest<br \/>\n7^ Edizione<br \/>\nRevine Lago (TV), Italia<br \/>\ndal 22 al 30 luglio 2011<br \/>\n<a href=\"mailto:info@lagofest.org\">info@lagofest.org<\/a><br \/>\n<a href=\"http:\/\/www.lagofest.org\">www.lagofest.org<\/a><\/p>\n<p style=\"text-align: justify;\">Ufficio stampa<br \/>\n<a href=\"mailto:press@lagofest.org\">press@lagofest.org<\/a><\/p>\n<p style=\"text-align: justify;\">Arte e residenza giovani artisti<br \/>\n<a href=\"mailto:art@lagofest.org\">art@lagofest.org<\/a><\/p>\n<p style=\"text-align: justify;\">Lago Film Fest<br \/>\nVicolo De Noni,<br \/>\n31020 Revine Lago (TV)<br \/>\ntelefono +39 320 36 81 519<\/p>\n<p style=\"text-align: justify;\">Lago Film Fest sul web<br \/>\n<a href=\"http:\/\/www.lagofest.org\">www.lagofest.org<\/a><br \/>\n<a href=\"http:\/\/www.facebook.com\/lagofilmfest\">www.facebook.com\/lagofilmfest<\/a><br \/>\n<a href=\"http:\/\/www.youtube.com\/lagofilmfest\">www.youtube.com\/lagofilmfest<\/a><br \/>\n<a href=\"http:\/\/www.twitter.com\/lagofilmfest\">www.twitter.com\/lagofilmfest<\/a><\/p>\n\n<div style=\"font-size: 0px; height: 0px; line-height: 0px; margin: 0; padding: 0; clear: both;\"><\/div>","protected":false},"excerpt":{"rendered":"<p>Nell&#8217;antico borgo in pietra di Revine Lago (Treviso) si svolger\u00e0 dal 22 al 30 luglio la settima edizione del Lago Film Fest, Festival internazionale di cinema e campo di sperimentazione per l&#8217;arte in molteplici sue declinazioni. Per la settima edizione sono in programma: 56 ore di proiezione di selezionatissimo cinema indipendente; 1500 cortometraggi da ogni [&hellip;]<\/p>\n","protected":false},"author":1,"featured_media":615,"comment_status":"closed","ping_status":"open","sticky":false,"template":"","format":"standard","meta":{"tdm_status":"","tdm_grid_status":"","footnotes":""},"categories":[5,11,12],"tags":[],"class_list":{"0":"post-692","1":"post","2":"type-post","3":"status-publish","4":"format-standard","5":"has-post-thumbnail","7":"category-concorsi","8":"category-festival","9":"category-film-concorsi"},"yoast_head":"<!-- This site is optimized with the Yoast SEO plugin v27.4 - https:\/\/yoast.com\/product\/yoast-seo-wordpress\/ -->\r\n<title>Lago Film Fest - Festival internazionale di Cinema indipendente - Casting News Magazine<\/title>\r\n<meta name=\"robots\" content=\"index, follow, max-snippet:-1, max-image-preview:large, max-video-preview:-1\" \/>\r\n<link rel=\"canonical\" href=\"https:\/\/www.castingnews.eu\/magazine\/2011\/07\/13\/lago-film-fest-festival-internazionale-di-cinema-indipendente\/\" \/>\r\n<meta property=\"og:locale\" content=\"it_IT\" \/>\r\n<meta property=\"og:type\" content=\"article\" \/>\r\n<meta property=\"og:title\" content=\"Lago Film Fest - Festival internazionale di Cinema indipendente - Casting News Magazine\" \/>\r\n<meta property=\"og:description\" content=\"Nell&#8217;antico borgo in pietra di Revine Lago (Treviso) si svolger\u00e0 dal 22 al 30 luglio la settima edizione del Lago Film Fest, Festival internazionale di cinema e campo di sperimentazione per l&#8217;arte in molteplici sue declinazioni. Per la settima edizione sono in programma: 56 ore di proiezione di selezionatissimo cinema indipendente; 1500 cortometraggi da ogni [&hellip;]\" \/>\r\n<meta property=\"og:url\" content=\"https:\/\/www.castingnews.eu\/magazine\/2011\/07\/13\/lago-film-fest-festival-internazionale-di-cinema-indipendente\/\" \/>\r\n<meta property=\"og:site_name\" content=\"Casting News Magazine\" \/>\r\n<meta property=\"article:published_time\" content=\"2011-07-13T15:27:44+00:00\" \/>\r\n<meta property=\"og:image\" content=\"https:\/\/www.castingnews.eu\/magazine\/wp-content\/uploads\/2010\/09\/IL-LAGO-FILM-FEST-1.jpg\" \/>\r\n\t<meta property=\"og:image:width\" content=\"800\" \/>\r\n\t<meta property=\"og:image:height\" content=\"300\" \/>\r\n\t<meta property=\"og:image:type\" content=\"image\/jpeg\" \/>\r\n<meta name=\"author\" content=\"Redazione\" \/>\r\n<meta name=\"twitter:card\" content=\"summary_large_image\" \/>\r\n<meta name=\"twitter:label1\" content=\"Scritto da\" \/>\n\t<meta name=\"twitter:data1\" content=\"Redazione\" \/>\n\t<meta name=\"twitter:label2\" content=\"Tempo di lettura stimato\" \/>\n\t<meta name=\"twitter:data2\" content=\"4 minuti\" \/>\r\n<script type=\"application\/ld+json\" class=\"yoast-schema-graph\">{\"@context\":\"https:\\\/\\\/schema.org\",\"@graph\":[{\"@type\":\"Article\",\"@id\":\"https:\\\/\\\/www.castingnews.eu\\\/magazine\\\/2011\\\/07\\\/13\\\/lago-film-fest-festival-internazionale-di-cinema-indipendente\\\/#article\",\"isPartOf\":{\"@id\":\"https:\\\/\\\/www.castingnews.eu\\\/magazine\\\/2011\\\/07\\\/13\\\/lago-film-fest-festival-internazionale-di-cinema-indipendente\\\/\"},\"author\":{\"name\":\"Redazione\",\"@id\":\"https:\\\/\\\/www.castingnews.eu\\\/magazine\\\/#\\\/schema\\\/person\\\/099d71c568c9a7e5e4037b1594108f17\"},\"headline\":\"Lago Film Fest &#8211; Festival internazionale di Cinema indipendente\",\"datePublished\":\"2011-07-13T15:27:44+00:00\",\"mainEntityOfPage\":{\"@id\":\"https:\\\/\\\/www.castingnews.eu\\\/magazine\\\/2011\\\/07\\\/13\\\/lago-film-fest-festival-internazionale-di-cinema-indipendente\\\/\"},\"wordCount\":905,\"image\":{\"@id\":\"https:\\\/\\\/www.castingnews.eu\\\/magazine\\\/2011\\\/07\\\/13\\\/lago-film-fest-festival-internazionale-di-cinema-indipendente\\\/#primaryimage\"},\"thumbnailUrl\":\"https:\\\/\\\/www.castingnews.eu\\\/magazine\\\/wp-content\\\/uploads\\\/2010\\\/09\\\/IL-LAGO-FILM-FEST-1.jpg\",\"articleSection\":[\"Concorsi\",\"Festival\",\"Film\"],\"inLanguage\":\"it-IT\"},{\"@type\":\"WebPage\",\"@id\":\"https:\\\/\\\/www.castingnews.eu\\\/magazine\\\/2011\\\/07\\\/13\\\/lago-film-fest-festival-internazionale-di-cinema-indipendente\\\/\",\"url\":\"https:\\\/\\\/www.castingnews.eu\\\/magazine\\\/2011\\\/07\\\/13\\\/lago-film-fest-festival-internazionale-di-cinema-indipendente\\\/\",\"name\":\"Lago Film Fest - Festival internazionale di Cinema indipendente - Casting News Magazine\",\"isPartOf\":{\"@id\":\"https:\\\/\\\/www.castingnews.eu\\\/magazine\\\/#website\"},\"primaryImageOfPage\":{\"@id\":\"https:\\\/\\\/www.castingnews.eu\\\/magazine\\\/2011\\\/07\\\/13\\\/lago-film-fest-festival-internazionale-di-cinema-indipendente\\\/#primaryimage\"},\"image\":{\"@id\":\"https:\\\/\\\/www.castingnews.eu\\\/magazine\\\/2011\\\/07\\\/13\\\/lago-film-fest-festival-internazionale-di-cinema-indipendente\\\/#primaryimage\"},\"thumbnailUrl\":\"https:\\\/\\\/www.castingnews.eu\\\/magazine\\\/wp-content\\\/uploads\\\/2010\\\/09\\\/IL-LAGO-FILM-FEST-1.jpg\",\"datePublished\":\"2011-07-13T15:27:44+00:00\",\"author\":{\"@id\":\"https:\\\/\\\/www.castingnews.eu\\\/magazine\\\/#\\\/schema\\\/person\\\/099d71c568c9a7e5e4037b1594108f17\"},\"breadcrumb\":{\"@id\":\"https:\\\/\\\/www.castingnews.eu\\\/magazine\\\/2011\\\/07\\\/13\\\/lago-film-fest-festival-internazionale-di-cinema-indipendente\\\/#breadcrumb\"},\"inLanguage\":\"it-IT\",\"potentialAction\":[{\"@type\":\"ReadAction\",\"target\":[\"https:\\\/\\\/www.castingnews.eu\\\/magazine\\\/2011\\\/07\\\/13\\\/lago-film-fest-festival-internazionale-di-cinema-indipendente\\\/\"]}]},{\"@type\":\"ImageObject\",\"inLanguage\":\"it-IT\",\"@id\":\"https:\\\/\\\/www.castingnews.eu\\\/magazine\\\/2011\\\/07\\\/13\\\/lago-film-fest-festival-internazionale-di-cinema-indipendente\\\/#primaryimage\",\"url\":\"https:\\\/\\\/www.castingnews.eu\\\/magazine\\\/wp-content\\\/uploads\\\/2010\\\/09\\\/IL-LAGO-FILM-FEST-1.jpg\",\"contentUrl\":\"https:\\\/\\\/www.castingnews.eu\\\/magazine\\\/wp-content\\\/uploads\\\/2010\\\/09\\\/IL-LAGO-FILM-FEST-1.jpg\",\"width\":800,\"height\":300},{\"@type\":\"BreadcrumbList\",\"@id\":\"https:\\\/\\\/www.castingnews.eu\\\/magazine\\\/2011\\\/07\\\/13\\\/lago-film-fest-festival-internazionale-di-cinema-indipendente\\\/#breadcrumb\",\"itemListElement\":[{\"@type\":\"ListItem\",\"position\":1,\"name\":\"Home\",\"item\":\"https:\\\/\\\/www.castingnews.eu\\\/magazine\\\/\"},{\"@type\":\"ListItem\",\"position\":2,\"name\":\"Lago Film Fest &#8211; Festival internazionale di Cinema indipendente\"}]},{\"@type\":\"WebSite\",\"@id\":\"https:\\\/\\\/www.castingnews.eu\\\/magazine\\\/#website\",\"url\":\"https:\\\/\\\/www.castingnews.eu\\\/magazine\\\/\",\"name\":\"Casting News Magazine\",\"description\":\"News e aggiornamenti sui film, serie tv, teatro e festival italiani ed internazionali\",\"potentialAction\":[{\"@type\":\"SearchAction\",\"target\":{\"@type\":\"EntryPoint\",\"urlTemplate\":\"https:\\\/\\\/www.castingnews.eu\\\/magazine\\\/?s={search_term_string}\"},\"query-input\":{\"@type\":\"PropertyValueSpecification\",\"valueRequired\":true,\"valueName\":\"search_term_string\"}}],\"inLanguage\":\"it-IT\"},{\"@type\":\"Person\",\"@id\":\"https:\\\/\\\/www.castingnews.eu\\\/magazine\\\/#\\\/schema\\\/person\\\/099d71c568c9a7e5e4037b1594108f17\",\"name\":\"Redazione\",\"image\":{\"@type\":\"ImageObject\",\"inLanguage\":\"it-IT\",\"@id\":\"https:\\\/\\\/secure.gravatar.com\\\/avatar\\\/b73a087aa3bd279fb70d24f1960a91c82cf67619395b60b564c90e9e5d5325fc?s=96&d=mm&r=g\",\"url\":\"https:\\\/\\\/secure.gravatar.com\\\/avatar\\\/b73a087aa3bd279fb70d24f1960a91c82cf67619395b60b564c90e9e5d5325fc?s=96&d=mm&r=g\",\"contentUrl\":\"https:\\\/\\\/secure.gravatar.com\\\/avatar\\\/b73a087aa3bd279fb70d24f1960a91c82cf67619395b60b564c90e9e5d5325fc?s=96&d=mm&r=g\",\"caption\":\"Redazione\"},\"description\":\"News e aggiornamenti sui film, serie tv, teatro e festival italiani ed internazionali.\",\"url\":\"https:\\\/\\\/www.castingnews.eu\\\/magazine\\\/author\\\/redazione\\\/\"}]}<\/script>\r\n<!-- \/ Yoast SEO plugin. -->","yoast_head_json":{"title":"Lago Film Fest - Festival internazionale di Cinema indipendente - Casting News Magazine","robots":{"index":"index","follow":"follow","max-snippet":"max-snippet:-1","max-image-preview":"max-image-preview:large","max-video-preview":"max-video-preview:-1"},"canonical":"https:\/\/www.castingnews.eu\/magazine\/2011\/07\/13\/lago-film-fest-festival-internazionale-di-cinema-indipendente\/","og_locale":"it_IT","og_type":"article","og_title":"Lago Film Fest - Festival internazionale di Cinema indipendente - Casting News Magazine","og_description":"Nell&#8217;antico borgo in pietra di Revine Lago (Treviso) si svolger\u00e0 dal 22 al 30 luglio la settima edizione del Lago Film Fest, Festival internazionale di cinema e campo di sperimentazione per l&#8217;arte in molteplici sue declinazioni. Per la settima edizione sono in programma: 56 ore di proiezione di selezionatissimo cinema indipendente; 1500 cortometraggi da ogni [&hellip;]","og_url":"https:\/\/www.castingnews.eu\/magazine\/2011\/07\/13\/lago-film-fest-festival-internazionale-di-cinema-indipendente\/","og_site_name":"Casting News Magazine","article_published_time":"2011-07-13T15:27:44+00:00","og_image":[{"width":800,"height":300,"url":"https:\/\/www.castingnews.eu\/magazine\/wp-content\/uploads\/2010\/09\/IL-LAGO-FILM-FEST-1.jpg","type":"image\/jpeg"}],"author":"Redazione","twitter_card":"summary_large_image","twitter_misc":{"Scritto da":"Redazione","Tempo di lettura stimato":"4 minuti"},"schema":{"@context":"https:\/\/schema.org","@graph":[{"@type":"Article","@id":"https:\/\/www.castingnews.eu\/magazine\/2011\/07\/13\/lago-film-fest-festival-internazionale-di-cinema-indipendente\/#article","isPartOf":{"@id":"https:\/\/www.castingnews.eu\/magazine\/2011\/07\/13\/lago-film-fest-festival-internazionale-di-cinema-indipendente\/"},"author":{"name":"Redazione","@id":"https:\/\/www.castingnews.eu\/magazine\/#\/schema\/person\/099d71c568c9a7e5e4037b1594108f17"},"headline":"Lago Film Fest &#8211; Festival internazionale di Cinema indipendente","datePublished":"2011-07-13T15:27:44+00:00","mainEntityOfPage":{"@id":"https:\/\/www.castingnews.eu\/magazine\/2011\/07\/13\/lago-film-fest-festival-internazionale-di-cinema-indipendente\/"},"wordCount":905,"image":{"@id":"https:\/\/www.castingnews.eu\/magazine\/2011\/07\/13\/lago-film-fest-festival-internazionale-di-cinema-indipendente\/#primaryimage"},"thumbnailUrl":"https:\/\/www.castingnews.eu\/magazine\/wp-content\/uploads\/2010\/09\/IL-LAGO-FILM-FEST-1.jpg","articleSection":["Concorsi","Festival","Film"],"inLanguage":"it-IT"},{"@type":"WebPage","@id":"https:\/\/www.castingnews.eu\/magazine\/2011\/07\/13\/lago-film-fest-festival-internazionale-di-cinema-indipendente\/","url":"https:\/\/www.castingnews.eu\/magazine\/2011\/07\/13\/lago-film-fest-festival-internazionale-di-cinema-indipendente\/","name":"Lago Film Fest - Festival internazionale di Cinema indipendente - Casting News Magazine","isPartOf":{"@id":"https:\/\/www.castingnews.eu\/magazine\/#website"},"primaryImageOfPage":{"@id":"https:\/\/www.castingnews.eu\/magazine\/2011\/07\/13\/lago-film-fest-festival-internazionale-di-cinema-indipendente\/#primaryimage"},"image":{"@id":"https:\/\/www.castingnews.eu\/magazine\/2011\/07\/13\/lago-film-fest-festival-internazionale-di-cinema-indipendente\/#primaryimage"},"thumbnailUrl":"https:\/\/www.castingnews.eu\/magazine\/wp-content\/uploads\/2010\/09\/IL-LAGO-FILM-FEST-1.jpg","datePublished":"2011-07-13T15:27:44+00:00","author":{"@id":"https:\/\/www.castingnews.eu\/magazine\/#\/schema\/person\/099d71c568c9a7e5e4037b1594108f17"},"breadcrumb":{"@id":"https:\/\/www.castingnews.eu\/magazine\/2011\/07\/13\/lago-film-fest-festival-internazionale-di-cinema-indipendente\/#breadcrumb"},"inLanguage":"it-IT","potentialAction":[{"@type":"ReadAction","target":["https:\/\/www.castingnews.eu\/magazine\/2011\/07\/13\/lago-film-fest-festival-internazionale-di-cinema-indipendente\/"]}]},{"@type":"ImageObject","inLanguage":"it-IT","@id":"https:\/\/www.castingnews.eu\/magazine\/2011\/07\/13\/lago-film-fest-festival-internazionale-di-cinema-indipendente\/#primaryimage","url":"https:\/\/www.castingnews.eu\/magazine\/wp-content\/uploads\/2010\/09\/IL-LAGO-FILM-FEST-1.jpg","contentUrl":"https:\/\/www.castingnews.eu\/magazine\/wp-content\/uploads\/2010\/09\/IL-LAGO-FILM-FEST-1.jpg","width":800,"height":300},{"@type":"BreadcrumbList","@id":"https:\/\/www.castingnews.eu\/magazine\/2011\/07\/13\/lago-film-fest-festival-internazionale-di-cinema-indipendente\/#breadcrumb","itemListElement":[{"@type":"ListItem","position":1,"name":"Home","item":"https:\/\/www.castingnews.eu\/magazine\/"},{"@type":"ListItem","position":2,"name":"Lago Film Fest &#8211; Festival internazionale di Cinema indipendente"}]},{"@type":"WebSite","@id":"https:\/\/www.castingnews.eu\/magazine\/#website","url":"https:\/\/www.castingnews.eu\/magazine\/","name":"Casting News Magazine","description":"News e aggiornamenti sui film, serie tv, teatro e festival italiani ed internazionali","potentialAction":[{"@type":"SearchAction","target":{"@type":"EntryPoint","urlTemplate":"https:\/\/www.castingnews.eu\/magazine\/?s={search_term_string}"},"query-input":{"@type":"PropertyValueSpecification","valueRequired":true,"valueName":"search_term_string"}}],"inLanguage":"it-IT"},{"@type":"Person","@id":"https:\/\/www.castingnews.eu\/magazine\/#\/schema\/person\/099d71c568c9a7e5e4037b1594108f17","name":"Redazione","image":{"@type":"ImageObject","inLanguage":"it-IT","@id":"https:\/\/secure.gravatar.com\/avatar\/b73a087aa3bd279fb70d24f1960a91c82cf67619395b60b564c90e9e5d5325fc?s=96&d=mm&r=g","url":"https:\/\/secure.gravatar.com\/avatar\/b73a087aa3bd279fb70d24f1960a91c82cf67619395b60b564c90e9e5d5325fc?s=96&d=mm&r=g","contentUrl":"https:\/\/secure.gravatar.com\/avatar\/b73a087aa3bd279fb70d24f1960a91c82cf67619395b60b564c90e9e5d5325fc?s=96&d=mm&r=g","caption":"Redazione"},"description":"News e aggiornamenti sui film, serie tv, teatro e festival italiani ed internazionali.","url":"https:\/\/www.castingnews.eu\/magazine\/author\/redazione\/"}]}},"_links":{"self":[{"href":"https:\/\/www.castingnews.eu\/magazine\/wp-json\/wp\/v2\/posts\/692","targetHints":{"allow":["GET"]}}],"collection":[{"href":"https:\/\/www.castingnews.eu\/magazine\/wp-json\/wp\/v2\/posts"}],"about":[{"href":"https:\/\/www.castingnews.eu\/magazine\/wp-json\/wp\/v2\/types\/post"}],"author":[{"embeddable":true,"href":"https:\/\/www.castingnews.eu\/magazine\/wp-json\/wp\/v2\/users\/1"}],"replies":[{"embeddable":true,"href":"https:\/\/www.castingnews.eu\/magazine\/wp-json\/wp\/v2\/comments?post=692"}],"version-history":[{"count":0,"href":"https:\/\/www.castingnews.eu\/magazine\/wp-json\/wp\/v2\/posts\/692\/revisions"}],"wp:featuredmedia":[{"embeddable":true,"href":"https:\/\/www.castingnews.eu\/magazine\/wp-json\/wp\/v2\/media\/615"}],"wp:attachment":[{"href":"https:\/\/www.castingnews.eu\/magazine\/wp-json\/wp\/v2\/media?parent=692"}],"wp:term":[{"taxonomy":"category","embeddable":true,"href":"https:\/\/www.castingnews.eu\/magazine\/wp-json\/wp\/v2\/categories?post=692"},{"taxonomy":"post_tag","embeddable":true,"href":"https:\/\/www.castingnews.eu\/magazine\/wp-json\/wp\/v2\/tags?post=692"}],"curies":[{"name":"wp","href":"https:\/\/api.w.org\/{rel}","templated":true}]}}