{"id":686,"date":"2011-07-13T16:00:03","date_gmt":"2011-07-13T15:00:03","guid":{"rendered":"http:\/\/www.film-movie.eu\/?p=686"},"modified":"2011-07-13T16:00:03","modified_gmt":"2011-07-13T15:00:03","slug":"accordi-disaccordi-xii-festival-del-cinema-allaperto","status":"publish","type":"post","link":"https:\/\/www.castingnews.eu\/magazine\/2011\/07\/13\/accordi-disaccordi-xii-festival-del-cinema-allaperto\/","title":{"rendered":"accordi @ DISACCORDI \u2013 XII Festival del Cinema all\u2019Aperto"},"content":{"rendered":"<h3 style=\"text-align: justify;\">Il festival del cinema all\u2019aperto di Napoli riapre nella suggestiva location del Parco del POGGIO.<\/h3>\n<p style=\"text-align: justify;\">La serata d\u2019inaugurazione, il 12 luglio, \u00e8 dedicata al 150\u00b0 anniversario dell\u2019Unit\u00e0 d\u2019Italia e come di consueto \u00e8 organizzata in collaborazione con il Corso di Laurea Magistrale in Imprenditoria e Creativit\u00e0 per Cinema, Teatro e TV dell&#8217;Universit\u00e0 degli Studi di Napoli Suor Orsola Benincasa. Sar\u00e0 proiettato il film di Mario Martone \u201cNoi Credevamo\u201d e l\u2019ingresso \u00e8 previsto ad inviti. Parteciperanno numerosi ospiti d\u2019eccezione.<br \/>\nDa marted\u00ec 12 luglio 2011 sino al 10 settembre 2011 riprende la kermesse cinematografica diretta da Pietro Pizzimento, organizzata dall\u2019associazione \u201cMovies Event\u201d e sostenuta dal Comune di Napoli \u2013 Assessorato alla Cultura e al Turismo e dalla Presidenza della Regione Campania. Anche quest\u2019anno ci saranno incontri ravvicinati con i registi del miglior Cinema Italiano, una rassegna di film di qualit\u00e0 e d\u2019autore e un concorso di cortometraggi dal tema \u201cCinema e Psicoanalisi\u201d giunto ormai alla sua terza edizione.<\/p><div class=\"6d3639e8c6ac292cde400fad8ff8a5b9\" data-index=\"1\" style=\"float: none; margin:10px 0 10px 0; text-align:center;\">\n<script async src=\"\/\/pagead2.googlesyndication.com\/pagead\/js\/adsbygoogle.js\"><\/script>\r\n<!-- Casting Bambini NEW -->\r\n<ins class=\"adsbygoogle\"\r\n     style=\"display:inline-block;width:336px;height:280px\"\r\n     data-ad-client=\"ca-pub-5538097485429833\"\r\n     data-ad-slot=\"5127154445\"><\/ins>\r\n<script>\r\n(adsbygoogle = window.adsbygoogle || []).push({});\r\n<\/script>\n<\/div>\n\n<p style=\"text-align: justify;\">Di grande suggestione anche l\u2019ambientazione, il Parco del POGGIO, con il maxischermo al centro di un laghetto artificiale, con il panorama mozzafiato di Napoli alla sinistra dello spettatore ed una piacevole cascata d\u2019acqua alla sua destra.<\/p>\n<p style=\"text-align: justify;\">Toni Servillo, Massimiliano Bruno, Paolo Genovese, Giovanni Albanese, Eugenio Cappuccio, Antonio Capuano, Matteo Cerami, Gaetano di Vaio, Giuseppe Gagliardi, Enzo Gragnaniello, Carlo Luglio, Andrea Molaioli, Paola Randi, Sud Express, sono tra gli ospiti di questa XII edizione del festival del cinema all\u2019aperto che si alterneranno negli incontri con il pubblico.<\/p>\n<p style=\"text-align: justify;\">La programmazione cinematografica soddisfa i desideri del variegato pubblico presente alla manifestazione accogliendo titoli dei festival internazionali di Venezia, Roma, Torino, Cannes, Berlino, Sundance oltre ai David di Donatello, Nastri d\u2019Argento, Oscar, Golden Globe, European Film Award nonch\u00e9 delle pellicole della stagione appena conclusa premiate dal pubblico e riconosciute di qualit\u00e0 e d\u2019essai.<\/p>\n<p style=\"text-align: justify;\">Si rinnova anche l\u2019appuntamento con il concorso di cortometraggi \u201cI Corti sul Lettino \u2013 Cinema e Psicoanalisi\u201d che in breve tempo \u00e8 diventato un evento nazionale tra i pi\u00f9 ambiti per i filmaker italiani e stranieri. Nelle due precedenti edizioni le giurie sono state presiedute da Roberto Faenza e Giuseppe Piccioni e anche quest\u2019anno \u00e8 prevista la presenza di un noto regista italiano. Da questa edizione sono stati introdotti quattro nuovi premi per soddisfare le richieste dei filmaker: premio del pubblico, miglior corto straniero, miglior fotografia e miglior corto d\u2019animazione. Le serate finali del concorso si terranno al Parco del POGGIO il 5 e 6 settembre 2011.<\/p>\n<p style=\"text-align: justify;\">Infoline: 0815491838 www.accordiedisaccordi.com<\/p>\n\n<div style=\"font-size: 0px; height: 0px; line-height: 0px; margin: 0; padding: 0; clear: both;\"><\/div>","protected":false},"excerpt":{"rendered":"<p>Il festival del cinema all\u2019aperto di Napoli riapre nella suggestiva location del Parco del POGGIO. La serata d\u2019inaugurazione, il 12 luglio, \u00e8 dedicata al 150\u00b0 anniversario dell\u2019Unit\u00e0 d\u2019Italia e come di consueto \u00e8 organizzata in collaborazione con il Corso di Laurea Magistrale in Imprenditoria e Creativit\u00e0 per Cinema, Teatro e TV dell&#8217;Universit\u00e0 degli Studi di [&hellip;]<\/p>\n","protected":false},"author":1,"featured_media":687,"comment_status":"closed","ping_status":"open","sticky":false,"template":"","format":"standard","meta":{"tdm_status":"","tdm_grid_status":"","footnotes":""},"categories":[5,11,12,71],"tags":[82,83,124,150,221,248,257,302,307,342,348,372,395,460,479,481,514,541,596,620,634,635,642,671,878,888,902,975,993,994,1019,1037,1043,1049,1054,1078,1184,1193,1319,1321,1359,1362,1388,1390,1402],"class_list":{"0":"post-686","1":"post","2":"type-post","3":"status-publish","4":"format-standard","5":"has-post-thumbnail","7":"category-concorsi","8":"category-festival","9":"category-film-concorsi","10":"category-italia-paese","11":"tag-accordi-disaccordi","12":"tag-accordiedisaccordi","13":"tag-andrea-molaioli","14":"tag-antonio-capuano","15":"tag-berlino","16":"tag-cannes","17":"tag-carlo-luglio","18":"tag-cinema","19":"tag-cinema-e-psicoanalisi","20":"tag-comune-di-napoli","21":"tag-concorso","22":"tag-cortometraggi","23":"tag-david-di-donatello","24":"tag-enzo-gragnaniello","25":"tag-eugenio-cappuccio","26":"tag-european-film-award","27":"tag-festival","28":"tag-filmaker","29":"tag-gaetano-di-vaio","30":"tag-giovanni-albanese","31":"tag-giuseppe-gagliardi","32":"tag-giuseppe-piccioni","33":"tag-golden-globe","34":"tag-i-corti-sul-lettino-cinema-e-psicoanalisi","35":"tag-mario-martone","36":"tag-massimiliano-bruno","37":"tag-matteo-cerami","38":"tag-movies-event","39":"tag-napoli","40":"tag-nastri-dargento","41":"tag-noi-credevamo","42":"tag-oscar","43":"tag-paola-randi","44":"tag-paolo-genovese","45":"tag-parco-del-poggio","46":"tag-pietro-pizzimento","47":"tag-roberto-faenza","48":"tag-roma","49":"tag-sud-express","50":"tag-sundance","51":"tag-toni-servillo","52":"tag-torino","53":"tag-unita-ditalia","54":"tag-universita-degli-studi-di-napoli-suor-orsola-benincasa","55":"tag-venezia"},"yoast_head":"<!-- This site is optimized with the Yoast SEO plugin v27.4 - https:\/\/yoast.com\/product\/yoast-seo-wordpress\/ -->\r\n<title>accordi @ DISACCORDI \u2013 XII Festival del Cinema all\u2019Aperto - Casting News Magazine<\/title>\r\n<meta name=\"robots\" content=\"index, follow, max-snippet:-1, max-image-preview:large, max-video-preview:-1\" \/>\r\n<link rel=\"canonical\" href=\"https:\/\/www.castingnews.eu\/magazine\/2011\/07\/13\/accordi-disaccordi-xii-festival-del-cinema-allaperto\/\" \/>\r\n<meta property=\"og:locale\" content=\"it_IT\" \/>\r\n<meta property=\"og:type\" content=\"article\" \/>\r\n<meta property=\"og:title\" content=\"accordi @ DISACCORDI \u2013 XII Festival del Cinema all\u2019Aperto - Casting News Magazine\" \/>\r\n<meta property=\"og:description\" content=\"Il festival del cinema all\u2019aperto di Napoli riapre nella suggestiva location del Parco del POGGIO. La serata d\u2019inaugurazione, il 12 luglio, \u00e8 dedicata al 150\u00b0 anniversario dell\u2019Unit\u00e0 d\u2019Italia e come di consueto \u00e8 organizzata in collaborazione con il Corso di Laurea Magistrale in Imprenditoria e Creativit\u00e0 per Cinema, Teatro e TV dell&#8217;Universit\u00e0 degli Studi di [&hellip;]\" \/>\r\n<meta property=\"og:url\" content=\"https:\/\/www.castingnews.eu\/magazine\/2011\/07\/13\/accordi-disaccordi-xii-festival-del-cinema-allaperto\/\" \/>\r\n<meta property=\"og:site_name\" content=\"Casting News Magazine\" \/>\r\n<meta property=\"article:published_time\" content=\"2011-07-13T15:00:03+00:00\" \/>\r\n<meta name=\"author\" content=\"Redazione\" \/>\r\n<meta name=\"twitter:card\" content=\"summary_large_image\" \/>\r\n<meta name=\"twitter:label1\" content=\"Scritto da\" \/>\n\t<meta name=\"twitter:data1\" content=\"Redazione\" \/>\n\t<meta name=\"twitter:label2\" content=\"Tempo di lettura stimato\" \/>\n\t<meta name=\"twitter:data2\" content=\"2 minuti\" \/>\r\n<script type=\"application\/ld+json\" class=\"yoast-schema-graph\">{\"@context\":\"https:\\\/\\\/schema.org\",\"@graph\":[{\"@type\":\"Article\",\"@id\":\"https:\\\/\\\/www.castingnews.eu\\\/magazine\\\/2011\\\/07\\\/13\\\/accordi-disaccordi-xii-festival-del-cinema-allaperto\\\/#article\",\"isPartOf\":{\"@id\":\"https:\\\/\\\/www.castingnews.eu\\\/magazine\\\/2011\\\/07\\\/13\\\/accordi-disaccordi-xii-festival-del-cinema-allaperto\\\/\"},\"author\":{\"name\":\"Redazione\",\"@id\":\"https:\\\/\\\/www.castingnews.eu\\\/magazine\\\/#\\\/schema\\\/person\\\/099d71c568c9a7e5e4037b1594108f17\"},\"headline\":\"accordi @ DISACCORDI \u2013 XII Festival del Cinema all\u2019Aperto\",\"datePublished\":\"2011-07-13T15:00:03+00:00\",\"mainEntityOfPage\":{\"@id\":\"https:\\\/\\\/www.castingnews.eu\\\/magazine\\\/2011\\\/07\\\/13\\\/accordi-disaccordi-xii-festival-del-cinema-allaperto\\\/\"},\"wordCount\":416,\"image\":{\"@id\":\"https:\\\/\\\/www.castingnews.eu\\\/magazine\\\/2011\\\/07\\\/13\\\/accordi-disaccordi-xii-festival-del-cinema-allaperto\\\/#primaryimage\"},\"thumbnailUrl\":\"\",\"keywords\":[\"accordi @ DISACCORDI\",\"accordiedisaccordi\",\"Andrea Molaioli\",\"Antonio Capuano\",\"Berlino\",\"Cannes\",\"Carlo Luglio\",\"Cinema\",\"Cinema e Psicoanalisi\",\"Comune di Napoli\",\"Concorso\",\"Cortometraggi\",\"David di Donatello\",\"Enzo Gragnaniello\",\"Eugenio Cappuccio\",\"European Film Award\",\"Festival\",\"Filmaker\",\"Gaetano di Vaio\",\"Giovanni Albanese\",\"Giuseppe Gagliardi\",\"Giuseppe Piccioni\",\"Golden Globe\",\"I Corti sul Lettino \u2013 Cinema e Psicoanalisi\",\"Mario Martone\",\"Massimiliano Bruno\",\"Matteo Cerami\",\"Movies Event\",\"Napoli\",\"Nastri d\u2019Argento\",\"Noi Credevamo\",\"Oscar\",\"Paola Randi\",\"Paolo Genovese\",\"Parco del Poggio\",\"Pietro Pizzimento\",\"Roberto Faenza\",\"Roma\",\"Sud Express\",\"Sundance\",\"Toni Servillo\",\"Torino\",\"Unit\u00e0 d\u2019Italia\",\"Universit\u00e0 degli Studi di Napoli Suor Orsola Benincasa\",\"Venezia\"],\"articleSection\":[\"Concorsi\",\"Festival\",\"Film\",\"Italia\"],\"inLanguage\":\"it-IT\"},{\"@type\":\"WebPage\",\"@id\":\"https:\\\/\\\/www.castingnews.eu\\\/magazine\\\/2011\\\/07\\\/13\\\/accordi-disaccordi-xii-festival-del-cinema-allaperto\\\/\",\"url\":\"https:\\\/\\\/www.castingnews.eu\\\/magazine\\\/2011\\\/07\\\/13\\\/accordi-disaccordi-xii-festival-del-cinema-allaperto\\\/\",\"name\":\"accordi @ DISACCORDI \u2013 XII Festival del Cinema all\u2019Aperto - Casting News Magazine\",\"isPartOf\":{\"@id\":\"https:\\\/\\\/www.castingnews.eu\\\/magazine\\\/#website\"},\"primaryImageOfPage\":{\"@id\":\"https:\\\/\\\/www.castingnews.eu\\\/magazine\\\/2011\\\/07\\\/13\\\/accordi-disaccordi-xii-festival-del-cinema-allaperto\\\/#primaryimage\"},\"image\":{\"@id\":\"https:\\\/\\\/www.castingnews.eu\\\/magazine\\\/2011\\\/07\\\/13\\\/accordi-disaccordi-xii-festival-del-cinema-allaperto\\\/#primaryimage\"},\"thumbnailUrl\":\"\",\"datePublished\":\"2011-07-13T15:00:03+00:00\",\"author\":{\"@id\":\"https:\\\/\\\/www.castingnews.eu\\\/magazine\\\/#\\\/schema\\\/person\\\/099d71c568c9a7e5e4037b1594108f17\"},\"breadcrumb\":{\"@id\":\"https:\\\/\\\/www.castingnews.eu\\\/magazine\\\/2011\\\/07\\\/13\\\/accordi-disaccordi-xii-festival-del-cinema-allaperto\\\/#breadcrumb\"},\"inLanguage\":\"it-IT\",\"potentialAction\":[{\"@type\":\"ReadAction\",\"target\":[\"https:\\\/\\\/www.castingnews.eu\\\/magazine\\\/2011\\\/07\\\/13\\\/accordi-disaccordi-xii-festival-del-cinema-allaperto\\\/\"]}]},{\"@type\":\"ImageObject\",\"inLanguage\":\"it-IT\",\"@id\":\"https:\\\/\\\/www.castingnews.eu\\\/magazine\\\/2011\\\/07\\\/13\\\/accordi-disaccordi-xii-festival-del-cinema-allaperto\\\/#primaryimage\",\"url\":\"\",\"contentUrl\":\"\"},{\"@type\":\"BreadcrumbList\",\"@id\":\"https:\\\/\\\/www.castingnews.eu\\\/magazine\\\/2011\\\/07\\\/13\\\/accordi-disaccordi-xii-festival-del-cinema-allaperto\\\/#breadcrumb\",\"itemListElement\":[{\"@type\":\"ListItem\",\"position\":1,\"name\":\"Home\",\"item\":\"https:\\\/\\\/www.castingnews.eu\\\/magazine\\\/\"},{\"@type\":\"ListItem\",\"position\":2,\"name\":\"accordi @ DISACCORDI \u2013 XII Festival del Cinema all\u2019Aperto\"}]},{\"@type\":\"WebSite\",\"@id\":\"https:\\\/\\\/www.castingnews.eu\\\/magazine\\\/#website\",\"url\":\"https:\\\/\\\/www.castingnews.eu\\\/magazine\\\/\",\"name\":\"Casting News Magazine\",\"description\":\"News e aggiornamenti sui film, serie tv, teatro e festival italiani ed internazionali\",\"potentialAction\":[{\"@type\":\"SearchAction\",\"target\":{\"@type\":\"EntryPoint\",\"urlTemplate\":\"https:\\\/\\\/www.castingnews.eu\\\/magazine\\\/?s={search_term_string}\"},\"query-input\":{\"@type\":\"PropertyValueSpecification\",\"valueRequired\":true,\"valueName\":\"search_term_string\"}}],\"inLanguage\":\"it-IT\"},{\"@type\":\"Person\",\"@id\":\"https:\\\/\\\/www.castingnews.eu\\\/magazine\\\/#\\\/schema\\\/person\\\/099d71c568c9a7e5e4037b1594108f17\",\"name\":\"Redazione\",\"image\":{\"@type\":\"ImageObject\",\"inLanguage\":\"it-IT\",\"@id\":\"https:\\\/\\\/secure.gravatar.com\\\/avatar\\\/b73a087aa3bd279fb70d24f1960a91c82cf67619395b60b564c90e9e5d5325fc?s=96&d=mm&r=g\",\"url\":\"https:\\\/\\\/secure.gravatar.com\\\/avatar\\\/b73a087aa3bd279fb70d24f1960a91c82cf67619395b60b564c90e9e5d5325fc?s=96&d=mm&r=g\",\"contentUrl\":\"https:\\\/\\\/secure.gravatar.com\\\/avatar\\\/b73a087aa3bd279fb70d24f1960a91c82cf67619395b60b564c90e9e5d5325fc?s=96&d=mm&r=g\",\"caption\":\"Redazione\"},\"description\":\"News e aggiornamenti sui film, serie tv, teatro e festival italiani ed internazionali.\",\"url\":\"https:\\\/\\\/www.castingnews.eu\\\/magazine\\\/author\\\/redazione\\\/\"}]}<\/script>\r\n<!-- \/ Yoast SEO plugin. -->","yoast_head_json":{"title":"accordi @ DISACCORDI \u2013 XII Festival del Cinema all\u2019Aperto - Casting News Magazine","robots":{"index":"index","follow":"follow","max-snippet":"max-snippet:-1","max-image-preview":"max-image-preview:large","max-video-preview":"max-video-preview:-1"},"canonical":"https:\/\/www.castingnews.eu\/magazine\/2011\/07\/13\/accordi-disaccordi-xii-festival-del-cinema-allaperto\/","og_locale":"it_IT","og_type":"article","og_title":"accordi @ DISACCORDI \u2013 XII Festival del Cinema all\u2019Aperto - Casting News Magazine","og_description":"Il festival del cinema all\u2019aperto di Napoli riapre nella suggestiva location del Parco del POGGIO. La serata d\u2019inaugurazione, il 12 luglio, \u00e8 dedicata al 150\u00b0 anniversario dell\u2019Unit\u00e0 d\u2019Italia e come di consueto \u00e8 organizzata in collaborazione con il Corso di Laurea Magistrale in Imprenditoria e Creativit\u00e0 per Cinema, Teatro e TV dell&#8217;Universit\u00e0 degli Studi di [&hellip;]","og_url":"https:\/\/www.castingnews.eu\/magazine\/2011\/07\/13\/accordi-disaccordi-xii-festival-del-cinema-allaperto\/","og_site_name":"Casting News Magazine","article_published_time":"2011-07-13T15:00:03+00:00","author":"Redazione","twitter_card":"summary_large_image","twitter_misc":{"Scritto da":"Redazione","Tempo di lettura stimato":"2 minuti"},"schema":{"@context":"https:\/\/schema.org","@graph":[{"@type":"Article","@id":"https:\/\/www.castingnews.eu\/magazine\/2011\/07\/13\/accordi-disaccordi-xii-festival-del-cinema-allaperto\/#article","isPartOf":{"@id":"https:\/\/www.castingnews.eu\/magazine\/2011\/07\/13\/accordi-disaccordi-xii-festival-del-cinema-allaperto\/"},"author":{"name":"Redazione","@id":"https:\/\/www.castingnews.eu\/magazine\/#\/schema\/person\/099d71c568c9a7e5e4037b1594108f17"},"headline":"accordi @ DISACCORDI \u2013 XII Festival del Cinema all\u2019Aperto","datePublished":"2011-07-13T15:00:03+00:00","mainEntityOfPage":{"@id":"https:\/\/www.castingnews.eu\/magazine\/2011\/07\/13\/accordi-disaccordi-xii-festival-del-cinema-allaperto\/"},"wordCount":416,"image":{"@id":"https:\/\/www.castingnews.eu\/magazine\/2011\/07\/13\/accordi-disaccordi-xii-festival-del-cinema-allaperto\/#primaryimage"},"thumbnailUrl":"","keywords":["accordi @ DISACCORDI","accordiedisaccordi","Andrea Molaioli","Antonio Capuano","Berlino","Cannes","Carlo Luglio","Cinema","Cinema e Psicoanalisi","Comune di Napoli","Concorso","Cortometraggi","David di Donatello","Enzo Gragnaniello","Eugenio Cappuccio","European Film Award","Festival","Filmaker","Gaetano di Vaio","Giovanni Albanese","Giuseppe Gagliardi","Giuseppe Piccioni","Golden Globe","I Corti sul Lettino \u2013 Cinema e Psicoanalisi","Mario Martone","Massimiliano Bruno","Matteo Cerami","Movies Event","Napoli","Nastri d\u2019Argento","Noi Credevamo","Oscar","Paola Randi","Paolo Genovese","Parco del Poggio","Pietro Pizzimento","Roberto Faenza","Roma","Sud Express","Sundance","Toni Servillo","Torino","Unit\u00e0 d\u2019Italia","Universit\u00e0 degli Studi di Napoli Suor Orsola Benincasa","Venezia"],"articleSection":["Concorsi","Festival","Film","Italia"],"inLanguage":"it-IT"},{"@type":"WebPage","@id":"https:\/\/www.castingnews.eu\/magazine\/2011\/07\/13\/accordi-disaccordi-xii-festival-del-cinema-allaperto\/","url":"https:\/\/www.castingnews.eu\/magazine\/2011\/07\/13\/accordi-disaccordi-xii-festival-del-cinema-allaperto\/","name":"accordi @ DISACCORDI \u2013 XII Festival del Cinema all\u2019Aperto - Casting News Magazine","isPartOf":{"@id":"https:\/\/www.castingnews.eu\/magazine\/#website"},"primaryImageOfPage":{"@id":"https:\/\/www.castingnews.eu\/magazine\/2011\/07\/13\/accordi-disaccordi-xii-festival-del-cinema-allaperto\/#primaryimage"},"image":{"@id":"https:\/\/www.castingnews.eu\/magazine\/2011\/07\/13\/accordi-disaccordi-xii-festival-del-cinema-allaperto\/#primaryimage"},"thumbnailUrl":"","datePublished":"2011-07-13T15:00:03+00:00","author":{"@id":"https:\/\/www.castingnews.eu\/magazine\/#\/schema\/person\/099d71c568c9a7e5e4037b1594108f17"},"breadcrumb":{"@id":"https:\/\/www.castingnews.eu\/magazine\/2011\/07\/13\/accordi-disaccordi-xii-festival-del-cinema-allaperto\/#breadcrumb"},"inLanguage":"it-IT","potentialAction":[{"@type":"ReadAction","target":["https:\/\/www.castingnews.eu\/magazine\/2011\/07\/13\/accordi-disaccordi-xii-festival-del-cinema-allaperto\/"]}]},{"@type":"ImageObject","inLanguage":"it-IT","@id":"https:\/\/www.castingnews.eu\/magazine\/2011\/07\/13\/accordi-disaccordi-xii-festival-del-cinema-allaperto\/#primaryimage","url":"","contentUrl":""},{"@type":"BreadcrumbList","@id":"https:\/\/www.castingnews.eu\/magazine\/2011\/07\/13\/accordi-disaccordi-xii-festival-del-cinema-allaperto\/#breadcrumb","itemListElement":[{"@type":"ListItem","position":1,"name":"Home","item":"https:\/\/www.castingnews.eu\/magazine\/"},{"@type":"ListItem","position":2,"name":"accordi @ DISACCORDI \u2013 XII Festival del Cinema all\u2019Aperto"}]},{"@type":"WebSite","@id":"https:\/\/www.castingnews.eu\/magazine\/#website","url":"https:\/\/www.castingnews.eu\/magazine\/","name":"Casting News Magazine","description":"News e aggiornamenti sui film, serie tv, teatro e festival italiani ed internazionali","potentialAction":[{"@type":"SearchAction","target":{"@type":"EntryPoint","urlTemplate":"https:\/\/www.castingnews.eu\/magazine\/?s={search_term_string}"},"query-input":{"@type":"PropertyValueSpecification","valueRequired":true,"valueName":"search_term_string"}}],"inLanguage":"it-IT"},{"@type":"Person","@id":"https:\/\/www.castingnews.eu\/magazine\/#\/schema\/person\/099d71c568c9a7e5e4037b1594108f17","name":"Redazione","image":{"@type":"ImageObject","inLanguage":"it-IT","@id":"https:\/\/secure.gravatar.com\/avatar\/b73a087aa3bd279fb70d24f1960a91c82cf67619395b60b564c90e9e5d5325fc?s=96&d=mm&r=g","url":"https:\/\/secure.gravatar.com\/avatar\/b73a087aa3bd279fb70d24f1960a91c82cf67619395b60b564c90e9e5d5325fc?s=96&d=mm&r=g","contentUrl":"https:\/\/secure.gravatar.com\/avatar\/b73a087aa3bd279fb70d24f1960a91c82cf67619395b60b564c90e9e5d5325fc?s=96&d=mm&r=g","caption":"Redazione"},"description":"News e aggiornamenti sui film, serie tv, teatro e festival italiani ed internazionali.","url":"https:\/\/www.castingnews.eu\/magazine\/author\/redazione\/"}]}},"_links":{"self":[{"href":"https:\/\/www.castingnews.eu\/magazine\/wp-json\/wp\/v2\/posts\/686","targetHints":{"allow":["GET"]}}],"collection":[{"href":"https:\/\/www.castingnews.eu\/magazine\/wp-json\/wp\/v2\/posts"}],"about":[{"href":"https:\/\/www.castingnews.eu\/magazine\/wp-json\/wp\/v2\/types\/post"}],"author":[{"embeddable":true,"href":"https:\/\/www.castingnews.eu\/magazine\/wp-json\/wp\/v2\/users\/1"}],"replies":[{"embeddable":true,"href":"https:\/\/www.castingnews.eu\/magazine\/wp-json\/wp\/v2\/comments?post=686"}],"version-history":[{"count":0,"href":"https:\/\/www.castingnews.eu\/magazine\/wp-json\/wp\/v2\/posts\/686\/revisions"}],"wp:featuredmedia":[{"embeddable":true,"href":"https:\/\/www.castingnews.eu\/magazine\/wp-json\/"}],"wp:attachment":[{"href":"https:\/\/www.castingnews.eu\/magazine\/wp-json\/wp\/v2\/media?parent=686"}],"wp:term":[{"taxonomy":"category","embeddable":true,"href":"https:\/\/www.castingnews.eu\/magazine\/wp-json\/wp\/v2\/categories?post=686"},{"taxonomy":"post_tag","embeddable":true,"href":"https:\/\/www.castingnews.eu\/magazine\/wp-json\/wp\/v2\/tags?post=686"}],"curies":[{"name":"wp","href":"https:\/\/api.w.org\/{rel}","templated":true}]}}