{"id":6762,"date":"2023-08-09T19:19:37","date_gmt":"2023-08-09T17:19:37","guid":{"rendered":"https:\/\/www.castingnews.eu\/magazine\/?p=6762"},"modified":"2023-08-09T19:19:41","modified_gmt":"2023-08-09T17:19:41","slug":"disponibile-su-rai-cinema-i-miei-occhi-il-cortometraggio-selezionato-per-la-corsa-alle-nomination-degli-oscar-2023","status":"publish","type":"post","link":"https:\/\/www.castingnews.eu\/magazine\/2023\/08\/09\/disponibile-su-rai-cinema-i-miei-occhi-il-cortometraggio-selezionato-per-la-corsa-alle-nomination-degli-oscar-2023\/","title":{"rendered":"Disponibile su Rai Cinema: &#8220;I Miei Occhi&#8221;, il cortometraggio selezionato per la corsa alle nomination degli\u00a0Oscar 2023"},"content":{"rendered":"\n<p>Da oggi \u00e8 possibile immergersi nell&#8217;affascinante mondo di <strong>&#8220;I Miei Occhi&#8221; <\/strong>(Redibis Film), il cortometraggio di esordio del talentuoso regista genovese Tommaso Acquarone. L&#8217;opera, interamente girata nella suggestiva cornice del capoluogo ligure, si \u00e8 distinta fin da subito per la sua profondit\u00e0 e intensit\u00e0, tanto da guadagnarsi una pregiata selezione per la corsa alle nomination agli Oscar 2023.<\/p><div class=\"6d3639e8c6ac292cde400fad8ff8a5b9\" data-index=\"1\" style=\"float: none; margin:10px 0 10px 0; text-align:center;\">\n<script async src=\"\/\/pagead2.googlesyndication.com\/pagead\/js\/adsbygoogle.js\"><\/script>\r\n<!-- Casting Bambini NEW -->\r\n<ins class=\"adsbygoogle\"\r\n     style=\"display:inline-block;width:336px;height:280px\"\r\n     data-ad-client=\"ca-pub-5538097485429833\"\r\n     data-ad-slot=\"5127154445\"><\/ins>\r\n<script>\r\n(adsbygoogle = window.adsbygoogle || []).push({});\r\n<\/script>\n<\/div>\n\n\n\n\n<p>La trama di &#8220;I Miei Occhi&#8221; si dipana attorno a una donna che decide di affrontare il suo passato, un passato carico di segreti e sfumature. La protagonista si trova di fronte a un momento cruciale, in cui deve svelare a un artista di strada la sua vera identit\u00e0, rivelando di essere sua madre. Tuttavia, la sua incertezza e la sua esitazione gettano le basi per un intreccio di fraintendimenti che culmina in una svolta inaspettata, portando il giovane artista verso un punto di non ritorno.<br><strong>Il Corto &#8221; I Miei Occhi &#8221; \u00e8 presente sulla piattaforma \u201cRai Cinema\u201d.<br>Ecco il link.<\/strong> <a href=\"https:\/\/www.rai.it\/raicinema\/video\/2023\/07\/I-miei-occhi-5d9bdb3f-2e72-4b8c-a0b8-1b14f380cbc7.html\" target=\"_blank\" rel=\"noreferrer noopener\">https:\/\/www.rai.it\/raicinema\/video\/2023\/07\/I-miei-occhi-5d9bdb3f-2e72-4b8c-a0b8-1b14f380cbc7.html<\/a><\/p>\n\n<div style=\"font-size: 0px; height: 0px; line-height: 0px; margin: 0; padding: 0; clear: both;\"><\/div>","protected":false},"excerpt":{"rendered":"<p>Da oggi \u00e8 possibile immergersi nell&#8217;affascinante mondo di &#8220;I Miei Occhi&#8221; (Redibis Film), il cortometraggio di esordio del talentuoso regista genovese Tommaso Acquarone. L&#8217;opera, interamente girata nella suggestiva cornice del capoluogo ligure, si \u00e8 distinta fin da subito per la sua profondit\u00e0 e intensit\u00e0, tanto da guadagnarsi una pregiata selezione per la corsa alle nomination [&hellip;]<\/p>\n","protected":false},"author":1,"featured_media":6763,"comment_status":"open","ping_status":"open","sticky":false,"template":"","format":"standard","meta":{"tdm_status":"","tdm_grid_status":"","footnotes":""},"categories":[64,71,3959],"tags":[272,273,374,5067,1037,1136,5068,5069],"class_list":{"0":"post-6762","1":"post","2":"type-post","3":"status-publish","4":"format-standard","5":"has-post-thumbnail","7":"category-drammatico","8":"category-italia-paese","9":"category-liguria","10":"tag-casting-magazine","11":"tag-casting-news","12":"tag-cortometraggio","13":"tag-i-miei-occhi","14":"tag-oscar","15":"tag-rai-cinema","16":"tag-redibis-film","17":"tag-tommaso-acquarone"},"yoast_head":"<!-- This site is optimized with the Yoast SEO plugin v27.4 - https:\/\/yoast.com\/product\/yoast-seo-wordpress\/ -->\r\n<title>Disponibile su Rai Cinema: &quot;I Miei Occhi&quot;, il cortometraggio selezionato per la corsa alle nomination degli\u00a0Oscar 2023 - Casting News Magazine<\/title>\r\n<meta name=\"description\" content=\"Da oggi \u00e8 possibile immergersi nell&#039;affascinante mondo di &quot;I Miei Occhi&quot;, il cortometraggio diretto da Tommaso Acquarone.\" \/>\r\n<meta name=\"robots\" content=\"index, follow, max-snippet:-1, max-image-preview:large, max-video-preview:-1\" \/>\r\n<link rel=\"canonical\" href=\"https:\/\/www.castingnews.eu\/magazine\/2023\/08\/09\/disponibile-su-rai-cinema-i-miei-occhi-il-cortometraggio-selezionato-per-la-corsa-alle-nomination-degli-oscar-2023\/\" \/>\r\n<meta property=\"og:locale\" content=\"it_IT\" \/>\r\n<meta property=\"og:type\" content=\"article\" \/>\r\n<meta property=\"og:title\" content=\"Disponibile su Rai Cinema: &quot;I Miei Occhi&quot;, il cortometraggio selezionato per la corsa alle nomination degli\u00a0Oscar 2023 - Casting News Magazine\" \/>\r\n<meta property=\"og:description\" content=\"Da oggi \u00e8 possibile immergersi nell&#039;affascinante mondo di &quot;I Miei Occhi&quot;, il cortometraggio diretto da Tommaso Acquarone.\" \/>\r\n<meta property=\"og:url\" content=\"https:\/\/www.castingnews.eu\/magazine\/2023\/08\/09\/disponibile-su-rai-cinema-i-miei-occhi-il-cortometraggio-selezionato-per-la-corsa-alle-nomination-degli-oscar-2023\/\" \/>\r\n<meta property=\"og:site_name\" content=\"Casting News Magazine\" \/>\r\n<meta property=\"article:published_time\" content=\"2023-08-09T17:19:37+00:00\" \/>\r\n<meta property=\"article:modified_time\" content=\"2023-08-09T17:19:41+00:00\" \/>\r\n<meta property=\"og:image\" content=\"https:\/\/www.castingnews.eu\/magazine\/wp-content\/uploads\/2023\/08\/I-Miei-Occhi.jpeg\" \/>\r\n\t<meta property=\"og:image:width\" content=\"1100\" \/>\r\n\t<meta property=\"og:image:height\" content=\"734\" \/>\r\n\t<meta property=\"og:image:type\" content=\"image\/jpeg\" \/>\r\n<meta name=\"author\" content=\"Redazione\" \/>\r\n<meta name=\"twitter:card\" content=\"summary_large_image\" \/>\r\n<meta name=\"twitter:label1\" content=\"Scritto da\" \/>\n\t<meta name=\"twitter:data1\" content=\"Redazione\" \/>\n\t<meta name=\"twitter:label2\" content=\"Tempo di lettura stimato\" \/>\n\t<meta name=\"twitter:data2\" content=\"1 minuto\" \/>\r\n<script type=\"application\/ld+json\" class=\"yoast-schema-graph\">{\"@context\":\"https:\\\/\\\/schema.org\",\"@graph\":[{\"@type\":\"Article\",\"@id\":\"https:\\\/\\\/www.castingnews.eu\\\/magazine\\\/2023\\\/08\\\/09\\\/disponibile-su-rai-cinema-i-miei-occhi-il-cortometraggio-selezionato-per-la-corsa-alle-nomination-degli-oscar-2023\\\/#article\",\"isPartOf\":{\"@id\":\"https:\\\/\\\/www.castingnews.eu\\\/magazine\\\/2023\\\/08\\\/09\\\/disponibile-su-rai-cinema-i-miei-occhi-il-cortometraggio-selezionato-per-la-corsa-alle-nomination-degli-oscar-2023\\\/\"},\"author\":{\"name\":\"Redazione\",\"@id\":\"https:\\\/\\\/www.castingnews.eu\\\/magazine\\\/#\\\/schema\\\/person\\\/099d71c568c9a7e5e4037b1594108f17\"},\"headline\":\"Disponibile su Rai Cinema: &#8220;I Miei Occhi&#8221;, il cortometraggio selezionato per la corsa alle nomination degli\u00a0Oscar 2023\",\"datePublished\":\"2023-08-09T17:19:37+00:00\",\"dateModified\":\"2023-08-09T17:19:41+00:00\",\"mainEntityOfPage\":{\"@id\":\"https:\\\/\\\/www.castingnews.eu\\\/magazine\\\/2023\\\/08\\\/09\\\/disponibile-su-rai-cinema-i-miei-occhi-il-cortometraggio-selezionato-per-la-corsa-alle-nomination-degli-oscar-2023\\\/\"},\"wordCount\":193,\"commentCount\":0,\"image\":{\"@id\":\"https:\\\/\\\/www.castingnews.eu\\\/magazine\\\/2023\\\/08\\\/09\\\/disponibile-su-rai-cinema-i-miei-occhi-il-cortometraggio-selezionato-per-la-corsa-alle-nomination-degli-oscar-2023\\\/#primaryimage\"},\"thumbnailUrl\":\"https:\\\/\\\/www.castingnews.eu\\\/magazine\\\/wp-content\\\/uploads\\\/2023\\\/08\\\/I-Miei-Occhi.jpeg\",\"keywords\":[\"Casting Magazine\",\"Casting News\",\"Cortometraggio\",\"I Miei Occhi\",\"Oscar\",\"Rai Cinema\",\"Redibis Film\",\"Tommaso Acquarone\"],\"articleSection\":[\"Drammatico\",\"Italia\",\"Liguria\"],\"inLanguage\":\"it-IT\",\"potentialAction\":[{\"@type\":\"CommentAction\",\"name\":\"Comment\",\"target\":[\"https:\\\/\\\/www.castingnews.eu\\\/magazine\\\/2023\\\/08\\\/09\\\/disponibile-su-rai-cinema-i-miei-occhi-il-cortometraggio-selezionato-per-la-corsa-alle-nomination-degli-oscar-2023\\\/#respond\"]}]},{\"@type\":\"WebPage\",\"@id\":\"https:\\\/\\\/www.castingnews.eu\\\/magazine\\\/2023\\\/08\\\/09\\\/disponibile-su-rai-cinema-i-miei-occhi-il-cortometraggio-selezionato-per-la-corsa-alle-nomination-degli-oscar-2023\\\/\",\"url\":\"https:\\\/\\\/www.castingnews.eu\\\/magazine\\\/2023\\\/08\\\/09\\\/disponibile-su-rai-cinema-i-miei-occhi-il-cortometraggio-selezionato-per-la-corsa-alle-nomination-degli-oscar-2023\\\/\",\"name\":\"Disponibile su Rai Cinema: \\\"I Miei Occhi\\\", il cortometraggio selezionato per la corsa alle nomination degli\u00a0Oscar 2023 - Casting News Magazine\",\"isPartOf\":{\"@id\":\"https:\\\/\\\/www.castingnews.eu\\\/magazine\\\/#website\"},\"primaryImageOfPage\":{\"@id\":\"https:\\\/\\\/www.castingnews.eu\\\/magazine\\\/2023\\\/08\\\/09\\\/disponibile-su-rai-cinema-i-miei-occhi-il-cortometraggio-selezionato-per-la-corsa-alle-nomination-degli-oscar-2023\\\/#primaryimage\"},\"image\":{\"@id\":\"https:\\\/\\\/www.castingnews.eu\\\/magazine\\\/2023\\\/08\\\/09\\\/disponibile-su-rai-cinema-i-miei-occhi-il-cortometraggio-selezionato-per-la-corsa-alle-nomination-degli-oscar-2023\\\/#primaryimage\"},\"thumbnailUrl\":\"https:\\\/\\\/www.castingnews.eu\\\/magazine\\\/wp-content\\\/uploads\\\/2023\\\/08\\\/I-Miei-Occhi.jpeg\",\"datePublished\":\"2023-08-09T17:19:37+00:00\",\"dateModified\":\"2023-08-09T17:19:41+00:00\",\"author\":{\"@id\":\"https:\\\/\\\/www.castingnews.eu\\\/magazine\\\/#\\\/schema\\\/person\\\/099d71c568c9a7e5e4037b1594108f17\"},\"description\":\"Da oggi \u00e8 possibile immergersi nell'affascinante mondo di \\\"I Miei Occhi\\\", il cortometraggio diretto da Tommaso Acquarone.\",\"breadcrumb\":{\"@id\":\"https:\\\/\\\/www.castingnews.eu\\\/magazine\\\/2023\\\/08\\\/09\\\/disponibile-su-rai-cinema-i-miei-occhi-il-cortometraggio-selezionato-per-la-corsa-alle-nomination-degli-oscar-2023\\\/#breadcrumb\"},\"inLanguage\":\"it-IT\",\"potentialAction\":[{\"@type\":\"ReadAction\",\"target\":[\"https:\\\/\\\/www.castingnews.eu\\\/magazine\\\/2023\\\/08\\\/09\\\/disponibile-su-rai-cinema-i-miei-occhi-il-cortometraggio-selezionato-per-la-corsa-alle-nomination-degli-oscar-2023\\\/\"]}]},{\"@type\":\"ImageObject\",\"inLanguage\":\"it-IT\",\"@id\":\"https:\\\/\\\/www.castingnews.eu\\\/magazine\\\/2023\\\/08\\\/09\\\/disponibile-su-rai-cinema-i-miei-occhi-il-cortometraggio-selezionato-per-la-corsa-alle-nomination-degli-oscar-2023\\\/#primaryimage\",\"url\":\"https:\\\/\\\/www.castingnews.eu\\\/magazine\\\/wp-content\\\/uploads\\\/2023\\\/08\\\/I-Miei-Occhi.jpeg\",\"contentUrl\":\"https:\\\/\\\/www.castingnews.eu\\\/magazine\\\/wp-content\\\/uploads\\\/2023\\\/08\\\/I-Miei-Occhi.jpeg\",\"width\":1100,\"height\":734,\"caption\":\"\\\"I Miei Occhi\\\" di Tommaso Acquarone\"},{\"@type\":\"BreadcrumbList\",\"@id\":\"https:\\\/\\\/www.castingnews.eu\\\/magazine\\\/2023\\\/08\\\/09\\\/disponibile-su-rai-cinema-i-miei-occhi-il-cortometraggio-selezionato-per-la-corsa-alle-nomination-degli-oscar-2023\\\/#breadcrumb\",\"itemListElement\":[{\"@type\":\"ListItem\",\"position\":1,\"name\":\"Home\",\"item\":\"https:\\\/\\\/www.castingnews.eu\\\/magazine\\\/\"},{\"@type\":\"ListItem\",\"position\":2,\"name\":\"Disponibile su Rai Cinema: &#8220;I Miei Occhi&#8221;, il cortometraggio selezionato per la corsa alle nomination degli\u00a0Oscar 2023\"}]},{\"@type\":\"WebSite\",\"@id\":\"https:\\\/\\\/www.castingnews.eu\\\/magazine\\\/#website\",\"url\":\"https:\\\/\\\/www.castingnews.eu\\\/magazine\\\/\",\"name\":\"Casting News Magazine\",\"description\":\"News e aggiornamenti sui film, serie tv, teatro e festival italiani ed internazionali\",\"potentialAction\":[{\"@type\":\"SearchAction\",\"target\":{\"@type\":\"EntryPoint\",\"urlTemplate\":\"https:\\\/\\\/www.castingnews.eu\\\/magazine\\\/?s={search_term_string}\"},\"query-input\":{\"@type\":\"PropertyValueSpecification\",\"valueRequired\":true,\"valueName\":\"search_term_string\"}}],\"inLanguage\":\"it-IT\"},{\"@type\":\"Person\",\"@id\":\"https:\\\/\\\/www.castingnews.eu\\\/magazine\\\/#\\\/schema\\\/person\\\/099d71c568c9a7e5e4037b1594108f17\",\"name\":\"Redazione\",\"image\":{\"@type\":\"ImageObject\",\"inLanguage\":\"it-IT\",\"@id\":\"https:\\\/\\\/secure.gravatar.com\\\/avatar\\\/b73a087aa3bd279fb70d24f1960a91c82cf67619395b60b564c90e9e5d5325fc?s=96&d=mm&r=g\",\"url\":\"https:\\\/\\\/secure.gravatar.com\\\/avatar\\\/b73a087aa3bd279fb70d24f1960a91c82cf67619395b60b564c90e9e5d5325fc?s=96&d=mm&r=g\",\"contentUrl\":\"https:\\\/\\\/secure.gravatar.com\\\/avatar\\\/b73a087aa3bd279fb70d24f1960a91c82cf67619395b60b564c90e9e5d5325fc?s=96&d=mm&r=g\",\"caption\":\"Redazione\"},\"description\":\"News e aggiornamenti sui film, serie tv, teatro e festival italiani ed internazionali.\",\"url\":\"https:\\\/\\\/www.castingnews.eu\\\/magazine\\\/author\\\/redazione\\\/\"}]}<\/script>\r\n<!-- \/ Yoast SEO plugin. -->","yoast_head_json":{"title":"Disponibile su Rai Cinema: \"I Miei Occhi\", il cortometraggio selezionato per la corsa alle nomination degli\u00a0Oscar 2023 - Casting News Magazine","description":"Da oggi \u00e8 possibile immergersi nell'affascinante mondo di \"I Miei Occhi\", il cortometraggio diretto da Tommaso Acquarone.","robots":{"index":"index","follow":"follow","max-snippet":"max-snippet:-1","max-image-preview":"max-image-preview:large","max-video-preview":"max-video-preview:-1"},"canonical":"https:\/\/www.castingnews.eu\/magazine\/2023\/08\/09\/disponibile-su-rai-cinema-i-miei-occhi-il-cortometraggio-selezionato-per-la-corsa-alle-nomination-degli-oscar-2023\/","og_locale":"it_IT","og_type":"article","og_title":"Disponibile su Rai Cinema: \"I Miei Occhi\", il cortometraggio selezionato per la corsa alle nomination degli\u00a0Oscar 2023 - Casting News Magazine","og_description":"Da oggi \u00e8 possibile immergersi nell'affascinante mondo di \"I Miei Occhi\", il cortometraggio diretto da Tommaso Acquarone.","og_url":"https:\/\/www.castingnews.eu\/magazine\/2023\/08\/09\/disponibile-su-rai-cinema-i-miei-occhi-il-cortometraggio-selezionato-per-la-corsa-alle-nomination-degli-oscar-2023\/","og_site_name":"Casting News Magazine","article_published_time":"2023-08-09T17:19:37+00:00","article_modified_time":"2023-08-09T17:19:41+00:00","og_image":[{"width":1100,"height":734,"url":"https:\/\/www.castingnews.eu\/magazine\/wp-content\/uploads\/2023\/08\/I-Miei-Occhi.jpeg","type":"image\/jpeg"}],"author":"Redazione","twitter_card":"summary_large_image","twitter_misc":{"Scritto da":"Redazione","Tempo di lettura stimato":"1 minuto"},"schema":{"@context":"https:\/\/schema.org","@graph":[{"@type":"Article","@id":"https:\/\/www.castingnews.eu\/magazine\/2023\/08\/09\/disponibile-su-rai-cinema-i-miei-occhi-il-cortometraggio-selezionato-per-la-corsa-alle-nomination-degli-oscar-2023\/#article","isPartOf":{"@id":"https:\/\/www.castingnews.eu\/magazine\/2023\/08\/09\/disponibile-su-rai-cinema-i-miei-occhi-il-cortometraggio-selezionato-per-la-corsa-alle-nomination-degli-oscar-2023\/"},"author":{"name":"Redazione","@id":"https:\/\/www.castingnews.eu\/magazine\/#\/schema\/person\/099d71c568c9a7e5e4037b1594108f17"},"headline":"Disponibile su Rai Cinema: &#8220;I Miei Occhi&#8221;, il cortometraggio selezionato per la corsa alle nomination degli\u00a0Oscar 2023","datePublished":"2023-08-09T17:19:37+00:00","dateModified":"2023-08-09T17:19:41+00:00","mainEntityOfPage":{"@id":"https:\/\/www.castingnews.eu\/magazine\/2023\/08\/09\/disponibile-su-rai-cinema-i-miei-occhi-il-cortometraggio-selezionato-per-la-corsa-alle-nomination-degli-oscar-2023\/"},"wordCount":193,"commentCount":0,"image":{"@id":"https:\/\/www.castingnews.eu\/magazine\/2023\/08\/09\/disponibile-su-rai-cinema-i-miei-occhi-il-cortometraggio-selezionato-per-la-corsa-alle-nomination-degli-oscar-2023\/#primaryimage"},"thumbnailUrl":"https:\/\/www.castingnews.eu\/magazine\/wp-content\/uploads\/2023\/08\/I-Miei-Occhi.jpeg","keywords":["Casting Magazine","Casting News","Cortometraggio","I Miei Occhi","Oscar","Rai Cinema","Redibis Film","Tommaso Acquarone"],"articleSection":["Drammatico","Italia","Liguria"],"inLanguage":"it-IT","potentialAction":[{"@type":"CommentAction","name":"Comment","target":["https:\/\/www.castingnews.eu\/magazine\/2023\/08\/09\/disponibile-su-rai-cinema-i-miei-occhi-il-cortometraggio-selezionato-per-la-corsa-alle-nomination-degli-oscar-2023\/#respond"]}]},{"@type":"WebPage","@id":"https:\/\/www.castingnews.eu\/magazine\/2023\/08\/09\/disponibile-su-rai-cinema-i-miei-occhi-il-cortometraggio-selezionato-per-la-corsa-alle-nomination-degli-oscar-2023\/","url":"https:\/\/www.castingnews.eu\/magazine\/2023\/08\/09\/disponibile-su-rai-cinema-i-miei-occhi-il-cortometraggio-selezionato-per-la-corsa-alle-nomination-degli-oscar-2023\/","name":"Disponibile su Rai Cinema: \"I Miei Occhi\", il cortometraggio selezionato per la corsa alle nomination degli\u00a0Oscar 2023 - Casting News Magazine","isPartOf":{"@id":"https:\/\/www.castingnews.eu\/magazine\/#website"},"primaryImageOfPage":{"@id":"https:\/\/www.castingnews.eu\/magazine\/2023\/08\/09\/disponibile-su-rai-cinema-i-miei-occhi-il-cortometraggio-selezionato-per-la-corsa-alle-nomination-degli-oscar-2023\/#primaryimage"},"image":{"@id":"https:\/\/www.castingnews.eu\/magazine\/2023\/08\/09\/disponibile-su-rai-cinema-i-miei-occhi-il-cortometraggio-selezionato-per-la-corsa-alle-nomination-degli-oscar-2023\/#primaryimage"},"thumbnailUrl":"https:\/\/www.castingnews.eu\/magazine\/wp-content\/uploads\/2023\/08\/I-Miei-Occhi.jpeg","datePublished":"2023-08-09T17:19:37+00:00","dateModified":"2023-08-09T17:19:41+00:00","author":{"@id":"https:\/\/www.castingnews.eu\/magazine\/#\/schema\/person\/099d71c568c9a7e5e4037b1594108f17"},"description":"Da oggi \u00e8 possibile immergersi nell'affascinante mondo di \"I Miei Occhi\", il cortometraggio diretto da Tommaso Acquarone.","breadcrumb":{"@id":"https:\/\/www.castingnews.eu\/magazine\/2023\/08\/09\/disponibile-su-rai-cinema-i-miei-occhi-il-cortometraggio-selezionato-per-la-corsa-alle-nomination-degli-oscar-2023\/#breadcrumb"},"inLanguage":"it-IT","potentialAction":[{"@type":"ReadAction","target":["https:\/\/www.castingnews.eu\/magazine\/2023\/08\/09\/disponibile-su-rai-cinema-i-miei-occhi-il-cortometraggio-selezionato-per-la-corsa-alle-nomination-degli-oscar-2023\/"]}]},{"@type":"ImageObject","inLanguage":"it-IT","@id":"https:\/\/www.castingnews.eu\/magazine\/2023\/08\/09\/disponibile-su-rai-cinema-i-miei-occhi-il-cortometraggio-selezionato-per-la-corsa-alle-nomination-degli-oscar-2023\/#primaryimage","url":"https:\/\/www.castingnews.eu\/magazine\/wp-content\/uploads\/2023\/08\/I-Miei-Occhi.jpeg","contentUrl":"https:\/\/www.castingnews.eu\/magazine\/wp-content\/uploads\/2023\/08\/I-Miei-Occhi.jpeg","width":1100,"height":734,"caption":"\"I Miei Occhi\" di Tommaso Acquarone"},{"@type":"BreadcrumbList","@id":"https:\/\/www.castingnews.eu\/magazine\/2023\/08\/09\/disponibile-su-rai-cinema-i-miei-occhi-il-cortometraggio-selezionato-per-la-corsa-alle-nomination-degli-oscar-2023\/#breadcrumb","itemListElement":[{"@type":"ListItem","position":1,"name":"Home","item":"https:\/\/www.castingnews.eu\/magazine\/"},{"@type":"ListItem","position":2,"name":"Disponibile su Rai Cinema: &#8220;I Miei Occhi&#8221;, il cortometraggio selezionato per la corsa alle nomination degli\u00a0Oscar 2023"}]},{"@type":"WebSite","@id":"https:\/\/www.castingnews.eu\/magazine\/#website","url":"https:\/\/www.castingnews.eu\/magazine\/","name":"Casting News Magazine","description":"News e aggiornamenti sui film, serie tv, teatro e festival italiani ed internazionali","potentialAction":[{"@type":"SearchAction","target":{"@type":"EntryPoint","urlTemplate":"https:\/\/www.castingnews.eu\/magazine\/?s={search_term_string}"},"query-input":{"@type":"PropertyValueSpecification","valueRequired":true,"valueName":"search_term_string"}}],"inLanguage":"it-IT"},{"@type":"Person","@id":"https:\/\/www.castingnews.eu\/magazine\/#\/schema\/person\/099d71c568c9a7e5e4037b1594108f17","name":"Redazione","image":{"@type":"ImageObject","inLanguage":"it-IT","@id":"https:\/\/secure.gravatar.com\/avatar\/b73a087aa3bd279fb70d24f1960a91c82cf67619395b60b564c90e9e5d5325fc?s=96&d=mm&r=g","url":"https:\/\/secure.gravatar.com\/avatar\/b73a087aa3bd279fb70d24f1960a91c82cf67619395b60b564c90e9e5d5325fc?s=96&d=mm&r=g","contentUrl":"https:\/\/secure.gravatar.com\/avatar\/b73a087aa3bd279fb70d24f1960a91c82cf67619395b60b564c90e9e5d5325fc?s=96&d=mm&r=g","caption":"Redazione"},"description":"News e aggiornamenti sui film, serie tv, teatro e festival italiani ed internazionali.","url":"https:\/\/www.castingnews.eu\/magazine\/author\/redazione\/"}]}},"_links":{"self":[{"href":"https:\/\/www.castingnews.eu\/magazine\/wp-json\/wp\/v2\/posts\/6762","targetHints":{"allow":["GET"]}}],"collection":[{"href":"https:\/\/www.castingnews.eu\/magazine\/wp-json\/wp\/v2\/posts"}],"about":[{"href":"https:\/\/www.castingnews.eu\/magazine\/wp-json\/wp\/v2\/types\/post"}],"author":[{"embeddable":true,"href":"https:\/\/www.castingnews.eu\/magazine\/wp-json\/wp\/v2\/users\/1"}],"replies":[{"embeddable":true,"href":"https:\/\/www.castingnews.eu\/magazine\/wp-json\/wp\/v2\/comments?post=6762"}],"version-history":[{"count":1,"href":"https:\/\/www.castingnews.eu\/magazine\/wp-json\/wp\/v2\/posts\/6762\/revisions"}],"predecessor-version":[{"id":6764,"href":"https:\/\/www.castingnews.eu\/magazine\/wp-json\/wp\/v2\/posts\/6762\/revisions\/6764"}],"wp:featuredmedia":[{"embeddable":true,"href":"https:\/\/www.castingnews.eu\/magazine\/wp-json\/wp\/v2\/media\/6763"}],"wp:attachment":[{"href":"https:\/\/www.castingnews.eu\/magazine\/wp-json\/wp\/v2\/media?parent=6762"}],"wp:term":[{"taxonomy":"category","embeddable":true,"href":"https:\/\/www.castingnews.eu\/magazine\/wp-json\/wp\/v2\/categories?post=6762"},{"taxonomy":"post_tag","embeddable":true,"href":"https:\/\/www.castingnews.eu\/magazine\/wp-json\/wp\/v2\/tags?post=6762"}],"curies":[{"name":"wp","href":"https:\/\/api.w.org\/{rel}","templated":true}]}}