{"id":6731,"date":"2023-08-05T09:27:00","date_gmt":"2023-08-05T07:27:00","guid":{"rendered":"https:\/\/www.castingnews.eu\/magazine\/?p=6731"},"modified":"2023-08-06T17:46:59","modified_gmt":"2023-08-06T15:46:59","slug":"aiff-11-allariano-international-film-festival-ascoltiamo-la-storia-del-cinema-raccontata-da-chi-lo-fa","status":"publish","type":"post","link":"https:\/\/www.castingnews.eu\/magazine\/2023\/08\/05\/aiff-11-allariano-international-film-festival-ascoltiamo-la-storia-del-cinema-raccontata-da-chi-lo-fa\/","title":{"rendered":"AIFF 11 &#8211; All\u2019Ariano International Film Festival ascoltiamo la storia del cinema raccontata da chi lo fa"},"content":{"rendered":"\n<p>La penultima giornata dell\u2019<strong>Ariano International Film Festival <\/strong>2023 ha ospitato l\u2019interessante workshop \u201cUn viaggio attraverso la cinematografia\u201d, a cura di <strong>Roberto Girometti<\/strong>. Numerosi ed entusiasti, i partecipanti hanno ascoltato dalla voce di una delle personalit\u00e0 pi\u00f9 importanti del panorama cinematografico italiano la storia della Settima Arte, ripercorrendo varie tappe fondamentali, dalle origini con i <strong>fratelli Lumi\u00e8re<\/strong> sino all\u2019et\u00e0 moderna, tra estratti video e testimonianze.<\/p><div class=\"6d3639e8c6ac292cde400fad8ff8a5b9\" data-index=\"1\" style=\"float: none; margin:10px 0 10px 0; text-align:center;\">\n<script async src=\"\/\/pagead2.googlesyndication.com\/pagead\/js\/adsbygoogle.js\"><\/script>\r\n<!-- Casting Bambini NEW -->\r\n<ins class=\"adsbygoogle\"\r\n     style=\"display:inline-block;width:336px;height:280px\"\r\n     data-ad-client=\"ca-pub-5538097485429833\"\r\n     data-ad-slot=\"5127154445\"><\/ins>\r\n<script>\r\n(adsbygoogle = window.adsbygoogle || []).push({});\r\n<\/script>\n<\/div>\n\n\n\n\n<p>Spazio anche alla presentazione del film \u201c<strong>Tic Toc<\/strong>\u201ddi <strong>Davide Scovazzo<\/strong>, accompagnato dai protagonisti <strong>Eva Henger<\/strong> e <strong>Valentino Marini<\/strong>, e dal produttore <strong>Massimiliano Caroletti<\/strong>. I tre ospiti hanno partecipato alla conferenza stampa nell\u2019atrio del Palazzo degli Uffici e al dibattito post proiezione, svoltasi nell\u2019Auditorium Comunale Lina Wertm\u00fcller.<\/p>\n\n\n\n<p>Nella giornata di sabato <strong>5 agosto<\/strong>, il <strong>Team Avengers<\/strong> \u00e8stato accolto da un bagno di folla, senza distinzioni d\u2019et\u00e0, tra grandi e piccini. <strong>Captain America<\/strong>, <strong>Black Panther<\/strong>, <strong>Shuri<\/strong>, <strong>Black Widow<\/strong>,<strong> Spider-Man<\/strong> e <strong>Wanda Maximoff<\/strong> sono stati travolti dall\u2019energia e dal calore di chi chiedeva foto insieme ai loro supereroi preferiti.<\/p>\n\n\n\n<figure class=\"wp-block-embed is-type-video is-provider-youtube wp-block-embed-youtube wp-embed-aspect-16-9 wp-has-aspect-ratio\"><div class=\"wp-block-embed__wrapper\">\n<div class=\"youtube-embed\" data-video_id=\"IZFyGwveEnM\"><iframe loading=\"lazy\" title=\"AIFFtv 2023 - Workshop&quot; Un viaggio attraverso la cinematografia&quot;\" width=\"696\" height=\"392\" src=\"https:\/\/www.youtube.com\/embed\/IZFyGwveEnM?feature=oembed&#038;enablejsapi=1\" frameborder=\"0\" allow=\"accelerometer; autoplay; clipboard-write; encrypted-media; gyroscope; picture-in-picture; web-share\" allowfullscreen><\/iframe><\/div>\n<\/div><\/figure>\n\n\n\n<p>I mitici cosplayer di <strong>Wasama Creative Factory<\/strong> torneranno per le vie della citt\u00e0 di Ariano Irpino anche domenica 6 agosto e saranno affiancati dai tanto attesi Robottoni.<\/p>\n\n\n\n<p>Domenica <strong>6 agosto<\/strong> \u00e8 la giornata che chiude ufficialmente l\u2019undicesima edizione dell\u2019<strong>Ariano International Film Festival<\/strong>. Per l\u2019occasione, sono attesi tanti prestigiosi ospiti, che intratterranno il pubblico di Ariano Irpino.<\/p>\n\n\n\n<p><strong>Rocco Papaleo<\/strong>, fresco del successo del suo ultimo lavoro da regista, <em>Scordato<\/em>, \u00e8 solo il primo dei nomi in cartellone. L\u2019attore lucano sar\u00e0 protagonista di una conferenza stampa, domenica mattina alle <strong>ore 11,30<\/strong>, presso l\u2019atrio del Palazzo degli Uffici, in compagnia del turco <strong>U\u011fur G\u00fcne\u015f<\/strong>, noto soprattutto per il ruolo di Y\u0131lmaz Akkaya nella serie \u201c<strong>Terra amara<\/strong>\u201d.<\/p>\n\n\n\n<figure class=\"wp-block-gallery has-nested-images columns-default is-cropped wp-block-gallery-1 is-layout-flex wp-block-gallery-is-layout-flex\">\n<figure class=\"wp-block-image size-large\"><img loading=\"lazy\" decoding=\"async\" width=\"1024\" height=\"1024\" data-id=\"6737\" src=\"https:\/\/www.castingnews.eu\/magazine\/wp-content\/uploads\/2023\/08\/ugur_conferenza-1024x1024.jpg\" alt=\"\" class=\"wp-image-6737\" srcset=\"https:\/\/www.castingnews.eu\/magazine\/wp-content\/uploads\/2023\/08\/ugur_conferenza-1024x1024.jpg 1024w, https:\/\/www.castingnews.eu\/magazine\/wp-content\/uploads\/2023\/08\/ugur_conferenza-300x300.jpg 300w, https:\/\/www.castingnews.eu\/magazine\/wp-content\/uploads\/2023\/08\/ugur_conferenza-150x150.jpg 150w, https:\/\/www.castingnews.eu\/magazine\/wp-content\/uploads\/2023\/08\/ugur_conferenza-768x768.jpg 768w, https:\/\/www.castingnews.eu\/magazine\/wp-content\/uploads\/2023\/08\/ugur_conferenza-1536x1536.jpg 1536w, https:\/\/www.castingnews.eu\/magazine\/wp-content\/uploads\/2023\/08\/ugur_conferenza-2048x2048.jpg 2048w, https:\/\/www.castingnews.eu\/magazine\/wp-content\/uploads\/2023\/08\/ugur_conferenza-696x696.jpg 696w, https:\/\/www.castingnews.eu\/magazine\/wp-content\/uploads\/2023\/08\/ugur_conferenza-1068x1068.jpg 1068w, https:\/\/www.castingnews.eu\/magazine\/wp-content\/uploads\/2023\/08\/ugur_conferenza-1920x1920.jpg 1920w, https:\/\/www.castingnews.eu\/magazine\/wp-content\/uploads\/2023\/08\/ugur_conferenza-420x420.jpg 420w\" sizes=\"auto, (max-width: 1024px) 100vw, 1024px\" \/><\/figure>\n\n\n\n<figure class=\"wp-block-image size-large\"><img loading=\"lazy\" decoding=\"async\" width=\"1024\" height=\"819\" data-id=\"6734\" src=\"https:\/\/www.castingnews.eu\/magazine\/wp-content\/uploads\/2023\/08\/CONFERENZA-STAMPA-FILM-TIC-TOC-EVA-HENGER-1024x819.jpg\" alt=\"\" class=\"wp-image-6734\" srcset=\"https:\/\/www.castingnews.eu\/magazine\/wp-content\/uploads\/2023\/08\/CONFERENZA-STAMPA-FILM-TIC-TOC-EVA-HENGER-1024x819.jpg 1024w, https:\/\/www.castingnews.eu\/magazine\/wp-content\/uploads\/2023\/08\/CONFERENZA-STAMPA-FILM-TIC-TOC-EVA-HENGER-300x240.jpg 300w, https:\/\/www.castingnews.eu\/magazine\/wp-content\/uploads\/2023\/08\/CONFERENZA-STAMPA-FILM-TIC-TOC-EVA-HENGER-768x614.jpg 768w, https:\/\/www.castingnews.eu\/magazine\/wp-content\/uploads\/2023\/08\/CONFERENZA-STAMPA-FILM-TIC-TOC-EVA-HENGER-696x557.jpg 696w, https:\/\/www.castingnews.eu\/magazine\/wp-content\/uploads\/2023\/08\/CONFERENZA-STAMPA-FILM-TIC-TOC-EVA-HENGER-1068x854.jpg 1068w, https:\/\/www.castingnews.eu\/magazine\/wp-content\/uploads\/2023\/08\/CONFERENZA-STAMPA-FILM-TIC-TOC-EVA-HENGER-525x420.jpg 525w, https:\/\/www.castingnews.eu\/magazine\/wp-content\/uploads\/2023\/08\/CONFERENZA-STAMPA-FILM-TIC-TOC-EVA-HENGER.jpg 1452w\" sizes=\"auto, (max-width: 1024px) 100vw, 1024px\" \/><\/figure>\n\n\n\n<figure class=\"wp-block-image size-large\"><img loading=\"lazy\" decoding=\"async\" width=\"1024\" height=\"1024\" data-id=\"6736\" src=\"https:\/\/www.castingnews.eu\/magazine\/wp-content\/uploads\/2023\/08\/PAPALEO_conferenza-1024x1024.jpg\" alt=\"\" class=\"wp-image-6736\" srcset=\"https:\/\/www.castingnews.eu\/magazine\/wp-content\/uploads\/2023\/08\/PAPALEO_conferenza-1024x1024.jpg 1024w, https:\/\/www.castingnews.eu\/magazine\/wp-content\/uploads\/2023\/08\/PAPALEO_conferenza-300x300.jpg 300w, https:\/\/www.castingnews.eu\/magazine\/wp-content\/uploads\/2023\/08\/PAPALEO_conferenza-150x150.jpg 150w, https:\/\/www.castingnews.eu\/magazine\/wp-content\/uploads\/2023\/08\/PAPALEO_conferenza-768x768.jpg 768w, https:\/\/www.castingnews.eu\/magazine\/wp-content\/uploads\/2023\/08\/PAPALEO_conferenza-1536x1536.jpg 1536w, https:\/\/www.castingnews.eu\/magazine\/wp-content\/uploads\/2023\/08\/PAPALEO_conferenza-2048x2048.jpg 2048w, https:\/\/www.castingnews.eu\/magazine\/wp-content\/uploads\/2023\/08\/PAPALEO_conferenza-696x696.jpg 696w, https:\/\/www.castingnews.eu\/magazine\/wp-content\/uploads\/2023\/08\/PAPALEO_conferenza-1068x1068.jpg 1068w, https:\/\/www.castingnews.eu\/magazine\/wp-content\/uploads\/2023\/08\/PAPALEO_conferenza-1920x1920.jpg 1920w, https:\/\/www.castingnews.eu\/magazine\/wp-content\/uploads\/2023\/08\/PAPALEO_conferenza-420x420.jpg 420w\" sizes=\"auto, (max-width: 1024px) 100vw, 1024px\" \/><\/figure>\n\n\n\n<figure class=\"wp-block-image size-large\"><img loading=\"lazy\" decoding=\"async\" width=\"1024\" height=\"576\" data-id=\"6735\" src=\"https:\/\/www.castingnews.eu\/magazine\/wp-content\/uploads\/2023\/08\/Roberto-Girometti-1024x576.jpg\" alt=\"\" class=\"wp-image-6735\" srcset=\"https:\/\/www.castingnews.eu\/magazine\/wp-content\/uploads\/2023\/08\/Roberto-Girometti-1024x576.jpg 1024w, https:\/\/www.castingnews.eu\/magazine\/wp-content\/uploads\/2023\/08\/Roberto-Girometti-300x169.jpg 300w, https:\/\/www.castingnews.eu\/magazine\/wp-content\/uploads\/2023\/08\/Roberto-Girometti-768x432.jpg 768w, https:\/\/www.castingnews.eu\/magazine\/wp-content\/uploads\/2023\/08\/Roberto-Girometti-1536x864.jpg 1536w, https:\/\/www.castingnews.eu\/magazine\/wp-content\/uploads\/2023\/08\/Roberto-Girometti-696x392.jpg 696w, https:\/\/www.castingnews.eu\/magazine\/wp-content\/uploads\/2023\/08\/Roberto-Girometti-1068x601.jpg 1068w, https:\/\/www.castingnews.eu\/magazine\/wp-content\/uploads\/2023\/08\/Roberto-Girometti-747x420.jpg 747w, https:\/\/www.castingnews.eu\/magazine\/wp-content\/uploads\/2023\/08\/Roberto-Girometti.jpg 1920w\" sizes=\"auto, (max-width: 1024px) 100vw, 1024px\" \/><\/figure>\n<\/figure>\n\n\n\n<p>I due calcheranno poi il red carpet e saliranno sul palcoscenico, durante la serata finale, che vedr\u00e0 la presenza anche di ben 5 protagonisti della serie fenomeno <strong><em>Mare fuori<\/em><\/strong>: <strong>Giuseppe Pirozzi<\/strong>, <strong>Francesco Panarella<\/strong>, <strong>Agostino Chiummariello<\/strong>, <strong>Anna Ammirati<\/strong> e <strong>Carlo Guitto<\/strong> permetteranno al pubblico di conoscere da vicino i loro beniamini. L\u2019appuntamento \u00e8 dalle ore 20,30!<\/p>\n\n\n\n<p><strong>Tutti gli eventi sono a ingresso gratuito<\/strong>.<\/p>\n\n<div style=\"font-size: 0px; height: 0px; line-height: 0px; margin: 0; padding: 0; clear: both;\"><\/div>","protected":false},"excerpt":{"rendered":"<p>La penultima giornata dell\u2019Ariano International Film Festival 2023 ha ospitato l\u2019interessante workshop \u201cUn viaggio attraverso la cinematografia\u201d, a cura di Roberto Girometti. Numerosi ed entusiasti, i partecipanti hanno ascoltato dalla voce di una delle personalit\u00e0 pi\u00f9 importanti del panorama cinematografico italiano la storia della Settima Arte, ripercorrendo varie tappe fondamentali, dalle origini con i fratelli [&hellip;]<\/p>\n","protected":false},"author":1,"featured_media":6732,"comment_status":"open","ping_status":"open","sticky":false,"template":"","format":"standard","meta":{"tdm_status":"","tdm_grid_status":"","footnotes":""},"categories":[3955,11,1533,71,21,52],"tags":[4995,5021,4813,165,5057,2651,5056,4993,272,273,1479,5052,4992,5051,4994,3078,5053,2206,5058,3429,5055,5049,5054,2649,5059],"class_list":{"0":"post-6731","1":"post","2":"type-post","3":"status-publish","4":"format-standard","5":"has-post-thumbnail","7":"category-campania","8":"category-festival","9":"category-featured","10":"category-italia-paese","11":"category-in-primo-piano","12":"category-workshop-di-cinema","13":"tag-agostino-chiummariello","14":"tag-aiff-11","15":"tag-anna-ammirati","16":"tag-ariano-international-film-festival","17":"tag-black-panther","18":"tag-black-widow","19":"tag-captain-america","20":"tag-carlo-guitto","21":"tag-casting-magazine","22":"tag-casting-news","23":"tag-davide-scovazzo","24":"tag-eva-henger","25":"tag-francesco-panarella","26":"tag-fratelli-lumiere","27":"tag-giuseppe-pirozzi","28":"tag-mare-fuori","29":"tag-roberto-girometti","30":"tag-rocco-papaleo","31":"tag-shuri","32":"tag-spider-man","33":"tag-team-avengers","34":"tag-ugur-gunes","35":"tag-valentino-marini","36":"tag-wanda-maximoff","37":"tag-wasama-creative-factory"},"yoast_head":"<!-- This site is optimized with the Yoast SEO plugin v27.4 - https:\/\/yoast.com\/product\/yoast-seo-wordpress\/ -->\r\n<title>AIFF 11 - All\u2019Ariano International Film Festival ascoltiamo la storia del cinema raccontata da chi lo fa - Casting News Magazine<\/title>\r\n<meta name=\"description\" content=\"La penultima giornata dell\u2019Ariano International Film Festival 2023 ha ospitato l\u2019interessante workshop \u201cUn viaggio attraverso la cinematografia\u201d, a cura di Roberto Girometti.\" \/>\r\n<meta name=\"robots\" content=\"index, follow, max-snippet:-1, max-image-preview:large, max-video-preview:-1\" \/>\r\n<link rel=\"canonical\" href=\"https:\/\/www.castingnews.eu\/magazine\/2023\/08\/05\/aiff-11-allariano-international-film-festival-ascoltiamo-la-storia-del-cinema-raccontata-da-chi-lo-fa\/\" \/>\r\n<meta property=\"og:locale\" content=\"it_IT\" \/>\r\n<meta property=\"og:type\" content=\"article\" \/>\r\n<meta property=\"og:title\" content=\"AIFF 11 - All\u2019Ariano International Film Festival ascoltiamo la storia del cinema raccontata da chi lo fa - Casting News Magazine\" \/>\r\n<meta property=\"og:description\" content=\"La penultima giornata dell\u2019Ariano International Film Festival 2023 ha ospitato l\u2019interessante workshop \u201cUn viaggio attraverso la cinematografia\u201d, a cura di Roberto Girometti.\" \/>\r\n<meta property=\"og:url\" content=\"https:\/\/www.castingnews.eu\/magazine\/2023\/08\/05\/aiff-11-allariano-international-film-festival-ascoltiamo-la-storia-del-cinema-raccontata-da-chi-lo-fa\/\" \/>\r\n<meta property=\"og:site_name\" content=\"Casting News Magazine\" \/>\r\n<meta property=\"article:published_time\" content=\"2023-08-05T07:27:00+00:00\" \/>\r\n<meta property=\"article:modified_time\" content=\"2023-08-06T15:46:59+00:00\" \/>\r\n<meta property=\"og:image\" content=\"https:\/\/www.castingnews.eu\/magazine\/wp-content\/uploads\/2023\/08\/Eva-Henger.jpg\" \/>\r\n\t<meta property=\"og:image:width\" content=\"1600\" \/>\r\n\t<meta property=\"og:image:height\" content=\"1276\" \/>\r\n\t<meta property=\"og:image:type\" content=\"image\/jpeg\" \/>\r\n<meta name=\"author\" content=\"Redazione\" \/>\r\n<meta name=\"twitter:card\" content=\"summary_large_image\" \/>\r\n<meta name=\"twitter:label1\" content=\"Scritto da\" \/>\n\t<meta name=\"twitter:data1\" content=\"Redazione\" \/>\n\t<meta name=\"twitter:label2\" content=\"Tempo di lettura stimato\" \/>\n\t<meta name=\"twitter:data2\" content=\"3 minuti\" \/>\r\n<script type=\"application\/ld+json\" class=\"yoast-schema-graph\">{\"@context\":\"https:\\\/\\\/schema.org\",\"@graph\":[{\"@type\":\"Article\",\"@id\":\"https:\\\/\\\/www.castingnews.eu\\\/magazine\\\/2023\\\/08\\\/05\\\/aiff-11-allariano-international-film-festival-ascoltiamo-la-storia-del-cinema-raccontata-da-chi-lo-fa\\\/#article\",\"isPartOf\":{\"@id\":\"https:\\\/\\\/www.castingnews.eu\\\/magazine\\\/2023\\\/08\\\/05\\\/aiff-11-allariano-international-film-festival-ascoltiamo-la-storia-del-cinema-raccontata-da-chi-lo-fa\\\/\"},\"author\":{\"name\":\"Redazione\",\"@id\":\"https:\\\/\\\/www.castingnews.eu\\\/magazine\\\/#\\\/schema\\\/person\\\/099d71c568c9a7e5e4037b1594108f17\"},\"headline\":\"AIFF 11 &#8211; All\u2019Ariano International Film Festival ascoltiamo la storia del cinema raccontata da chi lo fa\",\"datePublished\":\"2023-08-05T07:27:00+00:00\",\"dateModified\":\"2023-08-06T15:46:59+00:00\",\"mainEntityOfPage\":{\"@id\":\"https:\\\/\\\/www.castingnews.eu\\\/magazine\\\/2023\\\/08\\\/05\\\/aiff-11-allariano-international-film-festival-ascoltiamo-la-storia-del-cinema-raccontata-da-chi-lo-fa\\\/\"},\"wordCount\":368,\"commentCount\":0,\"image\":{\"@id\":\"https:\\\/\\\/www.castingnews.eu\\\/magazine\\\/2023\\\/08\\\/05\\\/aiff-11-allariano-international-film-festival-ascoltiamo-la-storia-del-cinema-raccontata-da-chi-lo-fa\\\/#primaryimage\"},\"thumbnailUrl\":\"https:\\\/\\\/www.castingnews.eu\\\/magazine\\\/wp-content\\\/uploads\\\/2023\\\/08\\\/Eva-Henger.jpg\",\"keywords\":[\"Agostino Chiummariello\",\"AIFF 11\",\"Anna Ammirati\",\"Ariano International Film Festival\",\"Black Panther\",\"Black Widow\",\"Captain America\",\"Carlo Guitto\",\"Casting Magazine\",\"Casting News\",\"Davide Scovazzo\",\"Eva Henger\",\"Francesco Panarella\",\"fratelli Lumi\u00e8re\",\"Giuseppe Pirozzi\",\"Mare fuori\",\"Roberto Girometti\",\"Rocco Papaleo\",\"Shuri\",\"Spider-man\",\"Team Avengers\",\"U\u011fur G\u00fcne\u015f\",\"Valentino Marini\",\"Wanda Maximoff\",\"Wasama Creative Factory\"],\"articleSection\":[\"Campania\",\"Festival\",\"In primo piano\",\"Italia\",\"Primo piano\",\"Workshop di Cinema\"],\"inLanguage\":\"it-IT\",\"potentialAction\":[{\"@type\":\"CommentAction\",\"name\":\"Comment\",\"target\":[\"https:\\\/\\\/www.castingnews.eu\\\/magazine\\\/2023\\\/08\\\/05\\\/aiff-11-allariano-international-film-festival-ascoltiamo-la-storia-del-cinema-raccontata-da-chi-lo-fa\\\/#respond\"]}]},{\"@type\":\"WebPage\",\"@id\":\"https:\\\/\\\/www.castingnews.eu\\\/magazine\\\/2023\\\/08\\\/05\\\/aiff-11-allariano-international-film-festival-ascoltiamo-la-storia-del-cinema-raccontata-da-chi-lo-fa\\\/\",\"url\":\"https:\\\/\\\/www.castingnews.eu\\\/magazine\\\/2023\\\/08\\\/05\\\/aiff-11-allariano-international-film-festival-ascoltiamo-la-storia-del-cinema-raccontata-da-chi-lo-fa\\\/\",\"name\":\"AIFF 11 - All\u2019Ariano International Film Festival ascoltiamo la storia del cinema raccontata da chi lo fa - Casting News Magazine\",\"isPartOf\":{\"@id\":\"https:\\\/\\\/www.castingnews.eu\\\/magazine\\\/#website\"},\"primaryImageOfPage\":{\"@id\":\"https:\\\/\\\/www.castingnews.eu\\\/magazine\\\/2023\\\/08\\\/05\\\/aiff-11-allariano-international-film-festival-ascoltiamo-la-storia-del-cinema-raccontata-da-chi-lo-fa\\\/#primaryimage\"},\"image\":{\"@id\":\"https:\\\/\\\/www.castingnews.eu\\\/magazine\\\/2023\\\/08\\\/05\\\/aiff-11-allariano-international-film-festival-ascoltiamo-la-storia-del-cinema-raccontata-da-chi-lo-fa\\\/#primaryimage\"},\"thumbnailUrl\":\"https:\\\/\\\/www.castingnews.eu\\\/magazine\\\/wp-content\\\/uploads\\\/2023\\\/08\\\/Eva-Henger.jpg\",\"datePublished\":\"2023-08-05T07:27:00+00:00\",\"dateModified\":\"2023-08-06T15:46:59+00:00\",\"author\":{\"@id\":\"https:\\\/\\\/www.castingnews.eu\\\/magazine\\\/#\\\/schema\\\/person\\\/099d71c568c9a7e5e4037b1594108f17\"},\"description\":\"La penultima giornata dell\u2019Ariano International Film Festival 2023 ha ospitato l\u2019interessante workshop \u201cUn viaggio attraverso la cinematografia\u201d, a cura di Roberto Girometti.\",\"breadcrumb\":{\"@id\":\"https:\\\/\\\/www.castingnews.eu\\\/magazine\\\/2023\\\/08\\\/05\\\/aiff-11-allariano-international-film-festival-ascoltiamo-la-storia-del-cinema-raccontata-da-chi-lo-fa\\\/#breadcrumb\"},\"inLanguage\":\"it-IT\",\"potentialAction\":[{\"@type\":\"ReadAction\",\"target\":[\"https:\\\/\\\/www.castingnews.eu\\\/magazine\\\/2023\\\/08\\\/05\\\/aiff-11-allariano-international-film-festival-ascoltiamo-la-storia-del-cinema-raccontata-da-chi-lo-fa\\\/\"]}]},{\"@type\":\"ImageObject\",\"inLanguage\":\"it-IT\",\"@id\":\"https:\\\/\\\/www.castingnews.eu\\\/magazine\\\/2023\\\/08\\\/05\\\/aiff-11-allariano-international-film-festival-ascoltiamo-la-storia-del-cinema-raccontata-da-chi-lo-fa\\\/#primaryimage\",\"url\":\"https:\\\/\\\/www.castingnews.eu\\\/magazine\\\/wp-content\\\/uploads\\\/2023\\\/08\\\/Eva-Henger.jpg\",\"contentUrl\":\"https:\\\/\\\/www.castingnews.eu\\\/magazine\\\/wp-content\\\/uploads\\\/2023\\\/08\\\/Eva-Henger.jpg\",\"width\":1600,\"height\":1276,\"caption\":\"Eva Henger\"},{\"@type\":\"BreadcrumbList\",\"@id\":\"https:\\\/\\\/www.castingnews.eu\\\/magazine\\\/2023\\\/08\\\/05\\\/aiff-11-allariano-international-film-festival-ascoltiamo-la-storia-del-cinema-raccontata-da-chi-lo-fa\\\/#breadcrumb\",\"itemListElement\":[{\"@type\":\"ListItem\",\"position\":1,\"name\":\"Home\",\"item\":\"https:\\\/\\\/www.castingnews.eu\\\/magazine\\\/\"},{\"@type\":\"ListItem\",\"position\":2,\"name\":\"AIFF 11 &#8211; All\u2019Ariano International Film Festival ascoltiamo la storia del cinema raccontata da chi lo fa\"}]},{\"@type\":\"WebSite\",\"@id\":\"https:\\\/\\\/www.castingnews.eu\\\/magazine\\\/#website\",\"url\":\"https:\\\/\\\/www.castingnews.eu\\\/magazine\\\/\",\"name\":\"Casting News Magazine\",\"description\":\"News e aggiornamenti sui film, serie tv, teatro e festival italiani ed internazionali\",\"potentialAction\":[{\"@type\":\"SearchAction\",\"target\":{\"@type\":\"EntryPoint\",\"urlTemplate\":\"https:\\\/\\\/www.castingnews.eu\\\/magazine\\\/?s={search_term_string}\"},\"query-input\":{\"@type\":\"PropertyValueSpecification\",\"valueRequired\":true,\"valueName\":\"search_term_string\"}}],\"inLanguage\":\"it-IT\"},{\"@type\":\"Person\",\"@id\":\"https:\\\/\\\/www.castingnews.eu\\\/magazine\\\/#\\\/schema\\\/person\\\/099d71c568c9a7e5e4037b1594108f17\",\"name\":\"Redazione\",\"image\":{\"@type\":\"ImageObject\",\"inLanguage\":\"it-IT\",\"@id\":\"https:\\\/\\\/secure.gravatar.com\\\/avatar\\\/b73a087aa3bd279fb70d24f1960a91c82cf67619395b60b564c90e9e5d5325fc?s=96&d=mm&r=g\",\"url\":\"https:\\\/\\\/secure.gravatar.com\\\/avatar\\\/b73a087aa3bd279fb70d24f1960a91c82cf67619395b60b564c90e9e5d5325fc?s=96&d=mm&r=g\",\"contentUrl\":\"https:\\\/\\\/secure.gravatar.com\\\/avatar\\\/b73a087aa3bd279fb70d24f1960a91c82cf67619395b60b564c90e9e5d5325fc?s=96&d=mm&r=g\",\"caption\":\"Redazione\"},\"description\":\"News e aggiornamenti sui film, serie tv, teatro e festival italiani ed internazionali.\",\"url\":\"https:\\\/\\\/www.castingnews.eu\\\/magazine\\\/author\\\/redazione\\\/\"}]}<\/script>\r\n<!-- \/ Yoast SEO plugin. -->","yoast_head_json":{"title":"AIFF 11 - All\u2019Ariano International Film Festival ascoltiamo la storia del cinema raccontata da chi lo fa - Casting News Magazine","description":"La penultima giornata dell\u2019Ariano International Film Festival 2023 ha ospitato l\u2019interessante workshop \u201cUn viaggio attraverso la cinematografia\u201d, a cura di Roberto Girometti.","robots":{"index":"index","follow":"follow","max-snippet":"max-snippet:-1","max-image-preview":"max-image-preview:large","max-video-preview":"max-video-preview:-1"},"canonical":"https:\/\/www.castingnews.eu\/magazine\/2023\/08\/05\/aiff-11-allariano-international-film-festival-ascoltiamo-la-storia-del-cinema-raccontata-da-chi-lo-fa\/","og_locale":"it_IT","og_type":"article","og_title":"AIFF 11 - All\u2019Ariano International Film Festival ascoltiamo la storia del cinema raccontata da chi lo fa - Casting News Magazine","og_description":"La penultima giornata dell\u2019Ariano International Film Festival 2023 ha ospitato l\u2019interessante workshop \u201cUn viaggio attraverso la cinematografia\u201d, a cura di Roberto Girometti.","og_url":"https:\/\/www.castingnews.eu\/magazine\/2023\/08\/05\/aiff-11-allariano-international-film-festival-ascoltiamo-la-storia-del-cinema-raccontata-da-chi-lo-fa\/","og_site_name":"Casting News Magazine","article_published_time":"2023-08-05T07:27:00+00:00","article_modified_time":"2023-08-06T15:46:59+00:00","og_image":[{"width":1600,"height":1276,"url":"https:\/\/www.castingnews.eu\/magazine\/wp-content\/uploads\/2023\/08\/Eva-Henger.jpg","type":"image\/jpeg"}],"author":"Redazione","twitter_card":"summary_large_image","twitter_misc":{"Scritto da":"Redazione","Tempo di lettura stimato":"3 minuti"},"schema":{"@context":"https:\/\/schema.org","@graph":[{"@type":"Article","@id":"https:\/\/www.castingnews.eu\/magazine\/2023\/08\/05\/aiff-11-allariano-international-film-festival-ascoltiamo-la-storia-del-cinema-raccontata-da-chi-lo-fa\/#article","isPartOf":{"@id":"https:\/\/www.castingnews.eu\/magazine\/2023\/08\/05\/aiff-11-allariano-international-film-festival-ascoltiamo-la-storia-del-cinema-raccontata-da-chi-lo-fa\/"},"author":{"name":"Redazione","@id":"https:\/\/www.castingnews.eu\/magazine\/#\/schema\/person\/099d71c568c9a7e5e4037b1594108f17"},"headline":"AIFF 11 &#8211; All\u2019Ariano International Film Festival ascoltiamo la storia del cinema raccontata da chi lo fa","datePublished":"2023-08-05T07:27:00+00:00","dateModified":"2023-08-06T15:46:59+00:00","mainEntityOfPage":{"@id":"https:\/\/www.castingnews.eu\/magazine\/2023\/08\/05\/aiff-11-allariano-international-film-festival-ascoltiamo-la-storia-del-cinema-raccontata-da-chi-lo-fa\/"},"wordCount":368,"commentCount":0,"image":{"@id":"https:\/\/www.castingnews.eu\/magazine\/2023\/08\/05\/aiff-11-allariano-international-film-festival-ascoltiamo-la-storia-del-cinema-raccontata-da-chi-lo-fa\/#primaryimage"},"thumbnailUrl":"https:\/\/www.castingnews.eu\/magazine\/wp-content\/uploads\/2023\/08\/Eva-Henger.jpg","keywords":["Agostino Chiummariello","AIFF 11","Anna Ammirati","Ariano International Film Festival","Black Panther","Black Widow","Captain America","Carlo Guitto","Casting Magazine","Casting News","Davide Scovazzo","Eva Henger","Francesco Panarella","fratelli Lumi\u00e8re","Giuseppe Pirozzi","Mare fuori","Roberto Girometti","Rocco Papaleo","Shuri","Spider-man","Team Avengers","U\u011fur G\u00fcne\u015f","Valentino Marini","Wanda Maximoff","Wasama Creative Factory"],"articleSection":["Campania","Festival","In primo piano","Italia","Primo piano","Workshop di Cinema"],"inLanguage":"it-IT","potentialAction":[{"@type":"CommentAction","name":"Comment","target":["https:\/\/www.castingnews.eu\/magazine\/2023\/08\/05\/aiff-11-allariano-international-film-festival-ascoltiamo-la-storia-del-cinema-raccontata-da-chi-lo-fa\/#respond"]}]},{"@type":"WebPage","@id":"https:\/\/www.castingnews.eu\/magazine\/2023\/08\/05\/aiff-11-allariano-international-film-festival-ascoltiamo-la-storia-del-cinema-raccontata-da-chi-lo-fa\/","url":"https:\/\/www.castingnews.eu\/magazine\/2023\/08\/05\/aiff-11-allariano-international-film-festival-ascoltiamo-la-storia-del-cinema-raccontata-da-chi-lo-fa\/","name":"AIFF 11 - All\u2019Ariano International Film Festival ascoltiamo la storia del cinema raccontata da chi lo fa - Casting News Magazine","isPartOf":{"@id":"https:\/\/www.castingnews.eu\/magazine\/#website"},"primaryImageOfPage":{"@id":"https:\/\/www.castingnews.eu\/magazine\/2023\/08\/05\/aiff-11-allariano-international-film-festival-ascoltiamo-la-storia-del-cinema-raccontata-da-chi-lo-fa\/#primaryimage"},"image":{"@id":"https:\/\/www.castingnews.eu\/magazine\/2023\/08\/05\/aiff-11-allariano-international-film-festival-ascoltiamo-la-storia-del-cinema-raccontata-da-chi-lo-fa\/#primaryimage"},"thumbnailUrl":"https:\/\/www.castingnews.eu\/magazine\/wp-content\/uploads\/2023\/08\/Eva-Henger.jpg","datePublished":"2023-08-05T07:27:00+00:00","dateModified":"2023-08-06T15:46:59+00:00","author":{"@id":"https:\/\/www.castingnews.eu\/magazine\/#\/schema\/person\/099d71c568c9a7e5e4037b1594108f17"},"description":"La penultima giornata dell\u2019Ariano International Film Festival 2023 ha ospitato l\u2019interessante workshop \u201cUn viaggio attraverso la cinematografia\u201d, a cura di Roberto Girometti.","breadcrumb":{"@id":"https:\/\/www.castingnews.eu\/magazine\/2023\/08\/05\/aiff-11-allariano-international-film-festival-ascoltiamo-la-storia-del-cinema-raccontata-da-chi-lo-fa\/#breadcrumb"},"inLanguage":"it-IT","potentialAction":[{"@type":"ReadAction","target":["https:\/\/www.castingnews.eu\/magazine\/2023\/08\/05\/aiff-11-allariano-international-film-festival-ascoltiamo-la-storia-del-cinema-raccontata-da-chi-lo-fa\/"]}]},{"@type":"ImageObject","inLanguage":"it-IT","@id":"https:\/\/www.castingnews.eu\/magazine\/2023\/08\/05\/aiff-11-allariano-international-film-festival-ascoltiamo-la-storia-del-cinema-raccontata-da-chi-lo-fa\/#primaryimage","url":"https:\/\/www.castingnews.eu\/magazine\/wp-content\/uploads\/2023\/08\/Eva-Henger.jpg","contentUrl":"https:\/\/www.castingnews.eu\/magazine\/wp-content\/uploads\/2023\/08\/Eva-Henger.jpg","width":1600,"height":1276,"caption":"Eva Henger"},{"@type":"BreadcrumbList","@id":"https:\/\/www.castingnews.eu\/magazine\/2023\/08\/05\/aiff-11-allariano-international-film-festival-ascoltiamo-la-storia-del-cinema-raccontata-da-chi-lo-fa\/#breadcrumb","itemListElement":[{"@type":"ListItem","position":1,"name":"Home","item":"https:\/\/www.castingnews.eu\/magazine\/"},{"@type":"ListItem","position":2,"name":"AIFF 11 &#8211; All\u2019Ariano International Film Festival ascoltiamo la storia del cinema raccontata da chi lo fa"}]},{"@type":"WebSite","@id":"https:\/\/www.castingnews.eu\/magazine\/#website","url":"https:\/\/www.castingnews.eu\/magazine\/","name":"Casting News Magazine","description":"News e aggiornamenti sui film, serie tv, teatro e festival italiani ed internazionali","potentialAction":[{"@type":"SearchAction","target":{"@type":"EntryPoint","urlTemplate":"https:\/\/www.castingnews.eu\/magazine\/?s={search_term_string}"},"query-input":{"@type":"PropertyValueSpecification","valueRequired":true,"valueName":"search_term_string"}}],"inLanguage":"it-IT"},{"@type":"Person","@id":"https:\/\/www.castingnews.eu\/magazine\/#\/schema\/person\/099d71c568c9a7e5e4037b1594108f17","name":"Redazione","image":{"@type":"ImageObject","inLanguage":"it-IT","@id":"https:\/\/secure.gravatar.com\/avatar\/b73a087aa3bd279fb70d24f1960a91c82cf67619395b60b564c90e9e5d5325fc?s=96&d=mm&r=g","url":"https:\/\/secure.gravatar.com\/avatar\/b73a087aa3bd279fb70d24f1960a91c82cf67619395b60b564c90e9e5d5325fc?s=96&d=mm&r=g","contentUrl":"https:\/\/secure.gravatar.com\/avatar\/b73a087aa3bd279fb70d24f1960a91c82cf67619395b60b564c90e9e5d5325fc?s=96&d=mm&r=g","caption":"Redazione"},"description":"News e aggiornamenti sui film, serie tv, teatro e festival italiani ed internazionali.","url":"https:\/\/www.castingnews.eu\/magazine\/author\/redazione\/"}]}},"_links":{"self":[{"href":"https:\/\/www.castingnews.eu\/magazine\/wp-json\/wp\/v2\/posts\/6731","targetHints":{"allow":["GET"]}}],"collection":[{"href":"https:\/\/www.castingnews.eu\/magazine\/wp-json\/wp\/v2\/posts"}],"about":[{"href":"https:\/\/www.castingnews.eu\/magazine\/wp-json\/wp\/v2\/types\/post"}],"author":[{"embeddable":true,"href":"https:\/\/www.castingnews.eu\/magazine\/wp-json\/wp\/v2\/users\/1"}],"replies":[{"embeddable":true,"href":"https:\/\/www.castingnews.eu\/magazine\/wp-json\/wp\/v2\/comments?post=6731"}],"version-history":[{"count":2,"href":"https:\/\/www.castingnews.eu\/magazine\/wp-json\/wp\/v2\/posts\/6731\/revisions"}],"predecessor-version":[{"id":6739,"href":"https:\/\/www.castingnews.eu\/magazine\/wp-json\/wp\/v2\/posts\/6731\/revisions\/6739"}],"wp:featuredmedia":[{"embeddable":true,"href":"https:\/\/www.castingnews.eu\/magazine\/wp-json\/wp\/v2\/media\/6732"}],"wp:attachment":[{"href":"https:\/\/www.castingnews.eu\/magazine\/wp-json\/wp\/v2\/media?parent=6731"}],"wp:term":[{"taxonomy":"category","embeddable":true,"href":"https:\/\/www.castingnews.eu\/magazine\/wp-json\/wp\/v2\/categories?post=6731"},{"taxonomy":"post_tag","embeddable":true,"href":"https:\/\/www.castingnews.eu\/magazine\/wp-json\/wp\/v2\/tags?post=6731"}],"curies":[{"name":"wp","href":"https:\/\/api.w.org\/{rel}","templated":true}]}}