{"id":6558,"date":"2023-07-22T12:38:45","date_gmt":"2023-07-22T10:38:45","guid":{"rendered":"https:\/\/www.castingnews.eu\/magazine\/?p=6558"},"modified":"2023-07-22T12:38:49","modified_gmt":"2023-07-22T10:38:49","slug":"la-legge-di-lidia-poet-2-casting-per-la-serie-con-matilda-de-angelis-ed-eduardo-scarpetta","status":"publish","type":"post","link":"https:\/\/www.castingnews.eu\/magazine\/2023\/07\/22\/la-legge-di-lidia-poet-2-casting-per-la-serie-con-matilda-de-angelis-ed-eduardo-scarpetta\/","title":{"rendered":"&#8220;La legge di Lidia Po\u00ebt 2&#8221;: Casting per la serie con Matilda De Angelis ed Eduardo Scarpetta"},"content":{"rendered":"\n<p>L&#8217;acclamata attrice Matilda De Angelis sta per riprendere i panni del carismatico personaggio di Lidia Po\u00ebt nella tanto attesa seconda stagione di <a href=\"https:\/\/www.castingnews.eu\/news\/news.asp?id_news=10425&amp;id_cat=1\"><strong>&#8220;La legge di Lidia Po\u00ebt&#8221;<\/strong><\/a>. Dopo il grande successo della prima stagione, i fan sono ansiosi di vedere cosa accadr\u00e0 alla determinata avvocata mentre affronta nuovi e complessi casi.<br>In questa serie pluripremiata prodotta da Groenlandia per Netflix, Matilda De Angelis ha conquistato il cuore del pubblico con la sua interpretazione impeccabile di Lidia Po\u00ebt, una brillante avvocata il cui talento e abilit\u00e0 sono stati costantemente messi alla prova a causa del suo genere. La trama della serie \u00e8 ispirata alla vera storia di Lidia Po\u00ebt, che ha dovuto superare numerose sfide nella sua carriera professionale a causa delle discriminazioni legate al suo essere donna.<br>Accanto a Matilda De Angelis, ritroveremo Eduardo Scarpetta nel ruolo del giornalista Jacopo Barberis, un personaggio intrigante che sar\u00e0 determinato a scoprire la verit\u00e0 dietro i complessi casi trattati dalla legge di Lidia.<\/p><div class=\"6d3639e8c6ac292cde400fad8ff8a5b9\" data-index=\"1\" style=\"float: none; margin:10px 0 10px 0; text-align:center;\">\n<script async src=\"\/\/pagead2.googlesyndication.com\/pagead\/js\/adsbygoogle.js\"><\/script>\r\n<!-- Casting Bambini NEW -->\r\n<ins class=\"adsbygoogle\"\r\n     style=\"display:inline-block;width:336px;height:280px\"\r\n     data-ad-client=\"ca-pub-5538097485429833\"\r\n     data-ad-slot=\"5127154445\"><\/ins>\r\n<script>\r\n(adsbygoogle = window.adsbygoogle || []).push({});\r\n<\/script>\n<\/div>\n\n\n\n\n<p>Per questa seconda stagione, la produzione \u00e8 alla ricerca di un bambino di uno o due anni, o anche due gemelli della stessa et\u00e0. \u00c8 un&#8217;opportunit\u00e0 emozionante per le giovani promesse di entrare nel mondo dello spettacolo e lavorare a fianco di talenti affermati come De Angelis e Scarpetta. Le riprese si terranno a partire dal 21 agosto e proseguiranno per diverse giornate di lavoro.<br>La serie &#8220;La legge di Lidia Po\u00ebt&#8221; ha ricevuto riconoscimenti importanti, tra cui il premio come Miglior Serie Crime ai Nastri d\u2019Argento Grandi Serie 2023. Il riconoscimento \u00e8 la testimonianza della qualit\u00e0 della narrazione e dell&#8217;eccellenza delle interpretazioni presenti nello show.<br>Per i candidati interessati, si preferiscono persone residenti e\/o domiciliate nella regione del Piemonte, dove avranno l&#8217;opportunit\u00e0 di essere parte integrante di una produzione di successo che ha catturato l&#8217;attenzione del pubblico nazionale e internazionale.<br>Il lavoro dei giovani attori selezionati sar\u00e0 regolarmente retribuito.<br><strong>Tutti i dettagli sono disponibili nell\u2019area riservata di Casting News Professional al seguente link: <a href=\"https:\/\/www.castingnews.eu\/news\/news.asp?id_news=10425&amp;id_cat=1\">Nuovi casting per la seconda stagione della serie Netflix \u201cLa legge di Lidia Po\u00ebt\u201d<\/a><\/strong><\/p>\n\n<div style=\"font-size: 0px; height: 0px; line-height: 0px; margin: 0; padding: 0; clear: both;\"><\/div>","protected":false},"excerpt":{"rendered":"<p>L&#8217;acclamata attrice Matilda De Angelis sta per riprendere i panni del carismatico personaggio di Lidia Po\u00ebt nella tanto attesa seconda stagione di &#8220;La legge di Lidia Po\u00ebt&#8221;. Dopo il grande successo della prima stagione, i fan sono ansiosi di vedere cosa accadr\u00e0 alla determinata avvocata mentre affronta nuovi e complessi casi.In questa serie pluripremiata prodotta [&hellip;]<\/p>\n","protected":false},"author":1,"featured_media":6559,"comment_status":"open","ping_status":"open","sticky":false,"template":"","format":"standard","meta":{"tdm_status":"","tdm_grid_status":"","footnotes":""},"categories":[1462,1463,1533,71,3963,21,31],"tags":[1631,266,1630,3676,3941,273,3940,3007,2953,4674,4673,3037,1819,1867,1118,1611],"class_list":{"0":"post-6558","1":"post","2":"type-post","3":"status-publish","4":"format-standard","5":"has-post-thumbnail","7":"category-fiction-tv","8":"category-fiction-tv-casting-provini","9":"category-featured","10":"category-italia-paese","11":"category-piemonte","12":"category-in-primo-piano","13":"category-progetti-tv","14":"tag-bambini","15":"tag-casting","16":"tag-casting-bambini","17":"tag-casting-call","18":"tag-casting-in-piemonte","19":"tag-casting-news","20":"tag-casting-piemonte","21":"tag-eduardo-scarpetta","22":"tag-groenlandia","23":"tag-la-legge-di-lidia-poet","24":"tag-la-legge-di-lidia-poet-2","25":"tag-matilda-de-angelis","26":"tag-netflix","27":"tag-piemonte","28":"tag-provini","29":"tag-serie-tv"},"yoast_head":"<!-- This site is optimized with the Yoast SEO plugin v27.4 - https:\/\/yoast.com\/product\/yoast-seo-wordpress\/ -->\r\n<title>&quot;La legge di Lidia Po\u00ebt 2&quot;: Casting per la serie con Matilda De Angelis ed Eduardo Scarpetta - Casting News Magazine<\/title>\r\n<meta name=\"description\" content=\"L&#039;acclamata attrice Matilda De Angelis sta per riprendere i panni del carismatico personaggio di Lidia Po\u00ebt nella tanto attesa seconda stagione di &quot;La legge di Lidia Po\u00ebt&quot;.\" \/>\r\n<meta name=\"robots\" content=\"index, follow, max-snippet:-1, max-image-preview:large, max-video-preview:-1\" \/>\r\n<link rel=\"canonical\" href=\"https:\/\/www.castingnews.eu\/magazine\/2023\/07\/22\/la-legge-di-lidia-poet-2-casting-per-la-serie-con-matilda-de-angelis-ed-eduardo-scarpetta\/\" \/>\r\n<meta property=\"og:locale\" content=\"it_IT\" \/>\r\n<meta property=\"og:type\" content=\"article\" \/>\r\n<meta property=\"og:title\" content=\"&quot;La legge di Lidia Po\u00ebt 2&quot;: Casting per la serie con Matilda De Angelis ed Eduardo Scarpetta - Casting News Magazine\" \/>\r\n<meta property=\"og:description\" content=\"L&#039;acclamata attrice Matilda De Angelis sta per riprendere i panni del carismatico personaggio di Lidia Po\u00ebt nella tanto attesa seconda stagione di &quot;La legge di Lidia Po\u00ebt&quot;.\" \/>\r\n<meta property=\"og:url\" content=\"https:\/\/www.castingnews.eu\/magazine\/2023\/07\/22\/la-legge-di-lidia-poet-2-casting-per-la-serie-con-matilda-de-angelis-ed-eduardo-scarpetta\/\" \/>\r\n<meta property=\"og:site_name\" content=\"Casting News Magazine\" \/>\r\n<meta property=\"article:published_time\" content=\"2023-07-22T10:38:45+00:00\" \/>\r\n<meta property=\"article:modified_time\" content=\"2023-07-22T10:38:49+00:00\" \/>\r\n<meta property=\"og:image\" content=\"https:\/\/www.castingnews.eu\/magazine\/wp-content\/uploads\/2023\/07\/La-legge-di-Lidia-Poet-2-casting-bambini.jpg\" \/>\r\n\t<meta property=\"og:image:width\" content=\"1080\" \/>\r\n\t<meta property=\"og:image:height\" content=\"566\" \/>\r\n\t<meta property=\"og:image:type\" content=\"image\/jpeg\" \/>\r\n<meta name=\"author\" content=\"Redazione\" \/>\r\n<meta name=\"twitter:card\" content=\"summary_large_image\" \/>\r\n<meta name=\"twitter:label1\" content=\"Scritto da\" \/>\n\t<meta name=\"twitter:data1\" content=\"Redazione\" \/>\n\t<meta name=\"twitter:label2\" content=\"Tempo di lettura stimato\" \/>\n\t<meta name=\"twitter:data2\" content=\"2 minuti\" \/>\r\n<script type=\"application\/ld+json\" class=\"yoast-schema-graph\">{\"@context\":\"https:\\\/\\\/schema.org\",\"@graph\":[{\"@type\":\"Article\",\"@id\":\"https:\\\/\\\/www.castingnews.eu\\\/magazine\\\/2023\\\/07\\\/22\\\/la-legge-di-lidia-poet-2-casting-per-la-serie-con-matilda-de-angelis-ed-eduardo-scarpetta\\\/#article\",\"isPartOf\":{\"@id\":\"https:\\\/\\\/www.castingnews.eu\\\/magazine\\\/2023\\\/07\\\/22\\\/la-legge-di-lidia-poet-2-casting-per-la-serie-con-matilda-de-angelis-ed-eduardo-scarpetta\\\/\"},\"author\":{\"name\":\"Redazione\",\"@id\":\"https:\\\/\\\/www.castingnews.eu\\\/magazine\\\/#\\\/schema\\\/person\\\/099d71c568c9a7e5e4037b1594108f17\"},\"headline\":\"&#8220;La legge di Lidia Po\u00ebt 2&#8221;: Casting per la serie con Matilda De Angelis ed Eduardo Scarpetta\",\"datePublished\":\"2023-07-22T10:38:45+00:00\",\"dateModified\":\"2023-07-22T10:38:49+00:00\",\"mainEntityOfPage\":{\"@id\":\"https:\\\/\\\/www.castingnews.eu\\\/magazine\\\/2023\\\/07\\\/22\\\/la-legge-di-lidia-poet-2-casting-per-la-serie-con-matilda-de-angelis-ed-eduardo-scarpetta\\\/\"},\"wordCount\":363,\"commentCount\":0,\"image\":{\"@id\":\"https:\\\/\\\/www.castingnews.eu\\\/magazine\\\/2023\\\/07\\\/22\\\/la-legge-di-lidia-poet-2-casting-per-la-serie-con-matilda-de-angelis-ed-eduardo-scarpetta\\\/#primaryimage\"},\"thumbnailUrl\":\"https:\\\/\\\/www.castingnews.eu\\\/magazine\\\/wp-content\\\/uploads\\\/2023\\\/07\\\/La-legge-di-Lidia-Poet-2-casting-bambini.jpg\",\"keywords\":[\"bambini\",\"casting\",\"casting bambini\",\"casting call\",\"Casting in Piemonte\",\"Casting News\",\"Casting Piemonte\",\"Eduardo Scarpetta\",\"Groenlandia\",\"La legge di Lidia Po\u00ebt\",\"La legge di Lidia Po\u00ebt 2\",\"Matilda De Angelis\",\"Netflix\",\"Piemonte\",\"Provini\",\"Serie tv\"],\"articleSection\":[\"Fiction TV\",\"Fiction TV\",\"In primo piano\",\"Italia\",\"Piemonte\",\"Primo piano\",\"Progetti TV\"],\"inLanguage\":\"it-IT\",\"potentialAction\":[{\"@type\":\"CommentAction\",\"name\":\"Comment\",\"target\":[\"https:\\\/\\\/www.castingnews.eu\\\/magazine\\\/2023\\\/07\\\/22\\\/la-legge-di-lidia-poet-2-casting-per-la-serie-con-matilda-de-angelis-ed-eduardo-scarpetta\\\/#respond\"]}]},{\"@type\":\"WebPage\",\"@id\":\"https:\\\/\\\/www.castingnews.eu\\\/magazine\\\/2023\\\/07\\\/22\\\/la-legge-di-lidia-poet-2-casting-per-la-serie-con-matilda-de-angelis-ed-eduardo-scarpetta\\\/\",\"url\":\"https:\\\/\\\/www.castingnews.eu\\\/magazine\\\/2023\\\/07\\\/22\\\/la-legge-di-lidia-poet-2-casting-per-la-serie-con-matilda-de-angelis-ed-eduardo-scarpetta\\\/\",\"name\":\"\\\"La legge di Lidia Po\u00ebt 2\\\": Casting per la serie con Matilda De Angelis ed Eduardo Scarpetta - Casting News Magazine\",\"isPartOf\":{\"@id\":\"https:\\\/\\\/www.castingnews.eu\\\/magazine\\\/#website\"},\"primaryImageOfPage\":{\"@id\":\"https:\\\/\\\/www.castingnews.eu\\\/magazine\\\/2023\\\/07\\\/22\\\/la-legge-di-lidia-poet-2-casting-per-la-serie-con-matilda-de-angelis-ed-eduardo-scarpetta\\\/#primaryimage\"},\"image\":{\"@id\":\"https:\\\/\\\/www.castingnews.eu\\\/magazine\\\/2023\\\/07\\\/22\\\/la-legge-di-lidia-poet-2-casting-per-la-serie-con-matilda-de-angelis-ed-eduardo-scarpetta\\\/#primaryimage\"},\"thumbnailUrl\":\"https:\\\/\\\/www.castingnews.eu\\\/magazine\\\/wp-content\\\/uploads\\\/2023\\\/07\\\/La-legge-di-Lidia-Poet-2-casting-bambini.jpg\",\"datePublished\":\"2023-07-22T10:38:45+00:00\",\"dateModified\":\"2023-07-22T10:38:49+00:00\",\"author\":{\"@id\":\"https:\\\/\\\/www.castingnews.eu\\\/magazine\\\/#\\\/schema\\\/person\\\/099d71c568c9a7e5e4037b1594108f17\"},\"description\":\"L'acclamata attrice Matilda De Angelis sta per riprendere i panni del carismatico personaggio di Lidia Po\u00ebt nella tanto attesa seconda stagione di \\\"La legge di Lidia Po\u00ebt\\\".\",\"breadcrumb\":{\"@id\":\"https:\\\/\\\/www.castingnews.eu\\\/magazine\\\/2023\\\/07\\\/22\\\/la-legge-di-lidia-poet-2-casting-per-la-serie-con-matilda-de-angelis-ed-eduardo-scarpetta\\\/#breadcrumb\"},\"inLanguage\":\"it-IT\",\"potentialAction\":[{\"@type\":\"ReadAction\",\"target\":[\"https:\\\/\\\/www.castingnews.eu\\\/magazine\\\/2023\\\/07\\\/22\\\/la-legge-di-lidia-poet-2-casting-per-la-serie-con-matilda-de-angelis-ed-eduardo-scarpetta\\\/\"]}]},{\"@type\":\"ImageObject\",\"inLanguage\":\"it-IT\",\"@id\":\"https:\\\/\\\/www.castingnews.eu\\\/magazine\\\/2023\\\/07\\\/22\\\/la-legge-di-lidia-poet-2-casting-per-la-serie-con-matilda-de-angelis-ed-eduardo-scarpetta\\\/#primaryimage\",\"url\":\"https:\\\/\\\/www.castingnews.eu\\\/magazine\\\/wp-content\\\/uploads\\\/2023\\\/07\\\/La-legge-di-Lidia-Poet-2-casting-bambini.jpg\",\"contentUrl\":\"https:\\\/\\\/www.castingnews.eu\\\/magazine\\\/wp-content\\\/uploads\\\/2023\\\/07\\\/La-legge-di-Lidia-Poet-2-casting-bambini.jpg\",\"width\":1080,\"height\":566,\"caption\":\"La legge di Lidia Poet 2, casting per la seconda stagione\"},{\"@type\":\"BreadcrumbList\",\"@id\":\"https:\\\/\\\/www.castingnews.eu\\\/magazine\\\/2023\\\/07\\\/22\\\/la-legge-di-lidia-poet-2-casting-per-la-serie-con-matilda-de-angelis-ed-eduardo-scarpetta\\\/#breadcrumb\",\"itemListElement\":[{\"@type\":\"ListItem\",\"position\":1,\"name\":\"Home\",\"item\":\"https:\\\/\\\/www.castingnews.eu\\\/magazine\\\/\"},{\"@type\":\"ListItem\",\"position\":2,\"name\":\"&#8220;La legge di Lidia Po\u00ebt 2&#8221;: Casting per la serie con Matilda De Angelis ed Eduardo Scarpetta\"}]},{\"@type\":\"WebSite\",\"@id\":\"https:\\\/\\\/www.castingnews.eu\\\/magazine\\\/#website\",\"url\":\"https:\\\/\\\/www.castingnews.eu\\\/magazine\\\/\",\"name\":\"Casting News Magazine\",\"description\":\"News e aggiornamenti sui film, serie tv, teatro e festival italiani ed internazionali\",\"potentialAction\":[{\"@type\":\"SearchAction\",\"target\":{\"@type\":\"EntryPoint\",\"urlTemplate\":\"https:\\\/\\\/www.castingnews.eu\\\/magazine\\\/?s={search_term_string}\"},\"query-input\":{\"@type\":\"PropertyValueSpecification\",\"valueRequired\":true,\"valueName\":\"search_term_string\"}}],\"inLanguage\":\"it-IT\"},{\"@type\":\"Person\",\"@id\":\"https:\\\/\\\/www.castingnews.eu\\\/magazine\\\/#\\\/schema\\\/person\\\/099d71c568c9a7e5e4037b1594108f17\",\"name\":\"Redazione\",\"image\":{\"@type\":\"ImageObject\",\"inLanguage\":\"it-IT\",\"@id\":\"https:\\\/\\\/secure.gravatar.com\\\/avatar\\\/b73a087aa3bd279fb70d24f1960a91c82cf67619395b60b564c90e9e5d5325fc?s=96&d=mm&r=g\",\"url\":\"https:\\\/\\\/secure.gravatar.com\\\/avatar\\\/b73a087aa3bd279fb70d24f1960a91c82cf67619395b60b564c90e9e5d5325fc?s=96&d=mm&r=g\",\"contentUrl\":\"https:\\\/\\\/secure.gravatar.com\\\/avatar\\\/b73a087aa3bd279fb70d24f1960a91c82cf67619395b60b564c90e9e5d5325fc?s=96&d=mm&r=g\",\"caption\":\"Redazione\"},\"description\":\"News e aggiornamenti sui film, serie tv, teatro e festival italiani ed internazionali.\",\"url\":\"https:\\\/\\\/www.castingnews.eu\\\/magazine\\\/author\\\/redazione\\\/\"}]}<\/script>\r\n<!-- \/ Yoast SEO plugin. -->","yoast_head_json":{"title":"\"La legge di Lidia Po\u00ebt 2\": Casting per la serie con Matilda De Angelis ed Eduardo Scarpetta - Casting News Magazine","description":"L'acclamata attrice Matilda De Angelis sta per riprendere i panni del carismatico personaggio di Lidia Po\u00ebt nella tanto attesa seconda stagione di \"La legge di Lidia Po\u00ebt\".","robots":{"index":"index","follow":"follow","max-snippet":"max-snippet:-1","max-image-preview":"max-image-preview:large","max-video-preview":"max-video-preview:-1"},"canonical":"https:\/\/www.castingnews.eu\/magazine\/2023\/07\/22\/la-legge-di-lidia-poet-2-casting-per-la-serie-con-matilda-de-angelis-ed-eduardo-scarpetta\/","og_locale":"it_IT","og_type":"article","og_title":"\"La legge di Lidia Po\u00ebt 2\": Casting per la serie con Matilda De Angelis ed Eduardo Scarpetta - Casting News Magazine","og_description":"L'acclamata attrice Matilda De Angelis sta per riprendere i panni del carismatico personaggio di Lidia Po\u00ebt nella tanto attesa seconda stagione di \"La legge di Lidia Po\u00ebt\".","og_url":"https:\/\/www.castingnews.eu\/magazine\/2023\/07\/22\/la-legge-di-lidia-poet-2-casting-per-la-serie-con-matilda-de-angelis-ed-eduardo-scarpetta\/","og_site_name":"Casting News Magazine","article_published_time":"2023-07-22T10:38:45+00:00","article_modified_time":"2023-07-22T10:38:49+00:00","og_image":[{"width":1080,"height":566,"url":"https:\/\/www.castingnews.eu\/magazine\/wp-content\/uploads\/2023\/07\/La-legge-di-Lidia-Poet-2-casting-bambini.jpg","type":"image\/jpeg"}],"author":"Redazione","twitter_card":"summary_large_image","twitter_misc":{"Scritto da":"Redazione","Tempo di lettura stimato":"2 minuti"},"schema":{"@context":"https:\/\/schema.org","@graph":[{"@type":"Article","@id":"https:\/\/www.castingnews.eu\/magazine\/2023\/07\/22\/la-legge-di-lidia-poet-2-casting-per-la-serie-con-matilda-de-angelis-ed-eduardo-scarpetta\/#article","isPartOf":{"@id":"https:\/\/www.castingnews.eu\/magazine\/2023\/07\/22\/la-legge-di-lidia-poet-2-casting-per-la-serie-con-matilda-de-angelis-ed-eduardo-scarpetta\/"},"author":{"name":"Redazione","@id":"https:\/\/www.castingnews.eu\/magazine\/#\/schema\/person\/099d71c568c9a7e5e4037b1594108f17"},"headline":"&#8220;La legge di Lidia Po\u00ebt 2&#8221;: Casting per la serie con Matilda De Angelis ed Eduardo Scarpetta","datePublished":"2023-07-22T10:38:45+00:00","dateModified":"2023-07-22T10:38:49+00:00","mainEntityOfPage":{"@id":"https:\/\/www.castingnews.eu\/magazine\/2023\/07\/22\/la-legge-di-lidia-poet-2-casting-per-la-serie-con-matilda-de-angelis-ed-eduardo-scarpetta\/"},"wordCount":363,"commentCount":0,"image":{"@id":"https:\/\/www.castingnews.eu\/magazine\/2023\/07\/22\/la-legge-di-lidia-poet-2-casting-per-la-serie-con-matilda-de-angelis-ed-eduardo-scarpetta\/#primaryimage"},"thumbnailUrl":"https:\/\/www.castingnews.eu\/magazine\/wp-content\/uploads\/2023\/07\/La-legge-di-Lidia-Poet-2-casting-bambini.jpg","keywords":["bambini","casting","casting bambini","casting call","Casting in Piemonte","Casting News","Casting Piemonte","Eduardo Scarpetta","Groenlandia","La legge di Lidia Po\u00ebt","La legge di Lidia Po\u00ebt 2","Matilda De Angelis","Netflix","Piemonte","Provini","Serie tv"],"articleSection":["Fiction TV","Fiction TV","In primo piano","Italia","Piemonte","Primo piano","Progetti TV"],"inLanguage":"it-IT","potentialAction":[{"@type":"CommentAction","name":"Comment","target":["https:\/\/www.castingnews.eu\/magazine\/2023\/07\/22\/la-legge-di-lidia-poet-2-casting-per-la-serie-con-matilda-de-angelis-ed-eduardo-scarpetta\/#respond"]}]},{"@type":"WebPage","@id":"https:\/\/www.castingnews.eu\/magazine\/2023\/07\/22\/la-legge-di-lidia-poet-2-casting-per-la-serie-con-matilda-de-angelis-ed-eduardo-scarpetta\/","url":"https:\/\/www.castingnews.eu\/magazine\/2023\/07\/22\/la-legge-di-lidia-poet-2-casting-per-la-serie-con-matilda-de-angelis-ed-eduardo-scarpetta\/","name":"\"La legge di Lidia Po\u00ebt 2\": Casting per la serie con Matilda De Angelis ed Eduardo Scarpetta - Casting News Magazine","isPartOf":{"@id":"https:\/\/www.castingnews.eu\/magazine\/#website"},"primaryImageOfPage":{"@id":"https:\/\/www.castingnews.eu\/magazine\/2023\/07\/22\/la-legge-di-lidia-poet-2-casting-per-la-serie-con-matilda-de-angelis-ed-eduardo-scarpetta\/#primaryimage"},"image":{"@id":"https:\/\/www.castingnews.eu\/magazine\/2023\/07\/22\/la-legge-di-lidia-poet-2-casting-per-la-serie-con-matilda-de-angelis-ed-eduardo-scarpetta\/#primaryimage"},"thumbnailUrl":"https:\/\/www.castingnews.eu\/magazine\/wp-content\/uploads\/2023\/07\/La-legge-di-Lidia-Poet-2-casting-bambini.jpg","datePublished":"2023-07-22T10:38:45+00:00","dateModified":"2023-07-22T10:38:49+00:00","author":{"@id":"https:\/\/www.castingnews.eu\/magazine\/#\/schema\/person\/099d71c568c9a7e5e4037b1594108f17"},"description":"L'acclamata attrice Matilda De Angelis sta per riprendere i panni del carismatico personaggio di Lidia Po\u00ebt nella tanto attesa seconda stagione di \"La legge di Lidia Po\u00ebt\".","breadcrumb":{"@id":"https:\/\/www.castingnews.eu\/magazine\/2023\/07\/22\/la-legge-di-lidia-poet-2-casting-per-la-serie-con-matilda-de-angelis-ed-eduardo-scarpetta\/#breadcrumb"},"inLanguage":"it-IT","potentialAction":[{"@type":"ReadAction","target":["https:\/\/www.castingnews.eu\/magazine\/2023\/07\/22\/la-legge-di-lidia-poet-2-casting-per-la-serie-con-matilda-de-angelis-ed-eduardo-scarpetta\/"]}]},{"@type":"ImageObject","inLanguage":"it-IT","@id":"https:\/\/www.castingnews.eu\/magazine\/2023\/07\/22\/la-legge-di-lidia-poet-2-casting-per-la-serie-con-matilda-de-angelis-ed-eduardo-scarpetta\/#primaryimage","url":"https:\/\/www.castingnews.eu\/magazine\/wp-content\/uploads\/2023\/07\/La-legge-di-Lidia-Poet-2-casting-bambini.jpg","contentUrl":"https:\/\/www.castingnews.eu\/magazine\/wp-content\/uploads\/2023\/07\/La-legge-di-Lidia-Poet-2-casting-bambini.jpg","width":1080,"height":566,"caption":"La legge di Lidia Poet 2, casting per la seconda stagione"},{"@type":"BreadcrumbList","@id":"https:\/\/www.castingnews.eu\/magazine\/2023\/07\/22\/la-legge-di-lidia-poet-2-casting-per-la-serie-con-matilda-de-angelis-ed-eduardo-scarpetta\/#breadcrumb","itemListElement":[{"@type":"ListItem","position":1,"name":"Home","item":"https:\/\/www.castingnews.eu\/magazine\/"},{"@type":"ListItem","position":2,"name":"&#8220;La legge di Lidia Po\u00ebt 2&#8221;: Casting per la serie con Matilda De Angelis ed Eduardo Scarpetta"}]},{"@type":"WebSite","@id":"https:\/\/www.castingnews.eu\/magazine\/#website","url":"https:\/\/www.castingnews.eu\/magazine\/","name":"Casting News Magazine","description":"News e aggiornamenti sui film, serie tv, teatro e festival italiani ed internazionali","potentialAction":[{"@type":"SearchAction","target":{"@type":"EntryPoint","urlTemplate":"https:\/\/www.castingnews.eu\/magazine\/?s={search_term_string}"},"query-input":{"@type":"PropertyValueSpecification","valueRequired":true,"valueName":"search_term_string"}}],"inLanguage":"it-IT"},{"@type":"Person","@id":"https:\/\/www.castingnews.eu\/magazine\/#\/schema\/person\/099d71c568c9a7e5e4037b1594108f17","name":"Redazione","image":{"@type":"ImageObject","inLanguage":"it-IT","@id":"https:\/\/secure.gravatar.com\/avatar\/b73a087aa3bd279fb70d24f1960a91c82cf67619395b60b564c90e9e5d5325fc?s=96&d=mm&r=g","url":"https:\/\/secure.gravatar.com\/avatar\/b73a087aa3bd279fb70d24f1960a91c82cf67619395b60b564c90e9e5d5325fc?s=96&d=mm&r=g","contentUrl":"https:\/\/secure.gravatar.com\/avatar\/b73a087aa3bd279fb70d24f1960a91c82cf67619395b60b564c90e9e5d5325fc?s=96&d=mm&r=g","caption":"Redazione"},"description":"News e aggiornamenti sui film, serie tv, teatro e festival italiani ed internazionali.","url":"https:\/\/www.castingnews.eu\/magazine\/author\/redazione\/"}]}},"_links":{"self":[{"href":"https:\/\/www.castingnews.eu\/magazine\/wp-json\/wp\/v2\/posts\/6558","targetHints":{"allow":["GET"]}}],"collection":[{"href":"https:\/\/www.castingnews.eu\/magazine\/wp-json\/wp\/v2\/posts"}],"about":[{"href":"https:\/\/www.castingnews.eu\/magazine\/wp-json\/wp\/v2\/types\/post"}],"author":[{"embeddable":true,"href":"https:\/\/www.castingnews.eu\/magazine\/wp-json\/wp\/v2\/users\/1"}],"replies":[{"embeddable":true,"href":"https:\/\/www.castingnews.eu\/magazine\/wp-json\/wp\/v2\/comments?post=6558"}],"version-history":[{"count":1,"href":"https:\/\/www.castingnews.eu\/magazine\/wp-json\/wp\/v2\/posts\/6558\/revisions"}],"predecessor-version":[{"id":6560,"href":"https:\/\/www.castingnews.eu\/magazine\/wp-json\/wp\/v2\/posts\/6558\/revisions\/6560"}],"wp:featuredmedia":[{"embeddable":true,"href":"https:\/\/www.castingnews.eu\/magazine\/wp-json\/wp\/v2\/media\/6559"}],"wp:attachment":[{"href":"https:\/\/www.castingnews.eu\/magazine\/wp-json\/wp\/v2\/media?parent=6558"}],"wp:term":[{"taxonomy":"category","embeddable":true,"href":"https:\/\/www.castingnews.eu\/magazine\/wp-json\/wp\/v2\/categories?post=6558"},{"taxonomy":"post_tag","embeddable":true,"href":"https:\/\/www.castingnews.eu\/magazine\/wp-json\/wp\/v2\/tags?post=6558"}],"curies":[{"name":"wp","href":"https:\/\/api.w.org\/{rel}","templated":true}]}}