{"id":6537,"date":"2023-07-19T13:38:09","date_gmt":"2023-07-19T11:38:09","guid":{"rendered":"https:\/\/www.castingnews.eu\/magazine\/?p=6537"},"modified":"2023-07-19T13:38:11","modified_gmt":"2023-07-19T11:38:11","slug":"casting-a-roma-per-il-lungometraggio-wilhelm-tell-si-cercano-uomini-tra-i-23-e-i-45-anni","status":"publish","type":"post","link":"https:\/\/www.castingnews.eu\/magazine\/2023\/07\/19\/casting-a-roma-per-il-lungometraggio-wilhelm-tell-si-cercano-uomini-tra-i-23-e-i-45-anni\/","title":{"rendered":"Casting a Roma per il lungometraggio \u201cWilhelm Tell\u201d: Si cercano uomini tra i 23 e i 45 anni"},"content":{"rendered":"\n<p>Casting aperti a <strong>Roma <\/strong>per un nuovo <strong>progetto cinematografico<\/strong> intitolato<strong><a href=\"https:\/\/www.castingnews.eu\/news\/news.asp?id_news=10418&amp;id_cat=2\"> &#8220;Wilhelm Tell&#8221;<\/a><\/strong>, basato sulla leggendaria figura svizzera di Guglielmo Tell. Con l&#8217;obiettivo di trasportare gli spettatori nel XIII e XIV secolo, il casting \u00e8 alla ricerca di uomini con caratteristiche fisiche e somatiche adeguate all&#8217;epoca, per dare vita a questo leggendario combattente per la libert\u00e0.<br>Il protagonista di &#8220;Wilhelm Tell&#8221; sar\u00e0 il leggendario eroe <strong>Guglielmo Tell<\/strong>, che si \u00e8 distinto come combattente per la libert\u00e0 in nome della confederazione svizzera. Per portare questo personaggio alla vita sul grande schermo, la produzione \u00e8 alla ricerca di uomini di et\u00e0 compresa tra i 23 e i 45 anni, disposti ad abbracciare l&#8217;essenza dell&#8217;eroe svizzero.<\/p><div class=\"6d3639e8c6ac292cde400fad8ff8a5b9\" data-index=\"1\" style=\"float: none; margin:10px 0 10px 0; text-align:center;\">\n<script async src=\"\/\/pagead2.googlesyndication.com\/pagead\/js\/adsbygoogle.js\"><\/script>\r\n<!-- Casting Bambini NEW -->\r\n<ins class=\"adsbygoogle\"\r\n     style=\"display:inline-block;width:336px;height:280px\"\r\n     data-ad-client=\"ca-pub-5538097485429833\"\r\n     data-ad-slot=\"5127154445\"><\/ins>\r\n<script>\r\n(adsbygoogle = window.adsbygoogle || []).push({});\r\n<\/script>\n<\/div>\n\n\n\n\n<p>Poich\u00e9 &#8220;Wilhelm Tell&#8221; \u00e8 ambientato in un&#8217;epoca passata, la produzione richiede particolari caratteristiche fisiche per i candidati. Tra i requisiti richiesti ci sono una carnagione chiara, la disponibilit\u00e0 a tagliarsi i capelli in uno stile appropriato per l&#8217;epoca e un&#8217;altezza minima di 180 cm. La corporatura prestante e la taglia minima 52 saranno valutate per assicurarsi che i candidati corrispondano all&#8217;immagine di un guerriero dell&#8217;epoca.<br>Le riprese del film &#8220;Wilhelm Tell&#8221; inizieranno a Roma e dintorni a fine agosto e si protrarranno fino a novembre 2023. Questo dar\u00e0 ai partecipanti l&#8217;opportunit\u00e0 di immergersi completamente nel mondo dell&#8217;epoca e di sperimentare la sensazione di essere parte di una produzione cinematografica ambiziosa.<\/p>\n\n\n\n<p>La storia di Guglielmo Tell \u00e8 diventata un simbolo di coraggio e determinazione per molte generazioni. Il film si propone di raccontare la storia di questo eroe popolare della Svizzera, il quale si trasform\u00f2 in un leggendario combattente per la libert\u00e0, difendendo i valori della confederazione. La narrazione affascinante porter\u00e0 lo spettatore in un viaggio attraverso avventure epiche, intrighi politici e momenti toccanti.<br><strong>Tutti i dettagli sono disponibili nell\u2019area riservata di Casting News Professional al seguente link: <a href=\"https:\/\/www.castingnews.eu\/news\/news.asp?id_news=10418&amp;id_cat=2\">\u201cGuglielmo Tell\u201d, si cercano uomini dai 23 ai 45 anni per un film che si girer\u00e0 a Roma<\/a><\/strong><\/p>\n\n<div style=\"font-size: 0px; height: 0px; line-height: 0px; margin: 0; padding: 0; clear: both;\"><\/div>","protected":false},"excerpt":{"rendered":"<p>Casting aperti a Roma per un nuovo progetto cinematografico intitolato &#8220;Wilhelm Tell&#8221;, basato sulla leggendaria figura svizzera di Guglielmo Tell. Con l&#8217;obiettivo di trasportare gli spettatori nel XIII e XIV secolo, il casting \u00e8 alla ricerca di uomini con caratteristiche fisiche e somatiche adeguate all&#8217;epoca, per dare vita a questo leggendario combattente per la libert\u00e0.Il [&hellip;]<\/p>\n","protected":false},"author":1,"featured_media":6538,"comment_status":"open","ping_status":"open","sticky":false,"template":"","format":"standard","meta":{"tdm_status":"","tdm_grid_status":"","footnotes":""},"categories":[3,4,1533,71,3958,21,30,38],"tags":[266,1715,3676,272,273,3590,2953,4917,1470,1113,1118,1193,4916],"class_list":{"0":"post-6537","1":"post","2":"type-post","3":"status-publish","4":"format-standard","5":"has-post-thumbnail","7":"category-casting-cinematografici","8":"category-cinema-casting","9":"category-featured","10":"category-italia-paese","11":"category-lazio","12":"category-in-primo-piano","13":"category-progetti-cinematografici","14":"category-storico","15":"tag-casting","16":"tag-casting-a-roma","17":"tag-casting-call","18":"tag-casting-magazine","19":"tag-casting-news","20":"tag-casting-roma","21":"tag-groenlandia","22":"tag-guglielmo-tell","23":"tag-lazio","24":"tag-progetto-cinematografico","25":"tag-provini","26":"tag-roma","27":"tag-wilhelm-tell"},"yoast_head":"<!-- This site is optimized with the Yoast SEO plugin v27.4 - https:\/\/yoast.com\/product\/yoast-seo-wordpress\/ -->\r\n<title>Casting a Roma per il lungometraggio \u201cWilhelm Tell\u201d: Si cercano uomini tra i 23 e i 45 anni - Casting News Magazine<\/title>\r\n<meta name=\"description\" content=\"Casting aperti a Roma per un nuovo film dal titolo &quot;Wilhelm Tell&quot;, basato sulla leggendaria figura svizzera di Guglielmo Tell.\" \/>\r\n<meta name=\"robots\" content=\"index, follow, max-snippet:-1, max-image-preview:large, max-video-preview:-1\" \/>\r\n<link rel=\"canonical\" href=\"https:\/\/www.castingnews.eu\/magazine\/2023\/07\/19\/casting-a-roma-per-il-lungometraggio-wilhelm-tell-si-cercano-uomini-tra-i-23-e-i-45-anni\/\" \/>\r\n<meta property=\"og:locale\" content=\"it_IT\" \/>\r\n<meta property=\"og:type\" content=\"article\" \/>\r\n<meta property=\"og:title\" content=\"Casting a Roma per il lungometraggio \u201cWilhelm Tell\u201d: Si cercano uomini tra i 23 e i 45 anni - Casting News Magazine\" \/>\r\n<meta property=\"og:description\" content=\"Casting aperti a Roma per un nuovo film dal titolo &quot;Wilhelm Tell&quot;, basato sulla leggendaria figura svizzera di Guglielmo Tell.\" \/>\r\n<meta property=\"og:url\" content=\"https:\/\/www.castingnews.eu\/magazine\/2023\/07\/19\/casting-a-roma-per-il-lungometraggio-wilhelm-tell-si-cercano-uomini-tra-i-23-e-i-45-anni\/\" \/>\r\n<meta property=\"og:site_name\" content=\"Casting News Magazine\" \/>\r\n<meta property=\"article:published_time\" content=\"2023-07-19T11:38:09+00:00\" \/>\r\n<meta property=\"article:modified_time\" content=\"2023-07-19T11:38:11+00:00\" \/>\r\n<meta property=\"og:image\" content=\"https:\/\/www.castingnews.eu\/magazine\/wp-content\/uploads\/2023\/07\/Wilhelm-Tell-casting-a-Roma.jpg\" \/>\r\n\t<meta property=\"og:image:width\" content=\"1080\" \/>\r\n\t<meta property=\"og:image:height\" content=\"566\" \/>\r\n\t<meta property=\"og:image:type\" content=\"image\/jpeg\" \/>\r\n<meta name=\"author\" content=\"Redazione\" \/>\r\n<meta name=\"twitter:card\" content=\"summary_large_image\" \/>\r\n<meta name=\"twitter:label1\" content=\"Scritto da\" \/>\n\t<meta name=\"twitter:data1\" content=\"Redazione\" \/>\n\t<meta name=\"twitter:label2\" content=\"Tempo di lettura stimato\" \/>\n\t<meta name=\"twitter:data2\" content=\"2 minuti\" \/>\r\n<script type=\"application\/ld+json\" class=\"yoast-schema-graph\">{\"@context\":\"https:\\\/\\\/schema.org\",\"@graph\":[{\"@type\":\"Article\",\"@id\":\"https:\\\/\\\/www.castingnews.eu\\\/magazine\\\/2023\\\/07\\\/19\\\/casting-a-roma-per-il-lungometraggio-wilhelm-tell-si-cercano-uomini-tra-i-23-e-i-45-anni\\\/#article\",\"isPartOf\":{\"@id\":\"https:\\\/\\\/www.castingnews.eu\\\/magazine\\\/2023\\\/07\\\/19\\\/casting-a-roma-per-il-lungometraggio-wilhelm-tell-si-cercano-uomini-tra-i-23-e-i-45-anni\\\/\"},\"author\":{\"name\":\"Redazione\",\"@id\":\"https:\\\/\\\/www.castingnews.eu\\\/magazine\\\/#\\\/schema\\\/person\\\/099d71c568c9a7e5e4037b1594108f17\"},\"headline\":\"Casting a Roma per il lungometraggio \u201cWilhelm Tell\u201d: Si cercano uomini tra i 23 e i 45 anni\",\"datePublished\":\"2023-07-19T11:38:09+00:00\",\"dateModified\":\"2023-07-19T11:38:11+00:00\",\"mainEntityOfPage\":{\"@id\":\"https:\\\/\\\/www.castingnews.eu\\\/magazine\\\/2023\\\/07\\\/19\\\/casting-a-roma-per-il-lungometraggio-wilhelm-tell-si-cercano-uomini-tra-i-23-e-i-45-anni\\\/\"},\"wordCount\":333,\"commentCount\":0,\"image\":{\"@id\":\"https:\\\/\\\/www.castingnews.eu\\\/magazine\\\/2023\\\/07\\\/19\\\/casting-a-roma-per-il-lungometraggio-wilhelm-tell-si-cercano-uomini-tra-i-23-e-i-45-anni\\\/#primaryimage\"},\"thumbnailUrl\":\"https:\\\/\\\/www.castingnews.eu\\\/magazine\\\/wp-content\\\/uploads\\\/2023\\\/07\\\/Wilhelm-Tell-casting-a-Roma.jpg\",\"keywords\":[\"casting\",\"Casting a Roma\",\"casting call\",\"Casting Magazine\",\"Casting News\",\"Casting Roma\",\"Groenlandia\",\"Guglielmo Tell\",\"Lazio\",\"progetto cinematografico\",\"Provini\",\"Roma\",\"Wilhelm Tell\"],\"articleSection\":[\"Casting Cinematografici\",\"Cinema\",\"In primo piano\",\"Italia\",\"Lazio\",\"Primo piano\",\"Progetti cinematografici\",\"Storico\"],\"inLanguage\":\"it-IT\",\"potentialAction\":[{\"@type\":\"CommentAction\",\"name\":\"Comment\",\"target\":[\"https:\\\/\\\/www.castingnews.eu\\\/magazine\\\/2023\\\/07\\\/19\\\/casting-a-roma-per-il-lungometraggio-wilhelm-tell-si-cercano-uomini-tra-i-23-e-i-45-anni\\\/#respond\"]}]},{\"@type\":\"WebPage\",\"@id\":\"https:\\\/\\\/www.castingnews.eu\\\/magazine\\\/2023\\\/07\\\/19\\\/casting-a-roma-per-il-lungometraggio-wilhelm-tell-si-cercano-uomini-tra-i-23-e-i-45-anni\\\/\",\"url\":\"https:\\\/\\\/www.castingnews.eu\\\/magazine\\\/2023\\\/07\\\/19\\\/casting-a-roma-per-il-lungometraggio-wilhelm-tell-si-cercano-uomini-tra-i-23-e-i-45-anni\\\/\",\"name\":\"Casting a Roma per il lungometraggio \u201cWilhelm Tell\u201d: Si cercano uomini tra i 23 e i 45 anni - Casting News Magazine\",\"isPartOf\":{\"@id\":\"https:\\\/\\\/www.castingnews.eu\\\/magazine\\\/#website\"},\"primaryImageOfPage\":{\"@id\":\"https:\\\/\\\/www.castingnews.eu\\\/magazine\\\/2023\\\/07\\\/19\\\/casting-a-roma-per-il-lungometraggio-wilhelm-tell-si-cercano-uomini-tra-i-23-e-i-45-anni\\\/#primaryimage\"},\"image\":{\"@id\":\"https:\\\/\\\/www.castingnews.eu\\\/magazine\\\/2023\\\/07\\\/19\\\/casting-a-roma-per-il-lungometraggio-wilhelm-tell-si-cercano-uomini-tra-i-23-e-i-45-anni\\\/#primaryimage\"},\"thumbnailUrl\":\"https:\\\/\\\/www.castingnews.eu\\\/magazine\\\/wp-content\\\/uploads\\\/2023\\\/07\\\/Wilhelm-Tell-casting-a-Roma.jpg\",\"datePublished\":\"2023-07-19T11:38:09+00:00\",\"dateModified\":\"2023-07-19T11:38:11+00:00\",\"author\":{\"@id\":\"https:\\\/\\\/www.castingnews.eu\\\/magazine\\\/#\\\/schema\\\/person\\\/099d71c568c9a7e5e4037b1594108f17\"},\"description\":\"Casting aperti a Roma per un nuovo film dal titolo \\\"Wilhelm Tell\\\", basato sulla leggendaria figura svizzera di Guglielmo Tell.\",\"breadcrumb\":{\"@id\":\"https:\\\/\\\/www.castingnews.eu\\\/magazine\\\/2023\\\/07\\\/19\\\/casting-a-roma-per-il-lungometraggio-wilhelm-tell-si-cercano-uomini-tra-i-23-e-i-45-anni\\\/#breadcrumb\"},\"inLanguage\":\"it-IT\",\"potentialAction\":[{\"@type\":\"ReadAction\",\"target\":[\"https:\\\/\\\/www.castingnews.eu\\\/magazine\\\/2023\\\/07\\\/19\\\/casting-a-roma-per-il-lungometraggio-wilhelm-tell-si-cercano-uomini-tra-i-23-e-i-45-anni\\\/\"]}]},{\"@type\":\"ImageObject\",\"inLanguage\":\"it-IT\",\"@id\":\"https:\\\/\\\/www.castingnews.eu\\\/magazine\\\/2023\\\/07\\\/19\\\/casting-a-roma-per-il-lungometraggio-wilhelm-tell-si-cercano-uomini-tra-i-23-e-i-45-anni\\\/#primaryimage\",\"url\":\"https:\\\/\\\/www.castingnews.eu\\\/magazine\\\/wp-content\\\/uploads\\\/2023\\\/07\\\/Wilhelm-Tell-casting-a-Roma.jpg\",\"contentUrl\":\"https:\\\/\\\/www.castingnews.eu\\\/magazine\\\/wp-content\\\/uploads\\\/2023\\\/07\\\/Wilhelm-Tell-casting-a-Roma.jpg\",\"width\":1080,\"height\":566,\"caption\":\"Wilhelm Tell, casting a Roma per uomini tra i 23 e i 45 anni\"},{\"@type\":\"BreadcrumbList\",\"@id\":\"https:\\\/\\\/www.castingnews.eu\\\/magazine\\\/2023\\\/07\\\/19\\\/casting-a-roma-per-il-lungometraggio-wilhelm-tell-si-cercano-uomini-tra-i-23-e-i-45-anni\\\/#breadcrumb\",\"itemListElement\":[{\"@type\":\"ListItem\",\"position\":1,\"name\":\"Home\",\"item\":\"https:\\\/\\\/www.castingnews.eu\\\/magazine\\\/\"},{\"@type\":\"ListItem\",\"position\":2,\"name\":\"Casting a Roma per il lungometraggio \u201cWilhelm Tell\u201d: Si cercano uomini tra i 23 e i 45 anni\"}]},{\"@type\":\"WebSite\",\"@id\":\"https:\\\/\\\/www.castingnews.eu\\\/magazine\\\/#website\",\"url\":\"https:\\\/\\\/www.castingnews.eu\\\/magazine\\\/\",\"name\":\"Casting News Magazine\",\"description\":\"News e aggiornamenti sui film, serie tv, teatro e festival italiani ed internazionali\",\"potentialAction\":[{\"@type\":\"SearchAction\",\"target\":{\"@type\":\"EntryPoint\",\"urlTemplate\":\"https:\\\/\\\/www.castingnews.eu\\\/magazine\\\/?s={search_term_string}\"},\"query-input\":{\"@type\":\"PropertyValueSpecification\",\"valueRequired\":true,\"valueName\":\"search_term_string\"}}],\"inLanguage\":\"it-IT\"},{\"@type\":\"Person\",\"@id\":\"https:\\\/\\\/www.castingnews.eu\\\/magazine\\\/#\\\/schema\\\/person\\\/099d71c568c9a7e5e4037b1594108f17\",\"name\":\"Redazione\",\"image\":{\"@type\":\"ImageObject\",\"inLanguage\":\"it-IT\",\"@id\":\"https:\\\/\\\/secure.gravatar.com\\\/avatar\\\/b73a087aa3bd279fb70d24f1960a91c82cf67619395b60b564c90e9e5d5325fc?s=96&d=mm&r=g\",\"url\":\"https:\\\/\\\/secure.gravatar.com\\\/avatar\\\/b73a087aa3bd279fb70d24f1960a91c82cf67619395b60b564c90e9e5d5325fc?s=96&d=mm&r=g\",\"contentUrl\":\"https:\\\/\\\/secure.gravatar.com\\\/avatar\\\/b73a087aa3bd279fb70d24f1960a91c82cf67619395b60b564c90e9e5d5325fc?s=96&d=mm&r=g\",\"caption\":\"Redazione\"},\"description\":\"News e aggiornamenti sui film, serie tv, teatro e festival italiani ed internazionali.\",\"url\":\"https:\\\/\\\/www.castingnews.eu\\\/magazine\\\/author\\\/redazione\\\/\"}]}<\/script>\r\n<!-- \/ Yoast SEO plugin. -->","yoast_head_json":{"title":"Casting a Roma per il lungometraggio \u201cWilhelm Tell\u201d: Si cercano uomini tra i 23 e i 45 anni - Casting News Magazine","description":"Casting aperti a Roma per un nuovo film dal titolo \"Wilhelm Tell\", basato sulla leggendaria figura svizzera di Guglielmo Tell.","robots":{"index":"index","follow":"follow","max-snippet":"max-snippet:-1","max-image-preview":"max-image-preview:large","max-video-preview":"max-video-preview:-1"},"canonical":"https:\/\/www.castingnews.eu\/magazine\/2023\/07\/19\/casting-a-roma-per-il-lungometraggio-wilhelm-tell-si-cercano-uomini-tra-i-23-e-i-45-anni\/","og_locale":"it_IT","og_type":"article","og_title":"Casting a Roma per il lungometraggio \u201cWilhelm Tell\u201d: Si cercano uomini tra i 23 e i 45 anni - Casting News Magazine","og_description":"Casting aperti a Roma per un nuovo film dal titolo \"Wilhelm Tell\", basato sulla leggendaria figura svizzera di Guglielmo Tell.","og_url":"https:\/\/www.castingnews.eu\/magazine\/2023\/07\/19\/casting-a-roma-per-il-lungometraggio-wilhelm-tell-si-cercano-uomini-tra-i-23-e-i-45-anni\/","og_site_name":"Casting News Magazine","article_published_time":"2023-07-19T11:38:09+00:00","article_modified_time":"2023-07-19T11:38:11+00:00","og_image":[{"width":1080,"height":566,"url":"https:\/\/www.castingnews.eu\/magazine\/wp-content\/uploads\/2023\/07\/Wilhelm-Tell-casting-a-Roma.jpg","type":"image\/jpeg"}],"author":"Redazione","twitter_card":"summary_large_image","twitter_misc":{"Scritto da":"Redazione","Tempo di lettura stimato":"2 minuti"},"schema":{"@context":"https:\/\/schema.org","@graph":[{"@type":"Article","@id":"https:\/\/www.castingnews.eu\/magazine\/2023\/07\/19\/casting-a-roma-per-il-lungometraggio-wilhelm-tell-si-cercano-uomini-tra-i-23-e-i-45-anni\/#article","isPartOf":{"@id":"https:\/\/www.castingnews.eu\/magazine\/2023\/07\/19\/casting-a-roma-per-il-lungometraggio-wilhelm-tell-si-cercano-uomini-tra-i-23-e-i-45-anni\/"},"author":{"name":"Redazione","@id":"https:\/\/www.castingnews.eu\/magazine\/#\/schema\/person\/099d71c568c9a7e5e4037b1594108f17"},"headline":"Casting a Roma per il lungometraggio \u201cWilhelm Tell\u201d: Si cercano uomini tra i 23 e i 45 anni","datePublished":"2023-07-19T11:38:09+00:00","dateModified":"2023-07-19T11:38:11+00:00","mainEntityOfPage":{"@id":"https:\/\/www.castingnews.eu\/magazine\/2023\/07\/19\/casting-a-roma-per-il-lungometraggio-wilhelm-tell-si-cercano-uomini-tra-i-23-e-i-45-anni\/"},"wordCount":333,"commentCount":0,"image":{"@id":"https:\/\/www.castingnews.eu\/magazine\/2023\/07\/19\/casting-a-roma-per-il-lungometraggio-wilhelm-tell-si-cercano-uomini-tra-i-23-e-i-45-anni\/#primaryimage"},"thumbnailUrl":"https:\/\/www.castingnews.eu\/magazine\/wp-content\/uploads\/2023\/07\/Wilhelm-Tell-casting-a-Roma.jpg","keywords":["casting","Casting a Roma","casting call","Casting Magazine","Casting News","Casting Roma","Groenlandia","Guglielmo Tell","Lazio","progetto cinematografico","Provini","Roma","Wilhelm Tell"],"articleSection":["Casting Cinematografici","Cinema","In primo piano","Italia","Lazio","Primo piano","Progetti cinematografici","Storico"],"inLanguage":"it-IT","potentialAction":[{"@type":"CommentAction","name":"Comment","target":["https:\/\/www.castingnews.eu\/magazine\/2023\/07\/19\/casting-a-roma-per-il-lungometraggio-wilhelm-tell-si-cercano-uomini-tra-i-23-e-i-45-anni\/#respond"]}]},{"@type":"WebPage","@id":"https:\/\/www.castingnews.eu\/magazine\/2023\/07\/19\/casting-a-roma-per-il-lungometraggio-wilhelm-tell-si-cercano-uomini-tra-i-23-e-i-45-anni\/","url":"https:\/\/www.castingnews.eu\/magazine\/2023\/07\/19\/casting-a-roma-per-il-lungometraggio-wilhelm-tell-si-cercano-uomini-tra-i-23-e-i-45-anni\/","name":"Casting a Roma per il lungometraggio \u201cWilhelm Tell\u201d: Si cercano uomini tra i 23 e i 45 anni - Casting News Magazine","isPartOf":{"@id":"https:\/\/www.castingnews.eu\/magazine\/#website"},"primaryImageOfPage":{"@id":"https:\/\/www.castingnews.eu\/magazine\/2023\/07\/19\/casting-a-roma-per-il-lungometraggio-wilhelm-tell-si-cercano-uomini-tra-i-23-e-i-45-anni\/#primaryimage"},"image":{"@id":"https:\/\/www.castingnews.eu\/magazine\/2023\/07\/19\/casting-a-roma-per-il-lungometraggio-wilhelm-tell-si-cercano-uomini-tra-i-23-e-i-45-anni\/#primaryimage"},"thumbnailUrl":"https:\/\/www.castingnews.eu\/magazine\/wp-content\/uploads\/2023\/07\/Wilhelm-Tell-casting-a-Roma.jpg","datePublished":"2023-07-19T11:38:09+00:00","dateModified":"2023-07-19T11:38:11+00:00","author":{"@id":"https:\/\/www.castingnews.eu\/magazine\/#\/schema\/person\/099d71c568c9a7e5e4037b1594108f17"},"description":"Casting aperti a Roma per un nuovo film dal titolo \"Wilhelm Tell\", basato sulla leggendaria figura svizzera di Guglielmo Tell.","breadcrumb":{"@id":"https:\/\/www.castingnews.eu\/magazine\/2023\/07\/19\/casting-a-roma-per-il-lungometraggio-wilhelm-tell-si-cercano-uomini-tra-i-23-e-i-45-anni\/#breadcrumb"},"inLanguage":"it-IT","potentialAction":[{"@type":"ReadAction","target":["https:\/\/www.castingnews.eu\/magazine\/2023\/07\/19\/casting-a-roma-per-il-lungometraggio-wilhelm-tell-si-cercano-uomini-tra-i-23-e-i-45-anni\/"]}]},{"@type":"ImageObject","inLanguage":"it-IT","@id":"https:\/\/www.castingnews.eu\/magazine\/2023\/07\/19\/casting-a-roma-per-il-lungometraggio-wilhelm-tell-si-cercano-uomini-tra-i-23-e-i-45-anni\/#primaryimage","url":"https:\/\/www.castingnews.eu\/magazine\/wp-content\/uploads\/2023\/07\/Wilhelm-Tell-casting-a-Roma.jpg","contentUrl":"https:\/\/www.castingnews.eu\/magazine\/wp-content\/uploads\/2023\/07\/Wilhelm-Tell-casting-a-Roma.jpg","width":1080,"height":566,"caption":"Wilhelm Tell, casting a Roma per uomini tra i 23 e i 45 anni"},{"@type":"BreadcrumbList","@id":"https:\/\/www.castingnews.eu\/magazine\/2023\/07\/19\/casting-a-roma-per-il-lungometraggio-wilhelm-tell-si-cercano-uomini-tra-i-23-e-i-45-anni\/#breadcrumb","itemListElement":[{"@type":"ListItem","position":1,"name":"Home","item":"https:\/\/www.castingnews.eu\/magazine\/"},{"@type":"ListItem","position":2,"name":"Casting a Roma per il lungometraggio \u201cWilhelm Tell\u201d: Si cercano uomini tra i 23 e i 45 anni"}]},{"@type":"WebSite","@id":"https:\/\/www.castingnews.eu\/magazine\/#website","url":"https:\/\/www.castingnews.eu\/magazine\/","name":"Casting News Magazine","description":"News e aggiornamenti sui film, serie tv, teatro e festival italiani ed internazionali","potentialAction":[{"@type":"SearchAction","target":{"@type":"EntryPoint","urlTemplate":"https:\/\/www.castingnews.eu\/magazine\/?s={search_term_string}"},"query-input":{"@type":"PropertyValueSpecification","valueRequired":true,"valueName":"search_term_string"}}],"inLanguage":"it-IT"},{"@type":"Person","@id":"https:\/\/www.castingnews.eu\/magazine\/#\/schema\/person\/099d71c568c9a7e5e4037b1594108f17","name":"Redazione","image":{"@type":"ImageObject","inLanguage":"it-IT","@id":"https:\/\/secure.gravatar.com\/avatar\/b73a087aa3bd279fb70d24f1960a91c82cf67619395b60b564c90e9e5d5325fc?s=96&d=mm&r=g","url":"https:\/\/secure.gravatar.com\/avatar\/b73a087aa3bd279fb70d24f1960a91c82cf67619395b60b564c90e9e5d5325fc?s=96&d=mm&r=g","contentUrl":"https:\/\/secure.gravatar.com\/avatar\/b73a087aa3bd279fb70d24f1960a91c82cf67619395b60b564c90e9e5d5325fc?s=96&d=mm&r=g","caption":"Redazione"},"description":"News e aggiornamenti sui film, serie tv, teatro e festival italiani ed internazionali.","url":"https:\/\/www.castingnews.eu\/magazine\/author\/redazione\/"}]}},"_links":{"self":[{"href":"https:\/\/www.castingnews.eu\/magazine\/wp-json\/wp\/v2\/posts\/6537","targetHints":{"allow":["GET"]}}],"collection":[{"href":"https:\/\/www.castingnews.eu\/magazine\/wp-json\/wp\/v2\/posts"}],"about":[{"href":"https:\/\/www.castingnews.eu\/magazine\/wp-json\/wp\/v2\/types\/post"}],"author":[{"embeddable":true,"href":"https:\/\/www.castingnews.eu\/magazine\/wp-json\/wp\/v2\/users\/1"}],"replies":[{"embeddable":true,"href":"https:\/\/www.castingnews.eu\/magazine\/wp-json\/wp\/v2\/comments?post=6537"}],"version-history":[{"count":1,"href":"https:\/\/www.castingnews.eu\/magazine\/wp-json\/wp\/v2\/posts\/6537\/revisions"}],"predecessor-version":[{"id":6539,"href":"https:\/\/www.castingnews.eu\/magazine\/wp-json\/wp\/v2\/posts\/6537\/revisions\/6539"}],"wp:featuredmedia":[{"embeddable":true,"href":"https:\/\/www.castingnews.eu\/magazine\/wp-json\/wp\/v2\/media\/6538"}],"wp:attachment":[{"href":"https:\/\/www.castingnews.eu\/magazine\/wp-json\/wp\/v2\/media?parent=6537"}],"wp:term":[{"taxonomy":"category","embeddable":true,"href":"https:\/\/www.castingnews.eu\/magazine\/wp-json\/wp\/v2\/categories?post=6537"},{"taxonomy":"post_tag","embeddable":true,"href":"https:\/\/www.castingnews.eu\/magazine\/wp-json\/wp\/v2\/tags?post=6537"}],"curies":[{"name":"wp","href":"https:\/\/api.w.org\/{rel}","templated":true}]}}