{"id":6502,"date":"2023-07-13T16:06:52","date_gmt":"2023-07-13T14:06:52","guid":{"rendered":"https:\/\/www.castingnews.eu\/magazine\/?p=6502"},"modified":"2023-07-13T16:07:41","modified_gmt":"2023-07-13T14:07:41","slug":"nuovi-casting-per-la-serie-rai-fuochi-dartificio-diretta-da-susanna-nicchiarelli","status":"publish","type":"post","link":"https:\/\/www.castingnews.eu\/magazine\/2023\/07\/13\/nuovi-casting-per-la-serie-rai-fuochi-dartificio-diretta-da-susanna-nicchiarelli\/","title":{"rendered":"Nuovi casting per la serie Rai &#8220;Fuochi d&#8217;artificio&#8221; diretta da Susanna Nicchiarelli"},"content":{"rendered":"\n<p>Casting ancora aperti per la serie <strong>televisiva Rai<\/strong> intitolata <strong><a href=\"https:\/\/www.castingnews.eu\/news\/news.asp?id_news=10410&amp;id_cat=1\">&#8220;Fuochi d&#8217;artificio&#8221;<\/a><\/strong>. La produzione \u00e8 alla ricerca di <strong>comparse e figurazioni speciali<\/strong> disponibili a lavorare da met\u00e0 luglio fino al 12 agosto. La serie, basata sull&#8217;omonimo romanzo di Andrea Bouchard e diretta da <strong>Susanna Nicchiarelli<\/strong>, racconta la storia di un gruppo di ragazzini che vivono a Torino durante la Seconda guerra mondiale. I ragazzini sono amici e si aiutano a sopravvivere al difficile periodo storico.<br>Nel cast della serie troviamo Nel cast Anna Losano, Luca Charles Brucini, Carlotta Dosi, Lorenzo Enrico, Carla Signoris, Bebo Storti, Alessandro Tedeschi, Barbara Ronchi, Francesco Centorame, Paolo Briguglia, Cristina Pasino e Bruno Orlando.<\/p><div class=\"6d3639e8c6ac292cde400fad8ff8a5b9\" data-index=\"1\" style=\"float: none; margin:10px 0 10px 0; text-align:center;\">\n<script async src=\"\/\/pagead2.googlesyndication.com\/pagead\/js\/adsbygoogle.js\"><\/script>\r\n<!-- Casting Bambini NEW -->\r\n<ins class=\"adsbygoogle\"\r\n     style=\"display:inline-block;width:336px;height:280px\"\r\n     data-ad-client=\"ca-pub-5538097485429833\"\r\n     data-ad-slot=\"5127154445\"><\/ins>\r\n<script>\r\n(adsbygoogle = window.adsbygoogle || []).push({});\r\n<\/script>\n<\/div>\n\n\n\n\n<p>La produzione \u00e8 alla ricerca di uomini di et\u00e0 compresa tra i 18 e i 35 anni. Inoltre, si cercano uomini della stessa fascia di et\u00e0 che parlino tedesco. Si preferisce che i candidati siano residenti o domiciliati in Piemonte, per facilitare l&#8217;organizzazione delle riprese.<br>\u00c8 importante sottolineare che il lavoro delle figurazioni sar\u00e0 regolarmente retribuito.<br><strong>Tutti i dettagli sono disponibili nell\u2019area riservata di Casting News Professional al seguente link: <a href=\"https:\/\/www.castingnews.eu\/news\/news.asp?id_news=10410&amp;id_cat=1\">Al via i nuovi casting per la serie Rai \u201cFuochi d\u2019artificio\u201d<\/a><\/strong><\/p>\n\n<div style=\"font-size: 0px; height: 0px; line-height: 0px; margin: 0; padding: 0; clear: both;\"><\/div>","protected":false},"excerpt":{"rendered":"<p>Casting ancora aperti per la serie televisiva Rai intitolata &#8220;Fuochi d&#8217;artificio&#8221;. La produzione \u00e8 alla ricerca di comparse e figurazioni speciali disponibili a lavorare da met\u00e0 luglio fino al 12 agosto. La serie, basata sull&#8217;omonimo romanzo di Andrea Bouchard e diretta da Susanna Nicchiarelli, racconta la storia di un gruppo di ragazzini che vivono a [&hellip;]<\/p>\n","protected":false},"author":1,"featured_media":6504,"comment_status":"open","ping_status":"open","sticky":false,"template":"","format":"standard","meta":{"tdm_status":"","tdm_grid_status":"","footnotes":""},"categories":[1462,1463,1533,71,3963,21,31],"tags":[2945,4971,1845,4975,4978,3096,4973,266,1804,3676,272,273,3939,337,4977,531,1720,1815,4976,4970,3584,4974,4972,1045,1867,1118,1134,1649,1611,3873,1362],"class_list":{"0":"post-6502","1":"post","2":"type-post","3":"status-publish","4":"format-standard","5":"has-post-thumbnail","7":"category-fiction-tv","8":"category-fiction-tv-casting-provini","9":"category-featured","10":"category-italia-paese","11":"category-piemonte","12":"category-in-primo-piano","13":"category-progetti-tv","14":"tag-alessandro-tedeschi","15":"tag-anna-losano","16":"tag-barbara-ronchi","17":"tag-bebo-storti","18":"tag-bruno-orlando","19":"tag-carla-signoris","20":"tag-carlotta-dosi","21":"tag-casting","22":"tag-casting-a-torino","23":"tag-casting-call","24":"tag-casting-magazine","25":"tag-casting-news","26":"tag-casting-torino","27":"tag-comparse","28":"tag-cristina-pasino","29":"tag-fiction","30":"tag-figurazioni","31":"tag-figurazioni-speciali","32":"tag-francesco-centorame","33":"tag-fuochi-dartificio-2","34":"tag-generici","35":"tag-lorenzo-enrico","36":"tag-luca-charles-brucini","37":"tag-paolo-briguglia","38":"tag-piemonte","39":"tag-provini","40":"tag-rai","41":"tag-rai-fiction","42":"tag-serie-tv","43":"tag-susanna-nicchiarelli","44":"tag-torino"},"yoast_head":"<!-- This site is optimized with the Yoast SEO plugin v27.4 - https:\/\/yoast.com\/product\/yoast-seo-wordpress\/ -->\r\n<title>Nuovi casting per la serie Rai &quot;Fuochi d&#039;artificio&quot; diretta da Susanna Nicchiarelli - Casting News Magazine<\/title>\r\n<meta name=\"description\" content=\"Casting ancora aperti per la serie televisiva Rai intitolata &quot;Fuochi d&#039;artificio&quot;. Si cercano comparse e figurazioni speciali.\" \/>\r\n<meta name=\"robots\" content=\"index, follow, max-snippet:-1, max-image-preview:large, max-video-preview:-1\" \/>\r\n<link rel=\"canonical\" href=\"https:\/\/www.castingnews.eu\/magazine\/2023\/07\/13\/nuovi-casting-per-la-serie-rai-fuochi-dartificio-diretta-da-susanna-nicchiarelli\/\" \/>\r\n<meta property=\"og:locale\" content=\"it_IT\" \/>\r\n<meta property=\"og:type\" content=\"article\" \/>\r\n<meta property=\"og:title\" content=\"Nuovi casting per la serie Rai &quot;Fuochi d&#039;artificio&quot; diretta da Susanna Nicchiarelli - Casting News Magazine\" \/>\r\n<meta property=\"og:description\" content=\"Casting ancora aperti per la serie televisiva Rai intitolata &quot;Fuochi d&#039;artificio&quot;. Si cercano comparse e figurazioni speciali.\" \/>\r\n<meta property=\"og:url\" content=\"https:\/\/www.castingnews.eu\/magazine\/2023\/07\/13\/nuovi-casting-per-la-serie-rai-fuochi-dartificio-diretta-da-susanna-nicchiarelli\/\" \/>\r\n<meta property=\"og:site_name\" content=\"Casting News Magazine\" \/>\r\n<meta property=\"article:published_time\" content=\"2023-07-13T14:06:52+00:00\" \/>\r\n<meta property=\"article:modified_time\" content=\"2023-07-13T14:07:41+00:00\" \/>\r\n<meta property=\"og:image\" content=\"https:\/\/www.castingnews.eu\/magazine\/wp-content\/uploads\/2023\/07\/Fuochi-DArtificio-casting-comparse.jpg\" \/>\r\n\t<meta property=\"og:image:width\" content=\"1080\" \/>\r\n\t<meta property=\"og:image:height\" content=\"566\" \/>\r\n\t<meta property=\"og:image:type\" content=\"image\/jpeg\" \/>\r\n<meta name=\"author\" content=\"Redazione\" \/>\r\n<meta name=\"twitter:card\" content=\"summary_large_image\" \/>\r\n<meta name=\"twitter:label1\" content=\"Scritto da\" \/>\n\t<meta name=\"twitter:data1\" content=\"Redazione\" \/>\n\t<meta name=\"twitter:label2\" content=\"Tempo di lettura stimato\" \/>\n\t<meta name=\"twitter:data2\" content=\"1 minuto\" \/>\r\n<script type=\"application\/ld+json\" class=\"yoast-schema-graph\">{\"@context\":\"https:\\\/\\\/schema.org\",\"@graph\":[{\"@type\":\"Article\",\"@id\":\"https:\\\/\\\/www.castingnews.eu\\\/magazine\\\/2023\\\/07\\\/13\\\/nuovi-casting-per-la-serie-rai-fuochi-dartificio-diretta-da-susanna-nicchiarelli\\\/#article\",\"isPartOf\":{\"@id\":\"https:\\\/\\\/www.castingnews.eu\\\/magazine\\\/2023\\\/07\\\/13\\\/nuovi-casting-per-la-serie-rai-fuochi-dartificio-diretta-da-susanna-nicchiarelli\\\/\"},\"author\":{\"name\":\"Redazione\",\"@id\":\"https:\\\/\\\/www.castingnews.eu\\\/magazine\\\/#\\\/schema\\\/person\\\/099d71c568c9a7e5e4037b1594108f17\"},\"headline\":\"Nuovi casting per la serie Rai &#8220;Fuochi d&#8217;artificio&#8221; diretta da Susanna Nicchiarelli\",\"datePublished\":\"2023-07-13T14:06:52+00:00\",\"dateModified\":\"2023-07-13T14:07:41+00:00\",\"mainEntityOfPage\":{\"@id\":\"https:\\\/\\\/www.castingnews.eu\\\/magazine\\\/2023\\\/07\\\/13\\\/nuovi-casting-per-la-serie-rai-fuochi-dartificio-diretta-da-susanna-nicchiarelli\\\/\"},\"wordCount\":200,\"commentCount\":0,\"image\":{\"@id\":\"https:\\\/\\\/www.castingnews.eu\\\/magazine\\\/2023\\\/07\\\/13\\\/nuovi-casting-per-la-serie-rai-fuochi-dartificio-diretta-da-susanna-nicchiarelli\\\/#primaryimage\"},\"thumbnailUrl\":\"https:\\\/\\\/www.castingnews.eu\\\/magazine\\\/wp-content\\\/uploads\\\/2023\\\/07\\\/Fuochi-DArtificio-casting-comparse.jpg\",\"keywords\":[\"Alessandro Tedeschi\",\"Anna Losano\",\"Barbara Ronchi\",\"Bebo Storti\",\"Bruno Orlando\",\"Carla Signoris\",\"Carlotta Dosi\",\"casting\",\"Casting a Torino\",\"casting call\",\"Casting Magazine\",\"Casting News\",\"Casting Torino\",\"comparse\",\"Cristina Pasino\",\"fiction\",\"figurazioni\",\"figurazioni speciali\",\"Francesco Centorame\",\"Fuochi d&#039;artificio\",\"generici\",\"Lorenzo Enrico\",\"Luca Charles Brucini\",\"Paolo Briguglia\",\"Piemonte\",\"Provini\",\"Rai\",\"Rai fiction\",\"Serie tv\",\"Susanna Nicchiarelli\",\"Torino\"],\"articleSection\":[\"Fiction TV\",\"Fiction TV\",\"In primo piano\",\"Italia\",\"Piemonte\",\"Primo piano\",\"Progetti TV\"],\"inLanguage\":\"it-IT\",\"potentialAction\":[{\"@type\":\"CommentAction\",\"name\":\"Comment\",\"target\":[\"https:\\\/\\\/www.castingnews.eu\\\/magazine\\\/2023\\\/07\\\/13\\\/nuovi-casting-per-la-serie-rai-fuochi-dartificio-diretta-da-susanna-nicchiarelli\\\/#respond\"]}]},{\"@type\":\"WebPage\",\"@id\":\"https:\\\/\\\/www.castingnews.eu\\\/magazine\\\/2023\\\/07\\\/13\\\/nuovi-casting-per-la-serie-rai-fuochi-dartificio-diretta-da-susanna-nicchiarelli\\\/\",\"url\":\"https:\\\/\\\/www.castingnews.eu\\\/magazine\\\/2023\\\/07\\\/13\\\/nuovi-casting-per-la-serie-rai-fuochi-dartificio-diretta-da-susanna-nicchiarelli\\\/\",\"name\":\"Nuovi casting per la serie Rai \\\"Fuochi d'artificio\\\" diretta da Susanna Nicchiarelli - Casting News Magazine\",\"isPartOf\":{\"@id\":\"https:\\\/\\\/www.castingnews.eu\\\/magazine\\\/#website\"},\"primaryImageOfPage\":{\"@id\":\"https:\\\/\\\/www.castingnews.eu\\\/magazine\\\/2023\\\/07\\\/13\\\/nuovi-casting-per-la-serie-rai-fuochi-dartificio-diretta-da-susanna-nicchiarelli\\\/#primaryimage\"},\"image\":{\"@id\":\"https:\\\/\\\/www.castingnews.eu\\\/magazine\\\/2023\\\/07\\\/13\\\/nuovi-casting-per-la-serie-rai-fuochi-dartificio-diretta-da-susanna-nicchiarelli\\\/#primaryimage\"},\"thumbnailUrl\":\"https:\\\/\\\/www.castingnews.eu\\\/magazine\\\/wp-content\\\/uploads\\\/2023\\\/07\\\/Fuochi-DArtificio-casting-comparse.jpg\",\"datePublished\":\"2023-07-13T14:06:52+00:00\",\"dateModified\":\"2023-07-13T14:07:41+00:00\",\"author\":{\"@id\":\"https:\\\/\\\/www.castingnews.eu\\\/magazine\\\/#\\\/schema\\\/person\\\/099d71c568c9a7e5e4037b1594108f17\"},\"description\":\"Casting ancora aperti per la serie televisiva Rai intitolata \\\"Fuochi d'artificio\\\". Si cercano comparse e figurazioni speciali.\",\"breadcrumb\":{\"@id\":\"https:\\\/\\\/www.castingnews.eu\\\/magazine\\\/2023\\\/07\\\/13\\\/nuovi-casting-per-la-serie-rai-fuochi-dartificio-diretta-da-susanna-nicchiarelli\\\/#breadcrumb\"},\"inLanguage\":\"it-IT\",\"potentialAction\":[{\"@type\":\"ReadAction\",\"target\":[\"https:\\\/\\\/www.castingnews.eu\\\/magazine\\\/2023\\\/07\\\/13\\\/nuovi-casting-per-la-serie-rai-fuochi-dartificio-diretta-da-susanna-nicchiarelli\\\/\"]}]},{\"@type\":\"ImageObject\",\"inLanguage\":\"it-IT\",\"@id\":\"https:\\\/\\\/www.castingnews.eu\\\/magazine\\\/2023\\\/07\\\/13\\\/nuovi-casting-per-la-serie-rai-fuochi-dartificio-diretta-da-susanna-nicchiarelli\\\/#primaryimage\",\"url\":\"https:\\\/\\\/www.castingnews.eu\\\/magazine\\\/wp-content\\\/uploads\\\/2023\\\/07\\\/Fuochi-DArtificio-casting-comparse.jpg\",\"contentUrl\":\"https:\\\/\\\/www.castingnews.eu\\\/magazine\\\/wp-content\\\/uploads\\\/2023\\\/07\\\/Fuochi-DArtificio-casting-comparse.jpg\",\"width\":1080,\"height\":566,\"caption\":\"\\\"Fuochi d'artificio\\\", si cercano figurazioni speciali e comparse tra i 18 e i 35 anni\"},{\"@type\":\"BreadcrumbList\",\"@id\":\"https:\\\/\\\/www.castingnews.eu\\\/magazine\\\/2023\\\/07\\\/13\\\/nuovi-casting-per-la-serie-rai-fuochi-dartificio-diretta-da-susanna-nicchiarelli\\\/#breadcrumb\",\"itemListElement\":[{\"@type\":\"ListItem\",\"position\":1,\"name\":\"Home\",\"item\":\"https:\\\/\\\/www.castingnews.eu\\\/magazine\\\/\"},{\"@type\":\"ListItem\",\"position\":2,\"name\":\"Nuovi casting per la serie Rai &#8220;Fuochi d&#8217;artificio&#8221; diretta da Susanna Nicchiarelli\"}]},{\"@type\":\"WebSite\",\"@id\":\"https:\\\/\\\/www.castingnews.eu\\\/magazine\\\/#website\",\"url\":\"https:\\\/\\\/www.castingnews.eu\\\/magazine\\\/\",\"name\":\"Casting News Magazine\",\"description\":\"News e aggiornamenti sui film, serie tv, teatro e festival italiani ed internazionali\",\"potentialAction\":[{\"@type\":\"SearchAction\",\"target\":{\"@type\":\"EntryPoint\",\"urlTemplate\":\"https:\\\/\\\/www.castingnews.eu\\\/magazine\\\/?s={search_term_string}\"},\"query-input\":{\"@type\":\"PropertyValueSpecification\",\"valueRequired\":true,\"valueName\":\"search_term_string\"}}],\"inLanguage\":\"it-IT\"},{\"@type\":\"Person\",\"@id\":\"https:\\\/\\\/www.castingnews.eu\\\/magazine\\\/#\\\/schema\\\/person\\\/099d71c568c9a7e5e4037b1594108f17\",\"name\":\"Redazione\",\"image\":{\"@type\":\"ImageObject\",\"inLanguage\":\"it-IT\",\"@id\":\"https:\\\/\\\/secure.gravatar.com\\\/avatar\\\/b73a087aa3bd279fb70d24f1960a91c82cf67619395b60b564c90e9e5d5325fc?s=96&d=mm&r=g\",\"url\":\"https:\\\/\\\/secure.gravatar.com\\\/avatar\\\/b73a087aa3bd279fb70d24f1960a91c82cf67619395b60b564c90e9e5d5325fc?s=96&d=mm&r=g\",\"contentUrl\":\"https:\\\/\\\/secure.gravatar.com\\\/avatar\\\/b73a087aa3bd279fb70d24f1960a91c82cf67619395b60b564c90e9e5d5325fc?s=96&d=mm&r=g\",\"caption\":\"Redazione\"},\"description\":\"News e aggiornamenti sui film, serie tv, teatro e festival italiani ed internazionali.\",\"url\":\"https:\\\/\\\/www.castingnews.eu\\\/magazine\\\/author\\\/redazione\\\/\"}]}<\/script>\r\n<!-- \/ Yoast SEO plugin. -->","yoast_head_json":{"title":"Nuovi casting per la serie Rai \"Fuochi d'artificio\" diretta da Susanna Nicchiarelli - Casting News Magazine","description":"Casting ancora aperti per la serie televisiva Rai intitolata \"Fuochi d'artificio\". Si cercano comparse e figurazioni speciali.","robots":{"index":"index","follow":"follow","max-snippet":"max-snippet:-1","max-image-preview":"max-image-preview:large","max-video-preview":"max-video-preview:-1"},"canonical":"https:\/\/www.castingnews.eu\/magazine\/2023\/07\/13\/nuovi-casting-per-la-serie-rai-fuochi-dartificio-diretta-da-susanna-nicchiarelli\/","og_locale":"it_IT","og_type":"article","og_title":"Nuovi casting per la serie Rai \"Fuochi d'artificio\" diretta da Susanna Nicchiarelli - Casting News Magazine","og_description":"Casting ancora aperti per la serie televisiva Rai intitolata \"Fuochi d'artificio\". Si cercano comparse e figurazioni speciali.","og_url":"https:\/\/www.castingnews.eu\/magazine\/2023\/07\/13\/nuovi-casting-per-la-serie-rai-fuochi-dartificio-diretta-da-susanna-nicchiarelli\/","og_site_name":"Casting News Magazine","article_published_time":"2023-07-13T14:06:52+00:00","article_modified_time":"2023-07-13T14:07:41+00:00","og_image":[{"width":1080,"height":566,"url":"https:\/\/www.castingnews.eu\/magazine\/wp-content\/uploads\/2023\/07\/Fuochi-DArtificio-casting-comparse.jpg","type":"image\/jpeg"}],"author":"Redazione","twitter_card":"summary_large_image","twitter_misc":{"Scritto da":"Redazione","Tempo di lettura stimato":"1 minuto"},"schema":{"@context":"https:\/\/schema.org","@graph":[{"@type":"Article","@id":"https:\/\/www.castingnews.eu\/magazine\/2023\/07\/13\/nuovi-casting-per-la-serie-rai-fuochi-dartificio-diretta-da-susanna-nicchiarelli\/#article","isPartOf":{"@id":"https:\/\/www.castingnews.eu\/magazine\/2023\/07\/13\/nuovi-casting-per-la-serie-rai-fuochi-dartificio-diretta-da-susanna-nicchiarelli\/"},"author":{"name":"Redazione","@id":"https:\/\/www.castingnews.eu\/magazine\/#\/schema\/person\/099d71c568c9a7e5e4037b1594108f17"},"headline":"Nuovi casting per la serie Rai &#8220;Fuochi d&#8217;artificio&#8221; diretta da Susanna Nicchiarelli","datePublished":"2023-07-13T14:06:52+00:00","dateModified":"2023-07-13T14:07:41+00:00","mainEntityOfPage":{"@id":"https:\/\/www.castingnews.eu\/magazine\/2023\/07\/13\/nuovi-casting-per-la-serie-rai-fuochi-dartificio-diretta-da-susanna-nicchiarelli\/"},"wordCount":200,"commentCount":0,"image":{"@id":"https:\/\/www.castingnews.eu\/magazine\/2023\/07\/13\/nuovi-casting-per-la-serie-rai-fuochi-dartificio-diretta-da-susanna-nicchiarelli\/#primaryimage"},"thumbnailUrl":"https:\/\/www.castingnews.eu\/magazine\/wp-content\/uploads\/2023\/07\/Fuochi-DArtificio-casting-comparse.jpg","keywords":["Alessandro Tedeschi","Anna Losano","Barbara Ronchi","Bebo Storti","Bruno Orlando","Carla Signoris","Carlotta Dosi","casting","Casting a Torino","casting call","Casting Magazine","Casting News","Casting Torino","comparse","Cristina Pasino","fiction","figurazioni","figurazioni speciali","Francesco Centorame","Fuochi d&#039;artificio","generici","Lorenzo Enrico","Luca Charles Brucini","Paolo Briguglia","Piemonte","Provini","Rai","Rai fiction","Serie tv","Susanna Nicchiarelli","Torino"],"articleSection":["Fiction TV","Fiction TV","In primo piano","Italia","Piemonte","Primo piano","Progetti TV"],"inLanguage":"it-IT","potentialAction":[{"@type":"CommentAction","name":"Comment","target":["https:\/\/www.castingnews.eu\/magazine\/2023\/07\/13\/nuovi-casting-per-la-serie-rai-fuochi-dartificio-diretta-da-susanna-nicchiarelli\/#respond"]}]},{"@type":"WebPage","@id":"https:\/\/www.castingnews.eu\/magazine\/2023\/07\/13\/nuovi-casting-per-la-serie-rai-fuochi-dartificio-diretta-da-susanna-nicchiarelli\/","url":"https:\/\/www.castingnews.eu\/magazine\/2023\/07\/13\/nuovi-casting-per-la-serie-rai-fuochi-dartificio-diretta-da-susanna-nicchiarelli\/","name":"Nuovi casting per la serie Rai \"Fuochi d'artificio\" diretta da Susanna Nicchiarelli - Casting News Magazine","isPartOf":{"@id":"https:\/\/www.castingnews.eu\/magazine\/#website"},"primaryImageOfPage":{"@id":"https:\/\/www.castingnews.eu\/magazine\/2023\/07\/13\/nuovi-casting-per-la-serie-rai-fuochi-dartificio-diretta-da-susanna-nicchiarelli\/#primaryimage"},"image":{"@id":"https:\/\/www.castingnews.eu\/magazine\/2023\/07\/13\/nuovi-casting-per-la-serie-rai-fuochi-dartificio-diretta-da-susanna-nicchiarelli\/#primaryimage"},"thumbnailUrl":"https:\/\/www.castingnews.eu\/magazine\/wp-content\/uploads\/2023\/07\/Fuochi-DArtificio-casting-comparse.jpg","datePublished":"2023-07-13T14:06:52+00:00","dateModified":"2023-07-13T14:07:41+00:00","author":{"@id":"https:\/\/www.castingnews.eu\/magazine\/#\/schema\/person\/099d71c568c9a7e5e4037b1594108f17"},"description":"Casting ancora aperti per la serie televisiva Rai intitolata \"Fuochi d'artificio\". Si cercano comparse e figurazioni speciali.","breadcrumb":{"@id":"https:\/\/www.castingnews.eu\/magazine\/2023\/07\/13\/nuovi-casting-per-la-serie-rai-fuochi-dartificio-diretta-da-susanna-nicchiarelli\/#breadcrumb"},"inLanguage":"it-IT","potentialAction":[{"@type":"ReadAction","target":["https:\/\/www.castingnews.eu\/magazine\/2023\/07\/13\/nuovi-casting-per-la-serie-rai-fuochi-dartificio-diretta-da-susanna-nicchiarelli\/"]}]},{"@type":"ImageObject","inLanguage":"it-IT","@id":"https:\/\/www.castingnews.eu\/magazine\/2023\/07\/13\/nuovi-casting-per-la-serie-rai-fuochi-dartificio-diretta-da-susanna-nicchiarelli\/#primaryimage","url":"https:\/\/www.castingnews.eu\/magazine\/wp-content\/uploads\/2023\/07\/Fuochi-DArtificio-casting-comparse.jpg","contentUrl":"https:\/\/www.castingnews.eu\/magazine\/wp-content\/uploads\/2023\/07\/Fuochi-DArtificio-casting-comparse.jpg","width":1080,"height":566,"caption":"\"Fuochi d'artificio\", si cercano figurazioni speciali e comparse tra i 18 e i 35 anni"},{"@type":"BreadcrumbList","@id":"https:\/\/www.castingnews.eu\/magazine\/2023\/07\/13\/nuovi-casting-per-la-serie-rai-fuochi-dartificio-diretta-da-susanna-nicchiarelli\/#breadcrumb","itemListElement":[{"@type":"ListItem","position":1,"name":"Home","item":"https:\/\/www.castingnews.eu\/magazine\/"},{"@type":"ListItem","position":2,"name":"Nuovi casting per la serie Rai &#8220;Fuochi d&#8217;artificio&#8221; diretta da Susanna Nicchiarelli"}]},{"@type":"WebSite","@id":"https:\/\/www.castingnews.eu\/magazine\/#website","url":"https:\/\/www.castingnews.eu\/magazine\/","name":"Casting News Magazine","description":"News e aggiornamenti sui film, serie tv, teatro e festival italiani ed internazionali","potentialAction":[{"@type":"SearchAction","target":{"@type":"EntryPoint","urlTemplate":"https:\/\/www.castingnews.eu\/magazine\/?s={search_term_string}"},"query-input":{"@type":"PropertyValueSpecification","valueRequired":true,"valueName":"search_term_string"}}],"inLanguage":"it-IT"},{"@type":"Person","@id":"https:\/\/www.castingnews.eu\/magazine\/#\/schema\/person\/099d71c568c9a7e5e4037b1594108f17","name":"Redazione","image":{"@type":"ImageObject","inLanguage":"it-IT","@id":"https:\/\/secure.gravatar.com\/avatar\/b73a087aa3bd279fb70d24f1960a91c82cf67619395b60b564c90e9e5d5325fc?s=96&d=mm&r=g","url":"https:\/\/secure.gravatar.com\/avatar\/b73a087aa3bd279fb70d24f1960a91c82cf67619395b60b564c90e9e5d5325fc?s=96&d=mm&r=g","contentUrl":"https:\/\/secure.gravatar.com\/avatar\/b73a087aa3bd279fb70d24f1960a91c82cf67619395b60b564c90e9e5d5325fc?s=96&d=mm&r=g","caption":"Redazione"},"description":"News e aggiornamenti sui film, serie tv, teatro e festival italiani ed internazionali.","url":"https:\/\/www.castingnews.eu\/magazine\/author\/redazione\/"}]}},"_links":{"self":[{"href":"https:\/\/www.castingnews.eu\/magazine\/wp-json\/wp\/v2\/posts\/6502","targetHints":{"allow":["GET"]}}],"collection":[{"href":"https:\/\/www.castingnews.eu\/magazine\/wp-json\/wp\/v2\/posts"}],"about":[{"href":"https:\/\/www.castingnews.eu\/magazine\/wp-json\/wp\/v2\/types\/post"}],"author":[{"embeddable":true,"href":"https:\/\/www.castingnews.eu\/magazine\/wp-json\/wp\/v2\/users\/1"}],"replies":[{"embeddable":true,"href":"https:\/\/www.castingnews.eu\/magazine\/wp-json\/wp\/v2\/comments?post=6502"}],"version-history":[{"count":1,"href":"https:\/\/www.castingnews.eu\/magazine\/wp-json\/wp\/v2\/posts\/6502\/revisions"}],"predecessor-version":[{"id":6505,"href":"https:\/\/www.castingnews.eu\/magazine\/wp-json\/wp\/v2\/posts\/6502\/revisions\/6505"}],"wp:featuredmedia":[{"embeddable":true,"href":"https:\/\/www.castingnews.eu\/magazine\/wp-json\/wp\/v2\/media\/6504"}],"wp:attachment":[{"href":"https:\/\/www.castingnews.eu\/magazine\/wp-json\/wp\/v2\/media?parent=6502"}],"wp:term":[{"taxonomy":"category","embeddable":true,"href":"https:\/\/www.castingnews.eu\/magazine\/wp-json\/wp\/v2\/categories?post=6502"},{"taxonomy":"post_tag","embeddable":true,"href":"https:\/\/www.castingnews.eu\/magazine\/wp-json\/wp\/v2\/tags?post=6502"}],"curies":[{"name":"wp","href":"https:\/\/api.w.org\/{rel}","templated":true}]}}