{"id":6461,"date":"2023-07-11T12:38:38","date_gmt":"2023-07-11T10:38:38","guid":{"rendered":"https:\/\/www.castingnews.eu\/magazine\/?p=6461"},"modified":"2023-07-11T12:44:02","modified_gmt":"2023-07-11T10:44:02","slug":"casting-a-roma-per-un-importante-progetto-televisivo-ambientato-negli-anni-50","status":"publish","type":"post","link":"https:\/\/www.castingnews.eu\/magazine\/2023\/07\/11\/casting-a-roma-per-un-importante-progetto-televisivo-ambientato-negli-anni-50\/","title":{"rendered":"Casting a Roma per un importante progetto televisivo ambientato negli anni \u201850"},"content":{"rendered":"\n<p>Per un <strong><a href=\"https:\/\/www.castingnews.eu\/news\/news.asp?id_news=10400&amp;id_cat=1\">importante progetto televisivo<\/a><\/strong> ambientato negli anni &#8217;50, la produzione \u00e8 alla ricerca di uomini e donne di et\u00e0 compresa tra i 20 e i 60 anni. Le riprese si svolgeranno a <strong>Cinecitt\u00e0 <\/strong>tra il 31 luglio e il 4 agosto, offrendo un&#8217;opportunit\u00e0 unica per far parte di questa avvincente produzione.<br>Per rendere l&#8217;atmosfera dell&#8217;epoca il pi\u00f9 autentica possibile, il casting \u00e8 alla ricerca di candidati che rispettino alcuni requisiti specifici. Sono richiesti uomini tra i 20 e i 60 anni con capelli pettinabili non troppo lunghi, occhi chiari e carnagione chiara. Gli uomini devono essere disponibili a tagliare capelli e barba e sistemare il look per adattarsi all&#8217;epoca degli anni &#8217;50.<br>Per quanto riguarda le donne, si cercano candidati tra i 20 e i 60 anni con occhi chiari e carnagione chiara. \u00c8 richiesto un taglio di capelli biondi o rossi naturali che arrivi all&#8217;altezza delle spalle. Le donne devono essere disponibili a tagliare i capelli e sistemare il look per ricreare l&#8217;immagine dell&#8217;epoca.<\/p><div class=\"6d3639e8c6ac292cde400fad8ff8a5b9\" data-index=\"1\" style=\"float: none; margin:10px 0 10px 0; text-align:center;\">\n<script async src=\"\/\/pagead2.googlesyndication.com\/pagead\/js\/adsbygoogle.js\"><\/script>\r\n<!-- Casting Bambini NEW -->\r\n<ins class=\"adsbygoogle\"\r\n     style=\"display:inline-block;width:336px;height:280px\"\r\n     data-ad-client=\"ca-pub-5538097485429833\"\r\n     data-ad-slot=\"5127154445\"><\/ins>\r\n<script>\r\n(adsbygoogle = window.adsbygoogle || []).push({});\r\n<\/script>\n<\/div>\n\n\n\n\n<p>Inoltre, sono richiesti uomini tra i 20 e i 60 anni in grado di parlare fluentemente in dialetto napoletano. Gli uomini devono avere capelli pettinabili non troppo lunghi e carnagione scura. Anche loro devono essere disposti a tagliare capelli e barba e sistemare il look per adattarsi all&#8217;ambientazione degli anni &#8217;50.<br>Per le donne che parlano fluentemente in dialetto napoletano, si richiede una carnagione scura e un taglio di capelli scuri naturali che arrivi all&#8217;altezza delle spalle. Anche loro devono essere disposte a tagliare i capelli e sistemare il look per ricreare l&#8217;immagine autentica richiesta dal progetto.<\/p>\n\n\n\n<p>Si precisa che, a causa dell&#8217;ambientazione della serie, non saranno considerate candidature di persone che abbiano piercing o tatuaggi in parti del corpo visibili. Inoltre, non saranno accettate candidature di persone con capelli doppio taglio o rasati.<br>\u00c8 richiesta la disponibilit\u00e0 per una prova costume che si svolger\u00e0 nello stesso periodo delle riprese a Cinecitt\u00e0. Si prega di tenere conto di questa richiesta prima di presentare la candidatura.<br>Il lavoro sar\u00e0 regolarmente retribuito. Il progetto televisivo offre un&#8217;opportunit\u00e0 unica di lavorare in un ambiente stimolante, con professionisti del settore e di fare parte di una produzione di rilievo.<br><strong>Tutti i dettagli sono disponibili nell\u2019area riservata di Casting News Professional al seguente link: <a href=\"https:\/\/www.castingnews.eu\/news\/news.asp?id_news=10400&amp;id_cat=1\">Casting serie TV a Roma, si cercano uomini e donne dai 20 ai 60 anni<\/a><\/strong><\/p>\n\n<div style=\"font-size: 0px; height: 0px; line-height: 0px; margin: 0; padding: 0; clear: both;\"><\/div>","protected":false},"excerpt":{"rendered":"<p>Per un importante progetto televisivo ambientato negli anni &#8217;50, la produzione \u00e8 alla ricerca di uomini e donne di et\u00e0 compresa tra i 20 e i 60 anni. Le riprese si svolgeranno a Cinecitt\u00e0 tra il 31 luglio e il 4 agosto, offrendo un&#8217;opportunit\u00e0 unica per far parte di questa avvincente produzione.Per rendere l&#8217;atmosfera dell&#8217;epoca [&hellip;]<\/p>\n","protected":false},"author":1,"featured_media":6462,"comment_status":"open","ping_status":"open","sticky":false,"template":"","format":"standard","meta":{"tdm_status":"","tdm_grid_status":"","footnotes":""},"categories":[1462,1463,1533,71,3958,21,31],"tags":[266,1715,3676,272,273,3590,337,531,1720,1815,3584,1470,1118,1193,3080,1611],"class_list":{"0":"post-6461","1":"post","2":"type-post","3":"status-publish","4":"format-standard","5":"has-post-thumbnail","7":"category-fiction-tv","8":"category-fiction-tv-casting-provini","9":"category-featured","10":"category-italia-paese","11":"category-lazio","12":"category-in-primo-piano","13":"category-progetti-tv","14":"tag-casting","15":"tag-casting-a-roma","16":"tag-casting-call","17":"tag-casting-magazine","18":"tag-casting-news","19":"tag-casting-roma","20":"tag-comparse","21":"tag-fiction","22":"tag-figurazioni","23":"tag-figurazioni-speciali","24":"tag-generici","25":"tag-lazio","26":"tag-provini","27":"tag-roma","28":"tag-serie-televisiva","29":"tag-serie-tv"},"yoast_head":"<!-- This site is optimized with the Yoast SEO plugin v27.4 - https:\/\/yoast.com\/product\/yoast-seo-wordpress\/ -->\r\n<title>Casting a Roma per un importante progetto televisivo ambientato negli anni \u201850 - Casting News Magazine<\/title>\r\n<meta name=\"description\" content=\"Per un importante progetto televisivo ambientato negli anni &#039;50, la produzione \u00e8 alla ricerca di uomini e donne tra i 20 e i 60 anni.\" \/>\r\n<meta name=\"robots\" content=\"index, follow, max-snippet:-1, max-image-preview:large, max-video-preview:-1\" \/>\r\n<link rel=\"canonical\" href=\"https:\/\/www.castingnews.eu\/magazine\/2023\/07\/11\/casting-a-roma-per-un-importante-progetto-televisivo-ambientato-negli-anni-50\/\" \/>\r\n<meta property=\"og:locale\" content=\"it_IT\" \/>\r\n<meta property=\"og:type\" content=\"article\" \/>\r\n<meta property=\"og:title\" content=\"Casting a Roma per un importante progetto televisivo ambientato negli anni \u201850 - Casting News Magazine\" \/>\r\n<meta property=\"og:description\" content=\"Per un importante progetto televisivo ambientato negli anni &#039;50, la produzione \u00e8 alla ricerca di uomini e donne tra i 20 e i 60 anni.\" \/>\r\n<meta property=\"og:url\" content=\"https:\/\/www.castingnews.eu\/magazine\/2023\/07\/11\/casting-a-roma-per-un-importante-progetto-televisivo-ambientato-negli-anni-50\/\" \/>\r\n<meta property=\"og:site_name\" content=\"Casting News Magazine\" \/>\r\n<meta property=\"article:published_time\" content=\"2023-07-11T10:38:38+00:00\" \/>\r\n<meta property=\"article:modified_time\" content=\"2023-07-11T10:44:02+00:00\" \/>\r\n<meta property=\"og:image\" content=\"https:\/\/www.castingnews.eu\/magazine\/wp-content\/uploads\/2023\/07\/roma-serie-tv-anni-50.jpg\" \/>\r\n\t<meta property=\"og:image:width\" content=\"1080\" \/>\r\n\t<meta property=\"og:image:height\" content=\"566\" \/>\r\n\t<meta property=\"og:image:type\" content=\"image\/jpeg\" \/>\r\n<meta name=\"author\" content=\"Redazione\" \/>\r\n<meta name=\"twitter:card\" content=\"summary_large_image\" \/>\r\n<meta name=\"twitter:label1\" content=\"Scritto da\" \/>\n\t<meta name=\"twitter:data1\" content=\"Redazione\" \/>\n\t<meta name=\"twitter:label2\" content=\"Tempo di lettura stimato\" \/>\n\t<meta name=\"twitter:data2\" content=\"3 minuti\" \/>\r\n<script type=\"application\/ld+json\" class=\"yoast-schema-graph\">{\"@context\":\"https:\\\/\\\/schema.org\",\"@graph\":[{\"@type\":\"Article\",\"@id\":\"https:\\\/\\\/www.castingnews.eu\\\/magazine\\\/2023\\\/07\\\/11\\\/casting-a-roma-per-un-importante-progetto-televisivo-ambientato-negli-anni-50\\\/#article\",\"isPartOf\":{\"@id\":\"https:\\\/\\\/www.castingnews.eu\\\/magazine\\\/2023\\\/07\\\/11\\\/casting-a-roma-per-un-importante-progetto-televisivo-ambientato-negli-anni-50\\\/\"},\"author\":{\"name\":\"Redazione\",\"@id\":\"https:\\\/\\\/www.castingnews.eu\\\/magazine\\\/#\\\/schema\\\/person\\\/099d71c568c9a7e5e4037b1594108f17\"},\"headline\":\"Casting a Roma per un importante progetto televisivo ambientato negli anni \u201850\",\"datePublished\":\"2023-07-11T10:38:38+00:00\",\"dateModified\":\"2023-07-11T10:44:02+00:00\",\"mainEntityOfPage\":{\"@id\":\"https:\\\/\\\/www.castingnews.eu\\\/magazine\\\/2023\\\/07\\\/11\\\/casting-a-roma-per-un-importante-progetto-televisivo-ambientato-negli-anni-50\\\/\"},\"wordCount\":395,\"commentCount\":0,\"image\":{\"@id\":\"https:\\\/\\\/www.castingnews.eu\\\/magazine\\\/2023\\\/07\\\/11\\\/casting-a-roma-per-un-importante-progetto-televisivo-ambientato-negli-anni-50\\\/#primaryimage\"},\"thumbnailUrl\":\"https:\\\/\\\/www.castingnews.eu\\\/magazine\\\/wp-content\\\/uploads\\\/2023\\\/07\\\/roma-serie-tv-anni-50.jpg\",\"keywords\":[\"casting\",\"Casting a Roma\",\"casting call\",\"Casting Magazine\",\"Casting News\",\"Casting Roma\",\"comparse\",\"fiction\",\"figurazioni\",\"figurazioni speciali\",\"generici\",\"Lazio\",\"Provini\",\"Roma\",\"serie televisiva\",\"Serie tv\"],\"articleSection\":[\"Fiction TV\",\"Fiction TV\",\"In primo piano\",\"Italia\",\"Lazio\",\"Primo piano\",\"Progetti TV\"],\"inLanguage\":\"it-IT\",\"potentialAction\":[{\"@type\":\"CommentAction\",\"name\":\"Comment\",\"target\":[\"https:\\\/\\\/www.castingnews.eu\\\/magazine\\\/2023\\\/07\\\/11\\\/casting-a-roma-per-un-importante-progetto-televisivo-ambientato-negli-anni-50\\\/#respond\"]}]},{\"@type\":\"WebPage\",\"@id\":\"https:\\\/\\\/www.castingnews.eu\\\/magazine\\\/2023\\\/07\\\/11\\\/casting-a-roma-per-un-importante-progetto-televisivo-ambientato-negli-anni-50\\\/\",\"url\":\"https:\\\/\\\/www.castingnews.eu\\\/magazine\\\/2023\\\/07\\\/11\\\/casting-a-roma-per-un-importante-progetto-televisivo-ambientato-negli-anni-50\\\/\",\"name\":\"Casting a Roma per un importante progetto televisivo ambientato negli anni \u201850 - Casting News Magazine\",\"isPartOf\":{\"@id\":\"https:\\\/\\\/www.castingnews.eu\\\/magazine\\\/#website\"},\"primaryImageOfPage\":{\"@id\":\"https:\\\/\\\/www.castingnews.eu\\\/magazine\\\/2023\\\/07\\\/11\\\/casting-a-roma-per-un-importante-progetto-televisivo-ambientato-negli-anni-50\\\/#primaryimage\"},\"image\":{\"@id\":\"https:\\\/\\\/www.castingnews.eu\\\/magazine\\\/2023\\\/07\\\/11\\\/casting-a-roma-per-un-importante-progetto-televisivo-ambientato-negli-anni-50\\\/#primaryimage\"},\"thumbnailUrl\":\"https:\\\/\\\/www.castingnews.eu\\\/magazine\\\/wp-content\\\/uploads\\\/2023\\\/07\\\/roma-serie-tv-anni-50.jpg\",\"datePublished\":\"2023-07-11T10:38:38+00:00\",\"dateModified\":\"2023-07-11T10:44:02+00:00\",\"author\":{\"@id\":\"https:\\\/\\\/www.castingnews.eu\\\/magazine\\\/#\\\/schema\\\/person\\\/099d71c568c9a7e5e4037b1594108f17\"},\"description\":\"Per un importante progetto televisivo ambientato negli anni '50, la produzione \u00e8 alla ricerca di uomini e donne tra i 20 e i 60 anni.\",\"breadcrumb\":{\"@id\":\"https:\\\/\\\/www.castingnews.eu\\\/magazine\\\/2023\\\/07\\\/11\\\/casting-a-roma-per-un-importante-progetto-televisivo-ambientato-negli-anni-50\\\/#breadcrumb\"},\"inLanguage\":\"it-IT\",\"potentialAction\":[{\"@type\":\"ReadAction\",\"target\":[\"https:\\\/\\\/www.castingnews.eu\\\/magazine\\\/2023\\\/07\\\/11\\\/casting-a-roma-per-un-importante-progetto-televisivo-ambientato-negli-anni-50\\\/\"]}]},{\"@type\":\"ImageObject\",\"inLanguage\":\"it-IT\",\"@id\":\"https:\\\/\\\/www.castingnews.eu\\\/magazine\\\/2023\\\/07\\\/11\\\/casting-a-roma-per-un-importante-progetto-televisivo-ambientato-negli-anni-50\\\/#primaryimage\",\"url\":\"https:\\\/\\\/www.castingnews.eu\\\/magazine\\\/wp-content\\\/uploads\\\/2023\\\/07\\\/roma-serie-tv-anni-50.jpg\",\"contentUrl\":\"https:\\\/\\\/www.castingnews.eu\\\/magazine\\\/wp-content\\\/uploads\\\/2023\\\/07\\\/roma-serie-tv-anni-50.jpg\",\"width\":1080,\"height\":566,\"caption\":\"Casting serie TV a Roma, la produzione \u00e8 alla ricerca di uomini e donne dai 20 ai 60 anni\"},{\"@type\":\"BreadcrumbList\",\"@id\":\"https:\\\/\\\/www.castingnews.eu\\\/magazine\\\/2023\\\/07\\\/11\\\/casting-a-roma-per-un-importante-progetto-televisivo-ambientato-negli-anni-50\\\/#breadcrumb\",\"itemListElement\":[{\"@type\":\"ListItem\",\"position\":1,\"name\":\"Home\",\"item\":\"https:\\\/\\\/www.castingnews.eu\\\/magazine\\\/\"},{\"@type\":\"ListItem\",\"position\":2,\"name\":\"Casting a Roma per un importante progetto televisivo ambientato negli anni \u201850\"}]},{\"@type\":\"WebSite\",\"@id\":\"https:\\\/\\\/www.castingnews.eu\\\/magazine\\\/#website\",\"url\":\"https:\\\/\\\/www.castingnews.eu\\\/magazine\\\/\",\"name\":\"Casting News Magazine\",\"description\":\"News e aggiornamenti sui film, serie tv, teatro e festival italiani ed internazionali\",\"potentialAction\":[{\"@type\":\"SearchAction\",\"target\":{\"@type\":\"EntryPoint\",\"urlTemplate\":\"https:\\\/\\\/www.castingnews.eu\\\/magazine\\\/?s={search_term_string}\"},\"query-input\":{\"@type\":\"PropertyValueSpecification\",\"valueRequired\":true,\"valueName\":\"search_term_string\"}}],\"inLanguage\":\"it-IT\"},{\"@type\":\"Person\",\"@id\":\"https:\\\/\\\/www.castingnews.eu\\\/magazine\\\/#\\\/schema\\\/person\\\/099d71c568c9a7e5e4037b1594108f17\",\"name\":\"Redazione\",\"image\":{\"@type\":\"ImageObject\",\"inLanguage\":\"it-IT\",\"@id\":\"https:\\\/\\\/secure.gravatar.com\\\/avatar\\\/b73a087aa3bd279fb70d24f1960a91c82cf67619395b60b564c90e9e5d5325fc?s=96&d=mm&r=g\",\"url\":\"https:\\\/\\\/secure.gravatar.com\\\/avatar\\\/b73a087aa3bd279fb70d24f1960a91c82cf67619395b60b564c90e9e5d5325fc?s=96&d=mm&r=g\",\"contentUrl\":\"https:\\\/\\\/secure.gravatar.com\\\/avatar\\\/b73a087aa3bd279fb70d24f1960a91c82cf67619395b60b564c90e9e5d5325fc?s=96&d=mm&r=g\",\"caption\":\"Redazione\"},\"description\":\"News e aggiornamenti sui film, serie tv, teatro e festival italiani ed internazionali.\",\"url\":\"https:\\\/\\\/www.castingnews.eu\\\/magazine\\\/author\\\/redazione\\\/\"}]}<\/script>\r\n<!-- \/ Yoast SEO plugin. -->","yoast_head_json":{"title":"Casting a Roma per un importante progetto televisivo ambientato negli anni \u201850 - Casting News Magazine","description":"Per un importante progetto televisivo ambientato negli anni '50, la produzione \u00e8 alla ricerca di uomini e donne tra i 20 e i 60 anni.","robots":{"index":"index","follow":"follow","max-snippet":"max-snippet:-1","max-image-preview":"max-image-preview:large","max-video-preview":"max-video-preview:-1"},"canonical":"https:\/\/www.castingnews.eu\/magazine\/2023\/07\/11\/casting-a-roma-per-un-importante-progetto-televisivo-ambientato-negli-anni-50\/","og_locale":"it_IT","og_type":"article","og_title":"Casting a Roma per un importante progetto televisivo ambientato negli anni \u201850 - Casting News Magazine","og_description":"Per un importante progetto televisivo ambientato negli anni '50, la produzione \u00e8 alla ricerca di uomini e donne tra i 20 e i 60 anni.","og_url":"https:\/\/www.castingnews.eu\/magazine\/2023\/07\/11\/casting-a-roma-per-un-importante-progetto-televisivo-ambientato-negli-anni-50\/","og_site_name":"Casting News Magazine","article_published_time":"2023-07-11T10:38:38+00:00","article_modified_time":"2023-07-11T10:44:02+00:00","og_image":[{"width":1080,"height":566,"url":"https:\/\/www.castingnews.eu\/magazine\/wp-content\/uploads\/2023\/07\/roma-serie-tv-anni-50.jpg","type":"image\/jpeg"}],"author":"Redazione","twitter_card":"summary_large_image","twitter_misc":{"Scritto da":"Redazione","Tempo di lettura stimato":"3 minuti"},"schema":{"@context":"https:\/\/schema.org","@graph":[{"@type":"Article","@id":"https:\/\/www.castingnews.eu\/magazine\/2023\/07\/11\/casting-a-roma-per-un-importante-progetto-televisivo-ambientato-negli-anni-50\/#article","isPartOf":{"@id":"https:\/\/www.castingnews.eu\/magazine\/2023\/07\/11\/casting-a-roma-per-un-importante-progetto-televisivo-ambientato-negli-anni-50\/"},"author":{"name":"Redazione","@id":"https:\/\/www.castingnews.eu\/magazine\/#\/schema\/person\/099d71c568c9a7e5e4037b1594108f17"},"headline":"Casting a Roma per un importante progetto televisivo ambientato negli anni \u201850","datePublished":"2023-07-11T10:38:38+00:00","dateModified":"2023-07-11T10:44:02+00:00","mainEntityOfPage":{"@id":"https:\/\/www.castingnews.eu\/magazine\/2023\/07\/11\/casting-a-roma-per-un-importante-progetto-televisivo-ambientato-negli-anni-50\/"},"wordCount":395,"commentCount":0,"image":{"@id":"https:\/\/www.castingnews.eu\/magazine\/2023\/07\/11\/casting-a-roma-per-un-importante-progetto-televisivo-ambientato-negli-anni-50\/#primaryimage"},"thumbnailUrl":"https:\/\/www.castingnews.eu\/magazine\/wp-content\/uploads\/2023\/07\/roma-serie-tv-anni-50.jpg","keywords":["casting","Casting a Roma","casting call","Casting Magazine","Casting News","Casting Roma","comparse","fiction","figurazioni","figurazioni speciali","generici","Lazio","Provini","Roma","serie televisiva","Serie tv"],"articleSection":["Fiction TV","Fiction TV","In primo piano","Italia","Lazio","Primo piano","Progetti TV"],"inLanguage":"it-IT","potentialAction":[{"@type":"CommentAction","name":"Comment","target":["https:\/\/www.castingnews.eu\/magazine\/2023\/07\/11\/casting-a-roma-per-un-importante-progetto-televisivo-ambientato-negli-anni-50\/#respond"]}]},{"@type":"WebPage","@id":"https:\/\/www.castingnews.eu\/magazine\/2023\/07\/11\/casting-a-roma-per-un-importante-progetto-televisivo-ambientato-negli-anni-50\/","url":"https:\/\/www.castingnews.eu\/magazine\/2023\/07\/11\/casting-a-roma-per-un-importante-progetto-televisivo-ambientato-negli-anni-50\/","name":"Casting a Roma per un importante progetto televisivo ambientato negli anni \u201850 - Casting News Magazine","isPartOf":{"@id":"https:\/\/www.castingnews.eu\/magazine\/#website"},"primaryImageOfPage":{"@id":"https:\/\/www.castingnews.eu\/magazine\/2023\/07\/11\/casting-a-roma-per-un-importante-progetto-televisivo-ambientato-negli-anni-50\/#primaryimage"},"image":{"@id":"https:\/\/www.castingnews.eu\/magazine\/2023\/07\/11\/casting-a-roma-per-un-importante-progetto-televisivo-ambientato-negli-anni-50\/#primaryimage"},"thumbnailUrl":"https:\/\/www.castingnews.eu\/magazine\/wp-content\/uploads\/2023\/07\/roma-serie-tv-anni-50.jpg","datePublished":"2023-07-11T10:38:38+00:00","dateModified":"2023-07-11T10:44:02+00:00","author":{"@id":"https:\/\/www.castingnews.eu\/magazine\/#\/schema\/person\/099d71c568c9a7e5e4037b1594108f17"},"description":"Per un importante progetto televisivo ambientato negli anni '50, la produzione \u00e8 alla ricerca di uomini e donne tra i 20 e i 60 anni.","breadcrumb":{"@id":"https:\/\/www.castingnews.eu\/magazine\/2023\/07\/11\/casting-a-roma-per-un-importante-progetto-televisivo-ambientato-negli-anni-50\/#breadcrumb"},"inLanguage":"it-IT","potentialAction":[{"@type":"ReadAction","target":["https:\/\/www.castingnews.eu\/magazine\/2023\/07\/11\/casting-a-roma-per-un-importante-progetto-televisivo-ambientato-negli-anni-50\/"]}]},{"@type":"ImageObject","inLanguage":"it-IT","@id":"https:\/\/www.castingnews.eu\/magazine\/2023\/07\/11\/casting-a-roma-per-un-importante-progetto-televisivo-ambientato-negli-anni-50\/#primaryimage","url":"https:\/\/www.castingnews.eu\/magazine\/wp-content\/uploads\/2023\/07\/roma-serie-tv-anni-50.jpg","contentUrl":"https:\/\/www.castingnews.eu\/magazine\/wp-content\/uploads\/2023\/07\/roma-serie-tv-anni-50.jpg","width":1080,"height":566,"caption":"Casting serie TV a Roma, la produzione \u00e8 alla ricerca di uomini e donne dai 20 ai 60 anni"},{"@type":"BreadcrumbList","@id":"https:\/\/www.castingnews.eu\/magazine\/2023\/07\/11\/casting-a-roma-per-un-importante-progetto-televisivo-ambientato-negli-anni-50\/#breadcrumb","itemListElement":[{"@type":"ListItem","position":1,"name":"Home","item":"https:\/\/www.castingnews.eu\/magazine\/"},{"@type":"ListItem","position":2,"name":"Casting a Roma per un importante progetto televisivo ambientato negli anni \u201850"}]},{"@type":"WebSite","@id":"https:\/\/www.castingnews.eu\/magazine\/#website","url":"https:\/\/www.castingnews.eu\/magazine\/","name":"Casting News Magazine","description":"News e aggiornamenti sui film, serie tv, teatro e festival italiani ed internazionali","potentialAction":[{"@type":"SearchAction","target":{"@type":"EntryPoint","urlTemplate":"https:\/\/www.castingnews.eu\/magazine\/?s={search_term_string}"},"query-input":{"@type":"PropertyValueSpecification","valueRequired":true,"valueName":"search_term_string"}}],"inLanguage":"it-IT"},{"@type":"Person","@id":"https:\/\/www.castingnews.eu\/magazine\/#\/schema\/person\/099d71c568c9a7e5e4037b1594108f17","name":"Redazione","image":{"@type":"ImageObject","inLanguage":"it-IT","@id":"https:\/\/secure.gravatar.com\/avatar\/b73a087aa3bd279fb70d24f1960a91c82cf67619395b60b564c90e9e5d5325fc?s=96&d=mm&r=g","url":"https:\/\/secure.gravatar.com\/avatar\/b73a087aa3bd279fb70d24f1960a91c82cf67619395b60b564c90e9e5d5325fc?s=96&d=mm&r=g","contentUrl":"https:\/\/secure.gravatar.com\/avatar\/b73a087aa3bd279fb70d24f1960a91c82cf67619395b60b564c90e9e5d5325fc?s=96&d=mm&r=g","caption":"Redazione"},"description":"News e aggiornamenti sui film, serie tv, teatro e festival italiani ed internazionali.","url":"https:\/\/www.castingnews.eu\/magazine\/author\/redazione\/"}]}},"_links":{"self":[{"href":"https:\/\/www.castingnews.eu\/magazine\/wp-json\/wp\/v2\/posts\/6461","targetHints":{"allow":["GET"]}}],"collection":[{"href":"https:\/\/www.castingnews.eu\/magazine\/wp-json\/wp\/v2\/posts"}],"about":[{"href":"https:\/\/www.castingnews.eu\/magazine\/wp-json\/wp\/v2\/types\/post"}],"author":[{"embeddable":true,"href":"https:\/\/www.castingnews.eu\/magazine\/wp-json\/wp\/v2\/users\/1"}],"replies":[{"embeddable":true,"href":"https:\/\/www.castingnews.eu\/magazine\/wp-json\/wp\/v2\/comments?post=6461"}],"version-history":[{"count":2,"href":"https:\/\/www.castingnews.eu\/magazine\/wp-json\/wp\/v2\/posts\/6461\/revisions"}],"predecessor-version":[{"id":6464,"href":"https:\/\/www.castingnews.eu\/magazine\/wp-json\/wp\/v2\/posts\/6461\/revisions\/6464"}],"wp:featuredmedia":[{"embeddable":true,"href":"https:\/\/www.castingnews.eu\/magazine\/wp-json\/wp\/v2\/media\/6462"}],"wp:attachment":[{"href":"https:\/\/www.castingnews.eu\/magazine\/wp-json\/wp\/v2\/media?parent=6461"}],"wp:term":[{"taxonomy":"category","embeddable":true,"href":"https:\/\/www.castingnews.eu\/magazine\/wp-json\/wp\/v2\/categories?post=6461"},{"taxonomy":"post_tag","embeddable":true,"href":"https:\/\/www.castingnews.eu\/magazine\/wp-json\/wp\/v2\/tags?post=6461"}],"curies":[{"name":"wp","href":"https:\/\/api.w.org\/{rel}","templated":true}]}}