{"id":6458,"date":"2023-07-10T21:37:34","date_gmt":"2023-07-10T19:37:34","guid":{"rendered":"https:\/\/www.castingnews.eu\/magazine\/?p=6458"},"modified":"2023-07-10T21:37:38","modified_gmt":"2023-07-10T19:37:38","slug":"casting-per-una-serie-tv-internazionale-ambientata-nellottocento","status":"publish","type":"post","link":"https:\/\/www.castingnews.eu\/magazine\/2023\/07\/10\/casting-per-una-serie-tv-internazionale-ambientata-nellottocento\/","title":{"rendered":"Casting per una serie TV internazionale ambientata nell&#8217;Ottocento"},"content":{"rendered":"\n<p>Per la realizzazione di una <strong><a href=\"https:\/\/www.castingnews.eu\/news\/news.asp?id_news=10399&amp;id_cat=1\">serie internazionale<\/a><\/strong> ambientata nell&#8217;Ottocento e prodotta da Viola Film, si cercano <strong><a href=\"https:\/\/www.castingnews.eu\/news\/news.asp?id_news=10399&amp;id_cat=1\">comparse e figurazioni speciali<\/a><\/strong> per le riprese che si terranno in Piemonte da met\u00e0 settembre ai primi di novembre 2023. La produzione \u00e8 alla ricerca di uomini e donne tra i 18 e i 75 anni che parlino inglese o tedesco per le figurazioni speciali. Inoltre, sono richieste comparse uomini e donne di et\u00e0 compresa tra i 18 e i 75 anni, nonch\u00e9 uomini e donne di et\u00e0 compresa tra i 18 e i 65 anni di origine asiatica e africana.<\/p><div class=\"6d3639e8c6ac292cde400fad8ff8a5b9\" data-index=\"1\" style=\"float: none; margin:10px 0 10px 0; text-align:center;\">\n<script async src=\"\/\/pagead2.googlesyndication.com\/pagead\/js\/adsbygoogle.js\"><\/script>\r\n<!-- Casting Bambini NEW -->\r\n<ins class=\"adsbygoogle\"\r\n     style=\"display:inline-block;width:336px;height:280px\"\r\n     data-ad-client=\"ca-pub-5538097485429833\"\r\n     data-ad-slot=\"5127154445\"><\/ins>\r\n<script>\r\n(adsbygoogle = window.adsbygoogle || []).push({});\r\n<\/script>\n<\/div>\n\n\n\n\n<p>Poich\u00e9 la serie \u00e8 ambientata nell&#8217;Ottocento, sono preferibili alcune caratteristiche specifiche per le figurazioni speciali. Le donne dovrebbero avere capelli di media lunghezza senza meches o colori moderni e evitare il doppio taglio. Per gli uomini, si preferiscono capelli di media lunghezza, evitando rasature e doppio taglio, ma sono accettati baffi e barba. \u00c8 richiesta la disponibilit\u00e0 a tagliare o modificare capelli e barba, se necessario. Inoltre, ci sono restrizioni riguardanti l&#8217;aspetto fisico, come l&#8217;assenza di tatuaggi visibili sulle mani, il collo, le braccia o il viso, e le sopracciglia non devono essere depilate o tatuate. \u00c8 prevista una remunerazione per il lavoro svolto.<br>I casting si terranno il 21 e il 22 luglio 2023, ma coloro che non possono partecipare possono inviare la candidatura tramite e-mail.<br><strong>Tutti i dettagli sono disponibili nell\u2019area riservata di Casting News Professional al seguente link: <a href=\"https:\/\/www.castingnews.eu\/news\/news.asp?id_news=10399&amp;id_cat=1\">Casting per comparse e figurazioni speciali per una serie TV internazionale<\/a><\/strong><\/p>\n\n<div style=\"font-size: 0px; height: 0px; line-height: 0px; margin: 0; padding: 0; clear: both;\"><\/div>","protected":false},"excerpt":{"rendered":"<p>Per la realizzazione di una serie internazionale ambientata nell&#8217;Ottocento e prodotta da Viola Film, si cercano comparse e figurazioni speciali per le riprese che si terranno in Piemonte da met\u00e0 settembre ai primi di novembre 2023. La produzione \u00e8 alla ricerca di uomini e donne tra i 18 e i 75 anni che parlino inglese [&hellip;]<\/p>\n","protected":false},"author":1,"featured_media":6459,"comment_status":"open","ping_status":"open","sticky":false,"template":"","format":"standard","meta":{"tdm_status":"","tdm_grid_status":"","footnotes":""},"categories":[1462,1463,1533,71,3963,21,31],"tags":[3676,3941,272,273,3940,337,531,1720,1815,3584,1867,4945,1611,2923],"class_list":{"0":"post-6458","1":"post","2":"type-post","3":"status-publish","4":"format-standard","5":"has-post-thumbnail","7":"category-fiction-tv","8":"category-fiction-tv-casting-provini","9":"category-featured","10":"category-italia-paese","11":"category-piemonte","12":"category-in-primo-piano","13":"category-progetti-tv","14":"tag-casting-call","15":"tag-casting-in-piemonte","16":"tag-casting-magazine","17":"tag-casting-news","18":"tag-casting-piemonte","19":"tag-comparse","20":"tag-fiction","21":"tag-figurazioni","22":"tag-figurazioni-speciali","23":"tag-generici","24":"tag-piemonte","25":"tag-serie-internazionale","26":"tag-serie-tv","27":"tag-viola-film"},"yoast_head":"<!-- This site is optimized with the Yoast SEO plugin v27.4 - https:\/\/yoast.com\/product\/yoast-seo-wordpress\/ -->\r\n<title>Casting per una serie TV internazionale ambientata nell&#039;Ottocento - Casting News Magazine<\/title>\r\n<meta name=\"description\" content=\"Casting comparse e figurazioni speciali per una serie internazionale ambientata nell&#039;Ottocento e prodotta da Viola Film.\" \/>\r\n<meta name=\"robots\" content=\"index, follow, max-snippet:-1, max-image-preview:large, max-video-preview:-1\" \/>\r\n<link rel=\"canonical\" href=\"https:\/\/www.castingnews.eu\/magazine\/2023\/07\/10\/casting-per-una-serie-tv-internazionale-ambientata-nellottocento\/\" \/>\r\n<meta property=\"og:locale\" content=\"it_IT\" \/>\r\n<meta property=\"og:type\" content=\"article\" \/>\r\n<meta property=\"og:title\" content=\"Casting per una serie TV internazionale ambientata nell&#039;Ottocento - Casting News Magazine\" \/>\r\n<meta property=\"og:description\" content=\"Casting comparse e figurazioni speciali per una serie internazionale ambientata nell&#039;Ottocento e prodotta da Viola Film.\" \/>\r\n<meta property=\"og:url\" content=\"https:\/\/www.castingnews.eu\/magazine\/2023\/07\/10\/casting-per-una-serie-tv-internazionale-ambientata-nellottocento\/\" \/>\r\n<meta property=\"og:site_name\" content=\"Casting News Magazine\" \/>\r\n<meta property=\"article:published_time\" content=\"2023-07-10T19:37:34+00:00\" \/>\r\n<meta property=\"article:modified_time\" content=\"2023-07-10T19:37:38+00:00\" \/>\r\n<meta property=\"og:image\" content=\"https:\/\/www.castingnews.eu\/magazine\/wp-content\/uploads\/2023\/07\/casting-serie-tv-internazionale-piemonte.jpg\" \/>\r\n\t<meta property=\"og:image:width\" content=\"1080\" \/>\r\n\t<meta property=\"og:image:height\" content=\"566\" \/>\r\n\t<meta property=\"og:image:type\" content=\"image\/jpeg\" \/>\r\n<meta name=\"author\" content=\"Redazione\" \/>\r\n<meta name=\"twitter:card\" content=\"summary_large_image\" \/>\r\n<meta name=\"twitter:label1\" content=\"Scritto da\" \/>\n\t<meta name=\"twitter:data1\" content=\"Redazione\" \/>\n\t<meta name=\"twitter:label2\" content=\"Tempo di lettura stimato\" \/>\n\t<meta name=\"twitter:data2\" content=\"2 minuti\" \/>\r\n<script type=\"application\/ld+json\" class=\"yoast-schema-graph\">{\"@context\":\"https:\\\/\\\/schema.org\",\"@graph\":[{\"@type\":\"Article\",\"@id\":\"https:\\\/\\\/www.castingnews.eu\\\/magazine\\\/2023\\\/07\\\/10\\\/casting-per-una-serie-tv-internazionale-ambientata-nellottocento\\\/#article\",\"isPartOf\":{\"@id\":\"https:\\\/\\\/www.castingnews.eu\\\/magazine\\\/2023\\\/07\\\/10\\\/casting-per-una-serie-tv-internazionale-ambientata-nellottocento\\\/\"},\"author\":{\"name\":\"Redazione\",\"@id\":\"https:\\\/\\\/www.castingnews.eu\\\/magazine\\\/#\\\/schema\\\/person\\\/099d71c568c9a7e5e4037b1594108f17\"},\"headline\":\"Casting per una serie TV internazionale ambientata nell&#8217;Ottocento\",\"datePublished\":\"2023-07-10T19:37:34+00:00\",\"dateModified\":\"2023-07-10T19:37:38+00:00\",\"mainEntityOfPage\":{\"@id\":\"https:\\\/\\\/www.castingnews.eu\\\/magazine\\\/2023\\\/07\\\/10\\\/casting-per-una-serie-tv-internazionale-ambientata-nellottocento\\\/\"},\"wordCount\":249,\"commentCount\":0,\"image\":{\"@id\":\"https:\\\/\\\/www.castingnews.eu\\\/magazine\\\/2023\\\/07\\\/10\\\/casting-per-una-serie-tv-internazionale-ambientata-nellottocento\\\/#primaryimage\"},\"thumbnailUrl\":\"https:\\\/\\\/www.castingnews.eu\\\/magazine\\\/wp-content\\\/uploads\\\/2023\\\/07\\\/casting-serie-tv-internazionale-piemonte.jpg\",\"keywords\":[\"casting call\",\"Casting in Piemonte\",\"Casting Magazine\",\"Casting News\",\"Casting Piemonte\",\"comparse\",\"fiction\",\"figurazioni\",\"figurazioni speciali\",\"generici\",\"Piemonte\",\"serie internazionale\",\"Serie tv\",\"Viola film\"],\"articleSection\":[\"Fiction TV\",\"Fiction TV\",\"In primo piano\",\"Italia\",\"Piemonte\",\"Primo piano\",\"Progetti TV\"],\"inLanguage\":\"it-IT\",\"potentialAction\":[{\"@type\":\"CommentAction\",\"name\":\"Comment\",\"target\":[\"https:\\\/\\\/www.castingnews.eu\\\/magazine\\\/2023\\\/07\\\/10\\\/casting-per-una-serie-tv-internazionale-ambientata-nellottocento\\\/#respond\"]}]},{\"@type\":\"WebPage\",\"@id\":\"https:\\\/\\\/www.castingnews.eu\\\/magazine\\\/2023\\\/07\\\/10\\\/casting-per-una-serie-tv-internazionale-ambientata-nellottocento\\\/\",\"url\":\"https:\\\/\\\/www.castingnews.eu\\\/magazine\\\/2023\\\/07\\\/10\\\/casting-per-una-serie-tv-internazionale-ambientata-nellottocento\\\/\",\"name\":\"Casting per una serie TV internazionale ambientata nell'Ottocento - Casting News Magazine\",\"isPartOf\":{\"@id\":\"https:\\\/\\\/www.castingnews.eu\\\/magazine\\\/#website\"},\"primaryImageOfPage\":{\"@id\":\"https:\\\/\\\/www.castingnews.eu\\\/magazine\\\/2023\\\/07\\\/10\\\/casting-per-una-serie-tv-internazionale-ambientata-nellottocento\\\/#primaryimage\"},\"image\":{\"@id\":\"https:\\\/\\\/www.castingnews.eu\\\/magazine\\\/2023\\\/07\\\/10\\\/casting-per-una-serie-tv-internazionale-ambientata-nellottocento\\\/#primaryimage\"},\"thumbnailUrl\":\"https:\\\/\\\/www.castingnews.eu\\\/magazine\\\/wp-content\\\/uploads\\\/2023\\\/07\\\/casting-serie-tv-internazionale-piemonte.jpg\",\"datePublished\":\"2023-07-10T19:37:34+00:00\",\"dateModified\":\"2023-07-10T19:37:38+00:00\",\"author\":{\"@id\":\"https:\\\/\\\/www.castingnews.eu\\\/magazine\\\/#\\\/schema\\\/person\\\/099d71c568c9a7e5e4037b1594108f17\"},\"description\":\"Casting comparse e figurazioni speciali per una serie internazionale ambientata nell'Ottocento e prodotta da Viola Film.\",\"breadcrumb\":{\"@id\":\"https:\\\/\\\/www.castingnews.eu\\\/magazine\\\/2023\\\/07\\\/10\\\/casting-per-una-serie-tv-internazionale-ambientata-nellottocento\\\/#breadcrumb\"},\"inLanguage\":\"it-IT\",\"potentialAction\":[{\"@type\":\"ReadAction\",\"target\":[\"https:\\\/\\\/www.castingnews.eu\\\/magazine\\\/2023\\\/07\\\/10\\\/casting-per-una-serie-tv-internazionale-ambientata-nellottocento\\\/\"]}]},{\"@type\":\"ImageObject\",\"inLanguage\":\"it-IT\",\"@id\":\"https:\\\/\\\/www.castingnews.eu\\\/magazine\\\/2023\\\/07\\\/10\\\/casting-per-una-serie-tv-internazionale-ambientata-nellottocento\\\/#primaryimage\",\"url\":\"https:\\\/\\\/www.castingnews.eu\\\/magazine\\\/wp-content\\\/uploads\\\/2023\\\/07\\\/casting-serie-tv-internazionale-piemonte.jpg\",\"contentUrl\":\"https:\\\/\\\/www.castingnews.eu\\\/magazine\\\/wp-content\\\/uploads\\\/2023\\\/07\\\/casting-serie-tv-internazionale-piemonte.jpg\",\"width\":1080,\"height\":566,\"caption\":\"Casting per figurazioni speciali e comparse per una serie internazionale\"},{\"@type\":\"BreadcrumbList\",\"@id\":\"https:\\\/\\\/www.castingnews.eu\\\/magazine\\\/2023\\\/07\\\/10\\\/casting-per-una-serie-tv-internazionale-ambientata-nellottocento\\\/#breadcrumb\",\"itemListElement\":[{\"@type\":\"ListItem\",\"position\":1,\"name\":\"Home\",\"item\":\"https:\\\/\\\/www.castingnews.eu\\\/magazine\\\/\"},{\"@type\":\"ListItem\",\"position\":2,\"name\":\"Casting per una serie TV internazionale ambientata nell&#8217;Ottocento\"}]},{\"@type\":\"WebSite\",\"@id\":\"https:\\\/\\\/www.castingnews.eu\\\/magazine\\\/#website\",\"url\":\"https:\\\/\\\/www.castingnews.eu\\\/magazine\\\/\",\"name\":\"Casting News Magazine\",\"description\":\"News e aggiornamenti sui film, serie tv, teatro e festival italiani ed internazionali\",\"potentialAction\":[{\"@type\":\"SearchAction\",\"target\":{\"@type\":\"EntryPoint\",\"urlTemplate\":\"https:\\\/\\\/www.castingnews.eu\\\/magazine\\\/?s={search_term_string}\"},\"query-input\":{\"@type\":\"PropertyValueSpecification\",\"valueRequired\":true,\"valueName\":\"search_term_string\"}}],\"inLanguage\":\"it-IT\"},{\"@type\":\"Person\",\"@id\":\"https:\\\/\\\/www.castingnews.eu\\\/magazine\\\/#\\\/schema\\\/person\\\/099d71c568c9a7e5e4037b1594108f17\",\"name\":\"Redazione\",\"image\":{\"@type\":\"ImageObject\",\"inLanguage\":\"it-IT\",\"@id\":\"https:\\\/\\\/secure.gravatar.com\\\/avatar\\\/b73a087aa3bd279fb70d24f1960a91c82cf67619395b60b564c90e9e5d5325fc?s=96&d=mm&r=g\",\"url\":\"https:\\\/\\\/secure.gravatar.com\\\/avatar\\\/b73a087aa3bd279fb70d24f1960a91c82cf67619395b60b564c90e9e5d5325fc?s=96&d=mm&r=g\",\"contentUrl\":\"https:\\\/\\\/secure.gravatar.com\\\/avatar\\\/b73a087aa3bd279fb70d24f1960a91c82cf67619395b60b564c90e9e5d5325fc?s=96&d=mm&r=g\",\"caption\":\"Redazione\"},\"description\":\"News e aggiornamenti sui film, serie tv, teatro e festival italiani ed internazionali.\",\"url\":\"https:\\\/\\\/www.castingnews.eu\\\/magazine\\\/author\\\/redazione\\\/\"}]}<\/script>\r\n<!-- \/ Yoast SEO plugin. -->","yoast_head_json":{"title":"Casting per una serie TV internazionale ambientata nell'Ottocento - Casting News Magazine","description":"Casting comparse e figurazioni speciali per una serie internazionale ambientata nell'Ottocento e prodotta da Viola Film.","robots":{"index":"index","follow":"follow","max-snippet":"max-snippet:-1","max-image-preview":"max-image-preview:large","max-video-preview":"max-video-preview:-1"},"canonical":"https:\/\/www.castingnews.eu\/magazine\/2023\/07\/10\/casting-per-una-serie-tv-internazionale-ambientata-nellottocento\/","og_locale":"it_IT","og_type":"article","og_title":"Casting per una serie TV internazionale ambientata nell'Ottocento - Casting News Magazine","og_description":"Casting comparse e figurazioni speciali per una serie internazionale ambientata nell'Ottocento e prodotta da Viola Film.","og_url":"https:\/\/www.castingnews.eu\/magazine\/2023\/07\/10\/casting-per-una-serie-tv-internazionale-ambientata-nellottocento\/","og_site_name":"Casting News Magazine","article_published_time":"2023-07-10T19:37:34+00:00","article_modified_time":"2023-07-10T19:37:38+00:00","og_image":[{"width":1080,"height":566,"url":"https:\/\/www.castingnews.eu\/magazine\/wp-content\/uploads\/2023\/07\/casting-serie-tv-internazionale-piemonte.jpg","type":"image\/jpeg"}],"author":"Redazione","twitter_card":"summary_large_image","twitter_misc":{"Scritto da":"Redazione","Tempo di lettura stimato":"2 minuti"},"schema":{"@context":"https:\/\/schema.org","@graph":[{"@type":"Article","@id":"https:\/\/www.castingnews.eu\/magazine\/2023\/07\/10\/casting-per-una-serie-tv-internazionale-ambientata-nellottocento\/#article","isPartOf":{"@id":"https:\/\/www.castingnews.eu\/magazine\/2023\/07\/10\/casting-per-una-serie-tv-internazionale-ambientata-nellottocento\/"},"author":{"name":"Redazione","@id":"https:\/\/www.castingnews.eu\/magazine\/#\/schema\/person\/099d71c568c9a7e5e4037b1594108f17"},"headline":"Casting per una serie TV internazionale ambientata nell&#8217;Ottocento","datePublished":"2023-07-10T19:37:34+00:00","dateModified":"2023-07-10T19:37:38+00:00","mainEntityOfPage":{"@id":"https:\/\/www.castingnews.eu\/magazine\/2023\/07\/10\/casting-per-una-serie-tv-internazionale-ambientata-nellottocento\/"},"wordCount":249,"commentCount":0,"image":{"@id":"https:\/\/www.castingnews.eu\/magazine\/2023\/07\/10\/casting-per-una-serie-tv-internazionale-ambientata-nellottocento\/#primaryimage"},"thumbnailUrl":"https:\/\/www.castingnews.eu\/magazine\/wp-content\/uploads\/2023\/07\/casting-serie-tv-internazionale-piemonte.jpg","keywords":["casting call","Casting in Piemonte","Casting Magazine","Casting News","Casting Piemonte","comparse","fiction","figurazioni","figurazioni speciali","generici","Piemonte","serie internazionale","Serie tv","Viola film"],"articleSection":["Fiction TV","Fiction TV","In primo piano","Italia","Piemonte","Primo piano","Progetti TV"],"inLanguage":"it-IT","potentialAction":[{"@type":"CommentAction","name":"Comment","target":["https:\/\/www.castingnews.eu\/magazine\/2023\/07\/10\/casting-per-una-serie-tv-internazionale-ambientata-nellottocento\/#respond"]}]},{"@type":"WebPage","@id":"https:\/\/www.castingnews.eu\/magazine\/2023\/07\/10\/casting-per-una-serie-tv-internazionale-ambientata-nellottocento\/","url":"https:\/\/www.castingnews.eu\/magazine\/2023\/07\/10\/casting-per-una-serie-tv-internazionale-ambientata-nellottocento\/","name":"Casting per una serie TV internazionale ambientata nell'Ottocento - Casting News Magazine","isPartOf":{"@id":"https:\/\/www.castingnews.eu\/magazine\/#website"},"primaryImageOfPage":{"@id":"https:\/\/www.castingnews.eu\/magazine\/2023\/07\/10\/casting-per-una-serie-tv-internazionale-ambientata-nellottocento\/#primaryimage"},"image":{"@id":"https:\/\/www.castingnews.eu\/magazine\/2023\/07\/10\/casting-per-una-serie-tv-internazionale-ambientata-nellottocento\/#primaryimage"},"thumbnailUrl":"https:\/\/www.castingnews.eu\/magazine\/wp-content\/uploads\/2023\/07\/casting-serie-tv-internazionale-piemonte.jpg","datePublished":"2023-07-10T19:37:34+00:00","dateModified":"2023-07-10T19:37:38+00:00","author":{"@id":"https:\/\/www.castingnews.eu\/magazine\/#\/schema\/person\/099d71c568c9a7e5e4037b1594108f17"},"description":"Casting comparse e figurazioni speciali per una serie internazionale ambientata nell'Ottocento e prodotta da Viola Film.","breadcrumb":{"@id":"https:\/\/www.castingnews.eu\/magazine\/2023\/07\/10\/casting-per-una-serie-tv-internazionale-ambientata-nellottocento\/#breadcrumb"},"inLanguage":"it-IT","potentialAction":[{"@type":"ReadAction","target":["https:\/\/www.castingnews.eu\/magazine\/2023\/07\/10\/casting-per-una-serie-tv-internazionale-ambientata-nellottocento\/"]}]},{"@type":"ImageObject","inLanguage":"it-IT","@id":"https:\/\/www.castingnews.eu\/magazine\/2023\/07\/10\/casting-per-una-serie-tv-internazionale-ambientata-nellottocento\/#primaryimage","url":"https:\/\/www.castingnews.eu\/magazine\/wp-content\/uploads\/2023\/07\/casting-serie-tv-internazionale-piemonte.jpg","contentUrl":"https:\/\/www.castingnews.eu\/magazine\/wp-content\/uploads\/2023\/07\/casting-serie-tv-internazionale-piemonte.jpg","width":1080,"height":566,"caption":"Casting per figurazioni speciali e comparse per una serie internazionale"},{"@type":"BreadcrumbList","@id":"https:\/\/www.castingnews.eu\/magazine\/2023\/07\/10\/casting-per-una-serie-tv-internazionale-ambientata-nellottocento\/#breadcrumb","itemListElement":[{"@type":"ListItem","position":1,"name":"Home","item":"https:\/\/www.castingnews.eu\/magazine\/"},{"@type":"ListItem","position":2,"name":"Casting per una serie TV internazionale ambientata nell&#8217;Ottocento"}]},{"@type":"WebSite","@id":"https:\/\/www.castingnews.eu\/magazine\/#website","url":"https:\/\/www.castingnews.eu\/magazine\/","name":"Casting News Magazine","description":"News e aggiornamenti sui film, serie tv, teatro e festival italiani ed internazionali","potentialAction":[{"@type":"SearchAction","target":{"@type":"EntryPoint","urlTemplate":"https:\/\/www.castingnews.eu\/magazine\/?s={search_term_string}"},"query-input":{"@type":"PropertyValueSpecification","valueRequired":true,"valueName":"search_term_string"}}],"inLanguage":"it-IT"},{"@type":"Person","@id":"https:\/\/www.castingnews.eu\/magazine\/#\/schema\/person\/099d71c568c9a7e5e4037b1594108f17","name":"Redazione","image":{"@type":"ImageObject","inLanguage":"it-IT","@id":"https:\/\/secure.gravatar.com\/avatar\/b73a087aa3bd279fb70d24f1960a91c82cf67619395b60b564c90e9e5d5325fc?s=96&d=mm&r=g","url":"https:\/\/secure.gravatar.com\/avatar\/b73a087aa3bd279fb70d24f1960a91c82cf67619395b60b564c90e9e5d5325fc?s=96&d=mm&r=g","contentUrl":"https:\/\/secure.gravatar.com\/avatar\/b73a087aa3bd279fb70d24f1960a91c82cf67619395b60b564c90e9e5d5325fc?s=96&d=mm&r=g","caption":"Redazione"},"description":"News e aggiornamenti sui film, serie tv, teatro e festival italiani ed internazionali.","url":"https:\/\/www.castingnews.eu\/magazine\/author\/redazione\/"}]}},"_links":{"self":[{"href":"https:\/\/www.castingnews.eu\/magazine\/wp-json\/wp\/v2\/posts\/6458","targetHints":{"allow":["GET"]}}],"collection":[{"href":"https:\/\/www.castingnews.eu\/magazine\/wp-json\/wp\/v2\/posts"}],"about":[{"href":"https:\/\/www.castingnews.eu\/magazine\/wp-json\/wp\/v2\/types\/post"}],"author":[{"embeddable":true,"href":"https:\/\/www.castingnews.eu\/magazine\/wp-json\/wp\/v2\/users\/1"}],"replies":[{"embeddable":true,"href":"https:\/\/www.castingnews.eu\/magazine\/wp-json\/wp\/v2\/comments?post=6458"}],"version-history":[{"count":1,"href":"https:\/\/www.castingnews.eu\/magazine\/wp-json\/wp\/v2\/posts\/6458\/revisions"}],"predecessor-version":[{"id":6460,"href":"https:\/\/www.castingnews.eu\/magazine\/wp-json\/wp\/v2\/posts\/6458\/revisions\/6460"}],"wp:featuredmedia":[{"embeddable":true,"href":"https:\/\/www.castingnews.eu\/magazine\/wp-json\/wp\/v2\/media\/6459"}],"wp:attachment":[{"href":"https:\/\/www.castingnews.eu\/magazine\/wp-json\/wp\/v2\/media?parent=6458"}],"wp:term":[{"taxonomy":"category","embeddable":true,"href":"https:\/\/www.castingnews.eu\/magazine\/wp-json\/wp\/v2\/categories?post=6458"},{"taxonomy":"post_tag","embeddable":true,"href":"https:\/\/www.castingnews.eu\/magazine\/wp-json\/wp\/v2\/tags?post=6458"}],"curies":[{"name":"wp","href":"https:\/\/api.w.org\/{rel}","templated":true}]}}