{"id":6396,"date":"2023-07-05T17:09:42","date_gmt":"2023-07-05T15:09:42","guid":{"rendered":"https:\/\/www.castingnews.eu\/magazine\/?p=6396"},"modified":"2023-07-05T17:09:44","modified_gmt":"2023-07-05T15:09:44","slug":"casting-in-emilia-romagna-si-cercano-comparse-e-figurazioni-speciali-per-un-film","status":"publish","type":"post","link":"https:\/\/www.castingnews.eu\/magazine\/2023\/07\/05\/casting-in-emilia-romagna-si-cercano-comparse-e-figurazioni-speciali-per-un-film\/","title":{"rendered":"Casting in Emilia-Romagna, si cercano comparse e figurazioni speciali per un film"},"content":{"rendered":"\n<p>La <a href=\"https:\/\/www.castingnews.eu\/news\/news.asp?id_news=10383&amp;id_cat=2\"><strong>produzione cinematografica<\/strong><\/a> si prepara ad ambientare un <strong>film<\/strong> suggestivo lungo le rive del fiume Reno e, in vista di questo progetto, \u00e8 alla ricerca di <strong>comparse e figurazioni speciali<\/strong>. Le riprese sono previste nell&#8217;autunno 2023, offrendo un&#8217;opportunit\u00e0 unica per coloro che desiderano essere coinvolti in un&#8217;esperienza cinematografica indimenticabile.<br>La variet\u00e0 dei personaggi ricercati offre l&#8217;opportunit\u00e0 di partecipare a questo film a individui di diverse et\u00e0, caratteristiche fisiche e abilit\u00e0 linguistiche.<\/p><div class=\"6d3639e8c6ac292cde400fad8ff8a5b9\" data-index=\"1\" style=\"float: none; margin:10px 0 10px 0; text-align:center;\">\n<script async src=\"\/\/pagead2.googlesyndication.com\/pagead\/js\/adsbygoogle.js\"><\/script>\r\n<!-- Casting Bambini NEW -->\r\n<ins class=\"adsbygoogle\"\r\n     style=\"display:inline-block;width:336px;height:280px\"\r\n     data-ad-client=\"ca-pub-5538097485429833\"\r\n     data-ad-slot=\"5127154445\"><\/ins>\r\n<script>\r\n(adsbygoogle = window.adsbygoogle || []).push({});\r\n<\/script>\n<\/div>\n\n\n\n\n<p>Tra i ruoli ricercati, si cercano donne dai 50 anni in su, con caratteristiche uniche come essere slanciate, bionde o provenienti dalla regione del Veneto e in grado di parlare in veneto. Inoltre, si cerca una donna dai 40 anni in su, che abbia conoscenze della lingua francese. \u00c8 richiesta anche una donna robusta, una ragazza di statura medio-piccola, donne gemelle, una donna mora con carnagione pallida e un uomo con accento bolognese e abilit\u00e0 nel dialetto. Altri ruoli includono un uomo con possenti baffi e capacit\u00e0 attoriali, ragazzi disponibili per una scena di nudo per tuffi in acqua, un uomo corpulento con baffi, un uomo magro con capelli lunghi e tatuaggi, un uomo robusto di altezza minima 170 cm e un uomo dai 60 anni in su.<br>Partecipare a questo film come comparse e figurazioni speciali offre l&#8217;opportunit\u00e0 di entrare nel mondo del cinema e vivere l&#8217;esperienza sul set. Sar\u00e0 possibile lavorare con professionisti del settore e ottenere un&#8217;esperienza preziosa per il proprio percorso di carriera.<br><strong>Tutti i dettagli sono disponibili nell\u2019area riservata di Casting News Professional al seguente link: <a href=\"https:\/\/www.castingnews.eu\/news\/news.asp?id_news=10383&amp;id_cat=2\">Si cercano figurazioni speciali e comparse per un film che si girer\u00e0 in Emilia-Romagna<\/a><\/strong><\/p>\n\n<div style=\"font-size: 0px; height: 0px; line-height: 0px; margin: 0; padding: 0; clear: both;\"><\/div>","protected":false},"excerpt":{"rendered":"<p>La produzione cinematografica si prepara ad ambientare un film suggestivo lungo le rive del fiume Reno e, in vista di questo progetto, \u00e8 alla ricerca di comparse e figurazioni speciali. Le riprese sono previste nell&#8217;autunno 2023, offrendo un&#8217;opportunit\u00e0 unica per coloro che desiderano essere coinvolti in un&#8217;esperienza cinematografica indimenticabile.La variet\u00e0 dei personaggi ricercati offre l&#8217;opportunit\u00e0 [&hellip;]<\/p>\n","protected":false},"author":1,"featured_media":6397,"comment_status":"open","ping_status":"open","sticky":false,"template":"","format":"standard","meta":{"tdm_status":"","tdm_grid_status":"","footnotes":""},"categories":[3,4,3956,1533,71,21,30],"tags":[3676,4722,2297,272,273,337,1724,4925,1815,534,835,3502],"class_list":{"0":"post-6396","1":"post","2":"type-post","3":"status-publish","4":"format-standard","5":"has-post-thumbnail","7":"category-casting-cinematografici","8":"category-cinema-casting","9":"category-emilia-romagna","10":"category-featured","11":"category-italia-paese","12":"category-in-primo-piano","13":"category-progetti-cinematografici","14":"tag-casting-call","15":"tag-casting-emilia-romagna","16":"tag-casting-in-emilia-romagna","17":"tag-casting-magazine","18":"tag-casting-news","19":"tag-comparse","20":"tag-emilia-romagna","21":"tag-figurazione","22":"tag-figurazioni-speciali","23":"tag-film","24":"tag-lungometraggio","25":"tag-produzione-cinematografica"},"yoast_head":"<!-- This site is optimized with the Yoast SEO plugin v27.4 - https:\/\/yoast.com\/product\/yoast-seo-wordpress\/ -->\r\n<title>Casting in Emilia-Romagna, si cercano comparse e figurazioni speciali per un film - Casting News Magazine<\/title>\r\n<meta name=\"description\" content=\"Si cercano comparse e figurazioni speciali da inserire in un film che si girer\u00e0 in Emilia-Romagna. Le riprese sono previste nell\u2019autunno 2023.\" \/>\r\n<meta name=\"robots\" content=\"index, follow, max-snippet:-1, max-image-preview:large, max-video-preview:-1\" \/>\r\n<link rel=\"canonical\" href=\"https:\/\/www.castingnews.eu\/magazine\/2023\/07\/05\/casting-in-emilia-romagna-si-cercano-comparse-e-figurazioni-speciali-per-un-film\/\" \/>\r\n<meta property=\"og:locale\" content=\"it_IT\" \/>\r\n<meta property=\"og:type\" content=\"article\" \/>\r\n<meta property=\"og:title\" content=\"Casting in Emilia-Romagna, si cercano comparse e figurazioni speciali per un film - Casting News Magazine\" \/>\r\n<meta property=\"og:description\" content=\"Si cercano comparse e figurazioni speciali da inserire in un film che si girer\u00e0 in Emilia-Romagna. Le riprese sono previste nell\u2019autunno 2023.\" \/>\r\n<meta property=\"og:url\" content=\"https:\/\/www.castingnews.eu\/magazine\/2023\/07\/05\/casting-in-emilia-romagna-si-cercano-comparse-e-figurazioni-speciali-per-un-film\/\" \/>\r\n<meta property=\"og:site_name\" content=\"Casting News Magazine\" \/>\r\n<meta property=\"article:published_time\" content=\"2023-07-05T15:09:42+00:00\" \/>\r\n<meta property=\"article:modified_time\" content=\"2023-07-05T15:09:44+00:00\" \/>\r\n<meta property=\"og:image\" content=\"https:\/\/www.castingnews.eu\/magazine\/wp-content\/uploads\/2023\/07\/emilia-romagna-casting-figurazioni.jpg\" \/>\r\n\t<meta property=\"og:image:width\" content=\"1080\" \/>\r\n\t<meta property=\"og:image:height\" content=\"566\" \/>\r\n\t<meta property=\"og:image:type\" content=\"image\/jpeg\" \/>\r\n<meta name=\"author\" content=\"Redazione\" \/>\r\n<meta name=\"twitter:card\" content=\"summary_large_image\" \/>\r\n<meta name=\"twitter:label1\" content=\"Scritto da\" \/>\n\t<meta name=\"twitter:data1\" content=\"Redazione\" \/>\n\t<meta name=\"twitter:label2\" content=\"Tempo di lettura stimato\" \/>\n\t<meta name=\"twitter:data2\" content=\"2 minuti\" \/>\r\n<script type=\"application\/ld+json\" class=\"yoast-schema-graph\">{\"@context\":\"https:\\\/\\\/schema.org\",\"@graph\":[{\"@type\":\"Article\",\"@id\":\"https:\\\/\\\/www.castingnews.eu\\\/magazine\\\/2023\\\/07\\\/05\\\/casting-in-emilia-romagna-si-cercano-comparse-e-figurazioni-speciali-per-un-film\\\/#article\",\"isPartOf\":{\"@id\":\"https:\\\/\\\/www.castingnews.eu\\\/magazine\\\/2023\\\/07\\\/05\\\/casting-in-emilia-romagna-si-cercano-comparse-e-figurazioni-speciali-per-un-film\\\/\"},\"author\":{\"name\":\"Redazione\",\"@id\":\"https:\\\/\\\/www.castingnews.eu\\\/magazine\\\/#\\\/schema\\\/person\\\/099d71c568c9a7e5e4037b1594108f17\"},\"headline\":\"Casting in Emilia-Romagna, si cercano comparse e figurazioni speciali per un film\",\"datePublished\":\"2023-07-05T15:09:42+00:00\",\"dateModified\":\"2023-07-05T15:09:44+00:00\",\"mainEntityOfPage\":{\"@id\":\"https:\\\/\\\/www.castingnews.eu\\\/magazine\\\/2023\\\/07\\\/05\\\/casting-in-emilia-romagna-si-cercano-comparse-e-figurazioni-speciali-per-un-film\\\/\"},\"wordCount\":279,\"commentCount\":0,\"image\":{\"@id\":\"https:\\\/\\\/www.castingnews.eu\\\/magazine\\\/2023\\\/07\\\/05\\\/casting-in-emilia-romagna-si-cercano-comparse-e-figurazioni-speciali-per-un-film\\\/#primaryimage\"},\"thumbnailUrl\":\"https:\\\/\\\/www.castingnews.eu\\\/magazine\\\/wp-content\\\/uploads\\\/2023\\\/07\\\/emilia-romagna-casting-figurazioni.jpg\",\"keywords\":[\"casting call\",\"Casting Emilia-Romagna\",\"Casting in Emilia-Romagna\",\"Casting Magazine\",\"Casting News\",\"comparse\",\"Emilia-Romagna\",\"figurazione\",\"figurazioni speciali\",\"Film\",\"Lungometraggio\",\"produzione cinematografica\"],\"articleSection\":[\"Casting Cinematografici\",\"Cinema\",\"Emilia-Romagna\",\"In primo piano\",\"Italia\",\"Primo piano\",\"Progetti cinematografici\"],\"inLanguage\":\"it-IT\",\"potentialAction\":[{\"@type\":\"CommentAction\",\"name\":\"Comment\",\"target\":[\"https:\\\/\\\/www.castingnews.eu\\\/magazine\\\/2023\\\/07\\\/05\\\/casting-in-emilia-romagna-si-cercano-comparse-e-figurazioni-speciali-per-un-film\\\/#respond\"]}]},{\"@type\":\"WebPage\",\"@id\":\"https:\\\/\\\/www.castingnews.eu\\\/magazine\\\/2023\\\/07\\\/05\\\/casting-in-emilia-romagna-si-cercano-comparse-e-figurazioni-speciali-per-un-film\\\/\",\"url\":\"https:\\\/\\\/www.castingnews.eu\\\/magazine\\\/2023\\\/07\\\/05\\\/casting-in-emilia-romagna-si-cercano-comparse-e-figurazioni-speciali-per-un-film\\\/\",\"name\":\"Casting in Emilia-Romagna, si cercano comparse e figurazioni speciali per un film - Casting News Magazine\",\"isPartOf\":{\"@id\":\"https:\\\/\\\/www.castingnews.eu\\\/magazine\\\/#website\"},\"primaryImageOfPage\":{\"@id\":\"https:\\\/\\\/www.castingnews.eu\\\/magazine\\\/2023\\\/07\\\/05\\\/casting-in-emilia-romagna-si-cercano-comparse-e-figurazioni-speciali-per-un-film\\\/#primaryimage\"},\"image\":{\"@id\":\"https:\\\/\\\/www.castingnews.eu\\\/magazine\\\/2023\\\/07\\\/05\\\/casting-in-emilia-romagna-si-cercano-comparse-e-figurazioni-speciali-per-un-film\\\/#primaryimage\"},\"thumbnailUrl\":\"https:\\\/\\\/www.castingnews.eu\\\/magazine\\\/wp-content\\\/uploads\\\/2023\\\/07\\\/emilia-romagna-casting-figurazioni.jpg\",\"datePublished\":\"2023-07-05T15:09:42+00:00\",\"dateModified\":\"2023-07-05T15:09:44+00:00\",\"author\":{\"@id\":\"https:\\\/\\\/www.castingnews.eu\\\/magazine\\\/#\\\/schema\\\/person\\\/099d71c568c9a7e5e4037b1594108f17\"},\"description\":\"Si cercano comparse e figurazioni speciali da inserire in un film che si girer\u00e0 in Emilia-Romagna. Le riprese sono previste nell\u2019autunno 2023.\",\"breadcrumb\":{\"@id\":\"https:\\\/\\\/www.castingnews.eu\\\/magazine\\\/2023\\\/07\\\/05\\\/casting-in-emilia-romagna-si-cercano-comparse-e-figurazioni-speciali-per-un-film\\\/#breadcrumb\"},\"inLanguage\":\"it-IT\",\"potentialAction\":[{\"@type\":\"ReadAction\",\"target\":[\"https:\\\/\\\/www.castingnews.eu\\\/magazine\\\/2023\\\/07\\\/05\\\/casting-in-emilia-romagna-si-cercano-comparse-e-figurazioni-speciali-per-un-film\\\/\"]}]},{\"@type\":\"ImageObject\",\"inLanguage\":\"it-IT\",\"@id\":\"https:\\\/\\\/www.castingnews.eu\\\/magazine\\\/2023\\\/07\\\/05\\\/casting-in-emilia-romagna-si-cercano-comparse-e-figurazioni-speciali-per-un-film\\\/#primaryimage\",\"url\":\"https:\\\/\\\/www.castingnews.eu\\\/magazine\\\/wp-content\\\/uploads\\\/2023\\\/07\\\/emilia-romagna-casting-figurazioni.jpg\",\"contentUrl\":\"https:\\\/\\\/www.castingnews.eu\\\/magazine\\\/wp-content\\\/uploads\\\/2023\\\/07\\\/emilia-romagna-casting-figurazioni.jpg\",\"width\":1080,\"height\":566,\"caption\":\"Casting film in Emilia-Romagna, si cercano comparse e figurazioni speciali\"},{\"@type\":\"BreadcrumbList\",\"@id\":\"https:\\\/\\\/www.castingnews.eu\\\/magazine\\\/2023\\\/07\\\/05\\\/casting-in-emilia-romagna-si-cercano-comparse-e-figurazioni-speciali-per-un-film\\\/#breadcrumb\",\"itemListElement\":[{\"@type\":\"ListItem\",\"position\":1,\"name\":\"Home\",\"item\":\"https:\\\/\\\/www.castingnews.eu\\\/magazine\\\/\"},{\"@type\":\"ListItem\",\"position\":2,\"name\":\"Casting in Emilia-Romagna, si cercano comparse e figurazioni speciali per un film\"}]},{\"@type\":\"WebSite\",\"@id\":\"https:\\\/\\\/www.castingnews.eu\\\/magazine\\\/#website\",\"url\":\"https:\\\/\\\/www.castingnews.eu\\\/magazine\\\/\",\"name\":\"Casting News Magazine\",\"description\":\"News e aggiornamenti sui film, serie tv, teatro e festival italiani ed internazionali\",\"potentialAction\":[{\"@type\":\"SearchAction\",\"target\":{\"@type\":\"EntryPoint\",\"urlTemplate\":\"https:\\\/\\\/www.castingnews.eu\\\/magazine\\\/?s={search_term_string}\"},\"query-input\":{\"@type\":\"PropertyValueSpecification\",\"valueRequired\":true,\"valueName\":\"search_term_string\"}}],\"inLanguage\":\"it-IT\"},{\"@type\":\"Person\",\"@id\":\"https:\\\/\\\/www.castingnews.eu\\\/magazine\\\/#\\\/schema\\\/person\\\/099d71c568c9a7e5e4037b1594108f17\",\"name\":\"Redazione\",\"image\":{\"@type\":\"ImageObject\",\"inLanguage\":\"it-IT\",\"@id\":\"https:\\\/\\\/secure.gravatar.com\\\/avatar\\\/b73a087aa3bd279fb70d24f1960a91c82cf67619395b60b564c90e9e5d5325fc?s=96&d=mm&r=g\",\"url\":\"https:\\\/\\\/secure.gravatar.com\\\/avatar\\\/b73a087aa3bd279fb70d24f1960a91c82cf67619395b60b564c90e9e5d5325fc?s=96&d=mm&r=g\",\"contentUrl\":\"https:\\\/\\\/secure.gravatar.com\\\/avatar\\\/b73a087aa3bd279fb70d24f1960a91c82cf67619395b60b564c90e9e5d5325fc?s=96&d=mm&r=g\",\"caption\":\"Redazione\"},\"description\":\"News e aggiornamenti sui film, serie tv, teatro e festival italiani ed internazionali.\",\"url\":\"https:\\\/\\\/www.castingnews.eu\\\/magazine\\\/author\\\/redazione\\\/\"}]}<\/script>\r\n<!-- \/ Yoast SEO plugin. -->","yoast_head_json":{"title":"Casting in Emilia-Romagna, si cercano comparse e figurazioni speciali per un film - Casting News Magazine","description":"Si cercano comparse e figurazioni speciali da inserire in un film che si girer\u00e0 in Emilia-Romagna. Le riprese sono previste nell\u2019autunno 2023.","robots":{"index":"index","follow":"follow","max-snippet":"max-snippet:-1","max-image-preview":"max-image-preview:large","max-video-preview":"max-video-preview:-1"},"canonical":"https:\/\/www.castingnews.eu\/magazine\/2023\/07\/05\/casting-in-emilia-romagna-si-cercano-comparse-e-figurazioni-speciali-per-un-film\/","og_locale":"it_IT","og_type":"article","og_title":"Casting in Emilia-Romagna, si cercano comparse e figurazioni speciali per un film - Casting News Magazine","og_description":"Si cercano comparse e figurazioni speciali da inserire in un film che si girer\u00e0 in Emilia-Romagna. Le riprese sono previste nell\u2019autunno 2023.","og_url":"https:\/\/www.castingnews.eu\/magazine\/2023\/07\/05\/casting-in-emilia-romagna-si-cercano-comparse-e-figurazioni-speciali-per-un-film\/","og_site_name":"Casting News Magazine","article_published_time":"2023-07-05T15:09:42+00:00","article_modified_time":"2023-07-05T15:09:44+00:00","og_image":[{"width":1080,"height":566,"url":"https:\/\/www.castingnews.eu\/magazine\/wp-content\/uploads\/2023\/07\/emilia-romagna-casting-figurazioni.jpg","type":"image\/jpeg"}],"author":"Redazione","twitter_card":"summary_large_image","twitter_misc":{"Scritto da":"Redazione","Tempo di lettura stimato":"2 minuti"},"schema":{"@context":"https:\/\/schema.org","@graph":[{"@type":"Article","@id":"https:\/\/www.castingnews.eu\/magazine\/2023\/07\/05\/casting-in-emilia-romagna-si-cercano-comparse-e-figurazioni-speciali-per-un-film\/#article","isPartOf":{"@id":"https:\/\/www.castingnews.eu\/magazine\/2023\/07\/05\/casting-in-emilia-romagna-si-cercano-comparse-e-figurazioni-speciali-per-un-film\/"},"author":{"name":"Redazione","@id":"https:\/\/www.castingnews.eu\/magazine\/#\/schema\/person\/099d71c568c9a7e5e4037b1594108f17"},"headline":"Casting in Emilia-Romagna, si cercano comparse e figurazioni speciali per un film","datePublished":"2023-07-05T15:09:42+00:00","dateModified":"2023-07-05T15:09:44+00:00","mainEntityOfPage":{"@id":"https:\/\/www.castingnews.eu\/magazine\/2023\/07\/05\/casting-in-emilia-romagna-si-cercano-comparse-e-figurazioni-speciali-per-un-film\/"},"wordCount":279,"commentCount":0,"image":{"@id":"https:\/\/www.castingnews.eu\/magazine\/2023\/07\/05\/casting-in-emilia-romagna-si-cercano-comparse-e-figurazioni-speciali-per-un-film\/#primaryimage"},"thumbnailUrl":"https:\/\/www.castingnews.eu\/magazine\/wp-content\/uploads\/2023\/07\/emilia-romagna-casting-figurazioni.jpg","keywords":["casting call","Casting Emilia-Romagna","Casting in Emilia-Romagna","Casting Magazine","Casting News","comparse","Emilia-Romagna","figurazione","figurazioni speciali","Film","Lungometraggio","produzione cinematografica"],"articleSection":["Casting Cinematografici","Cinema","Emilia-Romagna","In primo piano","Italia","Primo piano","Progetti cinematografici"],"inLanguage":"it-IT","potentialAction":[{"@type":"CommentAction","name":"Comment","target":["https:\/\/www.castingnews.eu\/magazine\/2023\/07\/05\/casting-in-emilia-romagna-si-cercano-comparse-e-figurazioni-speciali-per-un-film\/#respond"]}]},{"@type":"WebPage","@id":"https:\/\/www.castingnews.eu\/magazine\/2023\/07\/05\/casting-in-emilia-romagna-si-cercano-comparse-e-figurazioni-speciali-per-un-film\/","url":"https:\/\/www.castingnews.eu\/magazine\/2023\/07\/05\/casting-in-emilia-romagna-si-cercano-comparse-e-figurazioni-speciali-per-un-film\/","name":"Casting in Emilia-Romagna, si cercano comparse e figurazioni speciali per un film - Casting News Magazine","isPartOf":{"@id":"https:\/\/www.castingnews.eu\/magazine\/#website"},"primaryImageOfPage":{"@id":"https:\/\/www.castingnews.eu\/magazine\/2023\/07\/05\/casting-in-emilia-romagna-si-cercano-comparse-e-figurazioni-speciali-per-un-film\/#primaryimage"},"image":{"@id":"https:\/\/www.castingnews.eu\/magazine\/2023\/07\/05\/casting-in-emilia-romagna-si-cercano-comparse-e-figurazioni-speciali-per-un-film\/#primaryimage"},"thumbnailUrl":"https:\/\/www.castingnews.eu\/magazine\/wp-content\/uploads\/2023\/07\/emilia-romagna-casting-figurazioni.jpg","datePublished":"2023-07-05T15:09:42+00:00","dateModified":"2023-07-05T15:09:44+00:00","author":{"@id":"https:\/\/www.castingnews.eu\/magazine\/#\/schema\/person\/099d71c568c9a7e5e4037b1594108f17"},"description":"Si cercano comparse e figurazioni speciali da inserire in un film che si girer\u00e0 in Emilia-Romagna. Le riprese sono previste nell\u2019autunno 2023.","breadcrumb":{"@id":"https:\/\/www.castingnews.eu\/magazine\/2023\/07\/05\/casting-in-emilia-romagna-si-cercano-comparse-e-figurazioni-speciali-per-un-film\/#breadcrumb"},"inLanguage":"it-IT","potentialAction":[{"@type":"ReadAction","target":["https:\/\/www.castingnews.eu\/magazine\/2023\/07\/05\/casting-in-emilia-romagna-si-cercano-comparse-e-figurazioni-speciali-per-un-film\/"]}]},{"@type":"ImageObject","inLanguage":"it-IT","@id":"https:\/\/www.castingnews.eu\/magazine\/2023\/07\/05\/casting-in-emilia-romagna-si-cercano-comparse-e-figurazioni-speciali-per-un-film\/#primaryimage","url":"https:\/\/www.castingnews.eu\/magazine\/wp-content\/uploads\/2023\/07\/emilia-romagna-casting-figurazioni.jpg","contentUrl":"https:\/\/www.castingnews.eu\/magazine\/wp-content\/uploads\/2023\/07\/emilia-romagna-casting-figurazioni.jpg","width":1080,"height":566,"caption":"Casting film in Emilia-Romagna, si cercano comparse e figurazioni speciali"},{"@type":"BreadcrumbList","@id":"https:\/\/www.castingnews.eu\/magazine\/2023\/07\/05\/casting-in-emilia-romagna-si-cercano-comparse-e-figurazioni-speciali-per-un-film\/#breadcrumb","itemListElement":[{"@type":"ListItem","position":1,"name":"Home","item":"https:\/\/www.castingnews.eu\/magazine\/"},{"@type":"ListItem","position":2,"name":"Casting in Emilia-Romagna, si cercano comparse e figurazioni speciali per un film"}]},{"@type":"WebSite","@id":"https:\/\/www.castingnews.eu\/magazine\/#website","url":"https:\/\/www.castingnews.eu\/magazine\/","name":"Casting News Magazine","description":"News e aggiornamenti sui film, serie tv, teatro e festival italiani ed internazionali","potentialAction":[{"@type":"SearchAction","target":{"@type":"EntryPoint","urlTemplate":"https:\/\/www.castingnews.eu\/magazine\/?s={search_term_string}"},"query-input":{"@type":"PropertyValueSpecification","valueRequired":true,"valueName":"search_term_string"}}],"inLanguage":"it-IT"},{"@type":"Person","@id":"https:\/\/www.castingnews.eu\/magazine\/#\/schema\/person\/099d71c568c9a7e5e4037b1594108f17","name":"Redazione","image":{"@type":"ImageObject","inLanguage":"it-IT","@id":"https:\/\/secure.gravatar.com\/avatar\/b73a087aa3bd279fb70d24f1960a91c82cf67619395b60b564c90e9e5d5325fc?s=96&d=mm&r=g","url":"https:\/\/secure.gravatar.com\/avatar\/b73a087aa3bd279fb70d24f1960a91c82cf67619395b60b564c90e9e5d5325fc?s=96&d=mm&r=g","contentUrl":"https:\/\/secure.gravatar.com\/avatar\/b73a087aa3bd279fb70d24f1960a91c82cf67619395b60b564c90e9e5d5325fc?s=96&d=mm&r=g","caption":"Redazione"},"description":"News e aggiornamenti sui film, serie tv, teatro e festival italiani ed internazionali.","url":"https:\/\/www.castingnews.eu\/magazine\/author\/redazione\/"}]}},"_links":{"self":[{"href":"https:\/\/www.castingnews.eu\/magazine\/wp-json\/wp\/v2\/posts\/6396","targetHints":{"allow":["GET"]}}],"collection":[{"href":"https:\/\/www.castingnews.eu\/magazine\/wp-json\/wp\/v2\/posts"}],"about":[{"href":"https:\/\/www.castingnews.eu\/magazine\/wp-json\/wp\/v2\/types\/post"}],"author":[{"embeddable":true,"href":"https:\/\/www.castingnews.eu\/magazine\/wp-json\/wp\/v2\/users\/1"}],"replies":[{"embeddable":true,"href":"https:\/\/www.castingnews.eu\/magazine\/wp-json\/wp\/v2\/comments?post=6396"}],"version-history":[{"count":1,"href":"https:\/\/www.castingnews.eu\/magazine\/wp-json\/wp\/v2\/posts\/6396\/revisions"}],"predecessor-version":[{"id":6398,"href":"https:\/\/www.castingnews.eu\/magazine\/wp-json\/wp\/v2\/posts\/6396\/revisions\/6398"}],"wp:featuredmedia":[{"embeddable":true,"href":"https:\/\/www.castingnews.eu\/magazine\/wp-json\/wp\/v2\/media\/6397"}],"wp:attachment":[{"href":"https:\/\/www.castingnews.eu\/magazine\/wp-json\/wp\/v2\/media?parent=6396"}],"wp:term":[{"taxonomy":"category","embeddable":true,"href":"https:\/\/www.castingnews.eu\/magazine\/wp-json\/wp\/v2\/categories?post=6396"},{"taxonomy":"post_tag","embeddable":true,"href":"https:\/\/www.castingnews.eu\/magazine\/wp-json\/wp\/v2\/tags?post=6396"}],"curies":[{"name":"wp","href":"https:\/\/api.w.org\/{rel}","templated":true}]}}