{"id":6321,"date":"2023-06-28T12:59:01","date_gmt":"2023-06-28T10:59:01","guid":{"rendered":"https:\/\/www.castingnews.eu\/magazine\/?p=6321"},"modified":"2023-06-28T12:59:04","modified_gmt":"2023-06-28T10:59:04","slug":"sara-iniziate-le-riprese-della-nuova-serie-netflix-con-teresa-saponangelo-e-claudia-gerini","status":"publish","type":"post","link":"https:\/\/www.castingnews.eu\/magazine\/2023\/06\/28\/sara-iniziate-le-riprese-della-nuova-serie-netflix-con-teresa-saponangelo-e-claudia-gerini\/","title":{"rendered":"\u201cSara\u201d, iniziate le riprese della nuova serie Netflix con Teresa Saponangelo e Claudia Gerini"},"content":{"rendered":"\n<p>Sono iniziate le riprese della nuova serie Netflix dal titolo provvisorio &#8220;Sara&#8221;, basata sulla saga letteraria omonima di Maurizio de Giovanni. L&#8217;autore ha gi\u00e0 visto le sue opere trasformate in serie TV di successo come &#8220;Mina Settembre&#8221;, &#8220;Il commissario Ricciardi&#8221; e &#8220;I bastardi di Pizzofalcone&#8221;. Nel cast troviamo due protagoniste del cinema italiano, Teresa Saponangelo e Claudia Gerini, insieme a Massimo Popolizio, Antonio Gerardi, Flavio Furno, Chiara Celotto e Carmine Recano.<br>La serie, le cui riprese si terranno tra Roma e Napoli, sar\u00e0 composta da sei episodi ed \u00e8 prodotta da Palomar, con la regia di Carmine Elia. La sceneggiatura di &#8220;Sara&#8221; \u00e8 stata curata da Donatella Diamanti, Mario Cristiani e Giovanni Galassi. Il titolo ufficiale della serie verr\u00e0 comunicato successivamente da Netflix.<\/p><div class=\"6d3639e8c6ac292cde400fad8ff8a5b9\" data-index=\"1\" style=\"float: none; margin:10px 0 10px 0; text-align:center;\">\n<script async src=\"\/\/pagead2.googlesyndication.com\/pagead\/js\/adsbygoogle.js\"><\/script>\r\n<!-- Casting Bambini NEW -->\r\n<ins class=\"adsbygoogle\"\r\n     style=\"display:inline-block;width:336px;height:280px\"\r\n     data-ad-client=\"ca-pub-5538097485429833\"\r\n     data-ad-slot=\"5127154445\"><\/ins>\r\n<script>\r\n(adsbygoogle = window.adsbygoogle || []).push({});\r\n<\/script>\n<\/div>\n\n\n\n\n<p>La trama ruota attorno a Sara, ex agente dei servizi segreti interni, stufa e ritirata in una prigione di solitudine. Tuttavia, torna a chiedere un favore all&#8217;amica e collega di un tempo per scoprire la verit\u00e0 sulla prematura morte di suo figlio. In un attimo, si ritrova coinvolta nuovamente nella sua vecchia vita. Nonostante le sue intenzioni, Sara \u00e8 ancora la migliore nel suo campo: era conosciuta come la &#8220;donna invisibile&#8221; e la sua abilit\u00e0 non \u00e8 mai stata dimenticata. Mentre indaga sulla vita del figlio, di cui sapeva poco o niente, Sara si immerge in un&#8217;indagine che la porta a confrontarsi con numerosi fantasmi del passato. Mantenere un equilibrio tra queste due realt\u00e0 \u00e8 estremamente difficile e, certamente, molto pericoloso. Paradossalmente, \u00e8 cos\u00ec che la donna invisibile torna a vivere e a fare ci\u00f2 che sa fare meglio: fare giustizia.<\/p>\n\n<div style=\"font-size: 0px; height: 0px; line-height: 0px; margin: 0; padding: 0; clear: both;\"><\/div>","protected":false},"excerpt":{"rendered":"<p>Sono iniziate le riprese della nuova serie Netflix dal titolo provvisorio &#8220;Sara&#8221;, basata sulla saga letteraria omonima di Maurizio de Giovanni. L&#8217;autore ha gi\u00e0 visto le sue opere trasformate in serie TV di successo come &#8220;Mina Settembre&#8221;, &#8220;Il commissario Ricciardi&#8221; e &#8220;I bastardi di Pizzofalcone&#8221;. Nel cast troviamo due protagoniste del cinema italiano, Teresa Saponangelo [&hellip;]<\/p>\n","protected":false},"author":1,"featured_media":6322,"comment_status":"open","ping_status":"open","sticky":false,"template":"","format":"standard","meta":{"tdm_status":"","tdm_grid_status":"","footnotes":""},"categories":[3955,1533,71,3958,21,31],"tags":[2276,3079,4907,3676,272,273,4908,1699,4906,2279,993,1819,1193,4904,1611,4905],"class_list":{"0":"post-6321","1":"post","2":"type-post","3":"status-publish","4":"format-standard","5":"has-post-thumbnail","7":"category-campania","8":"category-featured","9":"category-italia-paese","10":"category-lazio","11":"category-in-primo-piano","12":"category-progetti-tv","13":"tag-antonio-gerardi","14":"tag-carmine-elia","15":"tag-carmine-recano","16":"tag-casting-call","17":"tag-casting-magazine","18":"tag-casting-news","19":"tag-chiara-celotto","20":"tag-claudia-gerini","21":"tag-flavio-furno","22":"tag-massimo-popolizio","23":"tag-napoli","24":"tag-netflix","25":"tag-roma","26":"tag-sara","27":"tag-serie-tv","28":"tag-teresa-saponangelo"},"yoast_head":"<!-- This site is optimized with the Yoast SEO plugin v27.4 - https:\/\/yoast.com\/product\/yoast-seo-wordpress\/ -->\r\n<title>\u201cSara\u201d, iniziate le riprese della nuova serie Netflix con Teresa Saponangelo e Claudia Gerini - Casting News Magazine<\/title>\r\n<meta name=\"description\" content=\"Sono iniziate le riprese della nuova serie Netflix dal titolo provvisorio &quot;Sara&quot;, basata sulla saga letteraria omonima di Maurizio de Giovanni.\" \/>\r\n<meta name=\"robots\" content=\"index, follow, max-snippet:-1, max-image-preview:large, max-video-preview:-1\" \/>\r\n<link rel=\"canonical\" href=\"https:\/\/www.castingnews.eu\/magazine\/2023\/06\/28\/sara-iniziate-le-riprese-della-nuova-serie-netflix-con-teresa-saponangelo-e-claudia-gerini\/\" \/>\r\n<meta property=\"og:locale\" content=\"it_IT\" \/>\r\n<meta property=\"og:type\" content=\"article\" \/>\r\n<meta property=\"og:title\" content=\"\u201cSara\u201d, iniziate le riprese della nuova serie Netflix con Teresa Saponangelo e Claudia Gerini - Casting News Magazine\" \/>\r\n<meta property=\"og:description\" content=\"Sono iniziate le riprese della nuova serie Netflix dal titolo provvisorio &quot;Sara&quot;, basata sulla saga letteraria omonima di Maurizio de Giovanni.\" \/>\r\n<meta property=\"og:url\" content=\"https:\/\/www.castingnews.eu\/magazine\/2023\/06\/28\/sara-iniziate-le-riprese-della-nuova-serie-netflix-con-teresa-saponangelo-e-claudia-gerini\/\" \/>\r\n<meta property=\"og:site_name\" content=\"Casting News Magazine\" \/>\r\n<meta property=\"article:published_time\" content=\"2023-06-28T10:59:01+00:00\" \/>\r\n<meta property=\"article:modified_time\" content=\"2023-06-28T10:59:04+00:00\" \/>\r\n<meta property=\"og:image\" content=\"https:\/\/www.castingnews.eu\/magazine\/wp-content\/uploads\/2023\/06\/ciak-casting-news.jpg\" \/>\r\n\t<meta property=\"og:image:width\" content=\"750\" \/>\r\n\t<meta property=\"og:image:height\" content=\"564\" \/>\r\n\t<meta property=\"og:image:type\" content=\"image\/jpeg\" \/>\r\n<meta name=\"author\" content=\"Redazione\" \/>\r\n<meta name=\"twitter:card\" content=\"summary_large_image\" \/>\r\n<meta name=\"twitter:label1\" content=\"Scritto da\" \/>\n\t<meta name=\"twitter:data1\" content=\"Redazione\" \/>\n\t<meta name=\"twitter:label2\" content=\"Tempo di lettura stimato\" \/>\n\t<meta name=\"twitter:data2\" content=\"2 minuti\" \/>\r\n<script type=\"application\/ld+json\" class=\"yoast-schema-graph\">{\"@context\":\"https:\\\/\\\/schema.org\",\"@graph\":[{\"@type\":\"Article\",\"@id\":\"https:\\\/\\\/www.castingnews.eu\\\/magazine\\\/2023\\\/06\\\/28\\\/sara-iniziate-le-riprese-della-nuova-serie-netflix-con-teresa-saponangelo-e-claudia-gerini\\\/#article\",\"isPartOf\":{\"@id\":\"https:\\\/\\\/www.castingnews.eu\\\/magazine\\\/2023\\\/06\\\/28\\\/sara-iniziate-le-riprese-della-nuova-serie-netflix-con-teresa-saponangelo-e-claudia-gerini\\\/\"},\"author\":{\"name\":\"Redazione\",\"@id\":\"https:\\\/\\\/www.castingnews.eu\\\/magazine\\\/#\\\/schema\\\/person\\\/099d71c568c9a7e5e4037b1594108f17\"},\"headline\":\"\u201cSara\u201d, iniziate le riprese della nuova serie Netflix con Teresa Saponangelo e Claudia Gerini\",\"datePublished\":\"2023-06-28T10:59:01+00:00\",\"dateModified\":\"2023-06-28T10:59:04+00:00\",\"mainEntityOfPage\":{\"@id\":\"https:\\\/\\\/www.castingnews.eu\\\/magazine\\\/2023\\\/06\\\/28\\\/sara-iniziate-le-riprese-della-nuova-serie-netflix-con-teresa-saponangelo-e-claudia-gerini\\\/\"},\"wordCount\":275,\"commentCount\":0,\"image\":{\"@id\":\"https:\\\/\\\/www.castingnews.eu\\\/magazine\\\/2023\\\/06\\\/28\\\/sara-iniziate-le-riprese-della-nuova-serie-netflix-con-teresa-saponangelo-e-claudia-gerini\\\/#primaryimage\"},\"thumbnailUrl\":\"https:\\\/\\\/www.castingnews.eu\\\/magazine\\\/wp-content\\\/uploads\\\/2023\\\/06\\\/ciak-casting-news.jpg\",\"keywords\":[\"Antonio Gerardi\",\"Carmine Elia\",\"Carmine Recano\",\"casting call\",\"Casting Magazine\",\"Casting News\",\"Chiara Celotto\",\"Claudia Gerini\",\"Flavio Furno\",\"Massimo Popolizio\",\"Napoli\",\"Netflix\",\"Roma\",\"Sara\",\"Serie tv\",\"Teresa Saponangelo\"],\"articleSection\":[\"Campania\",\"In primo piano\",\"Italia\",\"Lazio\",\"Primo piano\",\"Progetti TV\"],\"inLanguage\":\"it-IT\",\"potentialAction\":[{\"@type\":\"CommentAction\",\"name\":\"Comment\",\"target\":[\"https:\\\/\\\/www.castingnews.eu\\\/magazine\\\/2023\\\/06\\\/28\\\/sara-iniziate-le-riprese-della-nuova-serie-netflix-con-teresa-saponangelo-e-claudia-gerini\\\/#respond\"]}]},{\"@type\":\"WebPage\",\"@id\":\"https:\\\/\\\/www.castingnews.eu\\\/magazine\\\/2023\\\/06\\\/28\\\/sara-iniziate-le-riprese-della-nuova-serie-netflix-con-teresa-saponangelo-e-claudia-gerini\\\/\",\"url\":\"https:\\\/\\\/www.castingnews.eu\\\/magazine\\\/2023\\\/06\\\/28\\\/sara-iniziate-le-riprese-della-nuova-serie-netflix-con-teresa-saponangelo-e-claudia-gerini\\\/\",\"name\":\"\u201cSara\u201d, iniziate le riprese della nuova serie Netflix con Teresa Saponangelo e Claudia Gerini - Casting News Magazine\",\"isPartOf\":{\"@id\":\"https:\\\/\\\/www.castingnews.eu\\\/magazine\\\/#website\"},\"primaryImageOfPage\":{\"@id\":\"https:\\\/\\\/www.castingnews.eu\\\/magazine\\\/2023\\\/06\\\/28\\\/sara-iniziate-le-riprese-della-nuova-serie-netflix-con-teresa-saponangelo-e-claudia-gerini\\\/#primaryimage\"},\"image\":{\"@id\":\"https:\\\/\\\/www.castingnews.eu\\\/magazine\\\/2023\\\/06\\\/28\\\/sara-iniziate-le-riprese-della-nuova-serie-netflix-con-teresa-saponangelo-e-claudia-gerini\\\/#primaryimage\"},\"thumbnailUrl\":\"https:\\\/\\\/www.castingnews.eu\\\/magazine\\\/wp-content\\\/uploads\\\/2023\\\/06\\\/ciak-casting-news.jpg\",\"datePublished\":\"2023-06-28T10:59:01+00:00\",\"dateModified\":\"2023-06-28T10:59:04+00:00\",\"author\":{\"@id\":\"https:\\\/\\\/www.castingnews.eu\\\/magazine\\\/#\\\/schema\\\/person\\\/099d71c568c9a7e5e4037b1594108f17\"},\"description\":\"Sono iniziate le riprese della nuova serie Netflix dal titolo provvisorio \\\"Sara\\\", basata sulla saga letteraria omonima di Maurizio de Giovanni.\",\"breadcrumb\":{\"@id\":\"https:\\\/\\\/www.castingnews.eu\\\/magazine\\\/2023\\\/06\\\/28\\\/sara-iniziate-le-riprese-della-nuova-serie-netflix-con-teresa-saponangelo-e-claudia-gerini\\\/#breadcrumb\"},\"inLanguage\":\"it-IT\",\"potentialAction\":[{\"@type\":\"ReadAction\",\"target\":[\"https:\\\/\\\/www.castingnews.eu\\\/magazine\\\/2023\\\/06\\\/28\\\/sara-iniziate-le-riprese-della-nuova-serie-netflix-con-teresa-saponangelo-e-claudia-gerini\\\/\"]}]},{\"@type\":\"ImageObject\",\"inLanguage\":\"it-IT\",\"@id\":\"https:\\\/\\\/www.castingnews.eu\\\/magazine\\\/2023\\\/06\\\/28\\\/sara-iniziate-le-riprese-della-nuova-serie-netflix-con-teresa-saponangelo-e-claudia-gerini\\\/#primaryimage\",\"url\":\"https:\\\/\\\/www.castingnews.eu\\\/magazine\\\/wp-content\\\/uploads\\\/2023\\\/06\\\/ciak-casting-news.jpg\",\"contentUrl\":\"https:\\\/\\\/www.castingnews.eu\\\/magazine\\\/wp-content\\\/uploads\\\/2023\\\/06\\\/ciak-casting-news.jpg\",\"width\":750,\"height\":564,\"caption\":\"ciak casting news\"},{\"@type\":\"BreadcrumbList\",\"@id\":\"https:\\\/\\\/www.castingnews.eu\\\/magazine\\\/2023\\\/06\\\/28\\\/sara-iniziate-le-riprese-della-nuova-serie-netflix-con-teresa-saponangelo-e-claudia-gerini\\\/#breadcrumb\",\"itemListElement\":[{\"@type\":\"ListItem\",\"position\":1,\"name\":\"Home\",\"item\":\"https:\\\/\\\/www.castingnews.eu\\\/magazine\\\/\"},{\"@type\":\"ListItem\",\"position\":2,\"name\":\"\u201cSara\u201d, iniziate le riprese della nuova serie Netflix con Teresa Saponangelo e Claudia Gerini\"}]},{\"@type\":\"WebSite\",\"@id\":\"https:\\\/\\\/www.castingnews.eu\\\/magazine\\\/#website\",\"url\":\"https:\\\/\\\/www.castingnews.eu\\\/magazine\\\/\",\"name\":\"Casting News Magazine\",\"description\":\"News e aggiornamenti sui film, serie tv, teatro e festival italiani ed internazionali\",\"potentialAction\":[{\"@type\":\"SearchAction\",\"target\":{\"@type\":\"EntryPoint\",\"urlTemplate\":\"https:\\\/\\\/www.castingnews.eu\\\/magazine\\\/?s={search_term_string}\"},\"query-input\":{\"@type\":\"PropertyValueSpecification\",\"valueRequired\":true,\"valueName\":\"search_term_string\"}}],\"inLanguage\":\"it-IT\"},{\"@type\":\"Person\",\"@id\":\"https:\\\/\\\/www.castingnews.eu\\\/magazine\\\/#\\\/schema\\\/person\\\/099d71c568c9a7e5e4037b1594108f17\",\"name\":\"Redazione\",\"image\":{\"@type\":\"ImageObject\",\"inLanguage\":\"it-IT\",\"@id\":\"https:\\\/\\\/secure.gravatar.com\\\/avatar\\\/b73a087aa3bd279fb70d24f1960a91c82cf67619395b60b564c90e9e5d5325fc?s=96&d=mm&r=g\",\"url\":\"https:\\\/\\\/secure.gravatar.com\\\/avatar\\\/b73a087aa3bd279fb70d24f1960a91c82cf67619395b60b564c90e9e5d5325fc?s=96&d=mm&r=g\",\"contentUrl\":\"https:\\\/\\\/secure.gravatar.com\\\/avatar\\\/b73a087aa3bd279fb70d24f1960a91c82cf67619395b60b564c90e9e5d5325fc?s=96&d=mm&r=g\",\"caption\":\"Redazione\"},\"description\":\"News e aggiornamenti sui film, serie tv, teatro e festival italiani ed internazionali.\",\"url\":\"https:\\\/\\\/www.castingnews.eu\\\/magazine\\\/author\\\/redazione\\\/\"}]}<\/script>\r\n<!-- \/ Yoast SEO plugin. -->","yoast_head_json":{"title":"\u201cSara\u201d, iniziate le riprese della nuova serie Netflix con Teresa Saponangelo e Claudia Gerini - Casting News Magazine","description":"Sono iniziate le riprese della nuova serie Netflix dal titolo provvisorio \"Sara\", basata sulla saga letteraria omonima di Maurizio de Giovanni.","robots":{"index":"index","follow":"follow","max-snippet":"max-snippet:-1","max-image-preview":"max-image-preview:large","max-video-preview":"max-video-preview:-1"},"canonical":"https:\/\/www.castingnews.eu\/magazine\/2023\/06\/28\/sara-iniziate-le-riprese-della-nuova-serie-netflix-con-teresa-saponangelo-e-claudia-gerini\/","og_locale":"it_IT","og_type":"article","og_title":"\u201cSara\u201d, iniziate le riprese della nuova serie Netflix con Teresa Saponangelo e Claudia Gerini - Casting News Magazine","og_description":"Sono iniziate le riprese della nuova serie Netflix dal titolo provvisorio \"Sara\", basata sulla saga letteraria omonima di Maurizio de Giovanni.","og_url":"https:\/\/www.castingnews.eu\/magazine\/2023\/06\/28\/sara-iniziate-le-riprese-della-nuova-serie-netflix-con-teresa-saponangelo-e-claudia-gerini\/","og_site_name":"Casting News Magazine","article_published_time":"2023-06-28T10:59:01+00:00","article_modified_time":"2023-06-28T10:59:04+00:00","og_image":[{"width":750,"height":564,"url":"https:\/\/www.castingnews.eu\/magazine\/wp-content\/uploads\/2023\/06\/ciak-casting-news.jpg","type":"image\/jpeg"}],"author":"Redazione","twitter_card":"summary_large_image","twitter_misc":{"Scritto da":"Redazione","Tempo di lettura stimato":"2 minuti"},"schema":{"@context":"https:\/\/schema.org","@graph":[{"@type":"Article","@id":"https:\/\/www.castingnews.eu\/magazine\/2023\/06\/28\/sara-iniziate-le-riprese-della-nuova-serie-netflix-con-teresa-saponangelo-e-claudia-gerini\/#article","isPartOf":{"@id":"https:\/\/www.castingnews.eu\/magazine\/2023\/06\/28\/sara-iniziate-le-riprese-della-nuova-serie-netflix-con-teresa-saponangelo-e-claudia-gerini\/"},"author":{"name":"Redazione","@id":"https:\/\/www.castingnews.eu\/magazine\/#\/schema\/person\/099d71c568c9a7e5e4037b1594108f17"},"headline":"\u201cSara\u201d, iniziate le riprese della nuova serie Netflix con Teresa Saponangelo e Claudia Gerini","datePublished":"2023-06-28T10:59:01+00:00","dateModified":"2023-06-28T10:59:04+00:00","mainEntityOfPage":{"@id":"https:\/\/www.castingnews.eu\/magazine\/2023\/06\/28\/sara-iniziate-le-riprese-della-nuova-serie-netflix-con-teresa-saponangelo-e-claudia-gerini\/"},"wordCount":275,"commentCount":0,"image":{"@id":"https:\/\/www.castingnews.eu\/magazine\/2023\/06\/28\/sara-iniziate-le-riprese-della-nuova-serie-netflix-con-teresa-saponangelo-e-claudia-gerini\/#primaryimage"},"thumbnailUrl":"https:\/\/www.castingnews.eu\/magazine\/wp-content\/uploads\/2023\/06\/ciak-casting-news.jpg","keywords":["Antonio Gerardi","Carmine Elia","Carmine Recano","casting call","Casting Magazine","Casting News","Chiara Celotto","Claudia Gerini","Flavio Furno","Massimo Popolizio","Napoli","Netflix","Roma","Sara","Serie tv","Teresa Saponangelo"],"articleSection":["Campania","In primo piano","Italia","Lazio","Primo piano","Progetti TV"],"inLanguage":"it-IT","potentialAction":[{"@type":"CommentAction","name":"Comment","target":["https:\/\/www.castingnews.eu\/magazine\/2023\/06\/28\/sara-iniziate-le-riprese-della-nuova-serie-netflix-con-teresa-saponangelo-e-claudia-gerini\/#respond"]}]},{"@type":"WebPage","@id":"https:\/\/www.castingnews.eu\/magazine\/2023\/06\/28\/sara-iniziate-le-riprese-della-nuova-serie-netflix-con-teresa-saponangelo-e-claudia-gerini\/","url":"https:\/\/www.castingnews.eu\/magazine\/2023\/06\/28\/sara-iniziate-le-riprese-della-nuova-serie-netflix-con-teresa-saponangelo-e-claudia-gerini\/","name":"\u201cSara\u201d, iniziate le riprese della nuova serie Netflix con Teresa Saponangelo e Claudia Gerini - Casting News Magazine","isPartOf":{"@id":"https:\/\/www.castingnews.eu\/magazine\/#website"},"primaryImageOfPage":{"@id":"https:\/\/www.castingnews.eu\/magazine\/2023\/06\/28\/sara-iniziate-le-riprese-della-nuova-serie-netflix-con-teresa-saponangelo-e-claudia-gerini\/#primaryimage"},"image":{"@id":"https:\/\/www.castingnews.eu\/magazine\/2023\/06\/28\/sara-iniziate-le-riprese-della-nuova-serie-netflix-con-teresa-saponangelo-e-claudia-gerini\/#primaryimage"},"thumbnailUrl":"https:\/\/www.castingnews.eu\/magazine\/wp-content\/uploads\/2023\/06\/ciak-casting-news.jpg","datePublished":"2023-06-28T10:59:01+00:00","dateModified":"2023-06-28T10:59:04+00:00","author":{"@id":"https:\/\/www.castingnews.eu\/magazine\/#\/schema\/person\/099d71c568c9a7e5e4037b1594108f17"},"description":"Sono iniziate le riprese della nuova serie Netflix dal titolo provvisorio \"Sara\", basata sulla saga letteraria omonima di Maurizio de Giovanni.","breadcrumb":{"@id":"https:\/\/www.castingnews.eu\/magazine\/2023\/06\/28\/sara-iniziate-le-riprese-della-nuova-serie-netflix-con-teresa-saponangelo-e-claudia-gerini\/#breadcrumb"},"inLanguage":"it-IT","potentialAction":[{"@type":"ReadAction","target":["https:\/\/www.castingnews.eu\/magazine\/2023\/06\/28\/sara-iniziate-le-riprese-della-nuova-serie-netflix-con-teresa-saponangelo-e-claudia-gerini\/"]}]},{"@type":"ImageObject","inLanguage":"it-IT","@id":"https:\/\/www.castingnews.eu\/magazine\/2023\/06\/28\/sara-iniziate-le-riprese-della-nuova-serie-netflix-con-teresa-saponangelo-e-claudia-gerini\/#primaryimage","url":"https:\/\/www.castingnews.eu\/magazine\/wp-content\/uploads\/2023\/06\/ciak-casting-news.jpg","contentUrl":"https:\/\/www.castingnews.eu\/magazine\/wp-content\/uploads\/2023\/06\/ciak-casting-news.jpg","width":750,"height":564,"caption":"ciak casting news"},{"@type":"BreadcrumbList","@id":"https:\/\/www.castingnews.eu\/magazine\/2023\/06\/28\/sara-iniziate-le-riprese-della-nuova-serie-netflix-con-teresa-saponangelo-e-claudia-gerini\/#breadcrumb","itemListElement":[{"@type":"ListItem","position":1,"name":"Home","item":"https:\/\/www.castingnews.eu\/magazine\/"},{"@type":"ListItem","position":2,"name":"\u201cSara\u201d, iniziate le riprese della nuova serie Netflix con Teresa Saponangelo e Claudia Gerini"}]},{"@type":"WebSite","@id":"https:\/\/www.castingnews.eu\/magazine\/#website","url":"https:\/\/www.castingnews.eu\/magazine\/","name":"Casting News Magazine","description":"News e aggiornamenti sui film, serie tv, teatro e festival italiani ed internazionali","potentialAction":[{"@type":"SearchAction","target":{"@type":"EntryPoint","urlTemplate":"https:\/\/www.castingnews.eu\/magazine\/?s={search_term_string}"},"query-input":{"@type":"PropertyValueSpecification","valueRequired":true,"valueName":"search_term_string"}}],"inLanguage":"it-IT"},{"@type":"Person","@id":"https:\/\/www.castingnews.eu\/magazine\/#\/schema\/person\/099d71c568c9a7e5e4037b1594108f17","name":"Redazione","image":{"@type":"ImageObject","inLanguage":"it-IT","@id":"https:\/\/secure.gravatar.com\/avatar\/b73a087aa3bd279fb70d24f1960a91c82cf67619395b60b564c90e9e5d5325fc?s=96&d=mm&r=g","url":"https:\/\/secure.gravatar.com\/avatar\/b73a087aa3bd279fb70d24f1960a91c82cf67619395b60b564c90e9e5d5325fc?s=96&d=mm&r=g","contentUrl":"https:\/\/secure.gravatar.com\/avatar\/b73a087aa3bd279fb70d24f1960a91c82cf67619395b60b564c90e9e5d5325fc?s=96&d=mm&r=g","caption":"Redazione"},"description":"News e aggiornamenti sui film, serie tv, teatro e festival italiani ed internazionali.","url":"https:\/\/www.castingnews.eu\/magazine\/author\/redazione\/"}]}},"_links":{"self":[{"href":"https:\/\/www.castingnews.eu\/magazine\/wp-json\/wp\/v2\/posts\/6321","targetHints":{"allow":["GET"]}}],"collection":[{"href":"https:\/\/www.castingnews.eu\/magazine\/wp-json\/wp\/v2\/posts"}],"about":[{"href":"https:\/\/www.castingnews.eu\/magazine\/wp-json\/wp\/v2\/types\/post"}],"author":[{"embeddable":true,"href":"https:\/\/www.castingnews.eu\/magazine\/wp-json\/wp\/v2\/users\/1"}],"replies":[{"embeddable":true,"href":"https:\/\/www.castingnews.eu\/magazine\/wp-json\/wp\/v2\/comments?post=6321"}],"version-history":[{"count":1,"href":"https:\/\/www.castingnews.eu\/magazine\/wp-json\/wp\/v2\/posts\/6321\/revisions"}],"predecessor-version":[{"id":6323,"href":"https:\/\/www.castingnews.eu\/magazine\/wp-json\/wp\/v2\/posts\/6321\/revisions\/6323"}],"wp:featuredmedia":[{"embeddable":true,"href":"https:\/\/www.castingnews.eu\/magazine\/wp-json\/wp\/v2\/media\/6322"}],"wp:attachment":[{"href":"https:\/\/www.castingnews.eu\/magazine\/wp-json\/wp\/v2\/media?parent=6321"}],"wp:term":[{"taxonomy":"category","embeddable":true,"href":"https:\/\/www.castingnews.eu\/magazine\/wp-json\/wp\/v2\/categories?post=6321"},{"taxonomy":"post_tag","embeddable":true,"href":"https:\/\/www.castingnews.eu\/magazine\/wp-json\/wp\/v2\/tags?post=6321"}],"curies":[{"name":"wp","href":"https:\/\/api.w.org\/{rel}","templated":true}]}}