{"id":6273,"date":"2023-06-19T17:56:37","date_gmt":"2023-06-19T15:56:37","guid":{"rendered":"https:\/\/www.castingnews.eu\/magazine\/?p=6273"},"modified":"2023-06-19T17:56:40","modified_gmt":"2023-06-19T15:56:40","slug":"nastri-dargento-2023-i-nastri-speciali","status":"publish","type":"post","link":"https:\/\/www.castingnews.eu\/magazine\/2023\/06\/19\/nastri-dargento-2023-i-nastri-speciali\/","title":{"rendered":"NASTRI D&#8217;ARGENTO 2023: I NASTRI SPECIALI"},"content":{"rendered":"\n<p><em>Roma, 19 Giugno \u2013&nbsp;<\/em>Nastri d\u2019Argento speciali a&nbsp;<strong>Giovanna Ralli<\/strong>, tornata sul set con la regia di Jasmine Trinca in&nbsp;<strong><em>Marcel!<\/em><\/strong>,per festeggiare una carriera ancora ricca di successi, a<strong>&nbsp;Michele Placido<\/strong>,&nbsp;nell\u2019anno dell\u2019intensa interpretazione in&nbsp;<strong><em>Orlando<\/em><\/strong>&nbsp;di Daniele Vicari e del suo quattordicesimo film da regista con&nbsp;<strong><em>L\u2019ombra di Caravaggio<\/em><\/strong><em>,<\/em>&nbsp;tra ricostruzione storica e modernit\u00e0 di un personaggio mai cos\u00ec raccontato nel suo stile pop e in chiave internazionale. A&nbsp;<strong>Giovanni Veronesi<\/strong>&nbsp;per il \u2018cameo dell\u2019anno\u2019, un eccezionale Pontormo nel film di Mimmo Paladino&nbsp;<em>La divina cometa<\/em>.&nbsp;<\/p><div class=\"6d3639e8c6ac292cde400fad8ff8a5b9\" data-index=\"1\" style=\"float: none; margin:10px 0 10px 0; text-align:center;\">\n<script async src=\"\/\/pagead2.googlesyndication.com\/pagead\/js\/adsbygoogle.js\"><\/script>\r\n<!-- Casting Bambini NEW -->\r\n<ins class=\"adsbygoogle\"\r\n     style=\"display:inline-block;width:336px;height:280px\"\r\n     data-ad-client=\"ca-pub-5538097485429833\"\r\n     data-ad-slot=\"5127154445\"><\/ins>\r\n<script>\r\n(adsbygoogle = window.adsbygoogle || []).push({});\r\n<\/script>\n<\/div>\n\n\n\n\n<p>Accanto alle eccellenze del cinema italiano,&nbsp;<strong>il Nastro d\u2019Argento Europeo&nbsp;<\/strong>quest\u2019anno va a&nbsp;<strong>Valeria Bruni Tedeschi per&nbsp;<em>Forever Young \u2013 Les Amandiers<\/em><\/strong><em>,&nbsp;<\/em>appassionata dichiarazione d\u2019amore per gli attori fra autobiografia e racconto di formazione. Un film, in concorso al Festival di Cannes 2022, nel quale la Bruni Tedeschi &#8211; che ha gi\u00e0 ricevuto un Nastro europeo come attrice nel 2011 &#8211; conferma la sua maturit\u00e0 di autrice.&nbsp;<strong>Un riconoscimento assegnato negli anni ai pi\u00f9 importanti autori e attori europei come Pedro Alm\u00f2dovar, Colin Firth, Juliette Binoche, Monica Bellucci, Laura Morante, Lambert Wilson<\/strong>.<\/p>\n\n\n\n<p>Lo annunciano i Giornalisti Cinematografici che domani sera,&nbsp;<strong>marted\u00ec 20 giugno a Roma al MAXXI \u2013 Museo nazionale delle arti del XXI secolo,&nbsp;<\/strong>consegnano i premi 2023 ai migliori autori, protagonisti, tecnici dell\u2019anno<strong>&nbsp;votati in una selezione di 40 film<\/strong>.<\/p>\n\n\n\n<p>Una serata&nbsp;<strong>condotta da Francesca Fialdini<\/strong>&nbsp;in collaborazione con&nbsp;<strong>Rai Cultura che andr\u00e0 in onda in uno speciale mercoled\u00ec 21 giugno alle 23:20 su Rai Movie, gioved\u00ec 22 giugno alle 01:20 in replica su Rai 1 e mercoled\u00ec 28 giugno in seconda serata sar\u00e0 trasmessa nei molti territori coperti da Rai Italia.&nbsp;<\/strong>\u201cSono felice e nello stesso tempo onorata di far parte di questo evento\u201d&nbsp;<strong>afferma Francesca Fialdini<\/strong>&nbsp;\u201cperch\u00e9 stimo il lavoro dei giornalisti cinematografici e il loro impegno nel raccontare un&#8217;arte che sta conoscendo un momento di forte concorrenza e trasformazione. Questa sar\u00e0 un\u2019edizione dedicata alla magia della sala, al gusto unico e irripetibile che la visione di un film pu\u00f2 dare\u2026. I nastri ci ricordano il valore di tutto questo\u201d.<\/p>\n\n\n\n<p>Domani, accanto ai Nastri votati per referendum notarile,<strong>&nbsp;anche l\u2019annuncio e la consegna dei riconoscimenti ai pi\u00f9 giovani in un palmar\u00e8s che, come sempre, comprende i&nbsp;<em>Premi Guglielmo Biraghi<\/em>&nbsp;e&nbsp;<em>Graziella Bonacchi<\/em>, rispettivamente destinati al talento dei pi\u00f9 giovani e degli esordienti, come il Premio&nbsp;<em>Fondazione Claudio Nobis.<\/em>&nbsp;<\/strong>Come consuetudine assegnati anche il<strong>&nbsp;Premio&nbsp;<em>Nastri d\u2019Argento-Hamilton Behind the camera<\/em>,&nbsp;<\/strong>il<strong>&nbsp;<em>Persol-Personaggio dell\u2019anno<\/em>, il&nbsp;<em>Nuovo Imaie&nbsp;<\/em><\/strong>e il<strong><em>&nbsp;Wella Professionals per l\u2019immagine.&nbsp;<\/em><\/strong>I vincitori della migliore sceneggiatura riceveranno anche un omaggio speciale, condiviso dai Nastri d\u2019Argento con<strong>&nbsp;<em>Campo Marzio<\/em><\/strong><em>.<\/em><\/p>\n\n\n\n<p>Un ringraziamento, infine, ai partner istituzionali: con il&nbsp;<strong>MiC &#8211; Direzione Generale per il Cinema, MAXXI &#8211; Museo nazionale delle Arti del XXI secolo, NUOVO IMAIE, FONDAZIONE CLAUDIO NOBIS<\/strong>. Media partner&nbsp;<strong>RAI MOVIE-RAI CULTURA<\/strong>.<\/p>\n\n\n\n<p>E grazie agli sponsor ufficiali per il loro prezioso supporto:&nbsp;<strong>BNL \u2013 BNP PARIBAS, HAMILTON, PERSOL, WELLA PROFESSIONALS, GE-Gruppo Eventi&nbsp;<\/strong>e<strong>&nbsp;COPLAND GROUP<\/strong>, con le&nbsp;<em>new entry<\/em>&nbsp;<strong>FIAT official car,<\/strong>&nbsp;<strong>PIANEGONDA, CAMPO MARZIO, BENEDETTA RICCIO service make up<\/strong>.<\/p>\n\n<div style=\"font-size: 0px; height: 0px; line-height: 0px; margin: 0; padding: 0; clear: both;\"><\/div>","protected":false},"excerpt":{"rendered":"<p>Roma, 19 Giugno \u2013&nbsp;Nastri d\u2019Argento speciali a&nbsp;Giovanna Ralli, tornata sul set con la regia di Jasmine Trinca in&nbsp;Marcel!,per festeggiare una carriera ancora ricca di successi, a&nbsp;Michele Placido,&nbsp;nell\u2019anno dell\u2019intensa interpretazione in&nbsp;Orlando&nbsp;di Daniele Vicari e del suo quattordicesimo film da regista con&nbsp;L\u2019ombra di Caravaggio,&nbsp;tra ricostruzione storica e modernit\u00e0 di un personaggio mai cos\u00ec raccontato nel suo stile [&hellip;]<\/p>\n","protected":false},"author":1,"featured_media":6124,"comment_status":"open","ping_status":"open","sticky":false,"template":"","format":"standard","meta":{"tdm_status":"","tdm_grid_status":"","footnotes":""},"categories":[1533,71,3470],"tags":[],"class_list":{"0":"post-6273","1":"post","2":"type-post","3":"status-publish","4":"format-standard","5":"has-post-thumbnail","7":"category-featured","8":"category-italia-paese","9":"category-premiazioni"},"yoast_head":"<!-- This site is optimized with the Yoast SEO plugin v27.4 - https:\/\/yoast.com\/product\/yoast-seo-wordpress\/ -->\r\n<title>NASTRI D&#039;ARGENTO 2023: I NASTRI SPECIALI - Casting News Magazine<\/title>\r\n<meta name=\"description\" content=\"Nastri d\u2019Argento speciali a\u00a0Giovanna Ralli, tornata sul set con la regia di Jasmine Trinca in\u00a0Marcel!,per festeggiare una carriera ancora ricca di successi.\" \/>\r\n<meta name=\"robots\" content=\"index, follow, max-snippet:-1, max-image-preview:large, max-video-preview:-1\" \/>\r\n<link rel=\"canonical\" href=\"https:\/\/www.castingnews.eu\/magazine\/2023\/06\/19\/nastri-dargento-2023-i-nastri-speciali\/\" \/>\r\n<meta property=\"og:locale\" content=\"it_IT\" \/>\r\n<meta property=\"og:type\" content=\"article\" \/>\r\n<meta property=\"og:title\" content=\"NASTRI D&#039;ARGENTO 2023: I NASTRI SPECIALI - Casting News Magazine\" \/>\r\n<meta property=\"og:description\" content=\"Nastri d\u2019Argento speciali a\u00a0Giovanna Ralli, tornata sul set con la regia di Jasmine Trinca in\u00a0Marcel!,per festeggiare una carriera ancora ricca di successi.\" \/>\r\n<meta property=\"og:url\" content=\"https:\/\/www.castingnews.eu\/magazine\/2023\/06\/19\/nastri-dargento-2023-i-nastri-speciali\/\" \/>\r\n<meta property=\"og:site_name\" content=\"Casting News Magazine\" \/>\r\n<meta property=\"article:published_time\" content=\"2023-06-19T15:56:37+00:00\" \/>\r\n<meta property=\"article:modified_time\" content=\"2023-06-19T15:56:40+00:00\" \/>\r\n<meta property=\"og:image\" content=\"https:\/\/www.castingnews.eu\/magazine\/wp-content\/uploads\/2023\/06\/Nastri-dArgento.jpg\" \/>\r\n\t<meta property=\"og:image:width\" content=\"1200\" \/>\r\n\t<meta property=\"og:image:height\" content=\"610\" \/>\r\n\t<meta property=\"og:image:type\" content=\"image\/jpeg\" \/>\r\n<meta name=\"author\" content=\"Redazione\" \/>\r\n<meta name=\"twitter:card\" content=\"summary_large_image\" \/>\r\n<meta name=\"twitter:label1\" content=\"Scritto da\" \/>\n\t<meta name=\"twitter:data1\" content=\"Redazione\" \/>\n\t<meta name=\"twitter:label2\" content=\"Tempo di lettura stimato\" \/>\n\t<meta name=\"twitter:data2\" content=\"3 minuti\" \/>\r\n<script type=\"application\/ld+json\" class=\"yoast-schema-graph\">{\"@context\":\"https:\\\/\\\/schema.org\",\"@graph\":[{\"@type\":\"Article\",\"@id\":\"https:\\\/\\\/www.castingnews.eu\\\/magazine\\\/2023\\\/06\\\/19\\\/nastri-dargento-2023-i-nastri-speciali\\\/#article\",\"isPartOf\":{\"@id\":\"https:\\\/\\\/www.castingnews.eu\\\/magazine\\\/2023\\\/06\\\/19\\\/nastri-dargento-2023-i-nastri-speciali\\\/\"},\"author\":{\"name\":\"Redazione\",\"@id\":\"https:\\\/\\\/www.castingnews.eu\\\/magazine\\\/#\\\/schema\\\/person\\\/099d71c568c9a7e5e4037b1594108f17\"},\"headline\":\"NASTRI D&#8217;ARGENTO 2023: I NASTRI SPECIALI\",\"datePublished\":\"2023-06-19T15:56:37+00:00\",\"dateModified\":\"2023-06-19T15:56:40+00:00\",\"mainEntityOfPage\":{\"@id\":\"https:\\\/\\\/www.castingnews.eu\\\/magazine\\\/2023\\\/06\\\/19\\\/nastri-dargento-2023-i-nastri-speciali\\\/\"},\"wordCount\":561,\"commentCount\":0,\"image\":{\"@id\":\"https:\\\/\\\/www.castingnews.eu\\\/magazine\\\/2023\\\/06\\\/19\\\/nastri-dargento-2023-i-nastri-speciali\\\/#primaryimage\"},\"thumbnailUrl\":\"https:\\\/\\\/www.castingnews.eu\\\/magazine\\\/wp-content\\\/uploads\\\/2023\\\/06\\\/Nastri-dArgento.jpg\",\"articleSection\":[\"In primo piano\",\"Italia\",\"Premiazioni\"],\"inLanguage\":\"it-IT\",\"potentialAction\":[{\"@type\":\"CommentAction\",\"name\":\"Comment\",\"target\":[\"https:\\\/\\\/www.castingnews.eu\\\/magazine\\\/2023\\\/06\\\/19\\\/nastri-dargento-2023-i-nastri-speciali\\\/#respond\"]}]},{\"@type\":\"WebPage\",\"@id\":\"https:\\\/\\\/www.castingnews.eu\\\/magazine\\\/2023\\\/06\\\/19\\\/nastri-dargento-2023-i-nastri-speciali\\\/\",\"url\":\"https:\\\/\\\/www.castingnews.eu\\\/magazine\\\/2023\\\/06\\\/19\\\/nastri-dargento-2023-i-nastri-speciali\\\/\",\"name\":\"NASTRI D'ARGENTO 2023: I NASTRI SPECIALI - Casting News Magazine\",\"isPartOf\":{\"@id\":\"https:\\\/\\\/www.castingnews.eu\\\/magazine\\\/#website\"},\"primaryImageOfPage\":{\"@id\":\"https:\\\/\\\/www.castingnews.eu\\\/magazine\\\/2023\\\/06\\\/19\\\/nastri-dargento-2023-i-nastri-speciali\\\/#primaryimage\"},\"image\":{\"@id\":\"https:\\\/\\\/www.castingnews.eu\\\/magazine\\\/2023\\\/06\\\/19\\\/nastri-dargento-2023-i-nastri-speciali\\\/#primaryimage\"},\"thumbnailUrl\":\"https:\\\/\\\/www.castingnews.eu\\\/magazine\\\/wp-content\\\/uploads\\\/2023\\\/06\\\/Nastri-dArgento.jpg\",\"datePublished\":\"2023-06-19T15:56:37+00:00\",\"dateModified\":\"2023-06-19T15:56:40+00:00\",\"author\":{\"@id\":\"https:\\\/\\\/www.castingnews.eu\\\/magazine\\\/#\\\/schema\\\/person\\\/099d71c568c9a7e5e4037b1594108f17\"},\"description\":\"Nastri d\u2019Argento speciali a\u00a0Giovanna Ralli, tornata sul set con la regia di Jasmine Trinca in\u00a0Marcel!,per festeggiare una carriera ancora ricca di successi.\",\"breadcrumb\":{\"@id\":\"https:\\\/\\\/www.castingnews.eu\\\/magazine\\\/2023\\\/06\\\/19\\\/nastri-dargento-2023-i-nastri-speciali\\\/#breadcrumb\"},\"inLanguage\":\"it-IT\",\"potentialAction\":[{\"@type\":\"ReadAction\",\"target\":[\"https:\\\/\\\/www.castingnews.eu\\\/magazine\\\/2023\\\/06\\\/19\\\/nastri-dargento-2023-i-nastri-speciali\\\/\"]}]},{\"@type\":\"ImageObject\",\"inLanguage\":\"it-IT\",\"@id\":\"https:\\\/\\\/www.castingnews.eu\\\/magazine\\\/2023\\\/06\\\/19\\\/nastri-dargento-2023-i-nastri-speciali\\\/#primaryimage\",\"url\":\"https:\\\/\\\/www.castingnews.eu\\\/magazine\\\/wp-content\\\/uploads\\\/2023\\\/06\\\/Nastri-dArgento.jpg\",\"contentUrl\":\"https:\\\/\\\/www.castingnews.eu\\\/magazine\\\/wp-content\\\/uploads\\\/2023\\\/06\\\/Nastri-dArgento.jpg\",\"width\":1200,\"height\":610,\"caption\":\"Nastri dArgento 2023\"},{\"@type\":\"BreadcrumbList\",\"@id\":\"https:\\\/\\\/www.castingnews.eu\\\/magazine\\\/2023\\\/06\\\/19\\\/nastri-dargento-2023-i-nastri-speciali\\\/#breadcrumb\",\"itemListElement\":[{\"@type\":\"ListItem\",\"position\":1,\"name\":\"Home\",\"item\":\"https:\\\/\\\/www.castingnews.eu\\\/magazine\\\/\"},{\"@type\":\"ListItem\",\"position\":2,\"name\":\"NASTRI D&#8217;ARGENTO 2023: I NASTRI SPECIALI\"}]},{\"@type\":\"WebSite\",\"@id\":\"https:\\\/\\\/www.castingnews.eu\\\/magazine\\\/#website\",\"url\":\"https:\\\/\\\/www.castingnews.eu\\\/magazine\\\/\",\"name\":\"Casting News Magazine\",\"description\":\"News e aggiornamenti sui film, serie tv, teatro e festival italiani ed internazionali\",\"potentialAction\":[{\"@type\":\"SearchAction\",\"target\":{\"@type\":\"EntryPoint\",\"urlTemplate\":\"https:\\\/\\\/www.castingnews.eu\\\/magazine\\\/?s={search_term_string}\"},\"query-input\":{\"@type\":\"PropertyValueSpecification\",\"valueRequired\":true,\"valueName\":\"search_term_string\"}}],\"inLanguage\":\"it-IT\"},{\"@type\":\"Person\",\"@id\":\"https:\\\/\\\/www.castingnews.eu\\\/magazine\\\/#\\\/schema\\\/person\\\/099d71c568c9a7e5e4037b1594108f17\",\"name\":\"Redazione\",\"image\":{\"@type\":\"ImageObject\",\"inLanguage\":\"it-IT\",\"@id\":\"https:\\\/\\\/secure.gravatar.com\\\/avatar\\\/b73a087aa3bd279fb70d24f1960a91c82cf67619395b60b564c90e9e5d5325fc?s=96&d=mm&r=g\",\"url\":\"https:\\\/\\\/secure.gravatar.com\\\/avatar\\\/b73a087aa3bd279fb70d24f1960a91c82cf67619395b60b564c90e9e5d5325fc?s=96&d=mm&r=g\",\"contentUrl\":\"https:\\\/\\\/secure.gravatar.com\\\/avatar\\\/b73a087aa3bd279fb70d24f1960a91c82cf67619395b60b564c90e9e5d5325fc?s=96&d=mm&r=g\",\"caption\":\"Redazione\"},\"description\":\"News e aggiornamenti sui film, serie tv, teatro e festival italiani ed internazionali.\",\"url\":\"https:\\\/\\\/www.castingnews.eu\\\/magazine\\\/author\\\/redazione\\\/\"}]}<\/script>\r\n<!-- \/ Yoast SEO plugin. -->","yoast_head_json":{"title":"NASTRI D'ARGENTO 2023: I NASTRI SPECIALI - Casting News Magazine","description":"Nastri d\u2019Argento speciali a\u00a0Giovanna Ralli, tornata sul set con la regia di Jasmine Trinca in\u00a0Marcel!,per festeggiare una carriera ancora ricca di successi.","robots":{"index":"index","follow":"follow","max-snippet":"max-snippet:-1","max-image-preview":"max-image-preview:large","max-video-preview":"max-video-preview:-1"},"canonical":"https:\/\/www.castingnews.eu\/magazine\/2023\/06\/19\/nastri-dargento-2023-i-nastri-speciali\/","og_locale":"it_IT","og_type":"article","og_title":"NASTRI D'ARGENTO 2023: I NASTRI SPECIALI - Casting News Magazine","og_description":"Nastri d\u2019Argento speciali a\u00a0Giovanna Ralli, tornata sul set con la regia di Jasmine Trinca in\u00a0Marcel!,per festeggiare una carriera ancora ricca di successi.","og_url":"https:\/\/www.castingnews.eu\/magazine\/2023\/06\/19\/nastri-dargento-2023-i-nastri-speciali\/","og_site_name":"Casting News Magazine","article_published_time":"2023-06-19T15:56:37+00:00","article_modified_time":"2023-06-19T15:56:40+00:00","og_image":[{"width":1200,"height":610,"url":"https:\/\/www.castingnews.eu\/magazine\/wp-content\/uploads\/2023\/06\/Nastri-dArgento.jpg","type":"image\/jpeg"}],"author":"Redazione","twitter_card":"summary_large_image","twitter_misc":{"Scritto da":"Redazione","Tempo di lettura stimato":"3 minuti"},"schema":{"@context":"https:\/\/schema.org","@graph":[{"@type":"Article","@id":"https:\/\/www.castingnews.eu\/magazine\/2023\/06\/19\/nastri-dargento-2023-i-nastri-speciali\/#article","isPartOf":{"@id":"https:\/\/www.castingnews.eu\/magazine\/2023\/06\/19\/nastri-dargento-2023-i-nastri-speciali\/"},"author":{"name":"Redazione","@id":"https:\/\/www.castingnews.eu\/magazine\/#\/schema\/person\/099d71c568c9a7e5e4037b1594108f17"},"headline":"NASTRI D&#8217;ARGENTO 2023: I NASTRI SPECIALI","datePublished":"2023-06-19T15:56:37+00:00","dateModified":"2023-06-19T15:56:40+00:00","mainEntityOfPage":{"@id":"https:\/\/www.castingnews.eu\/magazine\/2023\/06\/19\/nastri-dargento-2023-i-nastri-speciali\/"},"wordCount":561,"commentCount":0,"image":{"@id":"https:\/\/www.castingnews.eu\/magazine\/2023\/06\/19\/nastri-dargento-2023-i-nastri-speciali\/#primaryimage"},"thumbnailUrl":"https:\/\/www.castingnews.eu\/magazine\/wp-content\/uploads\/2023\/06\/Nastri-dArgento.jpg","articleSection":["In primo piano","Italia","Premiazioni"],"inLanguage":"it-IT","potentialAction":[{"@type":"CommentAction","name":"Comment","target":["https:\/\/www.castingnews.eu\/magazine\/2023\/06\/19\/nastri-dargento-2023-i-nastri-speciali\/#respond"]}]},{"@type":"WebPage","@id":"https:\/\/www.castingnews.eu\/magazine\/2023\/06\/19\/nastri-dargento-2023-i-nastri-speciali\/","url":"https:\/\/www.castingnews.eu\/magazine\/2023\/06\/19\/nastri-dargento-2023-i-nastri-speciali\/","name":"NASTRI D'ARGENTO 2023: I NASTRI SPECIALI - Casting News Magazine","isPartOf":{"@id":"https:\/\/www.castingnews.eu\/magazine\/#website"},"primaryImageOfPage":{"@id":"https:\/\/www.castingnews.eu\/magazine\/2023\/06\/19\/nastri-dargento-2023-i-nastri-speciali\/#primaryimage"},"image":{"@id":"https:\/\/www.castingnews.eu\/magazine\/2023\/06\/19\/nastri-dargento-2023-i-nastri-speciali\/#primaryimage"},"thumbnailUrl":"https:\/\/www.castingnews.eu\/magazine\/wp-content\/uploads\/2023\/06\/Nastri-dArgento.jpg","datePublished":"2023-06-19T15:56:37+00:00","dateModified":"2023-06-19T15:56:40+00:00","author":{"@id":"https:\/\/www.castingnews.eu\/magazine\/#\/schema\/person\/099d71c568c9a7e5e4037b1594108f17"},"description":"Nastri d\u2019Argento speciali a\u00a0Giovanna Ralli, tornata sul set con la regia di Jasmine Trinca in\u00a0Marcel!,per festeggiare una carriera ancora ricca di successi.","breadcrumb":{"@id":"https:\/\/www.castingnews.eu\/magazine\/2023\/06\/19\/nastri-dargento-2023-i-nastri-speciali\/#breadcrumb"},"inLanguage":"it-IT","potentialAction":[{"@type":"ReadAction","target":["https:\/\/www.castingnews.eu\/magazine\/2023\/06\/19\/nastri-dargento-2023-i-nastri-speciali\/"]}]},{"@type":"ImageObject","inLanguage":"it-IT","@id":"https:\/\/www.castingnews.eu\/magazine\/2023\/06\/19\/nastri-dargento-2023-i-nastri-speciali\/#primaryimage","url":"https:\/\/www.castingnews.eu\/magazine\/wp-content\/uploads\/2023\/06\/Nastri-dArgento.jpg","contentUrl":"https:\/\/www.castingnews.eu\/magazine\/wp-content\/uploads\/2023\/06\/Nastri-dArgento.jpg","width":1200,"height":610,"caption":"Nastri dArgento 2023"},{"@type":"BreadcrumbList","@id":"https:\/\/www.castingnews.eu\/magazine\/2023\/06\/19\/nastri-dargento-2023-i-nastri-speciali\/#breadcrumb","itemListElement":[{"@type":"ListItem","position":1,"name":"Home","item":"https:\/\/www.castingnews.eu\/magazine\/"},{"@type":"ListItem","position":2,"name":"NASTRI D&#8217;ARGENTO 2023: I NASTRI SPECIALI"}]},{"@type":"WebSite","@id":"https:\/\/www.castingnews.eu\/magazine\/#website","url":"https:\/\/www.castingnews.eu\/magazine\/","name":"Casting News Magazine","description":"News e aggiornamenti sui film, serie tv, teatro e festival italiani ed internazionali","potentialAction":[{"@type":"SearchAction","target":{"@type":"EntryPoint","urlTemplate":"https:\/\/www.castingnews.eu\/magazine\/?s={search_term_string}"},"query-input":{"@type":"PropertyValueSpecification","valueRequired":true,"valueName":"search_term_string"}}],"inLanguage":"it-IT"},{"@type":"Person","@id":"https:\/\/www.castingnews.eu\/magazine\/#\/schema\/person\/099d71c568c9a7e5e4037b1594108f17","name":"Redazione","image":{"@type":"ImageObject","inLanguage":"it-IT","@id":"https:\/\/secure.gravatar.com\/avatar\/b73a087aa3bd279fb70d24f1960a91c82cf67619395b60b564c90e9e5d5325fc?s=96&d=mm&r=g","url":"https:\/\/secure.gravatar.com\/avatar\/b73a087aa3bd279fb70d24f1960a91c82cf67619395b60b564c90e9e5d5325fc?s=96&d=mm&r=g","contentUrl":"https:\/\/secure.gravatar.com\/avatar\/b73a087aa3bd279fb70d24f1960a91c82cf67619395b60b564c90e9e5d5325fc?s=96&d=mm&r=g","caption":"Redazione"},"description":"News e aggiornamenti sui film, serie tv, teatro e festival italiani ed internazionali.","url":"https:\/\/www.castingnews.eu\/magazine\/author\/redazione\/"}]}},"_links":{"self":[{"href":"https:\/\/www.castingnews.eu\/magazine\/wp-json\/wp\/v2\/posts\/6273","targetHints":{"allow":["GET"]}}],"collection":[{"href":"https:\/\/www.castingnews.eu\/magazine\/wp-json\/wp\/v2\/posts"}],"about":[{"href":"https:\/\/www.castingnews.eu\/magazine\/wp-json\/wp\/v2\/types\/post"}],"author":[{"embeddable":true,"href":"https:\/\/www.castingnews.eu\/magazine\/wp-json\/wp\/v2\/users\/1"}],"replies":[{"embeddable":true,"href":"https:\/\/www.castingnews.eu\/magazine\/wp-json\/wp\/v2\/comments?post=6273"}],"version-history":[{"count":1,"href":"https:\/\/www.castingnews.eu\/magazine\/wp-json\/wp\/v2\/posts\/6273\/revisions"}],"predecessor-version":[{"id":6274,"href":"https:\/\/www.castingnews.eu\/magazine\/wp-json\/wp\/v2\/posts\/6273\/revisions\/6274"}],"wp:featuredmedia":[{"embeddable":true,"href":"https:\/\/www.castingnews.eu\/magazine\/wp-json\/wp\/v2\/media\/6124"}],"wp:attachment":[{"href":"https:\/\/www.castingnews.eu\/magazine\/wp-json\/wp\/v2\/media?parent=6273"}],"wp:term":[{"taxonomy":"category","embeddable":true,"href":"https:\/\/www.castingnews.eu\/magazine\/wp-json\/wp\/v2\/categories?post=6273"},{"taxonomy":"post_tag","embeddable":true,"href":"https:\/\/www.castingnews.eu\/magazine\/wp-json\/wp\/v2\/tags?post=6273"}],"curies":[{"name":"wp","href":"https:\/\/api.w.org\/{rel}","templated":true}]}}