{"id":6205,"date":"2023-06-09T12:30:26","date_gmt":"2023-06-09T10:30:26","guid":{"rendered":"https:\/\/www.castingnews.eu\/magazine\/?p=6205"},"modified":"2023-06-09T12:30:28","modified_gmt":"2023-06-09T10:30:28","slug":"litalia-chiamo-nuovi-casting-per-la-serie-televisiva-rai-ambientata-nel-1800","status":"publish","type":"post","link":"https:\/\/www.castingnews.eu\/magazine\/2023\/06\/09\/litalia-chiamo-nuovi-casting-per-la-serie-televisiva-rai-ambientata-nel-1800\/","title":{"rendered":"&#8220;L&#8217;Italia chiam\u00f2&#8221;, nuovi casting per la serie televisiva Rai ambientata nel 1800"},"content":{"rendered":"\n<p>La produzione della serie TV <strong><a href=\"https:\/\/www.castingnews.eu\/news\/news.asp?id_news=10319&amp;id_cat=1\">&#8220;L&#8217;Italia chiam\u00f2&#8221;<\/a><\/strong> \u00e8 alla ricerca di nuovi talenti per arricchire il cast della miniserie. La produzione offre un&#8217;opportunit\u00e0 di lavoro retribuito in conformit\u00e0 con le norme contrattuali vigenti. Lavorare in &#8220;L&#8217;Italia chiam\u00f2&#8221; significa far parte di una produzione di alto livello che vanta una collaborazione prestigiosa con Rai Fiction.<\/p><div class=\"6d3639e8c6ac292cde400fad8ff8a5b9\" data-index=\"1\" style=\"float: none; margin:10px 0 10px 0; text-align:center;\">\n<script async src=\"\/\/pagead2.googlesyndication.com\/pagead\/js\/adsbygoogle.js\"><\/script>\r\n<!-- Casting Bambini NEW -->\r\n<ins class=\"adsbygoogle\"\r\n     style=\"display:inline-block;width:336px;height:280px\"\r\n     data-ad-client=\"ca-pub-5538097485429833\"\r\n     data-ad-slot=\"5127154445\"><\/ins>\r\n<script>\r\n(adsbygoogle = window.adsbygoogle || []).push({});\r\n<\/script>\n<\/div>\n\n\n\n\n<p>Attualmente, la produzione \u00e8 alla ricerca di figurazioni maschili e femminili che rispondano ai seguenti requisiti:<br>&#8211; Figurazioni maschili: la produzione \u00e8 alla ricerca di uomini dai 18 ai 50 anni con i capelli medio lunghi o lunghi. \u00c8 richiesta la residenza in Piemonte e la massima disponibilit\u00e0 nel mese di giugno. Se hai una chioma fluente e sei un appassionato di recitazione, questa \u00e8 un&#8217;opportunit\u00e0 da non perdere.<br>&#8211; Figurazioni femminili: la produzione \u00e8 alla ricerca di donne dai 18 ai 35 anni con i capelli naturali, senza tinte. Anche in questo caso, \u00e8 preferibile la residenza in Piemonte. Se hai sempre sognato di metterti alla prova come attrice e possiedi una chioma naturale che si abbina perfettamente all&#8217;ambientazione storica della serie, questa potrebbe essere la tua grande occasione.<\/p>\n\n\n\n<p>Non lasciarti sfuggire questa straordinaria opportunit\u00e0 di far parte del cast di &#8220;L&#8217;Italia chiam\u00f2&#8221;.<br><strong>Tutti i dettagli sono disponibili nell\u2019area riservata di Casting News Professional al seguente link: <a href=\"https:\/\/www.castingnews.eu\/news\/news.asp?id_news=10319&amp;id_cat=1\">\u201cL\u2019Italia chiam\u00f2\u201d, Casting figurazioni dai 18 ai 50 anni per la miniserie Rai diretta da Luca Lucini<\/a><\/strong><\/p>\n\n<div style=\"font-size: 0px; height: 0px; line-height: 0px; margin: 0; padding: 0; clear: both;\"><\/div>","protected":false},"excerpt":{"rendered":"<p>La produzione della serie TV &#8220;L&#8217;Italia chiam\u00f2&#8221; \u00e8 alla ricerca di nuovi talenti per arricchire il cast della miniserie. La produzione offre un&#8217;opportunit\u00e0 di lavoro retribuito in conformit\u00e0 con le norme contrattuali vigenti. Lavorare in &#8220;L&#8217;Italia chiam\u00f2&#8221; significa far parte di una produzione di alto livello che vanta una collaborazione prestigiosa con Rai Fiction. Attualmente, [&hellip;]<\/p>\n","protected":false},"author":1,"featured_media":6206,"comment_status":"open","ping_status":"open","sticky":false,"template":"","format":"standard","meta":{"tdm_status":"","tdm_grid_status":"","footnotes":""},"categories":[1462,1463,1533,71,3963,21,31],"tags":[266,3676,3941,272,273,3940,1720,4732,2976,2744,1867,1118,1134,1649,1611],"class_list":{"0":"post-6205","1":"post","2":"type-post","3":"status-publish","4":"format-standard","5":"has-post-thumbnail","7":"category-fiction-tv","8":"category-fiction-tv-casting-provini","9":"category-featured","10":"category-italia-paese","11":"category-piemonte","12":"category-in-primo-piano","13":"category-progetti-tv","14":"tag-casting","15":"tag-casting-call","16":"tag-casting-in-piemonte","17":"tag-casting-magazine","18":"tag-casting-news","19":"tag-casting-piemonte","20":"tag-figurazioni","21":"tag-litalia-chiamo-2","22":"tag-miniserie","23":"tag-pepito-produzioni","24":"tag-piemonte","25":"tag-provini","26":"tag-rai","27":"tag-rai-fiction","28":"tag-serie-tv"},"yoast_head":"<!-- This site is optimized with the Yoast SEO plugin v27.4 - https:\/\/yoast.com\/product\/yoast-seo-wordpress\/ -->\r\n<title>&quot;L&#039;Italia chiam\u00f2&quot;, nuovi casting per la serie televisiva Rai ambientata nel 1800 - Casting News Magazine<\/title>\r\n<meta name=\"description\" content=\"La produzione della serie TV Rai &quot;L&#039;Italia chiam\u00f2&quot; \u00e8 alla ricerca di nuovi talenti per arricchire il cast della miniserie.\" \/>\r\n<meta name=\"robots\" content=\"index, follow, max-snippet:-1, max-image-preview:large, max-video-preview:-1\" \/>\r\n<link rel=\"canonical\" href=\"https:\/\/www.castingnews.eu\/magazine\/2023\/06\/09\/litalia-chiamo-nuovi-casting-per-la-serie-televisiva-rai-ambientata-nel-1800\/\" \/>\r\n<meta property=\"og:locale\" content=\"it_IT\" \/>\r\n<meta property=\"og:type\" content=\"article\" \/>\r\n<meta property=\"og:title\" content=\"&quot;L&#039;Italia chiam\u00f2&quot;, nuovi casting per la serie televisiva Rai ambientata nel 1800 - Casting News Magazine\" \/>\r\n<meta property=\"og:description\" content=\"La produzione della serie TV Rai &quot;L&#039;Italia chiam\u00f2&quot; \u00e8 alla ricerca di nuovi talenti per arricchire il cast della miniserie.\" \/>\r\n<meta property=\"og:url\" content=\"https:\/\/www.castingnews.eu\/magazine\/2023\/06\/09\/litalia-chiamo-nuovi-casting-per-la-serie-televisiva-rai-ambientata-nel-1800\/\" \/>\r\n<meta property=\"og:site_name\" content=\"Casting News Magazine\" \/>\r\n<meta property=\"article:published_time\" content=\"2023-06-09T10:30:26+00:00\" \/>\r\n<meta property=\"article:modified_time\" content=\"2023-06-09T10:30:28+00:00\" \/>\r\n<meta property=\"og:image\" content=\"https:\/\/www.castingnews.eu\/magazine\/wp-content\/uploads\/2023\/06\/litalia-chiamo-casting-figurazioni.jpg\" \/>\r\n\t<meta property=\"og:image:width\" content=\"1080\" \/>\r\n\t<meta property=\"og:image:height\" content=\"566\" \/>\r\n\t<meta property=\"og:image:type\" content=\"image\/jpeg\" \/>\r\n<meta name=\"author\" content=\"Redazione\" \/>\r\n<meta name=\"twitter:card\" content=\"summary_large_image\" \/>\r\n<meta name=\"twitter:label1\" content=\"Scritto da\" \/>\n\t<meta name=\"twitter:data1\" content=\"Redazione\" \/>\n\t<meta name=\"twitter:label2\" content=\"Tempo di lettura stimato\" \/>\n\t<meta name=\"twitter:data2\" content=\"2 minuti\" \/>\r\n<script type=\"application\/ld+json\" class=\"yoast-schema-graph\">{\"@context\":\"https:\\\/\\\/schema.org\",\"@graph\":[{\"@type\":\"Article\",\"@id\":\"https:\\\/\\\/www.castingnews.eu\\\/magazine\\\/2023\\\/06\\\/09\\\/litalia-chiamo-nuovi-casting-per-la-serie-televisiva-rai-ambientata-nel-1800\\\/#article\",\"isPartOf\":{\"@id\":\"https:\\\/\\\/www.castingnews.eu\\\/magazine\\\/2023\\\/06\\\/09\\\/litalia-chiamo-nuovi-casting-per-la-serie-televisiva-rai-ambientata-nel-1800\\\/\"},\"author\":{\"name\":\"Redazione\",\"@id\":\"https:\\\/\\\/www.castingnews.eu\\\/magazine\\\/#\\\/schema\\\/person\\\/099d71c568c9a7e5e4037b1594108f17\"},\"headline\":\"&#8220;L&#8217;Italia chiam\u00f2&#8221;, nuovi casting per la serie televisiva Rai ambientata nel 1800\",\"datePublished\":\"2023-06-09T10:30:26+00:00\",\"dateModified\":\"2023-06-09T10:30:28+00:00\",\"mainEntityOfPage\":{\"@id\":\"https:\\\/\\\/www.castingnews.eu\\\/magazine\\\/2023\\\/06\\\/09\\\/litalia-chiamo-nuovi-casting-per-la-serie-televisiva-rai-ambientata-nel-1800\\\/\"},\"wordCount\":236,\"commentCount\":0,\"image\":{\"@id\":\"https:\\\/\\\/www.castingnews.eu\\\/magazine\\\/2023\\\/06\\\/09\\\/litalia-chiamo-nuovi-casting-per-la-serie-televisiva-rai-ambientata-nel-1800\\\/#primaryimage\"},\"thumbnailUrl\":\"https:\\\/\\\/www.castingnews.eu\\\/magazine\\\/wp-content\\\/uploads\\\/2023\\\/06\\\/litalia-chiamo-casting-figurazioni.jpg\",\"keywords\":[\"casting\",\"casting call\",\"Casting in Piemonte\",\"Casting Magazine\",\"Casting News\",\"Casting Piemonte\",\"figurazioni\",\"L&#039;Italia chiam\u00f2\",\"miniserie\",\"Pepito Produzioni\",\"Piemonte\",\"Provini\",\"Rai\",\"Rai fiction\",\"Serie tv\"],\"articleSection\":[\"Fiction TV\",\"Fiction TV\",\"In primo piano\",\"Italia\",\"Piemonte\",\"Primo piano\",\"Progetti TV\"],\"inLanguage\":\"it-IT\",\"potentialAction\":[{\"@type\":\"CommentAction\",\"name\":\"Comment\",\"target\":[\"https:\\\/\\\/www.castingnews.eu\\\/magazine\\\/2023\\\/06\\\/09\\\/litalia-chiamo-nuovi-casting-per-la-serie-televisiva-rai-ambientata-nel-1800\\\/#respond\"]}]},{\"@type\":\"WebPage\",\"@id\":\"https:\\\/\\\/www.castingnews.eu\\\/magazine\\\/2023\\\/06\\\/09\\\/litalia-chiamo-nuovi-casting-per-la-serie-televisiva-rai-ambientata-nel-1800\\\/\",\"url\":\"https:\\\/\\\/www.castingnews.eu\\\/magazine\\\/2023\\\/06\\\/09\\\/litalia-chiamo-nuovi-casting-per-la-serie-televisiva-rai-ambientata-nel-1800\\\/\",\"name\":\"\\\"L'Italia chiam\u00f2\\\", nuovi casting per la serie televisiva Rai ambientata nel 1800 - Casting News Magazine\",\"isPartOf\":{\"@id\":\"https:\\\/\\\/www.castingnews.eu\\\/magazine\\\/#website\"},\"primaryImageOfPage\":{\"@id\":\"https:\\\/\\\/www.castingnews.eu\\\/magazine\\\/2023\\\/06\\\/09\\\/litalia-chiamo-nuovi-casting-per-la-serie-televisiva-rai-ambientata-nel-1800\\\/#primaryimage\"},\"image\":{\"@id\":\"https:\\\/\\\/www.castingnews.eu\\\/magazine\\\/2023\\\/06\\\/09\\\/litalia-chiamo-nuovi-casting-per-la-serie-televisiva-rai-ambientata-nel-1800\\\/#primaryimage\"},\"thumbnailUrl\":\"https:\\\/\\\/www.castingnews.eu\\\/magazine\\\/wp-content\\\/uploads\\\/2023\\\/06\\\/litalia-chiamo-casting-figurazioni.jpg\",\"datePublished\":\"2023-06-09T10:30:26+00:00\",\"dateModified\":\"2023-06-09T10:30:28+00:00\",\"author\":{\"@id\":\"https:\\\/\\\/www.castingnews.eu\\\/magazine\\\/#\\\/schema\\\/person\\\/099d71c568c9a7e5e4037b1594108f17\"},\"description\":\"La produzione della serie TV Rai \\\"L'Italia chiam\u00f2\\\" \u00e8 alla ricerca di nuovi talenti per arricchire il cast della miniserie.\",\"breadcrumb\":{\"@id\":\"https:\\\/\\\/www.castingnews.eu\\\/magazine\\\/2023\\\/06\\\/09\\\/litalia-chiamo-nuovi-casting-per-la-serie-televisiva-rai-ambientata-nel-1800\\\/#breadcrumb\"},\"inLanguage\":\"it-IT\",\"potentialAction\":[{\"@type\":\"ReadAction\",\"target\":[\"https:\\\/\\\/www.castingnews.eu\\\/magazine\\\/2023\\\/06\\\/09\\\/litalia-chiamo-nuovi-casting-per-la-serie-televisiva-rai-ambientata-nel-1800\\\/\"]}]},{\"@type\":\"ImageObject\",\"inLanguage\":\"it-IT\",\"@id\":\"https:\\\/\\\/www.castingnews.eu\\\/magazine\\\/2023\\\/06\\\/09\\\/litalia-chiamo-nuovi-casting-per-la-serie-televisiva-rai-ambientata-nel-1800\\\/#primaryimage\",\"url\":\"https:\\\/\\\/www.castingnews.eu\\\/magazine\\\/wp-content\\\/uploads\\\/2023\\\/06\\\/litalia-chiamo-casting-figurazioni.jpg\",\"contentUrl\":\"https:\\\/\\\/www.castingnews.eu\\\/magazine\\\/wp-content\\\/uploads\\\/2023\\\/06\\\/litalia-chiamo-casting-figurazioni.jpg\",\"width\":1080,\"height\":566,\"caption\":\"L'Italia chiam\u00f2 casting figurazioni\"},{\"@type\":\"BreadcrumbList\",\"@id\":\"https:\\\/\\\/www.castingnews.eu\\\/magazine\\\/2023\\\/06\\\/09\\\/litalia-chiamo-nuovi-casting-per-la-serie-televisiva-rai-ambientata-nel-1800\\\/#breadcrumb\",\"itemListElement\":[{\"@type\":\"ListItem\",\"position\":1,\"name\":\"Home\",\"item\":\"https:\\\/\\\/www.castingnews.eu\\\/magazine\\\/\"},{\"@type\":\"ListItem\",\"position\":2,\"name\":\"&#8220;L&#8217;Italia chiam\u00f2&#8221;, nuovi casting per la serie televisiva Rai ambientata nel 1800\"}]},{\"@type\":\"WebSite\",\"@id\":\"https:\\\/\\\/www.castingnews.eu\\\/magazine\\\/#website\",\"url\":\"https:\\\/\\\/www.castingnews.eu\\\/magazine\\\/\",\"name\":\"Casting News Magazine\",\"description\":\"News e aggiornamenti sui film, serie tv, teatro e festival italiani ed internazionali\",\"potentialAction\":[{\"@type\":\"SearchAction\",\"target\":{\"@type\":\"EntryPoint\",\"urlTemplate\":\"https:\\\/\\\/www.castingnews.eu\\\/magazine\\\/?s={search_term_string}\"},\"query-input\":{\"@type\":\"PropertyValueSpecification\",\"valueRequired\":true,\"valueName\":\"search_term_string\"}}],\"inLanguage\":\"it-IT\"},{\"@type\":\"Person\",\"@id\":\"https:\\\/\\\/www.castingnews.eu\\\/magazine\\\/#\\\/schema\\\/person\\\/099d71c568c9a7e5e4037b1594108f17\",\"name\":\"Redazione\",\"image\":{\"@type\":\"ImageObject\",\"inLanguage\":\"it-IT\",\"@id\":\"https:\\\/\\\/secure.gravatar.com\\\/avatar\\\/b73a087aa3bd279fb70d24f1960a91c82cf67619395b60b564c90e9e5d5325fc?s=96&d=mm&r=g\",\"url\":\"https:\\\/\\\/secure.gravatar.com\\\/avatar\\\/b73a087aa3bd279fb70d24f1960a91c82cf67619395b60b564c90e9e5d5325fc?s=96&d=mm&r=g\",\"contentUrl\":\"https:\\\/\\\/secure.gravatar.com\\\/avatar\\\/b73a087aa3bd279fb70d24f1960a91c82cf67619395b60b564c90e9e5d5325fc?s=96&d=mm&r=g\",\"caption\":\"Redazione\"},\"description\":\"News e aggiornamenti sui film, serie tv, teatro e festival italiani ed internazionali.\",\"url\":\"https:\\\/\\\/www.castingnews.eu\\\/magazine\\\/author\\\/redazione\\\/\"}]}<\/script>\r\n<!-- \/ Yoast SEO plugin. -->","yoast_head_json":{"title":"\"L'Italia chiam\u00f2\", nuovi casting per la serie televisiva Rai ambientata nel 1800 - Casting News Magazine","description":"La produzione della serie TV Rai \"L'Italia chiam\u00f2\" \u00e8 alla ricerca di nuovi talenti per arricchire il cast della miniserie.","robots":{"index":"index","follow":"follow","max-snippet":"max-snippet:-1","max-image-preview":"max-image-preview:large","max-video-preview":"max-video-preview:-1"},"canonical":"https:\/\/www.castingnews.eu\/magazine\/2023\/06\/09\/litalia-chiamo-nuovi-casting-per-la-serie-televisiva-rai-ambientata-nel-1800\/","og_locale":"it_IT","og_type":"article","og_title":"\"L'Italia chiam\u00f2\", nuovi casting per la serie televisiva Rai ambientata nel 1800 - Casting News Magazine","og_description":"La produzione della serie TV Rai \"L'Italia chiam\u00f2\" \u00e8 alla ricerca di nuovi talenti per arricchire il cast della miniserie.","og_url":"https:\/\/www.castingnews.eu\/magazine\/2023\/06\/09\/litalia-chiamo-nuovi-casting-per-la-serie-televisiva-rai-ambientata-nel-1800\/","og_site_name":"Casting News Magazine","article_published_time":"2023-06-09T10:30:26+00:00","article_modified_time":"2023-06-09T10:30:28+00:00","og_image":[{"width":1080,"height":566,"url":"https:\/\/www.castingnews.eu\/magazine\/wp-content\/uploads\/2023\/06\/litalia-chiamo-casting-figurazioni.jpg","type":"image\/jpeg"}],"author":"Redazione","twitter_card":"summary_large_image","twitter_misc":{"Scritto da":"Redazione","Tempo di lettura stimato":"2 minuti"},"schema":{"@context":"https:\/\/schema.org","@graph":[{"@type":"Article","@id":"https:\/\/www.castingnews.eu\/magazine\/2023\/06\/09\/litalia-chiamo-nuovi-casting-per-la-serie-televisiva-rai-ambientata-nel-1800\/#article","isPartOf":{"@id":"https:\/\/www.castingnews.eu\/magazine\/2023\/06\/09\/litalia-chiamo-nuovi-casting-per-la-serie-televisiva-rai-ambientata-nel-1800\/"},"author":{"name":"Redazione","@id":"https:\/\/www.castingnews.eu\/magazine\/#\/schema\/person\/099d71c568c9a7e5e4037b1594108f17"},"headline":"&#8220;L&#8217;Italia chiam\u00f2&#8221;, nuovi casting per la serie televisiva Rai ambientata nel 1800","datePublished":"2023-06-09T10:30:26+00:00","dateModified":"2023-06-09T10:30:28+00:00","mainEntityOfPage":{"@id":"https:\/\/www.castingnews.eu\/magazine\/2023\/06\/09\/litalia-chiamo-nuovi-casting-per-la-serie-televisiva-rai-ambientata-nel-1800\/"},"wordCount":236,"commentCount":0,"image":{"@id":"https:\/\/www.castingnews.eu\/magazine\/2023\/06\/09\/litalia-chiamo-nuovi-casting-per-la-serie-televisiva-rai-ambientata-nel-1800\/#primaryimage"},"thumbnailUrl":"https:\/\/www.castingnews.eu\/magazine\/wp-content\/uploads\/2023\/06\/litalia-chiamo-casting-figurazioni.jpg","keywords":["casting","casting call","Casting in Piemonte","Casting Magazine","Casting News","Casting Piemonte","figurazioni","L&#039;Italia chiam\u00f2","miniserie","Pepito Produzioni","Piemonte","Provini","Rai","Rai fiction","Serie tv"],"articleSection":["Fiction TV","Fiction TV","In primo piano","Italia","Piemonte","Primo piano","Progetti TV"],"inLanguage":"it-IT","potentialAction":[{"@type":"CommentAction","name":"Comment","target":["https:\/\/www.castingnews.eu\/magazine\/2023\/06\/09\/litalia-chiamo-nuovi-casting-per-la-serie-televisiva-rai-ambientata-nel-1800\/#respond"]}]},{"@type":"WebPage","@id":"https:\/\/www.castingnews.eu\/magazine\/2023\/06\/09\/litalia-chiamo-nuovi-casting-per-la-serie-televisiva-rai-ambientata-nel-1800\/","url":"https:\/\/www.castingnews.eu\/magazine\/2023\/06\/09\/litalia-chiamo-nuovi-casting-per-la-serie-televisiva-rai-ambientata-nel-1800\/","name":"\"L'Italia chiam\u00f2\", nuovi casting per la serie televisiva Rai ambientata nel 1800 - Casting News Magazine","isPartOf":{"@id":"https:\/\/www.castingnews.eu\/magazine\/#website"},"primaryImageOfPage":{"@id":"https:\/\/www.castingnews.eu\/magazine\/2023\/06\/09\/litalia-chiamo-nuovi-casting-per-la-serie-televisiva-rai-ambientata-nel-1800\/#primaryimage"},"image":{"@id":"https:\/\/www.castingnews.eu\/magazine\/2023\/06\/09\/litalia-chiamo-nuovi-casting-per-la-serie-televisiva-rai-ambientata-nel-1800\/#primaryimage"},"thumbnailUrl":"https:\/\/www.castingnews.eu\/magazine\/wp-content\/uploads\/2023\/06\/litalia-chiamo-casting-figurazioni.jpg","datePublished":"2023-06-09T10:30:26+00:00","dateModified":"2023-06-09T10:30:28+00:00","author":{"@id":"https:\/\/www.castingnews.eu\/magazine\/#\/schema\/person\/099d71c568c9a7e5e4037b1594108f17"},"description":"La produzione della serie TV Rai \"L'Italia chiam\u00f2\" \u00e8 alla ricerca di nuovi talenti per arricchire il cast della miniserie.","breadcrumb":{"@id":"https:\/\/www.castingnews.eu\/magazine\/2023\/06\/09\/litalia-chiamo-nuovi-casting-per-la-serie-televisiva-rai-ambientata-nel-1800\/#breadcrumb"},"inLanguage":"it-IT","potentialAction":[{"@type":"ReadAction","target":["https:\/\/www.castingnews.eu\/magazine\/2023\/06\/09\/litalia-chiamo-nuovi-casting-per-la-serie-televisiva-rai-ambientata-nel-1800\/"]}]},{"@type":"ImageObject","inLanguage":"it-IT","@id":"https:\/\/www.castingnews.eu\/magazine\/2023\/06\/09\/litalia-chiamo-nuovi-casting-per-la-serie-televisiva-rai-ambientata-nel-1800\/#primaryimage","url":"https:\/\/www.castingnews.eu\/magazine\/wp-content\/uploads\/2023\/06\/litalia-chiamo-casting-figurazioni.jpg","contentUrl":"https:\/\/www.castingnews.eu\/magazine\/wp-content\/uploads\/2023\/06\/litalia-chiamo-casting-figurazioni.jpg","width":1080,"height":566,"caption":"L'Italia chiam\u00f2 casting figurazioni"},{"@type":"BreadcrumbList","@id":"https:\/\/www.castingnews.eu\/magazine\/2023\/06\/09\/litalia-chiamo-nuovi-casting-per-la-serie-televisiva-rai-ambientata-nel-1800\/#breadcrumb","itemListElement":[{"@type":"ListItem","position":1,"name":"Home","item":"https:\/\/www.castingnews.eu\/magazine\/"},{"@type":"ListItem","position":2,"name":"&#8220;L&#8217;Italia chiam\u00f2&#8221;, nuovi casting per la serie televisiva Rai ambientata nel 1800"}]},{"@type":"WebSite","@id":"https:\/\/www.castingnews.eu\/magazine\/#website","url":"https:\/\/www.castingnews.eu\/magazine\/","name":"Casting News Magazine","description":"News e aggiornamenti sui film, serie tv, teatro e festival italiani ed internazionali","potentialAction":[{"@type":"SearchAction","target":{"@type":"EntryPoint","urlTemplate":"https:\/\/www.castingnews.eu\/magazine\/?s={search_term_string}"},"query-input":{"@type":"PropertyValueSpecification","valueRequired":true,"valueName":"search_term_string"}}],"inLanguage":"it-IT"},{"@type":"Person","@id":"https:\/\/www.castingnews.eu\/magazine\/#\/schema\/person\/099d71c568c9a7e5e4037b1594108f17","name":"Redazione","image":{"@type":"ImageObject","inLanguage":"it-IT","@id":"https:\/\/secure.gravatar.com\/avatar\/b73a087aa3bd279fb70d24f1960a91c82cf67619395b60b564c90e9e5d5325fc?s=96&d=mm&r=g","url":"https:\/\/secure.gravatar.com\/avatar\/b73a087aa3bd279fb70d24f1960a91c82cf67619395b60b564c90e9e5d5325fc?s=96&d=mm&r=g","contentUrl":"https:\/\/secure.gravatar.com\/avatar\/b73a087aa3bd279fb70d24f1960a91c82cf67619395b60b564c90e9e5d5325fc?s=96&d=mm&r=g","caption":"Redazione"},"description":"News e aggiornamenti sui film, serie tv, teatro e festival italiani ed internazionali.","url":"https:\/\/www.castingnews.eu\/magazine\/author\/redazione\/"}]}},"_links":{"self":[{"href":"https:\/\/www.castingnews.eu\/magazine\/wp-json\/wp\/v2\/posts\/6205","targetHints":{"allow":["GET"]}}],"collection":[{"href":"https:\/\/www.castingnews.eu\/magazine\/wp-json\/wp\/v2\/posts"}],"about":[{"href":"https:\/\/www.castingnews.eu\/magazine\/wp-json\/wp\/v2\/types\/post"}],"author":[{"embeddable":true,"href":"https:\/\/www.castingnews.eu\/magazine\/wp-json\/wp\/v2\/users\/1"}],"replies":[{"embeddable":true,"href":"https:\/\/www.castingnews.eu\/magazine\/wp-json\/wp\/v2\/comments?post=6205"}],"version-history":[{"count":1,"href":"https:\/\/www.castingnews.eu\/magazine\/wp-json\/wp\/v2\/posts\/6205\/revisions"}],"predecessor-version":[{"id":6207,"href":"https:\/\/www.castingnews.eu\/magazine\/wp-json\/wp\/v2\/posts\/6205\/revisions\/6207"}],"wp:featuredmedia":[{"embeddable":true,"href":"https:\/\/www.castingnews.eu\/magazine\/wp-json\/wp\/v2\/media\/6206"}],"wp:attachment":[{"href":"https:\/\/www.castingnews.eu\/magazine\/wp-json\/wp\/v2\/media?parent=6205"}],"wp:term":[{"taxonomy":"category","embeddable":true,"href":"https:\/\/www.castingnews.eu\/magazine\/wp-json\/wp\/v2\/categories?post=6205"},{"taxonomy":"post_tag","embeddable":true,"href":"https:\/\/www.castingnews.eu\/magazine\/wp-json\/wp\/v2\/tags?post=6205"}],"curies":[{"name":"wp","href":"https:\/\/api.w.org\/{rel}","templated":true}]}}