{"id":6139,"date":"2023-06-04T13:22:02","date_gmt":"2023-06-04T11:22:02","guid":{"rendered":"https:\/\/www.castingnews.eu\/magazine\/?p=6139"},"modified":"2023-06-04T13:22:05","modified_gmt":"2023-06-04T11:22:05","slug":"casting-aperto-per-una-miniserie-rai-su-giacomo-leopardi","status":"publish","type":"post","link":"https:\/\/www.castingnews.eu\/magazine\/2023\/06\/04\/casting-aperto-per-una-miniserie-rai-su-giacomo-leopardi\/","title":{"rendered":"Casting aperto per una miniserie Rai su Giacomo Leopardi"},"content":{"rendered":"\n<p>Sono aperti i <strong>casting <\/strong>per la <strong>miniserie Rai<\/strong> <strong><a href=\"https:\/\/www.castingnews.eu\/news\/news.asp?id_news=10305&amp;id_cat=1\">&#8220;Giacomo Leopardi: vita e amori del poeta&#8221;<\/a><\/strong>. Questo ambizioso progetto biografico sar\u00e0 composto da due episodi e sar\u00e0 diretto dal rinomato <strong>regista Sergio Rubini<\/strong>. Le riprese si svolgeranno nel periodo compreso tra luglio e agosto 2023.<\/p><div class=\"6d3639e8c6ac292cde400fad8ff8a5b9\" data-index=\"1\" style=\"float: none; margin:10px 0 10px 0; text-align:center;\">\n<script async src=\"\/\/pagead2.googlesyndication.com\/pagead\/js\/adsbygoogle.js\"><\/script>\r\n<!-- Casting Bambini NEW -->\r\n<ins class=\"adsbygoogle\"\r\n     style=\"display:inline-block;width:336px;height:280px\"\r\n     data-ad-client=\"ca-pub-5538097485429833\"\r\n     data-ad-slot=\"5127154445\"><\/ins>\r\n<script>\r\n(adsbygoogle = window.adsbygoogle || []).push({});\r\n<\/script>\n<\/div>\n\n\n\n\n<p>Il casting si rivolge a individui di entrambi i sessi, con un&#8217;et\u00e0 compresa tra i 18 e gli 80 anni. Si richiede inoltre che i partecipanti non abbiano piercing o tatuaggi visibili, cos\u00ec come capelli con m\u00e8che. \u00c8 fondamentale che gli aspiranti attori abbiano un aspetto appropriato all&#8217;epoca in cui \u00e8 ambientato il film, preferibilmente con carnagioni chiare e senza abbronzatura. Inoltre, si cerca specificamente la presenza di persone con accento fiorentino e recanatese, per garantire l&#8217;autenticit\u00e0 delle interpretazioni.<br>I genitori sono invitati a presentare i propri bambini e ragazzi dai 9 ai 16 anni, che saranno accompagnati durante l&#8217;intero processo di casting. Questa \u00e8 un&#8217;opportunit\u00e0 straordinaria per i giovani talenti di esplorare il mondo del cinema e di guadagnare esperienza in un progetto di rilievo come &#8220;Giacomo Leopardi: vita e amori del poeta&#8221;.<\/p>\n\n\n\n<p>La miniserie ci condurr\u00e0 in un viaggio attraverso la vita di uno dei pi\u00f9 illustri e influenti poeti italiani di tutti i tempi, Giacomo Leopardi. Attraverso le sue amicizie, le sue passioni, i suoi viaggi e le sue sfide, scopriremo la ricca e profonda personalit\u00e0 di questo grande poeta.<br>Il casting si terr\u00e0 nei giorni di sabato 10 e domenica 11 giugno 2023, offrendo a tutti coloro che sognano di diventare parte di questa produzione l&#8217;opportunit\u00e0 di dimostrare il proprio talento e di lavorare con una squadra di professionisti altamente qualificati.<br><strong>Tutti i dettagli sono disponibili nell\u2019area riservata di Casting News Professional al seguente link: <a href=\"https:\/\/www.castingnews.eu\/news\/news.asp?id_news=10305&amp;id_cat=1\">\u201cGiacomo Leopardi vita e amori del poeta\u201d, casting per la miniserie Rai diretta da Sergio Rubini<\/a><\/strong><\/p>\n\n<div style=\"font-size: 0px; height: 0px; line-height: 0px; margin: 0; padding: 0; clear: both;\"><\/div>","protected":false},"excerpt":{"rendered":"<p>Sono aperti i casting per la miniserie Rai &#8220;Giacomo Leopardi: vita e amori del poeta&#8221;. Questo ambizioso progetto biografico sar\u00e0 composto da due episodi e sar\u00e0 diretto dal rinomato regista Sergio Rubini. Le riprese si svolgeranno nel periodo compreso tra luglio e agosto 2023. Il casting si rivolge a individui di entrambi i sessi, con [&hellip;]<\/p>\n","protected":false},"author":1,"featured_media":6140,"comment_status":"open","ping_status":"open","sticky":false,"template":"","format":"standard","meta":{"tdm_status":"","tdm_grid_status":"","footnotes":""},"categories":[58,1462,1463,1533,71,3960,21,31],"tags":[266,3676,273,337,531,1720,1815,3584,4805,4806,2976,1118,1134,1649,2168],"class_list":{"0":"post-6139","1":"post","2":"type-post","3":"status-publish","4":"format-standard","5":"has-post-thumbnail","7":"category-biografico","8":"category-fiction-tv","9":"category-fiction-tv-casting-provini","10":"category-featured","11":"category-italia-paese","12":"category-lombardia","13":"category-in-primo-piano","14":"category-progetti-tv","15":"tag-casting","16":"tag-casting-call","17":"tag-casting-news","18":"tag-comparse","19":"tag-fiction","20":"tag-figurazioni","21":"tag-figurazioni-speciali","22":"tag-generici","23":"tag-giacomo-leopardi","24":"tag-giacomo-leopardi-vita-e-amori-del-poeta","25":"tag-miniserie","26":"tag-provini","27":"tag-rai","28":"tag-rai-fiction","29":"tag-sergio-rubini"},"yoast_head":"<!-- This site is optimized with the Yoast SEO plugin v27.4 - https:\/\/yoast.com\/product\/yoast-seo-wordpress\/ -->\r\n<title>Casting aperto per una miniserie Rai su Giacomo Leopardi - Casting News Magazine<\/title>\r\n<meta name=\"description\" content=\"Casting per la miniserie Rai &quot;Giacomo Leopardi: vita e amori del poeta&quot;. Le riprese si svolgeranno tra luglio e agosto 2023.\" \/>\r\n<meta name=\"robots\" content=\"index, follow, max-snippet:-1, max-image-preview:large, max-video-preview:-1\" \/>\r\n<link rel=\"canonical\" href=\"https:\/\/www.castingnews.eu\/magazine\/2023\/06\/04\/casting-aperto-per-una-miniserie-rai-su-giacomo-leopardi\/\" \/>\r\n<meta property=\"og:locale\" content=\"it_IT\" \/>\r\n<meta property=\"og:type\" content=\"article\" \/>\r\n<meta property=\"og:title\" content=\"Casting aperto per una miniserie Rai su Giacomo Leopardi - Casting News Magazine\" \/>\r\n<meta property=\"og:description\" content=\"Casting per la miniserie Rai &quot;Giacomo Leopardi: vita e amori del poeta&quot;. Le riprese si svolgeranno tra luglio e agosto 2023.\" \/>\r\n<meta property=\"og:url\" content=\"https:\/\/www.castingnews.eu\/magazine\/2023\/06\/04\/casting-aperto-per-una-miniserie-rai-su-giacomo-leopardi\/\" \/>\r\n<meta property=\"og:site_name\" content=\"Casting News Magazine\" \/>\r\n<meta property=\"article:published_time\" content=\"2023-06-04T11:22:02+00:00\" \/>\r\n<meta property=\"article:modified_time\" content=\"2023-06-04T11:22:05+00:00\" \/>\r\n<meta property=\"og:image\" content=\"https:\/\/www.castingnews.eu\/magazine\/wp-content\/uploads\/2023\/06\/Giacomo-Leopardi-vita-e-amori-del-poeta.jpg\" \/>\r\n\t<meta property=\"og:image:width\" content=\"1080\" \/>\r\n\t<meta property=\"og:image:height\" content=\"566\" \/>\r\n\t<meta property=\"og:image:type\" content=\"image\/jpeg\" \/>\r\n<meta name=\"author\" content=\"Redazione\" \/>\r\n<meta name=\"twitter:card\" content=\"summary_large_image\" \/>\r\n<meta name=\"twitter:label1\" content=\"Scritto da\" \/>\n\t<meta name=\"twitter:data1\" content=\"Redazione\" \/>\n\t<meta name=\"twitter:label2\" content=\"Tempo di lettura stimato\" \/>\n\t<meta name=\"twitter:data2\" content=\"2 minuti\" \/>\r\n<script type=\"application\/ld+json\" class=\"yoast-schema-graph\">{\"@context\":\"https:\\\/\\\/schema.org\",\"@graph\":[{\"@type\":\"Article\",\"@id\":\"https:\\\/\\\/www.castingnews.eu\\\/magazine\\\/2023\\\/06\\\/04\\\/casting-aperto-per-una-miniserie-rai-su-giacomo-leopardi\\\/#article\",\"isPartOf\":{\"@id\":\"https:\\\/\\\/www.castingnews.eu\\\/magazine\\\/2023\\\/06\\\/04\\\/casting-aperto-per-una-miniserie-rai-su-giacomo-leopardi\\\/\"},\"author\":{\"name\":\"Redazione\",\"@id\":\"https:\\\/\\\/www.castingnews.eu\\\/magazine\\\/#\\\/schema\\\/person\\\/099d71c568c9a7e5e4037b1594108f17\"},\"headline\":\"Casting aperto per una miniserie Rai su Giacomo Leopardi\",\"datePublished\":\"2023-06-04T11:22:02+00:00\",\"dateModified\":\"2023-06-04T11:22:05+00:00\",\"mainEntityOfPage\":{\"@id\":\"https:\\\/\\\/www.castingnews.eu\\\/magazine\\\/2023\\\/06\\\/04\\\/casting-aperto-per-una-miniserie-rai-su-giacomo-leopardi\\\/\"},\"wordCount\":305,\"commentCount\":0,\"image\":{\"@id\":\"https:\\\/\\\/www.castingnews.eu\\\/magazine\\\/2023\\\/06\\\/04\\\/casting-aperto-per-una-miniserie-rai-su-giacomo-leopardi\\\/#primaryimage\"},\"thumbnailUrl\":\"https:\\\/\\\/www.castingnews.eu\\\/magazine\\\/wp-content\\\/uploads\\\/2023\\\/06\\\/Giacomo-Leopardi-vita-e-amori-del-poeta.jpg\",\"keywords\":[\"casting\",\"casting call\",\"Casting News\",\"comparse\",\"fiction\",\"figurazioni\",\"figurazioni speciali\",\"generici\",\"Giacomo Leopardi\",\"Giacomo Leopardi: vita e amori del poeta\",\"miniserie\",\"Provini\",\"Rai\",\"Rai fiction\",\"Sergio Rubini\"],\"articleSection\":[\"Biografico\",\"Fiction TV\",\"Fiction TV\",\"In primo piano\",\"Italia\",\"Lombardia\",\"Primo piano\",\"Progetti TV\"],\"inLanguage\":\"it-IT\",\"potentialAction\":[{\"@type\":\"CommentAction\",\"name\":\"Comment\",\"target\":[\"https:\\\/\\\/www.castingnews.eu\\\/magazine\\\/2023\\\/06\\\/04\\\/casting-aperto-per-una-miniserie-rai-su-giacomo-leopardi\\\/#respond\"]}]},{\"@type\":\"WebPage\",\"@id\":\"https:\\\/\\\/www.castingnews.eu\\\/magazine\\\/2023\\\/06\\\/04\\\/casting-aperto-per-una-miniserie-rai-su-giacomo-leopardi\\\/\",\"url\":\"https:\\\/\\\/www.castingnews.eu\\\/magazine\\\/2023\\\/06\\\/04\\\/casting-aperto-per-una-miniserie-rai-su-giacomo-leopardi\\\/\",\"name\":\"Casting aperto per una miniserie Rai su Giacomo Leopardi - Casting News Magazine\",\"isPartOf\":{\"@id\":\"https:\\\/\\\/www.castingnews.eu\\\/magazine\\\/#website\"},\"primaryImageOfPage\":{\"@id\":\"https:\\\/\\\/www.castingnews.eu\\\/magazine\\\/2023\\\/06\\\/04\\\/casting-aperto-per-una-miniserie-rai-su-giacomo-leopardi\\\/#primaryimage\"},\"image\":{\"@id\":\"https:\\\/\\\/www.castingnews.eu\\\/magazine\\\/2023\\\/06\\\/04\\\/casting-aperto-per-una-miniserie-rai-su-giacomo-leopardi\\\/#primaryimage\"},\"thumbnailUrl\":\"https:\\\/\\\/www.castingnews.eu\\\/magazine\\\/wp-content\\\/uploads\\\/2023\\\/06\\\/Giacomo-Leopardi-vita-e-amori-del-poeta.jpg\",\"datePublished\":\"2023-06-04T11:22:02+00:00\",\"dateModified\":\"2023-06-04T11:22:05+00:00\",\"author\":{\"@id\":\"https:\\\/\\\/www.castingnews.eu\\\/magazine\\\/#\\\/schema\\\/person\\\/099d71c568c9a7e5e4037b1594108f17\"},\"description\":\"Casting per la miniserie Rai \\\"Giacomo Leopardi: vita e amori del poeta\\\". Le riprese si svolgeranno tra luglio e agosto 2023.\",\"breadcrumb\":{\"@id\":\"https:\\\/\\\/www.castingnews.eu\\\/magazine\\\/2023\\\/06\\\/04\\\/casting-aperto-per-una-miniserie-rai-su-giacomo-leopardi\\\/#breadcrumb\"},\"inLanguage\":\"it-IT\",\"potentialAction\":[{\"@type\":\"ReadAction\",\"target\":[\"https:\\\/\\\/www.castingnews.eu\\\/magazine\\\/2023\\\/06\\\/04\\\/casting-aperto-per-una-miniserie-rai-su-giacomo-leopardi\\\/\"]}]},{\"@type\":\"ImageObject\",\"inLanguage\":\"it-IT\",\"@id\":\"https:\\\/\\\/www.castingnews.eu\\\/magazine\\\/2023\\\/06\\\/04\\\/casting-aperto-per-una-miniserie-rai-su-giacomo-leopardi\\\/#primaryimage\",\"url\":\"https:\\\/\\\/www.castingnews.eu\\\/magazine\\\/wp-content\\\/uploads\\\/2023\\\/06\\\/Giacomo-Leopardi-vita-e-amori-del-poeta.jpg\",\"contentUrl\":\"https:\\\/\\\/www.castingnews.eu\\\/magazine\\\/wp-content\\\/uploads\\\/2023\\\/06\\\/Giacomo-Leopardi-vita-e-amori-del-poeta.jpg\",\"width\":1080,\"height\":566,\"caption\":\"Giacomo Leopardi vita e amori del poeta\"},{\"@type\":\"BreadcrumbList\",\"@id\":\"https:\\\/\\\/www.castingnews.eu\\\/magazine\\\/2023\\\/06\\\/04\\\/casting-aperto-per-una-miniserie-rai-su-giacomo-leopardi\\\/#breadcrumb\",\"itemListElement\":[{\"@type\":\"ListItem\",\"position\":1,\"name\":\"Home\",\"item\":\"https:\\\/\\\/www.castingnews.eu\\\/magazine\\\/\"},{\"@type\":\"ListItem\",\"position\":2,\"name\":\"Casting aperto per una miniserie Rai su Giacomo Leopardi\"}]},{\"@type\":\"WebSite\",\"@id\":\"https:\\\/\\\/www.castingnews.eu\\\/magazine\\\/#website\",\"url\":\"https:\\\/\\\/www.castingnews.eu\\\/magazine\\\/\",\"name\":\"Casting News Magazine\",\"description\":\"News e aggiornamenti sui film, serie tv, teatro e festival italiani ed internazionali\",\"potentialAction\":[{\"@type\":\"SearchAction\",\"target\":{\"@type\":\"EntryPoint\",\"urlTemplate\":\"https:\\\/\\\/www.castingnews.eu\\\/magazine\\\/?s={search_term_string}\"},\"query-input\":{\"@type\":\"PropertyValueSpecification\",\"valueRequired\":true,\"valueName\":\"search_term_string\"}}],\"inLanguage\":\"it-IT\"},{\"@type\":\"Person\",\"@id\":\"https:\\\/\\\/www.castingnews.eu\\\/magazine\\\/#\\\/schema\\\/person\\\/099d71c568c9a7e5e4037b1594108f17\",\"name\":\"Redazione\",\"image\":{\"@type\":\"ImageObject\",\"inLanguage\":\"it-IT\",\"@id\":\"https:\\\/\\\/secure.gravatar.com\\\/avatar\\\/b73a087aa3bd279fb70d24f1960a91c82cf67619395b60b564c90e9e5d5325fc?s=96&d=mm&r=g\",\"url\":\"https:\\\/\\\/secure.gravatar.com\\\/avatar\\\/b73a087aa3bd279fb70d24f1960a91c82cf67619395b60b564c90e9e5d5325fc?s=96&d=mm&r=g\",\"contentUrl\":\"https:\\\/\\\/secure.gravatar.com\\\/avatar\\\/b73a087aa3bd279fb70d24f1960a91c82cf67619395b60b564c90e9e5d5325fc?s=96&d=mm&r=g\",\"caption\":\"Redazione\"},\"description\":\"News e aggiornamenti sui film, serie tv, teatro e festival italiani ed internazionali.\",\"url\":\"https:\\\/\\\/www.castingnews.eu\\\/magazine\\\/author\\\/redazione\\\/\"}]}<\/script>\r\n<!-- \/ Yoast SEO plugin. -->","yoast_head_json":{"title":"Casting aperto per una miniserie Rai su Giacomo Leopardi - Casting News Magazine","description":"Casting per la miniserie Rai \"Giacomo Leopardi: vita e amori del poeta\". Le riprese si svolgeranno tra luglio e agosto 2023.","robots":{"index":"index","follow":"follow","max-snippet":"max-snippet:-1","max-image-preview":"max-image-preview:large","max-video-preview":"max-video-preview:-1"},"canonical":"https:\/\/www.castingnews.eu\/magazine\/2023\/06\/04\/casting-aperto-per-una-miniserie-rai-su-giacomo-leopardi\/","og_locale":"it_IT","og_type":"article","og_title":"Casting aperto per una miniserie Rai su Giacomo Leopardi - Casting News Magazine","og_description":"Casting per la miniserie Rai \"Giacomo Leopardi: vita e amori del poeta\". Le riprese si svolgeranno tra luglio e agosto 2023.","og_url":"https:\/\/www.castingnews.eu\/magazine\/2023\/06\/04\/casting-aperto-per-una-miniserie-rai-su-giacomo-leopardi\/","og_site_name":"Casting News Magazine","article_published_time":"2023-06-04T11:22:02+00:00","article_modified_time":"2023-06-04T11:22:05+00:00","og_image":[{"width":1080,"height":566,"url":"https:\/\/www.castingnews.eu\/magazine\/wp-content\/uploads\/2023\/06\/Giacomo-Leopardi-vita-e-amori-del-poeta.jpg","type":"image\/jpeg"}],"author":"Redazione","twitter_card":"summary_large_image","twitter_misc":{"Scritto da":"Redazione","Tempo di lettura stimato":"2 minuti"},"schema":{"@context":"https:\/\/schema.org","@graph":[{"@type":"Article","@id":"https:\/\/www.castingnews.eu\/magazine\/2023\/06\/04\/casting-aperto-per-una-miniserie-rai-su-giacomo-leopardi\/#article","isPartOf":{"@id":"https:\/\/www.castingnews.eu\/magazine\/2023\/06\/04\/casting-aperto-per-una-miniserie-rai-su-giacomo-leopardi\/"},"author":{"name":"Redazione","@id":"https:\/\/www.castingnews.eu\/magazine\/#\/schema\/person\/099d71c568c9a7e5e4037b1594108f17"},"headline":"Casting aperto per una miniserie Rai su Giacomo Leopardi","datePublished":"2023-06-04T11:22:02+00:00","dateModified":"2023-06-04T11:22:05+00:00","mainEntityOfPage":{"@id":"https:\/\/www.castingnews.eu\/magazine\/2023\/06\/04\/casting-aperto-per-una-miniserie-rai-su-giacomo-leopardi\/"},"wordCount":305,"commentCount":0,"image":{"@id":"https:\/\/www.castingnews.eu\/magazine\/2023\/06\/04\/casting-aperto-per-una-miniserie-rai-su-giacomo-leopardi\/#primaryimage"},"thumbnailUrl":"https:\/\/www.castingnews.eu\/magazine\/wp-content\/uploads\/2023\/06\/Giacomo-Leopardi-vita-e-amori-del-poeta.jpg","keywords":["casting","casting call","Casting News","comparse","fiction","figurazioni","figurazioni speciali","generici","Giacomo Leopardi","Giacomo Leopardi: vita e amori del poeta","miniserie","Provini","Rai","Rai fiction","Sergio Rubini"],"articleSection":["Biografico","Fiction TV","Fiction TV","In primo piano","Italia","Lombardia","Primo piano","Progetti TV"],"inLanguage":"it-IT","potentialAction":[{"@type":"CommentAction","name":"Comment","target":["https:\/\/www.castingnews.eu\/magazine\/2023\/06\/04\/casting-aperto-per-una-miniserie-rai-su-giacomo-leopardi\/#respond"]}]},{"@type":"WebPage","@id":"https:\/\/www.castingnews.eu\/magazine\/2023\/06\/04\/casting-aperto-per-una-miniserie-rai-su-giacomo-leopardi\/","url":"https:\/\/www.castingnews.eu\/magazine\/2023\/06\/04\/casting-aperto-per-una-miniserie-rai-su-giacomo-leopardi\/","name":"Casting aperto per una miniserie Rai su Giacomo Leopardi - Casting News Magazine","isPartOf":{"@id":"https:\/\/www.castingnews.eu\/magazine\/#website"},"primaryImageOfPage":{"@id":"https:\/\/www.castingnews.eu\/magazine\/2023\/06\/04\/casting-aperto-per-una-miniserie-rai-su-giacomo-leopardi\/#primaryimage"},"image":{"@id":"https:\/\/www.castingnews.eu\/magazine\/2023\/06\/04\/casting-aperto-per-una-miniserie-rai-su-giacomo-leopardi\/#primaryimage"},"thumbnailUrl":"https:\/\/www.castingnews.eu\/magazine\/wp-content\/uploads\/2023\/06\/Giacomo-Leopardi-vita-e-amori-del-poeta.jpg","datePublished":"2023-06-04T11:22:02+00:00","dateModified":"2023-06-04T11:22:05+00:00","author":{"@id":"https:\/\/www.castingnews.eu\/magazine\/#\/schema\/person\/099d71c568c9a7e5e4037b1594108f17"},"description":"Casting per la miniserie Rai \"Giacomo Leopardi: vita e amori del poeta\". Le riprese si svolgeranno tra luglio e agosto 2023.","breadcrumb":{"@id":"https:\/\/www.castingnews.eu\/magazine\/2023\/06\/04\/casting-aperto-per-una-miniserie-rai-su-giacomo-leopardi\/#breadcrumb"},"inLanguage":"it-IT","potentialAction":[{"@type":"ReadAction","target":["https:\/\/www.castingnews.eu\/magazine\/2023\/06\/04\/casting-aperto-per-una-miniserie-rai-su-giacomo-leopardi\/"]}]},{"@type":"ImageObject","inLanguage":"it-IT","@id":"https:\/\/www.castingnews.eu\/magazine\/2023\/06\/04\/casting-aperto-per-una-miniserie-rai-su-giacomo-leopardi\/#primaryimage","url":"https:\/\/www.castingnews.eu\/magazine\/wp-content\/uploads\/2023\/06\/Giacomo-Leopardi-vita-e-amori-del-poeta.jpg","contentUrl":"https:\/\/www.castingnews.eu\/magazine\/wp-content\/uploads\/2023\/06\/Giacomo-Leopardi-vita-e-amori-del-poeta.jpg","width":1080,"height":566,"caption":"Giacomo Leopardi vita e amori del poeta"},{"@type":"BreadcrumbList","@id":"https:\/\/www.castingnews.eu\/magazine\/2023\/06\/04\/casting-aperto-per-una-miniserie-rai-su-giacomo-leopardi\/#breadcrumb","itemListElement":[{"@type":"ListItem","position":1,"name":"Home","item":"https:\/\/www.castingnews.eu\/magazine\/"},{"@type":"ListItem","position":2,"name":"Casting aperto per una miniserie Rai su Giacomo Leopardi"}]},{"@type":"WebSite","@id":"https:\/\/www.castingnews.eu\/magazine\/#website","url":"https:\/\/www.castingnews.eu\/magazine\/","name":"Casting News Magazine","description":"News e aggiornamenti sui film, serie tv, teatro e festival italiani ed internazionali","potentialAction":[{"@type":"SearchAction","target":{"@type":"EntryPoint","urlTemplate":"https:\/\/www.castingnews.eu\/magazine\/?s={search_term_string}"},"query-input":{"@type":"PropertyValueSpecification","valueRequired":true,"valueName":"search_term_string"}}],"inLanguage":"it-IT"},{"@type":"Person","@id":"https:\/\/www.castingnews.eu\/magazine\/#\/schema\/person\/099d71c568c9a7e5e4037b1594108f17","name":"Redazione","image":{"@type":"ImageObject","inLanguage":"it-IT","@id":"https:\/\/secure.gravatar.com\/avatar\/b73a087aa3bd279fb70d24f1960a91c82cf67619395b60b564c90e9e5d5325fc?s=96&d=mm&r=g","url":"https:\/\/secure.gravatar.com\/avatar\/b73a087aa3bd279fb70d24f1960a91c82cf67619395b60b564c90e9e5d5325fc?s=96&d=mm&r=g","contentUrl":"https:\/\/secure.gravatar.com\/avatar\/b73a087aa3bd279fb70d24f1960a91c82cf67619395b60b564c90e9e5d5325fc?s=96&d=mm&r=g","caption":"Redazione"},"description":"News e aggiornamenti sui film, serie tv, teatro e festival italiani ed internazionali.","url":"https:\/\/www.castingnews.eu\/magazine\/author\/redazione\/"}]}},"_links":{"self":[{"href":"https:\/\/www.castingnews.eu\/magazine\/wp-json\/wp\/v2\/posts\/6139","targetHints":{"allow":["GET"]}}],"collection":[{"href":"https:\/\/www.castingnews.eu\/magazine\/wp-json\/wp\/v2\/posts"}],"about":[{"href":"https:\/\/www.castingnews.eu\/magazine\/wp-json\/wp\/v2\/types\/post"}],"author":[{"embeddable":true,"href":"https:\/\/www.castingnews.eu\/magazine\/wp-json\/wp\/v2\/users\/1"}],"replies":[{"embeddable":true,"href":"https:\/\/www.castingnews.eu\/magazine\/wp-json\/wp\/v2\/comments?post=6139"}],"version-history":[{"count":1,"href":"https:\/\/www.castingnews.eu\/magazine\/wp-json\/wp\/v2\/posts\/6139\/revisions"}],"predecessor-version":[{"id":6141,"href":"https:\/\/www.castingnews.eu\/magazine\/wp-json\/wp\/v2\/posts\/6139\/revisions\/6141"}],"wp:featuredmedia":[{"embeddable":true,"href":"https:\/\/www.castingnews.eu\/magazine\/wp-json\/wp\/v2\/media\/6140"}],"wp:attachment":[{"href":"https:\/\/www.castingnews.eu\/magazine\/wp-json\/wp\/v2\/media?parent=6139"}],"wp:term":[{"taxonomy":"category","embeddable":true,"href":"https:\/\/www.castingnews.eu\/magazine\/wp-json\/wp\/v2\/categories?post=6139"},{"taxonomy":"post_tag","embeddable":true,"href":"https:\/\/www.castingnews.eu\/magazine\/wp-json\/wp\/v2\/tags?post=6139"}],"curies":[{"name":"wp","href":"https:\/\/api.w.org\/{rel}","templated":true}]}}