{"id":6136,"date":"2023-06-03T16:21:36","date_gmt":"2023-06-03T14:21:36","guid":{"rendered":"https:\/\/www.castingnews.eu\/magazine\/?p=6136"},"modified":"2023-06-03T16:21:39","modified_gmt":"2023-06-03T14:21:39","slug":"x-factor-2023-torna-morgan-in-giuria","status":"publish","type":"post","link":"https:\/\/www.castingnews.eu\/magazine\/2023\/06\/03\/x-factor-2023-torna-morgan-in-giuria\/","title":{"rendered":"X Factor 2023, torna Morgan in giuria"},"content":{"rendered":"\n<p>Sky ha confermato la data di messa in onda dell&#8217;edizione 2023 del famoso <strong>talent show<\/strong>, che avr\u00e0 luogo a settembre. Tra i giudici che prenderanno posto dietro al bancone, uno di loro sar\u00e0 il ben noto <strong>Morgan<\/strong>, che prender\u00e0 il posto di <strong>Rkomi<\/strong>. Tuttavia, gli altri tre volti noti della giuria sono stati confermati anche per questa edizione. <strong>Ambra <\/strong>torner\u00e0 quindi in pole position, insieme a <strong>Fedez<\/strong>, che dopo Morgan \u00e8 uno dei volti pi\u00f9 celebri di <strong>X Factor<\/strong>. Inoltre, ritroveremo anche <strong>Dargen D&#8217;Amico<\/strong>.<\/p><div class=\"6d3639e8c6ac292cde400fad8ff8a5b9\" data-index=\"1\" style=\"float: none; margin:10px 0 10px 0; text-align:center;\">\n<script async src=\"\/\/pagead2.googlesyndication.com\/pagead\/js\/adsbygoogle.js\"><\/script>\r\n<!-- Casting Bambini NEW -->\r\n<ins class=\"adsbygoogle\"\r\n     style=\"display:inline-block;width:336px;height:280px\"\r\n     data-ad-client=\"ca-pub-5538097485429833\"\r\n     data-ad-slot=\"5127154445\"><\/ins>\r\n<script>\r\n(adsbygoogle = window.adsbygoogle || []).push({});\r\n<\/script>\n<\/div>\n\n\n\n\n<p>Per quanto riguarda la conduzione, <strong>Francesca Michielin<\/strong> sar\u00e0 di nuovo la padrona di casa.<br>La macchina di <strong>X Factor <\/strong>\u00e8 ufficialmente partita. Come da consueto, il primo passo saranno le Audizioni, che verranno registrate con la presenza del pubblico l&#8217;11, 12, 18 e 19 giugno presso l&#8217;Allianz Cloud a Milano. Successivamente, l&#8217;appuntamento sar\u00e0 direttamente a settembre, su Sky Uno.<\/p>\n\n<div style=\"font-size: 0px; height: 0px; line-height: 0px; margin: 0; padding: 0; clear: both;\"><\/div>","protected":false},"excerpt":{"rendered":"<p>Sky ha confermato la data di messa in onda dell&#8217;edizione 2023 del famoso talent show, che avr\u00e0 luogo a settembre. Tra i giudici che prenderanno posto dietro al bancone, uno di loro sar\u00e0 il ben noto Morgan, che prender\u00e0 il posto di Rkomi. Tuttavia, gli altri tre volti noti della giuria sono stati confermati anche [&hellip;]<\/p>\n","protected":false},"author":1,"featured_media":6137,"comment_status":"open","ping_status":"open","sticky":false,"template":"","format":"standard","meta":{"tdm_status":"","tdm_grid_status":"","footnotes":""},"categories":[1533,71,21,42],"tags":[4801,191,266,272,273,4802,3189,4803,4800,1281,4804,4799],"class_list":{"0":"post-6136","1":"post","2":"type-post","3":"status-publish","4":"format-standard","5":"has-post-thumbnail","7":"category-featured","8":"category-italia-paese","9":"category-in-primo-piano","10":"category-televisione","11":"tag-ambra","12":"tag-audizioni","13":"tag-casting","14":"tag-casting-magazine","15":"tag-casting-news","16":"tag-dargen-damico","17":"tag-fedez","18":"tag-giuria","19":"tag-morgan","20":"tag-sky","21":"tag-sky-uno","22":"tag-x-factor-2023"},"yoast_head":"<!-- This site is optimized with the Yoast SEO plugin v27.4 - https:\/\/yoast.com\/product\/yoast-seo-wordpress\/ -->\r\n<title>X Factor 2023, torna Morgan in giuria - Casting News Magazine<\/title>\r\n<meta name=\"description\" content=\"Sky ha confermato la data di messa in onda dell&#039;edizione 2023 del famoso talent show, che avr\u00e0 luogo a settembre. Tra i giudici che prenderanno posto dietro al bancone, uno di loro sar\u00e0 il ben noto Morgan.\" \/>\r\n<meta name=\"robots\" content=\"index, follow, max-snippet:-1, max-image-preview:large, max-video-preview:-1\" \/>\r\n<link rel=\"canonical\" href=\"https:\/\/www.castingnews.eu\/magazine\/2023\/06\/03\/x-factor-2023-torna-morgan-in-giuria\/\" \/>\r\n<meta property=\"og:locale\" content=\"it_IT\" \/>\r\n<meta property=\"og:type\" content=\"article\" \/>\r\n<meta property=\"og:title\" content=\"X Factor 2023, torna Morgan in giuria - Casting News Magazine\" \/>\r\n<meta property=\"og:description\" content=\"Sky ha confermato la data di messa in onda dell&#039;edizione 2023 del famoso talent show, che avr\u00e0 luogo a settembre. Tra i giudici che prenderanno posto dietro al bancone, uno di loro sar\u00e0 il ben noto Morgan.\" \/>\r\n<meta property=\"og:url\" content=\"https:\/\/www.castingnews.eu\/magazine\/2023\/06\/03\/x-factor-2023-torna-morgan-in-giuria\/\" \/>\r\n<meta property=\"og:site_name\" content=\"Casting News Magazine\" \/>\r\n<meta property=\"article:published_time\" content=\"2023-06-03T14:21:36+00:00\" \/>\r\n<meta property=\"article:modified_time\" content=\"2023-06-03T14:21:39+00:00\" \/>\r\n<meta property=\"og:image\" content=\"https:\/\/www.castingnews.eu\/magazine\/wp-content\/uploads\/2023\/06\/Morgan-X-Factor-2023.jpg\" \/>\r\n\t<meta property=\"og:image:width\" content=\"1200\" \/>\r\n\t<meta property=\"og:image:height\" content=\"614\" \/>\r\n\t<meta property=\"og:image:type\" content=\"image\/jpeg\" \/>\r\n<meta name=\"author\" content=\"Redazione\" \/>\r\n<meta name=\"twitter:card\" content=\"summary_large_image\" \/>\r\n<meta name=\"twitter:label1\" content=\"Scritto da\" \/>\n\t<meta name=\"twitter:data1\" content=\"Redazione\" \/>\n\t<meta name=\"twitter:label2\" content=\"Tempo di lettura stimato\" \/>\n\t<meta name=\"twitter:data2\" content=\"1 minuto\" \/>\r\n<script type=\"application\/ld+json\" class=\"yoast-schema-graph\">{\"@context\":\"https:\\\/\\\/schema.org\",\"@graph\":[{\"@type\":\"Article\",\"@id\":\"https:\\\/\\\/www.castingnews.eu\\\/magazine\\\/2023\\\/06\\\/03\\\/x-factor-2023-torna-morgan-in-giuria\\\/#article\",\"isPartOf\":{\"@id\":\"https:\\\/\\\/www.castingnews.eu\\\/magazine\\\/2023\\\/06\\\/03\\\/x-factor-2023-torna-morgan-in-giuria\\\/\"},\"author\":{\"name\":\"Redazione\",\"@id\":\"https:\\\/\\\/www.castingnews.eu\\\/magazine\\\/#\\\/schema\\\/person\\\/099d71c568c9a7e5e4037b1594108f17\"},\"headline\":\"X Factor 2023, torna Morgan in giuria\",\"datePublished\":\"2023-06-03T14:21:36+00:00\",\"dateModified\":\"2023-06-03T14:21:39+00:00\",\"mainEntityOfPage\":{\"@id\":\"https:\\\/\\\/www.castingnews.eu\\\/magazine\\\/2023\\\/06\\\/03\\\/x-factor-2023-torna-morgan-in-giuria\\\/\"},\"wordCount\":147,\"commentCount\":0,\"image\":{\"@id\":\"https:\\\/\\\/www.castingnews.eu\\\/magazine\\\/2023\\\/06\\\/03\\\/x-factor-2023-torna-morgan-in-giuria\\\/#primaryimage\"},\"thumbnailUrl\":\"https:\\\/\\\/www.castingnews.eu\\\/magazine\\\/wp-content\\\/uploads\\\/2023\\\/06\\\/Morgan-X-Factor-2023.jpg\",\"keywords\":[\"Ambra\",\"Audizioni\",\"casting\",\"Casting Magazine\",\"Casting News\",\"Dargen D&#039;Amico\",\"Fedez\",\"giuria\",\"Morgan\",\"Sky\",\"Sky Uno\",\"X Factor 2023\"],\"articleSection\":[\"In primo piano\",\"Italia\",\"Primo piano\",\"TV\"],\"inLanguage\":\"it-IT\",\"potentialAction\":[{\"@type\":\"CommentAction\",\"name\":\"Comment\",\"target\":[\"https:\\\/\\\/www.castingnews.eu\\\/magazine\\\/2023\\\/06\\\/03\\\/x-factor-2023-torna-morgan-in-giuria\\\/#respond\"]}]},{\"@type\":\"WebPage\",\"@id\":\"https:\\\/\\\/www.castingnews.eu\\\/magazine\\\/2023\\\/06\\\/03\\\/x-factor-2023-torna-morgan-in-giuria\\\/\",\"url\":\"https:\\\/\\\/www.castingnews.eu\\\/magazine\\\/2023\\\/06\\\/03\\\/x-factor-2023-torna-morgan-in-giuria\\\/\",\"name\":\"X Factor 2023, torna Morgan in giuria - Casting News Magazine\",\"isPartOf\":{\"@id\":\"https:\\\/\\\/www.castingnews.eu\\\/magazine\\\/#website\"},\"primaryImageOfPage\":{\"@id\":\"https:\\\/\\\/www.castingnews.eu\\\/magazine\\\/2023\\\/06\\\/03\\\/x-factor-2023-torna-morgan-in-giuria\\\/#primaryimage\"},\"image\":{\"@id\":\"https:\\\/\\\/www.castingnews.eu\\\/magazine\\\/2023\\\/06\\\/03\\\/x-factor-2023-torna-morgan-in-giuria\\\/#primaryimage\"},\"thumbnailUrl\":\"https:\\\/\\\/www.castingnews.eu\\\/magazine\\\/wp-content\\\/uploads\\\/2023\\\/06\\\/Morgan-X-Factor-2023.jpg\",\"datePublished\":\"2023-06-03T14:21:36+00:00\",\"dateModified\":\"2023-06-03T14:21:39+00:00\",\"author\":{\"@id\":\"https:\\\/\\\/www.castingnews.eu\\\/magazine\\\/#\\\/schema\\\/person\\\/099d71c568c9a7e5e4037b1594108f17\"},\"description\":\"Sky ha confermato la data di messa in onda dell'edizione 2023 del famoso talent show, che avr\u00e0 luogo a settembre. Tra i giudici che prenderanno posto dietro al bancone, uno di loro sar\u00e0 il ben noto Morgan.\",\"breadcrumb\":{\"@id\":\"https:\\\/\\\/www.castingnews.eu\\\/magazine\\\/2023\\\/06\\\/03\\\/x-factor-2023-torna-morgan-in-giuria\\\/#breadcrumb\"},\"inLanguage\":\"it-IT\",\"potentialAction\":[{\"@type\":\"ReadAction\",\"target\":[\"https:\\\/\\\/www.castingnews.eu\\\/magazine\\\/2023\\\/06\\\/03\\\/x-factor-2023-torna-morgan-in-giuria\\\/\"]}]},{\"@type\":\"ImageObject\",\"inLanguage\":\"it-IT\",\"@id\":\"https:\\\/\\\/www.castingnews.eu\\\/magazine\\\/2023\\\/06\\\/03\\\/x-factor-2023-torna-morgan-in-giuria\\\/#primaryimage\",\"url\":\"https:\\\/\\\/www.castingnews.eu\\\/magazine\\\/wp-content\\\/uploads\\\/2023\\\/06\\\/Morgan-X-Factor-2023.jpg\",\"contentUrl\":\"https:\\\/\\\/www.castingnews.eu\\\/magazine\\\/wp-content\\\/uploads\\\/2023\\\/06\\\/Morgan-X-Factor-2023.jpg\",\"width\":1200,\"height\":614,\"caption\":\"Morgan X Factor 2023\"},{\"@type\":\"BreadcrumbList\",\"@id\":\"https:\\\/\\\/www.castingnews.eu\\\/magazine\\\/2023\\\/06\\\/03\\\/x-factor-2023-torna-morgan-in-giuria\\\/#breadcrumb\",\"itemListElement\":[{\"@type\":\"ListItem\",\"position\":1,\"name\":\"Home\",\"item\":\"https:\\\/\\\/www.castingnews.eu\\\/magazine\\\/\"},{\"@type\":\"ListItem\",\"position\":2,\"name\":\"X Factor 2023, torna Morgan in giuria\"}]},{\"@type\":\"WebSite\",\"@id\":\"https:\\\/\\\/www.castingnews.eu\\\/magazine\\\/#website\",\"url\":\"https:\\\/\\\/www.castingnews.eu\\\/magazine\\\/\",\"name\":\"Casting News Magazine\",\"description\":\"News e aggiornamenti sui film, serie tv, teatro e festival italiani ed internazionali\",\"potentialAction\":[{\"@type\":\"SearchAction\",\"target\":{\"@type\":\"EntryPoint\",\"urlTemplate\":\"https:\\\/\\\/www.castingnews.eu\\\/magazine\\\/?s={search_term_string}\"},\"query-input\":{\"@type\":\"PropertyValueSpecification\",\"valueRequired\":true,\"valueName\":\"search_term_string\"}}],\"inLanguage\":\"it-IT\"},{\"@type\":\"Person\",\"@id\":\"https:\\\/\\\/www.castingnews.eu\\\/magazine\\\/#\\\/schema\\\/person\\\/099d71c568c9a7e5e4037b1594108f17\",\"name\":\"Redazione\",\"image\":{\"@type\":\"ImageObject\",\"inLanguage\":\"it-IT\",\"@id\":\"https:\\\/\\\/secure.gravatar.com\\\/avatar\\\/b73a087aa3bd279fb70d24f1960a91c82cf67619395b60b564c90e9e5d5325fc?s=96&d=mm&r=g\",\"url\":\"https:\\\/\\\/secure.gravatar.com\\\/avatar\\\/b73a087aa3bd279fb70d24f1960a91c82cf67619395b60b564c90e9e5d5325fc?s=96&d=mm&r=g\",\"contentUrl\":\"https:\\\/\\\/secure.gravatar.com\\\/avatar\\\/b73a087aa3bd279fb70d24f1960a91c82cf67619395b60b564c90e9e5d5325fc?s=96&d=mm&r=g\",\"caption\":\"Redazione\"},\"description\":\"News e aggiornamenti sui film, serie tv, teatro e festival italiani ed internazionali.\",\"url\":\"https:\\\/\\\/www.castingnews.eu\\\/magazine\\\/author\\\/redazione\\\/\"}]}<\/script>\r\n<!-- \/ Yoast SEO plugin. -->","yoast_head_json":{"title":"X Factor 2023, torna Morgan in giuria - Casting News Magazine","description":"Sky ha confermato la data di messa in onda dell'edizione 2023 del famoso talent show, che avr\u00e0 luogo a settembre. Tra i giudici che prenderanno posto dietro al bancone, uno di loro sar\u00e0 il ben noto Morgan.","robots":{"index":"index","follow":"follow","max-snippet":"max-snippet:-1","max-image-preview":"max-image-preview:large","max-video-preview":"max-video-preview:-1"},"canonical":"https:\/\/www.castingnews.eu\/magazine\/2023\/06\/03\/x-factor-2023-torna-morgan-in-giuria\/","og_locale":"it_IT","og_type":"article","og_title":"X Factor 2023, torna Morgan in giuria - Casting News Magazine","og_description":"Sky ha confermato la data di messa in onda dell'edizione 2023 del famoso talent show, che avr\u00e0 luogo a settembre. Tra i giudici che prenderanno posto dietro al bancone, uno di loro sar\u00e0 il ben noto Morgan.","og_url":"https:\/\/www.castingnews.eu\/magazine\/2023\/06\/03\/x-factor-2023-torna-morgan-in-giuria\/","og_site_name":"Casting News Magazine","article_published_time":"2023-06-03T14:21:36+00:00","article_modified_time":"2023-06-03T14:21:39+00:00","og_image":[{"width":1200,"height":614,"url":"https:\/\/www.castingnews.eu\/magazine\/wp-content\/uploads\/2023\/06\/Morgan-X-Factor-2023.jpg","type":"image\/jpeg"}],"author":"Redazione","twitter_card":"summary_large_image","twitter_misc":{"Scritto da":"Redazione","Tempo di lettura stimato":"1 minuto"},"schema":{"@context":"https:\/\/schema.org","@graph":[{"@type":"Article","@id":"https:\/\/www.castingnews.eu\/magazine\/2023\/06\/03\/x-factor-2023-torna-morgan-in-giuria\/#article","isPartOf":{"@id":"https:\/\/www.castingnews.eu\/magazine\/2023\/06\/03\/x-factor-2023-torna-morgan-in-giuria\/"},"author":{"name":"Redazione","@id":"https:\/\/www.castingnews.eu\/magazine\/#\/schema\/person\/099d71c568c9a7e5e4037b1594108f17"},"headline":"X Factor 2023, torna Morgan in giuria","datePublished":"2023-06-03T14:21:36+00:00","dateModified":"2023-06-03T14:21:39+00:00","mainEntityOfPage":{"@id":"https:\/\/www.castingnews.eu\/magazine\/2023\/06\/03\/x-factor-2023-torna-morgan-in-giuria\/"},"wordCount":147,"commentCount":0,"image":{"@id":"https:\/\/www.castingnews.eu\/magazine\/2023\/06\/03\/x-factor-2023-torna-morgan-in-giuria\/#primaryimage"},"thumbnailUrl":"https:\/\/www.castingnews.eu\/magazine\/wp-content\/uploads\/2023\/06\/Morgan-X-Factor-2023.jpg","keywords":["Ambra","Audizioni","casting","Casting Magazine","Casting News","Dargen D&#039;Amico","Fedez","giuria","Morgan","Sky","Sky Uno","X Factor 2023"],"articleSection":["In primo piano","Italia","Primo piano","TV"],"inLanguage":"it-IT","potentialAction":[{"@type":"CommentAction","name":"Comment","target":["https:\/\/www.castingnews.eu\/magazine\/2023\/06\/03\/x-factor-2023-torna-morgan-in-giuria\/#respond"]}]},{"@type":"WebPage","@id":"https:\/\/www.castingnews.eu\/magazine\/2023\/06\/03\/x-factor-2023-torna-morgan-in-giuria\/","url":"https:\/\/www.castingnews.eu\/magazine\/2023\/06\/03\/x-factor-2023-torna-morgan-in-giuria\/","name":"X Factor 2023, torna Morgan in giuria - Casting News Magazine","isPartOf":{"@id":"https:\/\/www.castingnews.eu\/magazine\/#website"},"primaryImageOfPage":{"@id":"https:\/\/www.castingnews.eu\/magazine\/2023\/06\/03\/x-factor-2023-torna-morgan-in-giuria\/#primaryimage"},"image":{"@id":"https:\/\/www.castingnews.eu\/magazine\/2023\/06\/03\/x-factor-2023-torna-morgan-in-giuria\/#primaryimage"},"thumbnailUrl":"https:\/\/www.castingnews.eu\/magazine\/wp-content\/uploads\/2023\/06\/Morgan-X-Factor-2023.jpg","datePublished":"2023-06-03T14:21:36+00:00","dateModified":"2023-06-03T14:21:39+00:00","author":{"@id":"https:\/\/www.castingnews.eu\/magazine\/#\/schema\/person\/099d71c568c9a7e5e4037b1594108f17"},"description":"Sky ha confermato la data di messa in onda dell'edizione 2023 del famoso talent show, che avr\u00e0 luogo a settembre. Tra i giudici che prenderanno posto dietro al bancone, uno di loro sar\u00e0 il ben noto Morgan.","breadcrumb":{"@id":"https:\/\/www.castingnews.eu\/magazine\/2023\/06\/03\/x-factor-2023-torna-morgan-in-giuria\/#breadcrumb"},"inLanguage":"it-IT","potentialAction":[{"@type":"ReadAction","target":["https:\/\/www.castingnews.eu\/magazine\/2023\/06\/03\/x-factor-2023-torna-morgan-in-giuria\/"]}]},{"@type":"ImageObject","inLanguage":"it-IT","@id":"https:\/\/www.castingnews.eu\/magazine\/2023\/06\/03\/x-factor-2023-torna-morgan-in-giuria\/#primaryimage","url":"https:\/\/www.castingnews.eu\/magazine\/wp-content\/uploads\/2023\/06\/Morgan-X-Factor-2023.jpg","contentUrl":"https:\/\/www.castingnews.eu\/magazine\/wp-content\/uploads\/2023\/06\/Morgan-X-Factor-2023.jpg","width":1200,"height":614,"caption":"Morgan X Factor 2023"},{"@type":"BreadcrumbList","@id":"https:\/\/www.castingnews.eu\/magazine\/2023\/06\/03\/x-factor-2023-torna-morgan-in-giuria\/#breadcrumb","itemListElement":[{"@type":"ListItem","position":1,"name":"Home","item":"https:\/\/www.castingnews.eu\/magazine\/"},{"@type":"ListItem","position":2,"name":"X Factor 2023, torna Morgan in giuria"}]},{"@type":"WebSite","@id":"https:\/\/www.castingnews.eu\/magazine\/#website","url":"https:\/\/www.castingnews.eu\/magazine\/","name":"Casting News Magazine","description":"News e aggiornamenti sui film, serie tv, teatro e festival italiani ed internazionali","potentialAction":[{"@type":"SearchAction","target":{"@type":"EntryPoint","urlTemplate":"https:\/\/www.castingnews.eu\/magazine\/?s={search_term_string}"},"query-input":{"@type":"PropertyValueSpecification","valueRequired":true,"valueName":"search_term_string"}}],"inLanguage":"it-IT"},{"@type":"Person","@id":"https:\/\/www.castingnews.eu\/magazine\/#\/schema\/person\/099d71c568c9a7e5e4037b1594108f17","name":"Redazione","image":{"@type":"ImageObject","inLanguage":"it-IT","@id":"https:\/\/secure.gravatar.com\/avatar\/b73a087aa3bd279fb70d24f1960a91c82cf67619395b60b564c90e9e5d5325fc?s=96&d=mm&r=g","url":"https:\/\/secure.gravatar.com\/avatar\/b73a087aa3bd279fb70d24f1960a91c82cf67619395b60b564c90e9e5d5325fc?s=96&d=mm&r=g","contentUrl":"https:\/\/secure.gravatar.com\/avatar\/b73a087aa3bd279fb70d24f1960a91c82cf67619395b60b564c90e9e5d5325fc?s=96&d=mm&r=g","caption":"Redazione"},"description":"News e aggiornamenti sui film, serie tv, teatro e festival italiani ed internazionali.","url":"https:\/\/www.castingnews.eu\/magazine\/author\/redazione\/"}]}},"_links":{"self":[{"href":"https:\/\/www.castingnews.eu\/magazine\/wp-json\/wp\/v2\/posts\/6136","targetHints":{"allow":["GET"]}}],"collection":[{"href":"https:\/\/www.castingnews.eu\/magazine\/wp-json\/wp\/v2\/posts"}],"about":[{"href":"https:\/\/www.castingnews.eu\/magazine\/wp-json\/wp\/v2\/types\/post"}],"author":[{"embeddable":true,"href":"https:\/\/www.castingnews.eu\/magazine\/wp-json\/wp\/v2\/users\/1"}],"replies":[{"embeddable":true,"href":"https:\/\/www.castingnews.eu\/magazine\/wp-json\/wp\/v2\/comments?post=6136"}],"version-history":[{"count":1,"href":"https:\/\/www.castingnews.eu\/magazine\/wp-json\/wp\/v2\/posts\/6136\/revisions"}],"predecessor-version":[{"id":6138,"href":"https:\/\/www.castingnews.eu\/magazine\/wp-json\/wp\/v2\/posts\/6136\/revisions\/6138"}],"wp:featuredmedia":[{"embeddable":true,"href":"https:\/\/www.castingnews.eu\/magazine\/wp-json\/wp\/v2\/media\/6137"}],"wp:attachment":[{"href":"https:\/\/www.castingnews.eu\/magazine\/wp-json\/wp\/v2\/media?parent=6136"}],"wp:term":[{"taxonomy":"category","embeddable":true,"href":"https:\/\/www.castingnews.eu\/magazine\/wp-json\/wp\/v2\/categories?post=6136"},{"taxonomy":"post_tag","embeddable":true,"href":"https:\/\/www.castingnews.eu\/magazine\/wp-json\/wp\/v2\/tags?post=6136"}],"curies":[{"name":"wp","href":"https:\/\/api.w.org\/{rel}","templated":true}]}}