{"id":6024,"date":"2023-05-25T17:07:40","date_gmt":"2023-05-25T15:07:40","guid":{"rendered":"https:\/\/www.castingnews.eu\/magazine\/?p=6024"},"modified":"2023-05-25T17:07:42","modified_gmt":"2023-05-25T15:07:42","slug":"litalia-chiamo-casting-figurazioni-per-la-miniserie-rai-prodotta-da-pepito-produzioni","status":"publish","type":"post","link":"https:\/\/www.castingnews.eu\/magazine\/2023\/05\/25\/litalia-chiamo-casting-figurazioni-per-la-miniserie-rai-prodotta-da-pepito-produzioni\/","title":{"rendered":"&#8220;L&#8217;Italia chiam\u00f2&#8221;, casting figurazioni per la miniserie Rai prodotta da Pepito Produzioni"},"content":{"rendered":"\n<p>Per una nuova e affascinante <strong>miniserie <\/strong>intitolata <strong><a href=\"https:\/\/www.castingnews.eu\/news\/news.asp?id_news=10280&amp;id_cat=1\">&#8220;L&#8217;Italia chiam\u00f2&#8221;<\/a><\/strong>, prodotta da <strong>Pepito Produzioni <\/strong>per <strong>Rai Fiction<\/strong>, si cercano figurazioni di diverse et\u00e0 per arricchire l&#8217;ambientazione storica della serie. Questa \u00e8 un&#8217;opportunit\u00e0 unica per gli appassionati di recitazione di prendere parte a una produzione televisiva di qualit\u00e0.<br>La serie sar\u00e0 girata tra le citt\u00e0 di <strong>Genova<\/strong>, <strong>Torino <\/strong>e <strong>Roma <\/strong>e sar\u00e0 composta da quattro episodi della durata di 50 minuti ciascuno.<\/p><div class=\"6d3639e8c6ac292cde400fad8ff8a5b9\" data-index=\"1\" style=\"float: none; margin:10px 0 10px 0; text-align:center;\">\n<script async src=\"\/\/pagead2.googlesyndication.com\/pagead\/js\/adsbygoogle.js\"><\/script>\r\n<!-- Casting Bambini NEW -->\r\n<ins class=\"adsbygoogle\"\r\n     style=\"display:inline-block;width:336px;height:280px\"\r\n     data-ad-client=\"ca-pub-5538097485429833\"\r\n     data-ad-slot=\"5127154445\"><\/ins>\r\n<script>\r\n(adsbygoogle = window.adsbygoogle || []).push({});\r\n<\/script>\n<\/div>\n\n\n\n\n<p>Per garantire un&#8217;atmosfera autentica, la produzione sta cercando figure di diverse et\u00e0 e caratteristiche specifiche per i seguenti ruoli:<br>&#8211; donne con capelli rossi naturali, et\u00e0 20\/40 anni;<br>&#8211; uomini e donne con esperienza come camerieri;<br>&#8211; donne con capelli naturali;<br>&#8211; uomini con capelli lunghi;<br>&#8211; un ragazzo maggiorenne di 18-19 anni con abilit\u00e0 nel canto, in particolare un tenore giovane.<br>Dato che si tratta di una miniserie d\u2019epoca, saranno escluse dal casting persone con taglio e colore di capelli moderni, sopracciglia troppo sottili o tatuate, piercing e tatuaggi visibili.<br>Inoltre, la produzione \u00e8 alla ricerca di cani delle seguenti razze: cavalier king, segugio e bracco italiano. Se possiedi un cane di una di queste razze e desideri coinvolgerlo nella produzione, questa \u00e8 un&#8217;opportunit\u00e0 per farlo.<\/p>\n\n\n\n<p>Questa \u00e8 un&#8217;opportunit\u00e0 emozionante per coloro che desiderano fare parte di una produzione televisiva di alto livello.<br>Tutti i partecipanti selezionati per la figurazione saranno regolarmente retribuiti per il loro lavoro.<br>I casting si svolgeranno il 27 e il 28 maggio 2023.<br><strong>Tutti i dettagli sono disponibili nell\u2019area riservata di Casting News Professional al seguente link: <a href=\"https:\/\/www.castingnews.eu\/news\/news.asp?id_news=10280&amp;id_cat=1\">Casting figurazioni dai 18 ai 75 anni per la miniserie Rai \u201cL\u2019Italia chiam\u00f2\u201d<\/a><\/strong><\/p>\n\n<div style=\"font-size: 0px; height: 0px; line-height: 0px; margin: 0; padding: 0; clear: both;\"><\/div>","protected":false},"excerpt":{"rendered":"<p>Per una nuova e affascinante miniserie intitolata &#8220;L&#8217;Italia chiam\u00f2&#8221;, prodotta da Pepito Produzioni per Rai Fiction, si cercano figurazioni di diverse et\u00e0 per arricchire l&#8217;ambientazione storica della serie. Questa \u00e8 un&#8217;opportunit\u00e0 unica per gli appassionati di recitazione di prendere parte a una produzione televisiva di qualit\u00e0.La serie sar\u00e0 girata tra le citt\u00e0 di Genova, Torino [&hellip;]<\/p>\n","protected":false},"author":1,"featured_media":6025,"comment_status":"open","ping_status":"open","sticky":false,"template":"","format":"standard","meta":{"tdm_status":"","tdm_grid_status":"","footnotes":""},"categories":[58,1462,1463,1533,71,3963,21,31],"tags":[266,3676,272,273,1720,3056,4732,2976,2744,1118,1134,1649,1193,1611,1362],"class_list":{"0":"post-6024","1":"post","2":"type-post","3":"status-publish","4":"format-standard","5":"has-post-thumbnail","7":"category-biografico","8":"category-fiction-tv","9":"category-fiction-tv-casting-provini","10":"category-featured","11":"category-italia-paese","12":"category-piemonte","13":"category-in-primo-piano","14":"category-progetti-tv","15":"tag-casting","16":"tag-casting-call","17":"tag-casting-magazine","18":"tag-casting-news","19":"tag-figurazioni","20":"tag-genova","21":"tag-litalia-chiamo-2","22":"tag-miniserie","23":"tag-pepito-produzioni","24":"tag-provini","25":"tag-rai","26":"tag-rai-fiction","27":"tag-roma","28":"tag-serie-tv","29":"tag-torino"},"yoast_head":"<!-- This site is optimized with the Yoast SEO plugin v27.4 - https:\/\/yoast.com\/product\/yoast-seo-wordpress\/ -->\r\n<title>&quot;L&#039;Italia chiam\u00f2&quot;, casting figurazioni per la miniserie Rai prodotta da Pepito Produzioni - Casting News Magazine<\/title>\r\n<meta name=\"description\" content=\"Per una nuova miniserie intitolata &quot;L&#039;Italia chiam\u00f2&quot;, prodotta da Pepito Produzioni per Rai Fiction, si cercano figurazioni di diverse et\u00e0.\" \/>\r\n<meta name=\"robots\" content=\"index, follow, max-snippet:-1, max-image-preview:large, max-video-preview:-1\" \/>\r\n<link rel=\"canonical\" href=\"https:\/\/www.castingnews.eu\/magazine\/2023\/05\/25\/litalia-chiamo-casting-figurazioni-per-la-miniserie-rai-prodotta-da-pepito-produzioni\/\" \/>\r\n<meta property=\"og:locale\" content=\"it_IT\" \/>\r\n<meta property=\"og:type\" content=\"article\" \/>\r\n<meta property=\"og:title\" content=\"&quot;L&#039;Italia chiam\u00f2&quot;, casting figurazioni per la miniserie Rai prodotta da Pepito Produzioni - Casting News Magazine\" \/>\r\n<meta property=\"og:description\" content=\"Per una nuova miniserie intitolata &quot;L&#039;Italia chiam\u00f2&quot;, prodotta da Pepito Produzioni per Rai Fiction, si cercano figurazioni di diverse et\u00e0.\" \/>\r\n<meta property=\"og:url\" content=\"https:\/\/www.castingnews.eu\/magazine\/2023\/05\/25\/litalia-chiamo-casting-figurazioni-per-la-miniserie-rai-prodotta-da-pepito-produzioni\/\" \/>\r\n<meta property=\"og:site_name\" content=\"Casting News Magazine\" \/>\r\n<meta property=\"article:published_time\" content=\"2023-05-25T15:07:40+00:00\" \/>\r\n<meta property=\"article:modified_time\" content=\"2023-05-25T15:07:42+00:00\" \/>\r\n<meta property=\"og:image\" content=\"https:\/\/www.castingnews.eu\/magazine\/wp-content\/uploads\/2023\/05\/LItalia-chiamo-serie-rai.jpg\" \/>\r\n\t<meta property=\"og:image:width\" content=\"1080\" \/>\r\n\t<meta property=\"og:image:height\" content=\"566\" \/>\r\n\t<meta property=\"og:image:type\" content=\"image\/jpeg\" \/>\r\n<meta name=\"author\" content=\"Redazione\" \/>\r\n<meta name=\"twitter:card\" content=\"summary_large_image\" \/>\r\n<meta name=\"twitter:label1\" content=\"Scritto da\" \/>\n\t<meta name=\"twitter:data1\" content=\"Redazione\" \/>\n\t<meta name=\"twitter:label2\" content=\"Tempo di lettura stimato\" \/>\n\t<meta name=\"twitter:data2\" content=\"2 minuti\" \/>\r\n<script type=\"application\/ld+json\" class=\"yoast-schema-graph\">{\"@context\":\"https:\\\/\\\/schema.org\",\"@graph\":[{\"@type\":\"Article\",\"@id\":\"https:\\\/\\\/www.castingnews.eu\\\/magazine\\\/2023\\\/05\\\/25\\\/litalia-chiamo-casting-figurazioni-per-la-miniserie-rai-prodotta-da-pepito-produzioni\\\/#article\",\"isPartOf\":{\"@id\":\"https:\\\/\\\/www.castingnews.eu\\\/magazine\\\/2023\\\/05\\\/25\\\/litalia-chiamo-casting-figurazioni-per-la-miniserie-rai-prodotta-da-pepito-produzioni\\\/\"},\"author\":{\"name\":\"Redazione\",\"@id\":\"https:\\\/\\\/www.castingnews.eu\\\/magazine\\\/#\\\/schema\\\/person\\\/099d71c568c9a7e5e4037b1594108f17\"},\"headline\":\"&#8220;L&#8217;Italia chiam\u00f2&#8221;, casting figurazioni per la miniserie Rai prodotta da Pepito Produzioni\",\"datePublished\":\"2023-05-25T15:07:40+00:00\",\"dateModified\":\"2023-05-25T15:07:42+00:00\",\"mainEntityOfPage\":{\"@id\":\"https:\\\/\\\/www.castingnews.eu\\\/magazine\\\/2023\\\/05\\\/25\\\/litalia-chiamo-casting-figurazioni-per-la-miniserie-rai-prodotta-da-pepito-produzioni\\\/\"},\"wordCount\":277,\"commentCount\":0,\"image\":{\"@id\":\"https:\\\/\\\/www.castingnews.eu\\\/magazine\\\/2023\\\/05\\\/25\\\/litalia-chiamo-casting-figurazioni-per-la-miniserie-rai-prodotta-da-pepito-produzioni\\\/#primaryimage\"},\"thumbnailUrl\":\"https:\\\/\\\/www.castingnews.eu\\\/magazine\\\/wp-content\\\/uploads\\\/2023\\\/05\\\/LItalia-chiamo-serie-rai.jpg\",\"keywords\":[\"casting\",\"casting call\",\"Casting Magazine\",\"Casting News\",\"figurazioni\",\"Genova\",\"L&#039;Italia chiam\u00f2\",\"miniserie\",\"Pepito Produzioni\",\"Provini\",\"Rai\",\"Rai fiction\",\"Roma\",\"Serie tv\",\"Torino\"],\"articleSection\":[\"Biografico\",\"Fiction TV\",\"Fiction TV\",\"In primo piano\",\"Italia\",\"Piemonte\",\"Primo piano\",\"Progetti TV\"],\"inLanguage\":\"it-IT\",\"potentialAction\":[{\"@type\":\"CommentAction\",\"name\":\"Comment\",\"target\":[\"https:\\\/\\\/www.castingnews.eu\\\/magazine\\\/2023\\\/05\\\/25\\\/litalia-chiamo-casting-figurazioni-per-la-miniserie-rai-prodotta-da-pepito-produzioni\\\/#respond\"]}]},{\"@type\":\"WebPage\",\"@id\":\"https:\\\/\\\/www.castingnews.eu\\\/magazine\\\/2023\\\/05\\\/25\\\/litalia-chiamo-casting-figurazioni-per-la-miniserie-rai-prodotta-da-pepito-produzioni\\\/\",\"url\":\"https:\\\/\\\/www.castingnews.eu\\\/magazine\\\/2023\\\/05\\\/25\\\/litalia-chiamo-casting-figurazioni-per-la-miniserie-rai-prodotta-da-pepito-produzioni\\\/\",\"name\":\"\\\"L'Italia chiam\u00f2\\\", casting figurazioni per la miniserie Rai prodotta da Pepito Produzioni - Casting News Magazine\",\"isPartOf\":{\"@id\":\"https:\\\/\\\/www.castingnews.eu\\\/magazine\\\/#website\"},\"primaryImageOfPage\":{\"@id\":\"https:\\\/\\\/www.castingnews.eu\\\/magazine\\\/2023\\\/05\\\/25\\\/litalia-chiamo-casting-figurazioni-per-la-miniserie-rai-prodotta-da-pepito-produzioni\\\/#primaryimage\"},\"image\":{\"@id\":\"https:\\\/\\\/www.castingnews.eu\\\/magazine\\\/2023\\\/05\\\/25\\\/litalia-chiamo-casting-figurazioni-per-la-miniserie-rai-prodotta-da-pepito-produzioni\\\/#primaryimage\"},\"thumbnailUrl\":\"https:\\\/\\\/www.castingnews.eu\\\/magazine\\\/wp-content\\\/uploads\\\/2023\\\/05\\\/LItalia-chiamo-serie-rai.jpg\",\"datePublished\":\"2023-05-25T15:07:40+00:00\",\"dateModified\":\"2023-05-25T15:07:42+00:00\",\"author\":{\"@id\":\"https:\\\/\\\/www.castingnews.eu\\\/magazine\\\/#\\\/schema\\\/person\\\/099d71c568c9a7e5e4037b1594108f17\"},\"description\":\"Per una nuova miniserie intitolata \\\"L'Italia chiam\u00f2\\\", prodotta da Pepito Produzioni per Rai Fiction, si cercano figurazioni di diverse et\u00e0.\",\"breadcrumb\":{\"@id\":\"https:\\\/\\\/www.castingnews.eu\\\/magazine\\\/2023\\\/05\\\/25\\\/litalia-chiamo-casting-figurazioni-per-la-miniserie-rai-prodotta-da-pepito-produzioni\\\/#breadcrumb\"},\"inLanguage\":\"it-IT\",\"potentialAction\":[{\"@type\":\"ReadAction\",\"target\":[\"https:\\\/\\\/www.castingnews.eu\\\/magazine\\\/2023\\\/05\\\/25\\\/litalia-chiamo-casting-figurazioni-per-la-miniserie-rai-prodotta-da-pepito-produzioni\\\/\"]}]},{\"@type\":\"ImageObject\",\"inLanguage\":\"it-IT\",\"@id\":\"https:\\\/\\\/www.castingnews.eu\\\/magazine\\\/2023\\\/05\\\/25\\\/litalia-chiamo-casting-figurazioni-per-la-miniserie-rai-prodotta-da-pepito-produzioni\\\/#primaryimage\",\"url\":\"https:\\\/\\\/www.castingnews.eu\\\/magazine\\\/wp-content\\\/uploads\\\/2023\\\/05\\\/LItalia-chiamo-serie-rai.jpg\",\"contentUrl\":\"https:\\\/\\\/www.castingnews.eu\\\/magazine\\\/wp-content\\\/uploads\\\/2023\\\/05\\\/LItalia-chiamo-serie-rai.jpg\",\"width\":1080,\"height\":566,\"caption\":\"L'Italia chiam\u00f2 serie Rai\"},{\"@type\":\"BreadcrumbList\",\"@id\":\"https:\\\/\\\/www.castingnews.eu\\\/magazine\\\/2023\\\/05\\\/25\\\/litalia-chiamo-casting-figurazioni-per-la-miniserie-rai-prodotta-da-pepito-produzioni\\\/#breadcrumb\",\"itemListElement\":[{\"@type\":\"ListItem\",\"position\":1,\"name\":\"Home\",\"item\":\"https:\\\/\\\/www.castingnews.eu\\\/magazine\\\/\"},{\"@type\":\"ListItem\",\"position\":2,\"name\":\"&#8220;L&#8217;Italia chiam\u00f2&#8221;, casting figurazioni per la miniserie Rai prodotta da Pepito Produzioni\"}]},{\"@type\":\"WebSite\",\"@id\":\"https:\\\/\\\/www.castingnews.eu\\\/magazine\\\/#website\",\"url\":\"https:\\\/\\\/www.castingnews.eu\\\/magazine\\\/\",\"name\":\"Casting News Magazine\",\"description\":\"News e aggiornamenti sui film, serie tv, teatro e festival italiani ed internazionali\",\"potentialAction\":[{\"@type\":\"SearchAction\",\"target\":{\"@type\":\"EntryPoint\",\"urlTemplate\":\"https:\\\/\\\/www.castingnews.eu\\\/magazine\\\/?s={search_term_string}\"},\"query-input\":{\"@type\":\"PropertyValueSpecification\",\"valueRequired\":true,\"valueName\":\"search_term_string\"}}],\"inLanguage\":\"it-IT\"},{\"@type\":\"Person\",\"@id\":\"https:\\\/\\\/www.castingnews.eu\\\/magazine\\\/#\\\/schema\\\/person\\\/099d71c568c9a7e5e4037b1594108f17\",\"name\":\"Redazione\",\"image\":{\"@type\":\"ImageObject\",\"inLanguage\":\"it-IT\",\"@id\":\"https:\\\/\\\/secure.gravatar.com\\\/avatar\\\/b73a087aa3bd279fb70d24f1960a91c82cf67619395b60b564c90e9e5d5325fc?s=96&d=mm&r=g\",\"url\":\"https:\\\/\\\/secure.gravatar.com\\\/avatar\\\/b73a087aa3bd279fb70d24f1960a91c82cf67619395b60b564c90e9e5d5325fc?s=96&d=mm&r=g\",\"contentUrl\":\"https:\\\/\\\/secure.gravatar.com\\\/avatar\\\/b73a087aa3bd279fb70d24f1960a91c82cf67619395b60b564c90e9e5d5325fc?s=96&d=mm&r=g\",\"caption\":\"Redazione\"},\"description\":\"News e aggiornamenti sui film, serie tv, teatro e festival italiani ed internazionali.\",\"url\":\"https:\\\/\\\/www.castingnews.eu\\\/magazine\\\/author\\\/redazione\\\/\"}]}<\/script>\r\n<!-- \/ Yoast SEO plugin. -->","yoast_head_json":{"title":"\"L'Italia chiam\u00f2\", casting figurazioni per la miniserie Rai prodotta da Pepito Produzioni - Casting News Magazine","description":"Per una nuova miniserie intitolata \"L'Italia chiam\u00f2\", prodotta da Pepito Produzioni per Rai Fiction, si cercano figurazioni di diverse et\u00e0.","robots":{"index":"index","follow":"follow","max-snippet":"max-snippet:-1","max-image-preview":"max-image-preview:large","max-video-preview":"max-video-preview:-1"},"canonical":"https:\/\/www.castingnews.eu\/magazine\/2023\/05\/25\/litalia-chiamo-casting-figurazioni-per-la-miniserie-rai-prodotta-da-pepito-produzioni\/","og_locale":"it_IT","og_type":"article","og_title":"\"L'Italia chiam\u00f2\", casting figurazioni per la miniserie Rai prodotta da Pepito Produzioni - Casting News Magazine","og_description":"Per una nuova miniserie intitolata \"L'Italia chiam\u00f2\", prodotta da Pepito Produzioni per Rai Fiction, si cercano figurazioni di diverse et\u00e0.","og_url":"https:\/\/www.castingnews.eu\/magazine\/2023\/05\/25\/litalia-chiamo-casting-figurazioni-per-la-miniserie-rai-prodotta-da-pepito-produzioni\/","og_site_name":"Casting News Magazine","article_published_time":"2023-05-25T15:07:40+00:00","article_modified_time":"2023-05-25T15:07:42+00:00","og_image":[{"width":1080,"height":566,"url":"https:\/\/www.castingnews.eu\/magazine\/wp-content\/uploads\/2023\/05\/LItalia-chiamo-serie-rai.jpg","type":"image\/jpeg"}],"author":"Redazione","twitter_card":"summary_large_image","twitter_misc":{"Scritto da":"Redazione","Tempo di lettura stimato":"2 minuti"},"schema":{"@context":"https:\/\/schema.org","@graph":[{"@type":"Article","@id":"https:\/\/www.castingnews.eu\/magazine\/2023\/05\/25\/litalia-chiamo-casting-figurazioni-per-la-miniserie-rai-prodotta-da-pepito-produzioni\/#article","isPartOf":{"@id":"https:\/\/www.castingnews.eu\/magazine\/2023\/05\/25\/litalia-chiamo-casting-figurazioni-per-la-miniserie-rai-prodotta-da-pepito-produzioni\/"},"author":{"name":"Redazione","@id":"https:\/\/www.castingnews.eu\/magazine\/#\/schema\/person\/099d71c568c9a7e5e4037b1594108f17"},"headline":"&#8220;L&#8217;Italia chiam\u00f2&#8221;, casting figurazioni per la miniserie Rai prodotta da Pepito Produzioni","datePublished":"2023-05-25T15:07:40+00:00","dateModified":"2023-05-25T15:07:42+00:00","mainEntityOfPage":{"@id":"https:\/\/www.castingnews.eu\/magazine\/2023\/05\/25\/litalia-chiamo-casting-figurazioni-per-la-miniserie-rai-prodotta-da-pepito-produzioni\/"},"wordCount":277,"commentCount":0,"image":{"@id":"https:\/\/www.castingnews.eu\/magazine\/2023\/05\/25\/litalia-chiamo-casting-figurazioni-per-la-miniserie-rai-prodotta-da-pepito-produzioni\/#primaryimage"},"thumbnailUrl":"https:\/\/www.castingnews.eu\/magazine\/wp-content\/uploads\/2023\/05\/LItalia-chiamo-serie-rai.jpg","keywords":["casting","casting call","Casting Magazine","Casting News","figurazioni","Genova","L&#039;Italia chiam\u00f2","miniserie","Pepito Produzioni","Provini","Rai","Rai fiction","Roma","Serie tv","Torino"],"articleSection":["Biografico","Fiction TV","Fiction TV","In primo piano","Italia","Piemonte","Primo piano","Progetti TV"],"inLanguage":"it-IT","potentialAction":[{"@type":"CommentAction","name":"Comment","target":["https:\/\/www.castingnews.eu\/magazine\/2023\/05\/25\/litalia-chiamo-casting-figurazioni-per-la-miniserie-rai-prodotta-da-pepito-produzioni\/#respond"]}]},{"@type":"WebPage","@id":"https:\/\/www.castingnews.eu\/magazine\/2023\/05\/25\/litalia-chiamo-casting-figurazioni-per-la-miniserie-rai-prodotta-da-pepito-produzioni\/","url":"https:\/\/www.castingnews.eu\/magazine\/2023\/05\/25\/litalia-chiamo-casting-figurazioni-per-la-miniserie-rai-prodotta-da-pepito-produzioni\/","name":"\"L'Italia chiam\u00f2\", casting figurazioni per la miniserie Rai prodotta da Pepito Produzioni - Casting News Magazine","isPartOf":{"@id":"https:\/\/www.castingnews.eu\/magazine\/#website"},"primaryImageOfPage":{"@id":"https:\/\/www.castingnews.eu\/magazine\/2023\/05\/25\/litalia-chiamo-casting-figurazioni-per-la-miniserie-rai-prodotta-da-pepito-produzioni\/#primaryimage"},"image":{"@id":"https:\/\/www.castingnews.eu\/magazine\/2023\/05\/25\/litalia-chiamo-casting-figurazioni-per-la-miniserie-rai-prodotta-da-pepito-produzioni\/#primaryimage"},"thumbnailUrl":"https:\/\/www.castingnews.eu\/magazine\/wp-content\/uploads\/2023\/05\/LItalia-chiamo-serie-rai.jpg","datePublished":"2023-05-25T15:07:40+00:00","dateModified":"2023-05-25T15:07:42+00:00","author":{"@id":"https:\/\/www.castingnews.eu\/magazine\/#\/schema\/person\/099d71c568c9a7e5e4037b1594108f17"},"description":"Per una nuova miniserie intitolata \"L'Italia chiam\u00f2\", prodotta da Pepito Produzioni per Rai Fiction, si cercano figurazioni di diverse et\u00e0.","breadcrumb":{"@id":"https:\/\/www.castingnews.eu\/magazine\/2023\/05\/25\/litalia-chiamo-casting-figurazioni-per-la-miniserie-rai-prodotta-da-pepito-produzioni\/#breadcrumb"},"inLanguage":"it-IT","potentialAction":[{"@type":"ReadAction","target":["https:\/\/www.castingnews.eu\/magazine\/2023\/05\/25\/litalia-chiamo-casting-figurazioni-per-la-miniserie-rai-prodotta-da-pepito-produzioni\/"]}]},{"@type":"ImageObject","inLanguage":"it-IT","@id":"https:\/\/www.castingnews.eu\/magazine\/2023\/05\/25\/litalia-chiamo-casting-figurazioni-per-la-miniserie-rai-prodotta-da-pepito-produzioni\/#primaryimage","url":"https:\/\/www.castingnews.eu\/magazine\/wp-content\/uploads\/2023\/05\/LItalia-chiamo-serie-rai.jpg","contentUrl":"https:\/\/www.castingnews.eu\/magazine\/wp-content\/uploads\/2023\/05\/LItalia-chiamo-serie-rai.jpg","width":1080,"height":566,"caption":"L'Italia chiam\u00f2 serie Rai"},{"@type":"BreadcrumbList","@id":"https:\/\/www.castingnews.eu\/magazine\/2023\/05\/25\/litalia-chiamo-casting-figurazioni-per-la-miniserie-rai-prodotta-da-pepito-produzioni\/#breadcrumb","itemListElement":[{"@type":"ListItem","position":1,"name":"Home","item":"https:\/\/www.castingnews.eu\/magazine\/"},{"@type":"ListItem","position":2,"name":"&#8220;L&#8217;Italia chiam\u00f2&#8221;, casting figurazioni per la miniserie Rai prodotta da Pepito Produzioni"}]},{"@type":"WebSite","@id":"https:\/\/www.castingnews.eu\/magazine\/#website","url":"https:\/\/www.castingnews.eu\/magazine\/","name":"Casting News Magazine","description":"News e aggiornamenti sui film, serie tv, teatro e festival italiani ed internazionali","potentialAction":[{"@type":"SearchAction","target":{"@type":"EntryPoint","urlTemplate":"https:\/\/www.castingnews.eu\/magazine\/?s={search_term_string}"},"query-input":{"@type":"PropertyValueSpecification","valueRequired":true,"valueName":"search_term_string"}}],"inLanguage":"it-IT"},{"@type":"Person","@id":"https:\/\/www.castingnews.eu\/magazine\/#\/schema\/person\/099d71c568c9a7e5e4037b1594108f17","name":"Redazione","image":{"@type":"ImageObject","inLanguage":"it-IT","@id":"https:\/\/secure.gravatar.com\/avatar\/b73a087aa3bd279fb70d24f1960a91c82cf67619395b60b564c90e9e5d5325fc?s=96&d=mm&r=g","url":"https:\/\/secure.gravatar.com\/avatar\/b73a087aa3bd279fb70d24f1960a91c82cf67619395b60b564c90e9e5d5325fc?s=96&d=mm&r=g","contentUrl":"https:\/\/secure.gravatar.com\/avatar\/b73a087aa3bd279fb70d24f1960a91c82cf67619395b60b564c90e9e5d5325fc?s=96&d=mm&r=g","caption":"Redazione"},"description":"News e aggiornamenti sui film, serie tv, teatro e festival italiani ed internazionali.","url":"https:\/\/www.castingnews.eu\/magazine\/author\/redazione\/"}]}},"_links":{"self":[{"href":"https:\/\/www.castingnews.eu\/magazine\/wp-json\/wp\/v2\/posts\/6024","targetHints":{"allow":["GET"]}}],"collection":[{"href":"https:\/\/www.castingnews.eu\/magazine\/wp-json\/wp\/v2\/posts"}],"about":[{"href":"https:\/\/www.castingnews.eu\/magazine\/wp-json\/wp\/v2\/types\/post"}],"author":[{"embeddable":true,"href":"https:\/\/www.castingnews.eu\/magazine\/wp-json\/wp\/v2\/users\/1"}],"replies":[{"embeddable":true,"href":"https:\/\/www.castingnews.eu\/magazine\/wp-json\/wp\/v2\/comments?post=6024"}],"version-history":[{"count":1,"href":"https:\/\/www.castingnews.eu\/magazine\/wp-json\/wp\/v2\/posts\/6024\/revisions"}],"predecessor-version":[{"id":6026,"href":"https:\/\/www.castingnews.eu\/magazine\/wp-json\/wp\/v2\/posts\/6024\/revisions\/6026"}],"wp:featuredmedia":[{"embeddable":true,"href":"https:\/\/www.castingnews.eu\/magazine\/wp-json\/wp\/v2\/media\/6025"}],"wp:attachment":[{"href":"https:\/\/www.castingnews.eu\/magazine\/wp-json\/wp\/v2\/media?parent=6024"}],"wp:term":[{"taxonomy":"category","embeddable":true,"href":"https:\/\/www.castingnews.eu\/magazine\/wp-json\/wp\/v2\/categories?post=6024"},{"taxonomy":"post_tag","embeddable":true,"href":"https:\/\/www.castingnews.eu\/magazine\/wp-json\/wp\/v2\/tags?post=6024"}],"curies":[{"name":"wp","href":"https:\/\/api.w.org\/{rel}","templated":true}]}}