{"id":5968,"date":"2023-05-11T19:57:13","date_gmt":"2023-05-11T17:57:13","guid":{"rendered":"https:\/\/www.castingnews.eu\/magazine\/?p=5968"},"modified":"2023-05-11T19:57:17","modified_gmt":"2023-05-11T17:57:17","slug":"giorgio-gaber-casting-bambina-per-il-docufilm-diretto-da-riccardo-milani","status":"publish","type":"post","link":"https:\/\/www.castingnews.eu\/magazine\/2023\/05\/11\/giorgio-gaber-casting-bambina-per-il-docufilm-diretto-da-riccardo-milani\/","title":{"rendered":"Giorgio Gaber, casting bambina per il docufilm diretto da Riccardo Milani"},"content":{"rendered":"\n<p>La produzione sta cercando una <strong>bambina <\/strong>dai capelli castano chiaro, di circa 5 anni, per girare una scena nel docufilm sulla vita di <strong><a href=\"https:\/\/www.castingnews.eu\/news\/news.asp?id_news=10259&amp;id_cat=2\">Giorgio Gaber.<\/a><\/strong> Il film \u00e8 promosso dalla <strong>Fondazione Gaber<\/strong> e co-prodotto da <strong>Atomic Production<\/strong> e <strong>RAI Documentari<\/strong>, e scritto e diretto da <strong>Riccardo Milani<\/strong>, grande estimatore dell&#8217;opera e della figura di Giorgio Gaber.<\/p><div class=\"6d3639e8c6ac292cde400fad8ff8a5b9\" data-index=\"1\" style=\"float: none; margin:10px 0 10px 0; text-align:center;\">\n<script async src=\"\/\/pagead2.googlesyndication.com\/pagead\/js\/adsbygoogle.js\"><\/script>\r\n<!-- Casting Bambini NEW -->\r\n<ins class=\"adsbygoogle\"\r\n     style=\"display:inline-block;width:336px;height:280px\"\r\n     data-ad-client=\"ca-pub-5538097485429833\"\r\n     data-ad-slot=\"5127154445\"><\/ins>\r\n<script>\r\n(adsbygoogle = window.adsbygoogle || []).push({});\r\n<\/script>\n<\/div>\n\n\n\n\n<p>Il documentario andr\u00e0 in onda in autunno in prima serata su Rai Documentari. La scena in questione si girer\u00e0 il 26 maggio sulla spiaggia di Viareggio.<br>Il lavoro sar\u00e0 regolarmente retribuito.<br><strong>Tutti i dettagli sono disponibili nell\u2019area riservata di Casting News Professional al seguente link: <a href=\"https:\/\/www.castingnews.eu\/news\/news.asp?id_news=10259&amp;id_cat=2\">Si cerca una bambina di 5 anni per il docufilm su Giorgio Gaber<\/a><\/strong><\/p>\n\n<div style=\"font-size: 0px; height: 0px; line-height: 0px; margin: 0; padding: 0; clear: both;\"><\/div>","protected":false},"excerpt":{"rendered":"<p>La produzione sta cercando una bambina dai capelli castano chiaro, di circa 5 anni, per girare una scena nel docufilm sulla vita di Giorgio Gaber. Il film \u00e8 promosso dalla Fondazione Gaber e co-prodotto da Atomic Production e RAI Documentari, e scritto e diretto da Riccardo Milani, grande estimatore dell&#8217;opera e della figura di Giorgio [&hellip;]<\/p>\n","protected":false},"author":1,"featured_media":5969,"comment_status":"open","ping_status":"open","sticky":false,"template":"","format":"standard","meta":{"tdm_status":"","tdm_grid_status":"","footnotes":""},"categories":[4341,62,1501,1533,71,21,31,3967,42],"tags":[4712,1806,266,1630,3676,2429,272,273,2012,416,534,4710,4708,1118,4711,3552,1364,4709],"class_list":{"0":"post-5968","1":"post","2":"type-post","3":"status-publish","4":"format-standard","5":"has-post-thumbnail","7":"category-documentario-casting-provini","8":"category-documentario","9":"category-ducufilm","10":"category-featured","11":"category-italia-paese","12":"category-in-primo-piano","13":"category-progetti-tv","14":"category-toscana","15":"category-televisione","16":"tag-atomic-production","17":"tag-bambina","18":"tag-casting","19":"tag-casting-bambini","20":"tag-casting-call","21":"tag-casting-in-toscana","22":"tag-casting-magazine","23":"tag-casting-news","24":"tag-casting-toscana","25":"tag-documentario","26":"tag-film","27":"tag-fondazione-gaber","28":"tag-giorgio-gaber","29":"tag-provini","30":"tag-rai-documentari","31":"tag-riccardo-milani","32":"tag-toscana","33":"tag-viareggio"},"yoast_head":"<!-- This site is optimized with the Yoast SEO plugin v27.4 - https:\/\/yoast.com\/product\/yoast-seo-wordpress\/ -->\r\n<title>Giorgio Gaber, casting bambina per il docufilm diretto da Riccardo Milani - Casting News Magazine<\/title>\r\n<meta name=\"description\" content=\"Si cerca una bambina dai capelli castano chiaro, di circa 5 anni, per girare una scena nel docufilm sulla vita di Giorgio Gaber.\" \/>\r\n<meta name=\"robots\" content=\"index, follow, max-snippet:-1, max-image-preview:large, max-video-preview:-1\" \/>\r\n<link rel=\"canonical\" href=\"https:\/\/www.castingnews.eu\/magazine\/2023\/05\/11\/giorgio-gaber-casting-bambina-per-il-docufilm-diretto-da-riccardo-milani\/\" \/>\r\n<meta property=\"og:locale\" content=\"it_IT\" \/>\r\n<meta property=\"og:type\" content=\"article\" \/>\r\n<meta property=\"og:title\" content=\"Giorgio Gaber, casting bambina per il docufilm diretto da Riccardo Milani - Casting News Magazine\" \/>\r\n<meta property=\"og:description\" content=\"Si cerca una bambina dai capelli castano chiaro, di circa 5 anni, per girare una scena nel docufilm sulla vita di Giorgio Gaber.\" \/>\r\n<meta property=\"og:url\" content=\"https:\/\/www.castingnews.eu\/magazine\/2023\/05\/11\/giorgio-gaber-casting-bambina-per-il-docufilm-diretto-da-riccardo-milani\/\" \/>\r\n<meta property=\"og:site_name\" content=\"Casting News Magazine\" \/>\r\n<meta property=\"article:published_time\" content=\"2023-05-11T17:57:13+00:00\" \/>\r\n<meta property=\"article:modified_time\" content=\"2023-05-11T17:57:17+00:00\" \/>\r\n<meta property=\"og:image\" content=\"https:\/\/www.castingnews.eu\/magazine\/wp-content\/uploads\/2023\/05\/Giorgio-Gaber-casting-in-Toscana.jpg\" \/>\r\n\t<meta property=\"og:image:width\" content=\"1080\" \/>\r\n\t<meta property=\"og:image:height\" content=\"566\" \/>\r\n\t<meta property=\"og:image:type\" content=\"image\/jpeg\" \/>\r\n<meta name=\"author\" content=\"Redazione\" \/>\r\n<meta name=\"twitter:card\" content=\"summary_large_image\" \/>\r\n<meta name=\"twitter:label1\" content=\"Scritto da\" \/>\n\t<meta name=\"twitter:data1\" content=\"Redazione\" \/>\n\t<meta name=\"twitter:label2\" content=\"Tempo di lettura stimato\" \/>\n\t<meta name=\"twitter:data2\" content=\"1 minuto\" \/>\r\n<script type=\"application\/ld+json\" class=\"yoast-schema-graph\">{\"@context\":\"https:\\\/\\\/schema.org\",\"@graph\":[{\"@type\":\"Article\",\"@id\":\"https:\\\/\\\/www.castingnews.eu\\\/magazine\\\/2023\\\/05\\\/11\\\/giorgio-gaber-casting-bambina-per-il-docufilm-diretto-da-riccardo-milani\\\/#article\",\"isPartOf\":{\"@id\":\"https:\\\/\\\/www.castingnews.eu\\\/magazine\\\/2023\\\/05\\\/11\\\/giorgio-gaber-casting-bambina-per-il-docufilm-diretto-da-riccardo-milani\\\/\"},\"author\":{\"name\":\"Redazione\",\"@id\":\"https:\\\/\\\/www.castingnews.eu\\\/magazine\\\/#\\\/schema\\\/person\\\/099d71c568c9a7e5e4037b1594108f17\"},\"headline\":\"Giorgio Gaber, casting bambina per il docufilm diretto da Riccardo Milani\",\"datePublished\":\"2023-05-11T17:57:13+00:00\",\"dateModified\":\"2023-05-11T17:57:17+00:00\",\"mainEntityOfPage\":{\"@id\":\"https:\\\/\\\/www.castingnews.eu\\\/magazine\\\/2023\\\/05\\\/11\\\/giorgio-gaber-casting-bambina-per-il-docufilm-diretto-da-riccardo-milani\\\/\"},\"wordCount\":123,\"commentCount\":0,\"image\":{\"@id\":\"https:\\\/\\\/www.castingnews.eu\\\/magazine\\\/2023\\\/05\\\/11\\\/giorgio-gaber-casting-bambina-per-il-docufilm-diretto-da-riccardo-milani\\\/#primaryimage\"},\"thumbnailUrl\":\"https:\\\/\\\/www.castingnews.eu\\\/magazine\\\/wp-content\\\/uploads\\\/2023\\\/05\\\/Giorgio-Gaber-casting-in-Toscana.jpg\",\"keywords\":[\"Atomic Production\",\"bambina\",\"casting\",\"casting bambini\",\"casting call\",\"Casting in Toscana\",\"Casting Magazine\",\"Casting News\",\"Casting Toscana\",\"Documentario\",\"Film\",\"Fondazione Gaber\",\"Giorgio Gaber\",\"Provini\",\"RAI Documentari\",\"Riccardo Milani\",\"Toscana\",\"Viareggio\"],\"articleSection\":[\"Documentario\",\"Documentario\",\"Ducufilm\",\"In primo piano\",\"Italia\",\"Primo piano\",\"Progetti TV\",\"Toscana\",\"TV\"],\"inLanguage\":\"it-IT\",\"potentialAction\":[{\"@type\":\"CommentAction\",\"name\":\"Comment\",\"target\":[\"https:\\\/\\\/www.castingnews.eu\\\/magazine\\\/2023\\\/05\\\/11\\\/giorgio-gaber-casting-bambina-per-il-docufilm-diretto-da-riccardo-milani\\\/#respond\"]}]},{\"@type\":\"WebPage\",\"@id\":\"https:\\\/\\\/www.castingnews.eu\\\/magazine\\\/2023\\\/05\\\/11\\\/giorgio-gaber-casting-bambina-per-il-docufilm-diretto-da-riccardo-milani\\\/\",\"url\":\"https:\\\/\\\/www.castingnews.eu\\\/magazine\\\/2023\\\/05\\\/11\\\/giorgio-gaber-casting-bambina-per-il-docufilm-diretto-da-riccardo-milani\\\/\",\"name\":\"Giorgio Gaber, casting bambina per il docufilm diretto da Riccardo Milani - Casting News Magazine\",\"isPartOf\":{\"@id\":\"https:\\\/\\\/www.castingnews.eu\\\/magazine\\\/#website\"},\"primaryImageOfPage\":{\"@id\":\"https:\\\/\\\/www.castingnews.eu\\\/magazine\\\/2023\\\/05\\\/11\\\/giorgio-gaber-casting-bambina-per-il-docufilm-diretto-da-riccardo-milani\\\/#primaryimage\"},\"image\":{\"@id\":\"https:\\\/\\\/www.castingnews.eu\\\/magazine\\\/2023\\\/05\\\/11\\\/giorgio-gaber-casting-bambina-per-il-docufilm-diretto-da-riccardo-milani\\\/#primaryimage\"},\"thumbnailUrl\":\"https:\\\/\\\/www.castingnews.eu\\\/magazine\\\/wp-content\\\/uploads\\\/2023\\\/05\\\/Giorgio-Gaber-casting-in-Toscana.jpg\",\"datePublished\":\"2023-05-11T17:57:13+00:00\",\"dateModified\":\"2023-05-11T17:57:17+00:00\",\"author\":{\"@id\":\"https:\\\/\\\/www.castingnews.eu\\\/magazine\\\/#\\\/schema\\\/person\\\/099d71c568c9a7e5e4037b1594108f17\"},\"description\":\"Si cerca una bambina dai capelli castano chiaro, di circa 5 anni, per girare una scena nel docufilm sulla vita di Giorgio Gaber.\",\"breadcrumb\":{\"@id\":\"https:\\\/\\\/www.castingnews.eu\\\/magazine\\\/2023\\\/05\\\/11\\\/giorgio-gaber-casting-bambina-per-il-docufilm-diretto-da-riccardo-milani\\\/#breadcrumb\"},\"inLanguage\":\"it-IT\",\"potentialAction\":[{\"@type\":\"ReadAction\",\"target\":[\"https:\\\/\\\/www.castingnews.eu\\\/magazine\\\/2023\\\/05\\\/11\\\/giorgio-gaber-casting-bambina-per-il-docufilm-diretto-da-riccardo-milani\\\/\"]}]},{\"@type\":\"ImageObject\",\"inLanguage\":\"it-IT\",\"@id\":\"https:\\\/\\\/www.castingnews.eu\\\/magazine\\\/2023\\\/05\\\/11\\\/giorgio-gaber-casting-bambina-per-il-docufilm-diretto-da-riccardo-milani\\\/#primaryimage\",\"url\":\"https:\\\/\\\/www.castingnews.eu\\\/magazine\\\/wp-content\\\/uploads\\\/2023\\\/05\\\/Giorgio-Gaber-casting-in-Toscana.jpg\",\"contentUrl\":\"https:\\\/\\\/www.castingnews.eu\\\/magazine\\\/wp-content\\\/uploads\\\/2023\\\/05\\\/Giorgio-Gaber-casting-in-Toscana.jpg\",\"width\":1080,\"height\":566,\"caption\":\"Giorgio Gaber - Casting Magazine\"},{\"@type\":\"BreadcrumbList\",\"@id\":\"https:\\\/\\\/www.castingnews.eu\\\/magazine\\\/2023\\\/05\\\/11\\\/giorgio-gaber-casting-bambina-per-il-docufilm-diretto-da-riccardo-milani\\\/#breadcrumb\",\"itemListElement\":[{\"@type\":\"ListItem\",\"position\":1,\"name\":\"Home\",\"item\":\"https:\\\/\\\/www.castingnews.eu\\\/magazine\\\/\"},{\"@type\":\"ListItem\",\"position\":2,\"name\":\"Giorgio Gaber, casting bambina per il docufilm diretto da Riccardo Milani\"}]},{\"@type\":\"WebSite\",\"@id\":\"https:\\\/\\\/www.castingnews.eu\\\/magazine\\\/#website\",\"url\":\"https:\\\/\\\/www.castingnews.eu\\\/magazine\\\/\",\"name\":\"Casting News Magazine\",\"description\":\"News e aggiornamenti sui film, serie tv, teatro e festival italiani ed internazionali\",\"potentialAction\":[{\"@type\":\"SearchAction\",\"target\":{\"@type\":\"EntryPoint\",\"urlTemplate\":\"https:\\\/\\\/www.castingnews.eu\\\/magazine\\\/?s={search_term_string}\"},\"query-input\":{\"@type\":\"PropertyValueSpecification\",\"valueRequired\":true,\"valueName\":\"search_term_string\"}}],\"inLanguage\":\"it-IT\"},{\"@type\":\"Person\",\"@id\":\"https:\\\/\\\/www.castingnews.eu\\\/magazine\\\/#\\\/schema\\\/person\\\/099d71c568c9a7e5e4037b1594108f17\",\"name\":\"Redazione\",\"image\":{\"@type\":\"ImageObject\",\"inLanguage\":\"it-IT\",\"@id\":\"https:\\\/\\\/secure.gravatar.com\\\/avatar\\\/b73a087aa3bd279fb70d24f1960a91c82cf67619395b60b564c90e9e5d5325fc?s=96&d=mm&r=g\",\"url\":\"https:\\\/\\\/secure.gravatar.com\\\/avatar\\\/b73a087aa3bd279fb70d24f1960a91c82cf67619395b60b564c90e9e5d5325fc?s=96&d=mm&r=g\",\"contentUrl\":\"https:\\\/\\\/secure.gravatar.com\\\/avatar\\\/b73a087aa3bd279fb70d24f1960a91c82cf67619395b60b564c90e9e5d5325fc?s=96&d=mm&r=g\",\"caption\":\"Redazione\"},\"description\":\"News e aggiornamenti sui film, serie tv, teatro e festival italiani ed internazionali.\",\"url\":\"https:\\\/\\\/www.castingnews.eu\\\/magazine\\\/author\\\/redazione\\\/\"}]}<\/script>\r\n<!-- \/ Yoast SEO plugin. -->","yoast_head_json":{"title":"Giorgio Gaber, casting bambina per il docufilm diretto da Riccardo Milani - Casting News Magazine","description":"Si cerca una bambina dai capelli castano chiaro, di circa 5 anni, per girare una scena nel docufilm sulla vita di Giorgio Gaber.","robots":{"index":"index","follow":"follow","max-snippet":"max-snippet:-1","max-image-preview":"max-image-preview:large","max-video-preview":"max-video-preview:-1"},"canonical":"https:\/\/www.castingnews.eu\/magazine\/2023\/05\/11\/giorgio-gaber-casting-bambina-per-il-docufilm-diretto-da-riccardo-milani\/","og_locale":"it_IT","og_type":"article","og_title":"Giorgio Gaber, casting bambina per il docufilm diretto da Riccardo Milani - Casting News Magazine","og_description":"Si cerca una bambina dai capelli castano chiaro, di circa 5 anni, per girare una scena nel docufilm sulla vita di Giorgio Gaber.","og_url":"https:\/\/www.castingnews.eu\/magazine\/2023\/05\/11\/giorgio-gaber-casting-bambina-per-il-docufilm-diretto-da-riccardo-milani\/","og_site_name":"Casting News Magazine","article_published_time":"2023-05-11T17:57:13+00:00","article_modified_time":"2023-05-11T17:57:17+00:00","og_image":[{"width":1080,"height":566,"url":"https:\/\/www.castingnews.eu\/magazine\/wp-content\/uploads\/2023\/05\/Giorgio-Gaber-casting-in-Toscana.jpg","type":"image\/jpeg"}],"author":"Redazione","twitter_card":"summary_large_image","twitter_misc":{"Scritto da":"Redazione","Tempo di lettura stimato":"1 minuto"},"schema":{"@context":"https:\/\/schema.org","@graph":[{"@type":"Article","@id":"https:\/\/www.castingnews.eu\/magazine\/2023\/05\/11\/giorgio-gaber-casting-bambina-per-il-docufilm-diretto-da-riccardo-milani\/#article","isPartOf":{"@id":"https:\/\/www.castingnews.eu\/magazine\/2023\/05\/11\/giorgio-gaber-casting-bambina-per-il-docufilm-diretto-da-riccardo-milani\/"},"author":{"name":"Redazione","@id":"https:\/\/www.castingnews.eu\/magazine\/#\/schema\/person\/099d71c568c9a7e5e4037b1594108f17"},"headline":"Giorgio Gaber, casting bambina per il docufilm diretto da Riccardo Milani","datePublished":"2023-05-11T17:57:13+00:00","dateModified":"2023-05-11T17:57:17+00:00","mainEntityOfPage":{"@id":"https:\/\/www.castingnews.eu\/magazine\/2023\/05\/11\/giorgio-gaber-casting-bambina-per-il-docufilm-diretto-da-riccardo-milani\/"},"wordCount":123,"commentCount":0,"image":{"@id":"https:\/\/www.castingnews.eu\/magazine\/2023\/05\/11\/giorgio-gaber-casting-bambina-per-il-docufilm-diretto-da-riccardo-milani\/#primaryimage"},"thumbnailUrl":"https:\/\/www.castingnews.eu\/magazine\/wp-content\/uploads\/2023\/05\/Giorgio-Gaber-casting-in-Toscana.jpg","keywords":["Atomic Production","bambina","casting","casting bambini","casting call","Casting in Toscana","Casting Magazine","Casting News","Casting Toscana","Documentario","Film","Fondazione Gaber","Giorgio Gaber","Provini","RAI Documentari","Riccardo Milani","Toscana","Viareggio"],"articleSection":["Documentario","Documentario","Ducufilm","In primo piano","Italia","Primo piano","Progetti TV","Toscana","TV"],"inLanguage":"it-IT","potentialAction":[{"@type":"CommentAction","name":"Comment","target":["https:\/\/www.castingnews.eu\/magazine\/2023\/05\/11\/giorgio-gaber-casting-bambina-per-il-docufilm-diretto-da-riccardo-milani\/#respond"]}]},{"@type":"WebPage","@id":"https:\/\/www.castingnews.eu\/magazine\/2023\/05\/11\/giorgio-gaber-casting-bambina-per-il-docufilm-diretto-da-riccardo-milani\/","url":"https:\/\/www.castingnews.eu\/magazine\/2023\/05\/11\/giorgio-gaber-casting-bambina-per-il-docufilm-diretto-da-riccardo-milani\/","name":"Giorgio Gaber, casting bambina per il docufilm diretto da Riccardo Milani - Casting News Magazine","isPartOf":{"@id":"https:\/\/www.castingnews.eu\/magazine\/#website"},"primaryImageOfPage":{"@id":"https:\/\/www.castingnews.eu\/magazine\/2023\/05\/11\/giorgio-gaber-casting-bambina-per-il-docufilm-diretto-da-riccardo-milani\/#primaryimage"},"image":{"@id":"https:\/\/www.castingnews.eu\/magazine\/2023\/05\/11\/giorgio-gaber-casting-bambina-per-il-docufilm-diretto-da-riccardo-milani\/#primaryimage"},"thumbnailUrl":"https:\/\/www.castingnews.eu\/magazine\/wp-content\/uploads\/2023\/05\/Giorgio-Gaber-casting-in-Toscana.jpg","datePublished":"2023-05-11T17:57:13+00:00","dateModified":"2023-05-11T17:57:17+00:00","author":{"@id":"https:\/\/www.castingnews.eu\/magazine\/#\/schema\/person\/099d71c568c9a7e5e4037b1594108f17"},"description":"Si cerca una bambina dai capelli castano chiaro, di circa 5 anni, per girare una scena nel docufilm sulla vita di Giorgio Gaber.","breadcrumb":{"@id":"https:\/\/www.castingnews.eu\/magazine\/2023\/05\/11\/giorgio-gaber-casting-bambina-per-il-docufilm-diretto-da-riccardo-milani\/#breadcrumb"},"inLanguage":"it-IT","potentialAction":[{"@type":"ReadAction","target":["https:\/\/www.castingnews.eu\/magazine\/2023\/05\/11\/giorgio-gaber-casting-bambina-per-il-docufilm-diretto-da-riccardo-milani\/"]}]},{"@type":"ImageObject","inLanguage":"it-IT","@id":"https:\/\/www.castingnews.eu\/magazine\/2023\/05\/11\/giorgio-gaber-casting-bambina-per-il-docufilm-diretto-da-riccardo-milani\/#primaryimage","url":"https:\/\/www.castingnews.eu\/magazine\/wp-content\/uploads\/2023\/05\/Giorgio-Gaber-casting-in-Toscana.jpg","contentUrl":"https:\/\/www.castingnews.eu\/magazine\/wp-content\/uploads\/2023\/05\/Giorgio-Gaber-casting-in-Toscana.jpg","width":1080,"height":566,"caption":"Giorgio Gaber - Casting Magazine"},{"@type":"BreadcrumbList","@id":"https:\/\/www.castingnews.eu\/magazine\/2023\/05\/11\/giorgio-gaber-casting-bambina-per-il-docufilm-diretto-da-riccardo-milani\/#breadcrumb","itemListElement":[{"@type":"ListItem","position":1,"name":"Home","item":"https:\/\/www.castingnews.eu\/magazine\/"},{"@type":"ListItem","position":2,"name":"Giorgio Gaber, casting bambina per il docufilm diretto da Riccardo Milani"}]},{"@type":"WebSite","@id":"https:\/\/www.castingnews.eu\/magazine\/#website","url":"https:\/\/www.castingnews.eu\/magazine\/","name":"Casting News Magazine","description":"News e aggiornamenti sui film, serie tv, teatro e festival italiani ed internazionali","potentialAction":[{"@type":"SearchAction","target":{"@type":"EntryPoint","urlTemplate":"https:\/\/www.castingnews.eu\/magazine\/?s={search_term_string}"},"query-input":{"@type":"PropertyValueSpecification","valueRequired":true,"valueName":"search_term_string"}}],"inLanguage":"it-IT"},{"@type":"Person","@id":"https:\/\/www.castingnews.eu\/magazine\/#\/schema\/person\/099d71c568c9a7e5e4037b1594108f17","name":"Redazione","image":{"@type":"ImageObject","inLanguage":"it-IT","@id":"https:\/\/secure.gravatar.com\/avatar\/b73a087aa3bd279fb70d24f1960a91c82cf67619395b60b564c90e9e5d5325fc?s=96&d=mm&r=g","url":"https:\/\/secure.gravatar.com\/avatar\/b73a087aa3bd279fb70d24f1960a91c82cf67619395b60b564c90e9e5d5325fc?s=96&d=mm&r=g","contentUrl":"https:\/\/secure.gravatar.com\/avatar\/b73a087aa3bd279fb70d24f1960a91c82cf67619395b60b564c90e9e5d5325fc?s=96&d=mm&r=g","caption":"Redazione"},"description":"News e aggiornamenti sui film, serie tv, teatro e festival italiani ed internazionali.","url":"https:\/\/www.castingnews.eu\/magazine\/author\/redazione\/"}]}},"_links":{"self":[{"href":"https:\/\/www.castingnews.eu\/magazine\/wp-json\/wp\/v2\/posts\/5968","targetHints":{"allow":["GET"]}}],"collection":[{"href":"https:\/\/www.castingnews.eu\/magazine\/wp-json\/wp\/v2\/posts"}],"about":[{"href":"https:\/\/www.castingnews.eu\/magazine\/wp-json\/wp\/v2\/types\/post"}],"author":[{"embeddable":true,"href":"https:\/\/www.castingnews.eu\/magazine\/wp-json\/wp\/v2\/users\/1"}],"replies":[{"embeddable":true,"href":"https:\/\/www.castingnews.eu\/magazine\/wp-json\/wp\/v2\/comments?post=5968"}],"version-history":[{"count":1,"href":"https:\/\/www.castingnews.eu\/magazine\/wp-json\/wp\/v2\/posts\/5968\/revisions"}],"predecessor-version":[{"id":5970,"href":"https:\/\/www.castingnews.eu\/magazine\/wp-json\/wp\/v2\/posts\/5968\/revisions\/5970"}],"wp:featuredmedia":[{"embeddable":true,"href":"https:\/\/www.castingnews.eu\/magazine\/wp-json\/wp\/v2\/media\/5969"}],"wp:attachment":[{"href":"https:\/\/www.castingnews.eu\/magazine\/wp-json\/wp\/v2\/media?parent=5968"}],"wp:term":[{"taxonomy":"category","embeddable":true,"href":"https:\/\/www.castingnews.eu\/magazine\/wp-json\/wp\/v2\/categories?post=5968"},{"taxonomy":"post_tag","embeddable":true,"href":"https:\/\/www.castingnews.eu\/magazine\/wp-json\/wp\/v2\/tags?post=5968"}],"curies":[{"name":"wp","href":"https:\/\/api.w.org\/{rel}","templated":true}]}}