{"id":5878,"date":"2023-05-02T21:05:40","date_gmt":"2023-05-02T19:05:40","guid":{"rendered":"https:\/\/www.castingnews.eu\/magazine\/?p=5878"},"modified":"2023-05-02T21:06:49","modified_gmt":"2023-05-02T19:06:49","slug":"casting-call-si-cercano-interpreti-per-il-lungometraggio-i-racconti-del-mare","status":"publish","type":"post","link":"https:\/\/www.castingnews.eu\/magazine\/2023\/05\/02\/casting-call-si-cercano-interpreti-per-il-lungometraggio-i-racconti-del-mare\/","title":{"rendered":"Casting call, si cercano interpreti per il lungometraggio &#8220;I racconti del mare&#8221;"},"content":{"rendered":"\n<p>Casting aperti per il <strong>lungometraggio <a href=\"https:\/\/www.castingnews.eu\/news\/news.asp?id_news=10234&amp;id_cat=2\">&#8220;I racconti del mare&#8221;<\/a><\/strong>, il primo <strong>film <\/strong>del giovane regista Luca Severi, prodotto dalla Luca Severi Production Group, con il supporto logistico di Apulia Film Commission. La pellicola, una commedia ambientata in Puglia, sar\u00e0 girata tra maggio e giugno 2023 e vedr\u00e0 come protagonisti due ragazzi in un&#8217;avventura all&#8217;insegna dell&#8217;amicizia e della sopravvivenza.<\/p><div class=\"6d3639e8c6ac292cde400fad8ff8a5b9\" data-index=\"1\" style=\"float: none; margin:10px 0 10px 0; text-align:center;\">\n<script async src=\"\/\/pagead2.googlesyndication.com\/pagead\/js\/adsbygoogle.js\"><\/script>\r\n<!-- Casting Bambini NEW -->\r\n<ins class=\"adsbygoogle\"\r\n     style=\"display:inline-block;width:336px;height:280px\"\r\n     data-ad-client=\"ca-pub-5538097485429833\"\r\n     data-ad-slot=\"5127154445\"><\/ins>\r\n<script>\r\n(adsbygoogle = window.adsbygoogle || []).push({});\r\n<\/script>\n<\/div>\n\n\n\n\n<p>La trama del film si svilupper\u00e0 tra tradizioni, sentimenti ed esperienze di immigrazione, e avr\u00e0 come sfondo il meraviglioso mare cristallino della Puglia. Per portare a termine questo progetto ambizioso, la produzione sta attualmente selezionando i membri del cast.<br>I ruoli disponibili sono vari e adatti a diverse fasce d&#8217;et\u00e0 e background culturali. Si cercano, infatti, attori e attrici per il ruolo di Dottore, tra i 50 e i 70 anni, residenti in Puglia, anche senza alcuna esperienza di recitazione. Inoltre, si cerca un gruppo di ragazze di etnie diverse, ma residenti nella regione, che siano in grado di nuotare per interpretare il ruolo di Sirene. Infine, sono richieste comparse, uomini e donne tra i 30 e i 70 anni, residenti in Puglia, anche senza esperienza di recitazione.<\/p>\n\n\n\n<p>Non ci sono requisiti fisici specifici richiesti, ma ogni candidato dovr\u00e0 inviare un video spontaneo che presenti se stesso e il proprio talento. Il casting online \u00e8 gi\u00e0 aperto, e i video dovranno essere inviati entro il 7 maggio 2023. Tutte le persone selezionate per interpretare questi ruoli saranno regolarmente retribuite.<br>Questa \u00e8 un&#8217;opportunit\u00e0 per gli aspiranti attori e attrici della Puglia di mostrare il proprio talento e di diventare parte del cast di un film di prossima uscita. Non perdete questa occasione.<br><strong>Tutti i dettagli sono disponibili nell\u2019area riservata di Casting News Professional al seguente link: <a href=\"https:\/\/www.castingnews.eu\/news\/news.asp?id_news=10234&amp;id_cat=2\">\u201cI racconti del mare\u201d, casting ruoli e figurazioni per il film che si girer\u00e0 in Puglia<\/a><\/strong><\/p>\n\n<div style=\"font-size: 0px; height: 0px; line-height: 0px; margin: 0; padding: 0; clear: both;\"><\/div>","protected":false},"excerpt":{"rendered":"<p>Casting aperti per il lungometraggio &#8220;I racconti del mare&#8221;, il primo film del giovane regista Luca Severi, prodotto dalla Luca Severi Production Group, con il supporto logistico di Apulia Film Commission. La pellicola, una commedia ambientata in Puglia, sar\u00e0 girata tra maggio e giugno 2023 e vedr\u00e0 come protagonisti due ragazzi in un&#8217;avventura all&#8217;insegna dell&#8217;amicizia [&hellip;]<\/p>\n","protected":false},"author":1,"featured_media":5879,"comment_status":"open","ping_status":"open","sticky":false,"template":"","format":"standard","meta":{"tdm_status":"","tdm_grid_status":"","footnotes":""},"categories":[3,4,61,1533,71,21,30,3964],"tags":[157,266,3676,272,273,302,336,534,4660,4661,835,1113,1118,1122],"class_list":{"0":"post-5878","1":"post","2":"type-post","3":"status-publish","4":"format-standard","5":"has-post-thumbnail","7":"category-casting-cinematografici","8":"category-cinema-casting","9":"category-commedia","10":"category-featured","11":"category-italia-paese","12":"category-in-primo-piano","13":"category-progetti-cinematografici","14":"category-puglia","15":"tag-apulia-film-commission","16":"tag-casting","17":"tag-casting-call","18":"tag-casting-magazine","19":"tag-casting-news","20":"tag-cinema","21":"tag-commedia","22":"tag-film","23":"tag-i-racconti-del-mare","24":"tag-luca-severi","25":"tag-lungometraggio","26":"tag-progetto-cinematografico","27":"tag-provini","28":"tag-puglia"},"yoast_head":"<!-- This site is optimized with the Yoast SEO plugin v27.4 - https:\/\/yoast.com\/product\/yoast-seo-wordpress\/ -->\r\n<title>Casting call, si cercano interpreti per il lungometraggio &quot;I racconti del mare&quot; - Casting News Magazine<\/title>\r\n<meta name=\"description\" content=\"La pellicola, una commedia ambientata in Puglia, sar\u00e0 girata tra maggio e giugno 2023 e vedr\u00e0 come protagonisti due ragazzi in un&#039;avventura all&#039;insegna dell&#039;amicizia e della sopravvivenza.\" \/>\r\n<meta name=\"robots\" content=\"index, follow, max-snippet:-1, max-image-preview:large, max-video-preview:-1\" \/>\r\n<link rel=\"canonical\" href=\"https:\/\/www.castingnews.eu\/magazine\/2023\/05\/02\/casting-call-si-cercano-interpreti-per-il-lungometraggio-i-racconti-del-mare\/\" \/>\r\n<meta property=\"og:locale\" content=\"it_IT\" \/>\r\n<meta property=\"og:type\" content=\"article\" \/>\r\n<meta property=\"og:title\" content=\"Casting call, si cercano interpreti per il lungometraggio &quot;I racconti del mare&quot; - Casting News Magazine\" \/>\r\n<meta property=\"og:description\" content=\"La pellicola, una commedia ambientata in Puglia, sar\u00e0 girata tra maggio e giugno 2023 e vedr\u00e0 come protagonisti due ragazzi in un&#039;avventura all&#039;insegna dell&#039;amicizia e della sopravvivenza.\" \/>\r\n<meta property=\"og:url\" content=\"https:\/\/www.castingnews.eu\/magazine\/2023\/05\/02\/casting-call-si-cercano-interpreti-per-il-lungometraggio-i-racconti-del-mare\/\" \/>\r\n<meta property=\"og:site_name\" content=\"Casting News Magazine\" \/>\r\n<meta property=\"article:published_time\" content=\"2023-05-02T19:05:40+00:00\" \/>\r\n<meta property=\"article:modified_time\" content=\"2023-05-02T19:06:49+00:00\" \/>\r\n<meta property=\"og:image\" content=\"https:\/\/www.castingnews.eu\/magazine\/wp-content\/uploads\/2023\/05\/I-racconti-del-mare-casting.jpg\" \/>\r\n\t<meta property=\"og:image:width\" content=\"1080\" \/>\r\n\t<meta property=\"og:image:height\" content=\"566\" \/>\r\n\t<meta property=\"og:image:type\" content=\"image\/jpeg\" \/>\r\n<meta name=\"author\" content=\"Redazione\" \/>\r\n<meta name=\"twitter:card\" content=\"summary_large_image\" \/>\r\n<meta name=\"twitter:label1\" content=\"Scritto da\" \/>\n\t<meta name=\"twitter:data1\" content=\"Redazione\" \/>\n\t<meta name=\"twitter:label2\" content=\"Tempo di lettura stimato\" \/>\n\t<meta name=\"twitter:data2\" content=\"2 minuti\" \/>\r\n<script type=\"application\/ld+json\" class=\"yoast-schema-graph\">{\"@context\":\"https:\\\/\\\/schema.org\",\"@graph\":[{\"@type\":\"Article\",\"@id\":\"https:\\\/\\\/www.castingnews.eu\\\/magazine\\\/2023\\\/05\\\/02\\\/casting-call-si-cercano-interpreti-per-il-lungometraggio-i-racconti-del-mare\\\/#article\",\"isPartOf\":{\"@id\":\"https:\\\/\\\/www.castingnews.eu\\\/magazine\\\/2023\\\/05\\\/02\\\/casting-call-si-cercano-interpreti-per-il-lungometraggio-i-racconti-del-mare\\\/\"},\"author\":{\"name\":\"Redazione\",\"@id\":\"https:\\\/\\\/www.castingnews.eu\\\/magazine\\\/#\\\/schema\\\/person\\\/099d71c568c9a7e5e4037b1594108f17\"},\"headline\":\"Casting call, si cercano interpreti per il lungometraggio &#8220;I racconti del mare&#8221;\",\"datePublished\":\"2023-05-02T19:05:40+00:00\",\"dateModified\":\"2023-05-02T19:06:49+00:00\",\"mainEntityOfPage\":{\"@id\":\"https:\\\/\\\/www.castingnews.eu\\\/magazine\\\/2023\\\/05\\\/02\\\/casting-call-si-cercano-interpreti-per-il-lungometraggio-i-racconti-del-mare\\\/\"},\"wordCount\":308,\"commentCount\":0,\"image\":{\"@id\":\"https:\\\/\\\/www.castingnews.eu\\\/magazine\\\/2023\\\/05\\\/02\\\/casting-call-si-cercano-interpreti-per-il-lungometraggio-i-racconti-del-mare\\\/#primaryimage\"},\"thumbnailUrl\":\"https:\\\/\\\/www.castingnews.eu\\\/magazine\\\/wp-content\\\/uploads\\\/2023\\\/05\\\/I-racconti-del-mare-casting.jpg\",\"keywords\":[\"Apulia Film Commission\",\"casting\",\"casting call\",\"Casting Magazine\",\"Casting News\",\"Cinema\",\"Commedia\",\"Film\",\"I racconti del mare\",\"Luca Severi\",\"Lungometraggio\",\"progetto cinematografico\",\"Provini\",\"Puglia\"],\"articleSection\":[\"Casting Cinematografici\",\"Cinema\",\"Commedia\",\"In primo piano\",\"Italia\",\"Primo piano\",\"Progetti cinematografici\",\"Puglia\"],\"inLanguage\":\"it-IT\",\"potentialAction\":[{\"@type\":\"CommentAction\",\"name\":\"Comment\",\"target\":[\"https:\\\/\\\/www.castingnews.eu\\\/magazine\\\/2023\\\/05\\\/02\\\/casting-call-si-cercano-interpreti-per-il-lungometraggio-i-racconti-del-mare\\\/#respond\"]}]},{\"@type\":\"WebPage\",\"@id\":\"https:\\\/\\\/www.castingnews.eu\\\/magazine\\\/2023\\\/05\\\/02\\\/casting-call-si-cercano-interpreti-per-il-lungometraggio-i-racconti-del-mare\\\/\",\"url\":\"https:\\\/\\\/www.castingnews.eu\\\/magazine\\\/2023\\\/05\\\/02\\\/casting-call-si-cercano-interpreti-per-il-lungometraggio-i-racconti-del-mare\\\/\",\"name\":\"Casting call, si cercano interpreti per il lungometraggio \\\"I racconti del mare\\\" - Casting News Magazine\",\"isPartOf\":{\"@id\":\"https:\\\/\\\/www.castingnews.eu\\\/magazine\\\/#website\"},\"primaryImageOfPage\":{\"@id\":\"https:\\\/\\\/www.castingnews.eu\\\/magazine\\\/2023\\\/05\\\/02\\\/casting-call-si-cercano-interpreti-per-il-lungometraggio-i-racconti-del-mare\\\/#primaryimage\"},\"image\":{\"@id\":\"https:\\\/\\\/www.castingnews.eu\\\/magazine\\\/2023\\\/05\\\/02\\\/casting-call-si-cercano-interpreti-per-il-lungometraggio-i-racconti-del-mare\\\/#primaryimage\"},\"thumbnailUrl\":\"https:\\\/\\\/www.castingnews.eu\\\/magazine\\\/wp-content\\\/uploads\\\/2023\\\/05\\\/I-racconti-del-mare-casting.jpg\",\"datePublished\":\"2023-05-02T19:05:40+00:00\",\"dateModified\":\"2023-05-02T19:06:49+00:00\",\"author\":{\"@id\":\"https:\\\/\\\/www.castingnews.eu\\\/magazine\\\/#\\\/schema\\\/person\\\/099d71c568c9a7e5e4037b1594108f17\"},\"description\":\"La pellicola, una commedia ambientata in Puglia, sar\u00e0 girata tra maggio e giugno 2023 e vedr\u00e0 come protagonisti due ragazzi in un'avventura all'insegna dell'amicizia e della sopravvivenza.\",\"breadcrumb\":{\"@id\":\"https:\\\/\\\/www.castingnews.eu\\\/magazine\\\/2023\\\/05\\\/02\\\/casting-call-si-cercano-interpreti-per-il-lungometraggio-i-racconti-del-mare\\\/#breadcrumb\"},\"inLanguage\":\"it-IT\",\"potentialAction\":[{\"@type\":\"ReadAction\",\"target\":[\"https:\\\/\\\/www.castingnews.eu\\\/magazine\\\/2023\\\/05\\\/02\\\/casting-call-si-cercano-interpreti-per-il-lungometraggio-i-racconti-del-mare\\\/\"]}]},{\"@type\":\"ImageObject\",\"inLanguage\":\"it-IT\",\"@id\":\"https:\\\/\\\/www.castingnews.eu\\\/magazine\\\/2023\\\/05\\\/02\\\/casting-call-si-cercano-interpreti-per-il-lungometraggio-i-racconti-del-mare\\\/#primaryimage\",\"url\":\"https:\\\/\\\/www.castingnews.eu\\\/magazine\\\/wp-content\\\/uploads\\\/2023\\\/05\\\/I-racconti-del-mare-casting.jpg\",\"contentUrl\":\"https:\\\/\\\/www.castingnews.eu\\\/magazine\\\/wp-content\\\/uploads\\\/2023\\\/05\\\/I-racconti-del-mare-casting.jpg\",\"width\":1080,\"height\":566,\"caption\":\"I racconti del mare casting\"},{\"@type\":\"BreadcrumbList\",\"@id\":\"https:\\\/\\\/www.castingnews.eu\\\/magazine\\\/2023\\\/05\\\/02\\\/casting-call-si-cercano-interpreti-per-il-lungometraggio-i-racconti-del-mare\\\/#breadcrumb\",\"itemListElement\":[{\"@type\":\"ListItem\",\"position\":1,\"name\":\"Home\",\"item\":\"https:\\\/\\\/www.castingnews.eu\\\/magazine\\\/\"},{\"@type\":\"ListItem\",\"position\":2,\"name\":\"Casting call, si cercano interpreti per il lungometraggio &#8220;I racconti del mare&#8221;\"}]},{\"@type\":\"WebSite\",\"@id\":\"https:\\\/\\\/www.castingnews.eu\\\/magazine\\\/#website\",\"url\":\"https:\\\/\\\/www.castingnews.eu\\\/magazine\\\/\",\"name\":\"Casting News Magazine\",\"description\":\"News e aggiornamenti sui film, serie tv, teatro e festival italiani ed internazionali\",\"potentialAction\":[{\"@type\":\"SearchAction\",\"target\":{\"@type\":\"EntryPoint\",\"urlTemplate\":\"https:\\\/\\\/www.castingnews.eu\\\/magazine\\\/?s={search_term_string}\"},\"query-input\":{\"@type\":\"PropertyValueSpecification\",\"valueRequired\":true,\"valueName\":\"search_term_string\"}}],\"inLanguage\":\"it-IT\"},{\"@type\":\"Person\",\"@id\":\"https:\\\/\\\/www.castingnews.eu\\\/magazine\\\/#\\\/schema\\\/person\\\/099d71c568c9a7e5e4037b1594108f17\",\"name\":\"Redazione\",\"image\":{\"@type\":\"ImageObject\",\"inLanguage\":\"it-IT\",\"@id\":\"https:\\\/\\\/secure.gravatar.com\\\/avatar\\\/b73a087aa3bd279fb70d24f1960a91c82cf67619395b60b564c90e9e5d5325fc?s=96&d=mm&r=g\",\"url\":\"https:\\\/\\\/secure.gravatar.com\\\/avatar\\\/b73a087aa3bd279fb70d24f1960a91c82cf67619395b60b564c90e9e5d5325fc?s=96&d=mm&r=g\",\"contentUrl\":\"https:\\\/\\\/secure.gravatar.com\\\/avatar\\\/b73a087aa3bd279fb70d24f1960a91c82cf67619395b60b564c90e9e5d5325fc?s=96&d=mm&r=g\",\"caption\":\"Redazione\"},\"description\":\"News e aggiornamenti sui film, serie tv, teatro e festival italiani ed internazionali.\",\"url\":\"https:\\\/\\\/www.castingnews.eu\\\/magazine\\\/author\\\/redazione\\\/\"}]}<\/script>\r\n<!-- \/ Yoast SEO plugin. -->","yoast_head_json":{"title":"Casting call, si cercano interpreti per il lungometraggio \"I racconti del mare\" - Casting News Magazine","description":"La pellicola, una commedia ambientata in Puglia, sar\u00e0 girata tra maggio e giugno 2023 e vedr\u00e0 come protagonisti due ragazzi in un'avventura all'insegna dell'amicizia e della sopravvivenza.","robots":{"index":"index","follow":"follow","max-snippet":"max-snippet:-1","max-image-preview":"max-image-preview:large","max-video-preview":"max-video-preview:-1"},"canonical":"https:\/\/www.castingnews.eu\/magazine\/2023\/05\/02\/casting-call-si-cercano-interpreti-per-il-lungometraggio-i-racconti-del-mare\/","og_locale":"it_IT","og_type":"article","og_title":"Casting call, si cercano interpreti per il lungometraggio \"I racconti del mare\" - Casting News Magazine","og_description":"La pellicola, una commedia ambientata in Puglia, sar\u00e0 girata tra maggio e giugno 2023 e vedr\u00e0 come protagonisti due ragazzi in un'avventura all'insegna dell'amicizia e della sopravvivenza.","og_url":"https:\/\/www.castingnews.eu\/magazine\/2023\/05\/02\/casting-call-si-cercano-interpreti-per-il-lungometraggio-i-racconti-del-mare\/","og_site_name":"Casting News Magazine","article_published_time":"2023-05-02T19:05:40+00:00","article_modified_time":"2023-05-02T19:06:49+00:00","og_image":[{"width":1080,"height":566,"url":"https:\/\/www.castingnews.eu\/magazine\/wp-content\/uploads\/2023\/05\/I-racconti-del-mare-casting.jpg","type":"image\/jpeg"}],"author":"Redazione","twitter_card":"summary_large_image","twitter_misc":{"Scritto da":"Redazione","Tempo di lettura stimato":"2 minuti"},"schema":{"@context":"https:\/\/schema.org","@graph":[{"@type":"Article","@id":"https:\/\/www.castingnews.eu\/magazine\/2023\/05\/02\/casting-call-si-cercano-interpreti-per-il-lungometraggio-i-racconti-del-mare\/#article","isPartOf":{"@id":"https:\/\/www.castingnews.eu\/magazine\/2023\/05\/02\/casting-call-si-cercano-interpreti-per-il-lungometraggio-i-racconti-del-mare\/"},"author":{"name":"Redazione","@id":"https:\/\/www.castingnews.eu\/magazine\/#\/schema\/person\/099d71c568c9a7e5e4037b1594108f17"},"headline":"Casting call, si cercano interpreti per il lungometraggio &#8220;I racconti del mare&#8221;","datePublished":"2023-05-02T19:05:40+00:00","dateModified":"2023-05-02T19:06:49+00:00","mainEntityOfPage":{"@id":"https:\/\/www.castingnews.eu\/magazine\/2023\/05\/02\/casting-call-si-cercano-interpreti-per-il-lungometraggio-i-racconti-del-mare\/"},"wordCount":308,"commentCount":0,"image":{"@id":"https:\/\/www.castingnews.eu\/magazine\/2023\/05\/02\/casting-call-si-cercano-interpreti-per-il-lungometraggio-i-racconti-del-mare\/#primaryimage"},"thumbnailUrl":"https:\/\/www.castingnews.eu\/magazine\/wp-content\/uploads\/2023\/05\/I-racconti-del-mare-casting.jpg","keywords":["Apulia Film Commission","casting","casting call","Casting Magazine","Casting News","Cinema","Commedia","Film","I racconti del mare","Luca Severi","Lungometraggio","progetto cinematografico","Provini","Puglia"],"articleSection":["Casting Cinematografici","Cinema","Commedia","In primo piano","Italia","Primo piano","Progetti cinematografici","Puglia"],"inLanguage":"it-IT","potentialAction":[{"@type":"CommentAction","name":"Comment","target":["https:\/\/www.castingnews.eu\/magazine\/2023\/05\/02\/casting-call-si-cercano-interpreti-per-il-lungometraggio-i-racconti-del-mare\/#respond"]}]},{"@type":"WebPage","@id":"https:\/\/www.castingnews.eu\/magazine\/2023\/05\/02\/casting-call-si-cercano-interpreti-per-il-lungometraggio-i-racconti-del-mare\/","url":"https:\/\/www.castingnews.eu\/magazine\/2023\/05\/02\/casting-call-si-cercano-interpreti-per-il-lungometraggio-i-racconti-del-mare\/","name":"Casting call, si cercano interpreti per il lungometraggio \"I racconti del mare\" - Casting News Magazine","isPartOf":{"@id":"https:\/\/www.castingnews.eu\/magazine\/#website"},"primaryImageOfPage":{"@id":"https:\/\/www.castingnews.eu\/magazine\/2023\/05\/02\/casting-call-si-cercano-interpreti-per-il-lungometraggio-i-racconti-del-mare\/#primaryimage"},"image":{"@id":"https:\/\/www.castingnews.eu\/magazine\/2023\/05\/02\/casting-call-si-cercano-interpreti-per-il-lungometraggio-i-racconti-del-mare\/#primaryimage"},"thumbnailUrl":"https:\/\/www.castingnews.eu\/magazine\/wp-content\/uploads\/2023\/05\/I-racconti-del-mare-casting.jpg","datePublished":"2023-05-02T19:05:40+00:00","dateModified":"2023-05-02T19:06:49+00:00","author":{"@id":"https:\/\/www.castingnews.eu\/magazine\/#\/schema\/person\/099d71c568c9a7e5e4037b1594108f17"},"description":"La pellicola, una commedia ambientata in Puglia, sar\u00e0 girata tra maggio e giugno 2023 e vedr\u00e0 come protagonisti due ragazzi in un'avventura all'insegna dell'amicizia e della sopravvivenza.","breadcrumb":{"@id":"https:\/\/www.castingnews.eu\/magazine\/2023\/05\/02\/casting-call-si-cercano-interpreti-per-il-lungometraggio-i-racconti-del-mare\/#breadcrumb"},"inLanguage":"it-IT","potentialAction":[{"@type":"ReadAction","target":["https:\/\/www.castingnews.eu\/magazine\/2023\/05\/02\/casting-call-si-cercano-interpreti-per-il-lungometraggio-i-racconti-del-mare\/"]}]},{"@type":"ImageObject","inLanguage":"it-IT","@id":"https:\/\/www.castingnews.eu\/magazine\/2023\/05\/02\/casting-call-si-cercano-interpreti-per-il-lungometraggio-i-racconti-del-mare\/#primaryimage","url":"https:\/\/www.castingnews.eu\/magazine\/wp-content\/uploads\/2023\/05\/I-racconti-del-mare-casting.jpg","contentUrl":"https:\/\/www.castingnews.eu\/magazine\/wp-content\/uploads\/2023\/05\/I-racconti-del-mare-casting.jpg","width":1080,"height":566,"caption":"I racconti del mare casting"},{"@type":"BreadcrumbList","@id":"https:\/\/www.castingnews.eu\/magazine\/2023\/05\/02\/casting-call-si-cercano-interpreti-per-il-lungometraggio-i-racconti-del-mare\/#breadcrumb","itemListElement":[{"@type":"ListItem","position":1,"name":"Home","item":"https:\/\/www.castingnews.eu\/magazine\/"},{"@type":"ListItem","position":2,"name":"Casting call, si cercano interpreti per il lungometraggio &#8220;I racconti del mare&#8221;"}]},{"@type":"WebSite","@id":"https:\/\/www.castingnews.eu\/magazine\/#website","url":"https:\/\/www.castingnews.eu\/magazine\/","name":"Casting News Magazine","description":"News e aggiornamenti sui film, serie tv, teatro e festival italiani ed internazionali","potentialAction":[{"@type":"SearchAction","target":{"@type":"EntryPoint","urlTemplate":"https:\/\/www.castingnews.eu\/magazine\/?s={search_term_string}"},"query-input":{"@type":"PropertyValueSpecification","valueRequired":true,"valueName":"search_term_string"}}],"inLanguage":"it-IT"},{"@type":"Person","@id":"https:\/\/www.castingnews.eu\/magazine\/#\/schema\/person\/099d71c568c9a7e5e4037b1594108f17","name":"Redazione","image":{"@type":"ImageObject","inLanguage":"it-IT","@id":"https:\/\/secure.gravatar.com\/avatar\/b73a087aa3bd279fb70d24f1960a91c82cf67619395b60b564c90e9e5d5325fc?s=96&d=mm&r=g","url":"https:\/\/secure.gravatar.com\/avatar\/b73a087aa3bd279fb70d24f1960a91c82cf67619395b60b564c90e9e5d5325fc?s=96&d=mm&r=g","contentUrl":"https:\/\/secure.gravatar.com\/avatar\/b73a087aa3bd279fb70d24f1960a91c82cf67619395b60b564c90e9e5d5325fc?s=96&d=mm&r=g","caption":"Redazione"},"description":"News e aggiornamenti sui film, serie tv, teatro e festival italiani ed internazionali.","url":"https:\/\/www.castingnews.eu\/magazine\/author\/redazione\/"}]}},"_links":{"self":[{"href":"https:\/\/www.castingnews.eu\/magazine\/wp-json\/wp\/v2\/posts\/5878","targetHints":{"allow":["GET"]}}],"collection":[{"href":"https:\/\/www.castingnews.eu\/magazine\/wp-json\/wp\/v2\/posts"}],"about":[{"href":"https:\/\/www.castingnews.eu\/magazine\/wp-json\/wp\/v2\/types\/post"}],"author":[{"embeddable":true,"href":"https:\/\/www.castingnews.eu\/magazine\/wp-json\/wp\/v2\/users\/1"}],"replies":[{"embeddable":true,"href":"https:\/\/www.castingnews.eu\/magazine\/wp-json\/wp\/v2\/comments?post=5878"}],"version-history":[{"count":2,"href":"https:\/\/www.castingnews.eu\/magazine\/wp-json\/wp\/v2\/posts\/5878\/revisions"}],"predecessor-version":[{"id":5881,"href":"https:\/\/www.castingnews.eu\/magazine\/wp-json\/wp\/v2\/posts\/5878\/revisions\/5881"}],"wp:featuredmedia":[{"embeddable":true,"href":"https:\/\/www.castingnews.eu\/magazine\/wp-json\/wp\/v2\/media\/5879"}],"wp:attachment":[{"href":"https:\/\/www.castingnews.eu\/magazine\/wp-json\/wp\/v2\/media?parent=5878"}],"wp:term":[{"taxonomy":"category","embeddable":true,"href":"https:\/\/www.castingnews.eu\/magazine\/wp-json\/wp\/v2\/categories?post=5878"},{"taxonomy":"post_tag","embeddable":true,"href":"https:\/\/www.castingnews.eu\/magazine\/wp-json\/wp\/v2\/tags?post=5878"}],"curies":[{"name":"wp","href":"https:\/\/api.w.org\/{rel}","templated":true}]}}