{"id":5664,"date":"2023-04-12T14:09:44","date_gmt":"2023-04-12T12:09:44","guid":{"rendered":"https:\/\/www.castingnews.eu\/magazine\/?p=5664"},"modified":"2023-04-12T14:11:36","modified_gmt":"2023-04-12T12:11:36","slug":"pordenone-casting-per-sette-cortometraggi-che-andranno-a-comporre-un-racconto-cinematografico-sulla-citta","status":"publish","type":"post","link":"https:\/\/www.castingnews.eu\/magazine\/2023\/04\/12\/pordenone-casting-per-sette-cortometraggi-che-andranno-a-comporre-un-racconto-cinematografico-sulla-citta\/","title":{"rendered":"Pordenone, casting per sette cortometraggi che andranno a comporre un racconto cinematografico sulla citt\u00e0"},"content":{"rendered":"\n<p>Pordenone \u00e8 il cuore pulsante del nuovo progetto cinematografico diretto e girato dall&#8217;Associazione Giovanile Astro, in collaborazione con l&#8217;assessorato Politiche Giovani del Comune di Pordenone e il sostegno della Fondazione Friuli.<br>Il progetto prevede la realizzazione di sette cortometraggi, ognuno della durata di sette minuti, che andranno a comporre un racconto cinematografico sulla citt\u00e0, sui suoi volti e sui luoghi iconici, sullo sfondo di un&#8217;indagine poliziesca. Il protagonista del racconto \u00e8 un poliziotto, che dopo vent&#8217;anni di assenza torna nella sua citt\u00e0 natale e si trova a dover affrontare un pericoloso dinamitardo deciso a tutto.<\/p><div class=\"6d3639e8c6ac292cde400fad8ff8a5b9\" data-index=\"1\" style=\"float: none; margin:10px 0 10px 0; text-align:center;\">\n<script async src=\"\/\/pagead2.googlesyndication.com\/pagead\/js\/adsbygoogle.js\"><\/script>\r\n<!-- Casting Bambini NEW -->\r\n<ins class=\"adsbygoogle\"\r\n     style=\"display:inline-block;width:336px;height:280px\"\r\n     data-ad-client=\"ca-pub-5538097485429833\"\r\n     data-ad-slot=\"5127154445\"><\/ins>\r\n<script>\r\n(adsbygoogle = window.adsbygoogle || []).push({});\r\n<\/script>\n<\/div>\n\n\n\n\n<p>Ogni corto della serie televisiva racconter\u00e0 una parte della storia, andando a comporre un racconto completo in cui ogni puntata chiude una parte della trama e rilancia alla successiva.<br>Per la realizzazione del progetto, l&#8217;Associazione Giovanile Astro ha aperto i casting il 14 e 15 aprile presso lo spazio HUB381 in piazzetta A. Furlan. L&#8217;occasione \u00e8 aperta a tutti, senza limiti di et\u00e0 o esperienza, per diventare protagonisti del progetto cinematografico e contribuire a ripercorrere le bellezze della citt\u00e0 e le diverse realt\u00e0 che la popolano.<\/p>\n\n\n\n<p>Il progetto Pordenone \u00e8 stato realizzato grazie alla collaborazione e al supporto dell&#8217;assessorato Politiche Giovani del Comune di Pordenone e della Fondazione Friuli, dimostrando l&#8217;importanza del lavoro di squadra e della cooperazione tra organizzazioni locali per la realizzazione di grandi progetti culturali.<\/p>\n\n<div style=\"font-size: 0px; height: 0px; line-height: 0px; margin: 0; padding: 0; clear: both;\"><\/div>","protected":false},"excerpt":{"rendered":"<p>Pordenone \u00e8 il cuore pulsante del nuovo progetto cinematografico diretto e girato dall&#8217;Associazione Giovanile Astro, in collaborazione con l&#8217;assessorato Politiche Giovani del Comune di Pordenone e il sostegno della Fondazione Friuli.Il progetto prevede la realizzazione di sette cortometraggi, ognuno della durata di sette minuti, che andranno a comporre un racconto cinematografico sulla citt\u00e0, sui suoi [&hellip;]<\/p>\n","protected":false},"author":1,"featured_media":5665,"comment_status":"open","ping_status":"open","sticky":false,"template":"","format":"standard","meta":{"tdm_status":"","tdm_grid_status":"","footnotes":""},"categories":[3760,3957,71],"tags":[266,3676,272,273,372,4528,2006,1118,1611],"class_list":{"0":"post-5664","1":"post","2":"type-post","3":"status-publish","4":"format-standard","5":"has-post-thumbnail","7":"category-cortometraggi-casting-provini","8":"category-friuli-venezia-giulia","9":"category-italia-paese","10":"tag-casting","11":"tag-casting-call","12":"tag-casting-magazine","13":"tag-casting-news","14":"tag-cortometraggi","15":"tag-friuli-venezia-giuli","16":"tag-pordenone","17":"tag-provini","18":"tag-serie-tv"},"yoast_head":"<!-- This site is optimized with the Yoast SEO plugin v27.4 - https:\/\/yoast.com\/product\/yoast-seo-wordpress\/ -->\r\n<title>Pordenone, casting per sette cortometraggi che andranno a comporre un racconto cinematografico sulla citt\u00e0 - Casting News Magazine<\/title>\r\n<meta name=\"description\" content=\"Pordenone \u00e8 il cuore pulsante del nuovo progetto cinematografico diretto e girato dall&#039;Associazione Giovanile Astro.\" \/>\r\n<meta name=\"robots\" content=\"index, follow, max-snippet:-1, max-image-preview:large, max-video-preview:-1\" \/>\r\n<link rel=\"canonical\" href=\"https:\/\/www.castingnews.eu\/magazine\/2023\/04\/12\/pordenone-casting-per-sette-cortometraggi-che-andranno-a-comporre-un-racconto-cinematografico-sulla-citta\/\" \/>\r\n<meta property=\"og:locale\" content=\"it_IT\" \/>\r\n<meta property=\"og:type\" content=\"article\" \/>\r\n<meta property=\"og:title\" content=\"Pordenone, casting per sette cortometraggi che andranno a comporre un racconto cinematografico sulla citt\u00e0 - Casting News Magazine\" \/>\r\n<meta property=\"og:description\" content=\"Pordenone \u00e8 il cuore pulsante del nuovo progetto cinematografico diretto e girato dall&#039;Associazione Giovanile Astro.\" \/>\r\n<meta property=\"og:url\" content=\"https:\/\/www.castingnews.eu\/magazine\/2023\/04\/12\/pordenone-casting-per-sette-cortometraggi-che-andranno-a-comporre-un-racconto-cinematografico-sulla-citta\/\" \/>\r\n<meta property=\"og:site_name\" content=\"Casting News Magazine\" \/>\r\n<meta property=\"article:published_time\" content=\"2023-04-12T12:09:44+00:00\" \/>\r\n<meta property=\"article:modified_time\" content=\"2023-04-12T12:11:36+00:00\" \/>\r\n<meta property=\"og:image\" content=\"https:\/\/www.castingnews.eu\/magazine\/wp-content\/uploads\/2023\/04\/Friuli-Venezia-Giulia-Pordenone.jpg\" \/>\r\n\t<meta property=\"og:image:width\" content=\"800\" \/>\r\n\t<meta property=\"og:image:height\" content=\"468\" \/>\r\n\t<meta property=\"og:image:type\" content=\"image\/jpeg\" \/>\r\n<meta name=\"author\" content=\"Redazione\" \/>\r\n<meta name=\"twitter:card\" content=\"summary_large_image\" \/>\r\n<meta name=\"twitter:label1\" content=\"Scritto da\" \/>\n\t<meta name=\"twitter:data1\" content=\"Redazione\" \/>\n\t<meta name=\"twitter:label2\" content=\"Tempo di lettura stimato\" \/>\n\t<meta name=\"twitter:data2\" content=\"2 minuti\" \/>\r\n<script type=\"application\/ld+json\" class=\"yoast-schema-graph\">{\"@context\":\"https:\\\/\\\/schema.org\",\"@graph\":[{\"@type\":\"Article\",\"@id\":\"https:\\\/\\\/www.castingnews.eu\\\/magazine\\\/2023\\\/04\\\/12\\\/pordenone-casting-per-sette-cortometraggi-che-andranno-a-comporre-un-racconto-cinematografico-sulla-citta\\\/#article\",\"isPartOf\":{\"@id\":\"https:\\\/\\\/www.castingnews.eu\\\/magazine\\\/2023\\\/04\\\/12\\\/pordenone-casting-per-sette-cortometraggi-che-andranno-a-comporre-un-racconto-cinematografico-sulla-citta\\\/\"},\"author\":{\"name\":\"Redazione\",\"@id\":\"https:\\\/\\\/www.castingnews.eu\\\/magazine\\\/#\\\/schema\\\/person\\\/099d71c568c9a7e5e4037b1594108f17\"},\"headline\":\"Pordenone, casting per sette cortometraggi che andranno a comporre un racconto cinematografico sulla citt\u00e0\",\"datePublished\":\"2023-04-12T12:09:44+00:00\",\"dateModified\":\"2023-04-12T12:11:36+00:00\",\"mainEntityOfPage\":{\"@id\":\"https:\\\/\\\/www.castingnews.eu\\\/magazine\\\/2023\\\/04\\\/12\\\/pordenone-casting-per-sette-cortometraggi-che-andranno-a-comporre-un-racconto-cinematografico-sulla-citta\\\/\"},\"wordCount\":239,\"commentCount\":0,\"image\":{\"@id\":\"https:\\\/\\\/www.castingnews.eu\\\/magazine\\\/2023\\\/04\\\/12\\\/pordenone-casting-per-sette-cortometraggi-che-andranno-a-comporre-un-racconto-cinematografico-sulla-citta\\\/#primaryimage\"},\"thumbnailUrl\":\"https:\\\/\\\/www.castingnews.eu\\\/magazine\\\/wp-content\\\/uploads\\\/2023\\\/04\\\/Friuli-Venezia-Giulia-Pordenone.jpg\",\"keywords\":[\"casting\",\"casting call\",\"Casting Magazine\",\"Casting News\",\"Cortometraggi\",\"Friuli-Venezia Giuli\",\"Pordenone\",\"Provini\",\"Serie tv\"],\"articleSection\":[\"Cortometraggi\",\"Friuli-Venezia Giulia\",\"Italia\"],\"inLanguage\":\"it-IT\",\"potentialAction\":[{\"@type\":\"CommentAction\",\"name\":\"Comment\",\"target\":[\"https:\\\/\\\/www.castingnews.eu\\\/magazine\\\/2023\\\/04\\\/12\\\/pordenone-casting-per-sette-cortometraggi-che-andranno-a-comporre-un-racconto-cinematografico-sulla-citta\\\/#respond\"]}]},{\"@type\":\"WebPage\",\"@id\":\"https:\\\/\\\/www.castingnews.eu\\\/magazine\\\/2023\\\/04\\\/12\\\/pordenone-casting-per-sette-cortometraggi-che-andranno-a-comporre-un-racconto-cinematografico-sulla-citta\\\/\",\"url\":\"https:\\\/\\\/www.castingnews.eu\\\/magazine\\\/2023\\\/04\\\/12\\\/pordenone-casting-per-sette-cortometraggi-che-andranno-a-comporre-un-racconto-cinematografico-sulla-citta\\\/\",\"name\":\"Pordenone, casting per sette cortometraggi che andranno a comporre un racconto cinematografico sulla citt\u00e0 - Casting News Magazine\",\"isPartOf\":{\"@id\":\"https:\\\/\\\/www.castingnews.eu\\\/magazine\\\/#website\"},\"primaryImageOfPage\":{\"@id\":\"https:\\\/\\\/www.castingnews.eu\\\/magazine\\\/2023\\\/04\\\/12\\\/pordenone-casting-per-sette-cortometraggi-che-andranno-a-comporre-un-racconto-cinematografico-sulla-citta\\\/#primaryimage\"},\"image\":{\"@id\":\"https:\\\/\\\/www.castingnews.eu\\\/magazine\\\/2023\\\/04\\\/12\\\/pordenone-casting-per-sette-cortometraggi-che-andranno-a-comporre-un-racconto-cinematografico-sulla-citta\\\/#primaryimage\"},\"thumbnailUrl\":\"https:\\\/\\\/www.castingnews.eu\\\/magazine\\\/wp-content\\\/uploads\\\/2023\\\/04\\\/Friuli-Venezia-Giulia-Pordenone.jpg\",\"datePublished\":\"2023-04-12T12:09:44+00:00\",\"dateModified\":\"2023-04-12T12:11:36+00:00\",\"author\":{\"@id\":\"https:\\\/\\\/www.castingnews.eu\\\/magazine\\\/#\\\/schema\\\/person\\\/099d71c568c9a7e5e4037b1594108f17\"},\"description\":\"Pordenone \u00e8 il cuore pulsante del nuovo progetto cinematografico diretto e girato dall'Associazione Giovanile Astro.\",\"breadcrumb\":{\"@id\":\"https:\\\/\\\/www.castingnews.eu\\\/magazine\\\/2023\\\/04\\\/12\\\/pordenone-casting-per-sette-cortometraggi-che-andranno-a-comporre-un-racconto-cinematografico-sulla-citta\\\/#breadcrumb\"},\"inLanguage\":\"it-IT\",\"potentialAction\":[{\"@type\":\"ReadAction\",\"target\":[\"https:\\\/\\\/www.castingnews.eu\\\/magazine\\\/2023\\\/04\\\/12\\\/pordenone-casting-per-sette-cortometraggi-che-andranno-a-comporre-un-racconto-cinematografico-sulla-citta\\\/\"]}]},{\"@type\":\"ImageObject\",\"inLanguage\":\"it-IT\",\"@id\":\"https:\\\/\\\/www.castingnews.eu\\\/magazine\\\/2023\\\/04\\\/12\\\/pordenone-casting-per-sette-cortometraggi-che-andranno-a-comporre-un-racconto-cinematografico-sulla-citta\\\/#primaryimage\",\"url\":\"https:\\\/\\\/www.castingnews.eu\\\/magazine\\\/wp-content\\\/uploads\\\/2023\\\/04\\\/Friuli-Venezia-Giulia-Pordenone.jpg\",\"contentUrl\":\"https:\\\/\\\/www.castingnews.eu\\\/magazine\\\/wp-content\\\/uploads\\\/2023\\\/04\\\/Friuli-Venezia-Giulia-Pordenone.jpg\",\"width\":800,\"height\":468,\"caption\":\"Friuli Venezia Giulia Pordenone\"},{\"@type\":\"BreadcrumbList\",\"@id\":\"https:\\\/\\\/www.castingnews.eu\\\/magazine\\\/2023\\\/04\\\/12\\\/pordenone-casting-per-sette-cortometraggi-che-andranno-a-comporre-un-racconto-cinematografico-sulla-citta\\\/#breadcrumb\",\"itemListElement\":[{\"@type\":\"ListItem\",\"position\":1,\"name\":\"Home\",\"item\":\"https:\\\/\\\/www.castingnews.eu\\\/magazine\\\/\"},{\"@type\":\"ListItem\",\"position\":2,\"name\":\"Pordenone, casting per sette cortometraggi che andranno a comporre un racconto cinematografico sulla citt\u00e0\"}]},{\"@type\":\"WebSite\",\"@id\":\"https:\\\/\\\/www.castingnews.eu\\\/magazine\\\/#website\",\"url\":\"https:\\\/\\\/www.castingnews.eu\\\/magazine\\\/\",\"name\":\"Casting News Magazine\",\"description\":\"News e aggiornamenti sui film, serie tv, teatro e festival italiani ed internazionali\",\"potentialAction\":[{\"@type\":\"SearchAction\",\"target\":{\"@type\":\"EntryPoint\",\"urlTemplate\":\"https:\\\/\\\/www.castingnews.eu\\\/magazine\\\/?s={search_term_string}\"},\"query-input\":{\"@type\":\"PropertyValueSpecification\",\"valueRequired\":true,\"valueName\":\"search_term_string\"}}],\"inLanguage\":\"it-IT\"},{\"@type\":\"Person\",\"@id\":\"https:\\\/\\\/www.castingnews.eu\\\/magazine\\\/#\\\/schema\\\/person\\\/099d71c568c9a7e5e4037b1594108f17\",\"name\":\"Redazione\",\"image\":{\"@type\":\"ImageObject\",\"inLanguage\":\"it-IT\",\"@id\":\"https:\\\/\\\/secure.gravatar.com\\\/avatar\\\/b73a087aa3bd279fb70d24f1960a91c82cf67619395b60b564c90e9e5d5325fc?s=96&d=mm&r=g\",\"url\":\"https:\\\/\\\/secure.gravatar.com\\\/avatar\\\/b73a087aa3bd279fb70d24f1960a91c82cf67619395b60b564c90e9e5d5325fc?s=96&d=mm&r=g\",\"contentUrl\":\"https:\\\/\\\/secure.gravatar.com\\\/avatar\\\/b73a087aa3bd279fb70d24f1960a91c82cf67619395b60b564c90e9e5d5325fc?s=96&d=mm&r=g\",\"caption\":\"Redazione\"},\"description\":\"News e aggiornamenti sui film, serie tv, teatro e festival italiani ed internazionali.\",\"url\":\"https:\\\/\\\/www.castingnews.eu\\\/magazine\\\/author\\\/redazione\\\/\"}]}<\/script>\r\n<!-- \/ Yoast SEO plugin. -->","yoast_head_json":{"title":"Pordenone, casting per sette cortometraggi che andranno a comporre un racconto cinematografico sulla citt\u00e0 - Casting News Magazine","description":"Pordenone \u00e8 il cuore pulsante del nuovo progetto cinematografico diretto e girato dall'Associazione Giovanile Astro.","robots":{"index":"index","follow":"follow","max-snippet":"max-snippet:-1","max-image-preview":"max-image-preview:large","max-video-preview":"max-video-preview:-1"},"canonical":"https:\/\/www.castingnews.eu\/magazine\/2023\/04\/12\/pordenone-casting-per-sette-cortometraggi-che-andranno-a-comporre-un-racconto-cinematografico-sulla-citta\/","og_locale":"it_IT","og_type":"article","og_title":"Pordenone, casting per sette cortometraggi che andranno a comporre un racconto cinematografico sulla citt\u00e0 - Casting News Magazine","og_description":"Pordenone \u00e8 il cuore pulsante del nuovo progetto cinematografico diretto e girato dall'Associazione Giovanile Astro.","og_url":"https:\/\/www.castingnews.eu\/magazine\/2023\/04\/12\/pordenone-casting-per-sette-cortometraggi-che-andranno-a-comporre-un-racconto-cinematografico-sulla-citta\/","og_site_name":"Casting News Magazine","article_published_time":"2023-04-12T12:09:44+00:00","article_modified_time":"2023-04-12T12:11:36+00:00","og_image":[{"width":800,"height":468,"url":"https:\/\/www.castingnews.eu\/magazine\/wp-content\/uploads\/2023\/04\/Friuli-Venezia-Giulia-Pordenone.jpg","type":"image\/jpeg"}],"author":"Redazione","twitter_card":"summary_large_image","twitter_misc":{"Scritto da":"Redazione","Tempo di lettura stimato":"2 minuti"},"schema":{"@context":"https:\/\/schema.org","@graph":[{"@type":"Article","@id":"https:\/\/www.castingnews.eu\/magazine\/2023\/04\/12\/pordenone-casting-per-sette-cortometraggi-che-andranno-a-comporre-un-racconto-cinematografico-sulla-citta\/#article","isPartOf":{"@id":"https:\/\/www.castingnews.eu\/magazine\/2023\/04\/12\/pordenone-casting-per-sette-cortometraggi-che-andranno-a-comporre-un-racconto-cinematografico-sulla-citta\/"},"author":{"name":"Redazione","@id":"https:\/\/www.castingnews.eu\/magazine\/#\/schema\/person\/099d71c568c9a7e5e4037b1594108f17"},"headline":"Pordenone, casting per sette cortometraggi che andranno a comporre un racconto cinematografico sulla citt\u00e0","datePublished":"2023-04-12T12:09:44+00:00","dateModified":"2023-04-12T12:11:36+00:00","mainEntityOfPage":{"@id":"https:\/\/www.castingnews.eu\/magazine\/2023\/04\/12\/pordenone-casting-per-sette-cortometraggi-che-andranno-a-comporre-un-racconto-cinematografico-sulla-citta\/"},"wordCount":239,"commentCount":0,"image":{"@id":"https:\/\/www.castingnews.eu\/magazine\/2023\/04\/12\/pordenone-casting-per-sette-cortometraggi-che-andranno-a-comporre-un-racconto-cinematografico-sulla-citta\/#primaryimage"},"thumbnailUrl":"https:\/\/www.castingnews.eu\/magazine\/wp-content\/uploads\/2023\/04\/Friuli-Venezia-Giulia-Pordenone.jpg","keywords":["casting","casting call","Casting Magazine","Casting News","Cortometraggi","Friuli-Venezia Giuli","Pordenone","Provini","Serie tv"],"articleSection":["Cortometraggi","Friuli-Venezia Giulia","Italia"],"inLanguage":"it-IT","potentialAction":[{"@type":"CommentAction","name":"Comment","target":["https:\/\/www.castingnews.eu\/magazine\/2023\/04\/12\/pordenone-casting-per-sette-cortometraggi-che-andranno-a-comporre-un-racconto-cinematografico-sulla-citta\/#respond"]}]},{"@type":"WebPage","@id":"https:\/\/www.castingnews.eu\/magazine\/2023\/04\/12\/pordenone-casting-per-sette-cortometraggi-che-andranno-a-comporre-un-racconto-cinematografico-sulla-citta\/","url":"https:\/\/www.castingnews.eu\/magazine\/2023\/04\/12\/pordenone-casting-per-sette-cortometraggi-che-andranno-a-comporre-un-racconto-cinematografico-sulla-citta\/","name":"Pordenone, casting per sette cortometraggi che andranno a comporre un racconto cinematografico sulla citt\u00e0 - Casting News Magazine","isPartOf":{"@id":"https:\/\/www.castingnews.eu\/magazine\/#website"},"primaryImageOfPage":{"@id":"https:\/\/www.castingnews.eu\/magazine\/2023\/04\/12\/pordenone-casting-per-sette-cortometraggi-che-andranno-a-comporre-un-racconto-cinematografico-sulla-citta\/#primaryimage"},"image":{"@id":"https:\/\/www.castingnews.eu\/magazine\/2023\/04\/12\/pordenone-casting-per-sette-cortometraggi-che-andranno-a-comporre-un-racconto-cinematografico-sulla-citta\/#primaryimage"},"thumbnailUrl":"https:\/\/www.castingnews.eu\/magazine\/wp-content\/uploads\/2023\/04\/Friuli-Venezia-Giulia-Pordenone.jpg","datePublished":"2023-04-12T12:09:44+00:00","dateModified":"2023-04-12T12:11:36+00:00","author":{"@id":"https:\/\/www.castingnews.eu\/magazine\/#\/schema\/person\/099d71c568c9a7e5e4037b1594108f17"},"description":"Pordenone \u00e8 il cuore pulsante del nuovo progetto cinematografico diretto e girato dall'Associazione Giovanile Astro.","breadcrumb":{"@id":"https:\/\/www.castingnews.eu\/magazine\/2023\/04\/12\/pordenone-casting-per-sette-cortometraggi-che-andranno-a-comporre-un-racconto-cinematografico-sulla-citta\/#breadcrumb"},"inLanguage":"it-IT","potentialAction":[{"@type":"ReadAction","target":["https:\/\/www.castingnews.eu\/magazine\/2023\/04\/12\/pordenone-casting-per-sette-cortometraggi-che-andranno-a-comporre-un-racconto-cinematografico-sulla-citta\/"]}]},{"@type":"ImageObject","inLanguage":"it-IT","@id":"https:\/\/www.castingnews.eu\/magazine\/2023\/04\/12\/pordenone-casting-per-sette-cortometraggi-che-andranno-a-comporre-un-racconto-cinematografico-sulla-citta\/#primaryimage","url":"https:\/\/www.castingnews.eu\/magazine\/wp-content\/uploads\/2023\/04\/Friuli-Venezia-Giulia-Pordenone.jpg","contentUrl":"https:\/\/www.castingnews.eu\/magazine\/wp-content\/uploads\/2023\/04\/Friuli-Venezia-Giulia-Pordenone.jpg","width":800,"height":468,"caption":"Friuli Venezia Giulia Pordenone"},{"@type":"BreadcrumbList","@id":"https:\/\/www.castingnews.eu\/magazine\/2023\/04\/12\/pordenone-casting-per-sette-cortometraggi-che-andranno-a-comporre-un-racconto-cinematografico-sulla-citta\/#breadcrumb","itemListElement":[{"@type":"ListItem","position":1,"name":"Home","item":"https:\/\/www.castingnews.eu\/magazine\/"},{"@type":"ListItem","position":2,"name":"Pordenone, casting per sette cortometraggi che andranno a comporre un racconto cinematografico sulla citt\u00e0"}]},{"@type":"WebSite","@id":"https:\/\/www.castingnews.eu\/magazine\/#website","url":"https:\/\/www.castingnews.eu\/magazine\/","name":"Casting News Magazine","description":"News e aggiornamenti sui film, serie tv, teatro e festival italiani ed internazionali","potentialAction":[{"@type":"SearchAction","target":{"@type":"EntryPoint","urlTemplate":"https:\/\/www.castingnews.eu\/magazine\/?s={search_term_string}"},"query-input":{"@type":"PropertyValueSpecification","valueRequired":true,"valueName":"search_term_string"}}],"inLanguage":"it-IT"},{"@type":"Person","@id":"https:\/\/www.castingnews.eu\/magazine\/#\/schema\/person\/099d71c568c9a7e5e4037b1594108f17","name":"Redazione","image":{"@type":"ImageObject","inLanguage":"it-IT","@id":"https:\/\/secure.gravatar.com\/avatar\/b73a087aa3bd279fb70d24f1960a91c82cf67619395b60b564c90e9e5d5325fc?s=96&d=mm&r=g","url":"https:\/\/secure.gravatar.com\/avatar\/b73a087aa3bd279fb70d24f1960a91c82cf67619395b60b564c90e9e5d5325fc?s=96&d=mm&r=g","contentUrl":"https:\/\/secure.gravatar.com\/avatar\/b73a087aa3bd279fb70d24f1960a91c82cf67619395b60b564c90e9e5d5325fc?s=96&d=mm&r=g","caption":"Redazione"},"description":"News e aggiornamenti sui film, serie tv, teatro e festival italiani ed internazionali.","url":"https:\/\/www.castingnews.eu\/magazine\/author\/redazione\/"}]}},"_links":{"self":[{"href":"https:\/\/www.castingnews.eu\/magazine\/wp-json\/wp\/v2\/posts\/5664","targetHints":{"allow":["GET"]}}],"collection":[{"href":"https:\/\/www.castingnews.eu\/magazine\/wp-json\/wp\/v2\/posts"}],"about":[{"href":"https:\/\/www.castingnews.eu\/magazine\/wp-json\/wp\/v2\/types\/post"}],"author":[{"embeddable":true,"href":"https:\/\/www.castingnews.eu\/magazine\/wp-json\/wp\/v2\/users\/1"}],"replies":[{"embeddable":true,"href":"https:\/\/www.castingnews.eu\/magazine\/wp-json\/wp\/v2\/comments?post=5664"}],"version-history":[{"count":1,"href":"https:\/\/www.castingnews.eu\/magazine\/wp-json\/wp\/v2\/posts\/5664\/revisions"}],"predecessor-version":[{"id":5666,"href":"https:\/\/www.castingnews.eu\/magazine\/wp-json\/wp\/v2\/posts\/5664\/revisions\/5666"}],"wp:featuredmedia":[{"embeddable":true,"href":"https:\/\/www.castingnews.eu\/magazine\/wp-json\/wp\/v2\/media\/5665"}],"wp:attachment":[{"href":"https:\/\/www.castingnews.eu\/magazine\/wp-json\/wp\/v2\/media?parent=5664"}],"wp:term":[{"taxonomy":"category","embeddable":true,"href":"https:\/\/www.castingnews.eu\/magazine\/wp-json\/wp\/v2\/categories?post=5664"},{"taxonomy":"post_tag","embeddable":true,"href":"https:\/\/www.castingnews.eu\/magazine\/wp-json\/wp\/v2\/tags?post=5664"}],"curies":[{"name":"wp","href":"https:\/\/api.w.org\/{rel}","templated":true}]}}