{"id":5648,"date":"2023-04-11T19:58:19","date_gmt":"2023-04-11T17:58:19","guid":{"rendered":"https:\/\/www.castingnews.eu\/magazine\/?p=5648"},"modified":"2023-04-11T19:58:22","modified_gmt":"2023-04-11T17:58:22","slug":"casting-a-roma-per-figurazioni-speciali-di-madrelingua-tedesca-in-una-serie-tv-prodotta-da-fandango","status":"publish","type":"post","link":"https:\/\/www.castingnews.eu\/magazine\/2023\/04\/11\/casting-a-roma-per-figurazioni-speciali-di-madrelingua-tedesca-in-una-serie-tv-prodotta-da-fandango\/","title":{"rendered":"Casting a Roma per figurazioni speciali di madrelingua tedesca in una serie tv prodotta da Fandango"},"content":{"rendered":"\n<p>Se siete madrelingua tedeschi e state cercando un&#8217;opportunit\u00e0 per entrare nel mondo dello spettacolo, questa potrebbe essere la vostra occasione! Fandango, una casa di produzione televisiva italiana, sta cercando figurazioni speciali di madrelingua tedesca per alcune scene di una loro prossima <strong><a href=\"https:\/\/www.castingnews.eu\/news\/news.asp?id_news=10191&amp;id_cat=1\">serie TV<\/a><\/strong>. Le riprese si svolgeranno a <strong>Roma <\/strong>nel mese di aprile 2023.<\/p><div class=\"6d3639e8c6ac292cde400fad8ff8a5b9\" data-index=\"1\" style=\"float: none; margin:10px 0 10px 0; text-align:center;\">\n<script async src=\"\/\/pagead2.googlesyndication.com\/pagead\/js\/adsbygoogle.js\"><\/script>\r\n<!-- Casting Bambini NEW -->\r\n<ins class=\"adsbygoogle\"\r\n     style=\"display:inline-block;width:336px;height:280px\"\r\n     data-ad-client=\"ca-pub-5538097485429833\"\r\n     data-ad-slot=\"5127154445\"><\/ins>\r\n<script>\r\n(adsbygoogle = window.adsbygoogle || []).push({});\r\n<\/script>\n<\/div>\n\n\n\n\n<p>I requisiti richiesti sono: et\u00e0 compresa tra i 18 e i 45 anni e disponibilit\u00e0 a Roma il gioved\u00ec 20 e il venerd\u00ec 21 aprile. Il lavoro sar\u00e0 regolarmente retribuito.<br><strong>Per avere maggiori dettagli, si consiglia di visitare l&#8217;area riservata di Casting News Professional al seguente link: <a href=\"https:\/\/www.castingnews.eu\/news\/news.asp?id_news=10191&amp;id_cat=1\">Serie TV &#8211; Casting a Roma per figurazioni speciali<\/a><\/strong><\/p>\n\n<div style=\"font-size: 0px; height: 0px; line-height: 0px; margin: 0; padding: 0; clear: both;\"><\/div>","protected":false},"excerpt":{"rendered":"<p>Se siete madrelingua tedeschi e state cercando un&#8217;opportunit\u00e0 per entrare nel mondo dello spettacolo, questa potrebbe essere la vostra occasione! Fandango, una casa di produzione televisiva italiana, sta cercando figurazioni speciali di madrelingua tedesca per alcune scene di una loro prossima serie TV. Le riprese si svolgeranno a Roma nel mese di aprile 2023. I [&hellip;]<\/p>\n","protected":false},"author":1,"featured_media":5649,"comment_status":"open","ping_status":"open","sticky":false,"template":"","format":"standard","meta":{"tdm_status":"","tdm_grid_status":"","footnotes":""},"categories":[1462,1463,1533,71,3958,21,31],"tags":[266,1715,3676,272,273,3590,2835,531,1815,1470,4521,1118,1193,1611],"class_list":{"0":"post-5648","1":"post","2":"type-post","3":"status-publish","4":"format-standard","5":"has-post-thumbnail","7":"category-fiction-tv","8":"category-fiction-tv-casting-provini","9":"category-featured","10":"category-italia-paese","11":"category-lazio","12":"category-in-primo-piano","13":"category-progetti-tv","14":"tag-casting","15":"tag-casting-a-roma","16":"tag-casting-call","17":"tag-casting-magazine","18":"tag-casting-news","19":"tag-casting-roma","20":"tag-fandango","21":"tag-fiction","22":"tag-figurazioni-speciali","23":"tag-lazio","24":"tag-madrelingua-tedesca","25":"tag-provini","26":"tag-roma","27":"tag-serie-tv"},"yoast_head":"<!-- This site is optimized with the Yoast SEO plugin v27.4 - https:\/\/yoast.com\/product\/yoast-seo-wordpress\/ -->\r\n<title>Casting a Roma per figurazioni speciali di madrelingua tedesca in una serie tv prodotta da Fandango - Casting News Magazine<\/title>\r\n<meta name=\"description\" content=\"Si cercano figurazioni speciali di madrelingua tedesca per alcune scene di una serie TV che si gira a Roma nel mese di aprile 2023.\" \/>\r\n<meta name=\"robots\" content=\"index, follow, max-snippet:-1, max-image-preview:large, max-video-preview:-1\" \/>\r\n<link rel=\"canonical\" href=\"https:\/\/www.castingnews.eu\/magazine\/2023\/04\/11\/casting-a-roma-per-figurazioni-speciali-di-madrelingua-tedesca-in-una-serie-tv-prodotta-da-fandango\/\" \/>\r\n<meta property=\"og:locale\" content=\"it_IT\" \/>\r\n<meta property=\"og:type\" content=\"article\" \/>\r\n<meta property=\"og:title\" content=\"Casting a Roma per figurazioni speciali di madrelingua tedesca in una serie tv prodotta da Fandango - Casting News Magazine\" \/>\r\n<meta property=\"og:description\" content=\"Si cercano figurazioni speciali di madrelingua tedesca per alcune scene di una serie TV che si gira a Roma nel mese di aprile 2023.\" \/>\r\n<meta property=\"og:url\" content=\"https:\/\/www.castingnews.eu\/magazine\/2023\/04\/11\/casting-a-roma-per-figurazioni-speciali-di-madrelingua-tedesca-in-una-serie-tv-prodotta-da-fandango\/\" \/>\r\n<meta property=\"og:site_name\" content=\"Casting News Magazine\" \/>\r\n<meta property=\"article:published_time\" content=\"2023-04-11T17:58:19+00:00\" \/>\r\n<meta property=\"article:modified_time\" content=\"2023-04-11T17:58:22+00:00\" \/>\r\n<meta property=\"og:image\" content=\"https:\/\/www.castingnews.eu\/magazine\/wp-content\/uploads\/2023\/04\/roma-set-serie.jpg\" \/>\r\n\t<meta property=\"og:image:width\" content=\"800\" \/>\r\n\t<meta property=\"og:image:height\" content=\"468\" \/>\r\n\t<meta property=\"og:image:type\" content=\"image\/jpeg\" \/>\r\n<meta name=\"author\" content=\"Redazione\" \/>\r\n<meta name=\"twitter:card\" content=\"summary_large_image\" \/>\r\n<meta name=\"twitter:label1\" content=\"Scritto da\" \/>\n\t<meta name=\"twitter:data1\" content=\"Redazione\" \/>\n\t<meta name=\"twitter:label2\" content=\"Tempo di lettura stimato\" \/>\n\t<meta name=\"twitter:data2\" content=\"1 minuto\" \/>\r\n<script type=\"application\/ld+json\" class=\"yoast-schema-graph\">{\"@context\":\"https:\\\/\\\/schema.org\",\"@graph\":[{\"@type\":\"Article\",\"@id\":\"https:\\\/\\\/www.castingnews.eu\\\/magazine\\\/2023\\\/04\\\/11\\\/casting-a-roma-per-figurazioni-speciali-di-madrelingua-tedesca-in-una-serie-tv-prodotta-da-fandango\\\/#article\",\"isPartOf\":{\"@id\":\"https:\\\/\\\/www.castingnews.eu\\\/magazine\\\/2023\\\/04\\\/11\\\/casting-a-roma-per-figurazioni-speciali-di-madrelingua-tedesca-in-una-serie-tv-prodotta-da-fandango\\\/\"},\"author\":{\"name\":\"Redazione\",\"@id\":\"https:\\\/\\\/www.castingnews.eu\\\/magazine\\\/#\\\/schema\\\/person\\\/099d71c568c9a7e5e4037b1594108f17\"},\"headline\":\"Casting a Roma per figurazioni speciali di madrelingua tedesca in una serie tv prodotta da Fandango\",\"datePublished\":\"2023-04-11T17:58:19+00:00\",\"dateModified\":\"2023-04-11T17:58:22+00:00\",\"mainEntityOfPage\":{\"@id\":\"https:\\\/\\\/www.castingnews.eu\\\/magazine\\\/2023\\\/04\\\/11\\\/casting-a-roma-per-figurazioni-speciali-di-madrelingua-tedesca-in-una-serie-tv-prodotta-da-fandango\\\/\"},\"wordCount\":123,\"commentCount\":0,\"image\":{\"@id\":\"https:\\\/\\\/www.castingnews.eu\\\/magazine\\\/2023\\\/04\\\/11\\\/casting-a-roma-per-figurazioni-speciali-di-madrelingua-tedesca-in-una-serie-tv-prodotta-da-fandango\\\/#primaryimage\"},\"thumbnailUrl\":\"https:\\\/\\\/www.castingnews.eu\\\/magazine\\\/wp-content\\\/uploads\\\/2023\\\/04\\\/roma-set-serie.jpg\",\"keywords\":[\"casting\",\"Casting a Roma\",\"casting call\",\"Casting Magazine\",\"Casting News\",\"Casting Roma\",\"Fandango\",\"fiction\",\"figurazioni speciali\",\"Lazio\",\"madrelingua tedesca\",\"Provini\",\"Roma\",\"Serie tv\"],\"articleSection\":[\"Fiction TV\",\"Fiction TV\",\"In primo piano\",\"Italia\",\"Lazio\",\"Primo piano\",\"Progetti TV\"],\"inLanguage\":\"it-IT\",\"potentialAction\":[{\"@type\":\"CommentAction\",\"name\":\"Comment\",\"target\":[\"https:\\\/\\\/www.castingnews.eu\\\/magazine\\\/2023\\\/04\\\/11\\\/casting-a-roma-per-figurazioni-speciali-di-madrelingua-tedesca-in-una-serie-tv-prodotta-da-fandango\\\/#respond\"]}]},{\"@type\":\"WebPage\",\"@id\":\"https:\\\/\\\/www.castingnews.eu\\\/magazine\\\/2023\\\/04\\\/11\\\/casting-a-roma-per-figurazioni-speciali-di-madrelingua-tedesca-in-una-serie-tv-prodotta-da-fandango\\\/\",\"url\":\"https:\\\/\\\/www.castingnews.eu\\\/magazine\\\/2023\\\/04\\\/11\\\/casting-a-roma-per-figurazioni-speciali-di-madrelingua-tedesca-in-una-serie-tv-prodotta-da-fandango\\\/\",\"name\":\"Casting a Roma per figurazioni speciali di madrelingua tedesca in una serie tv prodotta da Fandango - Casting News Magazine\",\"isPartOf\":{\"@id\":\"https:\\\/\\\/www.castingnews.eu\\\/magazine\\\/#website\"},\"primaryImageOfPage\":{\"@id\":\"https:\\\/\\\/www.castingnews.eu\\\/magazine\\\/2023\\\/04\\\/11\\\/casting-a-roma-per-figurazioni-speciali-di-madrelingua-tedesca-in-una-serie-tv-prodotta-da-fandango\\\/#primaryimage\"},\"image\":{\"@id\":\"https:\\\/\\\/www.castingnews.eu\\\/magazine\\\/2023\\\/04\\\/11\\\/casting-a-roma-per-figurazioni-speciali-di-madrelingua-tedesca-in-una-serie-tv-prodotta-da-fandango\\\/#primaryimage\"},\"thumbnailUrl\":\"https:\\\/\\\/www.castingnews.eu\\\/magazine\\\/wp-content\\\/uploads\\\/2023\\\/04\\\/roma-set-serie.jpg\",\"datePublished\":\"2023-04-11T17:58:19+00:00\",\"dateModified\":\"2023-04-11T17:58:22+00:00\",\"author\":{\"@id\":\"https:\\\/\\\/www.castingnews.eu\\\/magazine\\\/#\\\/schema\\\/person\\\/099d71c568c9a7e5e4037b1594108f17\"},\"description\":\"Si cercano figurazioni speciali di madrelingua tedesca per alcune scene di una serie TV che si gira a Roma nel mese di aprile 2023.\",\"breadcrumb\":{\"@id\":\"https:\\\/\\\/www.castingnews.eu\\\/magazine\\\/2023\\\/04\\\/11\\\/casting-a-roma-per-figurazioni-speciali-di-madrelingua-tedesca-in-una-serie-tv-prodotta-da-fandango\\\/#breadcrumb\"},\"inLanguage\":\"it-IT\",\"potentialAction\":[{\"@type\":\"ReadAction\",\"target\":[\"https:\\\/\\\/www.castingnews.eu\\\/magazine\\\/2023\\\/04\\\/11\\\/casting-a-roma-per-figurazioni-speciali-di-madrelingua-tedesca-in-una-serie-tv-prodotta-da-fandango\\\/\"]}]},{\"@type\":\"ImageObject\",\"inLanguage\":\"it-IT\",\"@id\":\"https:\\\/\\\/www.castingnews.eu\\\/magazine\\\/2023\\\/04\\\/11\\\/casting-a-roma-per-figurazioni-speciali-di-madrelingua-tedesca-in-una-serie-tv-prodotta-da-fandango\\\/#primaryimage\",\"url\":\"https:\\\/\\\/www.castingnews.eu\\\/magazine\\\/wp-content\\\/uploads\\\/2023\\\/04\\\/roma-set-serie.jpg\",\"contentUrl\":\"https:\\\/\\\/www.castingnews.eu\\\/magazine\\\/wp-content\\\/uploads\\\/2023\\\/04\\\/roma-set-serie.jpg\",\"width\":800,\"height\":468,\"caption\":\"Roma set serie\"},{\"@type\":\"BreadcrumbList\",\"@id\":\"https:\\\/\\\/www.castingnews.eu\\\/magazine\\\/2023\\\/04\\\/11\\\/casting-a-roma-per-figurazioni-speciali-di-madrelingua-tedesca-in-una-serie-tv-prodotta-da-fandango\\\/#breadcrumb\",\"itemListElement\":[{\"@type\":\"ListItem\",\"position\":1,\"name\":\"Home\",\"item\":\"https:\\\/\\\/www.castingnews.eu\\\/magazine\\\/\"},{\"@type\":\"ListItem\",\"position\":2,\"name\":\"Casting a Roma per figurazioni speciali di madrelingua tedesca in una serie tv prodotta da Fandango\"}]},{\"@type\":\"WebSite\",\"@id\":\"https:\\\/\\\/www.castingnews.eu\\\/magazine\\\/#website\",\"url\":\"https:\\\/\\\/www.castingnews.eu\\\/magazine\\\/\",\"name\":\"Casting News Magazine\",\"description\":\"News e aggiornamenti sui film, serie tv, teatro e festival italiani ed internazionali\",\"potentialAction\":[{\"@type\":\"SearchAction\",\"target\":{\"@type\":\"EntryPoint\",\"urlTemplate\":\"https:\\\/\\\/www.castingnews.eu\\\/magazine\\\/?s={search_term_string}\"},\"query-input\":{\"@type\":\"PropertyValueSpecification\",\"valueRequired\":true,\"valueName\":\"search_term_string\"}}],\"inLanguage\":\"it-IT\"},{\"@type\":\"Person\",\"@id\":\"https:\\\/\\\/www.castingnews.eu\\\/magazine\\\/#\\\/schema\\\/person\\\/099d71c568c9a7e5e4037b1594108f17\",\"name\":\"Redazione\",\"image\":{\"@type\":\"ImageObject\",\"inLanguage\":\"it-IT\",\"@id\":\"https:\\\/\\\/secure.gravatar.com\\\/avatar\\\/b73a087aa3bd279fb70d24f1960a91c82cf67619395b60b564c90e9e5d5325fc?s=96&d=mm&r=g\",\"url\":\"https:\\\/\\\/secure.gravatar.com\\\/avatar\\\/b73a087aa3bd279fb70d24f1960a91c82cf67619395b60b564c90e9e5d5325fc?s=96&d=mm&r=g\",\"contentUrl\":\"https:\\\/\\\/secure.gravatar.com\\\/avatar\\\/b73a087aa3bd279fb70d24f1960a91c82cf67619395b60b564c90e9e5d5325fc?s=96&d=mm&r=g\",\"caption\":\"Redazione\"},\"description\":\"News e aggiornamenti sui film, serie tv, teatro e festival italiani ed internazionali.\",\"url\":\"https:\\\/\\\/www.castingnews.eu\\\/magazine\\\/author\\\/redazione\\\/\"}]}<\/script>\r\n<!-- \/ Yoast SEO plugin. -->","yoast_head_json":{"title":"Casting a Roma per figurazioni speciali di madrelingua tedesca in una serie tv prodotta da Fandango - Casting News Magazine","description":"Si cercano figurazioni speciali di madrelingua tedesca per alcune scene di una serie TV che si gira a Roma nel mese di aprile 2023.","robots":{"index":"index","follow":"follow","max-snippet":"max-snippet:-1","max-image-preview":"max-image-preview:large","max-video-preview":"max-video-preview:-1"},"canonical":"https:\/\/www.castingnews.eu\/magazine\/2023\/04\/11\/casting-a-roma-per-figurazioni-speciali-di-madrelingua-tedesca-in-una-serie-tv-prodotta-da-fandango\/","og_locale":"it_IT","og_type":"article","og_title":"Casting a Roma per figurazioni speciali di madrelingua tedesca in una serie tv prodotta da Fandango - Casting News Magazine","og_description":"Si cercano figurazioni speciali di madrelingua tedesca per alcune scene di una serie TV che si gira a Roma nel mese di aprile 2023.","og_url":"https:\/\/www.castingnews.eu\/magazine\/2023\/04\/11\/casting-a-roma-per-figurazioni-speciali-di-madrelingua-tedesca-in-una-serie-tv-prodotta-da-fandango\/","og_site_name":"Casting News Magazine","article_published_time":"2023-04-11T17:58:19+00:00","article_modified_time":"2023-04-11T17:58:22+00:00","og_image":[{"width":800,"height":468,"url":"https:\/\/www.castingnews.eu\/magazine\/wp-content\/uploads\/2023\/04\/roma-set-serie.jpg","type":"image\/jpeg"}],"author":"Redazione","twitter_card":"summary_large_image","twitter_misc":{"Scritto da":"Redazione","Tempo di lettura stimato":"1 minuto"},"schema":{"@context":"https:\/\/schema.org","@graph":[{"@type":"Article","@id":"https:\/\/www.castingnews.eu\/magazine\/2023\/04\/11\/casting-a-roma-per-figurazioni-speciali-di-madrelingua-tedesca-in-una-serie-tv-prodotta-da-fandango\/#article","isPartOf":{"@id":"https:\/\/www.castingnews.eu\/magazine\/2023\/04\/11\/casting-a-roma-per-figurazioni-speciali-di-madrelingua-tedesca-in-una-serie-tv-prodotta-da-fandango\/"},"author":{"name":"Redazione","@id":"https:\/\/www.castingnews.eu\/magazine\/#\/schema\/person\/099d71c568c9a7e5e4037b1594108f17"},"headline":"Casting a Roma per figurazioni speciali di madrelingua tedesca in una serie tv prodotta da Fandango","datePublished":"2023-04-11T17:58:19+00:00","dateModified":"2023-04-11T17:58:22+00:00","mainEntityOfPage":{"@id":"https:\/\/www.castingnews.eu\/magazine\/2023\/04\/11\/casting-a-roma-per-figurazioni-speciali-di-madrelingua-tedesca-in-una-serie-tv-prodotta-da-fandango\/"},"wordCount":123,"commentCount":0,"image":{"@id":"https:\/\/www.castingnews.eu\/magazine\/2023\/04\/11\/casting-a-roma-per-figurazioni-speciali-di-madrelingua-tedesca-in-una-serie-tv-prodotta-da-fandango\/#primaryimage"},"thumbnailUrl":"https:\/\/www.castingnews.eu\/magazine\/wp-content\/uploads\/2023\/04\/roma-set-serie.jpg","keywords":["casting","Casting a Roma","casting call","Casting Magazine","Casting News","Casting Roma","Fandango","fiction","figurazioni speciali","Lazio","madrelingua tedesca","Provini","Roma","Serie tv"],"articleSection":["Fiction TV","Fiction TV","In primo piano","Italia","Lazio","Primo piano","Progetti TV"],"inLanguage":"it-IT","potentialAction":[{"@type":"CommentAction","name":"Comment","target":["https:\/\/www.castingnews.eu\/magazine\/2023\/04\/11\/casting-a-roma-per-figurazioni-speciali-di-madrelingua-tedesca-in-una-serie-tv-prodotta-da-fandango\/#respond"]}]},{"@type":"WebPage","@id":"https:\/\/www.castingnews.eu\/magazine\/2023\/04\/11\/casting-a-roma-per-figurazioni-speciali-di-madrelingua-tedesca-in-una-serie-tv-prodotta-da-fandango\/","url":"https:\/\/www.castingnews.eu\/magazine\/2023\/04\/11\/casting-a-roma-per-figurazioni-speciali-di-madrelingua-tedesca-in-una-serie-tv-prodotta-da-fandango\/","name":"Casting a Roma per figurazioni speciali di madrelingua tedesca in una serie tv prodotta da Fandango - Casting News Magazine","isPartOf":{"@id":"https:\/\/www.castingnews.eu\/magazine\/#website"},"primaryImageOfPage":{"@id":"https:\/\/www.castingnews.eu\/magazine\/2023\/04\/11\/casting-a-roma-per-figurazioni-speciali-di-madrelingua-tedesca-in-una-serie-tv-prodotta-da-fandango\/#primaryimage"},"image":{"@id":"https:\/\/www.castingnews.eu\/magazine\/2023\/04\/11\/casting-a-roma-per-figurazioni-speciali-di-madrelingua-tedesca-in-una-serie-tv-prodotta-da-fandango\/#primaryimage"},"thumbnailUrl":"https:\/\/www.castingnews.eu\/magazine\/wp-content\/uploads\/2023\/04\/roma-set-serie.jpg","datePublished":"2023-04-11T17:58:19+00:00","dateModified":"2023-04-11T17:58:22+00:00","author":{"@id":"https:\/\/www.castingnews.eu\/magazine\/#\/schema\/person\/099d71c568c9a7e5e4037b1594108f17"},"description":"Si cercano figurazioni speciali di madrelingua tedesca per alcune scene di una serie TV che si gira a Roma nel mese di aprile 2023.","breadcrumb":{"@id":"https:\/\/www.castingnews.eu\/magazine\/2023\/04\/11\/casting-a-roma-per-figurazioni-speciali-di-madrelingua-tedesca-in-una-serie-tv-prodotta-da-fandango\/#breadcrumb"},"inLanguage":"it-IT","potentialAction":[{"@type":"ReadAction","target":["https:\/\/www.castingnews.eu\/magazine\/2023\/04\/11\/casting-a-roma-per-figurazioni-speciali-di-madrelingua-tedesca-in-una-serie-tv-prodotta-da-fandango\/"]}]},{"@type":"ImageObject","inLanguage":"it-IT","@id":"https:\/\/www.castingnews.eu\/magazine\/2023\/04\/11\/casting-a-roma-per-figurazioni-speciali-di-madrelingua-tedesca-in-una-serie-tv-prodotta-da-fandango\/#primaryimage","url":"https:\/\/www.castingnews.eu\/magazine\/wp-content\/uploads\/2023\/04\/roma-set-serie.jpg","contentUrl":"https:\/\/www.castingnews.eu\/magazine\/wp-content\/uploads\/2023\/04\/roma-set-serie.jpg","width":800,"height":468,"caption":"Roma set serie"},{"@type":"BreadcrumbList","@id":"https:\/\/www.castingnews.eu\/magazine\/2023\/04\/11\/casting-a-roma-per-figurazioni-speciali-di-madrelingua-tedesca-in-una-serie-tv-prodotta-da-fandango\/#breadcrumb","itemListElement":[{"@type":"ListItem","position":1,"name":"Home","item":"https:\/\/www.castingnews.eu\/magazine\/"},{"@type":"ListItem","position":2,"name":"Casting a Roma per figurazioni speciali di madrelingua tedesca in una serie tv prodotta da Fandango"}]},{"@type":"WebSite","@id":"https:\/\/www.castingnews.eu\/magazine\/#website","url":"https:\/\/www.castingnews.eu\/magazine\/","name":"Casting News Magazine","description":"News e aggiornamenti sui film, serie tv, teatro e festival italiani ed internazionali","potentialAction":[{"@type":"SearchAction","target":{"@type":"EntryPoint","urlTemplate":"https:\/\/www.castingnews.eu\/magazine\/?s={search_term_string}"},"query-input":{"@type":"PropertyValueSpecification","valueRequired":true,"valueName":"search_term_string"}}],"inLanguage":"it-IT"},{"@type":"Person","@id":"https:\/\/www.castingnews.eu\/magazine\/#\/schema\/person\/099d71c568c9a7e5e4037b1594108f17","name":"Redazione","image":{"@type":"ImageObject","inLanguage":"it-IT","@id":"https:\/\/secure.gravatar.com\/avatar\/b73a087aa3bd279fb70d24f1960a91c82cf67619395b60b564c90e9e5d5325fc?s=96&d=mm&r=g","url":"https:\/\/secure.gravatar.com\/avatar\/b73a087aa3bd279fb70d24f1960a91c82cf67619395b60b564c90e9e5d5325fc?s=96&d=mm&r=g","contentUrl":"https:\/\/secure.gravatar.com\/avatar\/b73a087aa3bd279fb70d24f1960a91c82cf67619395b60b564c90e9e5d5325fc?s=96&d=mm&r=g","caption":"Redazione"},"description":"News e aggiornamenti sui film, serie tv, teatro e festival italiani ed internazionali.","url":"https:\/\/www.castingnews.eu\/magazine\/author\/redazione\/"}]}},"_links":{"self":[{"href":"https:\/\/www.castingnews.eu\/magazine\/wp-json\/wp\/v2\/posts\/5648","targetHints":{"allow":["GET"]}}],"collection":[{"href":"https:\/\/www.castingnews.eu\/magazine\/wp-json\/wp\/v2\/posts"}],"about":[{"href":"https:\/\/www.castingnews.eu\/magazine\/wp-json\/wp\/v2\/types\/post"}],"author":[{"embeddable":true,"href":"https:\/\/www.castingnews.eu\/magazine\/wp-json\/wp\/v2\/users\/1"}],"replies":[{"embeddable":true,"href":"https:\/\/www.castingnews.eu\/magazine\/wp-json\/wp\/v2\/comments?post=5648"}],"version-history":[{"count":1,"href":"https:\/\/www.castingnews.eu\/magazine\/wp-json\/wp\/v2\/posts\/5648\/revisions"}],"predecessor-version":[{"id":5650,"href":"https:\/\/www.castingnews.eu\/magazine\/wp-json\/wp\/v2\/posts\/5648\/revisions\/5650"}],"wp:featuredmedia":[{"embeddable":true,"href":"https:\/\/www.castingnews.eu\/magazine\/wp-json\/wp\/v2\/media\/5649"}],"wp:attachment":[{"href":"https:\/\/www.castingnews.eu\/magazine\/wp-json\/wp\/v2\/media?parent=5648"}],"wp:term":[{"taxonomy":"category","embeddable":true,"href":"https:\/\/www.castingnews.eu\/magazine\/wp-json\/wp\/v2\/categories?post=5648"},{"taxonomy":"post_tag","embeddable":true,"href":"https:\/\/www.castingnews.eu\/magazine\/wp-json\/wp\/v2\/tags?post=5648"}],"curies":[{"name":"wp","href":"https:\/\/api.w.org\/{rel}","templated":true}]}}