{"id":548,"date":"2009-10-16T16:20:07","date_gmt":"2009-10-16T15:20:07","guid":{"rendered":"http:\/\/www.film-movie.eu\/?p=548"},"modified":"2009-10-16T16:20:07","modified_gmt":"2009-10-16T15:20:07","slug":"nasce-talenti-in-corto-concorso","status":"publish","type":"post","link":"https:\/\/www.castingnews.eu\/magazine\/2009\/10\/16\/nasce-talenti-in-corto-concorso\/","title":{"rendered":"Nasce &#8220;Talenti In Corto&#8221; &#8211; Concorso"},"content":{"rendered":"<h3 style=\"text-align: justify;\">Premio Solinas e Gratta e Vinci insieme con l\u2019obiettivo di scoprire nuovi autori per il cinema italiano.<\/h3>\n<p style=\"text-align: justify;\">Roma, 16 ottobre 2009 \u2013 E\u2019 stato presentato oggi in occasione del Festival Internazionale del Cinema di Roma TALENTI IN CORTO, una nuova formula di concorso che comprende un percorso completo di formazione, sviluppo e realizzazione e diffusione di cortometraggi. Francesca Solinas, Annamaria Granatello, rispettivamente Presidente e Direttore Artistico del Premio Solinas e Marzia Mastrogiacomo, Direttore del Consorzio Lotterie Nazionali, hanno illustrato la comune impresa a favore del talento e della creativit\u00e0 di sceneggiatori e registi emergenti.<br \/>\nIl concorso TALENTI IN CORTO offre ai nuovi autori un percorso completo che va dallo sviluppo alla realizzazione e diffusione di quattro progetti per cortometraggi d\u2019autore da 5 minuti ciascuno.<\/p><div class=\"6d3639e8c6ac292cde400fad8ff8a5b9\" data-index=\"1\" style=\"float: none; margin:10px 0 10px 0; text-align:center;\">\n<script async src=\"\/\/pagead2.googlesyndication.com\/pagead\/js\/adsbygoogle.js\"><\/script>\r\n<!-- Casting Bambini NEW -->\r\n<ins class=\"adsbygoogle\"\r\n     style=\"display:inline-block;width:336px;height:280px\"\r\n     data-ad-client=\"ca-pub-5538097485429833\"\r\n     data-ad-slot=\"5127154445\"><\/ins>\r\n<script>\r\n(adsbygoogle = window.adsbygoogle || []).push({});\r\n<\/script>\n<\/div>\n\n<p style=\"text-align: justify;\">Una iniziativa concreta resa possibile grazie anche ad interlocutori autorevoli come Gratta e Vinci, in grado di investire passione e risorse per sostenere la creativit\u00e0, il talento e le capacit\u00e0 dei tanti giovani che rappresentano il futuro del cinema italiano.<\/p>\n<p style=\"text-align: justify;\">\u201cCon TALENTI IN CORTO, ha dichiarato Annamaria Granatello, ci auguriamo di poter compiere un ulteriore, importante passo nella direzione che da anni caratterizza il percorso del Premio Solinas: la promozione delle storie, ma soprattutto il sostegno per la loro realizzazione. Grazie a Gratta e Vinci siamo, oggi, capaci di innovare con concretezza a partire dalla Giuria composta dagli autori emergenti pi\u00f9 significativi del momento, che per la prima volta sono investiti della responsabilit\u00e0 di favorire la nascita e la crescita di nuovi talenti. Da oggi il giovane cinema lavora a favore del cinema del futuro, nello spirito che ha sempre caratterizzato il Premio Solinas.<\/p>\n<p style=\"text-align: justify;\">Altro importante elemento di innovazione, ha aggiunto Annamaria Granatello, \u00e8 la creazione di un percorso completo con l\u2019utilizzo delle tecnologie digitali. Infatti stiamo lavorando con alcune delle pi\u00f9 importanti associazioni di esercenti di sale cinematografiche per distribuire nel circuito delle sale digitali i 4 cortometraggi vincitori.\u201d<\/p>\n<p style=\"text-align: justify;\">\u201cLe difficolt\u00e0 che incontrano i giovani di talento in Italia costituiscono, ieri come oggi, un freno al rinnovamento e alla competitivit\u00e0 del Paese, non solo nel campo del cinema, ha dichiarato Francesca Solinas. \u201cL\u2019adesione ad un progetto di percorso completo di avviamento alla professione per autori emergenti di un partner importante e animato dal miglior senso del mecenatismo \u00e8 un vero regalo per tutto il cinema italiano. Un contributo concreto e lungimirante che fornir\u00e0 ai migliori talenti individuati da TALENTI IN CORTO un trampolino di lancio per farsi apprezzare e conoscere.\u201d<\/p>\n<p style=\"text-align: justify;\">Entusiasta dell\u2019iniziativa anche Marzia Mastrogiacomo la quale ha sostenuto: \u201cIl progetto TALENTI IN CORTO \u00e8 molto di pi\u00f9 che una semplice sponsorizzazione, \u00e8 un vero impegno finalizzato a dare una opportunit\u00e0 a tutti coloro che, pur avendo talento da esprimere, non possiedono gli strumenti per concretizzarlo. Gratta e Vinci promuove cos\u00ec i propri valori al di l\u00e0 del gioco, con l\u2019auspicio che il divertimento, la semplicit\u00e0 e l\u2019opportunit\u00e0 per tutti, diventino nel tempo gli elementi distintivi di TALENTI IN CORTO, con l\u2019ambizione, da parte nostra, di poter collaborare all\u2019affermazione di un contenitore creativo in grado di dare voce allo spirito e alla passione di sceneggiatori e filmaker\u201d.<\/p>\n\n<div style=\"font-size: 0px; height: 0px; line-height: 0px; margin: 0; padding: 0; clear: both;\"><\/div>","protected":false},"excerpt":{"rendered":"<p>Premio Solinas e Gratta e Vinci insieme con l\u2019obiettivo di scoprire nuovi autori per il cinema italiano. Roma, 16 ottobre 2009 \u2013 E\u2019 stato presentato oggi in occasione del Festival Internazionale del Cinema di Roma TALENTI IN CORTO, una nuova formula di concorso che comprende un percorso completo di formazione, sviluppo e realizzazione e diffusione [&hellip;]<\/p>\n","protected":false},"author":1,"featured_media":549,"comment_status":"closed","ping_status":"open","sticky":false,"template":"","format":"standard","meta":{"tdm_status":"","tdm_grid_status":"","footnotes":""},"categories":[8],"tags":[140,302,348,526,541,558,570,649,886,1102,1150,1193,1239,1325,1329],"class_list":{"0":"post-548","1":"post","2":"type-post","3":"status-publish","4":"format-standard","5":"has-post-thumbnail","7":"category-cortometraggi","8":"tag-annamaria-granatello","9":"tag-cinema","10":"tag-concorso","11":"tag-festival-internazionale-del-cinema-di-roma","12":"tag-filmaker","13":"tag-formazione","14":"tag-francesca-solinas","15":"tag-gratta-e-vinci","16":"tag-marzia-mastrogiacomo","17":"tag-premio-solinas","18":"tag-realizzazione","19":"tag-roma","20":"tag-sceneggiatori","21":"tag-sviluppo","22":"tag-talenti-in-corto"},"yoast_head":"<!-- This site is optimized with the Yoast SEO plugin v27.4 - https:\/\/yoast.com\/product\/yoast-seo-wordpress\/ -->\r\n<title>Nasce &quot;Talenti In Corto&quot; - Concorso - Casting News Magazine<\/title>\r\n<meta name=\"robots\" content=\"index, follow, max-snippet:-1, max-image-preview:large, max-video-preview:-1\" \/>\r\n<link rel=\"canonical\" href=\"https:\/\/www.castingnews.eu\/magazine\/2009\/10\/16\/nasce-talenti-in-corto-concorso\/\" \/>\r\n<meta property=\"og:locale\" content=\"it_IT\" \/>\r\n<meta property=\"og:type\" content=\"article\" \/>\r\n<meta property=\"og:title\" content=\"Nasce &quot;Talenti In Corto&quot; - Concorso - Casting News Magazine\" \/>\r\n<meta property=\"og:description\" content=\"Premio Solinas e Gratta e Vinci insieme con l\u2019obiettivo di scoprire nuovi autori per il cinema italiano. Roma, 16 ottobre 2009 \u2013 E\u2019 stato presentato oggi in occasione del Festival Internazionale del Cinema di Roma TALENTI IN CORTO, una nuova formula di concorso che comprende un percorso completo di formazione, sviluppo e realizzazione e diffusione [&hellip;]\" \/>\r\n<meta property=\"og:url\" content=\"https:\/\/www.castingnews.eu\/magazine\/2009\/10\/16\/nasce-talenti-in-corto-concorso\/\" \/>\r\n<meta property=\"og:site_name\" content=\"Casting News Magazine\" \/>\r\n<meta property=\"article:published_time\" content=\"2009-10-16T15:20:07+00:00\" \/>\r\n<meta property=\"og:image\" content=\"https:\/\/www.castingnews.eu\/magazine\/wp-content\/uploads\/2009\/10\/Foto-Conferenza-Talenti-in-Corto-Premio-Solinas-1.jpg\" \/>\r\n\t<meta property=\"og:image:width\" content=\"490\" \/>\r\n\t<meta property=\"og:image:height\" content=\"327\" \/>\r\n\t<meta property=\"og:image:type\" content=\"image\/jpeg\" \/>\r\n<meta name=\"author\" content=\"Redazione\" \/>\r\n<meta name=\"twitter:card\" content=\"summary_large_image\" \/>\r\n<meta name=\"twitter:label1\" content=\"Scritto da\" \/>\n\t<meta name=\"twitter:data1\" content=\"Redazione\" \/>\n\t<meta name=\"twitter:label2\" content=\"Tempo di lettura stimato\" \/>\n\t<meta name=\"twitter:data2\" content=\"3 minuti\" \/>\r\n<script type=\"application\/ld+json\" class=\"yoast-schema-graph\">{\"@context\":\"https:\\\/\\\/schema.org\",\"@graph\":[{\"@type\":\"Article\",\"@id\":\"https:\\\/\\\/www.castingnews.eu\\\/magazine\\\/2009\\\/10\\\/16\\\/nasce-talenti-in-corto-concorso\\\/#article\",\"isPartOf\":{\"@id\":\"https:\\\/\\\/www.castingnews.eu\\\/magazine\\\/2009\\\/10\\\/16\\\/nasce-talenti-in-corto-concorso\\\/\"},\"author\":{\"name\":\"Redazione\",\"@id\":\"https:\\\/\\\/www.castingnews.eu\\\/magazine\\\/#\\\/schema\\\/person\\\/099d71c568c9a7e5e4037b1594108f17\"},\"headline\":\"Nasce &#8220;Talenti In Corto&#8221; &#8211; Concorso\",\"datePublished\":\"2009-10-16T15:20:07+00:00\",\"mainEntityOfPage\":{\"@id\":\"https:\\\/\\\/www.castingnews.eu\\\/magazine\\\/2009\\\/10\\\/16\\\/nasce-talenti-in-corto-concorso\\\/\"},\"wordCount\":518,\"image\":{\"@id\":\"https:\\\/\\\/www.castingnews.eu\\\/magazine\\\/2009\\\/10\\\/16\\\/nasce-talenti-in-corto-concorso\\\/#primaryimage\"},\"thumbnailUrl\":\"https:\\\/\\\/www.castingnews.eu\\\/magazine\\\/wp-content\\\/uploads\\\/2009\\\/10\\\/Foto-Conferenza-Talenti-in-Corto-Premio-Solinas-1.jpg\",\"keywords\":[\"Annamaria Granatello\",\"Cinema\",\"Concorso\",\"Festival Internazionale del Cinema di Roma\",\"Filmaker\",\"Formazione\",\"Francesca Solinas\",\"Gratta e Vinci\",\"Marzia Mastrogiacomo\",\"Premio Solinas\",\"Realizzazione\",\"Roma\",\"Sceneggiatori\",\"Sviluppo\",\"Talenti in corto\"],\"articleSection\":[\"Cortometraggi\"],\"inLanguage\":\"it-IT\"},{\"@type\":\"WebPage\",\"@id\":\"https:\\\/\\\/www.castingnews.eu\\\/magazine\\\/2009\\\/10\\\/16\\\/nasce-talenti-in-corto-concorso\\\/\",\"url\":\"https:\\\/\\\/www.castingnews.eu\\\/magazine\\\/2009\\\/10\\\/16\\\/nasce-talenti-in-corto-concorso\\\/\",\"name\":\"Nasce \\\"Talenti In Corto\\\" - Concorso - Casting News Magazine\",\"isPartOf\":{\"@id\":\"https:\\\/\\\/www.castingnews.eu\\\/magazine\\\/#website\"},\"primaryImageOfPage\":{\"@id\":\"https:\\\/\\\/www.castingnews.eu\\\/magazine\\\/2009\\\/10\\\/16\\\/nasce-talenti-in-corto-concorso\\\/#primaryimage\"},\"image\":{\"@id\":\"https:\\\/\\\/www.castingnews.eu\\\/magazine\\\/2009\\\/10\\\/16\\\/nasce-talenti-in-corto-concorso\\\/#primaryimage\"},\"thumbnailUrl\":\"https:\\\/\\\/www.castingnews.eu\\\/magazine\\\/wp-content\\\/uploads\\\/2009\\\/10\\\/Foto-Conferenza-Talenti-in-Corto-Premio-Solinas-1.jpg\",\"datePublished\":\"2009-10-16T15:20:07+00:00\",\"author\":{\"@id\":\"https:\\\/\\\/www.castingnews.eu\\\/magazine\\\/#\\\/schema\\\/person\\\/099d71c568c9a7e5e4037b1594108f17\"},\"breadcrumb\":{\"@id\":\"https:\\\/\\\/www.castingnews.eu\\\/magazine\\\/2009\\\/10\\\/16\\\/nasce-talenti-in-corto-concorso\\\/#breadcrumb\"},\"inLanguage\":\"it-IT\",\"potentialAction\":[{\"@type\":\"ReadAction\",\"target\":[\"https:\\\/\\\/www.castingnews.eu\\\/magazine\\\/2009\\\/10\\\/16\\\/nasce-talenti-in-corto-concorso\\\/\"]}]},{\"@type\":\"ImageObject\",\"inLanguage\":\"it-IT\",\"@id\":\"https:\\\/\\\/www.castingnews.eu\\\/magazine\\\/2009\\\/10\\\/16\\\/nasce-talenti-in-corto-concorso\\\/#primaryimage\",\"url\":\"https:\\\/\\\/www.castingnews.eu\\\/magazine\\\/wp-content\\\/uploads\\\/2009\\\/10\\\/Foto-Conferenza-Talenti-in-Corto-Premio-Solinas-1.jpg\",\"contentUrl\":\"https:\\\/\\\/www.castingnews.eu\\\/magazine\\\/wp-content\\\/uploads\\\/2009\\\/10\\\/Foto-Conferenza-Talenti-in-Corto-Premio-Solinas-1.jpg\",\"width\":490,\"height\":327},{\"@type\":\"BreadcrumbList\",\"@id\":\"https:\\\/\\\/www.castingnews.eu\\\/magazine\\\/2009\\\/10\\\/16\\\/nasce-talenti-in-corto-concorso\\\/#breadcrumb\",\"itemListElement\":[{\"@type\":\"ListItem\",\"position\":1,\"name\":\"Home\",\"item\":\"https:\\\/\\\/www.castingnews.eu\\\/magazine\\\/\"},{\"@type\":\"ListItem\",\"position\":2,\"name\":\"Nasce &#8220;Talenti In Corto&#8221; &#8211; Concorso\"}]},{\"@type\":\"WebSite\",\"@id\":\"https:\\\/\\\/www.castingnews.eu\\\/magazine\\\/#website\",\"url\":\"https:\\\/\\\/www.castingnews.eu\\\/magazine\\\/\",\"name\":\"Casting News Magazine\",\"description\":\"News e aggiornamenti sui film, serie tv, teatro e festival italiani ed internazionali\",\"potentialAction\":[{\"@type\":\"SearchAction\",\"target\":{\"@type\":\"EntryPoint\",\"urlTemplate\":\"https:\\\/\\\/www.castingnews.eu\\\/magazine\\\/?s={search_term_string}\"},\"query-input\":{\"@type\":\"PropertyValueSpecification\",\"valueRequired\":true,\"valueName\":\"search_term_string\"}}],\"inLanguage\":\"it-IT\"},{\"@type\":\"Person\",\"@id\":\"https:\\\/\\\/www.castingnews.eu\\\/magazine\\\/#\\\/schema\\\/person\\\/099d71c568c9a7e5e4037b1594108f17\",\"name\":\"Redazione\",\"image\":{\"@type\":\"ImageObject\",\"inLanguage\":\"it-IT\",\"@id\":\"https:\\\/\\\/secure.gravatar.com\\\/avatar\\\/b73a087aa3bd279fb70d24f1960a91c82cf67619395b60b564c90e9e5d5325fc?s=96&d=mm&r=g\",\"url\":\"https:\\\/\\\/secure.gravatar.com\\\/avatar\\\/b73a087aa3bd279fb70d24f1960a91c82cf67619395b60b564c90e9e5d5325fc?s=96&d=mm&r=g\",\"contentUrl\":\"https:\\\/\\\/secure.gravatar.com\\\/avatar\\\/b73a087aa3bd279fb70d24f1960a91c82cf67619395b60b564c90e9e5d5325fc?s=96&d=mm&r=g\",\"caption\":\"Redazione\"},\"description\":\"News e aggiornamenti sui film, serie tv, teatro e festival italiani ed internazionali.\",\"url\":\"https:\\\/\\\/www.castingnews.eu\\\/magazine\\\/author\\\/redazione\\\/\"}]}<\/script>\r\n<!-- \/ Yoast SEO plugin. -->","yoast_head_json":{"title":"Nasce \"Talenti In Corto\" - Concorso - Casting News Magazine","robots":{"index":"index","follow":"follow","max-snippet":"max-snippet:-1","max-image-preview":"max-image-preview:large","max-video-preview":"max-video-preview:-1"},"canonical":"https:\/\/www.castingnews.eu\/magazine\/2009\/10\/16\/nasce-talenti-in-corto-concorso\/","og_locale":"it_IT","og_type":"article","og_title":"Nasce \"Talenti In Corto\" - Concorso - Casting News Magazine","og_description":"Premio Solinas e Gratta e Vinci insieme con l\u2019obiettivo di scoprire nuovi autori per il cinema italiano. Roma, 16 ottobre 2009 \u2013 E\u2019 stato presentato oggi in occasione del Festival Internazionale del Cinema di Roma TALENTI IN CORTO, una nuova formula di concorso che comprende un percorso completo di formazione, sviluppo e realizzazione e diffusione [&hellip;]","og_url":"https:\/\/www.castingnews.eu\/magazine\/2009\/10\/16\/nasce-talenti-in-corto-concorso\/","og_site_name":"Casting News Magazine","article_published_time":"2009-10-16T15:20:07+00:00","og_image":[{"width":490,"height":327,"url":"https:\/\/www.castingnews.eu\/magazine\/wp-content\/uploads\/2009\/10\/Foto-Conferenza-Talenti-in-Corto-Premio-Solinas-1.jpg","type":"image\/jpeg"}],"author":"Redazione","twitter_card":"summary_large_image","twitter_misc":{"Scritto da":"Redazione","Tempo di lettura stimato":"3 minuti"},"schema":{"@context":"https:\/\/schema.org","@graph":[{"@type":"Article","@id":"https:\/\/www.castingnews.eu\/magazine\/2009\/10\/16\/nasce-talenti-in-corto-concorso\/#article","isPartOf":{"@id":"https:\/\/www.castingnews.eu\/magazine\/2009\/10\/16\/nasce-talenti-in-corto-concorso\/"},"author":{"name":"Redazione","@id":"https:\/\/www.castingnews.eu\/magazine\/#\/schema\/person\/099d71c568c9a7e5e4037b1594108f17"},"headline":"Nasce &#8220;Talenti In Corto&#8221; &#8211; Concorso","datePublished":"2009-10-16T15:20:07+00:00","mainEntityOfPage":{"@id":"https:\/\/www.castingnews.eu\/magazine\/2009\/10\/16\/nasce-talenti-in-corto-concorso\/"},"wordCount":518,"image":{"@id":"https:\/\/www.castingnews.eu\/magazine\/2009\/10\/16\/nasce-talenti-in-corto-concorso\/#primaryimage"},"thumbnailUrl":"https:\/\/www.castingnews.eu\/magazine\/wp-content\/uploads\/2009\/10\/Foto-Conferenza-Talenti-in-Corto-Premio-Solinas-1.jpg","keywords":["Annamaria Granatello","Cinema","Concorso","Festival Internazionale del Cinema di Roma","Filmaker","Formazione","Francesca Solinas","Gratta e Vinci","Marzia Mastrogiacomo","Premio Solinas","Realizzazione","Roma","Sceneggiatori","Sviluppo","Talenti in corto"],"articleSection":["Cortometraggi"],"inLanguage":"it-IT"},{"@type":"WebPage","@id":"https:\/\/www.castingnews.eu\/magazine\/2009\/10\/16\/nasce-talenti-in-corto-concorso\/","url":"https:\/\/www.castingnews.eu\/magazine\/2009\/10\/16\/nasce-talenti-in-corto-concorso\/","name":"Nasce \"Talenti In Corto\" - Concorso - Casting News Magazine","isPartOf":{"@id":"https:\/\/www.castingnews.eu\/magazine\/#website"},"primaryImageOfPage":{"@id":"https:\/\/www.castingnews.eu\/magazine\/2009\/10\/16\/nasce-talenti-in-corto-concorso\/#primaryimage"},"image":{"@id":"https:\/\/www.castingnews.eu\/magazine\/2009\/10\/16\/nasce-talenti-in-corto-concorso\/#primaryimage"},"thumbnailUrl":"https:\/\/www.castingnews.eu\/magazine\/wp-content\/uploads\/2009\/10\/Foto-Conferenza-Talenti-in-Corto-Premio-Solinas-1.jpg","datePublished":"2009-10-16T15:20:07+00:00","author":{"@id":"https:\/\/www.castingnews.eu\/magazine\/#\/schema\/person\/099d71c568c9a7e5e4037b1594108f17"},"breadcrumb":{"@id":"https:\/\/www.castingnews.eu\/magazine\/2009\/10\/16\/nasce-talenti-in-corto-concorso\/#breadcrumb"},"inLanguage":"it-IT","potentialAction":[{"@type":"ReadAction","target":["https:\/\/www.castingnews.eu\/magazine\/2009\/10\/16\/nasce-talenti-in-corto-concorso\/"]}]},{"@type":"ImageObject","inLanguage":"it-IT","@id":"https:\/\/www.castingnews.eu\/magazine\/2009\/10\/16\/nasce-talenti-in-corto-concorso\/#primaryimage","url":"https:\/\/www.castingnews.eu\/magazine\/wp-content\/uploads\/2009\/10\/Foto-Conferenza-Talenti-in-Corto-Premio-Solinas-1.jpg","contentUrl":"https:\/\/www.castingnews.eu\/magazine\/wp-content\/uploads\/2009\/10\/Foto-Conferenza-Talenti-in-Corto-Premio-Solinas-1.jpg","width":490,"height":327},{"@type":"BreadcrumbList","@id":"https:\/\/www.castingnews.eu\/magazine\/2009\/10\/16\/nasce-talenti-in-corto-concorso\/#breadcrumb","itemListElement":[{"@type":"ListItem","position":1,"name":"Home","item":"https:\/\/www.castingnews.eu\/magazine\/"},{"@type":"ListItem","position":2,"name":"Nasce &#8220;Talenti In Corto&#8221; &#8211; Concorso"}]},{"@type":"WebSite","@id":"https:\/\/www.castingnews.eu\/magazine\/#website","url":"https:\/\/www.castingnews.eu\/magazine\/","name":"Casting News Magazine","description":"News e aggiornamenti sui film, serie tv, teatro e festival italiani ed internazionali","potentialAction":[{"@type":"SearchAction","target":{"@type":"EntryPoint","urlTemplate":"https:\/\/www.castingnews.eu\/magazine\/?s={search_term_string}"},"query-input":{"@type":"PropertyValueSpecification","valueRequired":true,"valueName":"search_term_string"}}],"inLanguage":"it-IT"},{"@type":"Person","@id":"https:\/\/www.castingnews.eu\/magazine\/#\/schema\/person\/099d71c568c9a7e5e4037b1594108f17","name":"Redazione","image":{"@type":"ImageObject","inLanguage":"it-IT","@id":"https:\/\/secure.gravatar.com\/avatar\/b73a087aa3bd279fb70d24f1960a91c82cf67619395b60b564c90e9e5d5325fc?s=96&d=mm&r=g","url":"https:\/\/secure.gravatar.com\/avatar\/b73a087aa3bd279fb70d24f1960a91c82cf67619395b60b564c90e9e5d5325fc?s=96&d=mm&r=g","contentUrl":"https:\/\/secure.gravatar.com\/avatar\/b73a087aa3bd279fb70d24f1960a91c82cf67619395b60b564c90e9e5d5325fc?s=96&d=mm&r=g","caption":"Redazione"},"description":"News e aggiornamenti sui film, serie tv, teatro e festival italiani ed internazionali.","url":"https:\/\/www.castingnews.eu\/magazine\/author\/redazione\/"}]}},"_links":{"self":[{"href":"https:\/\/www.castingnews.eu\/magazine\/wp-json\/wp\/v2\/posts\/548","targetHints":{"allow":["GET"]}}],"collection":[{"href":"https:\/\/www.castingnews.eu\/magazine\/wp-json\/wp\/v2\/posts"}],"about":[{"href":"https:\/\/www.castingnews.eu\/magazine\/wp-json\/wp\/v2\/types\/post"}],"author":[{"embeddable":true,"href":"https:\/\/www.castingnews.eu\/magazine\/wp-json\/wp\/v2\/users\/1"}],"replies":[{"embeddable":true,"href":"https:\/\/www.castingnews.eu\/magazine\/wp-json\/wp\/v2\/comments?post=548"}],"version-history":[{"count":0,"href":"https:\/\/www.castingnews.eu\/magazine\/wp-json\/wp\/v2\/posts\/548\/revisions"}],"wp:featuredmedia":[{"embeddable":true,"href":"https:\/\/www.castingnews.eu\/magazine\/wp-json\/wp\/v2\/media\/549"}],"wp:attachment":[{"href":"https:\/\/www.castingnews.eu\/magazine\/wp-json\/wp\/v2\/media?parent=548"}],"wp:term":[{"taxonomy":"category","embeddable":true,"href":"https:\/\/www.castingnews.eu\/magazine\/wp-json\/wp\/v2\/categories?post=548"},{"taxonomy":"post_tag","embeddable":true,"href":"https:\/\/www.castingnews.eu\/magazine\/wp-json\/wp\/v2\/tags?post=548"}],"curies":[{"name":"wp","href":"https:\/\/api.w.org\/{rel}","templated":true}]}}