{"id":541,"date":"2009-10-13T21:21:44","date_gmt":"2009-10-13T20:21:44","guid":{"rendered":"http:\/\/www.film-movie.eu\/?p=541"},"modified":"2009-10-13T21:21:44","modified_gmt":"2009-10-13T20:21:44","slug":"cinema-letteratura-e-diritto-iv-edizione","status":"publish","type":"post","link":"https:\/\/www.castingnews.eu\/magazine\/2009\/10\/13\/cinema-letteratura-e-diritto-iv-edizione\/","title":{"rendered":"Cinema Letteratura e Diritto IV Edizione"},"content":{"rendered":"<h3 style=\"text-align: justify;\">Al via la rassegna dell\u2019Universit\u00e0 Suor Orsola Benincasa di Napoli &#8211;\u00a013 Ottobre &#8211; 15 Dicembre 2009<\/h3>\n<p style=\"text-align: justify;\">Marted\u00ec 13 Ottobre 2009 alle ore 15.30 presso l\u2019Aula Magna dell\u2019Universit\u00e0 degli Studi Suor Orsola Benincasa di Napoli viene inaugurata la quarta edizione della rassegna Cinema, Letteratura e Diritto. L\u2019appuntamento inaugurale sar\u00e0 dedicato alla proiezione del film \u201c..e l\u2019uomo cre\u00f2 Satana\u201d di Stanley Kramer (USA,1960 ) che verr\u00e0 presentato da Roberto Defez, biologo all\u2019Istituto di Genetica e Biofisica del Cnr di Napoli e Vincenzo Omaggio, docente di Teoria dell\u2019interpretazione e dell\u2019argomentazione giuridica presso l\u2019Universit\u00e0 Suor Orsola Benincasa. \u201cSi tratta di un\u2019iniziativa originale \u2013 spiega Franco Fichera, preside della Facolt\u00e0 di Giurisprudenza del Suor Orsola \u2013 nata nel 2006 nel nostro Ateneo ed ora riproposta anche in altre universit\u00e0, il che per noi rappresenta un motivo di grande soddisfazione. Anche perch\u00e9 in un contesto accademico molto attento agli approfondimenti teorici ed alle dimensioni pragmatiche del diritto, a mio giudizio, per gli studenti assume un grande valore didattico e di riflessione potersi confrontare con gli sguardi sulla realt\u00e0 che pu\u00f2 offrire un\u2019opera letteraria o cinematografica\u201d.La rassegna, che ha per titolo \u201cDavanti alla legge. Immaginare il diritto\u201d con un chiaro riferimento alla celebre parabola kafkiana sulla necessit\u00e0 della legge, come da tradizione , il ciclo alterner\u00e0 proiezioni cinematografiche a lezioni sui classici della letteratura, sempre con il filo conduttore del diritto e dei suoi tanti risvolti pratici e teoretici.<\/p><div class=\"6d3639e8c6ac292cde400fad8ff8a5b9\" data-index=\"1\" style=\"float: none; margin:10px 0 10px 0; text-align:center;\">\n<script async src=\"\/\/pagead2.googlesyndication.com\/pagead\/js\/adsbygoogle.js\"><\/script>\r\n<!-- Casting Bambini NEW -->\r\n<ins class=\"adsbygoogle\"\r\n     style=\"display:inline-block;width:336px;height:280px\"\r\n     data-ad-client=\"ca-pub-5538097485429833\"\r\n     data-ad-slot=\"5127154445\"><\/ins>\r\n<script>\r\n(adsbygoogle = window.adsbygoogle || []).push({});\r\n<\/script>\n<\/div>\n\n<p style=\"text-align: justify;\">\nSugli schermi dell\u2019Aula Magna del Suor Orsola si alterneranno pellicole che hanno fatto la storia del cinema come \u201c..e l\u2019uomo cre\u00f2 Satana\u201d di Stanley Kramer (USA, 1960 ) o \u201cIn nome della legge\u201d di Pietro Germi (Italia, 1949) e nuove ed interessanti letture cinematografiche dei problemi giuridici degli ordinamenti contemporanei come quelle proposte da Jean-Pierre e Luc Dardenne ne \u201cIl matrimonio di Lorna\u201d (Belgio, 2008) o da Clint Eastwood in \u201cGran Torino\u201d (USA 2008).<\/p>\n<p><img loading=\"lazy\" decoding=\"async\" class=\"alignleft size-full wp-image-544\" style=\"text-align: justify;\" title=\"clint\" src=\"https:\/\/castingnews.eu\/magazine\/wp-content\/uploads\/2009\/10\/clint-1.jpg\" alt=\"clint\" width=\"194\" height=\"300\" \/><\/p>\n<p style=\"text-align: justify;\">Un appuntamento particolarmente significativo sar\u00e0 quello di marted\u00ec 10 Novembre con la proiezione di uno dei pi\u00f9 grandi capolavori del cinema italiano \u201cIn nome della legge\u201d di Pietro Germi (Italia 1949) ed il successivo dibattito sul tema \u201cMafie e giustizia\u201d con la partecipazione di Antonio Ingroia, procuratore aggiunto della DDA &#8211; Direzione Distrettuale Antimafia di Palermo, Lia Sava, sostituto procuratore della DDA di Palermo e Raffaele Marino, sostituto procuratore della DDA di Napoli. La rassegna avr\u00e0 luogo presso l\u2019Universit\u00e0 Suor Orsola Benincasa tutti i marted\u00ec alle ore 15-30 fino al 15 Dicembre e vedr\u00e0, tra gli altri, gli autorevoli interventi di Gianni Canova, docente di Teoria e critica del cinema allo IULM di Milano., Gennaro Carillo, docente di Storia delle dottrine politiche all\u2019Universit\u00e0 Suor Orsola Benincasa, Antoine Garapon, direttore dell\u2019Istituto di Alti Studi sulla Giustizia di Parigi, Roberto Escobar, firma prestigiosa della critica cinematografica per il Sole24ore e Roberto Scarpinato, scrittore e procuratore aggiunto presso la Direzione Distrettuale Antimafia di Palermo.<br \/>\nVai al programma completo<\/p>\n<p style=\"text-align: justify;\"><a href=\"http:\/\/www.unisob.na.it\/eventi\/eventi.htm?vr=1&amp;id=5928\" target=\"_blank\">http:\/\/www.unisob.na.it\/eventi\/eventi.htm?vr=1&amp;id=5928<\/a><\/p>\n\n<div style=\"font-size: 0px; height: 0px; line-height: 0px; margin: 0; padding: 0; clear: both;\"><\/div>","protected":false},"excerpt":{"rendered":"<p>Al via la rassegna dell\u2019Universit\u00e0 Suor Orsola Benincasa di Napoli &#8211;\u00a013 Ottobre &#8211; 15 Dicembre 2009 Marted\u00ec 13 Ottobre 2009 alle ore 15.30 presso l\u2019Aula Magna dell\u2019Universit\u00e0 degli Studi Suor Orsola Benincasa di Napoli viene inaugurata la quarta edizione della rassegna Cinema, Letteratura e Diritto. L\u2019appuntamento inaugurale sar\u00e0 dedicato alla proiezione del film \u201c..e l\u2019uomo [&hellip;]<\/p>\n","protected":false},"author":1,"featured_media":542,"comment_status":"closed","ping_status":"open","sticky":false,"template":"","format":"standard","meta":{"tdm_status":"","tdm_grid_status":"","footnotes":""},"categories":[33],"tags":[194,302,410,794,993,1114,1144,1323],"class_list":{"0":"post-541","1":"post","2":"type-post","3":"status-publish","4":"format-standard","5":"has-post-thumbnail","7":"category-rassegne","8":"tag-aula-magna","9":"tag-cinema","10":"tag-diritto","11":"tag-letteratura","12":"tag-napoli","13":"tag-proiezione","14":"tag-rassegna","15":"tag-suor-orsola"},"yoast_head":"<!-- This site is optimized with the Yoast SEO plugin v27.4 - https:\/\/yoast.com\/product\/yoast-seo-wordpress\/ -->\r\n<title>Cinema Letteratura e Diritto IV Edizione - Casting News Magazine<\/title>\r\n<meta name=\"robots\" content=\"index, follow, max-snippet:-1, max-image-preview:large, max-video-preview:-1\" \/>\r\n<link rel=\"canonical\" href=\"https:\/\/www.castingnews.eu\/magazine\/2009\/10\/13\/cinema-letteratura-e-diritto-iv-edizione\/\" \/>\r\n<meta property=\"og:locale\" content=\"it_IT\" \/>\r\n<meta property=\"og:type\" content=\"article\" \/>\r\n<meta property=\"og:title\" content=\"Cinema Letteratura e Diritto IV Edizione - Casting News Magazine\" \/>\r\n<meta property=\"og:description\" content=\"Al via la rassegna dell\u2019Universit\u00e0 Suor Orsola Benincasa di Napoli &#8211;\u00a013 Ottobre &#8211; 15 Dicembre 2009 Marted\u00ec 13 Ottobre 2009 alle ore 15.30 presso l\u2019Aula Magna dell\u2019Universit\u00e0 degli Studi Suor Orsola Benincasa di Napoli viene inaugurata la quarta edizione della rassegna Cinema, Letteratura e Diritto. L\u2019appuntamento inaugurale sar\u00e0 dedicato alla proiezione del film \u201c..e l\u2019uomo [&hellip;]\" \/>\r\n<meta property=\"og:url\" content=\"https:\/\/www.castingnews.eu\/magazine\/2009\/10\/13\/cinema-letteratura-e-diritto-iv-edizione\/\" \/>\r\n<meta property=\"og:site_name\" content=\"Casting News Magazine\" \/>\r\n<meta property=\"article:published_time\" content=\"2009-10-13T20:21:44+00:00\" \/>\r\n<meta property=\"og:image\" content=\"https:\/\/www.castingnews.eu\/magazine\/wp-content\/uploads\/2009\/10\/Roberto-Scarpinato-1.jpg\" \/>\r\n\t<meta property=\"og:image:width\" content=\"300\" \/>\r\n\t<meta property=\"og:image:height\" content=\"230\" \/>\r\n\t<meta property=\"og:image:type\" content=\"image\/jpeg\" \/>\r\n<meta name=\"author\" content=\"Redazione\" \/>\r\n<meta name=\"twitter:card\" content=\"summary_large_image\" \/>\r\n<meta name=\"twitter:label1\" content=\"Scritto da\" \/>\n\t<meta name=\"twitter:data1\" content=\"Redazione\" \/>\n\t<meta name=\"twitter:label2\" content=\"Tempo di lettura stimato\" \/>\n\t<meta name=\"twitter:data2\" content=\"2 minuti\" \/>\r\n<script type=\"application\/ld+json\" class=\"yoast-schema-graph\">{\"@context\":\"https:\\\/\\\/schema.org\",\"@graph\":[{\"@type\":\"Article\",\"@id\":\"https:\\\/\\\/www.castingnews.eu\\\/magazine\\\/2009\\\/10\\\/13\\\/cinema-letteratura-e-diritto-iv-edizione\\\/#article\",\"isPartOf\":{\"@id\":\"https:\\\/\\\/www.castingnews.eu\\\/magazine\\\/2009\\\/10\\\/13\\\/cinema-letteratura-e-diritto-iv-edizione\\\/\"},\"author\":{\"name\":\"Redazione\",\"@id\":\"https:\\\/\\\/www.castingnews.eu\\\/magazine\\\/#\\\/schema\\\/person\\\/099d71c568c9a7e5e4037b1594108f17\"},\"headline\":\"Cinema Letteratura e Diritto IV Edizione\",\"datePublished\":\"2009-10-13T20:21:44+00:00\",\"mainEntityOfPage\":{\"@id\":\"https:\\\/\\\/www.castingnews.eu\\\/magazine\\\/2009\\\/10\\\/13\\\/cinema-letteratura-e-diritto-iv-edizione\\\/\"},\"wordCount\":488,\"image\":{\"@id\":\"https:\\\/\\\/www.castingnews.eu\\\/magazine\\\/2009\\\/10\\\/13\\\/cinema-letteratura-e-diritto-iv-edizione\\\/#primaryimage\"},\"thumbnailUrl\":\"https:\\\/\\\/www.castingnews.eu\\\/magazine\\\/wp-content\\\/uploads\\\/2009\\\/10\\\/Roberto-Scarpinato-1.jpg\",\"keywords\":[\"Aula Magna\",\"Cinema\",\"Diritto\",\"Letteratura\",\"Napoli\",\"Proiezione\",\"Rassegna\",\"Suor Orsola\"],\"articleSection\":[\"Rassegne\"],\"inLanguage\":\"it-IT\"},{\"@type\":\"WebPage\",\"@id\":\"https:\\\/\\\/www.castingnews.eu\\\/magazine\\\/2009\\\/10\\\/13\\\/cinema-letteratura-e-diritto-iv-edizione\\\/\",\"url\":\"https:\\\/\\\/www.castingnews.eu\\\/magazine\\\/2009\\\/10\\\/13\\\/cinema-letteratura-e-diritto-iv-edizione\\\/\",\"name\":\"Cinema Letteratura e Diritto IV Edizione - Casting News Magazine\",\"isPartOf\":{\"@id\":\"https:\\\/\\\/www.castingnews.eu\\\/magazine\\\/#website\"},\"primaryImageOfPage\":{\"@id\":\"https:\\\/\\\/www.castingnews.eu\\\/magazine\\\/2009\\\/10\\\/13\\\/cinema-letteratura-e-diritto-iv-edizione\\\/#primaryimage\"},\"image\":{\"@id\":\"https:\\\/\\\/www.castingnews.eu\\\/magazine\\\/2009\\\/10\\\/13\\\/cinema-letteratura-e-diritto-iv-edizione\\\/#primaryimage\"},\"thumbnailUrl\":\"https:\\\/\\\/www.castingnews.eu\\\/magazine\\\/wp-content\\\/uploads\\\/2009\\\/10\\\/Roberto-Scarpinato-1.jpg\",\"datePublished\":\"2009-10-13T20:21:44+00:00\",\"author\":{\"@id\":\"https:\\\/\\\/www.castingnews.eu\\\/magazine\\\/#\\\/schema\\\/person\\\/099d71c568c9a7e5e4037b1594108f17\"},\"breadcrumb\":{\"@id\":\"https:\\\/\\\/www.castingnews.eu\\\/magazine\\\/2009\\\/10\\\/13\\\/cinema-letteratura-e-diritto-iv-edizione\\\/#breadcrumb\"},\"inLanguage\":\"it-IT\",\"potentialAction\":[{\"@type\":\"ReadAction\",\"target\":[\"https:\\\/\\\/www.castingnews.eu\\\/magazine\\\/2009\\\/10\\\/13\\\/cinema-letteratura-e-diritto-iv-edizione\\\/\"]}]},{\"@type\":\"ImageObject\",\"inLanguage\":\"it-IT\",\"@id\":\"https:\\\/\\\/www.castingnews.eu\\\/magazine\\\/2009\\\/10\\\/13\\\/cinema-letteratura-e-diritto-iv-edizione\\\/#primaryimage\",\"url\":\"https:\\\/\\\/www.castingnews.eu\\\/magazine\\\/wp-content\\\/uploads\\\/2009\\\/10\\\/Roberto-Scarpinato-1.jpg\",\"contentUrl\":\"https:\\\/\\\/www.castingnews.eu\\\/magazine\\\/wp-content\\\/uploads\\\/2009\\\/10\\\/Roberto-Scarpinato-1.jpg\",\"width\":300,\"height\":230},{\"@type\":\"BreadcrumbList\",\"@id\":\"https:\\\/\\\/www.castingnews.eu\\\/magazine\\\/2009\\\/10\\\/13\\\/cinema-letteratura-e-diritto-iv-edizione\\\/#breadcrumb\",\"itemListElement\":[{\"@type\":\"ListItem\",\"position\":1,\"name\":\"Home\",\"item\":\"https:\\\/\\\/www.castingnews.eu\\\/magazine\\\/\"},{\"@type\":\"ListItem\",\"position\":2,\"name\":\"Cinema Letteratura e Diritto IV Edizione\"}]},{\"@type\":\"WebSite\",\"@id\":\"https:\\\/\\\/www.castingnews.eu\\\/magazine\\\/#website\",\"url\":\"https:\\\/\\\/www.castingnews.eu\\\/magazine\\\/\",\"name\":\"Casting News Magazine\",\"description\":\"News e aggiornamenti sui film, serie tv, teatro e festival italiani ed internazionali\",\"potentialAction\":[{\"@type\":\"SearchAction\",\"target\":{\"@type\":\"EntryPoint\",\"urlTemplate\":\"https:\\\/\\\/www.castingnews.eu\\\/magazine\\\/?s={search_term_string}\"},\"query-input\":{\"@type\":\"PropertyValueSpecification\",\"valueRequired\":true,\"valueName\":\"search_term_string\"}}],\"inLanguage\":\"it-IT\"},{\"@type\":\"Person\",\"@id\":\"https:\\\/\\\/www.castingnews.eu\\\/magazine\\\/#\\\/schema\\\/person\\\/099d71c568c9a7e5e4037b1594108f17\",\"name\":\"Redazione\",\"image\":{\"@type\":\"ImageObject\",\"inLanguage\":\"it-IT\",\"@id\":\"https:\\\/\\\/secure.gravatar.com\\\/avatar\\\/b73a087aa3bd279fb70d24f1960a91c82cf67619395b60b564c90e9e5d5325fc?s=96&d=mm&r=g\",\"url\":\"https:\\\/\\\/secure.gravatar.com\\\/avatar\\\/b73a087aa3bd279fb70d24f1960a91c82cf67619395b60b564c90e9e5d5325fc?s=96&d=mm&r=g\",\"contentUrl\":\"https:\\\/\\\/secure.gravatar.com\\\/avatar\\\/b73a087aa3bd279fb70d24f1960a91c82cf67619395b60b564c90e9e5d5325fc?s=96&d=mm&r=g\",\"caption\":\"Redazione\"},\"description\":\"News e aggiornamenti sui film, serie tv, teatro e festival italiani ed internazionali.\",\"url\":\"https:\\\/\\\/www.castingnews.eu\\\/magazine\\\/author\\\/redazione\\\/\"}]}<\/script>\r\n<!-- \/ Yoast SEO plugin. -->","yoast_head_json":{"title":"Cinema Letteratura e Diritto IV Edizione - Casting News Magazine","robots":{"index":"index","follow":"follow","max-snippet":"max-snippet:-1","max-image-preview":"max-image-preview:large","max-video-preview":"max-video-preview:-1"},"canonical":"https:\/\/www.castingnews.eu\/magazine\/2009\/10\/13\/cinema-letteratura-e-diritto-iv-edizione\/","og_locale":"it_IT","og_type":"article","og_title":"Cinema Letteratura e Diritto IV Edizione - Casting News Magazine","og_description":"Al via la rassegna dell\u2019Universit\u00e0 Suor Orsola Benincasa di Napoli &#8211;\u00a013 Ottobre &#8211; 15 Dicembre 2009 Marted\u00ec 13 Ottobre 2009 alle ore 15.30 presso l\u2019Aula Magna dell\u2019Universit\u00e0 degli Studi Suor Orsola Benincasa di Napoli viene inaugurata la quarta edizione della rassegna Cinema, Letteratura e Diritto. L\u2019appuntamento inaugurale sar\u00e0 dedicato alla proiezione del film \u201c..e l\u2019uomo [&hellip;]","og_url":"https:\/\/www.castingnews.eu\/magazine\/2009\/10\/13\/cinema-letteratura-e-diritto-iv-edizione\/","og_site_name":"Casting News Magazine","article_published_time":"2009-10-13T20:21:44+00:00","og_image":[{"width":300,"height":230,"url":"https:\/\/www.castingnews.eu\/magazine\/wp-content\/uploads\/2009\/10\/Roberto-Scarpinato-1.jpg","type":"image\/jpeg"}],"author":"Redazione","twitter_card":"summary_large_image","twitter_misc":{"Scritto da":"Redazione","Tempo di lettura stimato":"2 minuti"},"schema":{"@context":"https:\/\/schema.org","@graph":[{"@type":"Article","@id":"https:\/\/www.castingnews.eu\/magazine\/2009\/10\/13\/cinema-letteratura-e-diritto-iv-edizione\/#article","isPartOf":{"@id":"https:\/\/www.castingnews.eu\/magazine\/2009\/10\/13\/cinema-letteratura-e-diritto-iv-edizione\/"},"author":{"name":"Redazione","@id":"https:\/\/www.castingnews.eu\/magazine\/#\/schema\/person\/099d71c568c9a7e5e4037b1594108f17"},"headline":"Cinema Letteratura e Diritto IV Edizione","datePublished":"2009-10-13T20:21:44+00:00","mainEntityOfPage":{"@id":"https:\/\/www.castingnews.eu\/magazine\/2009\/10\/13\/cinema-letteratura-e-diritto-iv-edizione\/"},"wordCount":488,"image":{"@id":"https:\/\/www.castingnews.eu\/magazine\/2009\/10\/13\/cinema-letteratura-e-diritto-iv-edizione\/#primaryimage"},"thumbnailUrl":"https:\/\/www.castingnews.eu\/magazine\/wp-content\/uploads\/2009\/10\/Roberto-Scarpinato-1.jpg","keywords":["Aula Magna","Cinema","Diritto","Letteratura","Napoli","Proiezione","Rassegna","Suor Orsola"],"articleSection":["Rassegne"],"inLanguage":"it-IT"},{"@type":"WebPage","@id":"https:\/\/www.castingnews.eu\/magazine\/2009\/10\/13\/cinema-letteratura-e-diritto-iv-edizione\/","url":"https:\/\/www.castingnews.eu\/magazine\/2009\/10\/13\/cinema-letteratura-e-diritto-iv-edizione\/","name":"Cinema Letteratura e Diritto IV Edizione - Casting News Magazine","isPartOf":{"@id":"https:\/\/www.castingnews.eu\/magazine\/#website"},"primaryImageOfPage":{"@id":"https:\/\/www.castingnews.eu\/magazine\/2009\/10\/13\/cinema-letteratura-e-diritto-iv-edizione\/#primaryimage"},"image":{"@id":"https:\/\/www.castingnews.eu\/magazine\/2009\/10\/13\/cinema-letteratura-e-diritto-iv-edizione\/#primaryimage"},"thumbnailUrl":"https:\/\/www.castingnews.eu\/magazine\/wp-content\/uploads\/2009\/10\/Roberto-Scarpinato-1.jpg","datePublished":"2009-10-13T20:21:44+00:00","author":{"@id":"https:\/\/www.castingnews.eu\/magazine\/#\/schema\/person\/099d71c568c9a7e5e4037b1594108f17"},"breadcrumb":{"@id":"https:\/\/www.castingnews.eu\/magazine\/2009\/10\/13\/cinema-letteratura-e-diritto-iv-edizione\/#breadcrumb"},"inLanguage":"it-IT","potentialAction":[{"@type":"ReadAction","target":["https:\/\/www.castingnews.eu\/magazine\/2009\/10\/13\/cinema-letteratura-e-diritto-iv-edizione\/"]}]},{"@type":"ImageObject","inLanguage":"it-IT","@id":"https:\/\/www.castingnews.eu\/magazine\/2009\/10\/13\/cinema-letteratura-e-diritto-iv-edizione\/#primaryimage","url":"https:\/\/www.castingnews.eu\/magazine\/wp-content\/uploads\/2009\/10\/Roberto-Scarpinato-1.jpg","contentUrl":"https:\/\/www.castingnews.eu\/magazine\/wp-content\/uploads\/2009\/10\/Roberto-Scarpinato-1.jpg","width":300,"height":230},{"@type":"BreadcrumbList","@id":"https:\/\/www.castingnews.eu\/magazine\/2009\/10\/13\/cinema-letteratura-e-diritto-iv-edizione\/#breadcrumb","itemListElement":[{"@type":"ListItem","position":1,"name":"Home","item":"https:\/\/www.castingnews.eu\/magazine\/"},{"@type":"ListItem","position":2,"name":"Cinema Letteratura e Diritto IV Edizione"}]},{"@type":"WebSite","@id":"https:\/\/www.castingnews.eu\/magazine\/#website","url":"https:\/\/www.castingnews.eu\/magazine\/","name":"Casting News Magazine","description":"News e aggiornamenti sui film, serie tv, teatro e festival italiani ed internazionali","potentialAction":[{"@type":"SearchAction","target":{"@type":"EntryPoint","urlTemplate":"https:\/\/www.castingnews.eu\/magazine\/?s={search_term_string}"},"query-input":{"@type":"PropertyValueSpecification","valueRequired":true,"valueName":"search_term_string"}}],"inLanguage":"it-IT"},{"@type":"Person","@id":"https:\/\/www.castingnews.eu\/magazine\/#\/schema\/person\/099d71c568c9a7e5e4037b1594108f17","name":"Redazione","image":{"@type":"ImageObject","inLanguage":"it-IT","@id":"https:\/\/secure.gravatar.com\/avatar\/b73a087aa3bd279fb70d24f1960a91c82cf67619395b60b564c90e9e5d5325fc?s=96&d=mm&r=g","url":"https:\/\/secure.gravatar.com\/avatar\/b73a087aa3bd279fb70d24f1960a91c82cf67619395b60b564c90e9e5d5325fc?s=96&d=mm&r=g","contentUrl":"https:\/\/secure.gravatar.com\/avatar\/b73a087aa3bd279fb70d24f1960a91c82cf67619395b60b564c90e9e5d5325fc?s=96&d=mm&r=g","caption":"Redazione"},"description":"News e aggiornamenti sui film, serie tv, teatro e festival italiani ed internazionali.","url":"https:\/\/www.castingnews.eu\/magazine\/author\/redazione\/"}]}},"_links":{"self":[{"href":"https:\/\/www.castingnews.eu\/magazine\/wp-json\/wp\/v2\/posts\/541","targetHints":{"allow":["GET"]}}],"collection":[{"href":"https:\/\/www.castingnews.eu\/magazine\/wp-json\/wp\/v2\/posts"}],"about":[{"href":"https:\/\/www.castingnews.eu\/magazine\/wp-json\/wp\/v2\/types\/post"}],"author":[{"embeddable":true,"href":"https:\/\/www.castingnews.eu\/magazine\/wp-json\/wp\/v2\/users\/1"}],"replies":[{"embeddable":true,"href":"https:\/\/www.castingnews.eu\/magazine\/wp-json\/wp\/v2\/comments?post=541"}],"version-history":[{"count":0,"href":"https:\/\/www.castingnews.eu\/magazine\/wp-json\/wp\/v2\/posts\/541\/revisions"}],"wp:featuredmedia":[{"embeddable":true,"href":"https:\/\/www.castingnews.eu\/magazine\/wp-json\/wp\/v2\/media\/542"}],"wp:attachment":[{"href":"https:\/\/www.castingnews.eu\/magazine\/wp-json\/wp\/v2\/media?parent=541"}],"wp:term":[{"taxonomy":"category","embeddable":true,"href":"https:\/\/www.castingnews.eu\/magazine\/wp-json\/wp\/v2\/categories?post=541"},{"taxonomy":"post_tag","embeddable":true,"href":"https:\/\/www.castingnews.eu\/magazine\/wp-json\/wp\/v2\/tags?post=541"}],"curies":[{"name":"wp","href":"https:\/\/api.w.org\/{rel}","templated":true}]}}