{"id":5400,"date":"2023-03-20T20:13:43","date_gmt":"2023-03-20T19:13:43","guid":{"rendered":"https:\/\/www.castingnews.eu\/magazine\/?p=5400"},"modified":"2023-03-25T14:37:24","modified_gmt":"2023-03-25T13:37:24","slug":"casting-ruoli-per-il-per-il-progetto-cinematografico-u-s-palmese","status":"publish","type":"post","link":"https:\/\/www.castingnews.eu\/magazine\/2023\/03\/20\/casting-ruoli-per-il-per-il-progetto-cinematografico-u-s-palmese\/","title":{"rendered":"Casting ruoli per il per il progetto cinematografico \u201cU.S. Palmese\u201d"},"content":{"rendered":"\n<p>Casting ancora aperti per il nuovo <strong>progetto cinematografico<\/strong> dal titolo<strong><a href=\"https:\/\/www.castingnews.eu\/news\/news.asp?id_news=10131&amp;id_cat=2\"> \u201cU.S. Palmese\u201d<\/a><\/strong>, prodotto da Mompracem e diretto dai <strong>fratelli Manetti<\/strong>. Le riprese del film si svolgeranno in Calabria da met\u00e0 maggio a met\u00e0 luglio 2023.<\/p><div class=\"6d3639e8c6ac292cde400fad8ff8a5b9\" data-index=\"1\" style=\"float: none; margin:10px 0 10px 0; text-align:center;\">\n<script async src=\"\/\/pagead2.googlesyndication.com\/pagead\/js\/adsbygoogle.js\"><\/script>\r\n<!-- Casting Bambini NEW -->\r\n<ins class=\"adsbygoogle\"\r\n     style=\"display:inline-block;width:336px;height:280px\"\r\n     data-ad-client=\"ca-pub-5538097485429833\"\r\n     data-ad-slot=\"5127154445\"><\/ins>\r\n<script>\r\n(adsbygoogle = window.adsbygoogle || []).push({});\r\n<\/script>\n<\/div>\n\n\n\n\n<p><strong>La produzione \u00e8 ancora alla ricerca di seguenti ruoli:<\/strong><br>&#8211; Professore Macr\u00ec: et\u00e0 50\\60 anni (intellettuale palmisano);<br>&#8211; Peppi Mpiccia: et\u00e0 40\\50 anni (il matto del paese, balbuziente);<br>&#8211; Melo Fiorino<em>: et\u00e0 20\\35 anni, (portiere) bella presenza, deve saper giocare a calcio e nuotare; -Manuele Surace<\/em>: et\u00e0 20\\35 anni, (calciatore) deve saper giocare a calcio;<br>&#8211; Ninuzzo Cangemi<em>: et\u00e0 20\\35 anni, (calciatore) deve saper giocare a calcio; -Peppe Reddocili<\/em>: et\u00e0 20\\35 anni, (calciatore) deve saper giocare a calcio;<br>&#8211; Don Reddocili: dai 40 anni in su (delinquente di buona famiglia);<br>&#8211; Antonio Lagan\u00e0: dai 50 anni in su (architetto donnaiolo);<br>&#8211; Giovanni Pugliese: et\u00e0 35 anni, bell\u2019uomo (imprenditore elegante).<br><strong>Tutti i dettagli sono disponibili nell\u2019area riservata di Casting News Professional al seguente link:<a href=\"https:\/\/www.castingnews.eu\/news\/news.asp?id_news=10131&amp;id_cat=2\"> \u201cU.S. Palmese\u201d, casting ruoli per il nuovo lungometraggio diretto dai fratelli Manetti<\/a><\/strong><\/p>\n\n\n\n<p><strong>I fratelli Manetti<\/strong>, Fabio e Fabio Manetti, sono noti per la loro innovativa visione cinematografica e televisiva. Nati a Firenze negli anni &#8217;70, i due fratelli hanno studiato cinema e si sono affermati sulla scena italiana e internazionale grazie alla loro capacit\u00e0 di creare opere originali e coinvolgenti.<br>I Manetti sono noti per aver diretto film di successo come &#8220;L&#8217;Arrivo di Wang&#8221; (2011) e &#8220;Song&#8217;e Napule&#8221; (2013), ma hanno acquisito una grande popolarit\u00e0 anche grazie alla loro attivit\u00e0 televisiva. Tra i loro lavori pi\u00f9 famosi ci sono le serie televisive &#8220;Non uccidere&#8221; e &#8220;Ultras&#8221;, prodotte rispettivamente da Rai Fiction e Netflix.<br>Il loro stile registico \u00e8 caratterizzato da un uso sapiente della luce e della musica, che creano un&#8217;atmosfera unica e coinvolgente. I Manetti sono in grado di creare personaggi profondi e complessi, capaci di catturare l&#8217;attenzione del pubblico e di suscitare emozioni intense.<br>I fratelli Manetti rappresentano una nuova generazione di registi italiani, capaci di rinnovare il cinema e la televisione del nostro Paese, portando avanti la tradizione della grande arte italiana con un tocco di freschezza e modernit\u00e0. La loro creativit\u00e0 e la loro passione per il cinema continuano ad ispirare e ad appassionare il pubblico in Italia e all&#8217;estero.<\/p>\n\n<div style=\"font-size: 0px; height: 0px; line-height: 0px; margin: 0; padding: 0; clear: both;\"><\/div>","protected":false},"excerpt":{"rendered":"<p>Casting ancora aperti per il nuovo progetto cinematografico dal titolo \u201cU.S. Palmese\u201d, prodotto da Mompracem e diretto dai fratelli Manetti. Le riprese del film si svolgeranno in Calabria da met\u00e0 maggio a met\u00e0 luglio 2023. La produzione \u00e8 ancora alla ricerca di seguenti ruoli:&#8211; Professore Macr\u00ec: et\u00e0 50\\60 anni (intellettuale palmisano);&#8211; Peppi Mpiccia: et\u00e0 40\\50 [&hellip;]<\/p>\n","protected":false},"author":1,"featured_media":5401,"comment_status":"open","ping_status":"open","sticky":false,"template":"","format":"standard","meta":{"tdm_status":"","tdm_grid_status":"","footnotes":""},"categories":[3954,3,4,1533,71,21,30],"tags":[1826,266,3806,3676,2224,2295,272,273,302,534,4372,4373,1113,1118,4371],"class_list":{"0":"post-5400","1":"post","2":"type-post","3":"status-publish","4":"format-standard","5":"has-post-thumbnail","7":"category-calabria","8":"category-casting-cinematografici","9":"category-cinema-casting","10":"category-featured","11":"category-italia-paese","12":"category-in-primo-piano","13":"category-progetti-cinematografici","14":"tag-calabria","15":"tag-casting","16":"tag-casting-calabria","17":"tag-casting-call","18":"tag-casting-film","19":"tag-casting-in-calabria","20":"tag-casting-magazine","21":"tag-casting-news","22":"tag-cinema","23":"tag-film","24":"tag-fratelli-manetti","25":"tag-mompracem","26":"tag-progetto-cinematografico","27":"tag-provini","28":"tag-u-s-palmese"},"yoast_head":"<!-- This site is optimized with the Yoast SEO plugin v27.4 - https:\/\/yoast.com\/product\/yoast-seo-wordpress\/ -->\r\n<title>Casting ruoli per il per il progetto cinematografico \u201cU.S. Palmese\u201d - Casting News Magazine<\/title>\r\n<meta name=\"description\" content=\"Casting ancora aperti per il nuovo progetto cinematografico dal titolo \u201cU.S. Palmese\u201d, prodotto da Mompracem e diretto dai fratelli Manetti.\" \/>\r\n<meta name=\"robots\" content=\"index, follow, max-snippet:-1, max-image-preview:large, max-video-preview:-1\" \/>\r\n<link rel=\"canonical\" href=\"https:\/\/www.castingnews.eu\/magazine\/2023\/03\/20\/casting-ruoli-per-il-per-il-progetto-cinematografico-u-s-palmese\/\" \/>\r\n<meta property=\"og:locale\" content=\"it_IT\" \/>\r\n<meta property=\"og:type\" content=\"article\" \/>\r\n<meta property=\"og:title\" content=\"Casting ruoli per il per il progetto cinematografico \u201cU.S. Palmese\u201d - Casting News Magazine\" \/>\r\n<meta property=\"og:description\" content=\"Casting ancora aperti per il nuovo progetto cinematografico dal titolo \u201cU.S. Palmese\u201d, prodotto da Mompracem e diretto dai fratelli Manetti.\" \/>\r\n<meta property=\"og:url\" content=\"https:\/\/www.castingnews.eu\/magazine\/2023\/03\/20\/casting-ruoli-per-il-per-il-progetto-cinematografico-u-s-palmese\/\" \/>\r\n<meta property=\"og:site_name\" content=\"Casting News Magazine\" \/>\r\n<meta property=\"article:published_time\" content=\"2023-03-20T19:13:43+00:00\" \/>\r\n<meta property=\"article:modified_time\" content=\"2023-03-25T13:37:24+00:00\" \/>\r\n<meta property=\"og:image\" content=\"https:\/\/www.castingnews.eu\/magazine\/wp-content\/uploads\/2023\/03\/Fratelli-Manetti.jpg\" \/>\r\n\t<meta property=\"og:image:width\" content=\"800\" \/>\r\n\t<meta property=\"og:image:height\" content=\"441\" \/>\r\n\t<meta property=\"og:image:type\" content=\"image\/jpeg\" \/>\r\n<meta name=\"author\" content=\"Redazione\" \/>\r\n<meta name=\"twitter:card\" content=\"summary_large_image\" \/>\r\n<meta name=\"twitter:label1\" content=\"Scritto da\" \/>\n\t<meta name=\"twitter:data1\" content=\"Redazione\" \/>\n\t<meta name=\"twitter:label2\" content=\"Tempo di lettura stimato\" \/>\n\t<meta name=\"twitter:data2\" content=\"2 minuti\" \/>\r\n<script type=\"application\/ld+json\" class=\"yoast-schema-graph\">{\"@context\":\"https:\\\/\\\/schema.org\",\"@graph\":[{\"@type\":\"Article\",\"@id\":\"https:\\\/\\\/www.castingnews.eu\\\/magazine\\\/2023\\\/03\\\/20\\\/casting-ruoli-per-il-per-il-progetto-cinematografico-u-s-palmese\\\/#article\",\"isPartOf\":{\"@id\":\"https:\\\/\\\/www.castingnews.eu\\\/magazine\\\/2023\\\/03\\\/20\\\/casting-ruoli-per-il-per-il-progetto-cinematografico-u-s-palmese\\\/\"},\"author\":{\"name\":\"Redazione\",\"@id\":\"https:\\\/\\\/www.castingnews.eu\\\/magazine\\\/#\\\/schema\\\/person\\\/099d71c568c9a7e5e4037b1594108f17\"},\"headline\":\"Casting ruoli per il per il progetto cinematografico \u201cU.S. Palmese\u201d\",\"datePublished\":\"2023-03-20T19:13:43+00:00\",\"dateModified\":\"2023-03-25T13:37:24+00:00\",\"mainEntityOfPage\":{\"@id\":\"https:\\\/\\\/www.castingnews.eu\\\/magazine\\\/2023\\\/03\\\/20\\\/casting-ruoli-per-il-per-il-progetto-cinematografico-u-s-palmese\\\/\"},\"wordCount\":377,\"commentCount\":0,\"image\":{\"@id\":\"https:\\\/\\\/www.castingnews.eu\\\/magazine\\\/2023\\\/03\\\/20\\\/casting-ruoli-per-il-per-il-progetto-cinematografico-u-s-palmese\\\/#primaryimage\"},\"thumbnailUrl\":\"https:\\\/\\\/www.castingnews.eu\\\/magazine\\\/wp-content\\\/uploads\\\/2023\\\/03\\\/Fratelli-Manetti.jpg\",\"keywords\":[\"Calabria\",\"casting\",\"Casting Calabria\",\"casting call\",\"casting film\",\"Casting in Calabria\",\"Casting Magazine\",\"Casting News\",\"Cinema\",\"Film\",\"fratelli Manetti\",\"Mompracem\",\"progetto cinematografico\",\"Provini\",\"U.S. Palmese\"],\"articleSection\":[\"Calabria\",\"Casting Cinematografici\",\"Cinema\",\"In primo piano\",\"Italia\",\"Primo piano\",\"Progetti cinematografici\"],\"inLanguage\":\"it-IT\",\"potentialAction\":[{\"@type\":\"CommentAction\",\"name\":\"Comment\",\"target\":[\"https:\\\/\\\/www.castingnews.eu\\\/magazine\\\/2023\\\/03\\\/20\\\/casting-ruoli-per-il-per-il-progetto-cinematografico-u-s-palmese\\\/#respond\"]}]},{\"@type\":\"WebPage\",\"@id\":\"https:\\\/\\\/www.castingnews.eu\\\/magazine\\\/2023\\\/03\\\/20\\\/casting-ruoli-per-il-per-il-progetto-cinematografico-u-s-palmese\\\/\",\"url\":\"https:\\\/\\\/www.castingnews.eu\\\/magazine\\\/2023\\\/03\\\/20\\\/casting-ruoli-per-il-per-il-progetto-cinematografico-u-s-palmese\\\/\",\"name\":\"Casting ruoli per il per il progetto cinematografico \u201cU.S. Palmese\u201d - Casting News Magazine\",\"isPartOf\":{\"@id\":\"https:\\\/\\\/www.castingnews.eu\\\/magazine\\\/#website\"},\"primaryImageOfPage\":{\"@id\":\"https:\\\/\\\/www.castingnews.eu\\\/magazine\\\/2023\\\/03\\\/20\\\/casting-ruoli-per-il-per-il-progetto-cinematografico-u-s-palmese\\\/#primaryimage\"},\"image\":{\"@id\":\"https:\\\/\\\/www.castingnews.eu\\\/magazine\\\/2023\\\/03\\\/20\\\/casting-ruoli-per-il-per-il-progetto-cinematografico-u-s-palmese\\\/#primaryimage\"},\"thumbnailUrl\":\"https:\\\/\\\/www.castingnews.eu\\\/magazine\\\/wp-content\\\/uploads\\\/2023\\\/03\\\/Fratelli-Manetti.jpg\",\"datePublished\":\"2023-03-20T19:13:43+00:00\",\"dateModified\":\"2023-03-25T13:37:24+00:00\",\"author\":{\"@id\":\"https:\\\/\\\/www.castingnews.eu\\\/magazine\\\/#\\\/schema\\\/person\\\/099d71c568c9a7e5e4037b1594108f17\"},\"description\":\"Casting ancora aperti per il nuovo progetto cinematografico dal titolo \u201cU.S. Palmese\u201d, prodotto da Mompracem e diretto dai fratelli Manetti.\",\"breadcrumb\":{\"@id\":\"https:\\\/\\\/www.castingnews.eu\\\/magazine\\\/2023\\\/03\\\/20\\\/casting-ruoli-per-il-per-il-progetto-cinematografico-u-s-palmese\\\/#breadcrumb\"},\"inLanguage\":\"it-IT\",\"potentialAction\":[{\"@type\":\"ReadAction\",\"target\":[\"https:\\\/\\\/www.castingnews.eu\\\/magazine\\\/2023\\\/03\\\/20\\\/casting-ruoli-per-il-per-il-progetto-cinematografico-u-s-palmese\\\/\"]}]},{\"@type\":\"ImageObject\",\"inLanguage\":\"it-IT\",\"@id\":\"https:\\\/\\\/www.castingnews.eu\\\/magazine\\\/2023\\\/03\\\/20\\\/casting-ruoli-per-il-per-il-progetto-cinematografico-u-s-palmese\\\/#primaryimage\",\"url\":\"https:\\\/\\\/www.castingnews.eu\\\/magazine\\\/wp-content\\\/uploads\\\/2023\\\/03\\\/Fratelli-Manetti.jpg\",\"contentUrl\":\"https:\\\/\\\/www.castingnews.eu\\\/magazine\\\/wp-content\\\/uploads\\\/2023\\\/03\\\/Fratelli-Manetti.jpg\",\"width\":800,\"height\":441,\"caption\":\"Fratelli Manetti\"},{\"@type\":\"BreadcrumbList\",\"@id\":\"https:\\\/\\\/www.castingnews.eu\\\/magazine\\\/2023\\\/03\\\/20\\\/casting-ruoli-per-il-per-il-progetto-cinematografico-u-s-palmese\\\/#breadcrumb\",\"itemListElement\":[{\"@type\":\"ListItem\",\"position\":1,\"name\":\"Home\",\"item\":\"https:\\\/\\\/www.castingnews.eu\\\/magazine\\\/\"},{\"@type\":\"ListItem\",\"position\":2,\"name\":\"Casting ruoli per il per il progetto cinematografico \u201cU.S. Palmese\u201d\"}]},{\"@type\":\"WebSite\",\"@id\":\"https:\\\/\\\/www.castingnews.eu\\\/magazine\\\/#website\",\"url\":\"https:\\\/\\\/www.castingnews.eu\\\/magazine\\\/\",\"name\":\"Casting News Magazine\",\"description\":\"News e aggiornamenti sui film, serie tv, teatro e festival italiani ed internazionali\",\"potentialAction\":[{\"@type\":\"SearchAction\",\"target\":{\"@type\":\"EntryPoint\",\"urlTemplate\":\"https:\\\/\\\/www.castingnews.eu\\\/magazine\\\/?s={search_term_string}\"},\"query-input\":{\"@type\":\"PropertyValueSpecification\",\"valueRequired\":true,\"valueName\":\"search_term_string\"}}],\"inLanguage\":\"it-IT\"},{\"@type\":\"Person\",\"@id\":\"https:\\\/\\\/www.castingnews.eu\\\/magazine\\\/#\\\/schema\\\/person\\\/099d71c568c9a7e5e4037b1594108f17\",\"name\":\"Redazione\",\"image\":{\"@type\":\"ImageObject\",\"inLanguage\":\"it-IT\",\"@id\":\"https:\\\/\\\/secure.gravatar.com\\\/avatar\\\/b73a087aa3bd279fb70d24f1960a91c82cf67619395b60b564c90e9e5d5325fc?s=96&d=mm&r=g\",\"url\":\"https:\\\/\\\/secure.gravatar.com\\\/avatar\\\/b73a087aa3bd279fb70d24f1960a91c82cf67619395b60b564c90e9e5d5325fc?s=96&d=mm&r=g\",\"contentUrl\":\"https:\\\/\\\/secure.gravatar.com\\\/avatar\\\/b73a087aa3bd279fb70d24f1960a91c82cf67619395b60b564c90e9e5d5325fc?s=96&d=mm&r=g\",\"caption\":\"Redazione\"},\"description\":\"News e aggiornamenti sui film, serie tv, teatro e festival italiani ed internazionali.\",\"url\":\"https:\\\/\\\/www.castingnews.eu\\\/magazine\\\/author\\\/redazione\\\/\"}]}<\/script>\r\n<!-- \/ Yoast SEO plugin. -->","yoast_head_json":{"title":"Casting ruoli per il per il progetto cinematografico \u201cU.S. Palmese\u201d - Casting News Magazine","description":"Casting ancora aperti per il nuovo progetto cinematografico dal titolo \u201cU.S. Palmese\u201d, prodotto da Mompracem e diretto dai fratelli Manetti.","robots":{"index":"index","follow":"follow","max-snippet":"max-snippet:-1","max-image-preview":"max-image-preview:large","max-video-preview":"max-video-preview:-1"},"canonical":"https:\/\/www.castingnews.eu\/magazine\/2023\/03\/20\/casting-ruoli-per-il-per-il-progetto-cinematografico-u-s-palmese\/","og_locale":"it_IT","og_type":"article","og_title":"Casting ruoli per il per il progetto cinematografico \u201cU.S. Palmese\u201d - Casting News Magazine","og_description":"Casting ancora aperti per il nuovo progetto cinematografico dal titolo \u201cU.S. Palmese\u201d, prodotto da Mompracem e diretto dai fratelli Manetti.","og_url":"https:\/\/www.castingnews.eu\/magazine\/2023\/03\/20\/casting-ruoli-per-il-per-il-progetto-cinematografico-u-s-palmese\/","og_site_name":"Casting News Magazine","article_published_time":"2023-03-20T19:13:43+00:00","article_modified_time":"2023-03-25T13:37:24+00:00","og_image":[{"width":800,"height":441,"url":"https:\/\/www.castingnews.eu\/magazine\/wp-content\/uploads\/2023\/03\/Fratelli-Manetti.jpg","type":"image\/jpeg"}],"author":"Redazione","twitter_card":"summary_large_image","twitter_misc":{"Scritto da":"Redazione","Tempo di lettura stimato":"2 minuti"},"schema":{"@context":"https:\/\/schema.org","@graph":[{"@type":"Article","@id":"https:\/\/www.castingnews.eu\/magazine\/2023\/03\/20\/casting-ruoli-per-il-per-il-progetto-cinematografico-u-s-palmese\/#article","isPartOf":{"@id":"https:\/\/www.castingnews.eu\/magazine\/2023\/03\/20\/casting-ruoli-per-il-per-il-progetto-cinematografico-u-s-palmese\/"},"author":{"name":"Redazione","@id":"https:\/\/www.castingnews.eu\/magazine\/#\/schema\/person\/099d71c568c9a7e5e4037b1594108f17"},"headline":"Casting ruoli per il per il progetto cinematografico \u201cU.S. Palmese\u201d","datePublished":"2023-03-20T19:13:43+00:00","dateModified":"2023-03-25T13:37:24+00:00","mainEntityOfPage":{"@id":"https:\/\/www.castingnews.eu\/magazine\/2023\/03\/20\/casting-ruoli-per-il-per-il-progetto-cinematografico-u-s-palmese\/"},"wordCount":377,"commentCount":0,"image":{"@id":"https:\/\/www.castingnews.eu\/magazine\/2023\/03\/20\/casting-ruoli-per-il-per-il-progetto-cinematografico-u-s-palmese\/#primaryimage"},"thumbnailUrl":"https:\/\/www.castingnews.eu\/magazine\/wp-content\/uploads\/2023\/03\/Fratelli-Manetti.jpg","keywords":["Calabria","casting","Casting Calabria","casting call","casting film","Casting in Calabria","Casting Magazine","Casting News","Cinema","Film","fratelli Manetti","Mompracem","progetto cinematografico","Provini","U.S. Palmese"],"articleSection":["Calabria","Casting Cinematografici","Cinema","In primo piano","Italia","Primo piano","Progetti cinematografici"],"inLanguage":"it-IT","potentialAction":[{"@type":"CommentAction","name":"Comment","target":["https:\/\/www.castingnews.eu\/magazine\/2023\/03\/20\/casting-ruoli-per-il-per-il-progetto-cinematografico-u-s-palmese\/#respond"]}]},{"@type":"WebPage","@id":"https:\/\/www.castingnews.eu\/magazine\/2023\/03\/20\/casting-ruoli-per-il-per-il-progetto-cinematografico-u-s-palmese\/","url":"https:\/\/www.castingnews.eu\/magazine\/2023\/03\/20\/casting-ruoli-per-il-per-il-progetto-cinematografico-u-s-palmese\/","name":"Casting ruoli per il per il progetto cinematografico \u201cU.S. Palmese\u201d - Casting News Magazine","isPartOf":{"@id":"https:\/\/www.castingnews.eu\/magazine\/#website"},"primaryImageOfPage":{"@id":"https:\/\/www.castingnews.eu\/magazine\/2023\/03\/20\/casting-ruoli-per-il-per-il-progetto-cinematografico-u-s-palmese\/#primaryimage"},"image":{"@id":"https:\/\/www.castingnews.eu\/magazine\/2023\/03\/20\/casting-ruoli-per-il-per-il-progetto-cinematografico-u-s-palmese\/#primaryimage"},"thumbnailUrl":"https:\/\/www.castingnews.eu\/magazine\/wp-content\/uploads\/2023\/03\/Fratelli-Manetti.jpg","datePublished":"2023-03-20T19:13:43+00:00","dateModified":"2023-03-25T13:37:24+00:00","author":{"@id":"https:\/\/www.castingnews.eu\/magazine\/#\/schema\/person\/099d71c568c9a7e5e4037b1594108f17"},"description":"Casting ancora aperti per il nuovo progetto cinematografico dal titolo \u201cU.S. Palmese\u201d, prodotto da Mompracem e diretto dai fratelli Manetti.","breadcrumb":{"@id":"https:\/\/www.castingnews.eu\/magazine\/2023\/03\/20\/casting-ruoli-per-il-per-il-progetto-cinematografico-u-s-palmese\/#breadcrumb"},"inLanguage":"it-IT","potentialAction":[{"@type":"ReadAction","target":["https:\/\/www.castingnews.eu\/magazine\/2023\/03\/20\/casting-ruoli-per-il-per-il-progetto-cinematografico-u-s-palmese\/"]}]},{"@type":"ImageObject","inLanguage":"it-IT","@id":"https:\/\/www.castingnews.eu\/magazine\/2023\/03\/20\/casting-ruoli-per-il-per-il-progetto-cinematografico-u-s-palmese\/#primaryimage","url":"https:\/\/www.castingnews.eu\/magazine\/wp-content\/uploads\/2023\/03\/Fratelli-Manetti.jpg","contentUrl":"https:\/\/www.castingnews.eu\/magazine\/wp-content\/uploads\/2023\/03\/Fratelli-Manetti.jpg","width":800,"height":441,"caption":"Fratelli Manetti"},{"@type":"BreadcrumbList","@id":"https:\/\/www.castingnews.eu\/magazine\/2023\/03\/20\/casting-ruoli-per-il-per-il-progetto-cinematografico-u-s-palmese\/#breadcrumb","itemListElement":[{"@type":"ListItem","position":1,"name":"Home","item":"https:\/\/www.castingnews.eu\/magazine\/"},{"@type":"ListItem","position":2,"name":"Casting ruoli per il per il progetto cinematografico \u201cU.S. Palmese\u201d"}]},{"@type":"WebSite","@id":"https:\/\/www.castingnews.eu\/magazine\/#website","url":"https:\/\/www.castingnews.eu\/magazine\/","name":"Casting News Magazine","description":"News e aggiornamenti sui film, serie tv, teatro e festival italiani ed internazionali","potentialAction":[{"@type":"SearchAction","target":{"@type":"EntryPoint","urlTemplate":"https:\/\/www.castingnews.eu\/magazine\/?s={search_term_string}"},"query-input":{"@type":"PropertyValueSpecification","valueRequired":true,"valueName":"search_term_string"}}],"inLanguage":"it-IT"},{"@type":"Person","@id":"https:\/\/www.castingnews.eu\/magazine\/#\/schema\/person\/099d71c568c9a7e5e4037b1594108f17","name":"Redazione","image":{"@type":"ImageObject","inLanguage":"it-IT","@id":"https:\/\/secure.gravatar.com\/avatar\/b73a087aa3bd279fb70d24f1960a91c82cf67619395b60b564c90e9e5d5325fc?s=96&d=mm&r=g","url":"https:\/\/secure.gravatar.com\/avatar\/b73a087aa3bd279fb70d24f1960a91c82cf67619395b60b564c90e9e5d5325fc?s=96&d=mm&r=g","contentUrl":"https:\/\/secure.gravatar.com\/avatar\/b73a087aa3bd279fb70d24f1960a91c82cf67619395b60b564c90e9e5d5325fc?s=96&d=mm&r=g","caption":"Redazione"},"description":"News e aggiornamenti sui film, serie tv, teatro e festival italiani ed internazionali.","url":"https:\/\/www.castingnews.eu\/magazine\/author\/redazione\/"}]}},"_links":{"self":[{"href":"https:\/\/www.castingnews.eu\/magazine\/wp-json\/wp\/v2\/posts\/5400","targetHints":{"allow":["GET"]}}],"collection":[{"href":"https:\/\/www.castingnews.eu\/magazine\/wp-json\/wp\/v2\/posts"}],"about":[{"href":"https:\/\/www.castingnews.eu\/magazine\/wp-json\/wp\/v2\/types\/post"}],"author":[{"embeddable":true,"href":"https:\/\/www.castingnews.eu\/magazine\/wp-json\/wp\/v2\/users\/1"}],"replies":[{"embeddable":true,"href":"https:\/\/www.castingnews.eu\/magazine\/wp-json\/wp\/v2\/comments?post=5400"}],"version-history":[{"count":2,"href":"https:\/\/www.castingnews.eu\/magazine\/wp-json\/wp\/v2\/posts\/5400\/revisions"}],"predecessor-version":[{"id":5454,"href":"https:\/\/www.castingnews.eu\/magazine\/wp-json\/wp\/v2\/posts\/5400\/revisions\/5454"}],"wp:featuredmedia":[{"embeddable":true,"href":"https:\/\/www.castingnews.eu\/magazine\/wp-json\/wp\/v2\/media\/5401"}],"wp:attachment":[{"href":"https:\/\/www.castingnews.eu\/magazine\/wp-json\/wp\/v2\/media?parent=5400"}],"wp:term":[{"taxonomy":"category","embeddable":true,"href":"https:\/\/www.castingnews.eu\/magazine\/wp-json\/wp\/v2\/categories?post=5400"},{"taxonomy":"post_tag","embeddable":true,"href":"https:\/\/www.castingnews.eu\/magazine\/wp-json\/wp\/v2\/tags?post=5400"}],"curies":[{"name":"wp","href":"https:\/\/api.w.org\/{rel}","templated":true}]}}